{"id":30633,"date":"2026-03-10T08:46:22","date_gmt":"2026-03-10T07:46:22","guid":{"rendered":"https:\/\/radioleinewelle.de\/?p=30633"},"modified":"2026-03-10T09:11:11","modified_gmt":"2026-03-10T08:11:11","slug":"30633","status":"publish","type":"post","link":"https:\/\/radioleinewelle.de\/index.php\/2026\/03\/10\/30633\/","title":{"rendered":"Universit\u00e4t G\u00f6ttingen:  Ehrendoktorw\u00fcrde f\u00fcr Holocaust-\u00dcberlebenden Leon Weintraub"},"content":{"rendered":"\n<h1 class=\"wp-block-heading\"><\/h1>\n\n\n\n<p><\/p>\n\n\n\n<h3 class=\"wp-block-heading\"><\/h3>\n\n\n\n\n\n<p><strong>Die Medizinische Fakult\u00e4t der Georg-August-Universit\u00e4t, Universit\u00e4tsmedizin G\u00f6ttingen (UMG), hat am Montag, 2. M\u00e4rz 2026, die Ehrendoktorw\u00fcrde an den Gyn\u00e4kologen und Holocaust-Zeitzeugen Dr. Leon Weintraub als besondere Anerkennung und W\u00fcrdigung f\u00fcr sein Lebenswerk und sein unerm\u00fcdliches Engagement f\u00fcr die Menschlichkeit verliehen. An dem feierlichen Festakt in der Aula am Wilhelmsplatz nahmen rund 200 G\u00e4ste teil.<\/strong><strong><\/strong><\/p>\n\n\n\n<p>Die Medizinische Fakult\u00e4t der Georg-August-Universit\u00e4t, Universit\u00e4tsmedizin G\u00f6ttingen (UMG), ehrte am Montag, 2.&nbsp;M\u00e4rz 2026, Dr. Leon Weintraub mit der Ehrendoktorw\u00fcrde \u201eDr. med. h. c.\u201c\/Doctor Medicinae Honoris Causa. Er erhielt&nbsp;diese hohe Auszeichnung&nbsp;als besondere Anerkennung und W\u00fcrdigung seines Lebenswerkes und f\u00fcr sein unerm\u00fcdliches Engagement f\u00fcr die Menschlichkeit. Dr. Weintraub hat in G\u00f6ttingen Medizin studiert und blieb seiner Studienstadt stets verbunden. Sein Studienbeginn j\u00e4hrt sich in diesem Jahr bereits zum 80. Mal.&nbsp;Er ist Zeitzeuge&nbsp;des Holocausts und h\u00e4lt Vortr\u00e4ge in Deutschland und Polen, um die Geschichte und die Bedeutung dieser Zeit&nbsp;an nachfolgende Generationen weiterzugeben.&nbsp;<\/p>\n\n\n\n\n\n<p>Zu Beginn der feierlichen Verleihung in der Aula am&nbsp;Wilhelmsplatz begr\u00fc\u00dfte Prof. Dr. Axel Sch\u00f6lmerich, Pr\u00e4sident der Universit\u00e4t G\u00f6ttingen, die G\u00e4ste. Anschlie\u00dfend sprach Prof. Dr. Wolfang Br\u00fcck, Dekan der Medizinischen Fakult\u00e4t und Sprecher des Vorstandes der UMG, und nahm in seinem Gru\u00dfwort Bezug auf das Leben von Dr. Weintraub \u2013 wie er sich als KZ-\u00dcberlebender zur\u00fcck ins Leben k\u00e4mpfte und 1946 ein Studium der Humanmedizin in G\u00f6ttingen begann. In einem w\u00e4hrend des Krieges von massiver antisemitischer Gewalt gepr\u00e4gten akademischen Umgebung, dessen Nachklang zu Studienbeginn noch allgegenw\u00e4rtig war: \u201eSie wurden Student in einem herausfordernden Umfeld und entschieden sich ganz bewusst f\u00fcr das Fach der Gyn\u00e4kologie und Geburtshilfe, weil Sie sich f\u00fcr das Leben einsetzen wollten\u201c, so Br\u00fcck.&nbsp;\u201eBis heute, im Alter von 100 Jahren, teilen Sie noch immer Ihre Erfahrungen und erinnern an die vergangene Zeit, ohne zu belehren. Und zwar mit beeindruckender Positivit\u00e4t, Freundlichkeit und der Ihnen eigenen, tiefen Bescheidenheit \u2013 die mich mit Blick auf Ihre Lebensleistung sehr beeindruckt. Es ist ein gro\u00dfes Gl\u00fcck, dass wir Sie haben, dass Ihre Verbindung nach G\u00f6ttingen bis heute bestehen geblieben ist, dass Sie die Erinnerung wachhalten und dass Sie so viele Menschen zur Vers\u00f6hnung inspiriert haben. Daf\u00fcr geb\u00fchrt Ihnen unser aller Dank.\u201c<\/p>\n\n\n\n\n\n<p>Prof. Dr. Julia Gallwas, Direktorin der Klinik f\u00fcr Gyn\u00e4kologie und Geburtshilfe der UMG, skizzierte in\u00a0Ihrem Vortrag die 275-j\u00e4hrige Geschichte der Frauenheilkunde an der Universit\u00e4t G\u00f6ttingen. Angefangen mit der Einrichtung der\u00a0ersten deutschen universit\u00e4ren Geburtsklinik im bauf\u00e4lligen Armenhospital St. Crucis am Geismartor\u00a0im Jahr 1751,  \u00fcber den Einzug der Geburtsklinik in das 40 Jahre sp\u00e4ter neu errichtete und zur damaligen Zeit hochmoderne Accouchierhaus, bis hin zum Umzug in einen Neubau in der Humboldtallee 19 im Jahr 1896. Ein Geb\u00e4ude, das den gestiegenen Anforderungen in der Frauenversorgung entsprach, bis im Jahr 1988 der Einzug in das Hauptgeb\u00e4ude der heutigen Universit\u00e4tsmedizin G\u00f6ttingen in der Robert-Koch-Stra\u00dfe 40 folgte.<\/p>\n\n\n\n<p>Die Laudatio zur Verleihung der Ehrendoktorw\u00fcrde hielt Prof. Dr. Sascha Feuchert, Germanist und Leiter der Arbeitsstelle Holocaustliteratur sowie Gesch\u00e4ftsf\u00fchrender Direktor des Instituts f\u00fcr Germanistik der Justus-Liebig-Universit\u00e4t&nbsp;Gie\u00dfen. Er gab einen \u00dcberblick \u00fcber das Lebenswerk des 100-J\u00e4hrigen und betonte: \u201eDr.&nbsp;Leon Weintraubs herausragendste Eigenschaft ist sein Wille zur Mitmenschlichkeit, der durch nichts zu brechen ist. Entsetzliche Verluste und brutale Leiderfahrungen&nbsp;haben ihn zwar&nbsp;gepr\u00e4gt, aber vermochten nichts daran zu \u00e4ndern,&nbsp;dass er ein Philanthrop&nbsp;ist und bleibt. Doch&nbsp;seine Erfahrungen machen ihn auch zu einem Mahner, dessen Warnungen&nbsp;vor Rassismus, Antisemitismus sowie Gewaltherrschaft&nbsp;so glaubw\u00fcrdig&nbsp;wie eindringlich sind.\u201c<\/p>\n\n\n\n<p>Nach der \u00dcbergabe der Urkunde f\u00fcr die Ehrendoktorw\u00fcrde der Medizinischen Fakult\u00e4t durch Prof. Dr. J\u00fcrgen Wienands, Forschungsdekan der Medizinischen Fakult\u00e4t der&nbsp;UMG, bedankte sich Dr. Weintraub f\u00fcr die Ehrung mit den Worten: \u201eHerzlichen Dank f\u00fcr die Auszeichnung, die ein sehr wichtiger Meilenstein in meinem langen Leben ist.\u201d<\/p>\n\n\n\n<p class=\"has-text-align-center\"><strong>Zur Person<\/strong><\/p>\n\n\n\n<div class=\"wp-block-group has-border-color has-kubio-color-2-border-color has-background\" style=\"border-width:2px;background-color:#f3f1f1\"><div class=\"wp-block-group__inner-container is-layout-constrained wp-block-group-is-layout-constrained\">\n<p>Dr. Leon Weintraub, geboren am 1. Januar 1926 im j\u00fcdischen Armenviertel in \u0141\u00f3dz, Polen, ist \u00dcberlebender des Holocausts und des Vernichtungslagers Auschwitz-Birkenau sowie weiterer Konzentrationslager. Nach Ende des 2. Weltkrieges begann er 1946 sein Studium der Humanmedizin in G\u00f6ttingen und kehrte 1950 nach Warschau, Polen, zur\u00fcck. Im Jahr 1953 legte er seine Abschlusspr\u00fcfung in Medizin ab undarbeitete ab 1954 als Assistenzarzt an der ersten Klinik f\u00fcr Frauenkrankheiten und Geburts\u00adhilfe der Medizinischen Akademie Warschau (heute: Medizinische Universit\u00e4t Warschau). 1956 folgte eine Festanstellung an der Klinik. Er promovierte 1966 und \u00fcbernahm im selben Jahr als Oberarzt die Abteilung f\u00fcr Gyn\u00e4kologie und Geburtshilfe im Stefan-Batory-Kreiskrankenhaus in Otwock bei Warschau. Aufgrund des wachsenden Antisemitismus und der M\u00e4rz-Unruhen 1968 in Polen verlor er im Februar 1969 seine Oberarztstelle und emigrierte nach Schweden. Dort war er in verschiedenen Kliniken t\u00e4tig, bis er 1991 in Ruhestand trat. Bis heute lebt er mit seiner zweiten Frau Evamaria Loose-Weintraub in Stockholm. Als Zeitzeuge setzt er sich seit Anfang der 1990er Jahre mit Vortr\u00e4gen in Schulen und Gedenkst\u00e4tten f\u00fcr die Erinnerung an den Holocaust ein.\u00dcberleben im Konzentrationslager. Am vergangenen Wochenende erhielt er im Deutschen Theater den G\u00f6ttinger Friedenspreis.<\/p>\n<\/div><\/div>\n\n\n\n<p><\/p>\n\n\n\n\n\n<p class=\"has-text-align-center\"><strong><em>Guter Wille, gegenseitiger Respekt und die Bereitschaft zu Zugest\u00e4ndnissen sind unerl\u00e4ssliche Bedingungen f\u00fcr eine befriedigende L\u00f6sung von Konflikten.<\/em><\/strong><br>Leon Weintraub<\/p>\n\n\n\n\n\n<hr class=\"wp-block-separator has-alpha-channel-opacity\"\/>\n\n\n\n<h4 class=\"wp-block-heading\">Kurzinterview mit Leon Weintraub<\/h4>\n\n\n\n<p>Welche Botschaft Dr. Leon Weintraub vor allem an die Jugend hat, dies hat er uns in einem kurzen Interview vor der Verleihung der Ehrendoktorw\u00fcrde mitgeteilt.<\/p>\n\n\n\n<figure class=\"wp-block-audio\"><audio controls src=\"https:\/\/radioleinewelle.de\/wp-content\/uploads\/2026\/03\/Dr.-Leon-Weintraub.mp3\"><\/audio><\/figure>\n\n\n\n<p>Eine Biografie \u00fcber Leon Weintraub &#8222;Die Vers\u00f6hnung mit dem B\u00f6sen -Geschichte eines Weiterlebens&#8220; ist im G\u00f6ttinger Wallstein Verlag erschienen und kostet 28\u20ac.<\/p>\n\n\n\n<p class=\"has-small-font-size\"><strong>Gruppenbild:<\/strong> Nach der Verleihung der Ehrendoktorw\u00fcrde: (v.l.n.r) Prof. Dr. Wolfgang Br\u00fcck, Dekan der Medizinischen Fakult\u00e4t und Sprecher des Vorstandes der Universit\u00e4tsmedizin G\u00f6ttingen (UMG), Prof. Dr. Julia Gallwas, Direktorin der Klinik f\u00fcr Gyn\u00e4kologie und Geburtshilfe der UMG, Prof. Dr. Axel Sch\u00f6lmerich, Pr\u00e4sident der Universit\u00e4t G\u00f6ttingen, Dr. Leon Weintraub, Prof. Dr. J\u00fcrgen Wienands, Forschungsdekan der Medizinischen Fakult\u00e4t der UMG, und Prof. Dr. Sascha Feuchert, Germanist und Leiter der Arbeitsstelle Holocaustliteratur sowie Gesch\u00e4ftsf\u00fchrender Direktor des Instituts f\u00fcr Germanistik der Justus-Liebig-Universit\u00e4t Gie\u00dfen. <strong>Fotos:<\/strong> umg\/swen pf\u00f6rtner<\/p>\n","protected":false},"excerpt":{"rendered":"<p>Die Medizinische Fakult\u00e4t der Georg-August-Universit\u00e4t, Universit\u00e4tsmedizin G\u00f6ttingen (UMG), hat am Montag, 2. M\u00e4rz 2026, die Ehrendoktorw\u00fcrde an den Gyn\u00e4kologen und Holocaust-Zeitzeugen Dr. Leon Weintraub als besondere Anerkennung und W\u00fcrdigung f\u00fcr sein Lebenswerk und sein unerm\u00fcdliches Engagement f\u00fcr die Menschlichkeit verliehen. An dem feierlichen Festakt in der Aula am Wilhelmsplatz nahmen rund 200 G\u00e4ste teil. Die [&hellip;]<\/p>\n","protected":false},"author":6,"featured_media":30644,"comment_status":"open","ping_status":"open","sticky":false,"template":"","format":"standard","meta":{"saved_in_kubio":false,"footnotes":""},"categories":[4456,4122,53,4179],"tags":[2961,4936,4935,4937,98,36,3363],"class_list":["post-30633","post","type-post","status-publish","format-standard","has-post-thumbnail","hentry","category-erinnerungskultur","category-geschichte-und-erinnerungskultur","category-gesellschaft","category-universitaetsmedizin-goettingen-umg","tag-ehrendoktorwuerde","tag-holocaust-zeitzeuge","tag-leon-weintraub","tag-medizingeschichte","tag-umg","tag-universitaet-goettingen","tag-wallstein-verlag"],"yoast_head":"<!-- This site is optimized with the Yoast SEO plugin v27.4 - https:\/\/yoast.com\/product\/yoast-seo-wordpress\/ -->\n<title>Universit\u00e4t G\u00f6ttingen: Ehrendoktorw\u00fcrde f\u00fcr Holocaust-\u00dcberlebenden Leon Weintraub - Radio Leinewelle<\/title>\n<meta name=\"description\" content=\"Die Universit\u00e4t G\u00f6ttingen verleiht Holocaust\u00fcberlebendem Dr. Leon Weintraub die Ehrendoktorw\u00fcrde. Ein bewegendes Leben zwischen Auschwitz, Medizin und Engagement f\u00fcr Menschlichkeit.\" \/>\n<meta name=\"robots\" content=\"index, follow, max-snippet:-1, max-image-preview:large, max-video-preview:-1\" \/>\n<link rel=\"canonical\" href=\"https:\/\/radioleinewelle.de\/index.php\/2026\/03\/10\/30633\/\" \/>\n<meta property=\"og:locale\" content=\"de_DE\" \/>\n<meta property=\"og:type\" content=\"article\" \/>\n<meta property=\"og:title\" content=\"Universit\u00e4t G\u00f6ttingen: Ehrendoktorw\u00fcrde f\u00fcr Holocaust-\u00dcberlebenden Leon Weintraub - Radio Leinewelle\" \/>\n<meta property=\"og:description\" content=\"Die Universit\u00e4t G\u00f6ttingen verleiht Holocaust\u00fcberlebendem Dr. Leon Weintraub die Ehrendoktorw\u00fcrde. Ein bewegendes Leben zwischen Auschwitz, Medizin und Engagement f\u00fcr Menschlichkeit.\" \/>\n<meta property=\"og:url\" content=\"https:\/\/radioleinewelle.de\/index.php\/2026\/03\/10\/30633\/\" \/>\n<meta property=\"og:site_name\" content=\"Radio Leinewelle\" \/>\n<meta property=\"article:publisher\" content=\"https:\/\/www.facebook.com\/radioleinewelle\" \/>\n<meta property=\"article:published_time\" content=\"2026-03-10T07:46:22+00:00\" \/>\n<meta property=\"article:modified_time\" content=\"2026-03-10T08:11:11+00:00\" \/>\n<meta property=\"og:image\" content=\"https:\/\/radioleinewelle.de\/wp-content\/uploads\/2026\/03\/Impressionen_SP2_7504-scaled.jpg\" \/>\n\t<meta property=\"og:image:width\" content=\"2560\" \/>\n\t<meta property=\"og:image:height\" content=\"1706\" \/>\n\t<meta property=\"og:image:type\" content=\"image\/jpeg\" \/>\n<meta name=\"author\" content=\"Ulf Engelmayer\" \/>\n<meta name=\"twitter:card\" content=\"summary_large_image\" \/>\n<meta name=\"twitter:creator\" content=\"@RLeinewelle\" \/>\n<meta name=\"twitter:site\" content=\"@RLeinewelle\" \/>\n<meta name=\"twitter:label1\" content=\"Verfasst von\" \/>\n\t<meta name=\"twitter:data1\" content=\"Ulf Engelmayer\" \/>\n\t<meta name=\"twitter:label2\" content=\"Gesch\u00e4tzte Lesezeit\" \/>\n\t<meta name=\"twitter:data2\" content=\"6\u00a0Minuten\" \/>\n<script type=\"application\/ld+json\" class=\"yoast-schema-graph\">{\"@context\":\"https:\\\/\\\/schema.org\",\"@graph\":[{\"@type\":\"Article\",\"@id\":\"https:\\\/\\\/radioleinewelle.de\\\/index.php\\\/2026\\\/03\\\/10\\\/30633\\\/#article\",\"isPartOf\":{\"@id\":\"https:\\\/\\\/radioleinewelle.de\\\/index.php\\\/2026\\\/03\\\/10\\\/30633\\\/\"},\"author\":{\"name\":\"Ulf Engelmayer\",\"@id\":\"https:\\\/\\\/radioleinewelle.de\\\/#\\\/schema\\\/person\\\/57bad1d4e916f10da4e6763d01aec895\"},\"headline\":\"Universit\u00e4t G\u00f6ttingen: Ehrendoktorw\u00fcrde f\u00fcr Holocaust-\u00dcberlebenden Leon Weintraub\",\"datePublished\":\"2026-03-10T07:46:22+00:00\",\"dateModified\":\"2026-03-10T08:11:11+00:00\",\"mainEntityOfPage\":{\"@id\":\"https:\\\/\\\/radioleinewelle.de\\\/index.php\\\/2026\\\/03\\\/10\\\/30633\\\/\"},\"wordCount\":1074,\"commentCount\":0,\"publisher\":{\"@id\":\"https:\\\/\\\/radioleinewelle.de\\\/#organization\"},\"image\":{\"@id\":\"https:\\\/\\\/radioleinewelle.de\\\/index.php\\\/2026\\\/03\\\/10\\\/30633\\\/#primaryimage\"},\"thumbnailUrl\":\"https:\\\/\\\/radioleinewelle.de\\\/wp-content\\\/uploads\\\/2026\\\/03\\\/Impressionen_SP2_7504-scaled.jpg\",\"keywords\":[\"Ehrendoktorw\u00fcrde\",\"Holocaust Zeitzeuge\",\"Leon Weintraub\",\"Medizingeschichte\",\"UMG\",\"Universit\u00e4t G\u00f6ttingen\",\"Wallstein Verlag\"],\"articleSection\":[\"Erinnerungskultur\",\"Geschichte und Erinnerungskultur\",\"Gesellschaft\",\"Universit\u00e4tsmedizin G\u00f6ttingen UMG\"],\"inLanguage\":\"de\",\"potentialAction\":[{\"@type\":\"CommentAction\",\"name\":\"Comment\",\"target\":[\"https:\\\/\\\/radioleinewelle.de\\\/index.php\\\/2026\\\/03\\\/10\\\/30633\\\/#respond\"]}]},{\"@type\":\"WebPage\",\"@id\":\"https:\\\/\\\/radioleinewelle.de\\\/index.php\\\/2026\\\/03\\\/10\\\/30633\\\/\",\"url\":\"https:\\\/\\\/radioleinewelle.de\\\/index.php\\\/2026\\\/03\\\/10\\\/30633\\\/\",\"name\":\"Universit\u00e4t G\u00f6ttingen: Ehrendoktorw\u00fcrde f\u00fcr Holocaust-\u00dcberlebenden Leon Weintraub - Radio Leinewelle\",\"isPartOf\":{\"@id\":\"https:\\\/\\\/radioleinewelle.de\\\/#website\"},\"primaryImageOfPage\":{\"@id\":\"https:\\\/\\\/radioleinewelle.de\\\/index.php\\\/2026\\\/03\\\/10\\\/30633\\\/#primaryimage\"},\"image\":{\"@id\":\"https:\\\/\\\/radioleinewelle.de\\\/index.php\\\/2026\\\/03\\\/10\\\/30633\\\/#primaryimage\"},\"thumbnailUrl\":\"https:\\\/\\\/radioleinewelle.de\\\/wp-content\\\/uploads\\\/2026\\\/03\\\/Impressionen_SP2_7504-scaled.jpg\",\"datePublished\":\"2026-03-10T07:46:22+00:00\",\"dateModified\":\"2026-03-10T08:11:11+00:00\",\"description\":\"Die Universit\u00e4t G\u00f6ttingen verleiht Holocaust\u00fcberlebendem Dr. Leon Weintraub die Ehrendoktorw\u00fcrde. Ein bewegendes Leben zwischen Auschwitz, Medizin und Engagement f\u00fcr Menschlichkeit.\",\"breadcrumb\":{\"@id\":\"https:\\\/\\\/radioleinewelle.de\\\/index.php\\\/2026\\\/03\\\/10\\\/30633\\\/#breadcrumb\"},\"inLanguage\":\"de\",\"potentialAction\":[{\"@type\":\"ReadAction\",\"target\":[\"https:\\\/\\\/radioleinewelle.de\\\/index.php\\\/2026\\\/03\\\/10\\\/30633\\\/\"]}]},{\"@type\":\"ImageObject\",\"inLanguage\":\"de\",\"@id\":\"https:\\\/\\\/radioleinewelle.de\\\/index.php\\\/2026\\\/03\\\/10\\\/30633\\\/#primaryimage\",\"url\":\"https:\\\/\\\/radioleinewelle.de\\\/wp-content\\\/uploads\\\/2026\\\/03\\\/Impressionen_SP2_7504-scaled.jpg\",\"contentUrl\":\"https:\\\/\\\/radioleinewelle.de\\\/wp-content\\\/uploads\\\/2026\\\/03\\\/Impressionen_SP2_7504-scaled.jpg\",\"width\":2560,\"height\":1706},{\"@type\":\"BreadcrumbList\",\"@id\":\"https:\\\/\\\/radioleinewelle.de\\\/index.php\\\/2026\\\/03\\\/10\\\/30633\\\/#breadcrumb\",\"itemListElement\":[{\"@type\":\"ListItem\",\"position\":1,\"name\":\"Startseite\",\"item\":\"https:\\\/\\\/radioleinewelle.de\\\/\"},{\"@type\":\"ListItem\",\"position\":2,\"name\":\"Universit\u00e4t G\u00f6ttingen: Ehrendoktorw\u00fcrde f\u00fcr Holocaust-\u00dcberlebenden Leon Weintraub\"}]},{\"@type\":\"WebSite\",\"@id\":\"https:\\\/\\\/radioleinewelle.de\\\/#website\",\"url\":\"https:\\\/\\\/radioleinewelle.de\\\/\",\"name\":\"Radio Leinewelle\",\"description\":\"\",\"publisher\":{\"@id\":\"https:\\\/\\\/radioleinewelle.de\\\/#organization\"},\"potentialAction\":[{\"@type\":\"SearchAction\",\"target\":{\"@type\":\"EntryPoint\",\"urlTemplate\":\"https:\\\/\\\/radioleinewelle.de\\\/?s={search_term_string}\"},\"query-input\":{\"@type\":\"PropertyValueSpecification\",\"valueRequired\":true,\"valueName\":\"search_term_string\"}}],\"inLanguage\":\"de\"},{\"@type\":\"Organization\",\"@id\":\"https:\\\/\\\/radioleinewelle.de\\\/#organization\",\"name\":\"Radio Leinewelle\",\"alternateName\":\"Mein Radio f\u00fcr S\u00fcdniedersachsen\",\"url\":\"https:\\\/\\\/radioleinewelle.de\\\/\",\"logo\":{\"@type\":\"ImageObject\",\"inLanguage\":\"de\",\"@id\":\"https:\\\/\\\/radioleinewelle.de\\\/#\\\/schema\\\/logo\\\/image\\\/\",\"url\":\"https:\\\/\\\/radioleinewelle.de\\\/wp-content\\\/uploads\\\/2023\\\/11\\\/cropped-Leinewelle_Logo_weiss.png\",\"contentUrl\":\"https:\\\/\\\/radioleinewelle.de\\\/wp-content\\\/uploads\\\/2023\\\/11\\\/cropped-Leinewelle_Logo_weiss.png\",\"width\":854,\"height\":260,\"caption\":\"Radio Leinewelle\"},\"image\":{\"@id\":\"https:\\\/\\\/radioleinewelle.de\\\/#\\\/schema\\\/logo\\\/image\\\/\"},\"sameAs\":[\"https:\\\/\\\/www.facebook.com\\\/radioleinewelle\",\"https:\\\/\\\/x.com\\\/RLeinewelle\",\"https:\\\/\\\/www.instagram.com\\\/radioleinewelle\\\/?hl=de\"]},{\"@type\":\"Person\",\"@id\":\"https:\\\/\\\/radioleinewelle.de\\\/#\\\/schema\\\/person\\\/57bad1d4e916f10da4e6763d01aec895\",\"name\":\"Ulf Engelmayer\",\"image\":{\"@type\":\"ImageObject\",\"inLanguage\":\"de\",\"@id\":\"https:\\\/\\\/secure.gravatar.com\\\/avatar\\\/f056d5d62beaff9b66570d67e3e698ea7ff6463d140c80fc667a56e338ecf046?s=96&d=blank&r=g\",\"url\":\"https:\\\/\\\/secure.gravatar.com\\\/avatar\\\/f056d5d62beaff9b66570d67e3e698ea7ff6463d140c80fc667a56e338ecf046?s=96&d=blank&r=g\",\"contentUrl\":\"https:\\\/\\\/secure.gravatar.com\\\/avatar\\\/f056d5d62beaff9b66570d67e3e698ea7ff6463d140c80fc667a56e338ecf046?s=96&d=blank&r=g\",\"caption\":\"Ulf Engelmayer\"},\"url\":\"https:\\\/\\\/radioleinewelle.de\\\/index.php\\\/author\\\/ulf-engelmayer\\\/\"}]}<\/script>\n<!-- \/ Yoast SEO plugin. -->","yoast_head_json":{"title":"Universit\u00e4t G\u00f6ttingen: Ehrendoktorw\u00fcrde f\u00fcr Holocaust-\u00dcberlebenden Leon Weintraub - Radio Leinewelle","description":"Die Universit\u00e4t G\u00f6ttingen verleiht Holocaust\u00fcberlebendem Dr. Leon Weintraub die Ehrendoktorw\u00fcrde. Ein bewegendes Leben zwischen Auschwitz, Medizin und Engagement f\u00fcr Menschlichkeit.","robots":{"index":"index","follow":"follow","max-snippet":"max-snippet:-1","max-image-preview":"max-image-preview:large","max-video-preview":"max-video-preview:-1"},"canonical":"https:\/\/radioleinewelle.de\/index.php\/2026\/03\/10\/30633\/","og_locale":"de_DE","og_type":"article","og_title":"Universit\u00e4t G\u00f6ttingen: Ehrendoktorw\u00fcrde f\u00fcr Holocaust-\u00dcberlebenden Leon Weintraub - Radio Leinewelle","og_description":"Die Universit\u00e4t G\u00f6ttingen verleiht Holocaust\u00fcberlebendem Dr. Leon Weintraub die Ehrendoktorw\u00fcrde. Ein bewegendes Leben zwischen Auschwitz, Medizin und Engagement f\u00fcr Menschlichkeit.","og_url":"https:\/\/radioleinewelle.de\/index.php\/2026\/03\/10\/30633\/","og_site_name":"Radio Leinewelle","article_publisher":"https:\/\/www.facebook.com\/radioleinewelle","article_published_time":"2026-03-10T07:46:22+00:00","article_modified_time":"2026-03-10T08:11:11+00:00","og_image":[{"width":2560,"height":1706,"url":"https:\/\/radioleinewelle.de\/wp-content\/uploads\/2026\/03\/Impressionen_SP2_7504-scaled.jpg","type":"image\/jpeg"}],"author":"Ulf Engelmayer","twitter_card":"summary_large_image","twitter_creator":"@RLeinewelle","twitter_site":"@RLeinewelle","twitter_misc":{"Verfasst von":"Ulf Engelmayer","Gesch\u00e4tzte Lesezeit":"6\u00a0Minuten"},"schema":{"@context":"https:\/\/schema.org","@graph":[{"@type":"Article","@id":"https:\/\/radioleinewelle.de\/index.php\/2026\/03\/10\/30633\/#article","isPartOf":{"@id":"https:\/\/radioleinewelle.de\/index.php\/2026\/03\/10\/30633\/"},"author":{"name":"Ulf Engelmayer","@id":"https:\/\/radioleinewelle.de\/#\/schema\/person\/57bad1d4e916f10da4e6763d01aec895"},"headline":"Universit\u00e4t G\u00f6ttingen: Ehrendoktorw\u00fcrde f\u00fcr Holocaust-\u00dcberlebenden Leon Weintraub","datePublished":"2026-03-10T07:46:22+00:00","dateModified":"2026-03-10T08:11:11+00:00","mainEntityOfPage":{"@id":"https:\/\/radioleinewelle.de\/index.php\/2026\/03\/10\/30633\/"},"wordCount":1074,"commentCount":0,"publisher":{"@id":"https:\/\/radioleinewelle.de\/#organization"},"image":{"@id":"https:\/\/radioleinewelle.de\/index.php\/2026\/03\/10\/30633\/#primaryimage"},"thumbnailUrl":"https:\/\/radioleinewelle.de\/wp-content\/uploads\/2026\/03\/Impressionen_SP2_7504-scaled.jpg","keywords":["Ehrendoktorw\u00fcrde","Holocaust Zeitzeuge","Leon Weintraub","Medizingeschichte","UMG","Universit\u00e4t G\u00f6ttingen","Wallstein Verlag"],"articleSection":["Erinnerungskultur","Geschichte und Erinnerungskultur","Gesellschaft","Universit\u00e4tsmedizin G\u00f6ttingen UMG"],"inLanguage":"de","potentialAction":[{"@type":"CommentAction","name":"Comment","target":["https:\/\/radioleinewelle.de\/index.php\/2026\/03\/10\/30633\/#respond"]}]},{"@type":"WebPage","@id":"https:\/\/radioleinewelle.de\/index.php\/2026\/03\/10\/30633\/","url":"https:\/\/radioleinewelle.de\/index.php\/2026\/03\/10\/30633\/","name":"Universit\u00e4t G\u00f6ttingen: Ehrendoktorw\u00fcrde f\u00fcr Holocaust-\u00dcberlebenden Leon Weintraub - Radio Leinewelle","isPartOf":{"@id":"https:\/\/radioleinewelle.de\/#website"},"primaryImageOfPage":{"@id":"https:\/\/radioleinewelle.de\/index.php\/2026\/03\/10\/30633\/#primaryimage"},"image":{"@id":"https:\/\/radioleinewelle.de\/index.php\/2026\/03\/10\/30633\/#primaryimage"},"thumbnailUrl":"https:\/\/radioleinewelle.de\/wp-content\/uploads\/2026\/03\/Impressionen_SP2_7504-scaled.jpg","datePublished":"2026-03-10T07:46:22+00:00","dateModified":"2026-03-10T08:11:11+00:00","description":"Die Universit\u00e4t G\u00f6ttingen verleiht Holocaust\u00fcberlebendem Dr. Leon Weintraub die Ehrendoktorw\u00fcrde. Ein bewegendes Leben zwischen Auschwitz, Medizin und Engagement f\u00fcr Menschlichkeit.","breadcrumb":{"@id":"https:\/\/radioleinewelle.de\/index.php\/2026\/03\/10\/30633\/#breadcrumb"},"inLanguage":"de","potentialAction":[{"@type":"ReadAction","target":["https:\/\/radioleinewelle.de\/index.php\/2026\/03\/10\/30633\/"]}]},{"@type":"ImageObject","inLanguage":"de","@id":"https:\/\/radioleinewelle.de\/index.php\/2026\/03\/10\/30633\/#primaryimage","url":"https:\/\/radioleinewelle.de\/wp-content\/uploads\/2026\/03\/Impressionen_SP2_7504-scaled.jpg","contentUrl":"https:\/\/radioleinewelle.de\/wp-content\/uploads\/2026\/03\/Impressionen_SP2_7504-scaled.jpg","width":2560,"height":1706},{"@type":"BreadcrumbList","@id":"https:\/\/radioleinewelle.de\/index.php\/2026\/03\/10\/30633\/#breadcrumb","itemListElement":[{"@type":"ListItem","position":1,"name":"Startseite","item":"https:\/\/radioleinewelle.de\/"},{"@type":"ListItem","position":2,"name":"Universit\u00e4t G\u00f6ttingen: Ehrendoktorw\u00fcrde f\u00fcr Holocaust-\u00dcberlebenden Leon Weintraub"}]},{"@type":"WebSite","@id":"https:\/\/radioleinewelle.de\/#website","url":"https:\/\/radioleinewelle.de\/","name":"Radio Leinewelle","description":"","publisher":{"@id":"https:\/\/radioleinewelle.de\/#organization"},"potentialAction":[{"@type":"SearchAction","target":{"@type":"EntryPoint","urlTemplate":"https:\/\/radioleinewelle.de\/?s={search_term_string}"},"query-input":{"@type":"PropertyValueSpecification","valueRequired":true,"valueName":"search_term_string"}}],"inLanguage":"de"},{"@type":"Organization","@id":"https:\/\/radioleinewelle.de\/#organization","name":"Radio Leinewelle","alternateName":"Mein Radio f\u00fcr S\u00fcdniedersachsen","url":"https:\/\/radioleinewelle.de\/","logo":{"@type":"ImageObject","inLanguage":"de","@id":"https:\/\/radioleinewelle.de\/#\/schema\/logo\/image\/","url":"https:\/\/radioleinewelle.de\/wp-content\/uploads\/2023\/11\/cropped-Leinewelle_Logo_weiss.png","contentUrl":"https:\/\/radioleinewelle.de\/wp-content\/uploads\/2023\/11\/cropped-Leinewelle_Logo_weiss.png","width":854,"height":260,"caption":"Radio Leinewelle"},"image":{"@id":"https:\/\/radioleinewelle.de\/#\/schema\/logo\/image\/"},"sameAs":["https:\/\/www.facebook.com\/radioleinewelle","https:\/\/x.com\/RLeinewelle","https:\/\/www.instagram.com\/radioleinewelle\/?hl=de"]},{"@type":"Person","@id":"https:\/\/radioleinewelle.de\/#\/schema\/person\/57bad1d4e916f10da4e6763d01aec895","name":"Ulf Engelmayer","image":{"@type":"ImageObject","inLanguage":"de","@id":"https:\/\/secure.gravatar.com\/avatar\/f056d5d62beaff9b66570d67e3e698ea7ff6463d140c80fc667a56e338ecf046?s=96&d=blank&r=g","url":"https:\/\/secure.gravatar.com\/avatar\/f056d5d62beaff9b66570d67e3e698ea7ff6463d140c80fc667a56e338ecf046?s=96&d=blank&r=g","contentUrl":"https:\/\/secure.gravatar.com\/avatar\/f056d5d62beaff9b66570d67e3e698ea7ff6463d140c80fc667a56e338ecf046?s=96&d=blank&r=g","caption":"Ulf Engelmayer"},"url":"https:\/\/radioleinewelle.de\/index.php\/author\/ulf-engelmayer\/"}]}},"_links":{"self":[{"href":"https:\/\/radioleinewelle.de\/index.php\/wp-json\/wp\/v2\/posts\/30633","targetHints":{"allow":["GET"]}}],"collection":[{"href":"https:\/\/radioleinewelle.de\/index.php\/wp-json\/wp\/v2\/posts"}],"about":[{"href":"https:\/\/radioleinewelle.de\/index.php\/wp-json\/wp\/v2\/types\/post"}],"author":[{"embeddable":true,"href":"https:\/\/radioleinewelle.de\/index.php\/wp-json\/wp\/v2\/users\/6"}],"replies":[{"embeddable":true,"href":"https:\/\/radioleinewelle.de\/index.php\/wp-json\/wp\/v2\/comments?post=30633"}],"version-history":[{"count":12,"href":"https:\/\/radioleinewelle.de\/index.php\/wp-json\/wp\/v2\/posts\/30633\/revisions"}],"predecessor-version":[{"id":30658,"href":"https:\/\/radioleinewelle.de\/index.php\/wp-json\/wp\/v2\/posts\/30633\/revisions\/30658"}],"wp:featuredmedia":[{"embeddable":true,"href":"https:\/\/radioleinewelle.de\/index.php\/wp-json\/wp\/v2\/media\/30644"}],"wp:attachment":[{"href":"https:\/\/radioleinewelle.de\/index.php\/wp-json\/wp\/v2\/media?parent=30633"}],"wp:term":[{"taxonomy":"category","embeddable":true,"href":"https:\/\/radioleinewelle.de\/index.php\/wp-json\/wp\/v2\/categories?post=30633"},{"taxonomy":"post_tag","embeddable":true,"href":"https:\/\/radioleinewelle.de\/index.php\/wp-json\/wp\/v2\/tags?post=30633"}],"curies":[{"name":"wp","href":"https:\/\/api.w.org\/{rel}","templated":true}]}}