{"id":3065,"date":"2020-11-20T04:59:39","date_gmt":"2020-11-20T03:59:39","guid":{"rendered":"https:\/\/radioleinewelle.de\/?p=3065"},"modified":"2020-11-20T04:59:39","modified_gmt":"2020-11-20T03:59:39","slug":"kommunalbericht-2020-covid-19-pandemie-wird-zum-belastungstest-fuer-kommende-haushaltsjahre","status":"publish","type":"post","link":"https:\/\/radioleinewelle.de\/index.php\/2020\/11\/20\/kommunalbericht-2020-covid-19-pandemie-wird-zum-belastungstest-fuer-kommende-haushaltsjahre\/","title":{"rendered":"Kommunalbericht 2020: Covid-19-Pandemie wird zum Belastungstest f\u00fcr kommende Haushaltsjahre"},"content":{"rendered":"<p class=\"margt0\">\u201eDie finanziellen Folgen der Covid-19-Pandemie werden die kommunalen Haushalte auch noch in den kommenden Jahren stark belasten. Selbst bei strikter Auszahlungsdisziplin werden die Folgen der Pandemie zu einem Belastungstest f\u00fcr die finanzielle Handlungsf\u00e4higkeit der Kommunen\u201c, erkl\u00e4rte Dr. Sandra von Klaeden, Pr\u00e4sidentin des Nieders\u00e4chsischen Landesrechnungshofs, anl\u00e4sslich der Vorstellung des Kommunalberichts 2020 im Nieders\u00e4chsischen Landtag. Der Kommunalbericht 2020 steht mit Blick auf die Covid-19-Pandemie unter besonderen Vorzeichen. Der Bericht betrachtet nicht \u2013 wie bislang \u00fcblich \u2013 nur die Entwicklung des zur\u00fcckliegenden Jahres, sondern auch die statistischen Daten des ersten Halbjahres 2020.<\/p>\n<div class=\"group section noline span3of4\">\n<p>In der Gesamtbetrachtung aller kommunalen Haushalte setzte sich 2019 die positive Entwicklung der letzten Jahre noch einmal fort. Die Rekordeinzahlungen aus 2018 konnten nochmals um 1,15 Mrd. Euro gesteigert werden. Jedoch wurden die Mehreinzahlungen durch einen erneuten signifikanten Anstieg der Auszahlungen um 980 Mio. Euro beinahe aufgezehrt. Zus\u00e4tzlich war auch f\u00fcr 2019 eine wiederholte Zunahme der Gesamtverschuldung zu verzeichnen. Betrachtet man das vergangene Jahr, so gelang es den nieders\u00e4chsischen Kommunen auch 2019 nicht, die gute konjunkturelle Entwicklung zur Konsolidierung ihrer Haushalte zu nutzen.<\/p>\n<p>Durch die Auswirkungen der Covid-19-Pandemie haben sich die Rahmenbedingungen f\u00fcr kommunales Handeln zu Beginn des Jahres 2020 unvorhersehbar und massiv ver\u00e4ndert. \u201eDie unmittelbar geforderten Kommunen mussten oftmals schnell und unb\u00fcrokratisch auf die Krise reagieren. Ihr Einsatz verdient an dieser Stelle gro\u00dfe Anerkennung\u201c, so die Pr\u00e4sidentin.<\/p>\n<p>Die statistischen Daten f\u00fcr das erste Halbjahr 2020 belegen bereits einen signifikanten Einzahlungsr\u00fcckgang \u2013 unter anderem im Bereich der Gewerbesteuereinzahlungen \u2013 und \u00fcberdurchschnittlich gestiegene Auszahlungen. Es ist noch offen, wie die umfangreichen Unterst\u00fctzungsma\u00dfnahmen von Bund und Land wirken. Insofern werden erst die kommenden Haushaltsjahre zeigen, ob und in welchem Ausma\u00df die kommunalen Haushalte wegen der Covid-19-Pandemie in eine Schieflage geraten. Schon heute ist aber absehbar, dass die finanziellen Gestaltungsspielr\u00e4ume der Kommunen langfristig eingeschr\u00e4nkt sein werden. \u201eDer Kommunalbericht 2020 gibt erneut Empfehlungen und Anregungen zur Konsolidierung der Haushalte. Die dort genannten Optimierungsm\u00f6glichkeiten k\u00f6nnen \u2013 auch in Krisenzeiten \u2013 dazu beitragen, notwendige Handlungsspielr\u00e4ume vor Ort zu erhalten und eine generationengerechte Haushalts- und Wirtschaftsf\u00fchrung in den Kommunen zu unterst\u00fctzen\u201c, erl\u00e4uterte die Pr\u00e4sidentin.\u00a0Die in diesem Kommunalbericht vorgestellten Pr\u00fcfungsergebnisse umfassen Fragen von Informationssicherheit und Datenschutz, den Ausbau von Ganztagsschulen, Fuhrparkbewirtschaftung, Integration von Fl\u00fcchtlingen und der Wirtschaftlichkeit kommunaler Flugpl\u00e4tze bis hin zur Verbesserung des R\u00fcckgriffs beim Unterhaltsvorschuss.<\/p>\n<p>Unseren <a class=\"download\" href=\"https:\/\/www.lrh.niedersachsen.de\/download\/160325\" target=\"_blank\" rel=\"noopener\">Kommunalbericht<\/a> finden Sie unter <a class=\"download\" href=\"http:\/\/www.lrh.niedersachsen.de\/\" target=\"_self\" rel=\"noopener\">www.lrh.niedersachsen.de<\/a>.<\/p>\n<\/div>\n<div class=\"group section noline span3of4\"><\/div>\n","protected":false},"excerpt":{"rendered":"<p>\u201eDie finanziellen Folgen der Covid-19-Pandemie werden die kommunalen Haushalte auch noch in den kommenden Jahren stark belasten. Selbst bei strikter Auszahlungsdisziplin werden die Folgen der Pandemie zu einem Belastungstest f\u00fcr die finanzielle Handlungsf\u00e4higkeit der Kommunen\u201c, erkl\u00e4rte Dr. Sandra von Klaeden, Pr\u00e4sidentin des Nieders\u00e4chsischen Landesrechnungshofs, anl\u00e4sslich der Vorstellung des Kommunalberichts 2020 im Nieders\u00e4chsischen Landtag. Der Kommunalbericht [&hellip;]<\/p>\n","protected":false},"author":1,"featured_media":3067,"comment_status":"closed","ping_status":"closed","sticky":false,"template":"","format":"standard","meta":{"saved_in_kubio":false,"footnotes":""},"categories":[24],"tags":[],"class_list":["post-3065","post","type-post","status-publish","format-standard","has-post-thumbnail","hentry","category-news"],"yoast_head":"<!-- This site is optimized with the Yoast SEO plugin v27.5 - https:\/\/yoast.com\/product\/yoast-seo-wordpress\/ -->\n<title>Kommunalbericht 2020: Covid-19-Pandemie wird zum Belastungstest f\u00fcr kommende Haushaltsjahre - Radio Leinewelle<\/title>\n<meta name=\"robots\" content=\"index, follow, max-snippet:-1, max-image-preview:large, max-video-preview:-1\" \/>\n<link rel=\"canonical\" href=\"https:\/\/radioleinewelle.de\/index.php\/2020\/11\/20\/kommunalbericht-2020-covid-19-pandemie-wird-zum-belastungstest-fuer-kommende-haushaltsjahre\/\" \/>\n<meta property=\"og:locale\" content=\"de_DE\" \/>\n<meta property=\"og:type\" content=\"article\" \/>\n<meta property=\"og:title\" content=\"Kommunalbericht 2020: Covid-19-Pandemie wird zum Belastungstest f\u00fcr kommende Haushaltsjahre - Radio Leinewelle\" \/>\n<meta property=\"og:description\" content=\"\u201eDie finanziellen Folgen der Covid-19-Pandemie werden die kommunalen Haushalte auch noch in den kommenden Jahren stark belasten. Selbst bei strikter Auszahlungsdisziplin werden die Folgen der Pandemie zu einem Belastungstest f\u00fcr die finanzielle Handlungsf\u00e4higkeit der Kommunen\u201c, erkl\u00e4rte Dr. Sandra von Klaeden, Pr\u00e4sidentin des Nieders\u00e4chsischen Landesrechnungshofs, anl\u00e4sslich der Vorstellung des Kommunalberichts 2020 im Nieders\u00e4chsischen Landtag. Der Kommunalbericht [&hellip;]\" \/>\n<meta property=\"og:url\" content=\"https:\/\/radioleinewelle.de\/index.php\/2020\/11\/20\/kommunalbericht-2020-covid-19-pandemie-wird-zum-belastungstest-fuer-kommende-haushaltsjahre\/\" \/>\n<meta property=\"og:site_name\" content=\"Radio Leinewelle\" \/>\n<meta property=\"article:publisher\" content=\"https:\/\/www.facebook.com\/radioleinewelle\" \/>\n<meta property=\"article:author\" content=\"https:\/\/www.facebook.com\/radioleinewelle\" \/>\n<meta property=\"article:published_time\" content=\"2020-11-20T03:59:39+00:00\" \/>\n<meta property=\"og:image\" content=\"https:\/\/radioleinewelle.de\/wp-content\/uploads\/2020\/11\/euro-5300442_640.jpg\" \/>\n\t<meta property=\"og:image:width\" content=\"640\" \/>\n\t<meta property=\"og:image:height\" content=\"427\" \/>\n\t<meta property=\"og:image:type\" content=\"image\/jpeg\" \/>\n<meta name=\"author\" content=\"Leinewelle\" \/>\n<meta name=\"twitter:card\" content=\"summary_large_image\" \/>\n<meta name=\"twitter:creator\" content=\"@https:\/\/twitter.com\/RLeinewelle?ref_src=twsrcgoogletwcampserptwgrauthor\" \/>\n<meta name=\"twitter:site\" content=\"@RLeinewelle\" \/>\n<meta name=\"twitter:label1\" content=\"Verfasst von\" \/>\n\t<meta name=\"twitter:data1\" content=\"Leinewelle\" \/>\n\t<meta name=\"twitter:label2\" content=\"Gesch\u00e4tzte Lesezeit\" \/>\n\t<meta name=\"twitter:data2\" content=\"2\u00a0Minuten\" \/>\n<script type=\"application\/ld+json\" class=\"yoast-schema-graph\">{\"@context\":\"https:\\\/\\\/schema.org\",\"@graph\":[{\"@type\":\"Article\",\"@id\":\"https:\\\/\\\/radioleinewelle.de\\\/index.php\\\/2020\\\/11\\\/20\\\/kommunalbericht-2020-covid-19-pandemie-wird-zum-belastungstest-fuer-kommende-haushaltsjahre\\\/#article\",\"isPartOf\":{\"@id\":\"https:\\\/\\\/radioleinewelle.de\\\/index.php\\\/2020\\\/11\\\/20\\\/kommunalbericht-2020-covid-19-pandemie-wird-zum-belastungstest-fuer-kommende-haushaltsjahre\\\/\"},\"author\":{\"name\":\"Leinewelle\",\"@id\":\"https:\\\/\\\/radioleinewelle.de\\\/#\\\/schema\\\/person\\\/45606f348637df637192dc1b68399a63\"},\"headline\":\"Kommunalbericht 2020: Covid-19-Pandemie wird zum Belastungstest f\u00fcr kommende Haushaltsjahre\",\"datePublished\":\"2020-11-20T03:59:39+00:00\",\"mainEntityOfPage\":{\"@id\":\"https:\\\/\\\/radioleinewelle.de\\\/index.php\\\/2020\\\/11\\\/20\\\/kommunalbericht-2020-covid-19-pandemie-wird-zum-belastungstest-fuer-kommende-haushaltsjahre\\\/\"},\"wordCount\":407,\"publisher\":{\"@id\":\"https:\\\/\\\/radioleinewelle.de\\\/#organization\"},\"image\":{\"@id\":\"https:\\\/\\\/radioleinewelle.de\\\/index.php\\\/2020\\\/11\\\/20\\\/kommunalbericht-2020-covid-19-pandemie-wird-zum-belastungstest-fuer-kommende-haushaltsjahre\\\/#primaryimage\"},\"thumbnailUrl\":\"https:\\\/\\\/radioleinewelle.de\\\/wp-content\\\/uploads\\\/2020\\\/11\\\/euro-5300442_640.jpg\",\"articleSection\":[\"Aktuelle Nachrichten\"],\"inLanguage\":\"de\"},{\"@type\":\"WebPage\",\"@id\":\"https:\\\/\\\/radioleinewelle.de\\\/index.php\\\/2020\\\/11\\\/20\\\/kommunalbericht-2020-covid-19-pandemie-wird-zum-belastungstest-fuer-kommende-haushaltsjahre\\\/\",\"url\":\"https:\\\/\\\/radioleinewelle.de\\\/index.php\\\/2020\\\/11\\\/20\\\/kommunalbericht-2020-covid-19-pandemie-wird-zum-belastungstest-fuer-kommende-haushaltsjahre\\\/\",\"name\":\"Kommunalbericht 2020: Covid-19-Pandemie wird zum Belastungstest f\u00fcr kommende Haushaltsjahre - Radio Leinewelle\",\"isPartOf\":{\"@id\":\"https:\\\/\\\/radioleinewelle.de\\\/#website\"},\"primaryImageOfPage\":{\"@id\":\"https:\\\/\\\/radioleinewelle.de\\\/index.php\\\/2020\\\/11\\\/20\\\/kommunalbericht-2020-covid-19-pandemie-wird-zum-belastungstest-fuer-kommende-haushaltsjahre\\\/#primaryimage\"},\"image\":{\"@id\":\"https:\\\/\\\/radioleinewelle.de\\\/index.php\\\/2020\\\/11\\\/20\\\/kommunalbericht-2020-covid-19-pandemie-wird-zum-belastungstest-fuer-kommende-haushaltsjahre\\\/#primaryimage\"},\"thumbnailUrl\":\"https:\\\/\\\/radioleinewelle.de\\\/wp-content\\\/uploads\\\/2020\\\/11\\\/euro-5300442_640.jpg\",\"datePublished\":\"2020-11-20T03:59:39+00:00\",\"breadcrumb\":{\"@id\":\"https:\\\/\\\/radioleinewelle.de\\\/index.php\\\/2020\\\/11\\\/20\\\/kommunalbericht-2020-covid-19-pandemie-wird-zum-belastungstest-fuer-kommende-haushaltsjahre\\\/#breadcrumb\"},\"inLanguage\":\"de\",\"potentialAction\":[{\"@type\":\"ReadAction\",\"target\":[\"https:\\\/\\\/radioleinewelle.de\\\/index.php\\\/2020\\\/11\\\/20\\\/kommunalbericht-2020-covid-19-pandemie-wird-zum-belastungstest-fuer-kommende-haushaltsjahre\\\/\"]}]},{\"@type\":\"ImageObject\",\"inLanguage\":\"de\",\"@id\":\"https:\\\/\\\/radioleinewelle.de\\\/index.php\\\/2020\\\/11\\\/20\\\/kommunalbericht-2020-covid-19-pandemie-wird-zum-belastungstest-fuer-kommende-haushaltsjahre\\\/#primaryimage\",\"url\":\"https:\\\/\\\/radioleinewelle.de\\\/wp-content\\\/uploads\\\/2020\\\/11\\\/euro-5300442_640.jpg\",\"contentUrl\":\"https:\\\/\\\/radioleinewelle.de\\\/wp-content\\\/uploads\\\/2020\\\/11\\\/euro-5300442_640.jpg\",\"width\":640,\"height\":427},{\"@type\":\"BreadcrumbList\",\"@id\":\"https:\\\/\\\/radioleinewelle.de\\\/index.php\\\/2020\\\/11\\\/20\\\/kommunalbericht-2020-covid-19-pandemie-wird-zum-belastungstest-fuer-kommende-haushaltsjahre\\\/#breadcrumb\",\"itemListElement\":[{\"@type\":\"ListItem\",\"position\":1,\"name\":\"Startseite\",\"item\":\"https:\\\/\\\/radioleinewelle.de\\\/\"},{\"@type\":\"ListItem\",\"position\":2,\"name\":\"Kommunalbericht 2020: Covid-19-Pandemie wird zum Belastungstest f\u00fcr kommende Haushaltsjahre\"}]},{\"@type\":\"WebSite\",\"@id\":\"https:\\\/\\\/radioleinewelle.de\\\/#website\",\"url\":\"https:\\\/\\\/radioleinewelle.de\\\/\",\"name\":\"Radio Leinewelle\",\"description\":\"\",\"publisher\":{\"@id\":\"https:\\\/\\\/radioleinewelle.de\\\/#organization\"},\"potentialAction\":[{\"@type\":\"SearchAction\",\"target\":{\"@type\":\"EntryPoint\",\"urlTemplate\":\"https:\\\/\\\/radioleinewelle.de\\\/?s={search_term_string}\"},\"query-input\":{\"@type\":\"PropertyValueSpecification\",\"valueRequired\":true,\"valueName\":\"search_term_string\"}}],\"inLanguage\":\"de\"},{\"@type\":\"Organization\",\"@id\":\"https:\\\/\\\/radioleinewelle.de\\\/#organization\",\"name\":\"Radio Leinewelle\",\"alternateName\":\"Mein Radio f\u00fcr S\u00fcdniedersachsen\",\"url\":\"https:\\\/\\\/radioleinewelle.de\\\/\",\"logo\":{\"@type\":\"ImageObject\",\"inLanguage\":\"de\",\"@id\":\"https:\\\/\\\/radioleinewelle.de\\\/#\\\/schema\\\/logo\\\/image\\\/\",\"url\":\"https:\\\/\\\/radioleinewelle.de\\\/wp-content\\\/uploads\\\/2023\\\/11\\\/cropped-Leinewelle_Logo_weiss.png\",\"contentUrl\":\"https:\\\/\\\/radioleinewelle.de\\\/wp-content\\\/uploads\\\/2023\\\/11\\\/cropped-Leinewelle_Logo_weiss.png\",\"width\":854,\"height\":260,\"caption\":\"Radio Leinewelle\"},\"image\":{\"@id\":\"https:\\\/\\\/radioleinewelle.de\\\/#\\\/schema\\\/logo\\\/image\\\/\"},\"sameAs\":[\"https:\\\/\\\/www.facebook.com\\\/radioleinewelle\",\"https:\\\/\\\/x.com\\\/RLeinewelle\",\"https:\\\/\\\/www.instagram.com\\\/radioleinewelle\\\/?hl=de\"]},{\"@type\":\"Person\",\"@id\":\"https:\\\/\\\/radioleinewelle.de\\\/#\\\/schema\\\/person\\\/45606f348637df637192dc1b68399a63\",\"name\":\"Leinewelle\",\"image\":{\"@type\":\"ImageObject\",\"inLanguage\":\"de\",\"@id\":\"https:\\\/\\\/secure.gravatar.com\\\/avatar\\\/05c9a17bc973052ee5d91549bd32fb4dd0dc85b7b85ae94b2e2b4943476bbea5?s=96&d=blank&r=g\",\"url\":\"https:\\\/\\\/secure.gravatar.com\\\/avatar\\\/05c9a17bc973052ee5d91549bd32fb4dd0dc85b7b85ae94b2e2b4943476bbea5?s=96&d=blank&r=g\",\"contentUrl\":\"https:\\\/\\\/secure.gravatar.com\\\/avatar\\\/05c9a17bc973052ee5d91549bd32fb4dd0dc85b7b85ae94b2e2b4943476bbea5?s=96&d=blank&r=g\",\"caption\":\"Leinewelle\"},\"sameAs\":[\"http:\\\/\\\/localhost\\\/radio%20leinewelle\\\/wordpress\",\"https:\\\/\\\/www.facebook.com\\\/radioleinewelle\",\"https:\\\/\\\/www.instagram.com\\\/radioleinewelle\",\"https:\\\/\\\/x.com\\\/https:\\\/\\\/twitter.com\\\/RLeinewelle?ref_src=twsrcgoogletwcampserptwgrauthor\",\"https:\\\/\\\/soundcloud.com\\\/foerderverein-lokalradio?utm_source=clipboard&utm_medium=text&utm_campaign=social_sharing\"],\"url\":\"https:\\\/\\\/radioleinewelle.de\\\/index.php\\\/author\\\/leinewelle\\\/\"}]}<\/script>\n<!-- \/ Yoast SEO plugin. -->","yoast_head_json":{"title":"Kommunalbericht 2020: Covid-19-Pandemie wird zum Belastungstest f\u00fcr kommende Haushaltsjahre - Radio Leinewelle","robots":{"index":"index","follow":"follow","max-snippet":"max-snippet:-1","max-image-preview":"max-image-preview:large","max-video-preview":"max-video-preview:-1"},"canonical":"https:\/\/radioleinewelle.de\/index.php\/2020\/11\/20\/kommunalbericht-2020-covid-19-pandemie-wird-zum-belastungstest-fuer-kommende-haushaltsjahre\/","og_locale":"de_DE","og_type":"article","og_title":"Kommunalbericht 2020: Covid-19-Pandemie wird zum Belastungstest f\u00fcr kommende Haushaltsjahre - Radio Leinewelle","og_description":"\u201eDie finanziellen Folgen der Covid-19-Pandemie werden die kommunalen Haushalte auch noch in den kommenden Jahren stark belasten. Selbst bei strikter Auszahlungsdisziplin werden die Folgen der Pandemie zu einem Belastungstest f\u00fcr die finanzielle Handlungsf\u00e4higkeit der Kommunen\u201c, erkl\u00e4rte Dr. Sandra von Klaeden, Pr\u00e4sidentin des Nieders\u00e4chsischen Landesrechnungshofs, anl\u00e4sslich der Vorstellung des Kommunalberichts 2020 im Nieders\u00e4chsischen Landtag. Der Kommunalbericht [&hellip;]","og_url":"https:\/\/radioleinewelle.de\/index.php\/2020\/11\/20\/kommunalbericht-2020-covid-19-pandemie-wird-zum-belastungstest-fuer-kommende-haushaltsjahre\/","og_site_name":"Radio Leinewelle","article_publisher":"https:\/\/www.facebook.com\/radioleinewelle","article_author":"https:\/\/www.facebook.com\/radioleinewelle","article_published_time":"2020-11-20T03:59:39+00:00","og_image":[{"width":640,"height":427,"url":"https:\/\/radioleinewelle.de\/wp-content\/uploads\/2020\/11\/euro-5300442_640.jpg","type":"image\/jpeg"}],"author":"Leinewelle","twitter_card":"summary_large_image","twitter_creator":"@https:\/\/twitter.com\/RLeinewelle?ref_src=twsrcgoogletwcampserptwgrauthor","twitter_site":"@RLeinewelle","twitter_misc":{"Verfasst von":"Leinewelle","Gesch\u00e4tzte Lesezeit":"2\u00a0Minuten"},"schema":{"@context":"https:\/\/schema.org","@graph":[{"@type":"Article","@id":"https:\/\/radioleinewelle.de\/index.php\/2020\/11\/20\/kommunalbericht-2020-covid-19-pandemie-wird-zum-belastungstest-fuer-kommende-haushaltsjahre\/#article","isPartOf":{"@id":"https:\/\/radioleinewelle.de\/index.php\/2020\/11\/20\/kommunalbericht-2020-covid-19-pandemie-wird-zum-belastungstest-fuer-kommende-haushaltsjahre\/"},"author":{"name":"Leinewelle","@id":"https:\/\/radioleinewelle.de\/#\/schema\/person\/45606f348637df637192dc1b68399a63"},"headline":"Kommunalbericht 2020: Covid-19-Pandemie wird zum Belastungstest f\u00fcr kommende Haushaltsjahre","datePublished":"2020-11-20T03:59:39+00:00","mainEntityOfPage":{"@id":"https:\/\/radioleinewelle.de\/index.php\/2020\/11\/20\/kommunalbericht-2020-covid-19-pandemie-wird-zum-belastungstest-fuer-kommende-haushaltsjahre\/"},"wordCount":407,"publisher":{"@id":"https:\/\/radioleinewelle.de\/#organization"},"image":{"@id":"https:\/\/radioleinewelle.de\/index.php\/2020\/11\/20\/kommunalbericht-2020-covid-19-pandemie-wird-zum-belastungstest-fuer-kommende-haushaltsjahre\/#primaryimage"},"thumbnailUrl":"https:\/\/radioleinewelle.de\/wp-content\/uploads\/2020\/11\/euro-5300442_640.jpg","articleSection":["Aktuelle Nachrichten"],"inLanguage":"de"},{"@type":"WebPage","@id":"https:\/\/radioleinewelle.de\/index.php\/2020\/11\/20\/kommunalbericht-2020-covid-19-pandemie-wird-zum-belastungstest-fuer-kommende-haushaltsjahre\/","url":"https:\/\/radioleinewelle.de\/index.php\/2020\/11\/20\/kommunalbericht-2020-covid-19-pandemie-wird-zum-belastungstest-fuer-kommende-haushaltsjahre\/","name":"Kommunalbericht 2020: Covid-19-Pandemie wird zum Belastungstest f\u00fcr kommende Haushaltsjahre - Radio Leinewelle","isPartOf":{"@id":"https:\/\/radioleinewelle.de\/#website"},"primaryImageOfPage":{"@id":"https:\/\/radioleinewelle.de\/index.php\/2020\/11\/20\/kommunalbericht-2020-covid-19-pandemie-wird-zum-belastungstest-fuer-kommende-haushaltsjahre\/#primaryimage"},"image":{"@id":"https:\/\/radioleinewelle.de\/index.php\/2020\/11\/20\/kommunalbericht-2020-covid-19-pandemie-wird-zum-belastungstest-fuer-kommende-haushaltsjahre\/#primaryimage"},"thumbnailUrl":"https:\/\/radioleinewelle.de\/wp-content\/uploads\/2020\/11\/euro-5300442_640.jpg","datePublished":"2020-11-20T03:59:39+00:00","breadcrumb":{"@id":"https:\/\/radioleinewelle.de\/index.php\/2020\/11\/20\/kommunalbericht-2020-covid-19-pandemie-wird-zum-belastungstest-fuer-kommende-haushaltsjahre\/#breadcrumb"},"inLanguage":"de","potentialAction":[{"@type":"ReadAction","target":["https:\/\/radioleinewelle.de\/index.php\/2020\/11\/20\/kommunalbericht-2020-covid-19-pandemie-wird-zum-belastungstest-fuer-kommende-haushaltsjahre\/"]}]},{"@type":"ImageObject","inLanguage":"de","@id":"https:\/\/radioleinewelle.de\/index.php\/2020\/11\/20\/kommunalbericht-2020-covid-19-pandemie-wird-zum-belastungstest-fuer-kommende-haushaltsjahre\/#primaryimage","url":"https:\/\/radioleinewelle.de\/wp-content\/uploads\/2020\/11\/euro-5300442_640.jpg","contentUrl":"https:\/\/radioleinewelle.de\/wp-content\/uploads\/2020\/11\/euro-5300442_640.jpg","width":640,"height":427},{"@type":"BreadcrumbList","@id":"https:\/\/radioleinewelle.de\/index.php\/2020\/11\/20\/kommunalbericht-2020-covid-19-pandemie-wird-zum-belastungstest-fuer-kommende-haushaltsjahre\/#breadcrumb","itemListElement":[{"@type":"ListItem","position":1,"name":"Startseite","item":"https:\/\/radioleinewelle.de\/"},{"@type":"ListItem","position":2,"name":"Kommunalbericht 2020: Covid-19-Pandemie wird zum Belastungstest f\u00fcr kommende Haushaltsjahre"}]},{"@type":"WebSite","@id":"https:\/\/radioleinewelle.de\/#website","url":"https:\/\/radioleinewelle.de\/","name":"Radio Leinewelle","description":"","publisher":{"@id":"https:\/\/radioleinewelle.de\/#organization"},"potentialAction":[{"@type":"SearchAction","target":{"@type":"EntryPoint","urlTemplate":"https:\/\/radioleinewelle.de\/?s={search_term_string}"},"query-input":{"@type":"PropertyValueSpecification","valueRequired":true,"valueName":"search_term_string"}}],"inLanguage":"de"},{"@type":"Organization","@id":"https:\/\/radioleinewelle.de\/#organization","name":"Radio Leinewelle","alternateName":"Mein Radio f\u00fcr S\u00fcdniedersachsen","url":"https:\/\/radioleinewelle.de\/","logo":{"@type":"ImageObject","inLanguage":"de","@id":"https:\/\/radioleinewelle.de\/#\/schema\/logo\/image\/","url":"https:\/\/radioleinewelle.de\/wp-content\/uploads\/2023\/11\/cropped-Leinewelle_Logo_weiss.png","contentUrl":"https:\/\/radioleinewelle.de\/wp-content\/uploads\/2023\/11\/cropped-Leinewelle_Logo_weiss.png","width":854,"height":260,"caption":"Radio Leinewelle"},"image":{"@id":"https:\/\/radioleinewelle.de\/#\/schema\/logo\/image\/"},"sameAs":["https:\/\/www.facebook.com\/radioleinewelle","https:\/\/x.com\/RLeinewelle","https:\/\/www.instagram.com\/radioleinewelle\/?hl=de"]},{"@type":"Person","@id":"https:\/\/radioleinewelle.de\/#\/schema\/person\/45606f348637df637192dc1b68399a63","name":"Leinewelle","image":{"@type":"ImageObject","inLanguage":"de","@id":"https:\/\/secure.gravatar.com\/avatar\/05c9a17bc973052ee5d91549bd32fb4dd0dc85b7b85ae94b2e2b4943476bbea5?s=96&d=blank&r=g","url":"https:\/\/secure.gravatar.com\/avatar\/05c9a17bc973052ee5d91549bd32fb4dd0dc85b7b85ae94b2e2b4943476bbea5?s=96&d=blank&r=g","contentUrl":"https:\/\/secure.gravatar.com\/avatar\/05c9a17bc973052ee5d91549bd32fb4dd0dc85b7b85ae94b2e2b4943476bbea5?s=96&d=blank&r=g","caption":"Leinewelle"},"sameAs":["http:\/\/localhost\/radio%20leinewelle\/wordpress","https:\/\/www.facebook.com\/radioleinewelle","https:\/\/www.instagram.com\/radioleinewelle","https:\/\/x.com\/https:\/\/twitter.com\/RLeinewelle?ref_src=twsrcgoogletwcampserptwgrauthor","https:\/\/soundcloud.com\/foerderverein-lokalradio?utm_source=clipboard&utm_medium=text&utm_campaign=social_sharing"],"url":"https:\/\/radioleinewelle.de\/index.php\/author\/leinewelle\/"}]}},"_links":{"self":[{"href":"https:\/\/radioleinewelle.de\/index.php\/wp-json\/wp\/v2\/posts\/3065","targetHints":{"allow":["GET"]}}],"collection":[{"href":"https:\/\/radioleinewelle.de\/index.php\/wp-json\/wp\/v2\/posts"}],"about":[{"href":"https:\/\/radioleinewelle.de\/index.php\/wp-json\/wp\/v2\/types\/post"}],"author":[{"embeddable":true,"href":"https:\/\/radioleinewelle.de\/index.php\/wp-json\/wp\/v2\/users\/1"}],"replies":[{"embeddable":true,"href":"https:\/\/radioleinewelle.de\/index.php\/wp-json\/wp\/v2\/comments?post=3065"}],"version-history":[{"count":0,"href":"https:\/\/radioleinewelle.de\/index.php\/wp-json\/wp\/v2\/posts\/3065\/revisions"}],"wp:featuredmedia":[{"embeddable":true,"href":"https:\/\/radioleinewelle.de\/index.php\/wp-json\/wp\/v2\/media\/3067"}],"wp:attachment":[{"href":"https:\/\/radioleinewelle.de\/index.php\/wp-json\/wp\/v2\/media?parent=3065"}],"wp:term":[{"taxonomy":"category","embeddable":true,"href":"https:\/\/radioleinewelle.de\/index.php\/wp-json\/wp\/v2\/categories?post=3065"},{"taxonomy":"post_tag","embeddable":true,"href":"https:\/\/radioleinewelle.de\/index.php\/wp-json\/wp\/v2\/tags?post=3065"}],"curies":[{"name":"wp","href":"https:\/\/api.w.org\/{rel}","templated":true}]}}