{"id":30661,"date":"2026-03-11T11:23:38","date_gmt":"2026-03-11T10:23:38","guid":{"rendered":"https:\/\/radioleinewelle.de\/?p=30661"},"modified":"2026-03-11T11:23:40","modified_gmt":"2026-03-11T10:23:40","slug":"baukultur-trifft-klimaschutz-ausstellung-im-kreishaus-goettingen-zeigt-nachhaltige-architektur","status":"publish","type":"post","link":"https:\/\/radioleinewelle.de\/index.php\/2026\/03\/11\/baukultur-trifft-klimaschutz-ausstellung-im-kreishaus-goettingen-zeigt-nachhaltige-architektur\/","title":{"rendered":"Baukultur trifft Klimaschutz: Ausstellung im Kreishaus G\u00f6ttingen zeigt nachhaltige Architektur"},"content":{"rendered":"\n<h2 class=\"wp-block-heading\"><\/h2>\n\n\n\n<h1 class=\"wp-block-heading\"><\/h1>\n\n\n\n\n\n<p>Wie k\u00f6nnen Geb\u00e4ude klimafreundlich modernisiert werden, ohne ihre Geschichte zu verlieren? Genau dieser Frage widmet sich die Wanderausstellung\u00a0\u201eBaukultur trifft Klimaschutz \u2013 Gute Beispiele\u201c, die aktuell im Foyer des Kreishauses G\u00f6ttingen zu sehen ist. Die Ausstellung der Architektenkammer Niedersachsen zeigt anhand realer Projekte, wie nachhaltiges Bauen, energetische Sanierung und Baukultur zusammen gedacht werden k\u00f6nnen.\u00a0<\/p>\n\n\n\n<h4 class=\"wp-block-heading\">Landkreis G\u00f6ttingen setzt auf klimaneutrales Bauen<\/h4>\n\n\n\n<p>Nachhaltiges Bauen spiele eine wichtige Rolle in der Klimastrategie des Landkreises, so die Erste Kreisr\u00e4tin des Landkreises G\u00f6ttingen, Doreen Fragel. Bereits 2018 beschloss der Kreistag, dass der Landkreis G\u00f6ttingen bis zum Jahr\u00a02040 klimaneutral\u00a0werden soll. Ein wichtiger Bestandteil sei dabei die energetische Sanierung bestehender Geb\u00e4ude und nachhaltige Standards bei Neubauten.\u00a0<\/p>\n\n\n\n\n\n<h4 class=\"wp-block-heading\">Nachhaltige Architektur beginnt beim Geb\u00e4udebestand<\/h4>\n\n\n\n<p>Ein zentraler Gedanke der Ausstellung: Nachhaltigkeit bedeutet nicht unbedingt Neubau. Architektin Susanne Witt brachte es bei der Pr\u00e4sentation auf den Punkt: \u201eDas nachhaltigste Geb\u00e4ude ist ein Geb\u00e4ude, das schon steht.\u201c\u00a0 Denn in bestehenden Geb\u00e4uden steckt sogenannte\u00a0graue Energie\u00a0\u2013 also Ressourcen, die beim Bau bereits verbraucht wurden. Werden Geb\u00e4ude abgerissen, gehen diese Ressourcen verloren und beim Neubau m\u00fcssen neue Materialien eingesetzt werden.<\/p>\n\n\n\n<h4 class=\"wp-block-heading\">Architektenkammer zeigt Beispiele f\u00fcr nachhaltiges Bauen<\/h4>\n\n\n\n<p>Welche M\u00f6glichkeiten nachhaltige Sanierung bietet, erkl\u00e4rte auch\u00a0Gabi von Allw\u00f6rden, Referentin f\u00fcr Nachhaltigkeit und Baukultur bei der Architektenkammer Niedersachsen. \u201eWir sehen hier ausschlie\u00dflich Bestandsbauten\u201c, sagte sie bei der Vorstellung der Ausstellung. Ziel sei es zu zeigen, wie vorhandene Geb\u00e4ude modernisiert und gleichzeitig f\u00fcr die Zukunft weiterentwickelt werden k\u00f6nnen.\u00a0 Dabei gehe es nicht nur um Energieeffizienz, sondern auch um Materialien. Viele Projekte setzen auf \u00f6kologische Baustoffe, recycelte Materialien oder alternative D\u00e4mmstoffe wie Zellulose.<\/p>\n\n\n\n<h4 class=\"wp-block-heading\">Baukultur und Klimaschutz zusammen denken<\/h4>\n\n\n\n<p>Neben technischen L\u00f6sungen spielt auch die regionale Identit\u00e4t der Geb\u00e4ude eine wichtige Rolle. \u201eWenn wir Baukultur sagen, fragen wir auch: Was ist eigentlich typisch f\u00fcr eine Region \u2013 was ist identit\u00e4tsstiftend?\u201c, erkl\u00e4rt von Allw\u00f6rden. Diese Eigenschaften sollen auch bei energetischen Sanierungen erhalten bleiben.\u00a0 Die Ausstellung zeigt deshalb verschiedene Ans\u00e4tze nachhaltiger Architektur, darunter: <\/p>\n\n\n\n<ul class=\"wp-block-list\">\n<li>innovative Fassadenl\u00f6sungen<\/li>\n\n\n\n<li>kreative Umnutzungen bestehender Geb\u00e4ude<\/li>\n\n\n\n<li>gemeinschaftliche Projekte in Ortskernen<\/li>\n\n\n\n<li>energetische Sanierungen von denkmalgesch\u00fctzten Geb\u00e4uden<br><\/li>\n<\/ul>\n\n\n\n\n\n<h4 class=\"wp-block-heading\">Beratung zu energetischer Sanierung und erneuerbaren Energien<\/h4>\n\n\n\n<p>Begleitend zur Ausstellung informiert die Energieagentur G\u00f6ttingen \u00fcber M\u00f6glichkeiten der energetischen Sanierung. B\u00fcrgerinnen und B\u00fcrger k\u00f6nnen sich unter anderem zu folgenden Themen beraten lassen:<\/p>\n\n\n\n<ul class=\"wp-block-list\">\n<li>Nutzung erneuerbarer Energien im eigenen Haus<\/li>\n\n\n\n<li>Alternativen zu \u00d6l- und Gasheizungen<\/li>\n\n\n\n<li>F\u00f6rderprogramme f\u00fcr Geb\u00e4udesanierung<\/li>\n\n\n\n<li>Energieeffizienz bei Wohngeb\u00e4uden<\/li>\n<\/ul>\n\n\n\n<p>Ziel ist es, praktische L\u00f6sungen aufzuzeigen und Eigent\u00fcmerinnen und Eigent\u00fcmer bei der Umsetzung von Klimaschutzma\u00dfnahmen zu unterst\u00fctzen.\u00a0<\/p>\n\n\n\n<h4 class=\"wp-block-heading\">Ausstellung noch bis Ende M\u00e4rz zu sehen<\/h4>\n\n\n\n<p>Die Ausstellung\u00a0\u201eBaukultur trifft Klimaschutz \u2013 Gute Beispiele\u201c\u00a0ist noch bis Ende M\u00e4rz im\u00a0Foyer des Kreishauses G\u00f6ttingen\u00a0zu sehen. Erg\u00e4nzend finden Informationsveranstaltungen und Vortr\u00e4ge rund um nachhaltiges Bauen und Sanieren statt.<\/p>\n\n\n\n<p><strong>Mehr unter: <a href=\"http:\/\/energieagentur-goettingen.de\">energieagentur-goettingen.de<\/a><\/strong><\/p>\n\n\n\n<p class=\"has-text-align-right has-small-font-size\"><strong>Fotos<\/strong>: \u00a9Radio Leinewelle (Ulf Engelmayer)<\/p>\n","protected":false},"excerpt":{"rendered":"<p>Wie k\u00f6nnen Geb\u00e4ude klimafreundlich modernisiert werden, ohne ihre Geschichte zu verlieren? Genau dieser Frage widmet sich die Wanderausstellung\u00a0\u201eBaukultur trifft Klimaschutz \u2013 Gute Beispiele\u201c, die aktuell im Foyer des Kreishauses G\u00f6ttingen zu sehen ist. Die Ausstellung der Architektenkammer Niedersachsen zeigt anhand realer Projekte, wie nachhaltiges Bauen, energetische Sanierung und Baukultur zusammen gedacht werden k\u00f6nnen.\u00a0 Landkreis G\u00f6ttingen [&hellip;]<\/p>\n","protected":false},"author":6,"featured_media":30666,"comment_status":"open","ping_status":"open","sticky":false,"template":"","format":"standard","meta":{"saved_in_kubio":false,"footnotes":""},"categories":[2930,31,520,4195],"tags":[4942,4938,4939,4941,4940],"class_list":["post-30661","post","type-post","status-publish","format-standard","has-post-thumbnail","hentry","category-ausstellungen","category-bauen-verkehr","category-klimawandel","category-nachhaltigkeit","tag-architekturkammer-niedersachsen","tag-baukultur-trifft-klimaschutz","tag-energetische-sanierung","tag-kreishaus-goettingen","tag-nachhaltiges-bauen-goettingen"],"yoast_head":"<!-- This site is optimized with the Yoast SEO plugin v27.4 - https:\/\/yoast.com\/product\/yoast-seo-wordpress\/ -->\n<title>Baukultur trifft Klimaschutz: Ausstellung im Kreishaus G\u00f6ttingen zeigt nachhaltige Architektur - Radio Leinewelle<\/title>\n<meta name=\"description\" content=\"Die Ausstellung \u201eBaukultur trifft Klimaschutz \u2013 Gute Beispiele\u201c zeigt im Kreishaus G\u00f6ttingen nachhaltige Architektur, energetische Sanierung und innovative Bauprojekte.\" \/>\n<meta name=\"robots\" content=\"index, follow, max-snippet:-1, max-image-preview:large, max-video-preview:-1\" \/>\n<link rel=\"canonical\" href=\"https:\/\/radioleinewelle.de\/index.php\/2026\/03\/11\/baukultur-trifft-klimaschutz-ausstellung-im-kreishaus-goettingen-zeigt-nachhaltige-architektur\/\" \/>\n<meta property=\"og:locale\" content=\"de_DE\" \/>\n<meta property=\"og:type\" content=\"article\" \/>\n<meta property=\"og:title\" content=\"Baukultur trifft Klimaschutz: Ausstellung im Kreishaus G\u00f6ttingen zeigt nachhaltige Architektur - Radio Leinewelle\" \/>\n<meta property=\"og:description\" content=\"Die Ausstellung \u201eBaukultur trifft Klimaschutz \u2013 Gute Beispiele\u201c zeigt im Kreishaus G\u00f6ttingen nachhaltige Architektur, energetische Sanierung und innovative Bauprojekte.\" \/>\n<meta property=\"og:url\" content=\"https:\/\/radioleinewelle.de\/index.php\/2026\/03\/11\/baukultur-trifft-klimaschutz-ausstellung-im-kreishaus-goettingen-zeigt-nachhaltige-architektur\/\" \/>\n<meta property=\"og:site_name\" content=\"Radio Leinewelle\" \/>\n<meta property=\"article:publisher\" content=\"https:\/\/www.facebook.com\/radioleinewelle\" \/>\n<meta property=\"article:published_time\" content=\"2026-03-11T10:23:38+00:00\" \/>\n<meta property=\"article:modified_time\" content=\"2026-03-11T10:23:40+00:00\" \/>\n<meta property=\"og:image\" content=\"https:\/\/radioleinewelle.de\/wp-content\/uploads\/2026\/03\/Baukultur-Kreishaus-Gruppenbild.jpg\" \/>\n\t<meta property=\"og:image:width\" content=\"2016\" \/>\n\t<meta property=\"og:image:height\" content=\"1512\" \/>\n\t<meta property=\"og:image:type\" content=\"image\/jpeg\" \/>\n<meta name=\"author\" content=\"Ulf Engelmayer\" \/>\n<meta name=\"twitter:card\" content=\"summary_large_image\" \/>\n<meta name=\"twitter:creator\" content=\"@RLeinewelle\" \/>\n<meta name=\"twitter:site\" content=\"@RLeinewelle\" \/>\n<meta name=\"twitter:label1\" content=\"Verfasst von\" \/>\n\t<meta name=\"twitter:data1\" content=\"Ulf Engelmayer\" \/>\n\t<meta name=\"twitter:label2\" content=\"Gesch\u00e4tzte Lesezeit\" \/>\n\t<meta name=\"twitter:data2\" content=\"3\u00a0Minuten\" \/>\n<script type=\"application\/ld+json\" class=\"yoast-schema-graph\">{\"@context\":\"https:\\\/\\\/schema.org\",\"@graph\":[{\"@type\":\"Article\",\"@id\":\"https:\\\/\\\/radioleinewelle.de\\\/index.php\\\/2026\\\/03\\\/11\\\/baukultur-trifft-klimaschutz-ausstellung-im-kreishaus-goettingen-zeigt-nachhaltige-architektur\\\/#article\",\"isPartOf\":{\"@id\":\"https:\\\/\\\/radioleinewelle.de\\\/index.php\\\/2026\\\/03\\\/11\\\/baukultur-trifft-klimaschutz-ausstellung-im-kreishaus-goettingen-zeigt-nachhaltige-architektur\\\/\"},\"author\":{\"name\":\"Ulf Engelmayer\",\"@id\":\"https:\\\/\\\/radioleinewelle.de\\\/#\\\/schema\\\/person\\\/57bad1d4e916f10da4e6763d01aec895\"},\"headline\":\"Baukultur trifft Klimaschutz: Ausstellung im Kreishaus G\u00f6ttingen zeigt nachhaltige Architektur\",\"datePublished\":\"2026-03-11T10:23:38+00:00\",\"dateModified\":\"2026-03-11T10:23:40+00:00\",\"mainEntityOfPage\":{\"@id\":\"https:\\\/\\\/radioleinewelle.de\\\/index.php\\\/2026\\\/03\\\/11\\\/baukultur-trifft-klimaschutz-ausstellung-im-kreishaus-goettingen-zeigt-nachhaltige-architektur\\\/\"},\"wordCount\":525,\"commentCount\":0,\"publisher\":{\"@id\":\"https:\\\/\\\/radioleinewelle.de\\\/#organization\"},\"image\":{\"@id\":\"https:\\\/\\\/radioleinewelle.de\\\/index.php\\\/2026\\\/03\\\/11\\\/baukultur-trifft-klimaschutz-ausstellung-im-kreishaus-goettingen-zeigt-nachhaltige-architektur\\\/#primaryimage\"},\"thumbnailUrl\":\"https:\\\/\\\/radioleinewelle.de\\\/wp-content\\\/uploads\\\/2026\\\/03\\\/Baukultur-Kreishaus-Gruppenbild.jpg\",\"keywords\":[\"Architekturkammer Niedersachsen\",\"Baukultur trifft Klimaschutz\",\"Energetische Sanierung\",\"Kreishaus G\u00f6ttingen\",\"Nachhaltiges Bauen G\u00f6ttingen\"],\"articleSection\":[\"Ausstellungen\",\"Bauen &amp; Verkehr\",\"Klimawandel\",\"Nachhaltigkeit\"],\"inLanguage\":\"de\",\"potentialAction\":[{\"@type\":\"CommentAction\",\"name\":\"Comment\",\"target\":[\"https:\\\/\\\/radioleinewelle.de\\\/index.php\\\/2026\\\/03\\\/11\\\/baukultur-trifft-klimaschutz-ausstellung-im-kreishaus-goettingen-zeigt-nachhaltige-architektur\\\/#respond\"]}]},{\"@type\":\"WebPage\",\"@id\":\"https:\\\/\\\/radioleinewelle.de\\\/index.php\\\/2026\\\/03\\\/11\\\/baukultur-trifft-klimaschutz-ausstellung-im-kreishaus-goettingen-zeigt-nachhaltige-architektur\\\/\",\"url\":\"https:\\\/\\\/radioleinewelle.de\\\/index.php\\\/2026\\\/03\\\/11\\\/baukultur-trifft-klimaschutz-ausstellung-im-kreishaus-goettingen-zeigt-nachhaltige-architektur\\\/\",\"name\":\"Baukultur trifft Klimaschutz: Ausstellung im Kreishaus G\u00f6ttingen zeigt nachhaltige Architektur - Radio Leinewelle\",\"isPartOf\":{\"@id\":\"https:\\\/\\\/radioleinewelle.de\\\/#website\"},\"primaryImageOfPage\":{\"@id\":\"https:\\\/\\\/radioleinewelle.de\\\/index.php\\\/2026\\\/03\\\/11\\\/baukultur-trifft-klimaschutz-ausstellung-im-kreishaus-goettingen-zeigt-nachhaltige-architektur\\\/#primaryimage\"},\"image\":{\"@id\":\"https:\\\/\\\/radioleinewelle.de\\\/index.php\\\/2026\\\/03\\\/11\\\/baukultur-trifft-klimaschutz-ausstellung-im-kreishaus-goettingen-zeigt-nachhaltige-architektur\\\/#primaryimage\"},\"thumbnailUrl\":\"https:\\\/\\\/radioleinewelle.de\\\/wp-content\\\/uploads\\\/2026\\\/03\\\/Baukultur-Kreishaus-Gruppenbild.jpg\",\"datePublished\":\"2026-03-11T10:23:38+00:00\",\"dateModified\":\"2026-03-11T10:23:40+00:00\",\"description\":\"Die Ausstellung \u201eBaukultur trifft Klimaschutz \u2013 Gute Beispiele\u201c zeigt im Kreishaus G\u00f6ttingen nachhaltige Architektur, energetische Sanierung und innovative Bauprojekte.\",\"breadcrumb\":{\"@id\":\"https:\\\/\\\/radioleinewelle.de\\\/index.php\\\/2026\\\/03\\\/11\\\/baukultur-trifft-klimaschutz-ausstellung-im-kreishaus-goettingen-zeigt-nachhaltige-architektur\\\/#breadcrumb\"},\"inLanguage\":\"de\",\"potentialAction\":[{\"@type\":\"ReadAction\",\"target\":[\"https:\\\/\\\/radioleinewelle.de\\\/index.php\\\/2026\\\/03\\\/11\\\/baukultur-trifft-klimaschutz-ausstellung-im-kreishaus-goettingen-zeigt-nachhaltige-architektur\\\/\"]}]},{\"@type\":\"ImageObject\",\"inLanguage\":\"de\",\"@id\":\"https:\\\/\\\/radioleinewelle.de\\\/index.php\\\/2026\\\/03\\\/11\\\/baukultur-trifft-klimaschutz-ausstellung-im-kreishaus-goettingen-zeigt-nachhaltige-architektur\\\/#primaryimage\",\"url\":\"https:\\\/\\\/radioleinewelle.de\\\/wp-content\\\/uploads\\\/2026\\\/03\\\/Baukultur-Kreishaus-Gruppenbild.jpg\",\"contentUrl\":\"https:\\\/\\\/radioleinewelle.de\\\/wp-content\\\/uploads\\\/2026\\\/03\\\/Baukultur-Kreishaus-Gruppenbild.jpg\",\"width\":2016,\"height\":1512},{\"@type\":\"BreadcrumbList\",\"@id\":\"https:\\\/\\\/radioleinewelle.de\\\/index.php\\\/2026\\\/03\\\/11\\\/baukultur-trifft-klimaschutz-ausstellung-im-kreishaus-goettingen-zeigt-nachhaltige-architektur\\\/#breadcrumb\",\"itemListElement\":[{\"@type\":\"ListItem\",\"position\":1,\"name\":\"Startseite\",\"item\":\"https:\\\/\\\/radioleinewelle.de\\\/\"},{\"@type\":\"ListItem\",\"position\":2,\"name\":\"Baukultur trifft Klimaschutz: Ausstellung im Kreishaus G\u00f6ttingen zeigt nachhaltige Architektur\"}]},{\"@type\":\"WebSite\",\"@id\":\"https:\\\/\\\/radioleinewelle.de\\\/#website\",\"url\":\"https:\\\/\\\/radioleinewelle.de\\\/\",\"name\":\"Radio Leinewelle\",\"description\":\"\",\"publisher\":{\"@id\":\"https:\\\/\\\/radioleinewelle.de\\\/#organization\"},\"potentialAction\":[{\"@type\":\"SearchAction\",\"target\":{\"@type\":\"EntryPoint\",\"urlTemplate\":\"https:\\\/\\\/radioleinewelle.de\\\/?s={search_term_string}\"},\"query-input\":{\"@type\":\"PropertyValueSpecification\",\"valueRequired\":true,\"valueName\":\"search_term_string\"}}],\"inLanguage\":\"de\"},{\"@type\":\"Organization\",\"@id\":\"https:\\\/\\\/radioleinewelle.de\\\/#organization\",\"name\":\"Radio Leinewelle\",\"alternateName\":\"Mein Radio f\u00fcr S\u00fcdniedersachsen\",\"url\":\"https:\\\/\\\/radioleinewelle.de\\\/\",\"logo\":{\"@type\":\"ImageObject\",\"inLanguage\":\"de\",\"@id\":\"https:\\\/\\\/radioleinewelle.de\\\/#\\\/schema\\\/logo\\\/image\\\/\",\"url\":\"https:\\\/\\\/radioleinewelle.de\\\/wp-content\\\/uploads\\\/2023\\\/11\\\/cropped-Leinewelle_Logo_weiss.png\",\"contentUrl\":\"https:\\\/\\\/radioleinewelle.de\\\/wp-content\\\/uploads\\\/2023\\\/11\\\/cropped-Leinewelle_Logo_weiss.png\",\"width\":854,\"height\":260,\"caption\":\"Radio Leinewelle\"},\"image\":{\"@id\":\"https:\\\/\\\/radioleinewelle.de\\\/#\\\/schema\\\/logo\\\/image\\\/\"},\"sameAs\":[\"https:\\\/\\\/www.facebook.com\\\/radioleinewelle\",\"https:\\\/\\\/x.com\\\/RLeinewelle\",\"https:\\\/\\\/www.instagram.com\\\/radioleinewelle\\\/?hl=de\"]},{\"@type\":\"Person\",\"@id\":\"https:\\\/\\\/radioleinewelle.de\\\/#\\\/schema\\\/person\\\/57bad1d4e916f10da4e6763d01aec895\",\"name\":\"Ulf Engelmayer\",\"image\":{\"@type\":\"ImageObject\",\"inLanguage\":\"de\",\"@id\":\"https:\\\/\\\/secure.gravatar.com\\\/avatar\\\/f056d5d62beaff9b66570d67e3e698ea7ff6463d140c80fc667a56e338ecf046?s=96&d=blank&r=g\",\"url\":\"https:\\\/\\\/secure.gravatar.com\\\/avatar\\\/f056d5d62beaff9b66570d67e3e698ea7ff6463d140c80fc667a56e338ecf046?s=96&d=blank&r=g\",\"contentUrl\":\"https:\\\/\\\/secure.gravatar.com\\\/avatar\\\/f056d5d62beaff9b66570d67e3e698ea7ff6463d140c80fc667a56e338ecf046?s=96&d=blank&r=g\",\"caption\":\"Ulf Engelmayer\"},\"url\":\"https:\\\/\\\/radioleinewelle.de\\\/index.php\\\/author\\\/ulf-engelmayer\\\/\"}]}<\/script>\n<!-- \/ Yoast SEO plugin. -->","yoast_head_json":{"title":"Baukultur trifft Klimaschutz: Ausstellung im Kreishaus G\u00f6ttingen zeigt nachhaltige Architektur - Radio Leinewelle","description":"Die Ausstellung \u201eBaukultur trifft Klimaschutz \u2013 Gute Beispiele\u201c zeigt im Kreishaus G\u00f6ttingen nachhaltige Architektur, energetische Sanierung und innovative Bauprojekte.","robots":{"index":"index","follow":"follow","max-snippet":"max-snippet:-1","max-image-preview":"max-image-preview:large","max-video-preview":"max-video-preview:-1"},"canonical":"https:\/\/radioleinewelle.de\/index.php\/2026\/03\/11\/baukultur-trifft-klimaschutz-ausstellung-im-kreishaus-goettingen-zeigt-nachhaltige-architektur\/","og_locale":"de_DE","og_type":"article","og_title":"Baukultur trifft Klimaschutz: Ausstellung im Kreishaus G\u00f6ttingen zeigt nachhaltige Architektur - Radio Leinewelle","og_description":"Die Ausstellung \u201eBaukultur trifft Klimaschutz \u2013 Gute Beispiele\u201c zeigt im Kreishaus G\u00f6ttingen nachhaltige Architektur, energetische Sanierung und innovative Bauprojekte.","og_url":"https:\/\/radioleinewelle.de\/index.php\/2026\/03\/11\/baukultur-trifft-klimaschutz-ausstellung-im-kreishaus-goettingen-zeigt-nachhaltige-architektur\/","og_site_name":"Radio Leinewelle","article_publisher":"https:\/\/www.facebook.com\/radioleinewelle","article_published_time":"2026-03-11T10:23:38+00:00","article_modified_time":"2026-03-11T10:23:40+00:00","og_image":[{"width":2016,"height":1512,"url":"https:\/\/radioleinewelle.de\/wp-content\/uploads\/2026\/03\/Baukultur-Kreishaus-Gruppenbild.jpg","type":"image\/jpeg"}],"author":"Ulf Engelmayer","twitter_card":"summary_large_image","twitter_creator":"@RLeinewelle","twitter_site":"@RLeinewelle","twitter_misc":{"Verfasst von":"Ulf Engelmayer","Gesch\u00e4tzte Lesezeit":"3\u00a0Minuten"},"schema":{"@context":"https:\/\/schema.org","@graph":[{"@type":"Article","@id":"https:\/\/radioleinewelle.de\/index.php\/2026\/03\/11\/baukultur-trifft-klimaschutz-ausstellung-im-kreishaus-goettingen-zeigt-nachhaltige-architektur\/#article","isPartOf":{"@id":"https:\/\/radioleinewelle.de\/index.php\/2026\/03\/11\/baukultur-trifft-klimaschutz-ausstellung-im-kreishaus-goettingen-zeigt-nachhaltige-architektur\/"},"author":{"name":"Ulf Engelmayer","@id":"https:\/\/radioleinewelle.de\/#\/schema\/person\/57bad1d4e916f10da4e6763d01aec895"},"headline":"Baukultur trifft Klimaschutz: Ausstellung im Kreishaus G\u00f6ttingen zeigt nachhaltige Architektur","datePublished":"2026-03-11T10:23:38+00:00","dateModified":"2026-03-11T10:23:40+00:00","mainEntityOfPage":{"@id":"https:\/\/radioleinewelle.de\/index.php\/2026\/03\/11\/baukultur-trifft-klimaschutz-ausstellung-im-kreishaus-goettingen-zeigt-nachhaltige-architektur\/"},"wordCount":525,"commentCount":0,"publisher":{"@id":"https:\/\/radioleinewelle.de\/#organization"},"image":{"@id":"https:\/\/radioleinewelle.de\/index.php\/2026\/03\/11\/baukultur-trifft-klimaschutz-ausstellung-im-kreishaus-goettingen-zeigt-nachhaltige-architektur\/#primaryimage"},"thumbnailUrl":"https:\/\/radioleinewelle.de\/wp-content\/uploads\/2026\/03\/Baukultur-Kreishaus-Gruppenbild.jpg","keywords":["Architekturkammer Niedersachsen","Baukultur trifft Klimaschutz","Energetische Sanierung","Kreishaus G\u00f6ttingen","Nachhaltiges Bauen G\u00f6ttingen"],"articleSection":["Ausstellungen","Bauen &amp; Verkehr","Klimawandel","Nachhaltigkeit"],"inLanguage":"de","potentialAction":[{"@type":"CommentAction","name":"Comment","target":["https:\/\/radioleinewelle.de\/index.php\/2026\/03\/11\/baukultur-trifft-klimaschutz-ausstellung-im-kreishaus-goettingen-zeigt-nachhaltige-architektur\/#respond"]}]},{"@type":"WebPage","@id":"https:\/\/radioleinewelle.de\/index.php\/2026\/03\/11\/baukultur-trifft-klimaschutz-ausstellung-im-kreishaus-goettingen-zeigt-nachhaltige-architektur\/","url":"https:\/\/radioleinewelle.de\/index.php\/2026\/03\/11\/baukultur-trifft-klimaschutz-ausstellung-im-kreishaus-goettingen-zeigt-nachhaltige-architektur\/","name":"Baukultur trifft Klimaschutz: Ausstellung im Kreishaus G\u00f6ttingen zeigt nachhaltige Architektur - Radio Leinewelle","isPartOf":{"@id":"https:\/\/radioleinewelle.de\/#website"},"primaryImageOfPage":{"@id":"https:\/\/radioleinewelle.de\/index.php\/2026\/03\/11\/baukultur-trifft-klimaschutz-ausstellung-im-kreishaus-goettingen-zeigt-nachhaltige-architektur\/#primaryimage"},"image":{"@id":"https:\/\/radioleinewelle.de\/index.php\/2026\/03\/11\/baukultur-trifft-klimaschutz-ausstellung-im-kreishaus-goettingen-zeigt-nachhaltige-architektur\/#primaryimage"},"thumbnailUrl":"https:\/\/radioleinewelle.de\/wp-content\/uploads\/2026\/03\/Baukultur-Kreishaus-Gruppenbild.jpg","datePublished":"2026-03-11T10:23:38+00:00","dateModified":"2026-03-11T10:23:40+00:00","description":"Die Ausstellung \u201eBaukultur trifft Klimaschutz \u2013 Gute Beispiele\u201c zeigt im Kreishaus G\u00f6ttingen nachhaltige Architektur, energetische Sanierung und innovative Bauprojekte.","breadcrumb":{"@id":"https:\/\/radioleinewelle.de\/index.php\/2026\/03\/11\/baukultur-trifft-klimaschutz-ausstellung-im-kreishaus-goettingen-zeigt-nachhaltige-architektur\/#breadcrumb"},"inLanguage":"de","potentialAction":[{"@type":"ReadAction","target":["https:\/\/radioleinewelle.de\/index.php\/2026\/03\/11\/baukultur-trifft-klimaschutz-ausstellung-im-kreishaus-goettingen-zeigt-nachhaltige-architektur\/"]}]},{"@type":"ImageObject","inLanguage":"de","@id":"https:\/\/radioleinewelle.de\/index.php\/2026\/03\/11\/baukultur-trifft-klimaschutz-ausstellung-im-kreishaus-goettingen-zeigt-nachhaltige-architektur\/#primaryimage","url":"https:\/\/radioleinewelle.de\/wp-content\/uploads\/2026\/03\/Baukultur-Kreishaus-Gruppenbild.jpg","contentUrl":"https:\/\/radioleinewelle.de\/wp-content\/uploads\/2026\/03\/Baukultur-Kreishaus-Gruppenbild.jpg","width":2016,"height":1512},{"@type":"BreadcrumbList","@id":"https:\/\/radioleinewelle.de\/index.php\/2026\/03\/11\/baukultur-trifft-klimaschutz-ausstellung-im-kreishaus-goettingen-zeigt-nachhaltige-architektur\/#breadcrumb","itemListElement":[{"@type":"ListItem","position":1,"name":"Startseite","item":"https:\/\/radioleinewelle.de\/"},{"@type":"ListItem","position":2,"name":"Baukultur trifft Klimaschutz: Ausstellung im Kreishaus G\u00f6ttingen zeigt nachhaltige Architektur"}]},{"@type":"WebSite","@id":"https:\/\/radioleinewelle.de\/#website","url":"https:\/\/radioleinewelle.de\/","name":"Radio Leinewelle","description":"","publisher":{"@id":"https:\/\/radioleinewelle.de\/#organization"},"potentialAction":[{"@type":"SearchAction","target":{"@type":"EntryPoint","urlTemplate":"https:\/\/radioleinewelle.de\/?s={search_term_string}"},"query-input":{"@type":"PropertyValueSpecification","valueRequired":true,"valueName":"search_term_string"}}],"inLanguage":"de"},{"@type":"Organization","@id":"https:\/\/radioleinewelle.de\/#organization","name":"Radio Leinewelle","alternateName":"Mein Radio f\u00fcr S\u00fcdniedersachsen","url":"https:\/\/radioleinewelle.de\/","logo":{"@type":"ImageObject","inLanguage":"de","@id":"https:\/\/radioleinewelle.de\/#\/schema\/logo\/image\/","url":"https:\/\/radioleinewelle.de\/wp-content\/uploads\/2023\/11\/cropped-Leinewelle_Logo_weiss.png","contentUrl":"https:\/\/radioleinewelle.de\/wp-content\/uploads\/2023\/11\/cropped-Leinewelle_Logo_weiss.png","width":854,"height":260,"caption":"Radio Leinewelle"},"image":{"@id":"https:\/\/radioleinewelle.de\/#\/schema\/logo\/image\/"},"sameAs":["https:\/\/www.facebook.com\/radioleinewelle","https:\/\/x.com\/RLeinewelle","https:\/\/www.instagram.com\/radioleinewelle\/?hl=de"]},{"@type":"Person","@id":"https:\/\/radioleinewelle.de\/#\/schema\/person\/57bad1d4e916f10da4e6763d01aec895","name":"Ulf Engelmayer","image":{"@type":"ImageObject","inLanguage":"de","@id":"https:\/\/secure.gravatar.com\/avatar\/f056d5d62beaff9b66570d67e3e698ea7ff6463d140c80fc667a56e338ecf046?s=96&d=blank&r=g","url":"https:\/\/secure.gravatar.com\/avatar\/f056d5d62beaff9b66570d67e3e698ea7ff6463d140c80fc667a56e338ecf046?s=96&d=blank&r=g","contentUrl":"https:\/\/secure.gravatar.com\/avatar\/f056d5d62beaff9b66570d67e3e698ea7ff6463d140c80fc667a56e338ecf046?s=96&d=blank&r=g","caption":"Ulf Engelmayer"},"url":"https:\/\/radioleinewelle.de\/index.php\/author\/ulf-engelmayer\/"}]}},"_links":{"self":[{"href":"https:\/\/radioleinewelle.de\/index.php\/wp-json\/wp\/v2\/posts\/30661","targetHints":{"allow":["GET"]}}],"collection":[{"href":"https:\/\/radioleinewelle.de\/index.php\/wp-json\/wp\/v2\/posts"}],"about":[{"href":"https:\/\/radioleinewelle.de\/index.php\/wp-json\/wp\/v2\/types\/post"}],"author":[{"embeddable":true,"href":"https:\/\/radioleinewelle.de\/index.php\/wp-json\/wp\/v2\/users\/6"}],"replies":[{"embeddable":true,"href":"https:\/\/radioleinewelle.de\/index.php\/wp-json\/wp\/v2\/comments?post=30661"}],"version-history":[{"count":13,"href":"https:\/\/radioleinewelle.de\/index.php\/wp-json\/wp\/v2\/posts\/30661\/revisions"}],"predecessor-version":[{"id":30682,"href":"https:\/\/radioleinewelle.de\/index.php\/wp-json\/wp\/v2\/posts\/30661\/revisions\/30682"}],"wp:featuredmedia":[{"embeddable":true,"href":"https:\/\/radioleinewelle.de\/index.php\/wp-json\/wp\/v2\/media\/30666"}],"wp:attachment":[{"href":"https:\/\/radioleinewelle.de\/index.php\/wp-json\/wp\/v2\/media?parent=30661"}],"wp:term":[{"taxonomy":"category","embeddable":true,"href":"https:\/\/radioleinewelle.de\/index.php\/wp-json\/wp\/v2\/categories?post=30661"},{"taxonomy":"post_tag","embeddable":true,"href":"https:\/\/radioleinewelle.de\/index.php\/wp-json\/wp\/v2\/tags?post=30661"}],"curies":[{"name":"wp","href":"https:\/\/api.w.org\/{rel}","templated":true}]}}