{"id":30684,"date":"2026-03-12T11:26:11","date_gmt":"2026-03-12T10:26:11","guid":{"rendered":"https:\/\/radioleinewelle.de\/?p=30684"},"modified":"2026-03-12T11:43:27","modified_gmt":"2026-03-12T10:43:27","slug":"inge-ist-noch-immer-praesent-erinnerungen-an-inge-feltrinelli-im-literaturhaus-goettingen","status":"publish","type":"post","link":"https:\/\/radioleinewelle.de\/index.php\/2026\/03\/12\/inge-ist-noch-immer-praesent-erinnerungen-an-inge-feltrinelli-im-literaturhaus-goettingen\/","title":{"rendered":"\u201eInge ist noch immer pr\u00e4sent\u201c \u2013 Erinnerungen an Inge Feltrinelli im Literaturhaus G\u00f6ttingen"},"content":{"rendered":"\n<div class=\"wp-block-group\"><div class=\"wp-block-group__inner-container is-layout-constrained wp-block-group-is-layout-constrained\">\n<blockquote class=\"wp-block-quote is-layout-flow wp-block-quote-is-layout-flow\">\n<p>\u201eInge ist in unserer Familie immer noch v\u00f6llig pr\u00e4sent. Bei jedem Schritt \u2013 wenn wir B\u00fccher ver\u00f6ffentlichen, wenn wir neue Buchhandlungen er\u00f6ffnen \u2013 ist sie irgendwie dabei.\u201c<\/p>\n\n\n<\/blockquote>\n\n\n\n<p>Mit diesen Worten erinnerte Carlo Feltrinelli an seine Mutter Inge Feltrinelli \u2013 Fotografin, Verlegerin und eine der pr\u00e4genden Figuren des internationalen Literaturbetriebs. Anlass war ein Abend zu Ehren der 2018 verstorbenen Verlegerin im G\u00f6ttinger Literaturhaus. Feltrinelli sprach \u00fcber eine Frau, die trotz eines bewegten Lebens immer eine besondere Lebensfreude ausstrahlte. Acht Jahrzehnte voller Erfahrungen, politischer Umbr\u00fcche und literarischer Begegnungen h\u00e4tten sie stark beeinflusst. Gleichzeitig sei sie gepr\u00e4gt gewesen von einer Gro\u00dfz\u00fcgigkeit gegen\u00fcber Autoren, Freunden und ihrer Familie. Dass ihr Einfluss bis heute sp\u00fcrbar ist, zeigte Feltrinelli an vielen Beispielen aus der Gegenwart des Verlags. Noch immer begleite sie gewisserma\u00dfen die Arbeit der Familie: bei der Ver\u00f6ffentlichung neuer B\u00fccher, bei der Er\u00f6ffnung von Buchhandlungen oder bei kulturellen Projekten der Feltrinelli-Stiftung. Erst vor kurzem habe man in Montevideo eine  neue Buchhandlung er\u00f6ffnet \u2013 ein Ereignis, das zu einem nationalen Kulturfest geworden sei. \u201eAber die Regie war immer von Inge\u201c, sagte ihr Sohn.<\/p>\n\n\n\n<p>Der Abend im vollbesetzten Literaturhaus war zugleich eine Erinnerung an eine au\u00dfergew\u00f6hnliche Biografie. Inge Feltrinelli, geboren als Inge Sch\u00f6nthal, begann ihre Karriere als Fotografin und portr\u00e4tierte in den 1950er-Jahren zahlreiche Schriftsteller und Intellektuelle. Nach dem Tod ihres Mannes Giangiacomo Feltrinelli \u00fcbernahm sie die Leitung des italienischen Verlagshauses und machte es zu einem der bedeutendsten Literaturverlage Europas.<\/p>\n\n\n\n<div class=\"wp-block-group\"><div class=\"wp-block-group__inner-container is-layout-constrained wp-block-group-is-layout-constrained\">\n<div class=\"wp-block-columns is-layout-flex wp-container-core-columns-is-layout-9d6595d7 wp-block-columns-is-layout-flex\">\n<div class=\"wp-block-column is-layout-flow wp-block-column-is-layout-flow\" style=\"flex-basis:100%\"><\/div>\n<\/div>\n<\/div><\/div>\n\n\n\n\n\n<p class=\"has-text-align-center\"><strong>Inge ist in unserer Familie immer noch v\u00f6llig pr\u00e4sent. Bei jedem Schritt \u2013 wenn wir B\u00fccher ver\u00f6ffentlichen, wenn wir neue Buchhandlungen er\u00f6ffnen \u2013 ist sie irgendwie dabei.<\/strong><br>Carlo  Feltrinelli<\/p>\n\n\n\n\n\n<p style=\"border-style:none;border-width:0px\">Eine besondere Verbindung besteht auch zu G\u00f6ttingen. Hier verbrachte Inge Feltrinelli einen Teil ihrer Jugend und kehrte sp\u00e4ter immer wieder in die Stadt zur\u00fcck \u2013 als Fotografin, Verlegerin und literarische Pers\u00f6nlichkeit. Im Literaturhaus erinnerten nun Weggef\u00e4hrten und Familie an diese au\u00dfergew\u00f6hnliche Frau und daran, wie stark ihr Einfluss bis heute wirkt. Die Biografie des Schweizer Autors Marco Meier f\u00fchrt die Leser*innen tief in die Nachkriegszeit. Dort, wo die Kulturszene noch \u00fcberschaubar war und Quereinsteigerinnen wie Inge Feltrinelli schnell Karriere machen konnten. Der Schriftsteller und Verleger Michael Kr\u00fcger kannte diese faszinierende Frau  pers\u00f6nlich und konnte so manche  Anekdote anf\u00fcgen. Viele G\u00f6ttinger*innen werden sich  an ihre Fotoausstellung im Alten Rathaus erinnern &#8211; der Fotoband mit ihren besten Bildern (erschienen bei Steidl) ist mittlerweile eine gesuchte Rarit\u00e4t. Auch wenn man sich eine st\u00e4rkere Einbeziehung von Carlo Feltrinelli in das Gespr\u00e4ch gew\u00fcnscht h\u00e4tte, war es ein hochunterhaltsamer Abend im G\u00f6ttinger Literaturhaus.<\/p>\n\n\n\n<div class=\"wp-block-group\"><div class=\"wp-block-group__inner-container is-layout-constrained wp-block-group-is-layout-constrained\">\n<div class=\"wp-block-group has-border-color has-kubio-color-2-border-color is-vertical is-layout-flex wp-container-core-group-is-layout-8cf370e7 wp-block-group-is-layout-flex\" style=\"border-width:2px\">\n<p class=\"has-text-align-left has-background\" style=\"background-color:#f0ebeb\"><strong>\u00dcber den Feltrinelli Verlag<\/strong><br>Der\u00a0Feltrinelli Verlag\u00a0geh\u00f6rt zu den bedeutendsten unabh\u00e4ngigen Verlagen Italiens. Er wurde 1954 von dem Verleger und politischen Aktivisten Giangiacomo Feltrinelli gegr\u00fcndet, der aus einer wohlhabenden Industriellenfamilie stammte. Sein Ziel war es, Literatur zu ver\u00f6ffentlichen, die politisch und gesellschaftlich relevant ist. International bekannt wurde der Verlag bereits in den 1950er-Jahren durch zwei spektakul\u00e4re Ver\u00f6ffentlichungen: den Roman\u00a0&#8222;Doktor Schiwago&#8220;\u00a0von\u00a0Boris Pasternak\u00a0(1957), der in der Sowjetunion verboten war, sowie\u00a0&#8222;Der Leopard&#8220;\u00a0von\u00a0Giuseppe Tomasi di Lampedusa\u00a0(1958), der zu einem Klassiker der italienischen Literatur wurde. In den 1960er-Jahren entwickelte sich der Verlag zu einer wichtigen Plattform f\u00fcr linke, gesellschaftskritische und internationale Literatur. Nach dem Tod des Gr\u00fcnders im Jahr 1972 wurde das Unternehmen von seiner Familie weitergef\u00fchrt und professionalisiert. Heute ist Feltrinelli Teil der\u00a0Gruppo Feltrinelli, zu der neben dem Verlag auch ein gro\u00dfes Netzwerk von Buchhandlungen in ganz Italien geh\u00f6rt. Das Unternehmen ver\u00f6ffentlicht Belletristik, Sachb\u00fccher und politische Literatur und z\u00e4hlt zu den einflussreichsten Akteuren im italienischen Buchmarkt. Feltrinelli steht bis heute f\u00fcr literarische Entdeckungen, internationale Autoren und politisch engagiertes Publizieren.<\/p>\n<\/div>\n<\/div><\/div>\n\n\n\n<p>Das Buch &#8222;Inge Feltrinelli  &#8211; Das erste Leben&#8220; von Marco Meier ist erschienen bei Rowohlt (Hardcover mit gelben Leseb\u00e4ndchen und Bildern) zum Preis von 28\u20ac.<br>Infos zum Programm des literarischen Zentrums finden sich <strong><a href=\"hier:\">hier:<\/a><\/strong><br>Eine Buchkritik zu Marco Meiers Buch gibt es am 17.03. in der Radio Lounge<\/p>\n\n\n\n<p class=\"has-text-align-right has-small-font-size\"><strong>Fotos: <\/strong>\u00a9Radio Leinewelle (Jutta Engelmayer)<\/p>\n\n\n\n<p><\/p>\n<\/div><\/div>\n","protected":false},"excerpt":{"rendered":"<p>\u201eInge ist in unserer Familie immer noch v\u00f6llig pr\u00e4sent. Bei jedem Schritt \u2013 wenn wir B\u00fccher ver\u00f6ffentlichen, wenn wir neue Buchhandlungen er\u00f6ffnen \u2013 ist sie irgendwie dabei.\u201c Mit diesen Worten erinnerte Carlo Feltrinelli an seine Mutter Inge Feltrinelli \u2013 Fotografin, Verlegerin und eine der pr\u00e4genden Figuren des internationalen Literaturbetriebs. Anlass war ein Abend zu Ehren [&hellip;]<\/p>\n","protected":false},"author":1,"featured_media":30694,"comment_status":"open","ping_status":"open","sticky":false,"template":"","format":"standard","meta":{"saved_in_kubio":false,"footnotes":""},"categories":[3273,45],"tags":[4944,4947,4945,3677,3182,4948,4949,203,3641],"class_list":["post-30684","post","type-post","status-publish","format-standard","has-post-thumbnail","hentry","category-buchkritik","category-kultur","tag-carlo-feltrinelli","tag-feltrinelli-verlag","tag-inge-feltrinelli","tag-literarisches-zentrum-goettingen","tag-literaturhaus-goettingen","tag-marco-meier","tag-michael-krueger","tag-rowohlt-verlag","tag-steidl-verlag"],"yoast_head":"<!-- This site is optimized with the Yoast SEO plugin v27.5 - https:\/\/yoast.com\/product\/yoast-seo-wordpress\/ -->\n<title>\u201eInge ist noch immer pr\u00e4sent\u201c \u2013 Erinnerungen an Inge Feltrinelli im Literaturhaus G\u00f6ttingen - Radio Leinewelle<\/title>\n<meta name=\"description\" content=\"Im Literaturhaus G\u00f6ttingen erinnerten Carlo Feltrinelli, Marco Meier und Michael Kr\u00fcger an die Verlegerin Inge Feltrinelli und ihre besondere Verbindung zur Stadt.\" \/>\n<meta name=\"robots\" content=\"index, follow, max-snippet:-1, max-image-preview:large, max-video-preview:-1\" \/>\n<link rel=\"canonical\" href=\"https:\/\/radioleinewelle.de\/index.php\/2026\/03\/12\/inge-ist-noch-immer-praesent-erinnerungen-an-inge-feltrinelli-im-literaturhaus-goettingen\/\" \/>\n<meta property=\"og:locale\" content=\"de_DE\" \/>\n<meta property=\"og:type\" content=\"article\" \/>\n<meta property=\"og:title\" content=\"\u201eInge ist noch immer pr\u00e4sent\u201c \u2013 Erinnerungen an Inge Feltrinelli im Literaturhaus G\u00f6ttingen - Radio Leinewelle\" \/>\n<meta property=\"og:description\" content=\"Im Literaturhaus G\u00f6ttingen erinnerten Carlo Feltrinelli, Marco Meier und Michael Kr\u00fcger an die Verlegerin Inge Feltrinelli und ihre besondere Verbindung zur Stadt.\" \/>\n<meta property=\"og:url\" content=\"https:\/\/radioleinewelle.de\/index.php\/2026\/03\/12\/inge-ist-noch-immer-praesent-erinnerungen-an-inge-feltrinelli-im-literaturhaus-goettingen\/\" \/>\n<meta property=\"og:site_name\" content=\"Radio Leinewelle\" \/>\n<meta property=\"article:publisher\" content=\"https:\/\/www.facebook.com\/radioleinewelle\" \/>\n<meta property=\"article:author\" content=\"https:\/\/www.facebook.com\/radioleinewelle\" \/>\n<meta property=\"article:published_time\" content=\"2026-03-12T10:26:11+00:00\" \/>\n<meta property=\"article:modified_time\" content=\"2026-03-12T10:43:27+00:00\" \/>\n<meta property=\"og:image\" content=\"https:\/\/radioleinewelle.de\/wp-content\/uploads\/2026\/03\/IMG_1945.jpg\" \/>\n\t<meta property=\"og:image:width\" content=\"2016\" \/>\n\t<meta property=\"og:image:height\" content=\"1512\" \/>\n\t<meta property=\"og:image:type\" content=\"image\/jpeg\" \/>\n<meta name=\"author\" content=\"Leinewelle\" \/>\n<meta name=\"twitter:card\" content=\"summary_large_image\" \/>\n<meta name=\"twitter:creator\" content=\"@https:\/\/twitter.com\/RLeinewelle?ref_src=twsrcgoogletwcampserptwgrauthor\" \/>\n<meta name=\"twitter:site\" content=\"@RLeinewelle\" \/>\n<meta name=\"twitter:label1\" content=\"Verfasst von\" \/>\n\t<meta name=\"twitter:data1\" content=\"Leinewelle\" \/>\n\t<meta name=\"twitter:label2\" content=\"Gesch\u00e4tzte Lesezeit\" \/>\n\t<meta name=\"twitter:data2\" content=\"4\u00a0Minuten\" \/>\n<script type=\"application\/ld+json\" class=\"yoast-schema-graph\">{\"@context\":\"https:\\\/\\\/schema.org\",\"@graph\":[{\"@type\":\"Article\",\"@id\":\"https:\\\/\\\/radioleinewelle.de\\\/index.php\\\/2026\\\/03\\\/12\\\/inge-ist-noch-immer-praesent-erinnerungen-an-inge-feltrinelli-im-literaturhaus-goettingen\\\/#article\",\"isPartOf\":{\"@id\":\"https:\\\/\\\/radioleinewelle.de\\\/index.php\\\/2026\\\/03\\\/12\\\/inge-ist-noch-immer-praesent-erinnerungen-an-inge-feltrinelli-im-literaturhaus-goettingen\\\/\"},\"author\":{\"name\":\"Leinewelle\",\"@id\":\"https:\\\/\\\/radioleinewelle.de\\\/#\\\/schema\\\/person\\\/45606f348637df637192dc1b68399a63\"},\"headline\":\"\u201eInge ist noch immer pr\u00e4sent\u201c \u2013 Erinnerungen an Inge Feltrinelli im Literaturhaus G\u00f6ttingen\",\"datePublished\":\"2026-03-12T10:26:11+00:00\",\"dateModified\":\"2026-03-12T10:43:27+00:00\",\"mainEntityOfPage\":{\"@id\":\"https:\\\/\\\/radioleinewelle.de\\\/index.php\\\/2026\\\/03\\\/12\\\/inge-ist-noch-immer-praesent-erinnerungen-an-inge-feltrinelli-im-literaturhaus-goettingen\\\/\"},\"wordCount\":708,\"commentCount\":0,\"publisher\":{\"@id\":\"https:\\\/\\\/radioleinewelle.de\\\/#organization\"},\"image\":{\"@id\":\"https:\\\/\\\/radioleinewelle.de\\\/index.php\\\/2026\\\/03\\\/12\\\/inge-ist-noch-immer-praesent-erinnerungen-an-inge-feltrinelli-im-literaturhaus-goettingen\\\/#primaryimage\"},\"thumbnailUrl\":\"https:\\\/\\\/radioleinewelle.de\\\/wp-content\\\/uploads\\\/2026\\\/03\\\/IMG_1945.jpg\",\"keywords\":[\"Carlo Feltrinelli\",\"feltrinelli verlag\",\"Inge Feltrinelli\",\"Literarisches Zentrum G\u00f6ttingen\",\"Literaturhaus G\u00f6ttingen\",\"Marco Meier\",\"Michael Kr\u00fcger\",\"Rowohlt verlag\",\"Steidl verlag\"],\"articleSection\":[\"Buchkritik\",\"Kultur\"],\"inLanguage\":\"de\",\"potentialAction\":[{\"@type\":\"CommentAction\",\"name\":\"Comment\",\"target\":[\"https:\\\/\\\/radioleinewelle.de\\\/index.php\\\/2026\\\/03\\\/12\\\/inge-ist-noch-immer-praesent-erinnerungen-an-inge-feltrinelli-im-literaturhaus-goettingen\\\/#respond\"]}]},{\"@type\":\"WebPage\",\"@id\":\"https:\\\/\\\/radioleinewelle.de\\\/index.php\\\/2026\\\/03\\\/12\\\/inge-ist-noch-immer-praesent-erinnerungen-an-inge-feltrinelli-im-literaturhaus-goettingen\\\/\",\"url\":\"https:\\\/\\\/radioleinewelle.de\\\/index.php\\\/2026\\\/03\\\/12\\\/inge-ist-noch-immer-praesent-erinnerungen-an-inge-feltrinelli-im-literaturhaus-goettingen\\\/\",\"name\":\"\u201eInge ist noch immer pr\u00e4sent\u201c \u2013 Erinnerungen an Inge Feltrinelli im Literaturhaus G\u00f6ttingen - Radio Leinewelle\",\"isPartOf\":{\"@id\":\"https:\\\/\\\/radioleinewelle.de\\\/#website\"},\"primaryImageOfPage\":{\"@id\":\"https:\\\/\\\/radioleinewelle.de\\\/index.php\\\/2026\\\/03\\\/12\\\/inge-ist-noch-immer-praesent-erinnerungen-an-inge-feltrinelli-im-literaturhaus-goettingen\\\/#primaryimage\"},\"image\":{\"@id\":\"https:\\\/\\\/radioleinewelle.de\\\/index.php\\\/2026\\\/03\\\/12\\\/inge-ist-noch-immer-praesent-erinnerungen-an-inge-feltrinelli-im-literaturhaus-goettingen\\\/#primaryimage\"},\"thumbnailUrl\":\"https:\\\/\\\/radioleinewelle.de\\\/wp-content\\\/uploads\\\/2026\\\/03\\\/IMG_1945.jpg\",\"datePublished\":\"2026-03-12T10:26:11+00:00\",\"dateModified\":\"2026-03-12T10:43:27+00:00\",\"description\":\"Im Literaturhaus G\u00f6ttingen erinnerten Carlo Feltrinelli, Marco Meier und Michael Kr\u00fcger an die Verlegerin Inge Feltrinelli und ihre besondere Verbindung zur Stadt.\",\"breadcrumb\":{\"@id\":\"https:\\\/\\\/radioleinewelle.de\\\/index.php\\\/2026\\\/03\\\/12\\\/inge-ist-noch-immer-praesent-erinnerungen-an-inge-feltrinelli-im-literaturhaus-goettingen\\\/#breadcrumb\"},\"inLanguage\":\"de\",\"potentialAction\":[{\"@type\":\"ReadAction\",\"target\":[\"https:\\\/\\\/radioleinewelle.de\\\/index.php\\\/2026\\\/03\\\/12\\\/inge-ist-noch-immer-praesent-erinnerungen-an-inge-feltrinelli-im-literaturhaus-goettingen\\\/\"]}]},{\"@type\":\"ImageObject\",\"inLanguage\":\"de\",\"@id\":\"https:\\\/\\\/radioleinewelle.de\\\/index.php\\\/2026\\\/03\\\/12\\\/inge-ist-noch-immer-praesent-erinnerungen-an-inge-feltrinelli-im-literaturhaus-goettingen\\\/#primaryimage\",\"url\":\"https:\\\/\\\/radioleinewelle.de\\\/wp-content\\\/uploads\\\/2026\\\/03\\\/IMG_1945.jpg\",\"contentUrl\":\"https:\\\/\\\/radioleinewelle.de\\\/wp-content\\\/uploads\\\/2026\\\/03\\\/IMG_1945.jpg\",\"width\":2016,\"height\":1512},{\"@type\":\"BreadcrumbList\",\"@id\":\"https:\\\/\\\/radioleinewelle.de\\\/index.php\\\/2026\\\/03\\\/12\\\/inge-ist-noch-immer-praesent-erinnerungen-an-inge-feltrinelli-im-literaturhaus-goettingen\\\/#breadcrumb\",\"itemListElement\":[{\"@type\":\"ListItem\",\"position\":1,\"name\":\"Startseite\",\"item\":\"https:\\\/\\\/radioleinewelle.de\\\/\"},{\"@type\":\"ListItem\",\"position\":2,\"name\":\"\u201eInge ist noch immer pr\u00e4sent\u201c \u2013 Erinnerungen an Inge Feltrinelli im Literaturhaus G\u00f6ttingen\"}]},{\"@type\":\"WebSite\",\"@id\":\"https:\\\/\\\/radioleinewelle.de\\\/#website\",\"url\":\"https:\\\/\\\/radioleinewelle.de\\\/\",\"name\":\"Radio Leinewelle\",\"description\":\"\",\"publisher\":{\"@id\":\"https:\\\/\\\/radioleinewelle.de\\\/#organization\"},\"potentialAction\":[{\"@type\":\"SearchAction\",\"target\":{\"@type\":\"EntryPoint\",\"urlTemplate\":\"https:\\\/\\\/radioleinewelle.de\\\/?s={search_term_string}\"},\"query-input\":{\"@type\":\"PropertyValueSpecification\",\"valueRequired\":true,\"valueName\":\"search_term_string\"}}],\"inLanguage\":\"de\"},{\"@type\":\"Organization\",\"@id\":\"https:\\\/\\\/radioleinewelle.de\\\/#organization\",\"name\":\"Radio Leinewelle\",\"alternateName\":\"Mein Radio f\u00fcr S\u00fcdniedersachsen\",\"url\":\"https:\\\/\\\/radioleinewelle.de\\\/\",\"logo\":{\"@type\":\"ImageObject\",\"inLanguage\":\"de\",\"@id\":\"https:\\\/\\\/radioleinewelle.de\\\/#\\\/schema\\\/logo\\\/image\\\/\",\"url\":\"https:\\\/\\\/radioleinewelle.de\\\/wp-content\\\/uploads\\\/2023\\\/11\\\/cropped-Leinewelle_Logo_weiss.png\",\"contentUrl\":\"https:\\\/\\\/radioleinewelle.de\\\/wp-content\\\/uploads\\\/2023\\\/11\\\/cropped-Leinewelle_Logo_weiss.png\",\"width\":854,\"height\":260,\"caption\":\"Radio Leinewelle\"},\"image\":{\"@id\":\"https:\\\/\\\/radioleinewelle.de\\\/#\\\/schema\\\/logo\\\/image\\\/\"},\"sameAs\":[\"https:\\\/\\\/www.facebook.com\\\/radioleinewelle\",\"https:\\\/\\\/x.com\\\/RLeinewelle\",\"https:\\\/\\\/www.instagram.com\\\/radioleinewelle\\\/?hl=de\"]},{\"@type\":\"Person\",\"@id\":\"https:\\\/\\\/radioleinewelle.de\\\/#\\\/schema\\\/person\\\/45606f348637df637192dc1b68399a63\",\"name\":\"Leinewelle\",\"image\":{\"@type\":\"ImageObject\",\"inLanguage\":\"de\",\"@id\":\"https:\\\/\\\/secure.gravatar.com\\\/avatar\\\/05c9a17bc973052ee5d91549bd32fb4dd0dc85b7b85ae94b2e2b4943476bbea5?s=96&d=blank&r=g\",\"url\":\"https:\\\/\\\/secure.gravatar.com\\\/avatar\\\/05c9a17bc973052ee5d91549bd32fb4dd0dc85b7b85ae94b2e2b4943476bbea5?s=96&d=blank&r=g\",\"contentUrl\":\"https:\\\/\\\/secure.gravatar.com\\\/avatar\\\/05c9a17bc973052ee5d91549bd32fb4dd0dc85b7b85ae94b2e2b4943476bbea5?s=96&d=blank&r=g\",\"caption\":\"Leinewelle\"},\"sameAs\":[\"http:\\\/\\\/localhost\\\/radio%20leinewelle\\\/wordpress\",\"https:\\\/\\\/www.facebook.com\\\/radioleinewelle\",\"https:\\\/\\\/www.instagram.com\\\/radioleinewelle\",\"https:\\\/\\\/x.com\\\/https:\\\/\\\/twitter.com\\\/RLeinewelle?ref_src=twsrcgoogletwcampserptwgrauthor\",\"https:\\\/\\\/soundcloud.com\\\/foerderverein-lokalradio?utm_source=clipboard&utm_medium=text&utm_campaign=social_sharing\"],\"url\":\"https:\\\/\\\/radioleinewelle.de\\\/index.php\\\/author\\\/leinewelle\\\/\"}]}<\/script>\n<!-- \/ Yoast SEO plugin. -->","yoast_head_json":{"title":"\u201eInge ist noch immer pr\u00e4sent\u201c \u2013 Erinnerungen an Inge Feltrinelli im Literaturhaus G\u00f6ttingen - Radio Leinewelle","description":"Im Literaturhaus G\u00f6ttingen erinnerten Carlo Feltrinelli, Marco Meier und Michael Kr\u00fcger an die Verlegerin Inge Feltrinelli und ihre besondere Verbindung zur Stadt.","robots":{"index":"index","follow":"follow","max-snippet":"max-snippet:-1","max-image-preview":"max-image-preview:large","max-video-preview":"max-video-preview:-1"},"canonical":"https:\/\/radioleinewelle.de\/index.php\/2026\/03\/12\/inge-ist-noch-immer-praesent-erinnerungen-an-inge-feltrinelli-im-literaturhaus-goettingen\/","og_locale":"de_DE","og_type":"article","og_title":"\u201eInge ist noch immer pr\u00e4sent\u201c \u2013 Erinnerungen an Inge Feltrinelli im Literaturhaus G\u00f6ttingen - Radio Leinewelle","og_description":"Im Literaturhaus G\u00f6ttingen erinnerten Carlo Feltrinelli, Marco Meier und Michael Kr\u00fcger an die Verlegerin Inge Feltrinelli und ihre besondere Verbindung zur Stadt.","og_url":"https:\/\/radioleinewelle.de\/index.php\/2026\/03\/12\/inge-ist-noch-immer-praesent-erinnerungen-an-inge-feltrinelli-im-literaturhaus-goettingen\/","og_site_name":"Radio Leinewelle","article_publisher":"https:\/\/www.facebook.com\/radioleinewelle","article_author":"https:\/\/www.facebook.com\/radioleinewelle","article_published_time":"2026-03-12T10:26:11+00:00","article_modified_time":"2026-03-12T10:43:27+00:00","og_image":[{"width":2016,"height":1512,"url":"https:\/\/radioleinewelle.de\/wp-content\/uploads\/2026\/03\/IMG_1945.jpg","type":"image\/jpeg"}],"author":"Leinewelle","twitter_card":"summary_large_image","twitter_creator":"@https:\/\/twitter.com\/RLeinewelle?ref_src=twsrcgoogletwcampserptwgrauthor","twitter_site":"@RLeinewelle","twitter_misc":{"Verfasst von":"Leinewelle","Gesch\u00e4tzte Lesezeit":"4\u00a0Minuten"},"schema":{"@context":"https:\/\/schema.org","@graph":[{"@type":"Article","@id":"https:\/\/radioleinewelle.de\/index.php\/2026\/03\/12\/inge-ist-noch-immer-praesent-erinnerungen-an-inge-feltrinelli-im-literaturhaus-goettingen\/#article","isPartOf":{"@id":"https:\/\/radioleinewelle.de\/index.php\/2026\/03\/12\/inge-ist-noch-immer-praesent-erinnerungen-an-inge-feltrinelli-im-literaturhaus-goettingen\/"},"author":{"name":"Leinewelle","@id":"https:\/\/radioleinewelle.de\/#\/schema\/person\/45606f348637df637192dc1b68399a63"},"headline":"\u201eInge ist noch immer pr\u00e4sent\u201c \u2013 Erinnerungen an Inge Feltrinelli im Literaturhaus G\u00f6ttingen","datePublished":"2026-03-12T10:26:11+00:00","dateModified":"2026-03-12T10:43:27+00:00","mainEntityOfPage":{"@id":"https:\/\/radioleinewelle.de\/index.php\/2026\/03\/12\/inge-ist-noch-immer-praesent-erinnerungen-an-inge-feltrinelli-im-literaturhaus-goettingen\/"},"wordCount":708,"commentCount":0,"publisher":{"@id":"https:\/\/radioleinewelle.de\/#organization"},"image":{"@id":"https:\/\/radioleinewelle.de\/index.php\/2026\/03\/12\/inge-ist-noch-immer-praesent-erinnerungen-an-inge-feltrinelli-im-literaturhaus-goettingen\/#primaryimage"},"thumbnailUrl":"https:\/\/radioleinewelle.de\/wp-content\/uploads\/2026\/03\/IMG_1945.jpg","keywords":["Carlo Feltrinelli","feltrinelli verlag","Inge Feltrinelli","Literarisches Zentrum G\u00f6ttingen","Literaturhaus G\u00f6ttingen","Marco Meier","Michael Kr\u00fcger","Rowohlt verlag","Steidl verlag"],"articleSection":["Buchkritik","Kultur"],"inLanguage":"de","potentialAction":[{"@type":"CommentAction","name":"Comment","target":["https:\/\/radioleinewelle.de\/index.php\/2026\/03\/12\/inge-ist-noch-immer-praesent-erinnerungen-an-inge-feltrinelli-im-literaturhaus-goettingen\/#respond"]}]},{"@type":"WebPage","@id":"https:\/\/radioleinewelle.de\/index.php\/2026\/03\/12\/inge-ist-noch-immer-praesent-erinnerungen-an-inge-feltrinelli-im-literaturhaus-goettingen\/","url":"https:\/\/radioleinewelle.de\/index.php\/2026\/03\/12\/inge-ist-noch-immer-praesent-erinnerungen-an-inge-feltrinelli-im-literaturhaus-goettingen\/","name":"\u201eInge ist noch immer pr\u00e4sent\u201c \u2013 Erinnerungen an Inge Feltrinelli im Literaturhaus G\u00f6ttingen - Radio Leinewelle","isPartOf":{"@id":"https:\/\/radioleinewelle.de\/#website"},"primaryImageOfPage":{"@id":"https:\/\/radioleinewelle.de\/index.php\/2026\/03\/12\/inge-ist-noch-immer-praesent-erinnerungen-an-inge-feltrinelli-im-literaturhaus-goettingen\/#primaryimage"},"image":{"@id":"https:\/\/radioleinewelle.de\/index.php\/2026\/03\/12\/inge-ist-noch-immer-praesent-erinnerungen-an-inge-feltrinelli-im-literaturhaus-goettingen\/#primaryimage"},"thumbnailUrl":"https:\/\/radioleinewelle.de\/wp-content\/uploads\/2026\/03\/IMG_1945.jpg","datePublished":"2026-03-12T10:26:11+00:00","dateModified":"2026-03-12T10:43:27+00:00","description":"Im Literaturhaus G\u00f6ttingen erinnerten Carlo Feltrinelli, Marco Meier und Michael Kr\u00fcger an die Verlegerin Inge Feltrinelli und ihre besondere Verbindung zur Stadt.","breadcrumb":{"@id":"https:\/\/radioleinewelle.de\/index.php\/2026\/03\/12\/inge-ist-noch-immer-praesent-erinnerungen-an-inge-feltrinelli-im-literaturhaus-goettingen\/#breadcrumb"},"inLanguage":"de","potentialAction":[{"@type":"ReadAction","target":["https:\/\/radioleinewelle.de\/index.php\/2026\/03\/12\/inge-ist-noch-immer-praesent-erinnerungen-an-inge-feltrinelli-im-literaturhaus-goettingen\/"]}]},{"@type":"ImageObject","inLanguage":"de","@id":"https:\/\/radioleinewelle.de\/index.php\/2026\/03\/12\/inge-ist-noch-immer-praesent-erinnerungen-an-inge-feltrinelli-im-literaturhaus-goettingen\/#primaryimage","url":"https:\/\/radioleinewelle.de\/wp-content\/uploads\/2026\/03\/IMG_1945.jpg","contentUrl":"https:\/\/radioleinewelle.de\/wp-content\/uploads\/2026\/03\/IMG_1945.jpg","width":2016,"height":1512},{"@type":"BreadcrumbList","@id":"https:\/\/radioleinewelle.de\/index.php\/2026\/03\/12\/inge-ist-noch-immer-praesent-erinnerungen-an-inge-feltrinelli-im-literaturhaus-goettingen\/#breadcrumb","itemListElement":[{"@type":"ListItem","position":1,"name":"Startseite","item":"https:\/\/radioleinewelle.de\/"},{"@type":"ListItem","position":2,"name":"\u201eInge ist noch immer pr\u00e4sent\u201c \u2013 Erinnerungen an Inge Feltrinelli im Literaturhaus G\u00f6ttingen"}]},{"@type":"WebSite","@id":"https:\/\/radioleinewelle.de\/#website","url":"https:\/\/radioleinewelle.de\/","name":"Radio Leinewelle","description":"","publisher":{"@id":"https:\/\/radioleinewelle.de\/#organization"},"potentialAction":[{"@type":"SearchAction","target":{"@type":"EntryPoint","urlTemplate":"https:\/\/radioleinewelle.de\/?s={search_term_string}"},"query-input":{"@type":"PropertyValueSpecification","valueRequired":true,"valueName":"search_term_string"}}],"inLanguage":"de"},{"@type":"Organization","@id":"https:\/\/radioleinewelle.de\/#organization","name":"Radio Leinewelle","alternateName":"Mein Radio f\u00fcr S\u00fcdniedersachsen","url":"https:\/\/radioleinewelle.de\/","logo":{"@type":"ImageObject","inLanguage":"de","@id":"https:\/\/radioleinewelle.de\/#\/schema\/logo\/image\/","url":"https:\/\/radioleinewelle.de\/wp-content\/uploads\/2023\/11\/cropped-Leinewelle_Logo_weiss.png","contentUrl":"https:\/\/radioleinewelle.de\/wp-content\/uploads\/2023\/11\/cropped-Leinewelle_Logo_weiss.png","width":854,"height":260,"caption":"Radio Leinewelle"},"image":{"@id":"https:\/\/radioleinewelle.de\/#\/schema\/logo\/image\/"},"sameAs":["https:\/\/www.facebook.com\/radioleinewelle","https:\/\/x.com\/RLeinewelle","https:\/\/www.instagram.com\/radioleinewelle\/?hl=de"]},{"@type":"Person","@id":"https:\/\/radioleinewelle.de\/#\/schema\/person\/45606f348637df637192dc1b68399a63","name":"Leinewelle","image":{"@type":"ImageObject","inLanguage":"de","@id":"https:\/\/secure.gravatar.com\/avatar\/05c9a17bc973052ee5d91549bd32fb4dd0dc85b7b85ae94b2e2b4943476bbea5?s=96&d=blank&r=g","url":"https:\/\/secure.gravatar.com\/avatar\/05c9a17bc973052ee5d91549bd32fb4dd0dc85b7b85ae94b2e2b4943476bbea5?s=96&d=blank&r=g","contentUrl":"https:\/\/secure.gravatar.com\/avatar\/05c9a17bc973052ee5d91549bd32fb4dd0dc85b7b85ae94b2e2b4943476bbea5?s=96&d=blank&r=g","caption":"Leinewelle"},"sameAs":["http:\/\/localhost\/radio%20leinewelle\/wordpress","https:\/\/www.facebook.com\/radioleinewelle","https:\/\/www.instagram.com\/radioleinewelle","https:\/\/x.com\/https:\/\/twitter.com\/RLeinewelle?ref_src=twsrcgoogletwcampserptwgrauthor","https:\/\/soundcloud.com\/foerderverein-lokalradio?utm_source=clipboard&utm_medium=text&utm_campaign=social_sharing"],"url":"https:\/\/radioleinewelle.de\/index.php\/author\/leinewelle\/"}]}},"_links":{"self":[{"href":"https:\/\/radioleinewelle.de\/index.php\/wp-json\/wp\/v2\/posts\/30684","targetHints":{"allow":["GET"]}}],"collection":[{"href":"https:\/\/radioleinewelle.de\/index.php\/wp-json\/wp\/v2\/posts"}],"about":[{"href":"https:\/\/radioleinewelle.de\/index.php\/wp-json\/wp\/v2\/types\/post"}],"author":[{"embeddable":true,"href":"https:\/\/radioleinewelle.de\/index.php\/wp-json\/wp\/v2\/users\/1"}],"replies":[{"embeddable":true,"href":"https:\/\/radioleinewelle.de\/index.php\/wp-json\/wp\/v2\/comments?post=30684"}],"version-history":[{"count":19,"href":"https:\/\/radioleinewelle.de\/index.php\/wp-json\/wp\/v2\/posts\/30684\/revisions"}],"predecessor-version":[{"id":30711,"href":"https:\/\/radioleinewelle.de\/index.php\/wp-json\/wp\/v2\/posts\/30684\/revisions\/30711"}],"wp:featuredmedia":[{"embeddable":true,"href":"https:\/\/radioleinewelle.de\/index.php\/wp-json\/wp\/v2\/media\/30694"}],"wp:attachment":[{"href":"https:\/\/radioleinewelle.de\/index.php\/wp-json\/wp\/v2\/media?parent=30684"}],"wp:term":[{"taxonomy":"category","embeddable":true,"href":"https:\/\/radioleinewelle.de\/index.php\/wp-json\/wp\/v2\/categories?post=30684"},{"taxonomy":"post_tag","embeddable":true,"href":"https:\/\/radioleinewelle.de\/index.php\/wp-json\/wp\/v2\/tags?post=30684"}],"curies":[{"name":"wp","href":"https:\/\/api.w.org\/{rel}","templated":true}]}}