{"id":30713,"date":"2026-03-13T10:35:14","date_gmt":"2026-03-13T09:35:14","guid":{"rendered":"https:\/\/radioleinewelle.de\/?p=30713"},"modified":"2026-03-13T10:39:23","modified_gmt":"2026-03-13T09:39:23","slug":"einblicke-in-ausbildung-und-karriere-unsere-interviews-von-der-goebit-2026-in-goettingen","status":"publish","type":"post","link":"https:\/\/radioleinewelle.de\/index.php\/2026\/03\/13\/einblicke-in-ausbildung-und-karriere-unsere-interviews-von-der-goebit-2026-in-goettingen\/","title":{"rendered":"Einblicke in Ausbildung und Karriere: Unsere Interviews von der G\u00f6Bit 2026 in G\u00f6ttingen"},"content":{"rendered":"\n\n\n<p>Der&nbsp;G\u00f6ttinger Berufsinformationstag (G\u00d6Bit)&nbsp;fand am 7. M\u00e4rz 2026 in der&nbsp;Lokhalle G\u00f6ttingen&nbsp;statt und z\u00e4hlt zu den gr\u00f6\u00dften Veranstaltungen zur Berufsorientierung in S\u00fcdniedersachsen. Rund 200 Unternehmen, Institutionen, Hochschulen und Bildungstr\u00e4ger pr\u00e4sentierten dort ihre Ausbildungs- und Studienangebote. Tausende Sch\u00fclerinnen und Sch\u00fcler aus G\u00f6ttingen und der Region nutzten die Messe, um sich \u00fcber berufliche Perspektiven zu informieren, direkte Gespr\u00e4che mit Ausbildern und Auszubildenden zu f\u00fchren und erste Kontakte zu m\u00f6glichen Arbeitgebern zu kn\u00fcpfen. Neben den Informationsst\u00e4nden bot die Veranstaltung auch Vortr\u00e4ge, praktische Einblicke in verschiedene Berufsfelder sowie zahlreiche Mitmachaktionen. Organisiert wird der G\u00d6Bit unter anderem von der&nbsp;Agentur f\u00fcr Arbeit G\u00f6ttingen, der&nbsp;Gesellschaft f\u00fcr Wirtschaftsf\u00f6rderung und Stadtentwicklung G\u00f6ttingen&nbsp;und der VHS G\u00f6ttingen \/ Osterode.<\/p>\n\n\n\n\n\n<p>Die Messe hat sich \u00fcber viele Jahre als wichtige Plattform etabliert, um Jugendliche fr\u00fchzeitig bei der Berufsorientierung zu unterst\u00fctzen und Unternehmen aus der Region mit potenziellen Nachwuchskr\u00e4ften zusammenzubringen. <\/p>\n\n\n\n<p class=\"has-text-align-left\"><strong>Interviews zu Ausbildung bei Bundeswehr, Zoll, Bundespolizei sowie Pflege und Medizin von der G\u00f6Bit G\u00f6ttingen.<\/strong><br>Auf der\u00a0G\u00f6Bit 2026 in der\u00a0Lokhalle G\u00f6ttingen\u00a0haben wir mit zahlreichen Ausstellern \u00fcber Ausbildungswege und Karrierechancen gesprochen. In diesem ersten Interview-Blog stehen Berufe mit besonderer Verantwortung im Mittelpunkt: Vertreter der\u00a0Bundeswehr, des\u00a0Zoll\u00a0und der\u00a0Bundespolizei\u00a0berichten \u00fcber Einstiegsm\u00f6glichkeiten im Sicherheitsbereich. Gleichzeitig geben Fachleute aus dem Gesundheitswesen \u2013 darunter die\u00a0Universit\u00e4tsmedizin G\u00f6ttingen, das\u00a0Evangelisches Krankenhaus G\u00f6ttingen-Weende\u00a0und das\u00a0Deutsches Rotes Kreuz\u00a0\u2013 Einblicke in Ausbildungsangebote und berufliche Perspektiven in Pflege und Medizin. Unsere Interviews zeigen, welche Chancen junge Menschen in diesen wichtigen Berufsfeldern erwarten.<\/p>\n\n\n\n<figure class=\"wp-block-audio\"><audio controls src=\"https:\/\/radioleinewelle.de\/wp-content\/uploads\/2026\/03\/2.UMG-Sonja-Gabriel-und-Florian.mp3\"><\/audio><figcaption class=\"wp-element-caption\">Zur Ausbildung von medizinisch-technischen Berufen an der UMG<\/figcaption><\/figure>\n\n\n\n<figure class=\"wp-block-audio\"><audio controls src=\"https:\/\/radioleinewelle.de\/wp-content\/uploads\/2026\/03\/7.Jasmiene-Schneemann-Weeder-Krankenhaus.mp3\"><\/audio><figcaption class=\"wp-element-caption\">Ausbildungspl\u00e4tze am evangelischen Krankenhaus Weende<\/figcaption><\/figure>\n\n\n\n<figure class=\"wp-block-audio\"><audio controls src=\"https:\/\/radioleinewelle.de\/wp-content\/uploads\/2026\/03\/3.DRK-Frau-Raussner-und-Lars.mp3\"><\/audio><figcaption class=\"wp-element-caption\">Ausbildungspl\u00e4tze beim deutschen Roten Kreuz \/ Kreisverband G\u00f6ttingen-Northeim<\/figcaption><\/figure>\n\n\n\n<figure class=\"wp-block-audio\"><audio controls src=\"https:\/\/radioleinewelle.de\/wp-content\/uploads\/2026\/03\/1.Sven-Altmann-Bundswehr.mp3\"><\/audio><figcaption class=\"wp-element-caption\">Ausbildung bei der Bundeswehr<\/figcaption><\/figure>\n\n\n\n<figure class=\"wp-block-audio\"><audio controls src=\"https:\/\/radioleinewelle.de\/wp-content\/uploads\/2026\/03\/4.Nadiene-Laufer-Zoll.mp3\"><\/audio><figcaption class=\"wp-element-caption\">Ausbildungspl\u00e4tze beim Zoll<\/figcaption><\/figure>\n\n\n\n<figure class=\"wp-block-audio\"><audio controls src=\"https:\/\/radioleinewelle.de\/wp-content\/uploads\/2026\/03\/5.Chrisdopf-Bundespolizei-Hand-1.mp3\"><\/audio><figcaption class=\"wp-element-caption\">Handwerkliche Ausbildungspl\u00e4tze bei der Bundespolizei<\/figcaption><\/figure>\n\n\n\n<figure class=\"wp-block-audio\"><audio controls src=\"https:\/\/radioleinewelle.de\/wp-content\/uploads\/2026\/03\/6.Herr-Reinhard-Bundespolzei.mp3\"><\/audio><figcaption class=\"wp-element-caption\">Ausbildung bei der Bundespolizei<\/figcaption><\/figure>\n\n\n\n<p class=\"has-text-align-right has-small-font-size\"><strong>Fotos:<\/strong> \u00a9Radio Leinewelle<\/p>\n\n\n\n<p><\/p>\n\n\n\n<p><\/p>\n\n\n\n<p><\/p>\n","protected":false},"excerpt":{"rendered":"<p>Der&nbsp;G\u00f6ttinger Berufsinformationstag (G\u00d6Bit)&nbsp;fand am 7. M\u00e4rz 2026 in der&nbsp;Lokhalle G\u00f6ttingen&nbsp;statt und z\u00e4hlt zu den gr\u00f6\u00dften Veranstaltungen zur Berufsorientierung in S\u00fcdniedersachsen. Rund 200 Unternehmen, Institutionen, Hochschulen und Bildungstr\u00e4ger pr\u00e4sentierten dort ihre Ausbildungs- und Studienangebote. Tausende Sch\u00fclerinnen und Sch\u00fcler aus G\u00f6ttingen und der Region nutzten die Messe, um sich \u00fcber berufliche Perspektiven zu informieren, direkte Gespr\u00e4che mit [&hellip;]<\/p>\n","protected":false},"author":6,"featured_media":30721,"comment_status":"open","ping_status":"open","sticky":false,"template":"","format":"standard","meta":{"saved_in_kubio":false,"footnotes":""},"categories":[50,46,48],"tags":[4951,4769,57,1336,4953,4956,4955,3887,4950,4952,98,4954],"class_list":["post-30713","post","type-post","status-publish","format-standard","has-post-thumbnail","hentry","category-arbeitswelt","category-beruf-karriere","category-schule-ausbildung","tag-ausbildung-2026","tag-ausbildung-goettingen","tag-berufsorientierung","tag-bundespolizei","tag-bundeswehr","tag-drk","tag-gesundheitsberufe","tag-goebit","tag-goebit2026","tag-karriere-start","tag-umg","tag-zoll"],"yoast_head":"<!-- This site is optimized with the Yoast SEO plugin v27.5 - https:\/\/yoast.com\/product\/yoast-seo-wordpress\/ -->\n<title>Einblicke in Ausbildung und Karriere: Unsere Interviews von der G\u00f6Bit 2026 in G\u00f6ttingen - Radio Leinewelle<\/title>\n<meta name=\"description\" content=\"Interviews von der G\u00f6Bit G\u00f6ttingen: Bundeswehr, Zoll, Bundespolizei sowie UMG, DRK und Krankenhaus Weende informieren \u00fcber Ausbildung und Karriere im Sicherheits- und Gesundheitswesen.\" \/>\n<meta name=\"robots\" content=\"index, follow, max-snippet:-1, max-image-preview:large, max-video-preview:-1\" \/>\n<link rel=\"canonical\" href=\"https:\/\/radioleinewelle.de\/index.php\/2026\/03\/13\/einblicke-in-ausbildung-und-karriere-unsere-interviews-von-der-goebit-2026-in-goettingen\/\" \/>\n<meta property=\"og:locale\" content=\"de_DE\" \/>\n<meta property=\"og:type\" content=\"article\" \/>\n<meta property=\"og:title\" content=\"Einblicke in Ausbildung und Karriere: Unsere Interviews von der G\u00f6Bit 2026 in G\u00f6ttingen - Radio Leinewelle\" \/>\n<meta property=\"og:description\" content=\"Interviews von der G\u00f6Bit G\u00f6ttingen: Bundeswehr, Zoll, Bundespolizei sowie UMG, DRK und Krankenhaus Weende informieren \u00fcber Ausbildung und Karriere im Sicherheits- und Gesundheitswesen.\" \/>\n<meta property=\"og:url\" content=\"https:\/\/radioleinewelle.de\/index.php\/2026\/03\/13\/einblicke-in-ausbildung-und-karriere-unsere-interviews-von-der-goebit-2026-in-goettingen\/\" \/>\n<meta property=\"og:site_name\" content=\"Radio Leinewelle\" \/>\n<meta property=\"article:publisher\" content=\"https:\/\/www.facebook.com\/radioleinewelle\" \/>\n<meta property=\"article:published_time\" content=\"2026-03-13T09:35:14+00:00\" \/>\n<meta property=\"article:modified_time\" content=\"2026-03-13T09:39:23+00:00\" \/>\n<meta property=\"og:image\" content=\"https:\/\/radioleinewelle.de\/wp-content\/uploads\/2026\/03\/GoeBit-2026.jpg\" \/>\n\t<meta property=\"og:image:width\" content=\"2016\" \/>\n\t<meta property=\"og:image:height\" content=\"1512\" \/>\n\t<meta property=\"og:image:type\" content=\"image\/jpeg\" \/>\n<meta name=\"author\" content=\"Ulf Engelmayer\" \/>\n<meta name=\"twitter:card\" content=\"summary_large_image\" \/>\n<meta name=\"twitter:creator\" content=\"@RLeinewelle\" \/>\n<meta name=\"twitter:site\" content=\"@RLeinewelle\" \/>\n<meta name=\"twitter:label1\" content=\"Verfasst von\" \/>\n\t<meta name=\"twitter:data1\" content=\"Ulf Engelmayer\" \/>\n\t<meta name=\"twitter:label2\" content=\"Gesch\u00e4tzte Lesezeit\" \/>\n\t<meta name=\"twitter:data2\" content=\"2\u00a0Minuten\" \/>\n<script type=\"application\/ld+json\" class=\"yoast-schema-graph\">{\"@context\":\"https:\\\/\\\/schema.org\",\"@graph\":[{\"@type\":\"Article\",\"@id\":\"https:\\\/\\\/radioleinewelle.de\\\/index.php\\\/2026\\\/03\\\/13\\\/einblicke-in-ausbildung-und-karriere-unsere-interviews-von-der-goebit-2026-in-goettingen\\\/#article\",\"isPartOf\":{\"@id\":\"https:\\\/\\\/radioleinewelle.de\\\/index.php\\\/2026\\\/03\\\/13\\\/einblicke-in-ausbildung-und-karriere-unsere-interviews-von-der-goebit-2026-in-goettingen\\\/\"},\"author\":{\"name\":\"Ulf Engelmayer\",\"@id\":\"https:\\\/\\\/radioleinewelle.de\\\/#\\\/schema\\\/person\\\/57bad1d4e916f10da4e6763d01aec895\"},\"headline\":\"Einblicke in Ausbildung und Karriere: Unsere Interviews von der G\u00f6Bit 2026 in G\u00f6ttingen\",\"datePublished\":\"2026-03-13T09:35:14+00:00\",\"dateModified\":\"2026-03-13T09:39:23+00:00\",\"mainEntityOfPage\":{\"@id\":\"https:\\\/\\\/radioleinewelle.de\\\/index.php\\\/2026\\\/03\\\/13\\\/einblicke-in-ausbildung-und-karriere-unsere-interviews-von-der-goebit-2026-in-goettingen\\\/\"},\"wordCount\":344,\"commentCount\":0,\"publisher\":{\"@id\":\"https:\\\/\\\/radioleinewelle.de\\\/#organization\"},\"image\":{\"@id\":\"https:\\\/\\\/radioleinewelle.de\\\/index.php\\\/2026\\\/03\\\/13\\\/einblicke-in-ausbildung-und-karriere-unsere-interviews-von-der-goebit-2026-in-goettingen\\\/#primaryimage\"},\"thumbnailUrl\":\"https:\\\/\\\/radioleinewelle.de\\\/wp-content\\\/uploads\\\/2026\\\/03\\\/GoeBit-2026.jpg\",\"keywords\":[\"Ausbildung 2026\",\"Ausbildung G\u00f6ttingen\",\"Berufsorientierung\",\"Bundespolizei\",\"Bundeswehr\",\"DRK\",\"Gesundheitsberufe\",\"G\u00f6Bit\",\"G\u00f6Bit2026\",\"Karriere Start\",\"UMG\",\"Zoll\"],\"articleSection\":[\"Arbeitswelt\",\"Beruf &amp; Karriere\",\"Schule &amp; Ausbildung\"],\"inLanguage\":\"de\",\"potentialAction\":[{\"@type\":\"CommentAction\",\"name\":\"Comment\",\"target\":[\"https:\\\/\\\/radioleinewelle.de\\\/index.php\\\/2026\\\/03\\\/13\\\/einblicke-in-ausbildung-und-karriere-unsere-interviews-von-der-goebit-2026-in-goettingen\\\/#respond\"]}]},{\"@type\":\"WebPage\",\"@id\":\"https:\\\/\\\/radioleinewelle.de\\\/index.php\\\/2026\\\/03\\\/13\\\/einblicke-in-ausbildung-und-karriere-unsere-interviews-von-der-goebit-2026-in-goettingen\\\/\",\"url\":\"https:\\\/\\\/radioleinewelle.de\\\/index.php\\\/2026\\\/03\\\/13\\\/einblicke-in-ausbildung-und-karriere-unsere-interviews-von-der-goebit-2026-in-goettingen\\\/\",\"name\":\"Einblicke in Ausbildung und Karriere: Unsere Interviews von der G\u00f6Bit 2026 in G\u00f6ttingen - Radio Leinewelle\",\"isPartOf\":{\"@id\":\"https:\\\/\\\/radioleinewelle.de\\\/#website\"},\"primaryImageOfPage\":{\"@id\":\"https:\\\/\\\/radioleinewelle.de\\\/index.php\\\/2026\\\/03\\\/13\\\/einblicke-in-ausbildung-und-karriere-unsere-interviews-von-der-goebit-2026-in-goettingen\\\/#primaryimage\"},\"image\":{\"@id\":\"https:\\\/\\\/radioleinewelle.de\\\/index.php\\\/2026\\\/03\\\/13\\\/einblicke-in-ausbildung-und-karriere-unsere-interviews-von-der-goebit-2026-in-goettingen\\\/#primaryimage\"},\"thumbnailUrl\":\"https:\\\/\\\/radioleinewelle.de\\\/wp-content\\\/uploads\\\/2026\\\/03\\\/GoeBit-2026.jpg\",\"datePublished\":\"2026-03-13T09:35:14+00:00\",\"dateModified\":\"2026-03-13T09:39:23+00:00\",\"description\":\"Interviews von der G\u00f6Bit G\u00f6ttingen: Bundeswehr, Zoll, Bundespolizei sowie UMG, DRK und Krankenhaus Weende informieren \u00fcber Ausbildung und Karriere im Sicherheits- und Gesundheitswesen.\",\"breadcrumb\":{\"@id\":\"https:\\\/\\\/radioleinewelle.de\\\/index.php\\\/2026\\\/03\\\/13\\\/einblicke-in-ausbildung-und-karriere-unsere-interviews-von-der-goebit-2026-in-goettingen\\\/#breadcrumb\"},\"inLanguage\":\"de\",\"potentialAction\":[{\"@type\":\"ReadAction\",\"target\":[\"https:\\\/\\\/radioleinewelle.de\\\/index.php\\\/2026\\\/03\\\/13\\\/einblicke-in-ausbildung-und-karriere-unsere-interviews-von-der-goebit-2026-in-goettingen\\\/\"]}]},{\"@type\":\"ImageObject\",\"inLanguage\":\"de\",\"@id\":\"https:\\\/\\\/radioleinewelle.de\\\/index.php\\\/2026\\\/03\\\/13\\\/einblicke-in-ausbildung-und-karriere-unsere-interviews-von-der-goebit-2026-in-goettingen\\\/#primaryimage\",\"url\":\"https:\\\/\\\/radioleinewelle.de\\\/wp-content\\\/uploads\\\/2026\\\/03\\\/GoeBit-2026.jpg\",\"contentUrl\":\"https:\\\/\\\/radioleinewelle.de\\\/wp-content\\\/uploads\\\/2026\\\/03\\\/GoeBit-2026.jpg\",\"width\":2016,\"height\":1512},{\"@type\":\"BreadcrumbList\",\"@id\":\"https:\\\/\\\/radioleinewelle.de\\\/index.php\\\/2026\\\/03\\\/13\\\/einblicke-in-ausbildung-und-karriere-unsere-interviews-von-der-goebit-2026-in-goettingen\\\/#breadcrumb\",\"itemListElement\":[{\"@type\":\"ListItem\",\"position\":1,\"name\":\"Startseite\",\"item\":\"https:\\\/\\\/radioleinewelle.de\\\/\"},{\"@type\":\"ListItem\",\"position\":2,\"name\":\"Einblicke in Ausbildung und Karriere: Unsere Interviews von der G\u00f6Bit 2026 in G\u00f6ttingen\"}]},{\"@type\":\"WebSite\",\"@id\":\"https:\\\/\\\/radioleinewelle.de\\\/#website\",\"url\":\"https:\\\/\\\/radioleinewelle.de\\\/\",\"name\":\"Radio Leinewelle\",\"description\":\"\",\"publisher\":{\"@id\":\"https:\\\/\\\/radioleinewelle.de\\\/#organization\"},\"potentialAction\":[{\"@type\":\"SearchAction\",\"target\":{\"@type\":\"EntryPoint\",\"urlTemplate\":\"https:\\\/\\\/radioleinewelle.de\\\/?s={search_term_string}\"},\"query-input\":{\"@type\":\"PropertyValueSpecification\",\"valueRequired\":true,\"valueName\":\"search_term_string\"}}],\"inLanguage\":\"de\"},{\"@type\":\"Organization\",\"@id\":\"https:\\\/\\\/radioleinewelle.de\\\/#organization\",\"name\":\"Radio Leinewelle\",\"alternateName\":\"Mein Radio f\u00fcr S\u00fcdniedersachsen\",\"url\":\"https:\\\/\\\/radioleinewelle.de\\\/\",\"logo\":{\"@type\":\"ImageObject\",\"inLanguage\":\"de\",\"@id\":\"https:\\\/\\\/radioleinewelle.de\\\/#\\\/schema\\\/logo\\\/image\\\/\",\"url\":\"https:\\\/\\\/radioleinewelle.de\\\/wp-content\\\/uploads\\\/2023\\\/11\\\/cropped-Leinewelle_Logo_weiss.png\",\"contentUrl\":\"https:\\\/\\\/radioleinewelle.de\\\/wp-content\\\/uploads\\\/2023\\\/11\\\/cropped-Leinewelle_Logo_weiss.png\",\"width\":854,\"height\":260,\"caption\":\"Radio Leinewelle\"},\"image\":{\"@id\":\"https:\\\/\\\/radioleinewelle.de\\\/#\\\/schema\\\/logo\\\/image\\\/\"},\"sameAs\":[\"https:\\\/\\\/www.facebook.com\\\/radioleinewelle\",\"https:\\\/\\\/x.com\\\/RLeinewelle\",\"https:\\\/\\\/www.instagram.com\\\/radioleinewelle\\\/?hl=de\"]},{\"@type\":\"Person\",\"@id\":\"https:\\\/\\\/radioleinewelle.de\\\/#\\\/schema\\\/person\\\/57bad1d4e916f10da4e6763d01aec895\",\"name\":\"Ulf Engelmayer\",\"image\":{\"@type\":\"ImageObject\",\"inLanguage\":\"de\",\"@id\":\"https:\\\/\\\/secure.gravatar.com\\\/avatar\\\/f056d5d62beaff9b66570d67e3e698ea7ff6463d140c80fc667a56e338ecf046?s=96&d=blank&r=g\",\"url\":\"https:\\\/\\\/secure.gravatar.com\\\/avatar\\\/f056d5d62beaff9b66570d67e3e698ea7ff6463d140c80fc667a56e338ecf046?s=96&d=blank&r=g\",\"contentUrl\":\"https:\\\/\\\/secure.gravatar.com\\\/avatar\\\/f056d5d62beaff9b66570d67e3e698ea7ff6463d140c80fc667a56e338ecf046?s=96&d=blank&r=g\",\"caption\":\"Ulf Engelmayer\"},\"url\":\"https:\\\/\\\/radioleinewelle.de\\\/index.php\\\/author\\\/ulf-engelmayer\\\/\"}]}<\/script>\n<!-- \/ Yoast SEO plugin. -->","yoast_head_json":{"title":"Einblicke in Ausbildung und Karriere: Unsere Interviews von der G\u00f6Bit 2026 in G\u00f6ttingen - Radio Leinewelle","description":"Interviews von der G\u00f6Bit G\u00f6ttingen: Bundeswehr, Zoll, Bundespolizei sowie UMG, DRK und Krankenhaus Weende informieren \u00fcber Ausbildung und Karriere im Sicherheits- und Gesundheitswesen.","robots":{"index":"index","follow":"follow","max-snippet":"max-snippet:-1","max-image-preview":"max-image-preview:large","max-video-preview":"max-video-preview:-1"},"canonical":"https:\/\/radioleinewelle.de\/index.php\/2026\/03\/13\/einblicke-in-ausbildung-und-karriere-unsere-interviews-von-der-goebit-2026-in-goettingen\/","og_locale":"de_DE","og_type":"article","og_title":"Einblicke in Ausbildung und Karriere: Unsere Interviews von der G\u00f6Bit 2026 in G\u00f6ttingen - Radio Leinewelle","og_description":"Interviews von der G\u00f6Bit G\u00f6ttingen: Bundeswehr, Zoll, Bundespolizei sowie UMG, DRK und Krankenhaus Weende informieren \u00fcber Ausbildung und Karriere im Sicherheits- und Gesundheitswesen.","og_url":"https:\/\/radioleinewelle.de\/index.php\/2026\/03\/13\/einblicke-in-ausbildung-und-karriere-unsere-interviews-von-der-goebit-2026-in-goettingen\/","og_site_name":"Radio Leinewelle","article_publisher":"https:\/\/www.facebook.com\/radioleinewelle","article_published_time":"2026-03-13T09:35:14+00:00","article_modified_time":"2026-03-13T09:39:23+00:00","og_image":[{"width":2016,"height":1512,"url":"https:\/\/radioleinewelle.de\/wp-content\/uploads\/2026\/03\/GoeBit-2026.jpg","type":"image\/jpeg"}],"author":"Ulf Engelmayer","twitter_card":"summary_large_image","twitter_creator":"@RLeinewelle","twitter_site":"@RLeinewelle","twitter_misc":{"Verfasst von":"Ulf Engelmayer","Gesch\u00e4tzte Lesezeit":"2\u00a0Minuten"},"schema":{"@context":"https:\/\/schema.org","@graph":[{"@type":"Article","@id":"https:\/\/radioleinewelle.de\/index.php\/2026\/03\/13\/einblicke-in-ausbildung-und-karriere-unsere-interviews-von-der-goebit-2026-in-goettingen\/#article","isPartOf":{"@id":"https:\/\/radioleinewelle.de\/index.php\/2026\/03\/13\/einblicke-in-ausbildung-und-karriere-unsere-interviews-von-der-goebit-2026-in-goettingen\/"},"author":{"name":"Ulf Engelmayer","@id":"https:\/\/radioleinewelle.de\/#\/schema\/person\/57bad1d4e916f10da4e6763d01aec895"},"headline":"Einblicke in Ausbildung und Karriere: Unsere Interviews von der G\u00f6Bit 2026 in G\u00f6ttingen","datePublished":"2026-03-13T09:35:14+00:00","dateModified":"2026-03-13T09:39:23+00:00","mainEntityOfPage":{"@id":"https:\/\/radioleinewelle.de\/index.php\/2026\/03\/13\/einblicke-in-ausbildung-und-karriere-unsere-interviews-von-der-goebit-2026-in-goettingen\/"},"wordCount":344,"commentCount":0,"publisher":{"@id":"https:\/\/radioleinewelle.de\/#organization"},"image":{"@id":"https:\/\/radioleinewelle.de\/index.php\/2026\/03\/13\/einblicke-in-ausbildung-und-karriere-unsere-interviews-von-der-goebit-2026-in-goettingen\/#primaryimage"},"thumbnailUrl":"https:\/\/radioleinewelle.de\/wp-content\/uploads\/2026\/03\/GoeBit-2026.jpg","keywords":["Ausbildung 2026","Ausbildung G\u00f6ttingen","Berufsorientierung","Bundespolizei","Bundeswehr","DRK","Gesundheitsberufe","G\u00f6Bit","G\u00f6Bit2026","Karriere Start","UMG","Zoll"],"articleSection":["Arbeitswelt","Beruf &amp; Karriere","Schule &amp; Ausbildung"],"inLanguage":"de","potentialAction":[{"@type":"CommentAction","name":"Comment","target":["https:\/\/radioleinewelle.de\/index.php\/2026\/03\/13\/einblicke-in-ausbildung-und-karriere-unsere-interviews-von-der-goebit-2026-in-goettingen\/#respond"]}]},{"@type":"WebPage","@id":"https:\/\/radioleinewelle.de\/index.php\/2026\/03\/13\/einblicke-in-ausbildung-und-karriere-unsere-interviews-von-der-goebit-2026-in-goettingen\/","url":"https:\/\/radioleinewelle.de\/index.php\/2026\/03\/13\/einblicke-in-ausbildung-und-karriere-unsere-interviews-von-der-goebit-2026-in-goettingen\/","name":"Einblicke in Ausbildung und Karriere: Unsere Interviews von der G\u00f6Bit 2026 in G\u00f6ttingen - Radio Leinewelle","isPartOf":{"@id":"https:\/\/radioleinewelle.de\/#website"},"primaryImageOfPage":{"@id":"https:\/\/radioleinewelle.de\/index.php\/2026\/03\/13\/einblicke-in-ausbildung-und-karriere-unsere-interviews-von-der-goebit-2026-in-goettingen\/#primaryimage"},"image":{"@id":"https:\/\/radioleinewelle.de\/index.php\/2026\/03\/13\/einblicke-in-ausbildung-und-karriere-unsere-interviews-von-der-goebit-2026-in-goettingen\/#primaryimage"},"thumbnailUrl":"https:\/\/radioleinewelle.de\/wp-content\/uploads\/2026\/03\/GoeBit-2026.jpg","datePublished":"2026-03-13T09:35:14+00:00","dateModified":"2026-03-13T09:39:23+00:00","description":"Interviews von der G\u00f6Bit G\u00f6ttingen: Bundeswehr, Zoll, Bundespolizei sowie UMG, DRK und Krankenhaus Weende informieren \u00fcber Ausbildung und Karriere im Sicherheits- und Gesundheitswesen.","breadcrumb":{"@id":"https:\/\/radioleinewelle.de\/index.php\/2026\/03\/13\/einblicke-in-ausbildung-und-karriere-unsere-interviews-von-der-goebit-2026-in-goettingen\/#breadcrumb"},"inLanguage":"de","potentialAction":[{"@type":"ReadAction","target":["https:\/\/radioleinewelle.de\/index.php\/2026\/03\/13\/einblicke-in-ausbildung-und-karriere-unsere-interviews-von-der-goebit-2026-in-goettingen\/"]}]},{"@type":"ImageObject","inLanguage":"de","@id":"https:\/\/radioleinewelle.de\/index.php\/2026\/03\/13\/einblicke-in-ausbildung-und-karriere-unsere-interviews-von-der-goebit-2026-in-goettingen\/#primaryimage","url":"https:\/\/radioleinewelle.de\/wp-content\/uploads\/2026\/03\/GoeBit-2026.jpg","contentUrl":"https:\/\/radioleinewelle.de\/wp-content\/uploads\/2026\/03\/GoeBit-2026.jpg","width":2016,"height":1512},{"@type":"BreadcrumbList","@id":"https:\/\/radioleinewelle.de\/index.php\/2026\/03\/13\/einblicke-in-ausbildung-und-karriere-unsere-interviews-von-der-goebit-2026-in-goettingen\/#breadcrumb","itemListElement":[{"@type":"ListItem","position":1,"name":"Startseite","item":"https:\/\/radioleinewelle.de\/"},{"@type":"ListItem","position":2,"name":"Einblicke in Ausbildung und Karriere: Unsere Interviews von der G\u00f6Bit 2026 in G\u00f6ttingen"}]},{"@type":"WebSite","@id":"https:\/\/radioleinewelle.de\/#website","url":"https:\/\/radioleinewelle.de\/","name":"Radio Leinewelle","description":"","publisher":{"@id":"https:\/\/radioleinewelle.de\/#organization"},"potentialAction":[{"@type":"SearchAction","target":{"@type":"EntryPoint","urlTemplate":"https:\/\/radioleinewelle.de\/?s={search_term_string}"},"query-input":{"@type":"PropertyValueSpecification","valueRequired":true,"valueName":"search_term_string"}}],"inLanguage":"de"},{"@type":"Organization","@id":"https:\/\/radioleinewelle.de\/#organization","name":"Radio Leinewelle","alternateName":"Mein Radio f\u00fcr S\u00fcdniedersachsen","url":"https:\/\/radioleinewelle.de\/","logo":{"@type":"ImageObject","inLanguage":"de","@id":"https:\/\/radioleinewelle.de\/#\/schema\/logo\/image\/","url":"https:\/\/radioleinewelle.de\/wp-content\/uploads\/2023\/11\/cropped-Leinewelle_Logo_weiss.png","contentUrl":"https:\/\/radioleinewelle.de\/wp-content\/uploads\/2023\/11\/cropped-Leinewelle_Logo_weiss.png","width":854,"height":260,"caption":"Radio Leinewelle"},"image":{"@id":"https:\/\/radioleinewelle.de\/#\/schema\/logo\/image\/"},"sameAs":["https:\/\/www.facebook.com\/radioleinewelle","https:\/\/x.com\/RLeinewelle","https:\/\/www.instagram.com\/radioleinewelle\/?hl=de"]},{"@type":"Person","@id":"https:\/\/radioleinewelle.de\/#\/schema\/person\/57bad1d4e916f10da4e6763d01aec895","name":"Ulf Engelmayer","image":{"@type":"ImageObject","inLanguage":"de","@id":"https:\/\/secure.gravatar.com\/avatar\/f056d5d62beaff9b66570d67e3e698ea7ff6463d140c80fc667a56e338ecf046?s=96&d=blank&r=g","url":"https:\/\/secure.gravatar.com\/avatar\/f056d5d62beaff9b66570d67e3e698ea7ff6463d140c80fc667a56e338ecf046?s=96&d=blank&r=g","contentUrl":"https:\/\/secure.gravatar.com\/avatar\/f056d5d62beaff9b66570d67e3e698ea7ff6463d140c80fc667a56e338ecf046?s=96&d=blank&r=g","caption":"Ulf Engelmayer"},"url":"https:\/\/radioleinewelle.de\/index.php\/author\/ulf-engelmayer\/"}]}},"_links":{"self":[{"href":"https:\/\/radioleinewelle.de\/index.php\/wp-json\/wp\/v2\/posts\/30713","targetHints":{"allow":["GET"]}}],"collection":[{"href":"https:\/\/radioleinewelle.de\/index.php\/wp-json\/wp\/v2\/posts"}],"about":[{"href":"https:\/\/radioleinewelle.de\/index.php\/wp-json\/wp\/v2\/types\/post"}],"author":[{"embeddable":true,"href":"https:\/\/radioleinewelle.de\/index.php\/wp-json\/wp\/v2\/users\/6"}],"replies":[{"embeddable":true,"href":"https:\/\/radioleinewelle.de\/index.php\/wp-json\/wp\/v2\/comments?post=30713"}],"version-history":[{"count":12,"href":"https:\/\/radioleinewelle.de\/index.php\/wp-json\/wp\/v2\/posts\/30713\/revisions"}],"predecessor-version":[{"id":30736,"href":"https:\/\/radioleinewelle.de\/index.php\/wp-json\/wp\/v2\/posts\/30713\/revisions\/30736"}],"wp:featuredmedia":[{"embeddable":true,"href":"https:\/\/radioleinewelle.de\/index.php\/wp-json\/wp\/v2\/media\/30721"}],"wp:attachment":[{"href":"https:\/\/radioleinewelle.de\/index.php\/wp-json\/wp\/v2\/media?parent=30713"}],"wp:term":[{"taxonomy":"category","embeddable":true,"href":"https:\/\/radioleinewelle.de\/index.php\/wp-json\/wp\/v2\/categories?post=30713"},{"taxonomy":"post_tag","embeddable":true,"href":"https:\/\/radioleinewelle.de\/index.php\/wp-json\/wp\/v2\/tags?post=30713"}],"curies":[{"name":"wp","href":"https:\/\/api.w.org\/{rel}","templated":true}]}}