{"id":30738,"date":"2026-03-14T09:27:43","date_gmt":"2026-03-14T08:27:43","guid":{"rendered":"https:\/\/radioleinewelle.de\/?p=30738"},"modified":"2026-03-14T09:31:21","modified_gmt":"2026-03-14T08:31:21","slug":"eklat-um-buchhandlungspreis-preisverleihung-auf-leipziger-buchmesse-abgesagt-solidaritaet-fuer-goettinger-buchhandlung-rote-strasse-waechst","status":"publish","type":"post","link":"https:\/\/radioleinewelle.de\/index.php\/2026\/03\/14\/eklat-um-buchhandlungspreis-preisverleihung-auf-leipziger-buchmesse-abgesagt-solidaritaet-fuer-goettinger-buchhandlung-rote-strasse-waechst\/","title":{"rendered":"Eklat um Buchhandlungspreis: Preisverleihung auf Leipziger Buchmesse abgesagt \u2013 Solidarit\u00e4t f\u00fcr G\u00f6ttinger Buchhandlung Rote Stra\u00dfe w\u00e4chst"},"content":{"rendered":"\n<h1 class=\"wp-block-heading\"><\/h1>\n\n\n\n<p>Der Streit um den\u00a0Deutschen Buchhandlungspreis\u00a0hat eine neue Eskalationsstufe erreicht: Die geplante\u00a0Preisverleihung auf der Leipziger Buchmesse wurde kurzfristig abgesagt. Hintergrund ist die anhaltende Kontroverse um den Ausschluss mehrerer Buchhandlungen \u2013 darunter die\u00a0G\u00f6ttinger Buchhandlung Rote Stra\u00dfe <a href=\"https:\/\/radioleinewelle.de\/index.php\/2026\/03\/06\/geheimdienst-statt-jury-der-fall-der-goettinger-buchhandlung-rote-strasse\/\">(wir berichteten)<\/a>. Die Entscheidung zeigt, wie stark der Konflikt inzwischen die Buchbranche und die Kulturpolitik besch\u00e4ftigt.<\/p>\n\n\n\n\n\n<h4 class=\"wp-block-heading\">G\u00f6ttinger Buchhandlung im Mittelpunkt der Debatte<\/h4>\n\n\n\n<p>Im Zentrum der Auseinandersetzung steht die&nbsp;Buchhandlung Rote Stra\u00dfe in G\u00f6ttingen, die gemeinsam mit zwei weiteren Buchhandlungen aus Bremen und Berlin von der Preisliste gestrichen wurde. Zun\u00e4chst hatte das B\u00fcro des Bundesbeauftragten f\u00fcr Kultur und Medien den Buchhandlungen mitgeteilt, sie seien von der unabh\u00e4ngigen Jury&nbsp;nicht f\u00fcr den Preis ausgew\u00e4hlt worden. Inzwischen erkl\u00e4rte die Jury jedoch \u00f6ffentlich, dass die drei Buchhandlungen urspr\u00fcnglich&nbsp;sehr wohl als Preistr\u00e4gerinnen vorgesehen waren. Die sp\u00e4tere Entscheidung, sie nicht auszuzeichnen, sei au\u00dferhalb ihres Einflussbereichs getroffen worden.<br>Besonders brisant: Nach Angaben der Anw\u00e4lte der Buchhandlungen h\u00e4tten zwei von ihnen \u2013 darunter die&nbsp;Buchhandlung Rote Stra\u00dfe&nbsp;\u2013 sogar als&nbsp;\u201ebesonders herausragende Buchhandlungen\u201c&nbsp;ausgezeichnet werden sollen. Diese Kategorie ist mit einem Preisgeld von&nbsp;15.000 Euro&nbsp;verbunden.<\/p>\n\n\n\n<h4 class=\"wp-block-heading\">Hintergrund: Verfassungsschutz-Abfrage<\/h4>\n\n\n\n<p>Der Ausschluss der Buchhandlungen steht im Zusammenhang mit dem sogenannten&nbsp;Haber-Verfahren. Dabei k\u00f6nnen Ministerien beim&nbsp;Bundesamt f\u00fcr Verfassungsschutz&nbsp;anfragen, ob Erkenntnisse \u00fcber m\u00f6gliche extremistische Bez\u00fcge vorliegen. Welche Informationen konkret zu den betroffenen Buchhandlungen vorliegen sollen, ist bislang nicht \u00f6ffentlich bekannt. Kritiker sehen in diesem Verfahren ein Problem f\u00fcr die kulturelle Freiheit. Wenn staatliche Preise oder F\u00f6rdermittel auf Grundlage geheimer Einsch\u00e4tzungen vergeben oder entzogen werden, k\u00f6nne dies eine abschreckende Wirkung auf Kulturschaffende haben.<\/p>\n\n\n\n<h4 class=\"wp-block-heading\">Kritik aus der Buchbranche<\/h4>\n\n\n\n<p>Auch innerhalb der Branche w\u00e4chst der Widerstand gegen das Vorgehen. Der&nbsp;B\u00f6rsenverein des Deutschen Buchhandels&nbsp;hat die Anwendung solcher Sicherheitspr\u00fcfungen im Zusammenhang mit dem Buchhandlungspreis deutlich kritisiert. Der Verband warnte davor, dass eine solche Praxis im Kulturbereich als eine Art&nbsp;Gesinnungspr\u00fcfung&nbsp;verstanden werden k\u00f6nne. Kulturstaatsminister Weimer ger\u00e4t durch diese Aff\u00e4re weiter unter starken \u00f6ffentlichen Druck.<\/p>\n\n\n\n<h4 class=\"wp-block-heading\">Klagen gegen Ministerium und Verfassungsschutz<\/h4>\n\n\n\n<p>Die betroffenen Buchhandlungen haben inzwischen Klagen eingereicht. Vor Verwaltungsgerichten soll unter anderem gekl\u00e4rt werden, ob der Datenaustausch zwischen Kulturministerium und Verfassungsschutz rechtm\u00e4\u00dfig war. Die Verfahren k\u00f6nnten grunds\u00e4tzliche Bedeutung f\u00fcr die staatliche Kulturf\u00f6rderung haben.<\/p>\n\n\n\n<h4 class=\"wp-block-heading\">Wachsende Solidarit\u00e4t in G\u00f6ttingen<\/h4>\n\n\n\n<p>W\u00e4hrend die juristische Auseinandersetzung beginnt, w\u00e4chst in&nbsp;G\u00f6ttingen&nbsp;die Unterst\u00fctzung f\u00fcr die Buchhandlung Rote Stra\u00dfe. Neben Kulturschaffenden, Leserinnen und Lesern und Initiativen aus dem Umfeld der Universit\u00e4t fordern auch Politiker verschiedener Parteien mehr Transparenz bei der Entscheidung \u00fcber den Buchhandlungspreis. F\u00fcr viele Menschen in der Stadt ist die Buchhandlung Rote Stra\u00dfe l\u00e4ngst mehr als nur ein Gesch\u00e4ft \u2013 sie gilt als wichtiger kultureller Treffpunkt und Veranstaltungsort.<\/p>\n\n\n\n<h4 class=\"wp-block-heading\">Spendenkampagne gestartet<\/h4>\n\n\n\n<p>Parallel dazu wurde eine <a href=\"http:\/\/lesen-hilft.org\">bundesweite&nbsp;Spendenkampagne<\/a> zur Unterst\u00fctzung der betroffenen Buchhandlungengestartet. Ziel ist es, die laufenden Gerichtsverfahren zu finanzieren. Der Streit um den Buchhandlungspreis hat sich damit zu einer gr\u00f6\u00dferen kulturpolitischen Debatte entwickelt \u2013 \u00fcber Transparenz staatlicher Entscheidungen, Meinungsfreiheit im Kulturbereich und die Rolle von Sicherheitsbeh\u00f6rden bei der Kulturf\u00f6rderung.<\/p>\n\n\n\n<p><\/p>\n","protected":false},"excerpt":{"rendered":"<p>Der Streit um den\u00a0Deutschen Buchhandlungspreis\u00a0hat eine neue Eskalationsstufe erreicht: Die geplante\u00a0Preisverleihung auf der Leipziger Buchmesse wurde kurzfristig abgesagt. Hintergrund ist die anhaltende Kontroverse um den Ausschluss mehrerer Buchhandlungen \u2013 darunter die\u00a0G\u00f6ttinger Buchhandlung Rote Stra\u00dfe (wir berichteten). Die Entscheidung zeigt, wie stark der Konflikt inzwischen die Buchbranche und die Kulturpolitik besch\u00e4ftigt. G\u00f6ttinger Buchhandlung im Mittelpunkt der [&hellip;]<\/p>\n","protected":false},"author":6,"featured_media":30742,"comment_status":"open","ping_status":"open","sticky":false,"template":"","format":"standard","meta":{"saved_in_kubio":false,"footnotes":""},"categories":[53,45],"tags":[4957,4958,63,4960,4959],"class_list":["post-30738","post","type-post","status-publish","format-standard","has-post-thumbnail","hentry","category-gesellschaft","category-kultur","tag-buchhandlung-rote-strasse","tag-deutscher-buchhandlungspreis","tag-goettingen","tag-haber-verfahren","tag-leipziger-buchmesse"],"yoast_head":"<!-- This site is optimized with the Yoast SEO plugin v27.5 - https:\/\/yoast.com\/product\/yoast-seo-wordpress\/ -->\n<title>Eklat um Buchhandlungspreis: Preisverleihung auf Leipziger Buchmesse abgesagt \u2013 Solidarit\u00e4t f\u00fcr G\u00f6ttinger Buchhandlung Rote Stra\u00dfe w\u00e4chst - Radio Leinewelle<\/title>\n<meta name=\"description\" content=\"Die Preisverleihung des Deutschen Buchhandlungspreises auf der Leipziger Buchmesse wurde abgesagt. Hintergrund ist der Streit um die G\u00f6ttinger Buchhandlung Rote Stra\u00dfe.\" \/>\n<meta name=\"robots\" content=\"index, follow, max-snippet:-1, max-image-preview:large, max-video-preview:-1\" \/>\n<link rel=\"canonical\" href=\"https:\/\/radioleinewelle.de\/index.php\/2026\/03\/14\/eklat-um-buchhandlungspreis-preisverleihung-auf-leipziger-buchmesse-abgesagt-solidaritaet-fuer-goettinger-buchhandlung-rote-strasse-waechst\/\" \/>\n<meta property=\"og:locale\" content=\"de_DE\" \/>\n<meta property=\"og:type\" content=\"article\" \/>\n<meta property=\"og:title\" content=\"Eklat um Buchhandlungspreis: Preisverleihung auf Leipziger Buchmesse abgesagt \u2013 Solidarit\u00e4t f\u00fcr G\u00f6ttinger Buchhandlung Rote Stra\u00dfe w\u00e4chst - Radio Leinewelle\" \/>\n<meta property=\"og:description\" content=\"Die Preisverleihung des Deutschen Buchhandlungspreises auf der Leipziger Buchmesse wurde abgesagt. Hintergrund ist der Streit um die G\u00f6ttinger Buchhandlung Rote Stra\u00dfe.\" \/>\n<meta property=\"og:url\" content=\"https:\/\/radioleinewelle.de\/index.php\/2026\/03\/14\/eklat-um-buchhandlungspreis-preisverleihung-auf-leipziger-buchmesse-abgesagt-solidaritaet-fuer-goettinger-buchhandlung-rote-strasse-waechst\/\" \/>\n<meta property=\"og:site_name\" content=\"Radio Leinewelle\" \/>\n<meta property=\"article:publisher\" content=\"https:\/\/www.facebook.com\/radioleinewelle\" \/>\n<meta property=\"article:published_time\" content=\"2026-03-14T08:27:43+00:00\" \/>\n<meta property=\"article:modified_time\" content=\"2026-03-14T08:31:21+00:00\" \/>\n<meta property=\"og:image\" content=\"https:\/\/radioleinewelle.de\/wp-content\/uploads\/2026\/03\/Buchladen-Rote-Strasse-nah.jpg\" \/>\n\t<meta property=\"og:image:width\" content=\"2074\" \/>\n\t<meta property=\"og:image:height\" content=\"1803\" \/>\n\t<meta property=\"og:image:type\" content=\"image\/jpeg\" \/>\n<meta name=\"author\" content=\"Ulf Engelmayer\" \/>\n<meta name=\"twitter:card\" content=\"summary_large_image\" \/>\n<meta name=\"twitter:creator\" content=\"@RLeinewelle\" \/>\n<meta name=\"twitter:site\" content=\"@RLeinewelle\" \/>\n<meta name=\"twitter:label1\" content=\"Verfasst von\" \/>\n\t<meta name=\"twitter:data1\" content=\"Ulf Engelmayer\" \/>\n\t<meta name=\"twitter:label2\" content=\"Gesch\u00e4tzte Lesezeit\" \/>\n\t<meta name=\"twitter:data2\" content=\"3\u00a0Minuten\" \/>\n<script type=\"application\/ld+json\" class=\"yoast-schema-graph\">{\"@context\":\"https:\\\/\\\/schema.org\",\"@graph\":[{\"@type\":\"Article\",\"@id\":\"https:\\\/\\\/radioleinewelle.de\\\/index.php\\\/2026\\\/03\\\/14\\\/eklat-um-buchhandlungspreis-preisverleihung-auf-leipziger-buchmesse-abgesagt-solidaritaet-fuer-goettinger-buchhandlung-rote-strasse-waechst\\\/#article\",\"isPartOf\":{\"@id\":\"https:\\\/\\\/radioleinewelle.de\\\/index.php\\\/2026\\\/03\\\/14\\\/eklat-um-buchhandlungspreis-preisverleihung-auf-leipziger-buchmesse-abgesagt-solidaritaet-fuer-goettinger-buchhandlung-rote-strasse-waechst\\\/\"},\"author\":{\"name\":\"Ulf Engelmayer\",\"@id\":\"https:\\\/\\\/radioleinewelle.de\\\/#\\\/schema\\\/person\\\/57bad1d4e916f10da4e6763d01aec895\"},\"headline\":\"Eklat um Buchhandlungspreis: Preisverleihung auf Leipziger Buchmesse abgesagt \u2013 Solidarit\u00e4t f\u00fcr G\u00f6ttinger Buchhandlung Rote Stra\u00dfe w\u00e4chst\",\"datePublished\":\"2026-03-14T08:27:43+00:00\",\"dateModified\":\"2026-03-14T08:31:21+00:00\",\"mainEntityOfPage\":{\"@id\":\"https:\\\/\\\/radioleinewelle.de\\\/index.php\\\/2026\\\/03\\\/14\\\/eklat-um-buchhandlungspreis-preisverleihung-auf-leipziger-buchmesse-abgesagt-solidaritaet-fuer-goettinger-buchhandlung-rote-strasse-waechst\\\/\"},\"wordCount\":560,\"commentCount\":0,\"publisher\":{\"@id\":\"https:\\\/\\\/radioleinewelle.de\\\/#organization\"},\"image\":{\"@id\":\"https:\\\/\\\/radioleinewelle.de\\\/index.php\\\/2026\\\/03\\\/14\\\/eklat-um-buchhandlungspreis-preisverleihung-auf-leipziger-buchmesse-abgesagt-solidaritaet-fuer-goettinger-buchhandlung-rote-strasse-waechst\\\/#primaryimage\"},\"thumbnailUrl\":\"https:\\\/\\\/radioleinewelle.de\\\/wp-content\\\/uploads\\\/2026\\\/03\\\/Buchladen-Rote-Strasse-nah.jpg\",\"keywords\":[\"Buchhandlung Rote Stra\u00dfe\",\"Deutscher Buchhandlungspreis\",\"G\u00f6ttingen\",\"Haber verfahren\",\"Leipziger Buchmesse\"],\"articleSection\":[\"Gesellschaft\",\"Kultur\"],\"inLanguage\":\"de\",\"potentialAction\":[{\"@type\":\"CommentAction\",\"name\":\"Comment\",\"target\":[\"https:\\\/\\\/radioleinewelle.de\\\/index.php\\\/2026\\\/03\\\/14\\\/eklat-um-buchhandlungspreis-preisverleihung-auf-leipziger-buchmesse-abgesagt-solidaritaet-fuer-goettinger-buchhandlung-rote-strasse-waechst\\\/#respond\"]}]},{\"@type\":\"WebPage\",\"@id\":\"https:\\\/\\\/radioleinewelle.de\\\/index.php\\\/2026\\\/03\\\/14\\\/eklat-um-buchhandlungspreis-preisverleihung-auf-leipziger-buchmesse-abgesagt-solidaritaet-fuer-goettinger-buchhandlung-rote-strasse-waechst\\\/\",\"url\":\"https:\\\/\\\/radioleinewelle.de\\\/index.php\\\/2026\\\/03\\\/14\\\/eklat-um-buchhandlungspreis-preisverleihung-auf-leipziger-buchmesse-abgesagt-solidaritaet-fuer-goettinger-buchhandlung-rote-strasse-waechst\\\/\",\"name\":\"Eklat um Buchhandlungspreis: Preisverleihung auf Leipziger Buchmesse abgesagt \u2013 Solidarit\u00e4t f\u00fcr G\u00f6ttinger Buchhandlung Rote Stra\u00dfe w\u00e4chst - Radio Leinewelle\",\"isPartOf\":{\"@id\":\"https:\\\/\\\/radioleinewelle.de\\\/#website\"},\"primaryImageOfPage\":{\"@id\":\"https:\\\/\\\/radioleinewelle.de\\\/index.php\\\/2026\\\/03\\\/14\\\/eklat-um-buchhandlungspreis-preisverleihung-auf-leipziger-buchmesse-abgesagt-solidaritaet-fuer-goettinger-buchhandlung-rote-strasse-waechst\\\/#primaryimage\"},\"image\":{\"@id\":\"https:\\\/\\\/radioleinewelle.de\\\/index.php\\\/2026\\\/03\\\/14\\\/eklat-um-buchhandlungspreis-preisverleihung-auf-leipziger-buchmesse-abgesagt-solidaritaet-fuer-goettinger-buchhandlung-rote-strasse-waechst\\\/#primaryimage\"},\"thumbnailUrl\":\"https:\\\/\\\/radioleinewelle.de\\\/wp-content\\\/uploads\\\/2026\\\/03\\\/Buchladen-Rote-Strasse-nah.jpg\",\"datePublished\":\"2026-03-14T08:27:43+00:00\",\"dateModified\":\"2026-03-14T08:31:21+00:00\",\"description\":\"Die Preisverleihung des Deutschen Buchhandlungspreises auf der Leipziger Buchmesse wurde abgesagt. Hintergrund ist der Streit um die G\u00f6ttinger Buchhandlung Rote Stra\u00dfe.\",\"breadcrumb\":{\"@id\":\"https:\\\/\\\/radioleinewelle.de\\\/index.php\\\/2026\\\/03\\\/14\\\/eklat-um-buchhandlungspreis-preisverleihung-auf-leipziger-buchmesse-abgesagt-solidaritaet-fuer-goettinger-buchhandlung-rote-strasse-waechst\\\/#breadcrumb\"},\"inLanguage\":\"de\",\"potentialAction\":[{\"@type\":\"ReadAction\",\"target\":[\"https:\\\/\\\/radioleinewelle.de\\\/index.php\\\/2026\\\/03\\\/14\\\/eklat-um-buchhandlungspreis-preisverleihung-auf-leipziger-buchmesse-abgesagt-solidaritaet-fuer-goettinger-buchhandlung-rote-strasse-waechst\\\/\"]}]},{\"@type\":\"ImageObject\",\"inLanguage\":\"de\",\"@id\":\"https:\\\/\\\/radioleinewelle.de\\\/index.php\\\/2026\\\/03\\\/14\\\/eklat-um-buchhandlungspreis-preisverleihung-auf-leipziger-buchmesse-abgesagt-solidaritaet-fuer-goettinger-buchhandlung-rote-strasse-waechst\\\/#primaryimage\",\"url\":\"https:\\\/\\\/radioleinewelle.de\\\/wp-content\\\/uploads\\\/2026\\\/03\\\/Buchladen-Rote-Strasse-nah.jpg\",\"contentUrl\":\"https:\\\/\\\/radioleinewelle.de\\\/wp-content\\\/uploads\\\/2026\\\/03\\\/Buchladen-Rote-Strasse-nah.jpg\",\"width\":2074,\"height\":1803},{\"@type\":\"BreadcrumbList\",\"@id\":\"https:\\\/\\\/radioleinewelle.de\\\/index.php\\\/2026\\\/03\\\/14\\\/eklat-um-buchhandlungspreis-preisverleihung-auf-leipziger-buchmesse-abgesagt-solidaritaet-fuer-goettinger-buchhandlung-rote-strasse-waechst\\\/#breadcrumb\",\"itemListElement\":[{\"@type\":\"ListItem\",\"position\":1,\"name\":\"Startseite\",\"item\":\"https:\\\/\\\/radioleinewelle.de\\\/\"},{\"@type\":\"ListItem\",\"position\":2,\"name\":\"Eklat um Buchhandlungspreis: Preisverleihung auf Leipziger Buchmesse abgesagt \u2013 Solidarit\u00e4t f\u00fcr G\u00f6ttinger Buchhandlung Rote Stra\u00dfe w\u00e4chst\"}]},{\"@type\":\"WebSite\",\"@id\":\"https:\\\/\\\/radioleinewelle.de\\\/#website\",\"url\":\"https:\\\/\\\/radioleinewelle.de\\\/\",\"name\":\"Radio Leinewelle\",\"description\":\"\",\"publisher\":{\"@id\":\"https:\\\/\\\/radioleinewelle.de\\\/#organization\"},\"potentialAction\":[{\"@type\":\"SearchAction\",\"target\":{\"@type\":\"EntryPoint\",\"urlTemplate\":\"https:\\\/\\\/radioleinewelle.de\\\/?s={search_term_string}\"},\"query-input\":{\"@type\":\"PropertyValueSpecification\",\"valueRequired\":true,\"valueName\":\"search_term_string\"}}],\"inLanguage\":\"de\"},{\"@type\":\"Organization\",\"@id\":\"https:\\\/\\\/radioleinewelle.de\\\/#organization\",\"name\":\"Radio Leinewelle\",\"alternateName\":\"Mein Radio f\u00fcr S\u00fcdniedersachsen\",\"url\":\"https:\\\/\\\/radioleinewelle.de\\\/\",\"logo\":{\"@type\":\"ImageObject\",\"inLanguage\":\"de\",\"@id\":\"https:\\\/\\\/radioleinewelle.de\\\/#\\\/schema\\\/logo\\\/image\\\/\",\"url\":\"https:\\\/\\\/radioleinewelle.de\\\/wp-content\\\/uploads\\\/2023\\\/11\\\/cropped-Leinewelle_Logo_weiss.png\",\"contentUrl\":\"https:\\\/\\\/radioleinewelle.de\\\/wp-content\\\/uploads\\\/2023\\\/11\\\/cropped-Leinewelle_Logo_weiss.png\",\"width\":854,\"height\":260,\"caption\":\"Radio Leinewelle\"},\"image\":{\"@id\":\"https:\\\/\\\/radioleinewelle.de\\\/#\\\/schema\\\/logo\\\/image\\\/\"},\"sameAs\":[\"https:\\\/\\\/www.facebook.com\\\/radioleinewelle\",\"https:\\\/\\\/x.com\\\/RLeinewelle\",\"https:\\\/\\\/www.instagram.com\\\/radioleinewelle\\\/?hl=de\"]},{\"@type\":\"Person\",\"@id\":\"https:\\\/\\\/radioleinewelle.de\\\/#\\\/schema\\\/person\\\/57bad1d4e916f10da4e6763d01aec895\",\"name\":\"Ulf Engelmayer\",\"image\":{\"@type\":\"ImageObject\",\"inLanguage\":\"de\",\"@id\":\"https:\\\/\\\/secure.gravatar.com\\\/avatar\\\/f056d5d62beaff9b66570d67e3e698ea7ff6463d140c80fc667a56e338ecf046?s=96&d=blank&r=g\",\"url\":\"https:\\\/\\\/secure.gravatar.com\\\/avatar\\\/f056d5d62beaff9b66570d67e3e698ea7ff6463d140c80fc667a56e338ecf046?s=96&d=blank&r=g\",\"contentUrl\":\"https:\\\/\\\/secure.gravatar.com\\\/avatar\\\/f056d5d62beaff9b66570d67e3e698ea7ff6463d140c80fc667a56e338ecf046?s=96&d=blank&r=g\",\"caption\":\"Ulf Engelmayer\"},\"url\":\"https:\\\/\\\/radioleinewelle.de\\\/index.php\\\/author\\\/ulf-engelmayer\\\/\"}]}<\/script>\n<!-- \/ Yoast SEO plugin. -->","yoast_head_json":{"title":"Eklat um Buchhandlungspreis: Preisverleihung auf Leipziger Buchmesse abgesagt \u2013 Solidarit\u00e4t f\u00fcr G\u00f6ttinger Buchhandlung Rote Stra\u00dfe w\u00e4chst - Radio Leinewelle","description":"Die Preisverleihung des Deutschen Buchhandlungspreises auf der Leipziger Buchmesse wurde abgesagt. Hintergrund ist der Streit um die G\u00f6ttinger Buchhandlung Rote Stra\u00dfe.","robots":{"index":"index","follow":"follow","max-snippet":"max-snippet:-1","max-image-preview":"max-image-preview:large","max-video-preview":"max-video-preview:-1"},"canonical":"https:\/\/radioleinewelle.de\/index.php\/2026\/03\/14\/eklat-um-buchhandlungspreis-preisverleihung-auf-leipziger-buchmesse-abgesagt-solidaritaet-fuer-goettinger-buchhandlung-rote-strasse-waechst\/","og_locale":"de_DE","og_type":"article","og_title":"Eklat um Buchhandlungspreis: Preisverleihung auf Leipziger Buchmesse abgesagt \u2013 Solidarit\u00e4t f\u00fcr G\u00f6ttinger Buchhandlung Rote Stra\u00dfe w\u00e4chst - Radio Leinewelle","og_description":"Die Preisverleihung des Deutschen Buchhandlungspreises auf der Leipziger Buchmesse wurde abgesagt. Hintergrund ist der Streit um die G\u00f6ttinger Buchhandlung Rote Stra\u00dfe.","og_url":"https:\/\/radioleinewelle.de\/index.php\/2026\/03\/14\/eklat-um-buchhandlungspreis-preisverleihung-auf-leipziger-buchmesse-abgesagt-solidaritaet-fuer-goettinger-buchhandlung-rote-strasse-waechst\/","og_site_name":"Radio Leinewelle","article_publisher":"https:\/\/www.facebook.com\/radioleinewelle","article_published_time":"2026-03-14T08:27:43+00:00","article_modified_time":"2026-03-14T08:31:21+00:00","og_image":[{"width":2074,"height":1803,"url":"https:\/\/radioleinewelle.de\/wp-content\/uploads\/2026\/03\/Buchladen-Rote-Strasse-nah.jpg","type":"image\/jpeg"}],"author":"Ulf Engelmayer","twitter_card":"summary_large_image","twitter_creator":"@RLeinewelle","twitter_site":"@RLeinewelle","twitter_misc":{"Verfasst von":"Ulf Engelmayer","Gesch\u00e4tzte Lesezeit":"3\u00a0Minuten"},"schema":{"@context":"https:\/\/schema.org","@graph":[{"@type":"Article","@id":"https:\/\/radioleinewelle.de\/index.php\/2026\/03\/14\/eklat-um-buchhandlungspreis-preisverleihung-auf-leipziger-buchmesse-abgesagt-solidaritaet-fuer-goettinger-buchhandlung-rote-strasse-waechst\/#article","isPartOf":{"@id":"https:\/\/radioleinewelle.de\/index.php\/2026\/03\/14\/eklat-um-buchhandlungspreis-preisverleihung-auf-leipziger-buchmesse-abgesagt-solidaritaet-fuer-goettinger-buchhandlung-rote-strasse-waechst\/"},"author":{"name":"Ulf Engelmayer","@id":"https:\/\/radioleinewelle.de\/#\/schema\/person\/57bad1d4e916f10da4e6763d01aec895"},"headline":"Eklat um Buchhandlungspreis: Preisverleihung auf Leipziger Buchmesse abgesagt \u2013 Solidarit\u00e4t f\u00fcr G\u00f6ttinger Buchhandlung Rote Stra\u00dfe w\u00e4chst","datePublished":"2026-03-14T08:27:43+00:00","dateModified":"2026-03-14T08:31:21+00:00","mainEntityOfPage":{"@id":"https:\/\/radioleinewelle.de\/index.php\/2026\/03\/14\/eklat-um-buchhandlungspreis-preisverleihung-auf-leipziger-buchmesse-abgesagt-solidaritaet-fuer-goettinger-buchhandlung-rote-strasse-waechst\/"},"wordCount":560,"commentCount":0,"publisher":{"@id":"https:\/\/radioleinewelle.de\/#organization"},"image":{"@id":"https:\/\/radioleinewelle.de\/index.php\/2026\/03\/14\/eklat-um-buchhandlungspreis-preisverleihung-auf-leipziger-buchmesse-abgesagt-solidaritaet-fuer-goettinger-buchhandlung-rote-strasse-waechst\/#primaryimage"},"thumbnailUrl":"https:\/\/radioleinewelle.de\/wp-content\/uploads\/2026\/03\/Buchladen-Rote-Strasse-nah.jpg","keywords":["Buchhandlung Rote Stra\u00dfe","Deutscher Buchhandlungspreis","G\u00f6ttingen","Haber verfahren","Leipziger Buchmesse"],"articleSection":["Gesellschaft","Kultur"],"inLanguage":"de","potentialAction":[{"@type":"CommentAction","name":"Comment","target":["https:\/\/radioleinewelle.de\/index.php\/2026\/03\/14\/eklat-um-buchhandlungspreis-preisverleihung-auf-leipziger-buchmesse-abgesagt-solidaritaet-fuer-goettinger-buchhandlung-rote-strasse-waechst\/#respond"]}]},{"@type":"WebPage","@id":"https:\/\/radioleinewelle.de\/index.php\/2026\/03\/14\/eklat-um-buchhandlungspreis-preisverleihung-auf-leipziger-buchmesse-abgesagt-solidaritaet-fuer-goettinger-buchhandlung-rote-strasse-waechst\/","url":"https:\/\/radioleinewelle.de\/index.php\/2026\/03\/14\/eklat-um-buchhandlungspreis-preisverleihung-auf-leipziger-buchmesse-abgesagt-solidaritaet-fuer-goettinger-buchhandlung-rote-strasse-waechst\/","name":"Eklat um Buchhandlungspreis: Preisverleihung auf Leipziger Buchmesse abgesagt \u2013 Solidarit\u00e4t f\u00fcr G\u00f6ttinger Buchhandlung Rote Stra\u00dfe w\u00e4chst - Radio Leinewelle","isPartOf":{"@id":"https:\/\/radioleinewelle.de\/#website"},"primaryImageOfPage":{"@id":"https:\/\/radioleinewelle.de\/index.php\/2026\/03\/14\/eklat-um-buchhandlungspreis-preisverleihung-auf-leipziger-buchmesse-abgesagt-solidaritaet-fuer-goettinger-buchhandlung-rote-strasse-waechst\/#primaryimage"},"image":{"@id":"https:\/\/radioleinewelle.de\/index.php\/2026\/03\/14\/eklat-um-buchhandlungspreis-preisverleihung-auf-leipziger-buchmesse-abgesagt-solidaritaet-fuer-goettinger-buchhandlung-rote-strasse-waechst\/#primaryimage"},"thumbnailUrl":"https:\/\/radioleinewelle.de\/wp-content\/uploads\/2026\/03\/Buchladen-Rote-Strasse-nah.jpg","datePublished":"2026-03-14T08:27:43+00:00","dateModified":"2026-03-14T08:31:21+00:00","description":"Die Preisverleihung des Deutschen Buchhandlungspreises auf der Leipziger Buchmesse wurde abgesagt. Hintergrund ist der Streit um die G\u00f6ttinger Buchhandlung Rote Stra\u00dfe.","breadcrumb":{"@id":"https:\/\/radioleinewelle.de\/index.php\/2026\/03\/14\/eklat-um-buchhandlungspreis-preisverleihung-auf-leipziger-buchmesse-abgesagt-solidaritaet-fuer-goettinger-buchhandlung-rote-strasse-waechst\/#breadcrumb"},"inLanguage":"de","potentialAction":[{"@type":"ReadAction","target":["https:\/\/radioleinewelle.de\/index.php\/2026\/03\/14\/eklat-um-buchhandlungspreis-preisverleihung-auf-leipziger-buchmesse-abgesagt-solidaritaet-fuer-goettinger-buchhandlung-rote-strasse-waechst\/"]}]},{"@type":"ImageObject","inLanguage":"de","@id":"https:\/\/radioleinewelle.de\/index.php\/2026\/03\/14\/eklat-um-buchhandlungspreis-preisverleihung-auf-leipziger-buchmesse-abgesagt-solidaritaet-fuer-goettinger-buchhandlung-rote-strasse-waechst\/#primaryimage","url":"https:\/\/radioleinewelle.de\/wp-content\/uploads\/2026\/03\/Buchladen-Rote-Strasse-nah.jpg","contentUrl":"https:\/\/radioleinewelle.de\/wp-content\/uploads\/2026\/03\/Buchladen-Rote-Strasse-nah.jpg","width":2074,"height":1803},{"@type":"BreadcrumbList","@id":"https:\/\/radioleinewelle.de\/index.php\/2026\/03\/14\/eklat-um-buchhandlungspreis-preisverleihung-auf-leipziger-buchmesse-abgesagt-solidaritaet-fuer-goettinger-buchhandlung-rote-strasse-waechst\/#breadcrumb","itemListElement":[{"@type":"ListItem","position":1,"name":"Startseite","item":"https:\/\/radioleinewelle.de\/"},{"@type":"ListItem","position":2,"name":"Eklat um Buchhandlungspreis: Preisverleihung auf Leipziger Buchmesse abgesagt \u2013 Solidarit\u00e4t f\u00fcr G\u00f6ttinger Buchhandlung Rote Stra\u00dfe w\u00e4chst"}]},{"@type":"WebSite","@id":"https:\/\/radioleinewelle.de\/#website","url":"https:\/\/radioleinewelle.de\/","name":"Radio Leinewelle","description":"","publisher":{"@id":"https:\/\/radioleinewelle.de\/#organization"},"potentialAction":[{"@type":"SearchAction","target":{"@type":"EntryPoint","urlTemplate":"https:\/\/radioleinewelle.de\/?s={search_term_string}"},"query-input":{"@type":"PropertyValueSpecification","valueRequired":true,"valueName":"search_term_string"}}],"inLanguage":"de"},{"@type":"Organization","@id":"https:\/\/radioleinewelle.de\/#organization","name":"Radio Leinewelle","alternateName":"Mein Radio f\u00fcr S\u00fcdniedersachsen","url":"https:\/\/radioleinewelle.de\/","logo":{"@type":"ImageObject","inLanguage":"de","@id":"https:\/\/radioleinewelle.de\/#\/schema\/logo\/image\/","url":"https:\/\/radioleinewelle.de\/wp-content\/uploads\/2023\/11\/cropped-Leinewelle_Logo_weiss.png","contentUrl":"https:\/\/radioleinewelle.de\/wp-content\/uploads\/2023\/11\/cropped-Leinewelle_Logo_weiss.png","width":854,"height":260,"caption":"Radio Leinewelle"},"image":{"@id":"https:\/\/radioleinewelle.de\/#\/schema\/logo\/image\/"},"sameAs":["https:\/\/www.facebook.com\/radioleinewelle","https:\/\/x.com\/RLeinewelle","https:\/\/www.instagram.com\/radioleinewelle\/?hl=de"]},{"@type":"Person","@id":"https:\/\/radioleinewelle.de\/#\/schema\/person\/57bad1d4e916f10da4e6763d01aec895","name":"Ulf Engelmayer","image":{"@type":"ImageObject","inLanguage":"de","@id":"https:\/\/secure.gravatar.com\/avatar\/f056d5d62beaff9b66570d67e3e698ea7ff6463d140c80fc667a56e338ecf046?s=96&d=blank&r=g","url":"https:\/\/secure.gravatar.com\/avatar\/f056d5d62beaff9b66570d67e3e698ea7ff6463d140c80fc667a56e338ecf046?s=96&d=blank&r=g","contentUrl":"https:\/\/secure.gravatar.com\/avatar\/f056d5d62beaff9b66570d67e3e698ea7ff6463d140c80fc667a56e338ecf046?s=96&d=blank&r=g","caption":"Ulf Engelmayer"},"url":"https:\/\/radioleinewelle.de\/index.php\/author\/ulf-engelmayer\/"}]}},"_links":{"self":[{"href":"https:\/\/radioleinewelle.de\/index.php\/wp-json\/wp\/v2\/posts\/30738","targetHints":{"allow":["GET"]}}],"collection":[{"href":"https:\/\/radioleinewelle.de\/index.php\/wp-json\/wp\/v2\/posts"}],"about":[{"href":"https:\/\/radioleinewelle.de\/index.php\/wp-json\/wp\/v2\/types\/post"}],"author":[{"embeddable":true,"href":"https:\/\/radioleinewelle.de\/index.php\/wp-json\/wp\/v2\/users\/6"}],"replies":[{"embeddable":true,"href":"https:\/\/radioleinewelle.de\/index.php\/wp-json\/wp\/v2\/comments?post=30738"}],"version-history":[{"count":6,"href":"https:\/\/radioleinewelle.de\/index.php\/wp-json\/wp\/v2\/posts\/30738\/revisions"}],"predecessor-version":[{"id":30746,"href":"https:\/\/radioleinewelle.de\/index.php\/wp-json\/wp\/v2\/posts\/30738\/revisions\/30746"}],"wp:featuredmedia":[{"embeddable":true,"href":"https:\/\/radioleinewelle.de\/index.php\/wp-json\/wp\/v2\/media\/30742"}],"wp:attachment":[{"href":"https:\/\/radioleinewelle.de\/index.php\/wp-json\/wp\/v2\/media?parent=30738"}],"wp:term":[{"taxonomy":"category","embeddable":true,"href":"https:\/\/radioleinewelle.de\/index.php\/wp-json\/wp\/v2\/categories?post=30738"},{"taxonomy":"post_tag","embeddable":true,"href":"https:\/\/radioleinewelle.de\/index.php\/wp-json\/wp\/v2\/tags?post=30738"}],"curies":[{"name":"wp","href":"https:\/\/api.w.org\/{rel}","templated":true}]}}