{"id":30751,"date":"2026-03-15T09:58:22","date_gmt":"2026-03-15T08:58:22","guid":{"rendered":"https:\/\/radioleinewelle.de\/?p=30751"},"modified":"2026-03-16T10:37:21","modified_gmt":"2026-03-16T09:37:21","slug":"einar-turkowski-fantastische-bildwelten-in-der-imflurgalerie-goettingen","status":"publish","type":"post","link":"https:\/\/radioleinewelle.de\/index.php\/2026\/03\/15\/einar-turkowski-fantastische-bildwelten-in-der-imflurgalerie-goettingen\/","title":{"rendered":"Einar Turkowski: Fantastische Bildwelten in der ImFlurGalerie G\u00f6ttingen"},"content":{"rendered":"\n<h2 class=\"wp-block-heading\"><\/h2>\n\n\n\n<figure class=\"wp-block-image size-large\"><img loading=\"lazy\" decoding=\"async\" width=\"1024\" height=\"768\" src=\"https:\/\/radioleinewelle.de\/wp-content\/uploads\/2026\/03\/Einar-Turkowski-Buecher-1024x768.jpeg\" alt=\"\" class=\"wp-image-30758\" srcset=\"https:\/\/radioleinewelle.de\/wp-content\/uploads\/2026\/03\/Einar-Turkowski-Buecher-1024x768.jpeg 1024w, https:\/\/radioleinewelle.de\/wp-content\/uploads\/2026\/03\/Einar-Turkowski-Buecher-300x225.jpeg 300w, https:\/\/radioleinewelle.de\/wp-content\/uploads\/2026\/03\/Einar-Turkowski-Buecher-768x576.jpeg 768w, https:\/\/radioleinewelle.de\/wp-content\/uploads\/2026\/03\/Einar-Turkowski-Buecher-1536x1152.jpeg 1536w, https:\/\/radioleinewelle.de\/wp-content\/uploads\/2026\/03\/Einar-Turkowski-Buecher-2048x1536.jpeg 2048w, https:\/\/radioleinewelle.de\/wp-content\/uploads\/2026\/03\/Einar-Turkowski-Buecher-1440x1080.jpeg 1440w\" sizes=\"(max-width: 1024px) 100vw, 1024px\" \/><\/figure>\n\n\n\n<p>Die detailreichen Zeichnungen des Illustrators\u00a0<strong>Einar Turkowski<\/strong>\u00a0geh\u00f6ren zu den au\u00dfergew\u00f6hnlichsten Positionen der zeitgen\u00f6ssischen Buchillustration in Deutschland. Seine Werke bewegen sich zwischen Fantasie, Naturbeobachtung und literarischer Erz\u00e4hlkunst \u2013 oft in feinster Schwarz-Wei\u00df-Zeichnung, die eine ganz eigene, poetische Atmosph\u00e4re erzeugt. Aktuell sind Arbeiten des K\u00fcnstlers in einer\u00a0Pop-Up-Ausstellung in G\u00f6ttingen\u00a0zu sehen: In der\u00a0ImFlurGalerie des\u00a0G\u00f6ttinger Verlag der Kunst\u00a0in der\u00a0Geiststra\u00dfe 11\u00a0werden Fine-Art-Prints seiner Illustrationen pr\u00e4sentiert.Der Zeichner hinter den geheimnisvollen Landschaften<\/p>\n\n\n\n<p>Der in Deutschland lebende Illustrator\u00a0Einar Turkowski\u00a0hat sich vor allem durch seine au\u00dfergew\u00f6hnlichen Bilderb\u00fccher einen Namen gemacht. Seine Arbeiten entstehen meist in aufwendigen Zeichentechniken \u2013 h\u00e4ufig mit Bleistift oder Tusche \u2013 und zeichnen sich durch eine enorme Detailtiefe aus.<\/p>\n\n\n\n<figure class=\"wp-block-gallery has-nested-images columns-default is-cropped wp-block-gallery-1 is-layout-flex wp-block-gallery-is-layout-flex\">\n<figure class=\"wp-block-image size-large\"><img loading=\"lazy\" decoding=\"async\" width=\"1024\" height=\"740\" data-id=\"30767\" src=\"https:\/\/radioleinewelle.de\/wp-content\/uploads\/2026\/03\/Turkowski-2-1024x740.jpg\" alt=\"\" class=\"wp-image-30767\" srcset=\"https:\/\/radioleinewelle.de\/wp-content\/uploads\/2026\/03\/Turkowski-2-1024x740.jpg 1024w, https:\/\/radioleinewelle.de\/wp-content\/uploads\/2026\/03\/Turkowski-2-300x217.jpg 300w, https:\/\/radioleinewelle.de\/wp-content\/uploads\/2026\/03\/Turkowski-2-768x555.jpg 768w, https:\/\/radioleinewelle.de\/wp-content\/uploads\/2026\/03\/Turkowski-2-1536x1111.jpg 1536w, https:\/\/radioleinewelle.de\/wp-content\/uploads\/2026\/03\/Turkowski-2-1494x1080.jpg 1494w, https:\/\/radioleinewelle.de\/wp-content\/uploads\/2026\/03\/Turkowski-2.jpg 1661w\" sizes=\"(max-width: 1024px) 100vw, 1024px\" \/><\/figure>\n\n\n\n<figure class=\"wp-block-image size-large\"><img loading=\"lazy\" decoding=\"async\" width=\"1024\" height=\"802\" data-id=\"30768\" src=\"https:\/\/radioleinewelle.de\/wp-content\/uploads\/2026\/03\/Turkowski-3-1024x802.jpg\" alt=\"\" class=\"wp-image-30768\" srcset=\"https:\/\/radioleinewelle.de\/wp-content\/uploads\/2026\/03\/Turkowski-3-1024x802.jpg 1024w, https:\/\/radioleinewelle.de\/wp-content\/uploads\/2026\/03\/Turkowski-3-300x235.jpg 300w, https:\/\/radioleinewelle.de\/wp-content\/uploads\/2026\/03\/Turkowski-3-768x601.jpg 768w, https:\/\/radioleinewelle.de\/wp-content\/uploads\/2026\/03\/Turkowski-3-1536x1203.jpg 1536w, https:\/\/radioleinewelle.de\/wp-content\/uploads\/2026\/03\/Turkowski-3-1379x1080.jpg 1379w, https:\/\/radioleinewelle.de\/wp-content\/uploads\/2026\/03\/Turkowski-3.jpg 1559w\" sizes=\"(max-width: 1024px) 100vw, 1024px\" \/><\/figure>\n\n\n\n<figure class=\"wp-block-image size-large\"><img loading=\"lazy\" decoding=\"async\" width=\"1024\" height=\"797\" data-id=\"30769\" src=\"https:\/\/radioleinewelle.de\/wp-content\/uploads\/2026\/03\/Turkowski-4-1024x797.jpg\" alt=\"\" class=\"wp-image-30769\" srcset=\"https:\/\/radioleinewelle.de\/wp-content\/uploads\/2026\/03\/Turkowski-4-1024x797.jpg 1024w, https:\/\/radioleinewelle.de\/wp-content\/uploads\/2026\/03\/Turkowski-4-300x234.jpg 300w, https:\/\/radioleinewelle.de\/wp-content\/uploads\/2026\/03\/Turkowski-4-768x598.jpg 768w, https:\/\/radioleinewelle.de\/wp-content\/uploads\/2026\/03\/Turkowski-4-1536x1196.jpg 1536w, https:\/\/radioleinewelle.de\/wp-content\/uploads\/2026\/03\/Turkowski-4-2048x1595.jpg 2048w, https:\/\/radioleinewelle.de\/wp-content\/uploads\/2026\/03\/Turkowski-4-1387x1080.jpg 1387w\" sizes=\"(max-width: 1024px) 100vw, 1024px\" \/><\/figure>\n<\/figure>\n\n\n\n<p>Typisch f\u00fcr Turkowski sind\u00a0surreal anmutende Landschaften, r\u00e4tselhafte Architektur und eine fast meditative Ruhe, die seine Bilder ausstrahlen. Viele seiner B\u00fccher kommen mit sehr wenig Text aus oder funktionieren sogar ganz ohne Worte. Dadurch entsteht eine visuelle Erz\u00e4hlweise, die Leserinnen und Leser jeden Alters dazu einl\u00e4dt, eigene Geschichten in den Bildern zu entdecken.<\/p>\n\n\n\n<p>International wurde der K\u00fcnstler mehrfach ausgezeichnet, unter anderem f\u00fcr seine k\u00fcnstlerisch anspruchsvollen Bilderb\u00fccher, die h\u00e4ufig auch in anderen L\u00e4ndern ver\u00f6ffentlicht werden. Seine Werke bewegen sich bewusst an der Grenze zwischen\u00a0Illustration, Grafik und bildender Kunst.<\/p>\n\n\n\n<h4 class=\"wp-block-heading\">Ausstellung in der ImFlurGalerie in G\u00f6ttingen<\/h4>\n\n\n\n<figure class=\"wp-block-image size-large\"><img loading=\"lazy\" decoding=\"async\" width=\"722\" height=\"1024\" src=\"https:\/\/radioleinewelle.de\/wp-content\/uploads\/2026\/03\/Turkowski_Handzettel_Ausstellung_A5-722x1024.jpg\" alt=\"\" class=\"wp-image-30753\" srcset=\"https:\/\/radioleinewelle.de\/wp-content\/uploads\/2026\/03\/Turkowski_Handzettel_Ausstellung_A5-722x1024.jpg 722w, https:\/\/radioleinewelle.de\/wp-content\/uploads\/2026\/03\/Turkowski_Handzettel_Ausstellung_A5-212x300.jpg 212w, https:\/\/radioleinewelle.de\/wp-content\/uploads\/2026\/03\/Turkowski_Handzettel_Ausstellung_A5-768x1089.jpg 768w, https:\/\/radioleinewelle.de\/wp-content\/uploads\/2026\/03\/Turkowski_Handzettel_Ausstellung_A5-1083x1536.jpg 1083w, https:\/\/radioleinewelle.de\/wp-content\/uploads\/2026\/03\/Turkowski_Handzettel_Ausstellung_A5-761x1080.jpg 761w, https:\/\/radioleinewelle.de\/wp-content\/uploads\/2026\/03\/Turkowski_Handzettel_Ausstellung_A5.jpg 1410w\" sizes=\"(max-width: 722px) 100vw, 722px\" \/><\/figure>\n\n\n\n<details class=\"wp-block-details is-layout-flow wp-block-details-is-layout-flow\"><summary><\/summary>\n<figure class=\"wp-block-image size-large\"><img loading=\"lazy\" decoding=\"async\" width=\"722\" height=\"1024\" src=\"https:\/\/radioleinewelle.de\/wp-content\/uploads\/2026\/03\/Turkowski_Handzettel_Ausstellung_A5-722x1024.jpg\" alt=\"\" class=\"wp-image-30753\" srcset=\"https:\/\/radioleinewelle.de\/wp-content\/uploads\/2026\/03\/Turkowski_Handzettel_Ausstellung_A5-722x1024.jpg 722w, https:\/\/radioleinewelle.de\/wp-content\/uploads\/2026\/03\/Turkowski_Handzettel_Ausstellung_A5-212x300.jpg 212w, https:\/\/radioleinewelle.de\/wp-content\/uploads\/2026\/03\/Turkowski_Handzettel_Ausstellung_A5-768x1089.jpg 768w, https:\/\/radioleinewelle.de\/wp-content\/uploads\/2026\/03\/Turkowski_Handzettel_Ausstellung_A5-1083x1536.jpg 1083w, https:\/\/radioleinewelle.de\/wp-content\/uploads\/2026\/03\/Turkowski_Handzettel_Ausstellung_A5-761x1080.jpg 761w, https:\/\/radioleinewelle.de\/wp-content\/uploads\/2026\/03\/Turkowski_Handzettel_Ausstellung_A5.jpg 1410w\" sizes=\"(max-width: 722px) 100vw, 722px\" \/><\/figure>\n<\/details>\n\n\n\n<p>Die Galerie befindet sich in der\u00a0Geiststra\u00dfe 11\u00a0\u2013 einem Haus, das in G\u00f6ttingen auch als kreativer Treffpunkt bekannt ist. Hier arbeiten Kunstschaffende, Verlage und Kulturschaffende T\u00fcr an T\u00fcr. Ein besonderer Bezug zur lokalen Kulturszene besteht auch durch\u00a0Radio Leinewelle, dessen Studio sich im selben Geb\u00e4ude befindet. Dadurch entstehen w\u00e4hrend der Ausstellungswoche immer wieder Begegnungen zwischen Kunst, Musik, Literatur und Radio. <br>Die Ausstellung l\u00e4uft\u00a0vom 14. bis zum 21. M\u00e4rz\u00a0und kann t\u00e4glich von\u00a014:00 bis 19:00 Uhr\u00a0besucht werden. Der Eintritt ist frei.<\/p>\n\n\n\n<p><strong>Mehr unter: <a href=\"http:\/\/gvdkunst.de\">gvdkunst.de<\/a><\/strong><\/p>\n\n\n\n<p class=\"has-text-align-right has-small-font-size\"><strong>Fotos:<\/strong> @Radio Leinewelle (Jutta Engelmayer)<\/p>\n\n\n\n<p><br><\/p>\n","protected":false},"excerpt":{"rendered":"<p>Die detailreichen Zeichnungen des Illustrators\u00a0Einar Turkowski\u00a0geh\u00f6ren zu den au\u00dfergew\u00f6hnlichsten Positionen der zeitgen\u00f6ssischen Buchillustration in Deutschland. Seine Werke bewegen sich zwischen Fantasie, Naturbeobachtung und literarischer Erz\u00e4hlkunst \u2013 oft in feinster Schwarz-Wei\u00df-Zeichnung, die eine ganz eigene, poetische Atmosph\u00e4re erzeugt. Aktuell sind Arbeiten des K\u00fcnstlers in einer\u00a0Pop-Up-Ausstellung in G\u00f6ttingen\u00a0zu sehen: In der\u00a0ImFlurGalerie des\u00a0G\u00f6ttinger Verlag der Kunst\u00a0in der\u00a0Geiststra\u00dfe 11\u00a0werden [&hellip;]<\/p>\n","protected":false},"author":1,"featured_media":30757,"comment_status":"open","ping_status":"open","sticky":false,"template":"","format":"standard","meta":{"saved_in_kubio":false,"footnotes":""},"categories":[2930,4969,4264,45],"tags":[4964,4963,4513,4965,4966,4968,4967],"class_list":["post-30751","post","type-post","status-publish","format-standard","has-post-thumbnail","hentry","category-ausstellungen","category-bildende-kunst","category-kreativwirtschaft","category-kultur","tag-ausstellung-goettingen","tag-einar-turkowski","tag-goettinger-verlag-der-kunst","tag-illustration-ausstellung-goettingen","tag-kunst-ausstellung-goettingen","tag-radio-leinewelle-kultur","tag-zeichnungen-ausstellung-goettingen"],"yoast_head":"<!-- This site is optimized with the Yoast SEO plugin v27.5 - https:\/\/yoast.com\/product\/yoast-seo-wordpress\/ -->\n<title>Einar Turkowski: Fantastische Bildwelten in der ImFlurGalerie G\u00f6ttingen - Radio Leinewelle<\/title>\n<meta name=\"description\" content=\"Die detailreichen Illustrationen von Einar Turkowski sind aktuell in der ImFlurGalerie in G\u00f6ttingen zu sehen. Die Pop-Up-Ausstellung des G\u00f6ttinger Verlag der Kunst l\u00e4uft bis 21. M\u00e4rz in der Geiststra\u00dfe 11 \u2013 im selben Haus wie Radio Leinewelle.\" \/>\n<meta name=\"robots\" content=\"index, follow, max-snippet:-1, max-image-preview:large, max-video-preview:-1\" \/>\n<link rel=\"canonical\" href=\"https:\/\/radioleinewelle.de\/index.php\/2026\/03\/15\/einar-turkowski-fantastische-bildwelten-in-der-imflurgalerie-goettingen\/\" \/>\n<meta property=\"og:locale\" content=\"de_DE\" \/>\n<meta property=\"og:type\" content=\"article\" \/>\n<meta property=\"og:title\" content=\"Einar Turkowski: Fantastische Bildwelten in der ImFlurGalerie G\u00f6ttingen - Radio Leinewelle\" \/>\n<meta property=\"og:description\" content=\"Die detailreichen Illustrationen von Einar Turkowski sind aktuell in der ImFlurGalerie in G\u00f6ttingen zu sehen. Die Pop-Up-Ausstellung des G\u00f6ttinger Verlag der Kunst l\u00e4uft bis 21. M\u00e4rz in der Geiststra\u00dfe 11 \u2013 im selben Haus wie Radio Leinewelle.\" \/>\n<meta property=\"og:url\" content=\"https:\/\/radioleinewelle.de\/index.php\/2026\/03\/15\/einar-turkowski-fantastische-bildwelten-in-der-imflurgalerie-goettingen\/\" \/>\n<meta property=\"og:site_name\" content=\"Radio Leinewelle\" \/>\n<meta property=\"article:publisher\" content=\"https:\/\/www.facebook.com\/radioleinewelle\" \/>\n<meta property=\"article:author\" content=\"https:\/\/www.facebook.com\/radioleinewelle\" \/>\n<meta property=\"article:published_time\" content=\"2026-03-15T08:58:22+00:00\" \/>\n<meta property=\"article:modified_time\" content=\"2026-03-16T09:37:21+00:00\" \/>\n<meta property=\"og:image\" content=\"https:\/\/radioleinewelle.de\/wp-content\/uploads\/2026\/03\/Einat-Turkowski-Plakat-scaled.jpeg\" \/>\n\t<meta property=\"og:image:width\" content=\"2560\" \/>\n\t<meta property=\"og:image:height\" content=\"1920\" \/>\n\t<meta property=\"og:image:type\" content=\"image\/jpeg\" \/>\n<meta name=\"author\" content=\"Leinewelle\" \/>\n<meta name=\"twitter:card\" content=\"summary_large_image\" \/>\n<meta name=\"twitter:creator\" content=\"@https:\/\/twitter.com\/RLeinewelle?ref_src=twsrcgoogletwcampserptwgrauthor\" \/>\n<meta name=\"twitter:site\" content=\"@RLeinewelle\" \/>\n<meta name=\"twitter:label1\" content=\"Verfasst von\" \/>\n\t<meta name=\"twitter:data1\" content=\"Leinewelle\" \/>\n\t<meta name=\"twitter:label2\" content=\"Gesch\u00e4tzte Lesezeit\" \/>\n\t<meta name=\"twitter:data2\" content=\"4\u00a0Minuten\" \/>\n<script type=\"application\/ld+json\" class=\"yoast-schema-graph\">{\"@context\":\"https:\\\/\\\/schema.org\",\"@graph\":[{\"@type\":\"Article\",\"@id\":\"https:\\\/\\\/radioleinewelle.de\\\/index.php\\\/2026\\\/03\\\/15\\\/einar-turkowski-fantastische-bildwelten-in-der-imflurgalerie-goettingen\\\/#article\",\"isPartOf\":{\"@id\":\"https:\\\/\\\/radioleinewelle.de\\\/index.php\\\/2026\\\/03\\\/15\\\/einar-turkowski-fantastische-bildwelten-in-der-imflurgalerie-goettingen\\\/\"},\"author\":{\"name\":\"Leinewelle\",\"@id\":\"https:\\\/\\\/radioleinewelle.de\\\/#\\\/schema\\\/person\\\/45606f348637df637192dc1b68399a63\"},\"headline\":\"Einar Turkowski: Fantastische Bildwelten in der ImFlurGalerie G\u00f6ttingen\",\"datePublished\":\"2026-03-15T08:58:22+00:00\",\"dateModified\":\"2026-03-16T09:37:21+00:00\",\"mainEntityOfPage\":{\"@id\":\"https:\\\/\\\/radioleinewelle.de\\\/index.php\\\/2026\\\/03\\\/15\\\/einar-turkowski-fantastische-bildwelten-in-der-imflurgalerie-goettingen\\\/\"},\"wordCount\":338,\"commentCount\":0,\"publisher\":{\"@id\":\"https:\\\/\\\/radioleinewelle.de\\\/#organization\"},\"image\":{\"@id\":\"https:\\\/\\\/radioleinewelle.de\\\/index.php\\\/2026\\\/03\\\/15\\\/einar-turkowski-fantastische-bildwelten-in-der-imflurgalerie-goettingen\\\/#primaryimage\"},\"thumbnailUrl\":\"https:\\\/\\\/radioleinewelle.de\\\/wp-content\\\/uploads\\\/2026\\\/03\\\/Einat-Turkowski-Plakat-scaled.jpeg\",\"keywords\":[\"Ausstellung G\u00f6ttingen\",\"Einar Turkowski\",\"G\u00f6ttinger Verlag der Kunst\",\"Illustration Ausstellung G\u00f6ttingen\",\"Kunst Ausstellung G\u00f6ttingen\",\"Radio Leinewelle Kultur\",\"Zeichnungen Ausstellung G\u00f6ttingen\"],\"articleSection\":[\"Ausstellungen\",\"Bildende Kunst\",\"Kreativwirtschaft\",\"Kultur\"],\"inLanguage\":\"de\",\"potentialAction\":[{\"@type\":\"CommentAction\",\"name\":\"Comment\",\"target\":[\"https:\\\/\\\/radioleinewelle.de\\\/index.php\\\/2026\\\/03\\\/15\\\/einar-turkowski-fantastische-bildwelten-in-der-imflurgalerie-goettingen\\\/#respond\"]}]},{\"@type\":\"WebPage\",\"@id\":\"https:\\\/\\\/radioleinewelle.de\\\/index.php\\\/2026\\\/03\\\/15\\\/einar-turkowski-fantastische-bildwelten-in-der-imflurgalerie-goettingen\\\/\",\"url\":\"https:\\\/\\\/radioleinewelle.de\\\/index.php\\\/2026\\\/03\\\/15\\\/einar-turkowski-fantastische-bildwelten-in-der-imflurgalerie-goettingen\\\/\",\"name\":\"Einar Turkowski: Fantastische Bildwelten in der ImFlurGalerie G\u00f6ttingen - Radio Leinewelle\",\"isPartOf\":{\"@id\":\"https:\\\/\\\/radioleinewelle.de\\\/#website\"},\"primaryImageOfPage\":{\"@id\":\"https:\\\/\\\/radioleinewelle.de\\\/index.php\\\/2026\\\/03\\\/15\\\/einar-turkowski-fantastische-bildwelten-in-der-imflurgalerie-goettingen\\\/#primaryimage\"},\"image\":{\"@id\":\"https:\\\/\\\/radioleinewelle.de\\\/index.php\\\/2026\\\/03\\\/15\\\/einar-turkowski-fantastische-bildwelten-in-der-imflurgalerie-goettingen\\\/#primaryimage\"},\"thumbnailUrl\":\"https:\\\/\\\/radioleinewelle.de\\\/wp-content\\\/uploads\\\/2026\\\/03\\\/Einat-Turkowski-Plakat-scaled.jpeg\",\"datePublished\":\"2026-03-15T08:58:22+00:00\",\"dateModified\":\"2026-03-16T09:37:21+00:00\",\"description\":\"Die detailreichen Illustrationen von Einar Turkowski sind aktuell in der ImFlurGalerie in G\u00f6ttingen zu sehen. Die Pop-Up-Ausstellung des G\u00f6ttinger Verlag der Kunst l\u00e4uft bis 21. M\u00e4rz in der Geiststra\u00dfe 11 \u2013 im selben Haus wie Radio Leinewelle.\",\"breadcrumb\":{\"@id\":\"https:\\\/\\\/radioleinewelle.de\\\/index.php\\\/2026\\\/03\\\/15\\\/einar-turkowski-fantastische-bildwelten-in-der-imflurgalerie-goettingen\\\/#breadcrumb\"},\"inLanguage\":\"de\",\"potentialAction\":[{\"@type\":\"ReadAction\",\"target\":[\"https:\\\/\\\/radioleinewelle.de\\\/index.php\\\/2026\\\/03\\\/15\\\/einar-turkowski-fantastische-bildwelten-in-der-imflurgalerie-goettingen\\\/\"]}]},{\"@type\":\"ImageObject\",\"inLanguage\":\"de\",\"@id\":\"https:\\\/\\\/radioleinewelle.de\\\/index.php\\\/2026\\\/03\\\/15\\\/einar-turkowski-fantastische-bildwelten-in-der-imflurgalerie-goettingen\\\/#primaryimage\",\"url\":\"https:\\\/\\\/radioleinewelle.de\\\/wp-content\\\/uploads\\\/2026\\\/03\\\/Einat-Turkowski-Plakat-scaled.jpeg\",\"contentUrl\":\"https:\\\/\\\/radioleinewelle.de\\\/wp-content\\\/uploads\\\/2026\\\/03\\\/Einat-Turkowski-Plakat-scaled.jpeg\",\"width\":2560,\"height\":1920},{\"@type\":\"BreadcrumbList\",\"@id\":\"https:\\\/\\\/radioleinewelle.de\\\/index.php\\\/2026\\\/03\\\/15\\\/einar-turkowski-fantastische-bildwelten-in-der-imflurgalerie-goettingen\\\/#breadcrumb\",\"itemListElement\":[{\"@type\":\"ListItem\",\"position\":1,\"name\":\"Startseite\",\"item\":\"https:\\\/\\\/radioleinewelle.de\\\/\"},{\"@type\":\"ListItem\",\"position\":2,\"name\":\"Einar Turkowski: Fantastische Bildwelten in der ImFlurGalerie G\u00f6ttingen\"}]},{\"@type\":\"WebSite\",\"@id\":\"https:\\\/\\\/radioleinewelle.de\\\/#website\",\"url\":\"https:\\\/\\\/radioleinewelle.de\\\/\",\"name\":\"Radio Leinewelle\",\"description\":\"\",\"publisher\":{\"@id\":\"https:\\\/\\\/radioleinewelle.de\\\/#organization\"},\"potentialAction\":[{\"@type\":\"SearchAction\",\"target\":{\"@type\":\"EntryPoint\",\"urlTemplate\":\"https:\\\/\\\/radioleinewelle.de\\\/?s={search_term_string}\"},\"query-input\":{\"@type\":\"PropertyValueSpecification\",\"valueRequired\":true,\"valueName\":\"search_term_string\"}}],\"inLanguage\":\"de\"},{\"@type\":\"Organization\",\"@id\":\"https:\\\/\\\/radioleinewelle.de\\\/#organization\",\"name\":\"Radio Leinewelle\",\"alternateName\":\"Mein Radio f\u00fcr S\u00fcdniedersachsen\",\"url\":\"https:\\\/\\\/radioleinewelle.de\\\/\",\"logo\":{\"@type\":\"ImageObject\",\"inLanguage\":\"de\",\"@id\":\"https:\\\/\\\/radioleinewelle.de\\\/#\\\/schema\\\/logo\\\/image\\\/\",\"url\":\"https:\\\/\\\/radioleinewelle.de\\\/wp-content\\\/uploads\\\/2023\\\/11\\\/cropped-Leinewelle_Logo_weiss.png\",\"contentUrl\":\"https:\\\/\\\/radioleinewelle.de\\\/wp-content\\\/uploads\\\/2023\\\/11\\\/cropped-Leinewelle_Logo_weiss.png\",\"width\":854,\"height\":260,\"caption\":\"Radio Leinewelle\"},\"image\":{\"@id\":\"https:\\\/\\\/radioleinewelle.de\\\/#\\\/schema\\\/logo\\\/image\\\/\"},\"sameAs\":[\"https:\\\/\\\/www.facebook.com\\\/radioleinewelle\",\"https:\\\/\\\/x.com\\\/RLeinewelle\",\"https:\\\/\\\/www.instagram.com\\\/radioleinewelle\\\/?hl=de\"]},{\"@type\":\"Person\",\"@id\":\"https:\\\/\\\/radioleinewelle.de\\\/#\\\/schema\\\/person\\\/45606f348637df637192dc1b68399a63\",\"name\":\"Leinewelle\",\"image\":{\"@type\":\"ImageObject\",\"inLanguage\":\"de\",\"@id\":\"https:\\\/\\\/secure.gravatar.com\\\/avatar\\\/05c9a17bc973052ee5d91549bd32fb4dd0dc85b7b85ae94b2e2b4943476bbea5?s=96&d=blank&r=g\",\"url\":\"https:\\\/\\\/secure.gravatar.com\\\/avatar\\\/05c9a17bc973052ee5d91549bd32fb4dd0dc85b7b85ae94b2e2b4943476bbea5?s=96&d=blank&r=g\",\"contentUrl\":\"https:\\\/\\\/secure.gravatar.com\\\/avatar\\\/05c9a17bc973052ee5d91549bd32fb4dd0dc85b7b85ae94b2e2b4943476bbea5?s=96&d=blank&r=g\",\"caption\":\"Leinewelle\"},\"sameAs\":[\"http:\\\/\\\/localhost\\\/radio%20leinewelle\\\/wordpress\",\"https:\\\/\\\/www.facebook.com\\\/radioleinewelle\",\"https:\\\/\\\/www.instagram.com\\\/radioleinewelle\",\"https:\\\/\\\/x.com\\\/https:\\\/\\\/twitter.com\\\/RLeinewelle?ref_src=twsrcgoogletwcampserptwgrauthor\",\"https:\\\/\\\/soundcloud.com\\\/foerderverein-lokalradio?utm_source=clipboard&utm_medium=text&utm_campaign=social_sharing\"],\"url\":\"https:\\\/\\\/radioleinewelle.de\\\/index.php\\\/author\\\/leinewelle\\\/\"}]}<\/script>\n<!-- \/ Yoast SEO plugin. -->","yoast_head_json":{"title":"Einar Turkowski: Fantastische Bildwelten in der ImFlurGalerie G\u00f6ttingen - Radio Leinewelle","description":"Die detailreichen Illustrationen von Einar Turkowski sind aktuell in der ImFlurGalerie in G\u00f6ttingen zu sehen. Die Pop-Up-Ausstellung des G\u00f6ttinger Verlag der Kunst l\u00e4uft bis 21. M\u00e4rz in der Geiststra\u00dfe 11 \u2013 im selben Haus wie Radio Leinewelle.","robots":{"index":"index","follow":"follow","max-snippet":"max-snippet:-1","max-image-preview":"max-image-preview:large","max-video-preview":"max-video-preview:-1"},"canonical":"https:\/\/radioleinewelle.de\/index.php\/2026\/03\/15\/einar-turkowski-fantastische-bildwelten-in-der-imflurgalerie-goettingen\/","og_locale":"de_DE","og_type":"article","og_title":"Einar Turkowski: Fantastische Bildwelten in der ImFlurGalerie G\u00f6ttingen - Radio Leinewelle","og_description":"Die detailreichen Illustrationen von Einar Turkowski sind aktuell in der ImFlurGalerie in G\u00f6ttingen zu sehen. Die Pop-Up-Ausstellung des G\u00f6ttinger Verlag der Kunst l\u00e4uft bis 21. M\u00e4rz in der Geiststra\u00dfe 11 \u2013 im selben Haus wie Radio Leinewelle.","og_url":"https:\/\/radioleinewelle.de\/index.php\/2026\/03\/15\/einar-turkowski-fantastische-bildwelten-in-der-imflurgalerie-goettingen\/","og_site_name":"Radio Leinewelle","article_publisher":"https:\/\/www.facebook.com\/radioleinewelle","article_author":"https:\/\/www.facebook.com\/radioleinewelle","article_published_time":"2026-03-15T08:58:22+00:00","article_modified_time":"2026-03-16T09:37:21+00:00","og_image":[{"width":2560,"height":1920,"url":"https:\/\/radioleinewelle.de\/wp-content\/uploads\/2026\/03\/Einat-Turkowski-Plakat-scaled.jpeg","type":"image\/jpeg"}],"author":"Leinewelle","twitter_card":"summary_large_image","twitter_creator":"@https:\/\/twitter.com\/RLeinewelle?ref_src=twsrcgoogletwcampserptwgrauthor","twitter_site":"@RLeinewelle","twitter_misc":{"Verfasst von":"Leinewelle","Gesch\u00e4tzte Lesezeit":"4\u00a0Minuten"},"schema":{"@context":"https:\/\/schema.org","@graph":[{"@type":"Article","@id":"https:\/\/radioleinewelle.de\/index.php\/2026\/03\/15\/einar-turkowski-fantastische-bildwelten-in-der-imflurgalerie-goettingen\/#article","isPartOf":{"@id":"https:\/\/radioleinewelle.de\/index.php\/2026\/03\/15\/einar-turkowski-fantastische-bildwelten-in-der-imflurgalerie-goettingen\/"},"author":{"name":"Leinewelle","@id":"https:\/\/radioleinewelle.de\/#\/schema\/person\/45606f348637df637192dc1b68399a63"},"headline":"Einar Turkowski: Fantastische Bildwelten in der ImFlurGalerie G\u00f6ttingen","datePublished":"2026-03-15T08:58:22+00:00","dateModified":"2026-03-16T09:37:21+00:00","mainEntityOfPage":{"@id":"https:\/\/radioleinewelle.de\/index.php\/2026\/03\/15\/einar-turkowski-fantastische-bildwelten-in-der-imflurgalerie-goettingen\/"},"wordCount":338,"commentCount":0,"publisher":{"@id":"https:\/\/radioleinewelle.de\/#organization"},"image":{"@id":"https:\/\/radioleinewelle.de\/index.php\/2026\/03\/15\/einar-turkowski-fantastische-bildwelten-in-der-imflurgalerie-goettingen\/#primaryimage"},"thumbnailUrl":"https:\/\/radioleinewelle.de\/wp-content\/uploads\/2026\/03\/Einat-Turkowski-Plakat-scaled.jpeg","keywords":["Ausstellung G\u00f6ttingen","Einar Turkowski","G\u00f6ttinger Verlag der Kunst","Illustration Ausstellung G\u00f6ttingen","Kunst Ausstellung G\u00f6ttingen","Radio Leinewelle Kultur","Zeichnungen Ausstellung G\u00f6ttingen"],"articleSection":["Ausstellungen","Bildende Kunst","Kreativwirtschaft","Kultur"],"inLanguage":"de","potentialAction":[{"@type":"CommentAction","name":"Comment","target":["https:\/\/radioleinewelle.de\/index.php\/2026\/03\/15\/einar-turkowski-fantastische-bildwelten-in-der-imflurgalerie-goettingen\/#respond"]}]},{"@type":"WebPage","@id":"https:\/\/radioleinewelle.de\/index.php\/2026\/03\/15\/einar-turkowski-fantastische-bildwelten-in-der-imflurgalerie-goettingen\/","url":"https:\/\/radioleinewelle.de\/index.php\/2026\/03\/15\/einar-turkowski-fantastische-bildwelten-in-der-imflurgalerie-goettingen\/","name":"Einar Turkowski: Fantastische Bildwelten in der ImFlurGalerie G\u00f6ttingen - Radio Leinewelle","isPartOf":{"@id":"https:\/\/radioleinewelle.de\/#website"},"primaryImageOfPage":{"@id":"https:\/\/radioleinewelle.de\/index.php\/2026\/03\/15\/einar-turkowski-fantastische-bildwelten-in-der-imflurgalerie-goettingen\/#primaryimage"},"image":{"@id":"https:\/\/radioleinewelle.de\/index.php\/2026\/03\/15\/einar-turkowski-fantastische-bildwelten-in-der-imflurgalerie-goettingen\/#primaryimage"},"thumbnailUrl":"https:\/\/radioleinewelle.de\/wp-content\/uploads\/2026\/03\/Einat-Turkowski-Plakat-scaled.jpeg","datePublished":"2026-03-15T08:58:22+00:00","dateModified":"2026-03-16T09:37:21+00:00","description":"Die detailreichen Illustrationen von Einar Turkowski sind aktuell in der ImFlurGalerie in G\u00f6ttingen zu sehen. Die Pop-Up-Ausstellung des G\u00f6ttinger Verlag der Kunst l\u00e4uft bis 21. M\u00e4rz in der Geiststra\u00dfe 11 \u2013 im selben Haus wie Radio Leinewelle.","breadcrumb":{"@id":"https:\/\/radioleinewelle.de\/index.php\/2026\/03\/15\/einar-turkowski-fantastische-bildwelten-in-der-imflurgalerie-goettingen\/#breadcrumb"},"inLanguage":"de","potentialAction":[{"@type":"ReadAction","target":["https:\/\/radioleinewelle.de\/index.php\/2026\/03\/15\/einar-turkowski-fantastische-bildwelten-in-der-imflurgalerie-goettingen\/"]}]},{"@type":"ImageObject","inLanguage":"de","@id":"https:\/\/radioleinewelle.de\/index.php\/2026\/03\/15\/einar-turkowski-fantastische-bildwelten-in-der-imflurgalerie-goettingen\/#primaryimage","url":"https:\/\/radioleinewelle.de\/wp-content\/uploads\/2026\/03\/Einat-Turkowski-Plakat-scaled.jpeg","contentUrl":"https:\/\/radioleinewelle.de\/wp-content\/uploads\/2026\/03\/Einat-Turkowski-Plakat-scaled.jpeg","width":2560,"height":1920},{"@type":"BreadcrumbList","@id":"https:\/\/radioleinewelle.de\/index.php\/2026\/03\/15\/einar-turkowski-fantastische-bildwelten-in-der-imflurgalerie-goettingen\/#breadcrumb","itemListElement":[{"@type":"ListItem","position":1,"name":"Startseite","item":"https:\/\/radioleinewelle.de\/"},{"@type":"ListItem","position":2,"name":"Einar Turkowski: Fantastische Bildwelten in der ImFlurGalerie G\u00f6ttingen"}]},{"@type":"WebSite","@id":"https:\/\/radioleinewelle.de\/#website","url":"https:\/\/radioleinewelle.de\/","name":"Radio Leinewelle","description":"","publisher":{"@id":"https:\/\/radioleinewelle.de\/#organization"},"potentialAction":[{"@type":"SearchAction","target":{"@type":"EntryPoint","urlTemplate":"https:\/\/radioleinewelle.de\/?s={search_term_string}"},"query-input":{"@type":"PropertyValueSpecification","valueRequired":true,"valueName":"search_term_string"}}],"inLanguage":"de"},{"@type":"Organization","@id":"https:\/\/radioleinewelle.de\/#organization","name":"Radio Leinewelle","alternateName":"Mein Radio f\u00fcr S\u00fcdniedersachsen","url":"https:\/\/radioleinewelle.de\/","logo":{"@type":"ImageObject","inLanguage":"de","@id":"https:\/\/radioleinewelle.de\/#\/schema\/logo\/image\/","url":"https:\/\/radioleinewelle.de\/wp-content\/uploads\/2023\/11\/cropped-Leinewelle_Logo_weiss.png","contentUrl":"https:\/\/radioleinewelle.de\/wp-content\/uploads\/2023\/11\/cropped-Leinewelle_Logo_weiss.png","width":854,"height":260,"caption":"Radio Leinewelle"},"image":{"@id":"https:\/\/radioleinewelle.de\/#\/schema\/logo\/image\/"},"sameAs":["https:\/\/www.facebook.com\/radioleinewelle","https:\/\/x.com\/RLeinewelle","https:\/\/www.instagram.com\/radioleinewelle\/?hl=de"]},{"@type":"Person","@id":"https:\/\/radioleinewelle.de\/#\/schema\/person\/45606f348637df637192dc1b68399a63","name":"Leinewelle","image":{"@type":"ImageObject","inLanguage":"de","@id":"https:\/\/secure.gravatar.com\/avatar\/05c9a17bc973052ee5d91549bd32fb4dd0dc85b7b85ae94b2e2b4943476bbea5?s=96&d=blank&r=g","url":"https:\/\/secure.gravatar.com\/avatar\/05c9a17bc973052ee5d91549bd32fb4dd0dc85b7b85ae94b2e2b4943476bbea5?s=96&d=blank&r=g","contentUrl":"https:\/\/secure.gravatar.com\/avatar\/05c9a17bc973052ee5d91549bd32fb4dd0dc85b7b85ae94b2e2b4943476bbea5?s=96&d=blank&r=g","caption":"Leinewelle"},"sameAs":["http:\/\/localhost\/radio%20leinewelle\/wordpress","https:\/\/www.facebook.com\/radioleinewelle","https:\/\/www.instagram.com\/radioleinewelle","https:\/\/x.com\/https:\/\/twitter.com\/RLeinewelle?ref_src=twsrcgoogletwcampserptwgrauthor","https:\/\/soundcloud.com\/foerderverein-lokalradio?utm_source=clipboard&utm_medium=text&utm_campaign=social_sharing"],"url":"https:\/\/radioleinewelle.de\/index.php\/author\/leinewelle\/"}]}},"_links":{"self":[{"href":"https:\/\/radioleinewelle.de\/index.php\/wp-json\/wp\/v2\/posts\/30751","targetHints":{"allow":["GET"]}}],"collection":[{"href":"https:\/\/radioleinewelle.de\/index.php\/wp-json\/wp\/v2\/posts"}],"about":[{"href":"https:\/\/radioleinewelle.de\/index.php\/wp-json\/wp\/v2\/types\/post"}],"author":[{"embeddable":true,"href":"https:\/\/radioleinewelle.de\/index.php\/wp-json\/wp\/v2\/users\/1"}],"replies":[{"embeddable":true,"href":"https:\/\/radioleinewelle.de\/index.php\/wp-json\/wp\/v2\/comments?post=30751"}],"version-history":[{"count":10,"href":"https:\/\/radioleinewelle.de\/index.php\/wp-json\/wp\/v2\/posts\/30751\/revisions"}],"predecessor-version":[{"id":30770,"href":"https:\/\/radioleinewelle.de\/index.php\/wp-json\/wp\/v2\/posts\/30751\/revisions\/30770"}],"wp:featuredmedia":[{"embeddable":true,"href":"https:\/\/radioleinewelle.de\/index.php\/wp-json\/wp\/v2\/media\/30757"}],"wp:attachment":[{"href":"https:\/\/radioleinewelle.de\/index.php\/wp-json\/wp\/v2\/media?parent=30751"}],"wp:term":[{"taxonomy":"category","embeddable":true,"href":"https:\/\/radioleinewelle.de\/index.php\/wp-json\/wp\/v2\/categories?post=30751"},{"taxonomy":"post_tag","embeddable":true,"href":"https:\/\/radioleinewelle.de\/index.php\/wp-json\/wp\/v2\/tags?post=30751"}],"curies":[{"name":"wp","href":"https:\/\/api.w.org\/{rel}","templated":true}]}}