{"id":30773,"date":"2026-03-17T09:00:16","date_gmt":"2026-03-17T08:00:16","guid":{"rendered":"https:\/\/radioleinewelle.de\/?p=30773"},"modified":"2026-03-17T09:23:36","modified_gmt":"2026-03-17T08:23:36","slug":"kreistag-goettingen-beraet-ueber-zukunft-von-landrat-riethig","status":"publish","type":"post","link":"https:\/\/radioleinewelle.de\/index.php\/2026\/03\/17\/kreistag-goettingen-beraet-ueber-zukunft-von-landrat-riethig\/","title":{"rendered":"Kreistag G\u00f6ttingen ber\u00e4t \u00fcber Zukunft von Landrat Riethig"},"content":{"rendered":"\n\n\n<p>Auf der au\u00dferordentlichen Kreistagssitzung am\u00a017. M\u00e4rz 2026\u00a0steht die Zukunft des G\u00f6ttinger Landrats\u00a0Marcel Riethig im Mittelpunkt. Hintergrund sind schwere Vorw\u00fcrfe aus der F\u00fchrungsebene der Kreisverwaltung. Ende Februar hatten mehrere Dezernenten und F\u00fchrungskr\u00e4fte einen\u00a0Brandbrief mit insgesamt 28 Vorw\u00fcrfen\u00a0gegen den Landrat verfasst, der sp\u00e4ter von weiteren F\u00fchrungskr\u00e4ften unterst\u00fctzt wurde. Die Situation hat zu einer massiven Vertrauenskrise innerhalb der Verwaltung gef\u00fchrt und auch politisch f\u00fcr erhebliche Spannungen gesorgt. Mehrere Fraktionen haben deshalb unterschiedliche Antr\u00e4ge eingebracht, die sich mit der Aufkl\u00e4rung der Vorw\u00fcrfe und m\u00f6glichen Konsequenzen f\u00fcr den Landrat befassen.\u00a0Die \u00f6ffentliche Sitzung des Kreistags findet ab 17:30 Uhr im B\u00fcrgerhaus Bovenden, Rathausplatz 3, 37120 Bovenden statt.<br><\/p>\n\n\n\n<h4 class=\"wp-block-heading\">\u00dcberblick \u00fcber die Antr\u00e4ge<\/h4>\n\n\n\n<p><strong>SPD:<\/strong> Die SPD-Fraktion beantragt zun\u00e4chst\u00a0Akteneinsicht\u00a0f\u00fcr den Kreisausschuss in die Dokumentation der Vorw\u00fcrfe, die von Mitarbeitenden der Kreisverwaltung an das nieders\u00e4chsische Innenministerium \u00fcbermittelt wurde. Dazu geh\u00f6ren unter anderem das Anschreiben, die Auflistung der Vorw\u00fcrfe und die Falldokumentation. Ziel ist es, dass der Kreistag als oberste Dienstbeh\u00f6rde des Landrats eine fundierte Grundlage erh\u00e4lt, um \u00fcber den weiteren Umgang mit den Vorw\u00fcrfen entscheiden zu k\u00f6nnen.\u00a0Zudem fordert die SPD, dem Landrat\u00a0vor\u00fcbergehend die F\u00fchrung der Dienstgesch\u00e4fte zu untersagen, um die Funktionsf\u00e4higkeit der Verwaltung zu sichern. Hilfsweise soll das Innenministerium t\u00e4tig werden und gegebenenfalls einen Staatskommissar einsetzen, der die Gesch\u00e4fte \u00fcbernimmt. Dabei betont die SPD, dass weiterhin die\u00a0Unschuldsvermutung\u00a0gilt und die Ma\u00dfnahme vor allem der Entlastung der Verwaltung und einer ungest\u00f6rten Aufkl\u00e4rung dienen soll.\u00a0<\/p>\n\n\n\n<p><strong>CDU und Gr\u00fcne:<\/strong> die Fraktionen von CDU und Gr\u00fcnen stellen einen gemeinsamen Antrag, dem Landrat ebenfalls\u00a0die F\u00fchrung der Dienstgesch\u00e4fte zu verbieten. Grundlage sind beamtenrechtliche Regelungen, die eine solche Ma\u00dfnahme aus zwingenden dienstlichen Gr\u00fcnden erlauben. Als Begr\u00fcndung wird der tiefgreifende Vertrauensverlust zwischen Landrat und Teilen der Verwaltungsspitze angef\u00fchrt, der eine geordnete Zusammenarbeit derzeit erheblich erschwere.\u00a0Bereits zuvor hatte die CDU au\u00dferdem beantragt, dass die\u00a0Kommunalaufsicht des Landes Niedersachsen pr\u00fcft, ob eine\u00a0vorl\u00e4ufige Dienstenthebung nach dem Disziplinargesetz\u00a0gerechtfertigt sein k\u00f6nnte. Begr\u00fcndet wird dies mit m\u00f6glichen erheblichen Beeintr\u00e4chtigungen des Dienstbetriebs.\u00a0<\/p>\n\n\n\n<p><strong>FDP:<\/strong> Die FDP-Fraktion schl\u00e4gt einen anderen Weg vor und fordert die\u00a0Einsetzung eines Untersuchungsausschusses\u00a0des Kreistages. Dieser soll die Vorw\u00fcrfe gegen den Landrat, m\u00f6gliche Geheimnisverletzungen sowie die internen Abl\u00e4ufe innerhalb der Kreisverwaltung umfassend aufkl\u00e4ren. Der Ausschuss soll Akten anfordern, Beteiligte anh\u00f6ren und den Kreistag regelm\u00e4\u00dfig \u00fcber seine Ergebnisse informieren. Ziel sei eine transparente und sachliche Aufarbeitung der Vorg\u00e4nge.\u00a0<\/p>\n\n\n\n<h4 class=\"wp-block-heading\">Zusammenfassung<\/h4>\n\n\n\n<p class=\"has-text-align-left\">Damit liegen dem Kreistag mehrere unterschiedliche Ans\u00e4tze vor: W\u00e4hrend SPD, CDU und Gr\u00fcne vor allem auf\u00a0sofortige Ma\u00dfnahmen zur Sicherung des Verwaltungsbetriebs\u00a0setzen, etwa durch ein Verbot der Amtsf\u00fchrung oder eine m\u00f6gliche Dienstenthebung, fordert die FDP in erster Linie eine\u00a0parlamentarische Untersuchung\u00a0der Vorg\u00e4nge. Parallel dazu soll durch Akteneinsicht und Pr\u00fcfungen der Kommunalaufsicht Klarheit \u00fcber die Vorw\u00fcrfe gegen Landrat Marcel Riethig geschaffen werden.<br><\/p>\n\n\n\n<p class=\"has-text-align-right has-small-font-size\"><br><strong>Foto:<\/strong> @Radio Leinewelle<\/p>\n","protected":false},"excerpt":{"rendered":"<p>Auf der au\u00dferordentlichen Kreistagssitzung am\u00a017. M\u00e4rz 2026\u00a0steht die Zukunft des G\u00f6ttinger Landrats\u00a0Marcel Riethig im Mittelpunkt. Hintergrund sind schwere Vorw\u00fcrfe aus der F\u00fchrungsebene der Kreisverwaltung. Ende Februar hatten mehrere Dezernenten und F\u00fchrungskr\u00e4fte einen\u00a0Brandbrief mit insgesamt 28 Vorw\u00fcrfen\u00a0gegen den Landrat verfasst, der sp\u00e4ter von weiteren F\u00fchrungskr\u00e4ften unterst\u00fctzt wurde. Die Situation hat zu einer massiven Vertrauenskrise innerhalb der [&hellip;]<\/p>\n","protected":false},"author":6,"featured_media":30777,"comment_status":"open","ping_status":"open","sticky":false,"template":"","format":"standard","meta":{"saved_in_kubio":false,"footnotes":""},"categories":[24,4808,39],"tags":[4971,4975,4973,4974,228,4970,424,4972],"class_list":["post-30773","post","type-post","status-publish","format-standard","has-post-thumbnail","hentry","category-news","category-kommunalwahl-2026","category-lokalpolitik","tag-dienstenthebung-landrat","tag-fraktionen-kreistag-goettingen","tag-kommunalaufsicht","tag-kreisausschuss","tag-kreistag-goettingen","tag-landrat-kreis-goettingen","tag-marcel-riethig","tag-untersuchungsausschuss"],"yoast_head":"<!-- This site is optimized with the Yoast SEO plugin v27.5 - https:\/\/yoast.com\/product\/yoast-seo-wordpress\/ -->\n<title>Kreistag G\u00f6ttingen ber\u00e4t \u00fcber Zukunft von Landrat Riethig - Radio Leinewelle<\/title>\n<meta name=\"description\" content=\"Der Kreistag G\u00f6ttingen entscheidet \u00fcber mehrere Antr\u00e4ge zum Umgang mit Landrat Marcel Riethig. Es geht um Akteneinsicht, Untersuchungsausschuss und m\u00f6gliche Amtsenthebung.\" \/>\n<meta name=\"robots\" content=\"index, follow, max-snippet:-1, max-image-preview:large, max-video-preview:-1\" \/>\n<link rel=\"canonical\" href=\"https:\/\/radioleinewelle.de\/index.php\/2026\/03\/17\/kreistag-goettingen-beraet-ueber-zukunft-von-landrat-riethig\/\" \/>\n<meta property=\"og:locale\" content=\"de_DE\" \/>\n<meta property=\"og:type\" content=\"article\" \/>\n<meta property=\"og:title\" content=\"Kreistag G\u00f6ttingen ber\u00e4t \u00fcber Zukunft von Landrat Riethig - Radio Leinewelle\" \/>\n<meta property=\"og:description\" content=\"Der Kreistag G\u00f6ttingen entscheidet \u00fcber mehrere Antr\u00e4ge zum Umgang mit Landrat Marcel Riethig. Es geht um Akteneinsicht, Untersuchungsausschuss und m\u00f6gliche Amtsenthebung.\" \/>\n<meta property=\"og:url\" content=\"https:\/\/radioleinewelle.de\/index.php\/2026\/03\/17\/kreistag-goettingen-beraet-ueber-zukunft-von-landrat-riethig\/\" \/>\n<meta property=\"og:site_name\" content=\"Radio Leinewelle\" \/>\n<meta property=\"article:publisher\" content=\"https:\/\/www.facebook.com\/radioleinewelle\" \/>\n<meta property=\"article:published_time\" content=\"2026-03-17T08:00:16+00:00\" \/>\n<meta property=\"article:modified_time\" content=\"2026-03-17T08:23:36+00:00\" \/>\n<meta property=\"og:image\" content=\"https:\/\/radioleinewelle.de\/wp-content\/uploads\/2026\/03\/Kreishaus-Eingang.jpg\" \/>\n\t<meta property=\"og:image:width\" content=\"2016\" \/>\n\t<meta property=\"og:image:height\" content=\"1512\" \/>\n\t<meta property=\"og:image:type\" content=\"image\/jpeg\" \/>\n<meta name=\"author\" content=\"Ulf Engelmayer\" \/>\n<meta name=\"twitter:card\" content=\"summary_large_image\" \/>\n<meta name=\"twitter:creator\" content=\"@RLeinewelle\" \/>\n<meta name=\"twitter:site\" content=\"@RLeinewelle\" \/>\n<meta name=\"twitter:label1\" content=\"Verfasst von\" \/>\n\t<meta name=\"twitter:data1\" content=\"Ulf Engelmayer\" \/>\n\t<meta name=\"twitter:label2\" content=\"Gesch\u00e4tzte Lesezeit\" \/>\n\t<meta name=\"twitter:data2\" content=\"3\u00a0Minuten\" \/>\n<script type=\"application\/ld+json\" class=\"yoast-schema-graph\">{\"@context\":\"https:\\\/\\\/schema.org\",\"@graph\":[{\"@type\":\"Article\",\"@id\":\"https:\\\/\\\/radioleinewelle.de\\\/index.php\\\/2026\\\/03\\\/17\\\/kreistag-goettingen-beraet-ueber-zukunft-von-landrat-riethig\\\/#article\",\"isPartOf\":{\"@id\":\"https:\\\/\\\/radioleinewelle.de\\\/index.php\\\/2026\\\/03\\\/17\\\/kreistag-goettingen-beraet-ueber-zukunft-von-landrat-riethig\\\/\"},\"author\":{\"name\":\"Ulf Engelmayer\",\"@id\":\"https:\\\/\\\/radioleinewelle.de\\\/#\\\/schema\\\/person\\\/57bad1d4e916f10da4e6763d01aec895\"},\"headline\":\"Kreistag G\u00f6ttingen ber\u00e4t \u00fcber Zukunft von Landrat Riethig\",\"datePublished\":\"2026-03-17T08:00:16+00:00\",\"dateModified\":\"2026-03-17T08:23:36+00:00\",\"mainEntityOfPage\":{\"@id\":\"https:\\\/\\\/radioleinewelle.de\\\/index.php\\\/2026\\\/03\\\/17\\\/kreistag-goettingen-beraet-ueber-zukunft-von-landrat-riethig\\\/\"},\"wordCount\":523,\"commentCount\":0,\"publisher\":{\"@id\":\"https:\\\/\\\/radioleinewelle.de\\\/#organization\"},\"image\":{\"@id\":\"https:\\\/\\\/radioleinewelle.de\\\/index.php\\\/2026\\\/03\\\/17\\\/kreistag-goettingen-beraet-ueber-zukunft-von-landrat-riethig\\\/#primaryimage\"},\"thumbnailUrl\":\"https:\\\/\\\/radioleinewelle.de\\\/wp-content\\\/uploads\\\/2026\\\/03\\\/Kreishaus-Eingang.jpg\",\"keywords\":[\"Dienstenthebung Landrat\",\"Fraktionen Kreistag G\u00f6ttingen\",\"Kommunalaufsicht\",\"Kreisausschuss\",\"Kreistag G\u00f6ttingen\",\"Landrat Kreis G\u00f6ttingen\",\"Marcel Riethig\",\"Untersuchungsausschuss\"],\"articleSection\":[\"Aktuelle Nachrichten\",\"Kommunalwahl 2026\",\"Lokalpolitik\"],\"inLanguage\":\"de\",\"potentialAction\":[{\"@type\":\"CommentAction\",\"name\":\"Comment\",\"target\":[\"https:\\\/\\\/radioleinewelle.de\\\/index.php\\\/2026\\\/03\\\/17\\\/kreistag-goettingen-beraet-ueber-zukunft-von-landrat-riethig\\\/#respond\"]}]},{\"@type\":\"WebPage\",\"@id\":\"https:\\\/\\\/radioleinewelle.de\\\/index.php\\\/2026\\\/03\\\/17\\\/kreistag-goettingen-beraet-ueber-zukunft-von-landrat-riethig\\\/\",\"url\":\"https:\\\/\\\/radioleinewelle.de\\\/index.php\\\/2026\\\/03\\\/17\\\/kreistag-goettingen-beraet-ueber-zukunft-von-landrat-riethig\\\/\",\"name\":\"Kreistag G\u00f6ttingen ber\u00e4t \u00fcber Zukunft von Landrat Riethig - Radio Leinewelle\",\"isPartOf\":{\"@id\":\"https:\\\/\\\/radioleinewelle.de\\\/#website\"},\"primaryImageOfPage\":{\"@id\":\"https:\\\/\\\/radioleinewelle.de\\\/index.php\\\/2026\\\/03\\\/17\\\/kreistag-goettingen-beraet-ueber-zukunft-von-landrat-riethig\\\/#primaryimage\"},\"image\":{\"@id\":\"https:\\\/\\\/radioleinewelle.de\\\/index.php\\\/2026\\\/03\\\/17\\\/kreistag-goettingen-beraet-ueber-zukunft-von-landrat-riethig\\\/#primaryimage\"},\"thumbnailUrl\":\"https:\\\/\\\/radioleinewelle.de\\\/wp-content\\\/uploads\\\/2026\\\/03\\\/Kreishaus-Eingang.jpg\",\"datePublished\":\"2026-03-17T08:00:16+00:00\",\"dateModified\":\"2026-03-17T08:23:36+00:00\",\"description\":\"Der Kreistag G\u00f6ttingen entscheidet \u00fcber mehrere Antr\u00e4ge zum Umgang mit Landrat Marcel Riethig. Es geht um Akteneinsicht, Untersuchungsausschuss und m\u00f6gliche Amtsenthebung.\",\"breadcrumb\":{\"@id\":\"https:\\\/\\\/radioleinewelle.de\\\/index.php\\\/2026\\\/03\\\/17\\\/kreistag-goettingen-beraet-ueber-zukunft-von-landrat-riethig\\\/#breadcrumb\"},\"inLanguage\":\"de\",\"potentialAction\":[{\"@type\":\"ReadAction\",\"target\":[\"https:\\\/\\\/radioleinewelle.de\\\/index.php\\\/2026\\\/03\\\/17\\\/kreistag-goettingen-beraet-ueber-zukunft-von-landrat-riethig\\\/\"]}]},{\"@type\":\"ImageObject\",\"inLanguage\":\"de\",\"@id\":\"https:\\\/\\\/radioleinewelle.de\\\/index.php\\\/2026\\\/03\\\/17\\\/kreistag-goettingen-beraet-ueber-zukunft-von-landrat-riethig\\\/#primaryimage\",\"url\":\"https:\\\/\\\/radioleinewelle.de\\\/wp-content\\\/uploads\\\/2026\\\/03\\\/Kreishaus-Eingang.jpg\",\"contentUrl\":\"https:\\\/\\\/radioleinewelle.de\\\/wp-content\\\/uploads\\\/2026\\\/03\\\/Kreishaus-Eingang.jpg\",\"width\":2016,\"height\":1512},{\"@type\":\"BreadcrumbList\",\"@id\":\"https:\\\/\\\/radioleinewelle.de\\\/index.php\\\/2026\\\/03\\\/17\\\/kreistag-goettingen-beraet-ueber-zukunft-von-landrat-riethig\\\/#breadcrumb\",\"itemListElement\":[{\"@type\":\"ListItem\",\"position\":1,\"name\":\"Startseite\",\"item\":\"https:\\\/\\\/radioleinewelle.de\\\/\"},{\"@type\":\"ListItem\",\"position\":2,\"name\":\"Kreistag G\u00f6ttingen ber\u00e4t \u00fcber Zukunft von Landrat Riethig\"}]},{\"@type\":\"WebSite\",\"@id\":\"https:\\\/\\\/radioleinewelle.de\\\/#website\",\"url\":\"https:\\\/\\\/radioleinewelle.de\\\/\",\"name\":\"Radio Leinewelle\",\"description\":\"\",\"publisher\":{\"@id\":\"https:\\\/\\\/radioleinewelle.de\\\/#organization\"},\"potentialAction\":[{\"@type\":\"SearchAction\",\"target\":{\"@type\":\"EntryPoint\",\"urlTemplate\":\"https:\\\/\\\/radioleinewelle.de\\\/?s={search_term_string}\"},\"query-input\":{\"@type\":\"PropertyValueSpecification\",\"valueRequired\":true,\"valueName\":\"search_term_string\"}}],\"inLanguage\":\"de\"},{\"@type\":\"Organization\",\"@id\":\"https:\\\/\\\/radioleinewelle.de\\\/#organization\",\"name\":\"Radio Leinewelle\",\"alternateName\":\"Mein Radio f\u00fcr S\u00fcdniedersachsen\",\"url\":\"https:\\\/\\\/radioleinewelle.de\\\/\",\"logo\":{\"@type\":\"ImageObject\",\"inLanguage\":\"de\",\"@id\":\"https:\\\/\\\/radioleinewelle.de\\\/#\\\/schema\\\/logo\\\/image\\\/\",\"url\":\"https:\\\/\\\/radioleinewelle.de\\\/wp-content\\\/uploads\\\/2023\\\/11\\\/cropped-Leinewelle_Logo_weiss.png\",\"contentUrl\":\"https:\\\/\\\/radioleinewelle.de\\\/wp-content\\\/uploads\\\/2023\\\/11\\\/cropped-Leinewelle_Logo_weiss.png\",\"width\":854,\"height\":260,\"caption\":\"Radio Leinewelle\"},\"image\":{\"@id\":\"https:\\\/\\\/radioleinewelle.de\\\/#\\\/schema\\\/logo\\\/image\\\/\"},\"sameAs\":[\"https:\\\/\\\/www.facebook.com\\\/radioleinewelle\",\"https:\\\/\\\/x.com\\\/RLeinewelle\",\"https:\\\/\\\/www.instagram.com\\\/radioleinewelle\\\/?hl=de\"]},{\"@type\":\"Person\",\"@id\":\"https:\\\/\\\/radioleinewelle.de\\\/#\\\/schema\\\/person\\\/57bad1d4e916f10da4e6763d01aec895\",\"name\":\"Ulf Engelmayer\",\"image\":{\"@type\":\"ImageObject\",\"inLanguage\":\"de\",\"@id\":\"https:\\\/\\\/secure.gravatar.com\\\/avatar\\\/f056d5d62beaff9b66570d67e3e698ea7ff6463d140c80fc667a56e338ecf046?s=96&d=blank&r=g\",\"url\":\"https:\\\/\\\/secure.gravatar.com\\\/avatar\\\/f056d5d62beaff9b66570d67e3e698ea7ff6463d140c80fc667a56e338ecf046?s=96&d=blank&r=g\",\"contentUrl\":\"https:\\\/\\\/secure.gravatar.com\\\/avatar\\\/f056d5d62beaff9b66570d67e3e698ea7ff6463d140c80fc667a56e338ecf046?s=96&d=blank&r=g\",\"caption\":\"Ulf Engelmayer\"},\"url\":\"https:\\\/\\\/radioleinewelle.de\\\/index.php\\\/author\\\/ulf-engelmayer\\\/\"}]}<\/script>\n<!-- \/ Yoast SEO plugin. -->","yoast_head_json":{"title":"Kreistag G\u00f6ttingen ber\u00e4t \u00fcber Zukunft von Landrat Riethig - Radio Leinewelle","description":"Der Kreistag G\u00f6ttingen entscheidet \u00fcber mehrere Antr\u00e4ge zum Umgang mit Landrat Marcel Riethig. Es geht um Akteneinsicht, Untersuchungsausschuss und m\u00f6gliche Amtsenthebung.","robots":{"index":"index","follow":"follow","max-snippet":"max-snippet:-1","max-image-preview":"max-image-preview:large","max-video-preview":"max-video-preview:-1"},"canonical":"https:\/\/radioleinewelle.de\/index.php\/2026\/03\/17\/kreistag-goettingen-beraet-ueber-zukunft-von-landrat-riethig\/","og_locale":"de_DE","og_type":"article","og_title":"Kreistag G\u00f6ttingen ber\u00e4t \u00fcber Zukunft von Landrat Riethig - Radio Leinewelle","og_description":"Der Kreistag G\u00f6ttingen entscheidet \u00fcber mehrere Antr\u00e4ge zum Umgang mit Landrat Marcel Riethig. Es geht um Akteneinsicht, Untersuchungsausschuss und m\u00f6gliche Amtsenthebung.","og_url":"https:\/\/radioleinewelle.de\/index.php\/2026\/03\/17\/kreistag-goettingen-beraet-ueber-zukunft-von-landrat-riethig\/","og_site_name":"Radio Leinewelle","article_publisher":"https:\/\/www.facebook.com\/radioleinewelle","article_published_time":"2026-03-17T08:00:16+00:00","article_modified_time":"2026-03-17T08:23:36+00:00","og_image":[{"width":2016,"height":1512,"url":"https:\/\/radioleinewelle.de\/wp-content\/uploads\/2026\/03\/Kreishaus-Eingang.jpg","type":"image\/jpeg"}],"author":"Ulf Engelmayer","twitter_card":"summary_large_image","twitter_creator":"@RLeinewelle","twitter_site":"@RLeinewelle","twitter_misc":{"Verfasst von":"Ulf Engelmayer","Gesch\u00e4tzte Lesezeit":"3\u00a0Minuten"},"schema":{"@context":"https:\/\/schema.org","@graph":[{"@type":"Article","@id":"https:\/\/radioleinewelle.de\/index.php\/2026\/03\/17\/kreistag-goettingen-beraet-ueber-zukunft-von-landrat-riethig\/#article","isPartOf":{"@id":"https:\/\/radioleinewelle.de\/index.php\/2026\/03\/17\/kreistag-goettingen-beraet-ueber-zukunft-von-landrat-riethig\/"},"author":{"name":"Ulf Engelmayer","@id":"https:\/\/radioleinewelle.de\/#\/schema\/person\/57bad1d4e916f10da4e6763d01aec895"},"headline":"Kreistag G\u00f6ttingen ber\u00e4t \u00fcber Zukunft von Landrat Riethig","datePublished":"2026-03-17T08:00:16+00:00","dateModified":"2026-03-17T08:23:36+00:00","mainEntityOfPage":{"@id":"https:\/\/radioleinewelle.de\/index.php\/2026\/03\/17\/kreistag-goettingen-beraet-ueber-zukunft-von-landrat-riethig\/"},"wordCount":523,"commentCount":0,"publisher":{"@id":"https:\/\/radioleinewelle.de\/#organization"},"image":{"@id":"https:\/\/radioleinewelle.de\/index.php\/2026\/03\/17\/kreistag-goettingen-beraet-ueber-zukunft-von-landrat-riethig\/#primaryimage"},"thumbnailUrl":"https:\/\/radioleinewelle.de\/wp-content\/uploads\/2026\/03\/Kreishaus-Eingang.jpg","keywords":["Dienstenthebung Landrat","Fraktionen Kreistag G\u00f6ttingen","Kommunalaufsicht","Kreisausschuss","Kreistag G\u00f6ttingen","Landrat Kreis G\u00f6ttingen","Marcel Riethig","Untersuchungsausschuss"],"articleSection":["Aktuelle Nachrichten","Kommunalwahl 2026","Lokalpolitik"],"inLanguage":"de","potentialAction":[{"@type":"CommentAction","name":"Comment","target":["https:\/\/radioleinewelle.de\/index.php\/2026\/03\/17\/kreistag-goettingen-beraet-ueber-zukunft-von-landrat-riethig\/#respond"]}]},{"@type":"WebPage","@id":"https:\/\/radioleinewelle.de\/index.php\/2026\/03\/17\/kreistag-goettingen-beraet-ueber-zukunft-von-landrat-riethig\/","url":"https:\/\/radioleinewelle.de\/index.php\/2026\/03\/17\/kreistag-goettingen-beraet-ueber-zukunft-von-landrat-riethig\/","name":"Kreistag G\u00f6ttingen ber\u00e4t \u00fcber Zukunft von Landrat Riethig - Radio Leinewelle","isPartOf":{"@id":"https:\/\/radioleinewelle.de\/#website"},"primaryImageOfPage":{"@id":"https:\/\/radioleinewelle.de\/index.php\/2026\/03\/17\/kreistag-goettingen-beraet-ueber-zukunft-von-landrat-riethig\/#primaryimage"},"image":{"@id":"https:\/\/radioleinewelle.de\/index.php\/2026\/03\/17\/kreistag-goettingen-beraet-ueber-zukunft-von-landrat-riethig\/#primaryimage"},"thumbnailUrl":"https:\/\/radioleinewelle.de\/wp-content\/uploads\/2026\/03\/Kreishaus-Eingang.jpg","datePublished":"2026-03-17T08:00:16+00:00","dateModified":"2026-03-17T08:23:36+00:00","description":"Der Kreistag G\u00f6ttingen entscheidet \u00fcber mehrere Antr\u00e4ge zum Umgang mit Landrat Marcel Riethig. Es geht um Akteneinsicht, Untersuchungsausschuss und m\u00f6gliche Amtsenthebung.","breadcrumb":{"@id":"https:\/\/radioleinewelle.de\/index.php\/2026\/03\/17\/kreistag-goettingen-beraet-ueber-zukunft-von-landrat-riethig\/#breadcrumb"},"inLanguage":"de","potentialAction":[{"@type":"ReadAction","target":["https:\/\/radioleinewelle.de\/index.php\/2026\/03\/17\/kreistag-goettingen-beraet-ueber-zukunft-von-landrat-riethig\/"]}]},{"@type":"ImageObject","inLanguage":"de","@id":"https:\/\/radioleinewelle.de\/index.php\/2026\/03\/17\/kreistag-goettingen-beraet-ueber-zukunft-von-landrat-riethig\/#primaryimage","url":"https:\/\/radioleinewelle.de\/wp-content\/uploads\/2026\/03\/Kreishaus-Eingang.jpg","contentUrl":"https:\/\/radioleinewelle.de\/wp-content\/uploads\/2026\/03\/Kreishaus-Eingang.jpg","width":2016,"height":1512},{"@type":"BreadcrumbList","@id":"https:\/\/radioleinewelle.de\/index.php\/2026\/03\/17\/kreistag-goettingen-beraet-ueber-zukunft-von-landrat-riethig\/#breadcrumb","itemListElement":[{"@type":"ListItem","position":1,"name":"Startseite","item":"https:\/\/radioleinewelle.de\/"},{"@type":"ListItem","position":2,"name":"Kreistag G\u00f6ttingen ber\u00e4t \u00fcber Zukunft von Landrat Riethig"}]},{"@type":"WebSite","@id":"https:\/\/radioleinewelle.de\/#website","url":"https:\/\/radioleinewelle.de\/","name":"Radio Leinewelle","description":"","publisher":{"@id":"https:\/\/radioleinewelle.de\/#organization"},"potentialAction":[{"@type":"SearchAction","target":{"@type":"EntryPoint","urlTemplate":"https:\/\/radioleinewelle.de\/?s={search_term_string}"},"query-input":{"@type":"PropertyValueSpecification","valueRequired":true,"valueName":"search_term_string"}}],"inLanguage":"de"},{"@type":"Organization","@id":"https:\/\/radioleinewelle.de\/#organization","name":"Radio Leinewelle","alternateName":"Mein Radio f\u00fcr S\u00fcdniedersachsen","url":"https:\/\/radioleinewelle.de\/","logo":{"@type":"ImageObject","inLanguage":"de","@id":"https:\/\/radioleinewelle.de\/#\/schema\/logo\/image\/","url":"https:\/\/radioleinewelle.de\/wp-content\/uploads\/2023\/11\/cropped-Leinewelle_Logo_weiss.png","contentUrl":"https:\/\/radioleinewelle.de\/wp-content\/uploads\/2023\/11\/cropped-Leinewelle_Logo_weiss.png","width":854,"height":260,"caption":"Radio Leinewelle"},"image":{"@id":"https:\/\/radioleinewelle.de\/#\/schema\/logo\/image\/"},"sameAs":["https:\/\/www.facebook.com\/radioleinewelle","https:\/\/x.com\/RLeinewelle","https:\/\/www.instagram.com\/radioleinewelle\/?hl=de"]},{"@type":"Person","@id":"https:\/\/radioleinewelle.de\/#\/schema\/person\/57bad1d4e916f10da4e6763d01aec895","name":"Ulf Engelmayer","image":{"@type":"ImageObject","inLanguage":"de","@id":"https:\/\/secure.gravatar.com\/avatar\/f056d5d62beaff9b66570d67e3e698ea7ff6463d140c80fc667a56e338ecf046?s=96&d=blank&r=g","url":"https:\/\/secure.gravatar.com\/avatar\/f056d5d62beaff9b66570d67e3e698ea7ff6463d140c80fc667a56e338ecf046?s=96&d=blank&r=g","contentUrl":"https:\/\/secure.gravatar.com\/avatar\/f056d5d62beaff9b66570d67e3e698ea7ff6463d140c80fc667a56e338ecf046?s=96&d=blank&r=g","caption":"Ulf Engelmayer"},"url":"https:\/\/radioleinewelle.de\/index.php\/author\/ulf-engelmayer\/"}]}},"_links":{"self":[{"href":"https:\/\/radioleinewelle.de\/index.php\/wp-json\/wp\/v2\/posts\/30773","targetHints":{"allow":["GET"]}}],"collection":[{"href":"https:\/\/radioleinewelle.de\/index.php\/wp-json\/wp\/v2\/posts"}],"about":[{"href":"https:\/\/radioleinewelle.de\/index.php\/wp-json\/wp\/v2\/types\/post"}],"author":[{"embeddable":true,"href":"https:\/\/radioleinewelle.de\/index.php\/wp-json\/wp\/v2\/users\/6"}],"replies":[{"embeddable":true,"href":"https:\/\/radioleinewelle.de\/index.php\/wp-json\/wp\/v2\/comments?post=30773"}],"version-history":[{"count":7,"href":"https:\/\/radioleinewelle.de\/index.php\/wp-json\/wp\/v2\/posts\/30773\/revisions"}],"predecessor-version":[{"id":30783,"href":"https:\/\/radioleinewelle.de\/index.php\/wp-json\/wp\/v2\/posts\/30773\/revisions\/30783"}],"wp:featuredmedia":[{"embeddable":true,"href":"https:\/\/radioleinewelle.de\/index.php\/wp-json\/wp\/v2\/media\/30777"}],"wp:attachment":[{"href":"https:\/\/radioleinewelle.de\/index.php\/wp-json\/wp\/v2\/media?parent=30773"}],"wp:term":[{"taxonomy":"category","embeddable":true,"href":"https:\/\/radioleinewelle.de\/index.php\/wp-json\/wp\/v2\/categories?post=30773"},{"taxonomy":"post_tag","embeddable":true,"href":"https:\/\/radioleinewelle.de\/index.php\/wp-json\/wp\/v2\/tags?post=30773"}],"curies":[{"name":"wp","href":"https:\/\/api.w.org\/{rel}","templated":true}]}}