{"id":3078,"date":"2020-11-21T05:30:00","date_gmt":"2020-11-21T04:30:00","guid":{"rendered":"https:\/\/radioleinewelle.de\/?p=3078"},"modified":"2020-11-21T05:30:00","modified_gmt":"2020-11-21T04:30:00","slug":"seesen-ver-di-begruesst-schlichtungvorstoss-im-tarifkonflikt-an-der-asklepiosklinik","status":"publish","type":"post","link":"https:\/\/radioleinewelle.de\/index.php\/2020\/11\/21\/seesen-ver-di-begruesst-schlichtungvorstoss-im-tarifkonflikt-an-der-asklepiosklinik\/","title":{"rendered":"Seesen: ver.di begr\u00fc\u00dft Schlichtungvorsto\u00df im Tarifkonflikt an der Asklepiosklinik"},"content":{"rendered":"<p>Am Freitag wurden die in ver.di organisierten Besch\u00e4ftigten der Schildautalkliniken vom B\u00fcrgerb\u00fcndnis \u201aWir f\u00fcr Seesen\u2018 und den demokratischen Parteien aufgefordert, den Konflikt am Standort Seesen durch ein Schlichtungsverfahren beizulegen.\u00a0Diesen Vorsto\u00df begr\u00fc\u00dfen die Besch\u00e4ftigten ausdr\u00fccklich und fordern zeitgleich Asklepios auf, die Schlie\u00dfung der Reha zur\u00fcckzunehmen und dem Schlichtungsverfahren zuzustimmen.\u00a0Der zust\u00e4ndige Gewerkschaftssekret\u00e4r Jens Havemann begr\u00fc\u00dft den Vorsto\u00df:\u00a0\u201eSeit einem Jahr k\u00e4mpfen die KollegInnen gegen die systematische Schw\u00e4chung ihres Standortes. Ein Schlichtungsverfahren unter Einsetzung eines von beiden Seiten anerkannten Schlichters kann den Konflikt befrieden und konstruktiv zu einem tragf\u00e4higen Kompromiss f\u00fchren.\u201c\u00a0Aus Sicht der Gewerkschaft ver.di sollte ein Schlichtungsverfahren die Frage zum Gegenstand haben, wie die Schildautalkliniken dauerhaft als Standort der Gesundheitsversorgung gest\u00e4rkt werden kann.\u00a0Gewerkschaftssekret\u00e4r Patrick von Brandt dazu:\u00a0\u201eIn unseren Augen muss in diesem besonderen Streitschlichtungsverfahren alles auf den Tisch: Die Arbeitsbedingungen im Akuthaus und in der Therapie GmbH, die Zukunft der Rehaklinik und die R\u00fccknahme der K\u00fcndigungen.\u00a0Ich hoffe Asklepios sieht eine Schlichtung als Chance und nimmt die Schlie\u00dfungsank\u00fcndigung der Reha zur\u00fcck.\u201c<\/p>\n<p>Foto: Ver.di<\/p>\n","protected":false},"excerpt":{"rendered":"<p>Am Freitag wurden die in ver.di organisierten Besch\u00e4ftigten der Schildautalkliniken vom B\u00fcrgerb\u00fcndnis \u201aWir f\u00fcr Seesen\u2018 und den demokratischen Parteien aufgefordert, den Konflikt am Standort Seesen durch ein Schlichtungsverfahren beizulegen.\u00a0Diesen Vorsto\u00df begr\u00fc\u00dfen die Besch\u00e4ftigten ausdr\u00fccklich und fordern zeitgleich Asklepios auf, die Schlie\u00dfung der Reha zur\u00fcckzunehmen und dem Schlichtungsverfahren zuzustimmen.\u00a0Der zust\u00e4ndige Gewerkschaftssekret\u00e4r Jens Havemann begr\u00fc\u00dft den Vorsto\u00df:\u00a0\u201eSeit [&hellip;]<\/p>\n","protected":false},"author":1,"featured_media":1555,"comment_status":"closed","ping_status":"closed","sticky":false,"template":"","format":"standard","meta":{"saved_in_kubio":false,"footnotes":""},"categories":[38],"tags":[],"class_list":["post-3078","post","type-post","status-publish","format-standard","has-post-thumbnail","hentry","category-wirtschaft"],"yoast_head":"<!-- This site is optimized with the Yoast SEO plugin v27.5 - https:\/\/yoast.com\/product\/yoast-seo-wordpress\/ -->\n<title>Seesen: ver.di begr\u00fc\u00dft Schlichtungvorsto\u00df im Tarifkonflikt an der Asklepiosklinik - Radio Leinewelle<\/title>\n<meta name=\"robots\" content=\"index, follow, max-snippet:-1, max-image-preview:large, max-video-preview:-1\" \/>\n<link rel=\"canonical\" href=\"https:\/\/radioleinewelle.de\/index.php\/2020\/11\/21\/seesen-ver-di-begruesst-schlichtungvorstoss-im-tarifkonflikt-an-der-asklepiosklinik\/\" \/>\n<meta property=\"og:locale\" content=\"de_DE\" \/>\n<meta property=\"og:type\" content=\"article\" \/>\n<meta property=\"og:title\" content=\"Seesen: ver.di begr\u00fc\u00dft Schlichtungvorsto\u00df im Tarifkonflikt an der Asklepiosklinik - Radio Leinewelle\" \/>\n<meta property=\"og:description\" content=\"Am Freitag wurden die in ver.di organisierten Besch\u00e4ftigten der Schildautalkliniken vom B\u00fcrgerb\u00fcndnis \u201aWir f\u00fcr Seesen\u2018 und den demokratischen Parteien aufgefordert, den Konflikt am Standort Seesen durch ein Schlichtungsverfahren beizulegen.\u00a0Diesen Vorsto\u00df begr\u00fc\u00dfen die Besch\u00e4ftigten ausdr\u00fccklich und fordern zeitgleich Asklepios auf, die Schlie\u00dfung der Reha zur\u00fcckzunehmen und dem Schlichtungsverfahren zuzustimmen.\u00a0Der zust\u00e4ndige Gewerkschaftssekret\u00e4r Jens Havemann begr\u00fc\u00dft den Vorsto\u00df:\u00a0\u201eSeit [&hellip;]\" \/>\n<meta property=\"og:url\" content=\"https:\/\/radioleinewelle.de\/index.php\/2020\/11\/21\/seesen-ver-di-begruesst-schlichtungvorstoss-im-tarifkonflikt-an-der-asklepiosklinik\/\" \/>\n<meta property=\"og:site_name\" content=\"Radio Leinewelle\" \/>\n<meta property=\"article:publisher\" content=\"https:\/\/www.facebook.com\/radioleinewelle\" \/>\n<meta property=\"article:author\" content=\"https:\/\/www.facebook.com\/radioleinewelle\" \/>\n<meta property=\"article:published_time\" content=\"2020-11-21T04:30:00+00:00\" \/>\n<meta property=\"og:image\" content=\"https:\/\/radioleinewelle.de\/wp-content\/uploads\/2020\/09\/asklepios-seesen-e1599769622466.jpg\" \/>\n\t<meta property=\"og:image:width\" content=\"500\" \/>\n\t<meta property=\"og:image:height\" content=\"281\" \/>\n\t<meta property=\"og:image:type\" content=\"image\/jpeg\" \/>\n<meta name=\"author\" content=\"Leinewelle\" \/>\n<meta name=\"twitter:card\" content=\"summary_large_image\" \/>\n<meta name=\"twitter:creator\" content=\"@https:\/\/twitter.com\/RLeinewelle?ref_src=twsrcgoogletwcampserptwgrauthor\" \/>\n<meta name=\"twitter:site\" content=\"@RLeinewelle\" \/>\n<meta name=\"twitter:label1\" content=\"Verfasst von\" \/>\n\t<meta name=\"twitter:data1\" content=\"Leinewelle\" \/>\n\t<meta name=\"twitter:label2\" content=\"Gesch\u00e4tzte Lesezeit\" \/>\n\t<meta name=\"twitter:data2\" content=\"1\u00a0Minute\" \/>\n<script type=\"application\/ld+json\" class=\"yoast-schema-graph\">{\"@context\":\"https:\\\/\\\/schema.org\",\"@graph\":[{\"@type\":\"Article\",\"@id\":\"https:\\\/\\\/radioleinewelle.de\\\/index.php\\\/2020\\\/11\\\/21\\\/seesen-ver-di-begruesst-schlichtungvorstoss-im-tarifkonflikt-an-der-asklepiosklinik\\\/#article\",\"isPartOf\":{\"@id\":\"https:\\\/\\\/radioleinewelle.de\\\/index.php\\\/2020\\\/11\\\/21\\\/seesen-ver-di-begruesst-schlichtungvorstoss-im-tarifkonflikt-an-der-asklepiosklinik\\\/\"},\"author\":{\"name\":\"Leinewelle\",\"@id\":\"https:\\\/\\\/radioleinewelle.de\\\/#\\\/schema\\\/person\\\/45606f348637df637192dc1b68399a63\"},\"headline\":\"Seesen: ver.di begr\u00fc\u00dft Schlichtungvorsto\u00df im Tarifkonflikt an der Asklepiosklinik\",\"datePublished\":\"2020-11-21T04:30:00+00:00\",\"mainEntityOfPage\":{\"@id\":\"https:\\\/\\\/radioleinewelle.de\\\/index.php\\\/2020\\\/11\\\/21\\\/seesen-ver-di-begruesst-schlichtungvorstoss-im-tarifkonflikt-an-der-asklepiosklinik\\\/\"},\"wordCount\":203,\"publisher\":{\"@id\":\"https:\\\/\\\/radioleinewelle.de\\\/#organization\"},\"image\":{\"@id\":\"https:\\\/\\\/radioleinewelle.de\\\/index.php\\\/2020\\\/11\\\/21\\\/seesen-ver-di-begruesst-schlichtungvorstoss-im-tarifkonflikt-an-der-asklepiosklinik\\\/#primaryimage\"},\"thumbnailUrl\":\"https:\\\/\\\/radioleinewelle.de\\\/wp-content\\\/uploads\\\/2020\\\/09\\\/asklepios-seesen-e1599769622466.jpg\",\"articleSection\":[\"Wirtschaft\"],\"inLanguage\":\"de\"},{\"@type\":\"WebPage\",\"@id\":\"https:\\\/\\\/radioleinewelle.de\\\/index.php\\\/2020\\\/11\\\/21\\\/seesen-ver-di-begruesst-schlichtungvorstoss-im-tarifkonflikt-an-der-asklepiosklinik\\\/\",\"url\":\"https:\\\/\\\/radioleinewelle.de\\\/index.php\\\/2020\\\/11\\\/21\\\/seesen-ver-di-begruesst-schlichtungvorstoss-im-tarifkonflikt-an-der-asklepiosklinik\\\/\",\"name\":\"Seesen: ver.di begr\u00fc\u00dft Schlichtungvorsto\u00df im Tarifkonflikt an der Asklepiosklinik - Radio Leinewelle\",\"isPartOf\":{\"@id\":\"https:\\\/\\\/radioleinewelle.de\\\/#website\"},\"primaryImageOfPage\":{\"@id\":\"https:\\\/\\\/radioleinewelle.de\\\/index.php\\\/2020\\\/11\\\/21\\\/seesen-ver-di-begruesst-schlichtungvorstoss-im-tarifkonflikt-an-der-asklepiosklinik\\\/#primaryimage\"},\"image\":{\"@id\":\"https:\\\/\\\/radioleinewelle.de\\\/index.php\\\/2020\\\/11\\\/21\\\/seesen-ver-di-begruesst-schlichtungvorstoss-im-tarifkonflikt-an-der-asklepiosklinik\\\/#primaryimage\"},\"thumbnailUrl\":\"https:\\\/\\\/radioleinewelle.de\\\/wp-content\\\/uploads\\\/2020\\\/09\\\/asklepios-seesen-e1599769622466.jpg\",\"datePublished\":\"2020-11-21T04:30:00+00:00\",\"breadcrumb\":{\"@id\":\"https:\\\/\\\/radioleinewelle.de\\\/index.php\\\/2020\\\/11\\\/21\\\/seesen-ver-di-begruesst-schlichtungvorstoss-im-tarifkonflikt-an-der-asklepiosklinik\\\/#breadcrumb\"},\"inLanguage\":\"de\",\"potentialAction\":[{\"@type\":\"ReadAction\",\"target\":[\"https:\\\/\\\/radioleinewelle.de\\\/index.php\\\/2020\\\/11\\\/21\\\/seesen-ver-di-begruesst-schlichtungvorstoss-im-tarifkonflikt-an-der-asklepiosklinik\\\/\"]}]},{\"@type\":\"ImageObject\",\"inLanguage\":\"de\",\"@id\":\"https:\\\/\\\/radioleinewelle.de\\\/index.php\\\/2020\\\/11\\\/21\\\/seesen-ver-di-begruesst-schlichtungvorstoss-im-tarifkonflikt-an-der-asklepiosklinik\\\/#primaryimage\",\"url\":\"https:\\\/\\\/radioleinewelle.de\\\/wp-content\\\/uploads\\\/2020\\\/09\\\/asklepios-seesen-e1599769622466.jpg\",\"contentUrl\":\"https:\\\/\\\/radioleinewelle.de\\\/wp-content\\\/uploads\\\/2020\\\/09\\\/asklepios-seesen-e1599769622466.jpg\",\"width\":500,\"height\":281,\"caption\":\"Foto: ver.di\"},{\"@type\":\"BreadcrumbList\",\"@id\":\"https:\\\/\\\/radioleinewelle.de\\\/index.php\\\/2020\\\/11\\\/21\\\/seesen-ver-di-begruesst-schlichtungvorstoss-im-tarifkonflikt-an-der-asklepiosklinik\\\/#breadcrumb\",\"itemListElement\":[{\"@type\":\"ListItem\",\"position\":1,\"name\":\"Startseite\",\"item\":\"https:\\\/\\\/radioleinewelle.de\\\/\"},{\"@type\":\"ListItem\",\"position\":2,\"name\":\"Seesen: ver.di begr\u00fc\u00dft Schlichtungvorsto\u00df im Tarifkonflikt an der Asklepiosklinik\"}]},{\"@type\":\"WebSite\",\"@id\":\"https:\\\/\\\/radioleinewelle.de\\\/#website\",\"url\":\"https:\\\/\\\/radioleinewelle.de\\\/\",\"name\":\"Radio Leinewelle\",\"description\":\"\",\"publisher\":{\"@id\":\"https:\\\/\\\/radioleinewelle.de\\\/#organization\"},\"potentialAction\":[{\"@type\":\"SearchAction\",\"target\":{\"@type\":\"EntryPoint\",\"urlTemplate\":\"https:\\\/\\\/radioleinewelle.de\\\/?s={search_term_string}\"},\"query-input\":{\"@type\":\"PropertyValueSpecification\",\"valueRequired\":true,\"valueName\":\"search_term_string\"}}],\"inLanguage\":\"de\"},{\"@type\":\"Organization\",\"@id\":\"https:\\\/\\\/radioleinewelle.de\\\/#organization\",\"name\":\"Radio Leinewelle\",\"alternateName\":\"Mein Radio f\u00fcr S\u00fcdniedersachsen\",\"url\":\"https:\\\/\\\/radioleinewelle.de\\\/\",\"logo\":{\"@type\":\"ImageObject\",\"inLanguage\":\"de\",\"@id\":\"https:\\\/\\\/radioleinewelle.de\\\/#\\\/schema\\\/logo\\\/image\\\/\",\"url\":\"https:\\\/\\\/radioleinewelle.de\\\/wp-content\\\/uploads\\\/2023\\\/11\\\/cropped-Leinewelle_Logo_weiss.png\",\"contentUrl\":\"https:\\\/\\\/radioleinewelle.de\\\/wp-content\\\/uploads\\\/2023\\\/11\\\/cropped-Leinewelle_Logo_weiss.png\",\"width\":854,\"height\":260,\"caption\":\"Radio Leinewelle\"},\"image\":{\"@id\":\"https:\\\/\\\/radioleinewelle.de\\\/#\\\/schema\\\/logo\\\/image\\\/\"},\"sameAs\":[\"https:\\\/\\\/www.facebook.com\\\/radioleinewelle\",\"https:\\\/\\\/x.com\\\/RLeinewelle\",\"https:\\\/\\\/www.instagram.com\\\/radioleinewelle\\\/?hl=de\"]},{\"@type\":\"Person\",\"@id\":\"https:\\\/\\\/radioleinewelle.de\\\/#\\\/schema\\\/person\\\/45606f348637df637192dc1b68399a63\",\"name\":\"Leinewelle\",\"image\":{\"@type\":\"ImageObject\",\"inLanguage\":\"de\",\"@id\":\"https:\\\/\\\/secure.gravatar.com\\\/avatar\\\/05c9a17bc973052ee5d91549bd32fb4dd0dc85b7b85ae94b2e2b4943476bbea5?s=96&d=blank&r=g\",\"url\":\"https:\\\/\\\/secure.gravatar.com\\\/avatar\\\/05c9a17bc973052ee5d91549bd32fb4dd0dc85b7b85ae94b2e2b4943476bbea5?s=96&d=blank&r=g\",\"contentUrl\":\"https:\\\/\\\/secure.gravatar.com\\\/avatar\\\/05c9a17bc973052ee5d91549bd32fb4dd0dc85b7b85ae94b2e2b4943476bbea5?s=96&d=blank&r=g\",\"caption\":\"Leinewelle\"},\"sameAs\":[\"http:\\\/\\\/localhost\\\/radio%20leinewelle\\\/wordpress\",\"https:\\\/\\\/www.facebook.com\\\/radioleinewelle\",\"https:\\\/\\\/www.instagram.com\\\/radioleinewelle\",\"https:\\\/\\\/x.com\\\/https:\\\/\\\/twitter.com\\\/RLeinewelle?ref_src=twsrcgoogletwcampserptwgrauthor\",\"https:\\\/\\\/soundcloud.com\\\/foerderverein-lokalradio?utm_source=clipboard&utm_medium=text&utm_campaign=social_sharing\"],\"url\":\"https:\\\/\\\/radioleinewelle.de\\\/index.php\\\/author\\\/leinewelle\\\/\"}]}<\/script>\n<!-- \/ Yoast SEO plugin. -->","yoast_head_json":{"title":"Seesen: ver.di begr\u00fc\u00dft Schlichtungvorsto\u00df im Tarifkonflikt an der Asklepiosklinik - Radio Leinewelle","robots":{"index":"index","follow":"follow","max-snippet":"max-snippet:-1","max-image-preview":"max-image-preview:large","max-video-preview":"max-video-preview:-1"},"canonical":"https:\/\/radioleinewelle.de\/index.php\/2020\/11\/21\/seesen-ver-di-begruesst-schlichtungvorstoss-im-tarifkonflikt-an-der-asklepiosklinik\/","og_locale":"de_DE","og_type":"article","og_title":"Seesen: ver.di begr\u00fc\u00dft Schlichtungvorsto\u00df im Tarifkonflikt an der Asklepiosklinik - Radio Leinewelle","og_description":"Am Freitag wurden die in ver.di organisierten Besch\u00e4ftigten der Schildautalkliniken vom B\u00fcrgerb\u00fcndnis \u201aWir f\u00fcr Seesen\u2018 und den demokratischen Parteien aufgefordert, den Konflikt am Standort Seesen durch ein Schlichtungsverfahren beizulegen.\u00a0Diesen Vorsto\u00df begr\u00fc\u00dfen die Besch\u00e4ftigten ausdr\u00fccklich und fordern zeitgleich Asklepios auf, die Schlie\u00dfung der Reha zur\u00fcckzunehmen und dem Schlichtungsverfahren zuzustimmen.\u00a0Der zust\u00e4ndige Gewerkschaftssekret\u00e4r Jens Havemann begr\u00fc\u00dft den Vorsto\u00df:\u00a0\u201eSeit [&hellip;]","og_url":"https:\/\/radioleinewelle.de\/index.php\/2020\/11\/21\/seesen-ver-di-begruesst-schlichtungvorstoss-im-tarifkonflikt-an-der-asklepiosklinik\/","og_site_name":"Radio Leinewelle","article_publisher":"https:\/\/www.facebook.com\/radioleinewelle","article_author":"https:\/\/www.facebook.com\/radioleinewelle","article_published_time":"2020-11-21T04:30:00+00:00","og_image":[{"width":500,"height":281,"url":"https:\/\/radioleinewelle.de\/wp-content\/uploads\/2020\/09\/asklepios-seesen-e1599769622466.jpg","type":"image\/jpeg"}],"author":"Leinewelle","twitter_card":"summary_large_image","twitter_creator":"@https:\/\/twitter.com\/RLeinewelle?ref_src=twsrcgoogletwcampserptwgrauthor","twitter_site":"@RLeinewelle","twitter_misc":{"Verfasst von":"Leinewelle","Gesch\u00e4tzte Lesezeit":"1\u00a0Minute"},"schema":{"@context":"https:\/\/schema.org","@graph":[{"@type":"Article","@id":"https:\/\/radioleinewelle.de\/index.php\/2020\/11\/21\/seesen-ver-di-begruesst-schlichtungvorstoss-im-tarifkonflikt-an-der-asklepiosklinik\/#article","isPartOf":{"@id":"https:\/\/radioleinewelle.de\/index.php\/2020\/11\/21\/seesen-ver-di-begruesst-schlichtungvorstoss-im-tarifkonflikt-an-der-asklepiosklinik\/"},"author":{"name":"Leinewelle","@id":"https:\/\/radioleinewelle.de\/#\/schema\/person\/45606f348637df637192dc1b68399a63"},"headline":"Seesen: ver.di begr\u00fc\u00dft Schlichtungvorsto\u00df im Tarifkonflikt an der Asklepiosklinik","datePublished":"2020-11-21T04:30:00+00:00","mainEntityOfPage":{"@id":"https:\/\/radioleinewelle.de\/index.php\/2020\/11\/21\/seesen-ver-di-begruesst-schlichtungvorstoss-im-tarifkonflikt-an-der-asklepiosklinik\/"},"wordCount":203,"publisher":{"@id":"https:\/\/radioleinewelle.de\/#organization"},"image":{"@id":"https:\/\/radioleinewelle.de\/index.php\/2020\/11\/21\/seesen-ver-di-begruesst-schlichtungvorstoss-im-tarifkonflikt-an-der-asklepiosklinik\/#primaryimage"},"thumbnailUrl":"https:\/\/radioleinewelle.de\/wp-content\/uploads\/2020\/09\/asklepios-seesen-e1599769622466.jpg","articleSection":["Wirtschaft"],"inLanguage":"de"},{"@type":"WebPage","@id":"https:\/\/radioleinewelle.de\/index.php\/2020\/11\/21\/seesen-ver-di-begruesst-schlichtungvorstoss-im-tarifkonflikt-an-der-asklepiosklinik\/","url":"https:\/\/radioleinewelle.de\/index.php\/2020\/11\/21\/seesen-ver-di-begruesst-schlichtungvorstoss-im-tarifkonflikt-an-der-asklepiosklinik\/","name":"Seesen: ver.di begr\u00fc\u00dft Schlichtungvorsto\u00df im Tarifkonflikt an der Asklepiosklinik - Radio Leinewelle","isPartOf":{"@id":"https:\/\/radioleinewelle.de\/#website"},"primaryImageOfPage":{"@id":"https:\/\/radioleinewelle.de\/index.php\/2020\/11\/21\/seesen-ver-di-begruesst-schlichtungvorstoss-im-tarifkonflikt-an-der-asklepiosklinik\/#primaryimage"},"image":{"@id":"https:\/\/radioleinewelle.de\/index.php\/2020\/11\/21\/seesen-ver-di-begruesst-schlichtungvorstoss-im-tarifkonflikt-an-der-asklepiosklinik\/#primaryimage"},"thumbnailUrl":"https:\/\/radioleinewelle.de\/wp-content\/uploads\/2020\/09\/asklepios-seesen-e1599769622466.jpg","datePublished":"2020-11-21T04:30:00+00:00","breadcrumb":{"@id":"https:\/\/radioleinewelle.de\/index.php\/2020\/11\/21\/seesen-ver-di-begruesst-schlichtungvorstoss-im-tarifkonflikt-an-der-asklepiosklinik\/#breadcrumb"},"inLanguage":"de","potentialAction":[{"@type":"ReadAction","target":["https:\/\/radioleinewelle.de\/index.php\/2020\/11\/21\/seesen-ver-di-begruesst-schlichtungvorstoss-im-tarifkonflikt-an-der-asklepiosklinik\/"]}]},{"@type":"ImageObject","inLanguage":"de","@id":"https:\/\/radioleinewelle.de\/index.php\/2020\/11\/21\/seesen-ver-di-begruesst-schlichtungvorstoss-im-tarifkonflikt-an-der-asklepiosklinik\/#primaryimage","url":"https:\/\/radioleinewelle.de\/wp-content\/uploads\/2020\/09\/asklepios-seesen-e1599769622466.jpg","contentUrl":"https:\/\/radioleinewelle.de\/wp-content\/uploads\/2020\/09\/asklepios-seesen-e1599769622466.jpg","width":500,"height":281,"caption":"Foto: ver.di"},{"@type":"BreadcrumbList","@id":"https:\/\/radioleinewelle.de\/index.php\/2020\/11\/21\/seesen-ver-di-begruesst-schlichtungvorstoss-im-tarifkonflikt-an-der-asklepiosklinik\/#breadcrumb","itemListElement":[{"@type":"ListItem","position":1,"name":"Startseite","item":"https:\/\/radioleinewelle.de\/"},{"@type":"ListItem","position":2,"name":"Seesen: ver.di begr\u00fc\u00dft Schlichtungvorsto\u00df im Tarifkonflikt an der Asklepiosklinik"}]},{"@type":"WebSite","@id":"https:\/\/radioleinewelle.de\/#website","url":"https:\/\/radioleinewelle.de\/","name":"Radio Leinewelle","description":"","publisher":{"@id":"https:\/\/radioleinewelle.de\/#organization"},"potentialAction":[{"@type":"SearchAction","target":{"@type":"EntryPoint","urlTemplate":"https:\/\/radioleinewelle.de\/?s={search_term_string}"},"query-input":{"@type":"PropertyValueSpecification","valueRequired":true,"valueName":"search_term_string"}}],"inLanguage":"de"},{"@type":"Organization","@id":"https:\/\/radioleinewelle.de\/#organization","name":"Radio Leinewelle","alternateName":"Mein Radio f\u00fcr S\u00fcdniedersachsen","url":"https:\/\/radioleinewelle.de\/","logo":{"@type":"ImageObject","inLanguage":"de","@id":"https:\/\/radioleinewelle.de\/#\/schema\/logo\/image\/","url":"https:\/\/radioleinewelle.de\/wp-content\/uploads\/2023\/11\/cropped-Leinewelle_Logo_weiss.png","contentUrl":"https:\/\/radioleinewelle.de\/wp-content\/uploads\/2023\/11\/cropped-Leinewelle_Logo_weiss.png","width":854,"height":260,"caption":"Radio Leinewelle"},"image":{"@id":"https:\/\/radioleinewelle.de\/#\/schema\/logo\/image\/"},"sameAs":["https:\/\/www.facebook.com\/radioleinewelle","https:\/\/x.com\/RLeinewelle","https:\/\/www.instagram.com\/radioleinewelle\/?hl=de"]},{"@type":"Person","@id":"https:\/\/radioleinewelle.de\/#\/schema\/person\/45606f348637df637192dc1b68399a63","name":"Leinewelle","image":{"@type":"ImageObject","inLanguage":"de","@id":"https:\/\/secure.gravatar.com\/avatar\/05c9a17bc973052ee5d91549bd32fb4dd0dc85b7b85ae94b2e2b4943476bbea5?s=96&d=blank&r=g","url":"https:\/\/secure.gravatar.com\/avatar\/05c9a17bc973052ee5d91549bd32fb4dd0dc85b7b85ae94b2e2b4943476bbea5?s=96&d=blank&r=g","contentUrl":"https:\/\/secure.gravatar.com\/avatar\/05c9a17bc973052ee5d91549bd32fb4dd0dc85b7b85ae94b2e2b4943476bbea5?s=96&d=blank&r=g","caption":"Leinewelle"},"sameAs":["http:\/\/localhost\/radio%20leinewelle\/wordpress","https:\/\/www.facebook.com\/radioleinewelle","https:\/\/www.instagram.com\/radioleinewelle","https:\/\/x.com\/https:\/\/twitter.com\/RLeinewelle?ref_src=twsrcgoogletwcampserptwgrauthor","https:\/\/soundcloud.com\/foerderverein-lokalradio?utm_source=clipboard&utm_medium=text&utm_campaign=social_sharing"],"url":"https:\/\/radioleinewelle.de\/index.php\/author\/leinewelle\/"}]}},"_links":{"self":[{"href":"https:\/\/radioleinewelle.de\/index.php\/wp-json\/wp\/v2\/posts\/3078","targetHints":{"allow":["GET"]}}],"collection":[{"href":"https:\/\/radioleinewelle.de\/index.php\/wp-json\/wp\/v2\/posts"}],"about":[{"href":"https:\/\/radioleinewelle.de\/index.php\/wp-json\/wp\/v2\/types\/post"}],"author":[{"embeddable":true,"href":"https:\/\/radioleinewelle.de\/index.php\/wp-json\/wp\/v2\/users\/1"}],"replies":[{"embeddable":true,"href":"https:\/\/radioleinewelle.de\/index.php\/wp-json\/wp\/v2\/comments?post=3078"}],"version-history":[{"count":0,"href":"https:\/\/radioleinewelle.de\/index.php\/wp-json\/wp\/v2\/posts\/3078\/revisions"}],"wp:featuredmedia":[{"embeddable":true,"href":"https:\/\/radioleinewelle.de\/index.php\/wp-json\/wp\/v2\/media\/1555"}],"wp:attachment":[{"href":"https:\/\/radioleinewelle.de\/index.php\/wp-json\/wp\/v2\/media?parent=3078"}],"wp:term":[{"taxonomy":"category","embeddable":true,"href":"https:\/\/radioleinewelle.de\/index.php\/wp-json\/wp\/v2\/categories?post=3078"},{"taxonomy":"post_tag","embeddable":true,"href":"https:\/\/radioleinewelle.de\/index.php\/wp-json\/wp\/v2\/tags?post=3078"}],"curies":[{"name":"wp","href":"https:\/\/api.w.org\/{rel}","templated":true}]}}