{"id":30784,"date":"2026-03-17T22:20:14","date_gmt":"2026-03-17T21:20:14","guid":{"rendered":"https:\/\/radioleinewelle.de\/?p=30784"},"modified":"2026-03-17T22:20:17","modified_gmt":"2026-03-17T21:20:17","slug":"landrat-riethig-suspendiert-innenministerium-greift-durch-kreistag-lehnt-staatskommissar-ab","status":"publish","type":"post","link":"https:\/\/radioleinewelle.de\/index.php\/2026\/03\/17\/landrat-riethig-suspendiert-innenministerium-greift-durch-kreistag-lehnt-staatskommissar-ab\/","title":{"rendered":"Landrat Riethig suspendiert: Innenministerium greift durch \u2013 Kreistag lehnt Staatskommissar ab"},"content":{"rendered":"\n\n\n<p>Die Aff\u00e4re um den G\u00f6ttinger Landrat&nbsp;Marcel Riethig&nbsp;hat am Dienstag eine neue Eskalationsstufe erreicht. Das&nbsp;Nieders\u00e4chsisches Ministerium f\u00fcr Inneres, Sport und Digitalisierung&nbsp;leitete ein Disziplinarverfahren gegen den Verwaltungschef ein und enthob ihn zugleich vorl\u00e4ufig des Dienstes. Damit reagiert die Kommunalaufsicht auf eine Vielzahl erhobener Vorw\u00fcrfe, von denen zun\u00e4chst zw\u00f6lf als hinreichend konkret bewertet wurden. Weitere Punkte werden derzeit noch gepr\u00fcft. Trotz der Ma\u00dfnahme gilt weiterhin die Unschuldsvermutung.<\/p>\n\n\n\n<p>Die vorl\u00e4ufige Dienstenthebung erfolgt laut Ministerium nicht als Sanktion, sondern als Sicherungsma\u00dfnahme. Ziel sei es, den ordnungsgem\u00e4\u00dfen Ablauf der Ermittlungen zu gew\u00e4hrleisten, den Dienstbetrieb zu stabilisieren und zugleich der F\u00fcrsorgepflicht gegen\u00fcber dem Beamten gerecht zu werden. Man habe eine sorgf\u00e4ltige Abw\u00e4gung vorgenommen und sehe die Ma\u00dfnahme als verh\u00e4ltnism\u00e4\u00dfig an.<\/p>\n\n\n\n<p>Parallel dazu hatte sich auch der Kreistag in einer Sondersitzung mit der Situation befasst. Die Einsetzung eines Staatskommissars fand jedoch keine Mehrheit. Damit liegt die Leitung der Kreisverwaltung nun kommissarisch bei der Ersten Kreisr\u00e4tin&nbsp;Doreen Fragel, die bereits in der Vergangenheit mehrfach die Amtsgesch\u00e4fte in Abwesenheit Riethigs gef\u00fchrt hatte.<\/p>\n\n\n\n<p>Aus der Politik kommt unterschiedliche Resonanz auf die Entscheidung des Innenministeriums. Die Gr\u00fcnen im Kreistag bewerten die Dienstenthebung als notwendigen Schritt zur Stabilisierung der Verwaltung. Die Co-Fraktionsvorsitzenden&nbsp;Dietmar Linne&nbsp;und&nbsp;Steffani Wirth&nbsp;betonen, dass mit Fragel eine erfahrene Verwaltungsfachfrau die Verantwortung \u00fcbernehme. Ziel sei es nun, die Handlungsf\u00e4higkeit der Verwaltung sicherzustellen, Vertrauen zur\u00fcckzugewinnen und den Mitarbeitenden Orientierung zu geben.<\/p>\n\n\n\n<p>Auch aus anderen Fraktionen wird die Entscheidung grunds\u00e4tzlich begr\u00fc\u00dft, allerdings teils mit Kritik am bisherigen Vorgehen der Kommunalaufsicht. So wird insbesondere ein zu z\u00f6gerliches Handeln im Vorfeld bem\u00e4ngelt.<\/p>\n\n\n\n<p>Die Vorw\u00fcrfe gegen Riethig werden durch einen offenen Brief aus der F\u00fchrungsebene der Kreisverwaltung untermauert. Darin berichten die Unterzeichner von \u201eMissst\u00e4nden der Amtsf\u00fchrung\u201c sowie einem F\u00fchrungsstil, der \u201eein Klima der Angst und der Einsch\u00fcchterung erzeugt\u201c. Gleichzeitig betonen sie, dass ihre Mitteilung an das Innenministerium auf einem umfangreichen Bericht mit insgesamt 28 dokumentierten Vorw\u00fcrfen basiert.<\/p>\n\n\n\n<p>Zugleich weisen die F\u00fchrungskr\u00e4fte zentrale Anschuldigungen zur\u00fcck. Man habe \u201ekeine Unterlagen an Medien weitergereicht\u201c, hei\u00dft es in dem Schreiben. Vielmehr sehen die Unterzeichner in \u00f6ffentlichen Aussagen des Landrats selbst eine Grenz\u00fcberschreitung und sprechen von m\u00f6glicher \u201e\u00fcblen Nachrede\u201c.<\/p>\n\n\n\n<p>Nach eigenen Angaben wird die Kritik von einer breiten Mehrheit innerhalb der Verwaltung getragen: Insgesamt 74 F\u00fchrungskr\u00e4fte h\u00e4tten entsprechende Beobachtungen best\u00e4tigt. Die aktuelle Situation f\u00fchre zu einer \u201eerheblichen pers\u00f6nlichen und organisatorischen Belastung\u201c und gef\u00e4hrde zunehmend die Funktionsf\u00e4higkeit der Kreisverwaltung.<\/p>\n\n\n\n<p>Mit der Entscheidung des Innenministeriums und der neuen F\u00fchrungsstruktur steht die Kreisverwaltung nun vor der Aufgabe, den laufenden Betrieb zu stabilisieren und gleichzeitig die weiteren Entwicklungen im Disziplinarverfahren abzuwarten. Die Aff\u00e4re d\u00fcrfte damit auch in den kommenden Wochen ein zentrales politisches Thema in der Region bleiben.<\/p>\n\n\n\n<p><\/p>\n","protected":false},"excerpt":{"rendered":"<p>Die Aff\u00e4re um den G\u00f6ttinger Landrat&nbsp;Marcel Riethig&nbsp;hat am Dienstag eine neue Eskalationsstufe erreicht. Das&nbsp;Nieders\u00e4chsisches Ministerium f\u00fcr Inneres, Sport und Digitalisierung&nbsp;leitete ein Disziplinarverfahren gegen den Verwaltungschef ein und enthob ihn zugleich vorl\u00e4ufig des Dienstes. Damit reagiert die Kommunalaufsicht auf eine Vielzahl erhobener Vorw\u00fcrfe, von denen zun\u00e4chst zw\u00f6lf als hinreichend konkret bewertet wurden. Weitere Punkte werden derzeit [&hellip;]<\/p>\n","protected":false},"author":6,"featured_media":30788,"comment_status":"open","ping_status":"open","sticky":false,"template":"","format":"standard","meta":{"saved_in_kubio":false,"footnotes":""},"categories":[24,39],"tags":[4980,194,4891,4977,228,327,4979,4976,4978],"class_list":["post-30784","post","type-post","status-publish","format-standard","has-post-thumbnail","hentry","category-news","category-lokalpolitik","tag-affaere-riethig","tag-doreen-fragel","tag-fuehrungskrise","tag-innenninisterium","tag-kreistag-goettingen","tag-landkreis-goettingen","tag-landrat","tag-marcelriethig","tag-verwaltungskrise"],"yoast_head":"<!-- This site is optimized with the Yoast SEO plugin v27.5 - https:\/\/yoast.com\/product\/yoast-seo-wordpress\/ -->\n<title>Landrat Riethig suspendiert: Innenministerium greift durch \u2013 Kreistag lehnt Staatskommissar ab - Radio Leinewelle<\/title>\n<meta name=\"description\" content=\"Nach massiven Vorw\u00fcrfen von F\u00fchrungskr\u00e4ften enthebt das Innenministerium Landrat Riethig vorl\u00e4ufig des Dienstes. Kreistag lehnt Staatskommissar ab.\" \/>\n<meta name=\"robots\" content=\"index, follow, max-snippet:-1, max-image-preview:large, max-video-preview:-1\" \/>\n<link rel=\"canonical\" href=\"https:\/\/radioleinewelle.de\/index.php\/2026\/03\/17\/landrat-riethig-suspendiert-innenministerium-greift-durch-kreistag-lehnt-staatskommissar-ab\/\" \/>\n<meta property=\"og:locale\" content=\"de_DE\" \/>\n<meta property=\"og:type\" content=\"article\" \/>\n<meta property=\"og:title\" content=\"Landrat Riethig suspendiert: Innenministerium greift durch \u2013 Kreistag lehnt Staatskommissar ab - Radio Leinewelle\" \/>\n<meta property=\"og:description\" content=\"Nach massiven Vorw\u00fcrfen von F\u00fchrungskr\u00e4ften enthebt das Innenministerium Landrat Riethig vorl\u00e4ufig des Dienstes. Kreistag lehnt Staatskommissar ab.\" \/>\n<meta property=\"og:url\" content=\"https:\/\/radioleinewelle.de\/index.php\/2026\/03\/17\/landrat-riethig-suspendiert-innenministerium-greift-durch-kreistag-lehnt-staatskommissar-ab\/\" \/>\n<meta property=\"og:site_name\" content=\"Radio Leinewelle\" \/>\n<meta property=\"article:publisher\" content=\"https:\/\/www.facebook.com\/radioleinewelle\" \/>\n<meta property=\"article:published_time\" content=\"2026-03-17T21:20:14+00:00\" \/>\n<meta property=\"article:modified_time\" content=\"2026-03-17T21:20:17+00:00\" \/>\n<meta property=\"og:image\" content=\"https:\/\/radioleinewelle.de\/wp-content\/uploads\/2026\/03\/Kreishaus-Goettingen-scaled.jpg\" \/>\n\t<meta property=\"og:image:width\" content=\"2560\" \/>\n\t<meta property=\"og:image:height\" content=\"1531\" \/>\n\t<meta property=\"og:image:type\" content=\"image\/jpeg\" \/>\n<meta name=\"author\" content=\"Ulf Engelmayer\" \/>\n<meta name=\"twitter:card\" content=\"summary_large_image\" \/>\n<meta name=\"twitter:creator\" content=\"@RLeinewelle\" \/>\n<meta name=\"twitter:site\" content=\"@RLeinewelle\" \/>\n<meta name=\"twitter:label1\" content=\"Verfasst von\" \/>\n\t<meta name=\"twitter:data1\" content=\"Ulf Engelmayer\" \/>\n\t<meta name=\"twitter:label2\" content=\"Gesch\u00e4tzte Lesezeit\" \/>\n\t<meta name=\"twitter:data2\" content=\"3\u00a0Minuten\" \/>\n<script type=\"application\/ld+json\" class=\"yoast-schema-graph\">{\"@context\":\"https:\\\/\\\/schema.org\",\"@graph\":[{\"@type\":\"Article\",\"@id\":\"https:\\\/\\\/radioleinewelle.de\\\/index.php\\\/2026\\\/03\\\/17\\\/landrat-riethig-suspendiert-innenministerium-greift-durch-kreistag-lehnt-staatskommissar-ab\\\/#article\",\"isPartOf\":{\"@id\":\"https:\\\/\\\/radioleinewelle.de\\\/index.php\\\/2026\\\/03\\\/17\\\/landrat-riethig-suspendiert-innenministerium-greift-durch-kreistag-lehnt-staatskommissar-ab\\\/\"},\"author\":{\"name\":\"Ulf Engelmayer\",\"@id\":\"https:\\\/\\\/radioleinewelle.de\\\/#\\\/schema\\\/person\\\/57bad1d4e916f10da4e6763d01aec895\"},\"headline\":\"Landrat Riethig suspendiert: Innenministerium greift durch \u2013 Kreistag lehnt Staatskommissar ab\",\"datePublished\":\"2026-03-17T21:20:14+00:00\",\"dateModified\":\"2026-03-17T21:20:17+00:00\",\"mainEntityOfPage\":{\"@id\":\"https:\\\/\\\/radioleinewelle.de\\\/index.php\\\/2026\\\/03\\\/17\\\/landrat-riethig-suspendiert-innenministerium-greift-durch-kreistag-lehnt-staatskommissar-ab\\\/\"},\"wordCount\":501,\"commentCount\":0,\"publisher\":{\"@id\":\"https:\\\/\\\/radioleinewelle.de\\\/#organization\"},\"image\":{\"@id\":\"https:\\\/\\\/radioleinewelle.de\\\/index.php\\\/2026\\\/03\\\/17\\\/landrat-riethig-suspendiert-innenministerium-greift-durch-kreistag-lehnt-staatskommissar-ab\\\/#primaryimage\"},\"thumbnailUrl\":\"https:\\\/\\\/radioleinewelle.de\\\/wp-content\\\/uploads\\\/2026\\\/03\\\/Kreishaus-Goettingen-scaled.jpg\",\"keywords\":[\"Aff\u00e4re Riethig\",\"Doreen Fragel\",\"F\u00fchrungskrise\",\"Innenninisterium\",\"Kreistag G\u00f6ttingen\",\"Landkreis G\u00f6ttingen\",\"Landrat\",\"MarcelRiethig\",\"Verwaltungskrise\"],\"articleSection\":[\"Aktuelle Nachrichten\",\"Lokalpolitik\"],\"inLanguage\":\"de\",\"potentialAction\":[{\"@type\":\"CommentAction\",\"name\":\"Comment\",\"target\":[\"https:\\\/\\\/radioleinewelle.de\\\/index.php\\\/2026\\\/03\\\/17\\\/landrat-riethig-suspendiert-innenministerium-greift-durch-kreistag-lehnt-staatskommissar-ab\\\/#respond\"]}]},{\"@type\":\"WebPage\",\"@id\":\"https:\\\/\\\/radioleinewelle.de\\\/index.php\\\/2026\\\/03\\\/17\\\/landrat-riethig-suspendiert-innenministerium-greift-durch-kreistag-lehnt-staatskommissar-ab\\\/\",\"url\":\"https:\\\/\\\/radioleinewelle.de\\\/index.php\\\/2026\\\/03\\\/17\\\/landrat-riethig-suspendiert-innenministerium-greift-durch-kreistag-lehnt-staatskommissar-ab\\\/\",\"name\":\"Landrat Riethig suspendiert: Innenministerium greift durch \u2013 Kreistag lehnt Staatskommissar ab - Radio Leinewelle\",\"isPartOf\":{\"@id\":\"https:\\\/\\\/radioleinewelle.de\\\/#website\"},\"primaryImageOfPage\":{\"@id\":\"https:\\\/\\\/radioleinewelle.de\\\/index.php\\\/2026\\\/03\\\/17\\\/landrat-riethig-suspendiert-innenministerium-greift-durch-kreistag-lehnt-staatskommissar-ab\\\/#primaryimage\"},\"image\":{\"@id\":\"https:\\\/\\\/radioleinewelle.de\\\/index.php\\\/2026\\\/03\\\/17\\\/landrat-riethig-suspendiert-innenministerium-greift-durch-kreistag-lehnt-staatskommissar-ab\\\/#primaryimage\"},\"thumbnailUrl\":\"https:\\\/\\\/radioleinewelle.de\\\/wp-content\\\/uploads\\\/2026\\\/03\\\/Kreishaus-Goettingen-scaled.jpg\",\"datePublished\":\"2026-03-17T21:20:14+00:00\",\"dateModified\":\"2026-03-17T21:20:17+00:00\",\"description\":\"Nach massiven Vorw\u00fcrfen von F\u00fchrungskr\u00e4ften enthebt das Innenministerium Landrat Riethig vorl\u00e4ufig des Dienstes. Kreistag lehnt Staatskommissar ab.\",\"breadcrumb\":{\"@id\":\"https:\\\/\\\/radioleinewelle.de\\\/index.php\\\/2026\\\/03\\\/17\\\/landrat-riethig-suspendiert-innenministerium-greift-durch-kreistag-lehnt-staatskommissar-ab\\\/#breadcrumb\"},\"inLanguage\":\"de\",\"potentialAction\":[{\"@type\":\"ReadAction\",\"target\":[\"https:\\\/\\\/radioleinewelle.de\\\/index.php\\\/2026\\\/03\\\/17\\\/landrat-riethig-suspendiert-innenministerium-greift-durch-kreistag-lehnt-staatskommissar-ab\\\/\"]}]},{\"@type\":\"ImageObject\",\"inLanguage\":\"de\",\"@id\":\"https:\\\/\\\/radioleinewelle.de\\\/index.php\\\/2026\\\/03\\\/17\\\/landrat-riethig-suspendiert-innenministerium-greift-durch-kreistag-lehnt-staatskommissar-ab\\\/#primaryimage\",\"url\":\"https:\\\/\\\/radioleinewelle.de\\\/wp-content\\\/uploads\\\/2026\\\/03\\\/Kreishaus-Goettingen-scaled.jpg\",\"contentUrl\":\"https:\\\/\\\/radioleinewelle.de\\\/wp-content\\\/uploads\\\/2026\\\/03\\\/Kreishaus-Goettingen-scaled.jpg\",\"width\":2560,\"height\":1531},{\"@type\":\"BreadcrumbList\",\"@id\":\"https:\\\/\\\/radioleinewelle.de\\\/index.php\\\/2026\\\/03\\\/17\\\/landrat-riethig-suspendiert-innenministerium-greift-durch-kreistag-lehnt-staatskommissar-ab\\\/#breadcrumb\",\"itemListElement\":[{\"@type\":\"ListItem\",\"position\":1,\"name\":\"Startseite\",\"item\":\"https:\\\/\\\/radioleinewelle.de\\\/\"},{\"@type\":\"ListItem\",\"position\":2,\"name\":\"Landrat Riethig suspendiert: Innenministerium greift durch \u2013 Kreistag lehnt Staatskommissar ab\"}]},{\"@type\":\"WebSite\",\"@id\":\"https:\\\/\\\/radioleinewelle.de\\\/#website\",\"url\":\"https:\\\/\\\/radioleinewelle.de\\\/\",\"name\":\"Radio Leinewelle\",\"description\":\"\",\"publisher\":{\"@id\":\"https:\\\/\\\/radioleinewelle.de\\\/#organization\"},\"potentialAction\":[{\"@type\":\"SearchAction\",\"target\":{\"@type\":\"EntryPoint\",\"urlTemplate\":\"https:\\\/\\\/radioleinewelle.de\\\/?s={search_term_string}\"},\"query-input\":{\"@type\":\"PropertyValueSpecification\",\"valueRequired\":true,\"valueName\":\"search_term_string\"}}],\"inLanguage\":\"de\"},{\"@type\":\"Organization\",\"@id\":\"https:\\\/\\\/radioleinewelle.de\\\/#organization\",\"name\":\"Radio Leinewelle\",\"alternateName\":\"Mein Radio f\u00fcr S\u00fcdniedersachsen\",\"url\":\"https:\\\/\\\/radioleinewelle.de\\\/\",\"logo\":{\"@type\":\"ImageObject\",\"inLanguage\":\"de\",\"@id\":\"https:\\\/\\\/radioleinewelle.de\\\/#\\\/schema\\\/logo\\\/image\\\/\",\"url\":\"https:\\\/\\\/radioleinewelle.de\\\/wp-content\\\/uploads\\\/2023\\\/11\\\/cropped-Leinewelle_Logo_weiss.png\",\"contentUrl\":\"https:\\\/\\\/radioleinewelle.de\\\/wp-content\\\/uploads\\\/2023\\\/11\\\/cropped-Leinewelle_Logo_weiss.png\",\"width\":854,\"height\":260,\"caption\":\"Radio Leinewelle\"},\"image\":{\"@id\":\"https:\\\/\\\/radioleinewelle.de\\\/#\\\/schema\\\/logo\\\/image\\\/\"},\"sameAs\":[\"https:\\\/\\\/www.facebook.com\\\/radioleinewelle\",\"https:\\\/\\\/x.com\\\/RLeinewelle\",\"https:\\\/\\\/www.instagram.com\\\/radioleinewelle\\\/?hl=de\"]},{\"@type\":\"Person\",\"@id\":\"https:\\\/\\\/radioleinewelle.de\\\/#\\\/schema\\\/person\\\/57bad1d4e916f10da4e6763d01aec895\",\"name\":\"Ulf Engelmayer\",\"image\":{\"@type\":\"ImageObject\",\"inLanguage\":\"de\",\"@id\":\"https:\\\/\\\/secure.gravatar.com\\\/avatar\\\/f056d5d62beaff9b66570d67e3e698ea7ff6463d140c80fc667a56e338ecf046?s=96&d=blank&r=g\",\"url\":\"https:\\\/\\\/secure.gravatar.com\\\/avatar\\\/f056d5d62beaff9b66570d67e3e698ea7ff6463d140c80fc667a56e338ecf046?s=96&d=blank&r=g\",\"contentUrl\":\"https:\\\/\\\/secure.gravatar.com\\\/avatar\\\/f056d5d62beaff9b66570d67e3e698ea7ff6463d140c80fc667a56e338ecf046?s=96&d=blank&r=g\",\"caption\":\"Ulf Engelmayer\"},\"url\":\"https:\\\/\\\/radioleinewelle.de\\\/index.php\\\/author\\\/ulf-engelmayer\\\/\"}]}<\/script>\n<!-- \/ Yoast SEO plugin. -->","yoast_head_json":{"title":"Landrat Riethig suspendiert: Innenministerium greift durch \u2013 Kreistag lehnt Staatskommissar ab - Radio Leinewelle","description":"Nach massiven Vorw\u00fcrfen von F\u00fchrungskr\u00e4ften enthebt das Innenministerium Landrat Riethig vorl\u00e4ufig des Dienstes. Kreistag lehnt Staatskommissar ab.","robots":{"index":"index","follow":"follow","max-snippet":"max-snippet:-1","max-image-preview":"max-image-preview:large","max-video-preview":"max-video-preview:-1"},"canonical":"https:\/\/radioleinewelle.de\/index.php\/2026\/03\/17\/landrat-riethig-suspendiert-innenministerium-greift-durch-kreistag-lehnt-staatskommissar-ab\/","og_locale":"de_DE","og_type":"article","og_title":"Landrat Riethig suspendiert: Innenministerium greift durch \u2013 Kreistag lehnt Staatskommissar ab - Radio Leinewelle","og_description":"Nach massiven Vorw\u00fcrfen von F\u00fchrungskr\u00e4ften enthebt das Innenministerium Landrat Riethig vorl\u00e4ufig des Dienstes. Kreistag lehnt Staatskommissar ab.","og_url":"https:\/\/radioleinewelle.de\/index.php\/2026\/03\/17\/landrat-riethig-suspendiert-innenministerium-greift-durch-kreistag-lehnt-staatskommissar-ab\/","og_site_name":"Radio Leinewelle","article_publisher":"https:\/\/www.facebook.com\/radioleinewelle","article_published_time":"2026-03-17T21:20:14+00:00","article_modified_time":"2026-03-17T21:20:17+00:00","og_image":[{"width":2560,"height":1531,"url":"https:\/\/radioleinewelle.de\/wp-content\/uploads\/2026\/03\/Kreishaus-Goettingen-scaled.jpg","type":"image\/jpeg"}],"author":"Ulf Engelmayer","twitter_card":"summary_large_image","twitter_creator":"@RLeinewelle","twitter_site":"@RLeinewelle","twitter_misc":{"Verfasst von":"Ulf Engelmayer","Gesch\u00e4tzte Lesezeit":"3\u00a0Minuten"},"schema":{"@context":"https:\/\/schema.org","@graph":[{"@type":"Article","@id":"https:\/\/radioleinewelle.de\/index.php\/2026\/03\/17\/landrat-riethig-suspendiert-innenministerium-greift-durch-kreistag-lehnt-staatskommissar-ab\/#article","isPartOf":{"@id":"https:\/\/radioleinewelle.de\/index.php\/2026\/03\/17\/landrat-riethig-suspendiert-innenministerium-greift-durch-kreistag-lehnt-staatskommissar-ab\/"},"author":{"name":"Ulf Engelmayer","@id":"https:\/\/radioleinewelle.de\/#\/schema\/person\/57bad1d4e916f10da4e6763d01aec895"},"headline":"Landrat Riethig suspendiert: Innenministerium greift durch \u2013 Kreistag lehnt Staatskommissar ab","datePublished":"2026-03-17T21:20:14+00:00","dateModified":"2026-03-17T21:20:17+00:00","mainEntityOfPage":{"@id":"https:\/\/radioleinewelle.de\/index.php\/2026\/03\/17\/landrat-riethig-suspendiert-innenministerium-greift-durch-kreistag-lehnt-staatskommissar-ab\/"},"wordCount":501,"commentCount":0,"publisher":{"@id":"https:\/\/radioleinewelle.de\/#organization"},"image":{"@id":"https:\/\/radioleinewelle.de\/index.php\/2026\/03\/17\/landrat-riethig-suspendiert-innenministerium-greift-durch-kreistag-lehnt-staatskommissar-ab\/#primaryimage"},"thumbnailUrl":"https:\/\/radioleinewelle.de\/wp-content\/uploads\/2026\/03\/Kreishaus-Goettingen-scaled.jpg","keywords":["Aff\u00e4re Riethig","Doreen Fragel","F\u00fchrungskrise","Innenninisterium","Kreistag G\u00f6ttingen","Landkreis G\u00f6ttingen","Landrat","MarcelRiethig","Verwaltungskrise"],"articleSection":["Aktuelle Nachrichten","Lokalpolitik"],"inLanguage":"de","potentialAction":[{"@type":"CommentAction","name":"Comment","target":["https:\/\/radioleinewelle.de\/index.php\/2026\/03\/17\/landrat-riethig-suspendiert-innenministerium-greift-durch-kreistag-lehnt-staatskommissar-ab\/#respond"]}]},{"@type":"WebPage","@id":"https:\/\/radioleinewelle.de\/index.php\/2026\/03\/17\/landrat-riethig-suspendiert-innenministerium-greift-durch-kreistag-lehnt-staatskommissar-ab\/","url":"https:\/\/radioleinewelle.de\/index.php\/2026\/03\/17\/landrat-riethig-suspendiert-innenministerium-greift-durch-kreistag-lehnt-staatskommissar-ab\/","name":"Landrat Riethig suspendiert: Innenministerium greift durch \u2013 Kreistag lehnt Staatskommissar ab - Radio Leinewelle","isPartOf":{"@id":"https:\/\/radioleinewelle.de\/#website"},"primaryImageOfPage":{"@id":"https:\/\/radioleinewelle.de\/index.php\/2026\/03\/17\/landrat-riethig-suspendiert-innenministerium-greift-durch-kreistag-lehnt-staatskommissar-ab\/#primaryimage"},"image":{"@id":"https:\/\/radioleinewelle.de\/index.php\/2026\/03\/17\/landrat-riethig-suspendiert-innenministerium-greift-durch-kreistag-lehnt-staatskommissar-ab\/#primaryimage"},"thumbnailUrl":"https:\/\/radioleinewelle.de\/wp-content\/uploads\/2026\/03\/Kreishaus-Goettingen-scaled.jpg","datePublished":"2026-03-17T21:20:14+00:00","dateModified":"2026-03-17T21:20:17+00:00","description":"Nach massiven Vorw\u00fcrfen von F\u00fchrungskr\u00e4ften enthebt das Innenministerium Landrat Riethig vorl\u00e4ufig des Dienstes. Kreistag lehnt Staatskommissar ab.","breadcrumb":{"@id":"https:\/\/radioleinewelle.de\/index.php\/2026\/03\/17\/landrat-riethig-suspendiert-innenministerium-greift-durch-kreistag-lehnt-staatskommissar-ab\/#breadcrumb"},"inLanguage":"de","potentialAction":[{"@type":"ReadAction","target":["https:\/\/radioleinewelle.de\/index.php\/2026\/03\/17\/landrat-riethig-suspendiert-innenministerium-greift-durch-kreistag-lehnt-staatskommissar-ab\/"]}]},{"@type":"ImageObject","inLanguage":"de","@id":"https:\/\/radioleinewelle.de\/index.php\/2026\/03\/17\/landrat-riethig-suspendiert-innenministerium-greift-durch-kreistag-lehnt-staatskommissar-ab\/#primaryimage","url":"https:\/\/radioleinewelle.de\/wp-content\/uploads\/2026\/03\/Kreishaus-Goettingen-scaled.jpg","contentUrl":"https:\/\/radioleinewelle.de\/wp-content\/uploads\/2026\/03\/Kreishaus-Goettingen-scaled.jpg","width":2560,"height":1531},{"@type":"BreadcrumbList","@id":"https:\/\/radioleinewelle.de\/index.php\/2026\/03\/17\/landrat-riethig-suspendiert-innenministerium-greift-durch-kreistag-lehnt-staatskommissar-ab\/#breadcrumb","itemListElement":[{"@type":"ListItem","position":1,"name":"Startseite","item":"https:\/\/radioleinewelle.de\/"},{"@type":"ListItem","position":2,"name":"Landrat Riethig suspendiert: Innenministerium greift durch \u2013 Kreistag lehnt Staatskommissar ab"}]},{"@type":"WebSite","@id":"https:\/\/radioleinewelle.de\/#website","url":"https:\/\/radioleinewelle.de\/","name":"Radio Leinewelle","description":"","publisher":{"@id":"https:\/\/radioleinewelle.de\/#organization"},"potentialAction":[{"@type":"SearchAction","target":{"@type":"EntryPoint","urlTemplate":"https:\/\/radioleinewelle.de\/?s={search_term_string}"},"query-input":{"@type":"PropertyValueSpecification","valueRequired":true,"valueName":"search_term_string"}}],"inLanguage":"de"},{"@type":"Organization","@id":"https:\/\/radioleinewelle.de\/#organization","name":"Radio Leinewelle","alternateName":"Mein Radio f\u00fcr S\u00fcdniedersachsen","url":"https:\/\/radioleinewelle.de\/","logo":{"@type":"ImageObject","inLanguage":"de","@id":"https:\/\/radioleinewelle.de\/#\/schema\/logo\/image\/","url":"https:\/\/radioleinewelle.de\/wp-content\/uploads\/2023\/11\/cropped-Leinewelle_Logo_weiss.png","contentUrl":"https:\/\/radioleinewelle.de\/wp-content\/uploads\/2023\/11\/cropped-Leinewelle_Logo_weiss.png","width":854,"height":260,"caption":"Radio Leinewelle"},"image":{"@id":"https:\/\/radioleinewelle.de\/#\/schema\/logo\/image\/"},"sameAs":["https:\/\/www.facebook.com\/radioleinewelle","https:\/\/x.com\/RLeinewelle","https:\/\/www.instagram.com\/radioleinewelle\/?hl=de"]},{"@type":"Person","@id":"https:\/\/radioleinewelle.de\/#\/schema\/person\/57bad1d4e916f10da4e6763d01aec895","name":"Ulf Engelmayer","image":{"@type":"ImageObject","inLanguage":"de","@id":"https:\/\/secure.gravatar.com\/avatar\/f056d5d62beaff9b66570d67e3e698ea7ff6463d140c80fc667a56e338ecf046?s=96&d=blank&r=g","url":"https:\/\/secure.gravatar.com\/avatar\/f056d5d62beaff9b66570d67e3e698ea7ff6463d140c80fc667a56e338ecf046?s=96&d=blank&r=g","contentUrl":"https:\/\/secure.gravatar.com\/avatar\/f056d5d62beaff9b66570d67e3e698ea7ff6463d140c80fc667a56e338ecf046?s=96&d=blank&r=g","caption":"Ulf Engelmayer"},"url":"https:\/\/radioleinewelle.de\/index.php\/author\/ulf-engelmayer\/"}]}},"_links":{"self":[{"href":"https:\/\/radioleinewelle.de\/index.php\/wp-json\/wp\/v2\/posts\/30784","targetHints":{"allow":["GET"]}}],"collection":[{"href":"https:\/\/radioleinewelle.de\/index.php\/wp-json\/wp\/v2\/posts"}],"about":[{"href":"https:\/\/radioleinewelle.de\/index.php\/wp-json\/wp\/v2\/types\/post"}],"author":[{"embeddable":true,"href":"https:\/\/radioleinewelle.de\/index.php\/wp-json\/wp\/v2\/users\/6"}],"replies":[{"embeddable":true,"href":"https:\/\/radioleinewelle.de\/index.php\/wp-json\/wp\/v2\/comments?post=30784"}],"version-history":[{"count":5,"href":"https:\/\/radioleinewelle.de\/index.php\/wp-json\/wp\/v2\/posts\/30784\/revisions"}],"predecessor-version":[{"id":30795,"href":"https:\/\/radioleinewelle.de\/index.php\/wp-json\/wp\/v2\/posts\/30784\/revisions\/30795"}],"wp:featuredmedia":[{"embeddable":true,"href":"https:\/\/radioleinewelle.de\/index.php\/wp-json\/wp\/v2\/media\/30788"}],"wp:attachment":[{"href":"https:\/\/radioleinewelle.de\/index.php\/wp-json\/wp\/v2\/media?parent=30784"}],"wp:term":[{"taxonomy":"category","embeddable":true,"href":"https:\/\/radioleinewelle.de\/index.php\/wp-json\/wp\/v2\/categories?post=30784"},{"taxonomy":"post_tag","embeddable":true,"href":"https:\/\/radioleinewelle.de\/index.php\/wp-json\/wp\/v2\/tags?post=30784"}],"curies":[{"name":"wp","href":"https:\/\/api.w.org\/{rel}","templated":true}]}}