{"id":3083,"date":"2020-11-22T05:23:15","date_gmt":"2020-11-22T04:23:15","guid":{"rendered":"https:\/\/radioleinewelle.de\/?p=3083"},"modified":"2020-11-22T05:23:15","modified_gmt":"2020-11-22T04:23:15","slug":"zuschuss-fuer-studierende-in-akuter-notlage-bis-ende-des-wintersemesters","status":"publish","type":"post","link":"https:\/\/radioleinewelle.de\/index.php\/2020\/11\/22\/zuschuss-fuer-studierende-in-akuter-notlage-bis-ende-des-wintersemesters\/","title":{"rendered":"Zuschuss f\u00fcr Studierende in akuter Notlage bis Ende des Wintersemesters"},"content":{"rendered":"<div class=\"summary\">\n<p>Das BMBF unterst\u00fctzt Studierende im gesamten Wintersemester weiter mit BAf\u00f6G, Zusch\u00fcssen und zinsfreien Studienkrediten. Aufgrund der aktuellen Entwicklungen in der Corona-Pandemie setzt das Bundesministerium f\u00fcr Bildung und Forschung die Zuschusskomponente der \u00dcberbr\u00fcckungshilfe f\u00fcr Studierende in pandemiebedingter Notlage f\u00fcr den November und dar\u00fcber hinaus bis zum Ende des Wintersemesters ab heute wieder ein. Dazu erkl\u00e4rt Bundesbildungsministerin Anja Karliczek: &#8222;Wir lassen die Studierenden in dieser Pandemie nicht allein. Wir werden die bereits aus dem Sommer bekannten Zusch\u00fcsse als Teil der \u00dcberbr\u00fcckungshilfe f\u00fcr Studierende in pandemiebedingter Notlage erneut anbieten &#8211; und das bis zum Ende des Wintersemesters. Damit wollen wir Studierenden helfen, deren Erwerbsm\u00f6glichkeiten oder die Unterst\u00fctzung ihrer Eltern durch die beschlossenen Ma\u00dfnahmen zur Eind\u00e4mmung der Pandemie vor\u00fcbergehend wegfallen.<\/p>\n<\/div>\n<div class=\"article-section\">\n<p>&nbsp;<\/p>\n<p><strong>Hintergrund:\u00a0<\/strong>Studierende an staatlich anerkannten Hochschulen in Deutschland konnten zur Linderung von pandemiebedingten Notlagen von Juni bis September 2020 eine \u00dcberbr\u00fcckungshilfe in Form eines Zuschusses beim regional zust\u00e4ndigen Studierenden- bzw. Studentenwerk beantragen. Diese Hilfe wird ab November f\u00fcr das gesamte Wintersemester wiedereingesetzt. Sie bleibt damit Teil eines gro\u00dfen Pakets des Bundesministeriums f\u00fcr Bildung und Forschung (<abbr title=\"Bundesministerium f\u00fcr Bildung und Forschung\">BMBF<\/abbr>) zur Unterst\u00fctzung von Studierenden.<\/p>\n<p><strong>Antragsberechtigt<\/strong> sind Studierende, die zum Zeitpunkt der Antragstellung an einer staatlichen oder staatlich anerkannten Hochschule in Deutschland immatrikuliert, in Deutschland wohnen und nicht beurlaubt waren. Dies gilt f\u00fcr Studierende aus dem In- und Ausland, ohne Altersbegrenzung.<\/p>\n<p>Der Zuschuss wird monatlich zugesagt bis zu einer H\u00f6he von 500 Euro. Zust\u00e4ndig f\u00fcr die Antragsbearbeitung sind die 57 regionalen Studierenden- und Studentenwerke, wobei die Antr\u00e4ge ausschlie\u00dflich online \u00fcber die etablierte bundesweit einheitliche IT-Plattform gestellt werden. Eine Beantragung ist seit dem 20.11. wieder m\u00f6glich. Das Online-Tool f\u00fcr die Antragstellung ist hier zu finden: <a href=\"https:\/\/www.xn--berbrckungshilfe-studierende-06cf.de\/\">https:\/\/www.\u00fcberbr\u00fcckungshilfe-studierende.de<\/a><\/p>\n<p>Die \u00dcberbr\u00fcckungshilfe als Zuschuss ist nur ein Teil des <abbr title=\"Bundesministerium f\u00fcr Bildung und Forschung\">BMBF<\/abbr>-Pakets f\u00fcr Studierende in pandemiebedingten Notlagen. Weitere wesentliche S\u00e4ule der \u00dcberbr\u00fcckungshilfe ist der Studienkredit der <abbr title=\"Kreditanstalt f\u00fcr Wiederaufbau\">KfW<\/abbr>. Dabei handelt es sich um ein bew\u00e4hrtes Programm der Kreditanstalt f\u00fcr Wiederaufbau\u00a0(<abbr title=\"Kreditanstalt f\u00fcr Wiederaufbau\">KfW<\/abbr>). Seit 2006 bietet es Studierenden die M\u00f6glichkeit, monatlich bis zu 650\u00a0Euro aufzunehmen. Grunds\u00e4tzlich anspruchsberechtigt sind Studierende aller staatlich anerkannten Hochschulen in Deutschland im Alter von 18 bis 44\u00a0Jahren, die eine der folgenden Voraussetzungen erf\u00fcllen:<\/p>\n<ul>\n<li>deutsche Staatsb\u00fcrger mit inl\u00e4ndischer Meldeadresse,<\/li>\n<li>Familienangeh\u00f6rige eines deutschen Staatsb\u00fcrgers, die sich mit ihm in Deutschland aufhalten und hier gemeldet sind,<\/li>\n<li>EU-Staatsb\u00fcrger, die sich rechtm\u00e4\u00dfig seit mindestens drei Jahren st\u00e4ndig in Deutschland aufhalten und hier gemeldet sind,<\/li>\n<li>Familienangeh\u00f6rige eines solchen EU-Staatsb\u00fcrgers, die sich mit ihm in Deutschland aufhalten und hier gemeldet sind,<\/li>\n<li>Bildungsinl\u00e4nder und in Deutschland gemeldet.<\/li>\n<\/ul>\n<p>F\u00fcr die \u00dcberbr\u00fcckungshilfe wurde schon im Fr\u00fchjahr der Berechtigtenkreis des klassischen <abbr title=\"Kreditanstalt f\u00fcr Wiederaufbau\">KfW<\/abbr>-Studienkredits bis zum 31.M\u00e4rz 2021 befristet erweitert. So k\u00f6nnen ihn auch ausl\u00e4ndische Studierende &#8211; aus Drittstaaten und EU-B\u00fcrger, die sich erst kurz in Deutschland aufhalten -in Anspruch nehmen.<\/p>\n<p>Das Darlehen wurde f\u00fcr alle Darlehensnehmer zun\u00e4chst befristet bis M\u00e4rz 2021 zinslos gestellt. Diese Zinsverg\u00fcnstigung wird nun bis zum Jahresende 2021 verl\u00e4ngert. Die Kosten \u00fcbernimmt das <abbr title=\"Bundesministerium f\u00fcr Bildung und Forschung\">BMBF<\/abbr>.<\/p>\n<p>Es gilt das bew\u00e4hrte Antragsverfahren. Grunds\u00e4tzlich gelten die allgemeinen Bedingungen des <abbr title=\"Kreditanstalt f\u00fcr Wiederaufbau\">KfW<\/abbr>-Studienkredits mit einer maximal monatlichen Auszahlung von 650 Euro.<\/p>\n<p>N\u00e4here Informationen: <a href=\"http:\/\/www.kfw.de\/studienkredit-coronahilfe\">www.kfw.de\/studienkredit-coronahilfe<\/a>.<\/p>\n<p>Bild von <a href=\"https:\/\/pixabay.com\/de\/users\/nikolayhg-3248\/?utm_source=link-attribution&amp;utm_medium=referral&amp;utm_campaign=image&amp;utm_content=105709\">Nikolay Georgiev<\/a> auf <a href=\"https:\/\/pixabay.com\/de\/?utm_source=link-attribution&amp;utm_medium=referral&amp;utm_campaign=image&amp;utm_content=105709\">Pixabay<\/a><\/p>\n<\/div>\n","protected":false},"excerpt":{"rendered":"<p>Das BMBF unterst\u00fctzt Studierende im gesamten Wintersemester weiter mit BAf\u00f6G, Zusch\u00fcssen und zinsfreien Studienkrediten. Aufgrund der aktuellen Entwicklungen in der Corona-Pandemie setzt das Bundesministerium f\u00fcr Bildung und Forschung die Zuschusskomponente der \u00dcberbr\u00fcckungshilfe f\u00fcr Studierende in pandemiebedingter Notlage f\u00fcr den November und dar\u00fcber hinaus bis zum Ende des Wintersemesters ab heute wieder ein. Dazu erkl\u00e4rt Bundesbildungsministerin [&hellip;]<\/p>\n","protected":false},"author":1,"featured_media":0,"comment_status":"closed","ping_status":"closed","sticky":false,"template":"","format":"standard","meta":{"saved_in_kubio":false,"footnotes":""},"categories":[35],"tags":[],"class_list":["post-3083","post","type-post","status-publish","format-standard","hentry","category-universitaet"],"yoast_head":"<!-- This site is optimized with the Yoast SEO plugin v27.5 - https:\/\/yoast.com\/product\/yoast-seo-wordpress\/ -->\n<title>Zuschuss f\u00fcr Studierende in akuter Notlage bis Ende des Wintersemesters - Radio Leinewelle<\/title>\n<meta name=\"robots\" content=\"index, follow, max-snippet:-1, max-image-preview:large, max-video-preview:-1\" \/>\n<link rel=\"canonical\" href=\"https:\/\/radioleinewelle.de\/index.php\/2020\/11\/22\/zuschuss-fuer-studierende-in-akuter-notlage-bis-ende-des-wintersemesters\/\" \/>\n<meta property=\"og:locale\" content=\"de_DE\" \/>\n<meta property=\"og:type\" content=\"article\" \/>\n<meta property=\"og:title\" content=\"Zuschuss f\u00fcr Studierende in akuter Notlage bis Ende des Wintersemesters - Radio Leinewelle\" \/>\n<meta property=\"og:description\" content=\"Das BMBF unterst\u00fctzt Studierende im gesamten Wintersemester weiter mit BAf\u00f6G, Zusch\u00fcssen und zinsfreien Studienkrediten. Aufgrund der aktuellen Entwicklungen in der Corona-Pandemie setzt das Bundesministerium f\u00fcr Bildung und Forschung die Zuschusskomponente der \u00dcberbr\u00fcckungshilfe f\u00fcr Studierende in pandemiebedingter Notlage f\u00fcr den November und dar\u00fcber hinaus bis zum Ende des Wintersemesters ab heute wieder ein. Dazu erkl\u00e4rt Bundesbildungsministerin [&hellip;]\" \/>\n<meta property=\"og:url\" content=\"https:\/\/radioleinewelle.de\/index.php\/2020\/11\/22\/zuschuss-fuer-studierende-in-akuter-notlage-bis-ende-des-wintersemesters\/\" \/>\n<meta property=\"og:site_name\" content=\"Radio Leinewelle\" \/>\n<meta property=\"article:publisher\" content=\"https:\/\/www.facebook.com\/radioleinewelle\" \/>\n<meta property=\"article:author\" content=\"https:\/\/www.facebook.com\/radioleinewelle\" \/>\n<meta property=\"article:published_time\" content=\"2020-11-22T04:23:15+00:00\" \/>\n<meta name=\"author\" content=\"Leinewelle\" \/>\n<meta name=\"twitter:card\" content=\"summary_large_image\" \/>\n<meta name=\"twitter:creator\" content=\"@https:\/\/twitter.com\/RLeinewelle?ref_src=twsrcgoogletwcampserptwgrauthor\" \/>\n<meta name=\"twitter:site\" content=\"@RLeinewelle\" \/>\n<meta name=\"twitter:label1\" content=\"Verfasst von\" \/>\n\t<meta name=\"twitter:data1\" content=\"Leinewelle\" \/>\n\t<meta name=\"twitter:label2\" content=\"Gesch\u00e4tzte Lesezeit\" \/>\n\t<meta name=\"twitter:data2\" content=\"3\u00a0Minuten\" \/>\n<script type=\"application\/ld+json\" class=\"yoast-schema-graph\">{\"@context\":\"https:\\\/\\\/schema.org\",\"@graph\":[{\"@type\":\"Article\",\"@id\":\"https:\\\/\\\/radioleinewelle.de\\\/index.php\\\/2020\\\/11\\\/22\\\/zuschuss-fuer-studierende-in-akuter-notlage-bis-ende-des-wintersemesters\\\/#article\",\"isPartOf\":{\"@id\":\"https:\\\/\\\/radioleinewelle.de\\\/index.php\\\/2020\\\/11\\\/22\\\/zuschuss-fuer-studierende-in-akuter-notlage-bis-ende-des-wintersemesters\\\/\"},\"author\":{\"name\":\"Leinewelle\",\"@id\":\"https:\\\/\\\/radioleinewelle.de\\\/#\\\/schema\\\/person\\\/45606f348637df637192dc1b68399a63\"},\"headline\":\"Zuschuss f\u00fcr Studierende in akuter Notlage bis Ende des Wintersemesters\",\"datePublished\":\"2020-11-22T04:23:15+00:00\",\"mainEntityOfPage\":{\"@id\":\"https:\\\/\\\/radioleinewelle.de\\\/index.php\\\/2020\\\/11\\\/22\\\/zuschuss-fuer-studierende-in-akuter-notlage-bis-ende-des-wintersemesters\\\/\"},\"wordCount\":563,\"publisher\":{\"@id\":\"https:\\\/\\\/radioleinewelle.de\\\/#organization\"},\"articleSection\":[\"Universit\u00e4t\"],\"inLanguage\":\"de\"},{\"@type\":\"WebPage\",\"@id\":\"https:\\\/\\\/radioleinewelle.de\\\/index.php\\\/2020\\\/11\\\/22\\\/zuschuss-fuer-studierende-in-akuter-notlage-bis-ende-des-wintersemesters\\\/\",\"url\":\"https:\\\/\\\/radioleinewelle.de\\\/index.php\\\/2020\\\/11\\\/22\\\/zuschuss-fuer-studierende-in-akuter-notlage-bis-ende-des-wintersemesters\\\/\",\"name\":\"Zuschuss f\u00fcr Studierende in akuter Notlage bis Ende des Wintersemesters - Radio Leinewelle\",\"isPartOf\":{\"@id\":\"https:\\\/\\\/radioleinewelle.de\\\/#website\"},\"datePublished\":\"2020-11-22T04:23:15+00:00\",\"breadcrumb\":{\"@id\":\"https:\\\/\\\/radioleinewelle.de\\\/index.php\\\/2020\\\/11\\\/22\\\/zuschuss-fuer-studierende-in-akuter-notlage-bis-ende-des-wintersemesters\\\/#breadcrumb\"},\"inLanguage\":\"de\",\"potentialAction\":[{\"@type\":\"ReadAction\",\"target\":[\"https:\\\/\\\/radioleinewelle.de\\\/index.php\\\/2020\\\/11\\\/22\\\/zuschuss-fuer-studierende-in-akuter-notlage-bis-ende-des-wintersemesters\\\/\"]}]},{\"@type\":\"BreadcrumbList\",\"@id\":\"https:\\\/\\\/radioleinewelle.de\\\/index.php\\\/2020\\\/11\\\/22\\\/zuschuss-fuer-studierende-in-akuter-notlage-bis-ende-des-wintersemesters\\\/#breadcrumb\",\"itemListElement\":[{\"@type\":\"ListItem\",\"position\":1,\"name\":\"Startseite\",\"item\":\"https:\\\/\\\/radioleinewelle.de\\\/\"},{\"@type\":\"ListItem\",\"position\":2,\"name\":\"Zuschuss f\u00fcr Studierende in akuter Notlage bis Ende des Wintersemesters\"}]},{\"@type\":\"WebSite\",\"@id\":\"https:\\\/\\\/radioleinewelle.de\\\/#website\",\"url\":\"https:\\\/\\\/radioleinewelle.de\\\/\",\"name\":\"Radio Leinewelle\",\"description\":\"\",\"publisher\":{\"@id\":\"https:\\\/\\\/radioleinewelle.de\\\/#organization\"},\"potentialAction\":[{\"@type\":\"SearchAction\",\"target\":{\"@type\":\"EntryPoint\",\"urlTemplate\":\"https:\\\/\\\/radioleinewelle.de\\\/?s={search_term_string}\"},\"query-input\":{\"@type\":\"PropertyValueSpecification\",\"valueRequired\":true,\"valueName\":\"search_term_string\"}}],\"inLanguage\":\"de\"},{\"@type\":\"Organization\",\"@id\":\"https:\\\/\\\/radioleinewelle.de\\\/#organization\",\"name\":\"Radio Leinewelle\",\"alternateName\":\"Mein Radio f\u00fcr S\u00fcdniedersachsen\",\"url\":\"https:\\\/\\\/radioleinewelle.de\\\/\",\"logo\":{\"@type\":\"ImageObject\",\"inLanguage\":\"de\",\"@id\":\"https:\\\/\\\/radioleinewelle.de\\\/#\\\/schema\\\/logo\\\/image\\\/\",\"url\":\"https:\\\/\\\/radioleinewelle.de\\\/wp-content\\\/uploads\\\/2023\\\/11\\\/cropped-Leinewelle_Logo_weiss.png\",\"contentUrl\":\"https:\\\/\\\/radioleinewelle.de\\\/wp-content\\\/uploads\\\/2023\\\/11\\\/cropped-Leinewelle_Logo_weiss.png\",\"width\":854,\"height\":260,\"caption\":\"Radio Leinewelle\"},\"image\":{\"@id\":\"https:\\\/\\\/radioleinewelle.de\\\/#\\\/schema\\\/logo\\\/image\\\/\"},\"sameAs\":[\"https:\\\/\\\/www.facebook.com\\\/radioleinewelle\",\"https:\\\/\\\/x.com\\\/RLeinewelle\",\"https:\\\/\\\/www.instagram.com\\\/radioleinewelle\\\/?hl=de\"]},{\"@type\":\"Person\",\"@id\":\"https:\\\/\\\/radioleinewelle.de\\\/#\\\/schema\\\/person\\\/45606f348637df637192dc1b68399a63\",\"name\":\"Leinewelle\",\"image\":{\"@type\":\"ImageObject\",\"inLanguage\":\"de\",\"@id\":\"https:\\\/\\\/secure.gravatar.com\\\/avatar\\\/05c9a17bc973052ee5d91549bd32fb4dd0dc85b7b85ae94b2e2b4943476bbea5?s=96&d=blank&r=g\",\"url\":\"https:\\\/\\\/secure.gravatar.com\\\/avatar\\\/05c9a17bc973052ee5d91549bd32fb4dd0dc85b7b85ae94b2e2b4943476bbea5?s=96&d=blank&r=g\",\"contentUrl\":\"https:\\\/\\\/secure.gravatar.com\\\/avatar\\\/05c9a17bc973052ee5d91549bd32fb4dd0dc85b7b85ae94b2e2b4943476bbea5?s=96&d=blank&r=g\",\"caption\":\"Leinewelle\"},\"sameAs\":[\"http:\\\/\\\/localhost\\\/radio%20leinewelle\\\/wordpress\",\"https:\\\/\\\/www.facebook.com\\\/radioleinewelle\",\"https:\\\/\\\/www.instagram.com\\\/radioleinewelle\",\"https:\\\/\\\/x.com\\\/https:\\\/\\\/twitter.com\\\/RLeinewelle?ref_src=twsrcgoogletwcampserptwgrauthor\",\"https:\\\/\\\/soundcloud.com\\\/foerderverein-lokalradio?utm_source=clipboard&utm_medium=text&utm_campaign=social_sharing\"],\"url\":\"https:\\\/\\\/radioleinewelle.de\\\/index.php\\\/author\\\/leinewelle\\\/\"}]}<\/script>\n<!-- \/ Yoast SEO plugin. -->","yoast_head_json":{"title":"Zuschuss f\u00fcr Studierende in akuter Notlage bis Ende des Wintersemesters - Radio Leinewelle","robots":{"index":"index","follow":"follow","max-snippet":"max-snippet:-1","max-image-preview":"max-image-preview:large","max-video-preview":"max-video-preview:-1"},"canonical":"https:\/\/radioleinewelle.de\/index.php\/2020\/11\/22\/zuschuss-fuer-studierende-in-akuter-notlage-bis-ende-des-wintersemesters\/","og_locale":"de_DE","og_type":"article","og_title":"Zuschuss f\u00fcr Studierende in akuter Notlage bis Ende des Wintersemesters - Radio Leinewelle","og_description":"Das BMBF unterst\u00fctzt Studierende im gesamten Wintersemester weiter mit BAf\u00f6G, Zusch\u00fcssen und zinsfreien Studienkrediten. Aufgrund der aktuellen Entwicklungen in der Corona-Pandemie setzt das Bundesministerium f\u00fcr Bildung und Forschung die Zuschusskomponente der \u00dcberbr\u00fcckungshilfe f\u00fcr Studierende in pandemiebedingter Notlage f\u00fcr den November und dar\u00fcber hinaus bis zum Ende des Wintersemesters ab heute wieder ein. Dazu erkl\u00e4rt Bundesbildungsministerin [&hellip;]","og_url":"https:\/\/radioleinewelle.de\/index.php\/2020\/11\/22\/zuschuss-fuer-studierende-in-akuter-notlage-bis-ende-des-wintersemesters\/","og_site_name":"Radio Leinewelle","article_publisher":"https:\/\/www.facebook.com\/radioleinewelle","article_author":"https:\/\/www.facebook.com\/radioleinewelle","article_published_time":"2020-11-22T04:23:15+00:00","author":"Leinewelle","twitter_card":"summary_large_image","twitter_creator":"@https:\/\/twitter.com\/RLeinewelle?ref_src=twsrcgoogletwcampserptwgrauthor","twitter_site":"@RLeinewelle","twitter_misc":{"Verfasst von":"Leinewelle","Gesch\u00e4tzte Lesezeit":"3\u00a0Minuten"},"schema":{"@context":"https:\/\/schema.org","@graph":[{"@type":"Article","@id":"https:\/\/radioleinewelle.de\/index.php\/2020\/11\/22\/zuschuss-fuer-studierende-in-akuter-notlage-bis-ende-des-wintersemesters\/#article","isPartOf":{"@id":"https:\/\/radioleinewelle.de\/index.php\/2020\/11\/22\/zuschuss-fuer-studierende-in-akuter-notlage-bis-ende-des-wintersemesters\/"},"author":{"name":"Leinewelle","@id":"https:\/\/radioleinewelle.de\/#\/schema\/person\/45606f348637df637192dc1b68399a63"},"headline":"Zuschuss f\u00fcr Studierende in akuter Notlage bis Ende des Wintersemesters","datePublished":"2020-11-22T04:23:15+00:00","mainEntityOfPage":{"@id":"https:\/\/radioleinewelle.de\/index.php\/2020\/11\/22\/zuschuss-fuer-studierende-in-akuter-notlage-bis-ende-des-wintersemesters\/"},"wordCount":563,"publisher":{"@id":"https:\/\/radioleinewelle.de\/#organization"},"articleSection":["Universit\u00e4t"],"inLanguage":"de"},{"@type":"WebPage","@id":"https:\/\/radioleinewelle.de\/index.php\/2020\/11\/22\/zuschuss-fuer-studierende-in-akuter-notlage-bis-ende-des-wintersemesters\/","url":"https:\/\/radioleinewelle.de\/index.php\/2020\/11\/22\/zuschuss-fuer-studierende-in-akuter-notlage-bis-ende-des-wintersemesters\/","name":"Zuschuss f\u00fcr Studierende in akuter Notlage bis Ende des Wintersemesters - Radio Leinewelle","isPartOf":{"@id":"https:\/\/radioleinewelle.de\/#website"},"datePublished":"2020-11-22T04:23:15+00:00","breadcrumb":{"@id":"https:\/\/radioleinewelle.de\/index.php\/2020\/11\/22\/zuschuss-fuer-studierende-in-akuter-notlage-bis-ende-des-wintersemesters\/#breadcrumb"},"inLanguage":"de","potentialAction":[{"@type":"ReadAction","target":["https:\/\/radioleinewelle.de\/index.php\/2020\/11\/22\/zuschuss-fuer-studierende-in-akuter-notlage-bis-ende-des-wintersemesters\/"]}]},{"@type":"BreadcrumbList","@id":"https:\/\/radioleinewelle.de\/index.php\/2020\/11\/22\/zuschuss-fuer-studierende-in-akuter-notlage-bis-ende-des-wintersemesters\/#breadcrumb","itemListElement":[{"@type":"ListItem","position":1,"name":"Startseite","item":"https:\/\/radioleinewelle.de\/"},{"@type":"ListItem","position":2,"name":"Zuschuss f\u00fcr Studierende in akuter Notlage bis Ende des Wintersemesters"}]},{"@type":"WebSite","@id":"https:\/\/radioleinewelle.de\/#website","url":"https:\/\/radioleinewelle.de\/","name":"Radio Leinewelle","description":"","publisher":{"@id":"https:\/\/radioleinewelle.de\/#organization"},"potentialAction":[{"@type":"SearchAction","target":{"@type":"EntryPoint","urlTemplate":"https:\/\/radioleinewelle.de\/?s={search_term_string}"},"query-input":{"@type":"PropertyValueSpecification","valueRequired":true,"valueName":"search_term_string"}}],"inLanguage":"de"},{"@type":"Organization","@id":"https:\/\/radioleinewelle.de\/#organization","name":"Radio Leinewelle","alternateName":"Mein Radio f\u00fcr S\u00fcdniedersachsen","url":"https:\/\/radioleinewelle.de\/","logo":{"@type":"ImageObject","inLanguage":"de","@id":"https:\/\/radioleinewelle.de\/#\/schema\/logo\/image\/","url":"https:\/\/radioleinewelle.de\/wp-content\/uploads\/2023\/11\/cropped-Leinewelle_Logo_weiss.png","contentUrl":"https:\/\/radioleinewelle.de\/wp-content\/uploads\/2023\/11\/cropped-Leinewelle_Logo_weiss.png","width":854,"height":260,"caption":"Radio Leinewelle"},"image":{"@id":"https:\/\/radioleinewelle.de\/#\/schema\/logo\/image\/"},"sameAs":["https:\/\/www.facebook.com\/radioleinewelle","https:\/\/x.com\/RLeinewelle","https:\/\/www.instagram.com\/radioleinewelle\/?hl=de"]},{"@type":"Person","@id":"https:\/\/radioleinewelle.de\/#\/schema\/person\/45606f348637df637192dc1b68399a63","name":"Leinewelle","image":{"@type":"ImageObject","inLanguage":"de","@id":"https:\/\/secure.gravatar.com\/avatar\/05c9a17bc973052ee5d91549bd32fb4dd0dc85b7b85ae94b2e2b4943476bbea5?s=96&d=blank&r=g","url":"https:\/\/secure.gravatar.com\/avatar\/05c9a17bc973052ee5d91549bd32fb4dd0dc85b7b85ae94b2e2b4943476bbea5?s=96&d=blank&r=g","contentUrl":"https:\/\/secure.gravatar.com\/avatar\/05c9a17bc973052ee5d91549bd32fb4dd0dc85b7b85ae94b2e2b4943476bbea5?s=96&d=blank&r=g","caption":"Leinewelle"},"sameAs":["http:\/\/localhost\/radio%20leinewelle\/wordpress","https:\/\/www.facebook.com\/radioleinewelle","https:\/\/www.instagram.com\/radioleinewelle","https:\/\/x.com\/https:\/\/twitter.com\/RLeinewelle?ref_src=twsrcgoogletwcampserptwgrauthor","https:\/\/soundcloud.com\/foerderverein-lokalradio?utm_source=clipboard&utm_medium=text&utm_campaign=social_sharing"],"url":"https:\/\/radioleinewelle.de\/index.php\/author\/leinewelle\/"}]}},"_links":{"self":[{"href":"https:\/\/radioleinewelle.de\/index.php\/wp-json\/wp\/v2\/posts\/3083","targetHints":{"allow":["GET"]}}],"collection":[{"href":"https:\/\/radioleinewelle.de\/index.php\/wp-json\/wp\/v2\/posts"}],"about":[{"href":"https:\/\/radioleinewelle.de\/index.php\/wp-json\/wp\/v2\/types\/post"}],"author":[{"embeddable":true,"href":"https:\/\/radioleinewelle.de\/index.php\/wp-json\/wp\/v2\/users\/1"}],"replies":[{"embeddable":true,"href":"https:\/\/radioleinewelle.de\/index.php\/wp-json\/wp\/v2\/comments?post=3083"}],"version-history":[{"count":0,"href":"https:\/\/radioleinewelle.de\/index.php\/wp-json\/wp\/v2\/posts\/3083\/revisions"}],"wp:attachment":[{"href":"https:\/\/radioleinewelle.de\/index.php\/wp-json\/wp\/v2\/media?parent=3083"}],"wp:term":[{"taxonomy":"category","embeddable":true,"href":"https:\/\/radioleinewelle.de\/index.php\/wp-json\/wp\/v2\/categories?post=3083"},{"taxonomy":"post_tag","embeddable":true,"href":"https:\/\/radioleinewelle.de\/index.php\/wp-json\/wp\/v2\/tags?post=3083"}],"curies":[{"name":"wp","href":"https:\/\/api.w.org\/{rel}","templated":true}]}}