{"id":30982,"date":"2026-04-26T11:31:03","date_gmt":"2026-04-26T09:31:03","guid":{"rendered":"https:\/\/radioleinewelle.de\/?p=30982"},"modified":"2026-04-26T11:31:05","modified_gmt":"2026-04-26T09:31:05","slug":"palliativmedizin-der-umg-gemeinsam-trauerwege-gehen","status":"publish","type":"post","link":"https:\/\/radioleinewelle.de\/index.php\/2026\/04\/26\/palliativmedizin-der-umg-gemeinsam-trauerwege-gehen\/","title":{"rendered":"Palliativmedizin der UMG &#8211; Gemeinsam Trauerwege gehen"},"content":{"rendered":"\n<p>Sie trauern um einen geliebten Menschen und m\u00f6chten diesen Weg nicht alleine gehen? In einer kleinen, gesch\u00fctzten Gruppe (max. 10 Personen) begleiten wir Sie durch die Sommerzeit &#8211; mit Raum f\u00fcr Austausch, Erinnerungen und f\u00fcr das, was Sie bewegt.<br>Leitung: Trauerbegleiter*innen des Ehrenamtlichen Dienstes des Palliativzentrums<\/p>\n\n\n\n<p>Kostenbeitrag: 60 \u20ac, 30 \u20ac erm\u00e4\u00dfigt<br>&nbsp;Termine: 15.06., 22.06., 29.06., 06.07., 13.07., 27.07., 03.08., 10.08., 17.08., 24.08.<br>&nbsp;Ort: Mildred Scheel Akademie, Von-Siebold-Str. 3, 37075 G\u00f6ttingen<\/p>\n\n\n\n<p>Wir freuen uns \u00fcber Ihre Anmeldung bis zum 5.06.2026 &#8211; per Telefon, E-Mail <br><\/p>\n\n\n\n<div data-wp-interactive=\"core\/file\" class=\"wp-block-file\"><object data-wp-bind--hidden=\"!state.hasPdfPreview\" hidden class=\"wp-block-file__embed\" data=\"https:\/\/radioleinewelle.de\/wp-content\/uploads\/2026\/04\/Flyer_Sommertrauergruppe.pdf\" type=\"application\/pdf\" style=\"width:100%;height:600px\" aria-label=\"Einbettung von Flyer_Sommertrauergruppe.\"><\/object><a id=\"wp-block-file--media-8adbf737-004e-45f3-9911-dd1f77cc5f06\" href=\"https:\/\/radioleinewelle.de\/wp-content\/uploads\/2026\/04\/Flyer_Sommertrauergruppe.pdf\">Flyer_Sommertrauergruppe<\/a><a href=\"https:\/\/radioleinewelle.de\/wp-content\/uploads\/2026\/04\/Flyer_Sommertrauergruppe.pdf\" class=\"wp-block-file__button wp-element-button\" download aria-describedby=\"wp-block-file--media-8adbf737-004e-45f3-9911-dd1f77cc5f06\">Herunterladen<\/a><\/div>\n\n\n\n<p><a href=\"https:\/\/palliativmedizin.umg.eu\/patienten-besucher\/ehrenamtlicher-dienst\/anmeldeformular\/\">Anmeldeformular<\/a><\/p>\n\n\n\n<p>Ehrenamtlicher Dienst Palliativzentrum G\u00f6ttingen, UMG<br>Telefon 0551 \/ 39-60514<\/p>\n\n\n\n<p>trauerbegleitung.palliativzentrum(at)med.uni-goettingen.de<\/p>\n\n\n\n<p class=\"has-text-align-right has-small-font-size\">Bild von <a href=\"https:\/\/pixabay.com\/de\/users\/tuor-15754904\/?utm_source=link-attribution&amp;utm_medium=referral&amp;utm_campaign=image&amp;utm_content=5139139\">Tuor<\/a> auf <a href=\"https:\/\/pixabay.com\/de\/\/?utm_source=link-attribution&amp;utm_medium=referral&amp;utm_campaign=image&amp;utm_content=5139139\">Pixabay<\/a><\/p>\n","protected":false},"excerpt":{"rendered":"<p>Sie trauern um einen geliebten Menschen und m\u00f6chten diesen Weg nicht alleine gehen? In einer kleinen, gesch\u00fctzten Gruppe (max. 10 Personen) begleiten wir Sie durch die Sommerzeit &#8211; mit Raum f\u00fcr Austausch, Erinnerungen und f\u00fcr das, was Sie bewegt.Leitung: Trauerbegleiter*innen des Ehrenamtlichen Dienstes des Palliativzentrums Kostenbeitrag: 60 \u20ac, 30 \u20ac erm\u00e4\u00dfigt&nbsp;Termine: 15.06., 22.06., 29.06., 06.07., [&hellip;]<\/p>\n","protected":false},"author":6,"featured_media":31034,"comment_status":"open","ping_status":"open","sticky":false,"template":"","format":"standard","meta":{"saved_in_kubio":false,"footnotes":""},"categories":[53,41],"tags":[5060,4250,4180,5059,5061,5058],"class_list":["post-30982","post","type-post","status-publish","format-standard","has-post-thumbnail","hentry","category-gesellschaft","category-veranstaltungen","tag-mildred-scheel-akademie","tag-palliativmedizin-umg","tag-palliativzentrum-umg","tag-trauerbegleitung","tag-trauergruppe","tag-trauerwege"],"yoast_head":"<!-- This site is optimized with the Yoast SEO plugin v27.4 - https:\/\/yoast.com\/product\/yoast-seo-wordpress\/ -->\n<title>Palliativmedizin der UMG - Gemeinsam Trauerwege gehen - Radio Leinewelle<\/title>\n<meta name=\"description\" content=\"Palliativmedizin der UMG - Gemeinsam Trauerwege gehen\" \/>\n<meta name=\"robots\" content=\"index, follow, max-snippet:-1, max-image-preview:large, max-video-preview:-1\" \/>\n<link rel=\"canonical\" href=\"https:\/\/radioleinewelle.de\/index.php\/2026\/04\/26\/palliativmedizin-der-umg-gemeinsam-trauerwege-gehen\/\" \/>\n<meta property=\"og:locale\" content=\"de_DE\" \/>\n<meta property=\"og:type\" content=\"article\" \/>\n<meta property=\"og:title\" content=\"Palliativmedizin der UMG - Gemeinsam Trauerwege gehen - Radio Leinewelle\" \/>\n<meta property=\"og:description\" content=\"Palliativmedizin der UMG - Gemeinsam Trauerwege gehen\" \/>\n<meta property=\"og:url\" content=\"https:\/\/radioleinewelle.de\/index.php\/2026\/04\/26\/palliativmedizin-der-umg-gemeinsam-trauerwege-gehen\/\" \/>\n<meta property=\"og:site_name\" content=\"Radio Leinewelle\" \/>\n<meta property=\"article:publisher\" content=\"https:\/\/www.facebook.com\/radioleinewelle\" \/>\n<meta property=\"article:published_time\" content=\"2026-04-26T09:31:03+00:00\" \/>\n<meta property=\"article:modified_time\" content=\"2026-04-26T09:31:05+00:00\" \/>\n<meta property=\"og:image\" content=\"https:\/\/radioleinewelle.de\/wp-content\/uploads\/2026\/04\/tuor-sunset-5139139_1920.jpg\" \/>\n\t<meta property=\"og:image:width\" content=\"1920\" \/>\n\t<meta property=\"og:image:height\" content=\"1280\" \/>\n\t<meta property=\"og:image:type\" content=\"image\/jpeg\" \/>\n<meta name=\"author\" content=\"Ulf Engelmayer\" \/>\n<meta name=\"twitter:card\" content=\"summary_large_image\" \/>\n<meta name=\"twitter:creator\" content=\"@RLeinewelle\" \/>\n<meta name=\"twitter:site\" content=\"@RLeinewelle\" \/>\n<meta name=\"twitter:label1\" content=\"Verfasst von\" \/>\n\t<meta name=\"twitter:data1\" content=\"Ulf Engelmayer\" \/>\n\t<meta name=\"twitter:label2\" content=\"Gesch\u00e4tzte Lesezeit\" \/>\n\t<meta name=\"twitter:data2\" content=\"1\u00a0Minute\" \/>\n<script type=\"application\/ld+json\" class=\"yoast-schema-graph\">{\"@context\":\"https:\\\/\\\/schema.org\",\"@graph\":[{\"@type\":\"Article\",\"@id\":\"https:\\\/\\\/radioleinewelle.de\\\/index.php\\\/2026\\\/04\\\/26\\\/palliativmedizin-der-umg-gemeinsam-trauerwege-gehen\\\/#article\",\"isPartOf\":{\"@id\":\"https:\\\/\\\/radioleinewelle.de\\\/index.php\\\/2026\\\/04\\\/26\\\/palliativmedizin-der-umg-gemeinsam-trauerwege-gehen\\\/\"},\"author\":{\"name\":\"Ulf Engelmayer\",\"@id\":\"https:\\\/\\\/radioleinewelle.de\\\/#\\\/schema\\\/person\\\/57bad1d4e916f10da4e6763d01aec895\"},\"headline\":\"Palliativmedizin der UMG &#8211; Gemeinsam Trauerwege gehen\",\"datePublished\":\"2026-04-26T09:31:03+00:00\",\"dateModified\":\"2026-04-26T09:31:05+00:00\",\"mainEntityOfPage\":{\"@id\":\"https:\\\/\\\/radioleinewelle.de\\\/index.php\\\/2026\\\/04\\\/26\\\/palliativmedizin-der-umg-gemeinsam-trauerwege-gehen\\\/\"},\"wordCount\":104,\"commentCount\":0,\"publisher\":{\"@id\":\"https:\\\/\\\/radioleinewelle.de\\\/#organization\"},\"image\":{\"@id\":\"https:\\\/\\\/radioleinewelle.de\\\/index.php\\\/2026\\\/04\\\/26\\\/palliativmedizin-der-umg-gemeinsam-trauerwege-gehen\\\/#primaryimage\"},\"thumbnailUrl\":\"https:\\\/\\\/radioleinewelle.de\\\/wp-content\\\/uploads\\\/2026\\\/04\\\/tuor-sunset-5139139_1920.jpg\",\"keywords\":[\"Mildred Scheel Akademie\",\"Palliativmedizin UMG\",\"Palliativzentrum UMG\",\"Trauerbegleitung\",\"Trauergruppe\",\"Trauerwege\"],\"articleSection\":[\"Gesellschaft\",\"Veranstaltungen\"],\"inLanguage\":\"de\",\"potentialAction\":[{\"@type\":\"CommentAction\",\"name\":\"Comment\",\"target\":[\"https:\\\/\\\/radioleinewelle.de\\\/index.php\\\/2026\\\/04\\\/26\\\/palliativmedizin-der-umg-gemeinsam-trauerwege-gehen\\\/#respond\"]}]},{\"@type\":\"WebPage\",\"@id\":\"https:\\\/\\\/radioleinewelle.de\\\/index.php\\\/2026\\\/04\\\/26\\\/palliativmedizin-der-umg-gemeinsam-trauerwege-gehen\\\/\",\"url\":\"https:\\\/\\\/radioleinewelle.de\\\/index.php\\\/2026\\\/04\\\/26\\\/palliativmedizin-der-umg-gemeinsam-trauerwege-gehen\\\/\",\"name\":\"Palliativmedizin der UMG - Gemeinsam Trauerwege gehen - Radio Leinewelle\",\"isPartOf\":{\"@id\":\"https:\\\/\\\/radioleinewelle.de\\\/#website\"},\"primaryImageOfPage\":{\"@id\":\"https:\\\/\\\/radioleinewelle.de\\\/index.php\\\/2026\\\/04\\\/26\\\/palliativmedizin-der-umg-gemeinsam-trauerwege-gehen\\\/#primaryimage\"},\"image\":{\"@id\":\"https:\\\/\\\/radioleinewelle.de\\\/index.php\\\/2026\\\/04\\\/26\\\/palliativmedizin-der-umg-gemeinsam-trauerwege-gehen\\\/#primaryimage\"},\"thumbnailUrl\":\"https:\\\/\\\/radioleinewelle.de\\\/wp-content\\\/uploads\\\/2026\\\/04\\\/tuor-sunset-5139139_1920.jpg\",\"datePublished\":\"2026-04-26T09:31:03+00:00\",\"dateModified\":\"2026-04-26T09:31:05+00:00\",\"description\":\"Palliativmedizin der UMG - Gemeinsam Trauerwege gehen\",\"breadcrumb\":{\"@id\":\"https:\\\/\\\/radioleinewelle.de\\\/index.php\\\/2026\\\/04\\\/26\\\/palliativmedizin-der-umg-gemeinsam-trauerwege-gehen\\\/#breadcrumb\"},\"inLanguage\":\"de\",\"potentialAction\":[{\"@type\":\"ReadAction\",\"target\":[\"https:\\\/\\\/radioleinewelle.de\\\/index.php\\\/2026\\\/04\\\/26\\\/palliativmedizin-der-umg-gemeinsam-trauerwege-gehen\\\/\"]}]},{\"@type\":\"ImageObject\",\"inLanguage\":\"de\",\"@id\":\"https:\\\/\\\/radioleinewelle.de\\\/index.php\\\/2026\\\/04\\\/26\\\/palliativmedizin-der-umg-gemeinsam-trauerwege-gehen\\\/#primaryimage\",\"url\":\"https:\\\/\\\/radioleinewelle.de\\\/wp-content\\\/uploads\\\/2026\\\/04\\\/tuor-sunset-5139139_1920.jpg\",\"contentUrl\":\"https:\\\/\\\/radioleinewelle.de\\\/wp-content\\\/uploads\\\/2026\\\/04\\\/tuor-sunset-5139139_1920.jpg\",\"width\":1920,\"height\":1280},{\"@type\":\"BreadcrumbList\",\"@id\":\"https:\\\/\\\/radioleinewelle.de\\\/index.php\\\/2026\\\/04\\\/26\\\/palliativmedizin-der-umg-gemeinsam-trauerwege-gehen\\\/#breadcrumb\",\"itemListElement\":[{\"@type\":\"ListItem\",\"position\":1,\"name\":\"Startseite\",\"item\":\"https:\\\/\\\/radioleinewelle.de\\\/\"},{\"@type\":\"ListItem\",\"position\":2,\"name\":\"Palliativmedizin der UMG &#8211; Gemeinsam Trauerwege gehen\"}]},{\"@type\":\"WebSite\",\"@id\":\"https:\\\/\\\/radioleinewelle.de\\\/#website\",\"url\":\"https:\\\/\\\/radioleinewelle.de\\\/\",\"name\":\"Radio Leinewelle\",\"description\":\"\",\"publisher\":{\"@id\":\"https:\\\/\\\/radioleinewelle.de\\\/#organization\"},\"potentialAction\":[{\"@type\":\"SearchAction\",\"target\":{\"@type\":\"EntryPoint\",\"urlTemplate\":\"https:\\\/\\\/radioleinewelle.de\\\/?s={search_term_string}\"},\"query-input\":{\"@type\":\"PropertyValueSpecification\",\"valueRequired\":true,\"valueName\":\"search_term_string\"}}],\"inLanguage\":\"de\"},{\"@type\":\"Organization\",\"@id\":\"https:\\\/\\\/radioleinewelle.de\\\/#organization\",\"name\":\"Radio Leinewelle\",\"alternateName\":\"Mein Radio f\u00fcr S\u00fcdniedersachsen\",\"url\":\"https:\\\/\\\/radioleinewelle.de\\\/\",\"logo\":{\"@type\":\"ImageObject\",\"inLanguage\":\"de\",\"@id\":\"https:\\\/\\\/radioleinewelle.de\\\/#\\\/schema\\\/logo\\\/image\\\/\",\"url\":\"https:\\\/\\\/radioleinewelle.de\\\/wp-content\\\/uploads\\\/2023\\\/11\\\/cropped-Leinewelle_Logo_weiss.png\",\"contentUrl\":\"https:\\\/\\\/radioleinewelle.de\\\/wp-content\\\/uploads\\\/2023\\\/11\\\/cropped-Leinewelle_Logo_weiss.png\",\"width\":854,\"height\":260,\"caption\":\"Radio Leinewelle\"},\"image\":{\"@id\":\"https:\\\/\\\/radioleinewelle.de\\\/#\\\/schema\\\/logo\\\/image\\\/\"},\"sameAs\":[\"https:\\\/\\\/www.facebook.com\\\/radioleinewelle\",\"https:\\\/\\\/x.com\\\/RLeinewelle\",\"https:\\\/\\\/www.instagram.com\\\/radioleinewelle\\\/?hl=de\"]},{\"@type\":\"Person\",\"@id\":\"https:\\\/\\\/radioleinewelle.de\\\/#\\\/schema\\\/person\\\/57bad1d4e916f10da4e6763d01aec895\",\"name\":\"Ulf Engelmayer\",\"image\":{\"@type\":\"ImageObject\",\"inLanguage\":\"de\",\"@id\":\"https:\\\/\\\/secure.gravatar.com\\\/avatar\\\/f056d5d62beaff9b66570d67e3e698ea7ff6463d140c80fc667a56e338ecf046?s=96&d=blank&r=g\",\"url\":\"https:\\\/\\\/secure.gravatar.com\\\/avatar\\\/f056d5d62beaff9b66570d67e3e698ea7ff6463d140c80fc667a56e338ecf046?s=96&d=blank&r=g\",\"contentUrl\":\"https:\\\/\\\/secure.gravatar.com\\\/avatar\\\/f056d5d62beaff9b66570d67e3e698ea7ff6463d140c80fc667a56e338ecf046?s=96&d=blank&r=g\",\"caption\":\"Ulf Engelmayer\"},\"url\":\"https:\\\/\\\/radioleinewelle.de\\\/index.php\\\/author\\\/ulf-engelmayer\\\/\"}]}<\/script>\n<!-- \/ Yoast SEO plugin. -->","yoast_head_json":{"title":"Palliativmedizin der UMG - Gemeinsam Trauerwege gehen - Radio Leinewelle","description":"Palliativmedizin der UMG - Gemeinsam Trauerwege gehen","robots":{"index":"index","follow":"follow","max-snippet":"max-snippet:-1","max-image-preview":"max-image-preview:large","max-video-preview":"max-video-preview:-1"},"canonical":"https:\/\/radioleinewelle.de\/index.php\/2026\/04\/26\/palliativmedizin-der-umg-gemeinsam-trauerwege-gehen\/","og_locale":"de_DE","og_type":"article","og_title":"Palliativmedizin der UMG - Gemeinsam Trauerwege gehen - Radio Leinewelle","og_description":"Palliativmedizin der UMG - Gemeinsam Trauerwege gehen","og_url":"https:\/\/radioleinewelle.de\/index.php\/2026\/04\/26\/palliativmedizin-der-umg-gemeinsam-trauerwege-gehen\/","og_site_name":"Radio Leinewelle","article_publisher":"https:\/\/www.facebook.com\/radioleinewelle","article_published_time":"2026-04-26T09:31:03+00:00","article_modified_time":"2026-04-26T09:31:05+00:00","og_image":[{"width":1920,"height":1280,"url":"https:\/\/radioleinewelle.de\/wp-content\/uploads\/2026\/04\/tuor-sunset-5139139_1920.jpg","type":"image\/jpeg"}],"author":"Ulf Engelmayer","twitter_card":"summary_large_image","twitter_creator":"@RLeinewelle","twitter_site":"@RLeinewelle","twitter_misc":{"Verfasst von":"Ulf Engelmayer","Gesch\u00e4tzte Lesezeit":"1\u00a0Minute"},"schema":{"@context":"https:\/\/schema.org","@graph":[{"@type":"Article","@id":"https:\/\/radioleinewelle.de\/index.php\/2026\/04\/26\/palliativmedizin-der-umg-gemeinsam-trauerwege-gehen\/#article","isPartOf":{"@id":"https:\/\/radioleinewelle.de\/index.php\/2026\/04\/26\/palliativmedizin-der-umg-gemeinsam-trauerwege-gehen\/"},"author":{"name":"Ulf Engelmayer","@id":"https:\/\/radioleinewelle.de\/#\/schema\/person\/57bad1d4e916f10da4e6763d01aec895"},"headline":"Palliativmedizin der UMG &#8211; Gemeinsam Trauerwege gehen","datePublished":"2026-04-26T09:31:03+00:00","dateModified":"2026-04-26T09:31:05+00:00","mainEntityOfPage":{"@id":"https:\/\/radioleinewelle.de\/index.php\/2026\/04\/26\/palliativmedizin-der-umg-gemeinsam-trauerwege-gehen\/"},"wordCount":104,"commentCount":0,"publisher":{"@id":"https:\/\/radioleinewelle.de\/#organization"},"image":{"@id":"https:\/\/radioleinewelle.de\/index.php\/2026\/04\/26\/palliativmedizin-der-umg-gemeinsam-trauerwege-gehen\/#primaryimage"},"thumbnailUrl":"https:\/\/radioleinewelle.de\/wp-content\/uploads\/2026\/04\/tuor-sunset-5139139_1920.jpg","keywords":["Mildred Scheel Akademie","Palliativmedizin UMG","Palliativzentrum UMG","Trauerbegleitung","Trauergruppe","Trauerwege"],"articleSection":["Gesellschaft","Veranstaltungen"],"inLanguage":"de","potentialAction":[{"@type":"CommentAction","name":"Comment","target":["https:\/\/radioleinewelle.de\/index.php\/2026\/04\/26\/palliativmedizin-der-umg-gemeinsam-trauerwege-gehen\/#respond"]}]},{"@type":"WebPage","@id":"https:\/\/radioleinewelle.de\/index.php\/2026\/04\/26\/palliativmedizin-der-umg-gemeinsam-trauerwege-gehen\/","url":"https:\/\/radioleinewelle.de\/index.php\/2026\/04\/26\/palliativmedizin-der-umg-gemeinsam-trauerwege-gehen\/","name":"Palliativmedizin der UMG - Gemeinsam Trauerwege gehen - Radio Leinewelle","isPartOf":{"@id":"https:\/\/radioleinewelle.de\/#website"},"primaryImageOfPage":{"@id":"https:\/\/radioleinewelle.de\/index.php\/2026\/04\/26\/palliativmedizin-der-umg-gemeinsam-trauerwege-gehen\/#primaryimage"},"image":{"@id":"https:\/\/radioleinewelle.de\/index.php\/2026\/04\/26\/palliativmedizin-der-umg-gemeinsam-trauerwege-gehen\/#primaryimage"},"thumbnailUrl":"https:\/\/radioleinewelle.de\/wp-content\/uploads\/2026\/04\/tuor-sunset-5139139_1920.jpg","datePublished":"2026-04-26T09:31:03+00:00","dateModified":"2026-04-26T09:31:05+00:00","description":"Palliativmedizin der UMG - Gemeinsam Trauerwege gehen","breadcrumb":{"@id":"https:\/\/radioleinewelle.de\/index.php\/2026\/04\/26\/palliativmedizin-der-umg-gemeinsam-trauerwege-gehen\/#breadcrumb"},"inLanguage":"de","potentialAction":[{"@type":"ReadAction","target":["https:\/\/radioleinewelle.de\/index.php\/2026\/04\/26\/palliativmedizin-der-umg-gemeinsam-trauerwege-gehen\/"]}]},{"@type":"ImageObject","inLanguage":"de","@id":"https:\/\/radioleinewelle.de\/index.php\/2026\/04\/26\/palliativmedizin-der-umg-gemeinsam-trauerwege-gehen\/#primaryimage","url":"https:\/\/radioleinewelle.de\/wp-content\/uploads\/2026\/04\/tuor-sunset-5139139_1920.jpg","contentUrl":"https:\/\/radioleinewelle.de\/wp-content\/uploads\/2026\/04\/tuor-sunset-5139139_1920.jpg","width":1920,"height":1280},{"@type":"BreadcrumbList","@id":"https:\/\/radioleinewelle.de\/index.php\/2026\/04\/26\/palliativmedizin-der-umg-gemeinsam-trauerwege-gehen\/#breadcrumb","itemListElement":[{"@type":"ListItem","position":1,"name":"Startseite","item":"https:\/\/radioleinewelle.de\/"},{"@type":"ListItem","position":2,"name":"Palliativmedizin der UMG &#8211; Gemeinsam Trauerwege gehen"}]},{"@type":"WebSite","@id":"https:\/\/radioleinewelle.de\/#website","url":"https:\/\/radioleinewelle.de\/","name":"Radio Leinewelle","description":"","publisher":{"@id":"https:\/\/radioleinewelle.de\/#organization"},"potentialAction":[{"@type":"SearchAction","target":{"@type":"EntryPoint","urlTemplate":"https:\/\/radioleinewelle.de\/?s={search_term_string}"},"query-input":{"@type":"PropertyValueSpecification","valueRequired":true,"valueName":"search_term_string"}}],"inLanguage":"de"},{"@type":"Organization","@id":"https:\/\/radioleinewelle.de\/#organization","name":"Radio Leinewelle","alternateName":"Mein Radio f\u00fcr S\u00fcdniedersachsen","url":"https:\/\/radioleinewelle.de\/","logo":{"@type":"ImageObject","inLanguage":"de","@id":"https:\/\/radioleinewelle.de\/#\/schema\/logo\/image\/","url":"https:\/\/radioleinewelle.de\/wp-content\/uploads\/2023\/11\/cropped-Leinewelle_Logo_weiss.png","contentUrl":"https:\/\/radioleinewelle.de\/wp-content\/uploads\/2023\/11\/cropped-Leinewelle_Logo_weiss.png","width":854,"height":260,"caption":"Radio Leinewelle"},"image":{"@id":"https:\/\/radioleinewelle.de\/#\/schema\/logo\/image\/"},"sameAs":["https:\/\/www.facebook.com\/radioleinewelle","https:\/\/x.com\/RLeinewelle","https:\/\/www.instagram.com\/radioleinewelle\/?hl=de"]},{"@type":"Person","@id":"https:\/\/radioleinewelle.de\/#\/schema\/person\/57bad1d4e916f10da4e6763d01aec895","name":"Ulf Engelmayer","image":{"@type":"ImageObject","inLanguage":"de","@id":"https:\/\/secure.gravatar.com\/avatar\/f056d5d62beaff9b66570d67e3e698ea7ff6463d140c80fc667a56e338ecf046?s=96&d=blank&r=g","url":"https:\/\/secure.gravatar.com\/avatar\/f056d5d62beaff9b66570d67e3e698ea7ff6463d140c80fc667a56e338ecf046?s=96&d=blank&r=g","contentUrl":"https:\/\/secure.gravatar.com\/avatar\/f056d5d62beaff9b66570d67e3e698ea7ff6463d140c80fc667a56e338ecf046?s=96&d=blank&r=g","caption":"Ulf Engelmayer"},"url":"https:\/\/radioleinewelle.de\/index.php\/author\/ulf-engelmayer\/"}]}},"_links":{"self":[{"href":"https:\/\/radioleinewelle.de\/index.php\/wp-json\/wp\/v2\/posts\/30982","targetHints":{"allow":["GET"]}}],"collection":[{"href":"https:\/\/radioleinewelle.de\/index.php\/wp-json\/wp\/v2\/posts"}],"about":[{"href":"https:\/\/radioleinewelle.de\/index.php\/wp-json\/wp\/v2\/types\/post"}],"author":[{"embeddable":true,"href":"https:\/\/radioleinewelle.de\/index.php\/wp-json\/wp\/v2\/users\/6"}],"replies":[{"embeddable":true,"href":"https:\/\/radioleinewelle.de\/index.php\/wp-json\/wp\/v2\/comments?post=30982"}],"version-history":[{"count":5,"href":"https:\/\/radioleinewelle.de\/index.php\/wp-json\/wp\/v2\/posts\/30982\/revisions"}],"predecessor-version":[{"id":31035,"href":"https:\/\/radioleinewelle.de\/index.php\/wp-json\/wp\/v2\/posts\/30982\/revisions\/31035"}],"wp:featuredmedia":[{"embeddable":true,"href":"https:\/\/radioleinewelle.de\/index.php\/wp-json\/wp\/v2\/media\/31034"}],"wp:attachment":[{"href":"https:\/\/radioleinewelle.de\/index.php\/wp-json\/wp\/v2\/media?parent=30982"}],"wp:term":[{"taxonomy":"category","embeddable":true,"href":"https:\/\/radioleinewelle.de\/index.php\/wp-json\/wp\/v2\/categories?post=30982"},{"taxonomy":"post_tag","embeddable":true,"href":"https:\/\/radioleinewelle.de\/index.php\/wp-json\/wp\/v2\/tags?post=30982"}],"curies":[{"name":"wp","href":"https:\/\/api.w.org\/{rel}","templated":true}]}}