{"id":3099,"date":"2020-11-23T05:10:05","date_gmt":"2020-11-23T04:10:05","guid":{"rendered":"https:\/\/radioleinewelle.de\/?p=3099"},"modified":"2020-11-23T05:10:05","modified_gmt":"2020-11-23T04:10:05","slug":"start-der-dorffunk-app-in-ganz-gleichen","status":"publish","type":"post","link":"https:\/\/radioleinewelle.de\/index.php\/2020\/11\/23\/start-der-dorffunk-app-in-ganz-gleichen\/","title":{"rendered":"Start der DorfFunk-App in ganz Gleichen"},"content":{"rendered":"<p>Ab sofort kann die Die DorfFunk-App in der ganzen Gemeinde Gleichen genutzt werden. Die App DorfFunk kann unter\u00a0<a title=\"Website www.dorf.app \u00f6ffnet in neuem Fenster\" href=\"https:\/\/www.digitale-doerfer.de\/mitfunken\/\" target=\"_blank\" rel=\"noopener noreferrer\">www.dorf.app<\/a>\u00a0heruntergeladen werden. Einwohner*innen der Gemeinde Gleichen k\u00f6nnen in der App ihr Dorf ausw\u00e4hlen und bestimmen, ob sie Informationen aus den anderen D\u00f6rfern der Gemeinde ebenfalls abonnieren wollen.<\/p>\n<p>Mit der App treten die Menschen in der Gemeinde leichter miteinander in Kontakt, organisieren Nachbarschaftshilfe und teilen Informationen. Auf der angegliederten DorfPages (<a title=\"Website gleichen.digital \u00f6ffnet in neuem Fenster\" href=\"https:\/\/www.gleichen.digital\/\" target=\"_blank\" rel=\"noopener noreferrer\">www.gleichen.digital<\/a>) k\u00f6nnen Gemeinde, Ortsr\u00e4te, Vereine, Kirchengemeinden etc. Informationen schnell und unkompliziert einstellen und Nachrichten und Termine direkt \u00fcber den DorfFunk und den Digitalen Schaukasten mit den B\u00fcrger*innen teilen. Nachdem der Digitale Schaukasten im Dorfladen Bremke am 08. Juli feierlich eingeweiht wurde, planen auch weitere D\u00f6rfer einen Schaukasten zu installieren. In Zukunft werden dar\u00fcber sowohl individuelle Nachrichten aus den einzelnen D\u00f6rfern als auch allgemeine Informationen von der Gemeinde ausgespielt.<\/p>\n<p>F\u00fcr die Bewohner*innen der Gemeinde Gleichen bietet das Projekt bremke.digital noch eine Online-Sprechstunden zum DorfFunk an:<\/p>\n<ul>\n<li>24.11. 18:00 \u2013 19:00 0551-2002-339<\/li>\n<\/ul>\n<p>\u201eMit gleichen.digital bringen wir die Menschen in der Gemeinde Gleichen auch in Zeiten physischer Distanz ein St\u00fcck n\u00e4her zusammen,\u201c sagt Manfred Kuhlmann, B\u00fcrgermeister der Einheitsgemeinde Gleichen, die die Finanzierung der App \u00fcbernimmt. \u201eDas Interesse ist gro\u00df und mithilfe des ehrenamtlichen Arbeitskreises k\u00f6nnen wir gemeinsam mit den Menschen vor Ort die Weiterentwicklung unseres Modellprojekts bremke.digital gestalten und so den Zugang zu digitalen Medien, wichtigen Informationen und sozialer Gemeinschaft trotz Corona erm\u00f6glichen,\u201c erg\u00e4nzt Dr. Carola Croll, Regionalb\u00fcro G\u00f6ttingen der Stiftung Digitale Chancen.<\/p>\n<p>Foto: \u00a9Radio Leinewelle (ue)<\/p>\n","protected":false},"excerpt":{"rendered":"<p>Ab sofort kann die Die DorfFunk-App in der ganzen Gemeinde Gleichen genutzt werden. Die App DorfFunk kann unter\u00a0www.dorf.app\u00a0heruntergeladen werden. Einwohner*innen der Gemeinde Gleichen k\u00f6nnen in der App ihr Dorf ausw\u00e4hlen und bestimmen, ob sie Informationen aus den anderen D\u00f6rfern der Gemeinde ebenfalls abonnieren wollen. Mit der App treten die Menschen in der Gemeinde leichter miteinander [&hellip;]<\/p>\n","protected":false},"author":1,"featured_media":3101,"comment_status":"closed","ping_status":"closed","sticky":false,"template":"","format":"standard","meta":{"saved_in_kubio":false,"footnotes":""},"categories":[39],"tags":[],"class_list":["post-3099","post","type-post","status-publish","format-standard","has-post-thumbnail","hentry","category-lokalpolitik"],"yoast_head":"<!-- This site is optimized with the Yoast SEO plugin v27.5 - https:\/\/yoast.com\/product\/yoast-seo-wordpress\/ -->\n<title>Start der DorfFunk-App in ganz Gleichen - Radio Leinewelle<\/title>\n<meta name=\"robots\" content=\"index, follow, max-snippet:-1, max-image-preview:large, max-video-preview:-1\" \/>\n<link rel=\"canonical\" href=\"https:\/\/radioleinewelle.de\/index.php\/2020\/11\/23\/start-der-dorffunk-app-in-ganz-gleichen\/\" \/>\n<meta property=\"og:locale\" content=\"de_DE\" \/>\n<meta property=\"og:type\" content=\"article\" \/>\n<meta property=\"og:title\" content=\"Start der DorfFunk-App in ganz Gleichen - Radio Leinewelle\" \/>\n<meta property=\"og:description\" content=\"Ab sofort kann die Die DorfFunk-App in der ganzen Gemeinde Gleichen genutzt werden. Die App DorfFunk kann unter\u00a0www.dorf.app\u00a0heruntergeladen werden. Einwohner*innen der Gemeinde Gleichen k\u00f6nnen in der App ihr Dorf ausw\u00e4hlen und bestimmen, ob sie Informationen aus den anderen D\u00f6rfern der Gemeinde ebenfalls abonnieren wollen. Mit der App treten die Menschen in der Gemeinde leichter miteinander [&hellip;]\" \/>\n<meta property=\"og:url\" content=\"https:\/\/radioleinewelle.de\/index.php\/2020\/11\/23\/start-der-dorffunk-app-in-ganz-gleichen\/\" \/>\n<meta property=\"og:site_name\" content=\"Radio Leinewelle\" \/>\n<meta property=\"article:publisher\" content=\"https:\/\/www.facebook.com\/radioleinewelle\" \/>\n<meta property=\"article:author\" content=\"https:\/\/www.facebook.com\/radioleinewelle\" \/>\n<meta property=\"article:published_time\" content=\"2020-11-23T04:10:05+00:00\" \/>\n<meta property=\"og:image\" content=\"https:\/\/radioleinewelle.de\/wp-content\/uploads\/2020\/11\/Gleichen-e1606078425803.jpg\" \/>\n\t<meta property=\"og:image:width\" content=\"600\" \/>\n\t<meta property=\"og:image:height\" content=\"450\" \/>\n\t<meta property=\"og:image:type\" content=\"image\/jpeg\" \/>\n<meta name=\"author\" content=\"Leinewelle\" \/>\n<meta name=\"twitter:card\" content=\"summary_large_image\" \/>\n<meta name=\"twitter:creator\" content=\"@https:\/\/twitter.com\/RLeinewelle?ref_src=twsrcgoogletwcampserptwgrauthor\" \/>\n<meta name=\"twitter:site\" content=\"@RLeinewelle\" \/>\n<meta name=\"twitter:label1\" content=\"Verfasst von\" \/>\n\t<meta name=\"twitter:data1\" content=\"Leinewelle\" \/>\n\t<meta name=\"twitter:label2\" content=\"Gesch\u00e4tzte Lesezeit\" \/>\n\t<meta name=\"twitter:data2\" content=\"1\u00a0Minute\" \/>\n<script type=\"application\/ld+json\" class=\"yoast-schema-graph\">{\"@context\":\"https:\\\/\\\/schema.org\",\"@graph\":[{\"@type\":\"Article\",\"@id\":\"https:\\\/\\\/radioleinewelle.de\\\/index.php\\\/2020\\\/11\\\/23\\\/start-der-dorffunk-app-in-ganz-gleichen\\\/#article\",\"isPartOf\":{\"@id\":\"https:\\\/\\\/radioleinewelle.de\\\/index.php\\\/2020\\\/11\\\/23\\\/start-der-dorffunk-app-in-ganz-gleichen\\\/\"},\"author\":{\"name\":\"Leinewelle\",\"@id\":\"https:\\\/\\\/radioleinewelle.de\\\/#\\\/schema\\\/person\\\/45606f348637df637192dc1b68399a63\"},\"headline\":\"Start der DorfFunk-App in ganz Gleichen\",\"datePublished\":\"2020-11-23T04:10:05+00:00\",\"mainEntityOfPage\":{\"@id\":\"https:\\\/\\\/radioleinewelle.de\\\/index.php\\\/2020\\\/11\\\/23\\\/start-der-dorffunk-app-in-ganz-gleichen\\\/\"},\"wordCount\":271,\"publisher\":{\"@id\":\"https:\\\/\\\/radioleinewelle.de\\\/#organization\"},\"image\":{\"@id\":\"https:\\\/\\\/radioleinewelle.de\\\/index.php\\\/2020\\\/11\\\/23\\\/start-der-dorffunk-app-in-ganz-gleichen\\\/#primaryimage\"},\"thumbnailUrl\":\"https:\\\/\\\/radioleinewelle.de\\\/wp-content\\\/uploads\\\/2020\\\/11\\\/Gleichen-e1606078425803.jpg\",\"articleSection\":[\"Lokalpolitik\"],\"inLanguage\":\"de\"},{\"@type\":\"WebPage\",\"@id\":\"https:\\\/\\\/radioleinewelle.de\\\/index.php\\\/2020\\\/11\\\/23\\\/start-der-dorffunk-app-in-ganz-gleichen\\\/\",\"url\":\"https:\\\/\\\/radioleinewelle.de\\\/index.php\\\/2020\\\/11\\\/23\\\/start-der-dorffunk-app-in-ganz-gleichen\\\/\",\"name\":\"Start der DorfFunk-App in ganz Gleichen - Radio Leinewelle\",\"isPartOf\":{\"@id\":\"https:\\\/\\\/radioleinewelle.de\\\/#website\"},\"primaryImageOfPage\":{\"@id\":\"https:\\\/\\\/radioleinewelle.de\\\/index.php\\\/2020\\\/11\\\/23\\\/start-der-dorffunk-app-in-ganz-gleichen\\\/#primaryimage\"},\"image\":{\"@id\":\"https:\\\/\\\/radioleinewelle.de\\\/index.php\\\/2020\\\/11\\\/23\\\/start-der-dorffunk-app-in-ganz-gleichen\\\/#primaryimage\"},\"thumbnailUrl\":\"https:\\\/\\\/radioleinewelle.de\\\/wp-content\\\/uploads\\\/2020\\\/11\\\/Gleichen-e1606078425803.jpg\",\"datePublished\":\"2020-11-23T04:10:05+00:00\",\"breadcrumb\":{\"@id\":\"https:\\\/\\\/radioleinewelle.de\\\/index.php\\\/2020\\\/11\\\/23\\\/start-der-dorffunk-app-in-ganz-gleichen\\\/#breadcrumb\"},\"inLanguage\":\"de\",\"potentialAction\":[{\"@type\":\"ReadAction\",\"target\":[\"https:\\\/\\\/radioleinewelle.de\\\/index.php\\\/2020\\\/11\\\/23\\\/start-der-dorffunk-app-in-ganz-gleichen\\\/\"]}]},{\"@type\":\"ImageObject\",\"inLanguage\":\"de\",\"@id\":\"https:\\\/\\\/radioleinewelle.de\\\/index.php\\\/2020\\\/11\\\/23\\\/start-der-dorffunk-app-in-ganz-gleichen\\\/#primaryimage\",\"url\":\"https:\\\/\\\/radioleinewelle.de\\\/wp-content\\\/uploads\\\/2020\\\/11\\\/Gleichen-e1606078425803.jpg\",\"contentUrl\":\"https:\\\/\\\/radioleinewelle.de\\\/wp-content\\\/uploads\\\/2020\\\/11\\\/Gleichen-e1606078425803.jpg\",\"width\":600,\"height\":450},{\"@type\":\"BreadcrumbList\",\"@id\":\"https:\\\/\\\/radioleinewelle.de\\\/index.php\\\/2020\\\/11\\\/23\\\/start-der-dorffunk-app-in-ganz-gleichen\\\/#breadcrumb\",\"itemListElement\":[{\"@type\":\"ListItem\",\"position\":1,\"name\":\"Startseite\",\"item\":\"https:\\\/\\\/radioleinewelle.de\\\/\"},{\"@type\":\"ListItem\",\"position\":2,\"name\":\"Start der DorfFunk-App in ganz Gleichen\"}]},{\"@type\":\"WebSite\",\"@id\":\"https:\\\/\\\/radioleinewelle.de\\\/#website\",\"url\":\"https:\\\/\\\/radioleinewelle.de\\\/\",\"name\":\"Radio Leinewelle\",\"description\":\"\",\"publisher\":{\"@id\":\"https:\\\/\\\/radioleinewelle.de\\\/#organization\"},\"potentialAction\":[{\"@type\":\"SearchAction\",\"target\":{\"@type\":\"EntryPoint\",\"urlTemplate\":\"https:\\\/\\\/radioleinewelle.de\\\/?s={search_term_string}\"},\"query-input\":{\"@type\":\"PropertyValueSpecification\",\"valueRequired\":true,\"valueName\":\"search_term_string\"}}],\"inLanguage\":\"de\"},{\"@type\":\"Organization\",\"@id\":\"https:\\\/\\\/radioleinewelle.de\\\/#organization\",\"name\":\"Radio Leinewelle\",\"alternateName\":\"Mein Radio f\u00fcr S\u00fcdniedersachsen\",\"url\":\"https:\\\/\\\/radioleinewelle.de\\\/\",\"logo\":{\"@type\":\"ImageObject\",\"inLanguage\":\"de\",\"@id\":\"https:\\\/\\\/radioleinewelle.de\\\/#\\\/schema\\\/logo\\\/image\\\/\",\"url\":\"https:\\\/\\\/radioleinewelle.de\\\/wp-content\\\/uploads\\\/2023\\\/11\\\/cropped-Leinewelle_Logo_weiss.png\",\"contentUrl\":\"https:\\\/\\\/radioleinewelle.de\\\/wp-content\\\/uploads\\\/2023\\\/11\\\/cropped-Leinewelle_Logo_weiss.png\",\"width\":854,\"height\":260,\"caption\":\"Radio Leinewelle\"},\"image\":{\"@id\":\"https:\\\/\\\/radioleinewelle.de\\\/#\\\/schema\\\/logo\\\/image\\\/\"},\"sameAs\":[\"https:\\\/\\\/www.facebook.com\\\/radioleinewelle\",\"https:\\\/\\\/x.com\\\/RLeinewelle\",\"https:\\\/\\\/www.instagram.com\\\/radioleinewelle\\\/?hl=de\"]},{\"@type\":\"Person\",\"@id\":\"https:\\\/\\\/radioleinewelle.de\\\/#\\\/schema\\\/person\\\/45606f348637df637192dc1b68399a63\",\"name\":\"Leinewelle\",\"image\":{\"@type\":\"ImageObject\",\"inLanguage\":\"de\",\"@id\":\"https:\\\/\\\/secure.gravatar.com\\\/avatar\\\/05c9a17bc973052ee5d91549bd32fb4dd0dc85b7b85ae94b2e2b4943476bbea5?s=96&d=blank&r=g\",\"url\":\"https:\\\/\\\/secure.gravatar.com\\\/avatar\\\/05c9a17bc973052ee5d91549bd32fb4dd0dc85b7b85ae94b2e2b4943476bbea5?s=96&d=blank&r=g\",\"contentUrl\":\"https:\\\/\\\/secure.gravatar.com\\\/avatar\\\/05c9a17bc973052ee5d91549bd32fb4dd0dc85b7b85ae94b2e2b4943476bbea5?s=96&d=blank&r=g\",\"caption\":\"Leinewelle\"},\"sameAs\":[\"http:\\\/\\\/localhost\\\/radio%20leinewelle\\\/wordpress\",\"https:\\\/\\\/www.facebook.com\\\/radioleinewelle\",\"https:\\\/\\\/www.instagram.com\\\/radioleinewelle\",\"https:\\\/\\\/x.com\\\/https:\\\/\\\/twitter.com\\\/RLeinewelle?ref_src=twsrcgoogletwcampserptwgrauthor\",\"https:\\\/\\\/soundcloud.com\\\/foerderverein-lokalradio?utm_source=clipboard&utm_medium=text&utm_campaign=social_sharing\"],\"url\":\"https:\\\/\\\/radioleinewelle.de\\\/index.php\\\/author\\\/leinewelle\\\/\"}]}<\/script>\n<!-- \/ Yoast SEO plugin. -->","yoast_head_json":{"title":"Start der DorfFunk-App in ganz Gleichen - Radio Leinewelle","robots":{"index":"index","follow":"follow","max-snippet":"max-snippet:-1","max-image-preview":"max-image-preview:large","max-video-preview":"max-video-preview:-1"},"canonical":"https:\/\/radioleinewelle.de\/index.php\/2020\/11\/23\/start-der-dorffunk-app-in-ganz-gleichen\/","og_locale":"de_DE","og_type":"article","og_title":"Start der DorfFunk-App in ganz Gleichen - Radio Leinewelle","og_description":"Ab sofort kann die Die DorfFunk-App in der ganzen Gemeinde Gleichen genutzt werden. Die App DorfFunk kann unter\u00a0www.dorf.app\u00a0heruntergeladen werden. Einwohner*innen der Gemeinde Gleichen k\u00f6nnen in der App ihr Dorf ausw\u00e4hlen und bestimmen, ob sie Informationen aus den anderen D\u00f6rfern der Gemeinde ebenfalls abonnieren wollen. Mit der App treten die Menschen in der Gemeinde leichter miteinander [&hellip;]","og_url":"https:\/\/radioleinewelle.de\/index.php\/2020\/11\/23\/start-der-dorffunk-app-in-ganz-gleichen\/","og_site_name":"Radio Leinewelle","article_publisher":"https:\/\/www.facebook.com\/radioleinewelle","article_author":"https:\/\/www.facebook.com\/radioleinewelle","article_published_time":"2020-11-23T04:10:05+00:00","og_image":[{"width":600,"height":450,"url":"https:\/\/radioleinewelle.de\/wp-content\/uploads\/2020\/11\/Gleichen-e1606078425803.jpg","type":"image\/jpeg"}],"author":"Leinewelle","twitter_card":"summary_large_image","twitter_creator":"@https:\/\/twitter.com\/RLeinewelle?ref_src=twsrcgoogletwcampserptwgrauthor","twitter_site":"@RLeinewelle","twitter_misc":{"Verfasst von":"Leinewelle","Gesch\u00e4tzte Lesezeit":"1\u00a0Minute"},"schema":{"@context":"https:\/\/schema.org","@graph":[{"@type":"Article","@id":"https:\/\/radioleinewelle.de\/index.php\/2020\/11\/23\/start-der-dorffunk-app-in-ganz-gleichen\/#article","isPartOf":{"@id":"https:\/\/radioleinewelle.de\/index.php\/2020\/11\/23\/start-der-dorffunk-app-in-ganz-gleichen\/"},"author":{"name":"Leinewelle","@id":"https:\/\/radioleinewelle.de\/#\/schema\/person\/45606f348637df637192dc1b68399a63"},"headline":"Start der DorfFunk-App in ganz Gleichen","datePublished":"2020-11-23T04:10:05+00:00","mainEntityOfPage":{"@id":"https:\/\/radioleinewelle.de\/index.php\/2020\/11\/23\/start-der-dorffunk-app-in-ganz-gleichen\/"},"wordCount":271,"publisher":{"@id":"https:\/\/radioleinewelle.de\/#organization"},"image":{"@id":"https:\/\/radioleinewelle.de\/index.php\/2020\/11\/23\/start-der-dorffunk-app-in-ganz-gleichen\/#primaryimage"},"thumbnailUrl":"https:\/\/radioleinewelle.de\/wp-content\/uploads\/2020\/11\/Gleichen-e1606078425803.jpg","articleSection":["Lokalpolitik"],"inLanguage":"de"},{"@type":"WebPage","@id":"https:\/\/radioleinewelle.de\/index.php\/2020\/11\/23\/start-der-dorffunk-app-in-ganz-gleichen\/","url":"https:\/\/radioleinewelle.de\/index.php\/2020\/11\/23\/start-der-dorffunk-app-in-ganz-gleichen\/","name":"Start der DorfFunk-App in ganz Gleichen - Radio Leinewelle","isPartOf":{"@id":"https:\/\/radioleinewelle.de\/#website"},"primaryImageOfPage":{"@id":"https:\/\/radioleinewelle.de\/index.php\/2020\/11\/23\/start-der-dorffunk-app-in-ganz-gleichen\/#primaryimage"},"image":{"@id":"https:\/\/radioleinewelle.de\/index.php\/2020\/11\/23\/start-der-dorffunk-app-in-ganz-gleichen\/#primaryimage"},"thumbnailUrl":"https:\/\/radioleinewelle.de\/wp-content\/uploads\/2020\/11\/Gleichen-e1606078425803.jpg","datePublished":"2020-11-23T04:10:05+00:00","breadcrumb":{"@id":"https:\/\/radioleinewelle.de\/index.php\/2020\/11\/23\/start-der-dorffunk-app-in-ganz-gleichen\/#breadcrumb"},"inLanguage":"de","potentialAction":[{"@type":"ReadAction","target":["https:\/\/radioleinewelle.de\/index.php\/2020\/11\/23\/start-der-dorffunk-app-in-ganz-gleichen\/"]}]},{"@type":"ImageObject","inLanguage":"de","@id":"https:\/\/radioleinewelle.de\/index.php\/2020\/11\/23\/start-der-dorffunk-app-in-ganz-gleichen\/#primaryimage","url":"https:\/\/radioleinewelle.de\/wp-content\/uploads\/2020\/11\/Gleichen-e1606078425803.jpg","contentUrl":"https:\/\/radioleinewelle.de\/wp-content\/uploads\/2020\/11\/Gleichen-e1606078425803.jpg","width":600,"height":450},{"@type":"BreadcrumbList","@id":"https:\/\/radioleinewelle.de\/index.php\/2020\/11\/23\/start-der-dorffunk-app-in-ganz-gleichen\/#breadcrumb","itemListElement":[{"@type":"ListItem","position":1,"name":"Startseite","item":"https:\/\/radioleinewelle.de\/"},{"@type":"ListItem","position":2,"name":"Start der DorfFunk-App in ganz Gleichen"}]},{"@type":"WebSite","@id":"https:\/\/radioleinewelle.de\/#website","url":"https:\/\/radioleinewelle.de\/","name":"Radio Leinewelle","description":"","publisher":{"@id":"https:\/\/radioleinewelle.de\/#organization"},"potentialAction":[{"@type":"SearchAction","target":{"@type":"EntryPoint","urlTemplate":"https:\/\/radioleinewelle.de\/?s={search_term_string}"},"query-input":{"@type":"PropertyValueSpecification","valueRequired":true,"valueName":"search_term_string"}}],"inLanguage":"de"},{"@type":"Organization","@id":"https:\/\/radioleinewelle.de\/#organization","name":"Radio Leinewelle","alternateName":"Mein Radio f\u00fcr S\u00fcdniedersachsen","url":"https:\/\/radioleinewelle.de\/","logo":{"@type":"ImageObject","inLanguage":"de","@id":"https:\/\/radioleinewelle.de\/#\/schema\/logo\/image\/","url":"https:\/\/radioleinewelle.de\/wp-content\/uploads\/2023\/11\/cropped-Leinewelle_Logo_weiss.png","contentUrl":"https:\/\/radioleinewelle.de\/wp-content\/uploads\/2023\/11\/cropped-Leinewelle_Logo_weiss.png","width":854,"height":260,"caption":"Radio Leinewelle"},"image":{"@id":"https:\/\/radioleinewelle.de\/#\/schema\/logo\/image\/"},"sameAs":["https:\/\/www.facebook.com\/radioleinewelle","https:\/\/x.com\/RLeinewelle","https:\/\/www.instagram.com\/radioleinewelle\/?hl=de"]},{"@type":"Person","@id":"https:\/\/radioleinewelle.de\/#\/schema\/person\/45606f348637df637192dc1b68399a63","name":"Leinewelle","image":{"@type":"ImageObject","inLanguage":"de","@id":"https:\/\/secure.gravatar.com\/avatar\/05c9a17bc973052ee5d91549bd32fb4dd0dc85b7b85ae94b2e2b4943476bbea5?s=96&d=blank&r=g","url":"https:\/\/secure.gravatar.com\/avatar\/05c9a17bc973052ee5d91549bd32fb4dd0dc85b7b85ae94b2e2b4943476bbea5?s=96&d=blank&r=g","contentUrl":"https:\/\/secure.gravatar.com\/avatar\/05c9a17bc973052ee5d91549bd32fb4dd0dc85b7b85ae94b2e2b4943476bbea5?s=96&d=blank&r=g","caption":"Leinewelle"},"sameAs":["http:\/\/localhost\/radio%20leinewelle\/wordpress","https:\/\/www.facebook.com\/radioleinewelle","https:\/\/www.instagram.com\/radioleinewelle","https:\/\/x.com\/https:\/\/twitter.com\/RLeinewelle?ref_src=twsrcgoogletwcampserptwgrauthor","https:\/\/soundcloud.com\/foerderverein-lokalradio?utm_source=clipboard&utm_medium=text&utm_campaign=social_sharing"],"url":"https:\/\/radioleinewelle.de\/index.php\/author\/leinewelle\/"}]}},"_links":{"self":[{"href":"https:\/\/radioleinewelle.de\/index.php\/wp-json\/wp\/v2\/posts\/3099","targetHints":{"allow":["GET"]}}],"collection":[{"href":"https:\/\/radioleinewelle.de\/index.php\/wp-json\/wp\/v2\/posts"}],"about":[{"href":"https:\/\/radioleinewelle.de\/index.php\/wp-json\/wp\/v2\/types\/post"}],"author":[{"embeddable":true,"href":"https:\/\/radioleinewelle.de\/index.php\/wp-json\/wp\/v2\/users\/1"}],"replies":[{"embeddable":true,"href":"https:\/\/radioleinewelle.de\/index.php\/wp-json\/wp\/v2\/comments?post=3099"}],"version-history":[{"count":0,"href":"https:\/\/radioleinewelle.de\/index.php\/wp-json\/wp\/v2\/posts\/3099\/revisions"}],"wp:featuredmedia":[{"embeddable":true,"href":"https:\/\/radioleinewelle.de\/index.php\/wp-json\/wp\/v2\/media\/3101"}],"wp:attachment":[{"href":"https:\/\/radioleinewelle.de\/index.php\/wp-json\/wp\/v2\/media?parent=3099"}],"wp:term":[{"taxonomy":"category","embeddable":true,"href":"https:\/\/radioleinewelle.de\/index.php\/wp-json\/wp\/v2\/categories?post=3099"},{"taxonomy":"post_tag","embeddable":true,"href":"https:\/\/radioleinewelle.de\/index.php\/wp-json\/wp\/v2\/tags?post=3099"}],"curies":[{"name":"wp","href":"https:\/\/api.w.org\/{rel}","templated":true}]}}