{"id":31008,"date":"2026-04-21T17:59:35","date_gmt":"2026-04-21T15:59:35","guid":{"rendered":"https:\/\/radioleinewelle.de\/?p=31008"},"modified":"2026-04-21T17:59:37","modified_gmt":"2026-04-21T15:59:37","slug":"aktuelles-von-der-groner-kirmes-2026-programm-termine-und-vorbereitungen","status":"publish","type":"post","link":"https:\/\/radioleinewelle.de\/index.php\/2026\/04\/21\/aktuelles-von-der-groner-kirmes-2026-programm-termine-und-vorbereitungen\/","title":{"rendered":"Aktuelles von der Groner Kirmes 2026: Programm, Termine und Vorbereitungen"},"content":{"rendered":"\n\n\n<p>In Grone haben die Vorbereitungen f\u00fcr die Groner Kirmes 2026 begonnen. Die Veranstaltung soll vom 4. bis 7. September 2026 auf dem Festplatz in der Martin-Luther-Stra\u00dfe stattfinden. Organisiert wird sie von der Groner Kirmes-ARGE, die aus den Vereinen \u201eWir f\u00fcr Grone\u201c und dem \u201eKleingartenverein Lindenkamp\u201c besteht. Unterst\u00fctzt werden die Planungen von ehrenamtlichen Helferinnen und Helfern.\u00a0<\/p>\n\n\n\n<p>Nach Angaben der Organisatoren hat sich die Kirmes in den vergangenen Jahren zu einer festen Gr\u00f6\u00dfe im Veranstaltungskalender entwickelt. F\u00fcr 2026 ist erneut ein mehrt\u00e4giges Programm vorgesehen, das unterschiedliche Generationen ansprechen soll. Geplant sind sowohl traditionelle Programmpunkte als auch Unterhaltungsangebote f\u00fcr ein breites Publikum.&nbsp;<\/p>\n\n\n\n<p>Zum Auftakt am Freitag, 4. September, ist ein Lampionumzug durch das Groner Altdorf vorgesehen. Am Samstag, 5. September, soll im Festzelt eine Hitradioshow stattfinden. F\u00fcr Sonntag, 6. September, k\u00fcndigen die Veranstalter den gro\u00dfen Kirmesumzug an, an dem derzeit sieben Musikz\u00fcge sowie zahlreiche Vereine und Institutionen beteiligt sein sollen. Am Montag, 7. September, ist zum Abschluss das traditionelle Kirmesfr\u00fchst\u00fcck mit musikalischer Begleitung durch die \u201eBlueBirds\u201c geplant.&nbsp;<\/p>\n\n\n\n<p>Die Groner Kirmes hat f\u00fcr den Stadtteil nach Darstellung der Beteiligten nicht nur als Fest, sondern auch als gemeinschaftliches Projekt Bedeutung. Die Organisatoren verbinden mit der Veranstaltung das Ziel, das Miteinander im Ort sichtbar zu machen und einen Treffpunkt f\u00fcr Besucherinnen und Besucher verschiedener Altersgruppen zu schaffen.&nbsp;<\/p>\n\n\n\n<p><\/p>\n\n\n\n<p class=\"has-text-align-right has-small-font-size\"><strong>Foto:<\/strong> Groner Kirmes 2025 \u00a9Radio Leinewelle (<em>Sven Ahlborn<\/em>)<\/p>\n\n\n\n<p><\/p>\n","protected":false},"excerpt":{"rendered":"<p>In Grone haben die Vorbereitungen f\u00fcr die Groner Kirmes 2026 begonnen. Die Veranstaltung soll vom 4. bis 7. September 2026 auf dem Festplatz in der Martin-Luther-Stra\u00dfe stattfinden. Organisiert wird sie von der Groner Kirmes-ARGE, die aus den Vereinen \u201eWir f\u00fcr Grone\u201c und dem \u201eKleingartenverein Lindenkamp\u201c besteht. Unterst\u00fctzt werden die Planungen von ehrenamtlichen Helferinnen und Helfern.\u00a0 [&hellip;]<\/p>\n","protected":false},"author":6,"featured_media":31010,"comment_status":"open","ping_status":"open","sticky":false,"template":"","format":"standard","meta":{"saved_in_kubio":false,"footnotes":""},"categories":[3255,52],"tags":[4495,5052,5049,5048,5051,5050],"class_list":["post-31008","post","type-post","status-publish","format-standard","has-post-thumbnail","hentry","category-ehrenamtliches-engagement","category-freizeit","tag-ehrenamt","tag-festumzug","tag-grone","tag-groner-kirmes-2026","tag-kirmes","tag-stadtteilfest"],"yoast_head":"<!-- This site is optimized with the Yoast SEO plugin v27.4 - https:\/\/yoast.com\/product\/yoast-seo-wordpress\/ -->\n<title>Aktuelles von der Groner Kirmes 2026: Programm, Termine und Vorbereitungen - Radio Leinewelle<\/title>\n<meta name=\"description\" content=\"Die Groner Kirmes 2026 findet vom 4. bis 7. September in Grone statt. Geplant sind Lampionumzug, Hitradioshow, Kirmesumzug und Kirmesfr\u00fchst\u00fcck.\" \/>\n<meta name=\"robots\" content=\"index, follow, max-snippet:-1, max-image-preview:large, max-video-preview:-1\" \/>\n<link rel=\"canonical\" href=\"https:\/\/radioleinewelle.de\/index.php\/2026\/04\/21\/aktuelles-von-der-groner-kirmes-2026-programm-termine-und-vorbereitungen\/\" \/>\n<meta property=\"og:locale\" content=\"de_DE\" \/>\n<meta property=\"og:type\" content=\"article\" \/>\n<meta property=\"og:title\" content=\"Aktuelles von der Groner Kirmes 2026: Programm, Termine und Vorbereitungen - Radio Leinewelle\" \/>\n<meta property=\"og:description\" content=\"Die Groner Kirmes 2026 findet vom 4. bis 7. September in Grone statt. Geplant sind Lampionumzug, Hitradioshow, Kirmesumzug und Kirmesfr\u00fchst\u00fcck.\" \/>\n<meta property=\"og:url\" content=\"https:\/\/radioleinewelle.de\/index.php\/2026\/04\/21\/aktuelles-von-der-groner-kirmes-2026-programm-termine-und-vorbereitungen\/\" \/>\n<meta property=\"og:site_name\" content=\"Radio Leinewelle\" \/>\n<meta property=\"article:publisher\" content=\"https:\/\/www.facebook.com\/radioleinewelle\" \/>\n<meta property=\"article:published_time\" content=\"2026-04-21T15:59:35+00:00\" \/>\n<meta property=\"article:modified_time\" content=\"2026-04-21T15:59:37+00:00\" \/>\n<meta property=\"og:image\" content=\"https:\/\/radioleinewelle.de\/wp-content\/uploads\/2026\/04\/Groner-Kirmes-2025.jpg\" \/>\n\t<meta property=\"og:image:width\" content=\"1080\" \/>\n\t<meta property=\"og:image:height\" content=\"798\" \/>\n\t<meta property=\"og:image:type\" content=\"image\/jpeg\" \/>\n<meta name=\"author\" content=\"Ulf Engelmayer\" \/>\n<meta name=\"twitter:card\" content=\"summary_large_image\" \/>\n<meta name=\"twitter:creator\" content=\"@RLeinewelle\" \/>\n<meta name=\"twitter:site\" content=\"@RLeinewelle\" \/>\n<meta name=\"twitter:label1\" content=\"Verfasst von\" \/>\n\t<meta name=\"twitter:data1\" content=\"Ulf Engelmayer\" \/>\n\t<meta name=\"twitter:label2\" content=\"Gesch\u00e4tzte Lesezeit\" \/>\n\t<meta name=\"twitter:data2\" content=\"2\u00a0Minuten\" \/>\n<script type=\"application\/ld+json\" class=\"yoast-schema-graph\">{\"@context\":\"https:\\\/\\\/schema.org\",\"@graph\":[{\"@type\":\"Article\",\"@id\":\"https:\\\/\\\/radioleinewelle.de\\\/index.php\\\/2026\\\/04\\\/21\\\/aktuelles-von-der-groner-kirmes-2026-programm-termine-und-vorbereitungen\\\/#article\",\"isPartOf\":{\"@id\":\"https:\\\/\\\/radioleinewelle.de\\\/index.php\\\/2026\\\/04\\\/21\\\/aktuelles-von-der-groner-kirmes-2026-programm-termine-und-vorbereitungen\\\/\"},\"author\":{\"name\":\"Ulf Engelmayer\",\"@id\":\"https:\\\/\\\/radioleinewelle.de\\\/#\\\/schema\\\/person\\\/57bad1d4e916f10da4e6763d01aec895\"},\"headline\":\"Aktuelles von der Groner Kirmes 2026: Programm, Termine und Vorbereitungen\",\"datePublished\":\"2026-04-21T15:59:35+00:00\",\"dateModified\":\"2026-04-21T15:59:37+00:00\",\"mainEntityOfPage\":{\"@id\":\"https:\\\/\\\/radioleinewelle.de\\\/index.php\\\/2026\\\/04\\\/21\\\/aktuelles-von-der-groner-kirmes-2026-programm-termine-und-vorbereitungen\\\/\"},\"wordCount\":237,\"commentCount\":0,\"publisher\":{\"@id\":\"https:\\\/\\\/radioleinewelle.de\\\/#organization\"},\"image\":{\"@id\":\"https:\\\/\\\/radioleinewelle.de\\\/index.php\\\/2026\\\/04\\\/21\\\/aktuelles-von-der-groner-kirmes-2026-programm-termine-und-vorbereitungen\\\/#primaryimage\"},\"thumbnailUrl\":\"https:\\\/\\\/radioleinewelle.de\\\/wp-content\\\/uploads\\\/2026\\\/04\\\/Groner-Kirmes-2025.jpg\",\"keywords\":[\"Ehrenamt\",\"Festumzug\",\"Grone\",\"Groner Kirmes 2026\",\"Kirmes\",\"Stadtteilfest\"],\"articleSection\":[\"Ehrenamtliches Engagement\",\"Freizeit\"],\"inLanguage\":\"de\",\"potentialAction\":[{\"@type\":\"CommentAction\",\"name\":\"Comment\",\"target\":[\"https:\\\/\\\/radioleinewelle.de\\\/index.php\\\/2026\\\/04\\\/21\\\/aktuelles-von-der-groner-kirmes-2026-programm-termine-und-vorbereitungen\\\/#respond\"]}]},{\"@type\":\"WebPage\",\"@id\":\"https:\\\/\\\/radioleinewelle.de\\\/index.php\\\/2026\\\/04\\\/21\\\/aktuelles-von-der-groner-kirmes-2026-programm-termine-und-vorbereitungen\\\/\",\"url\":\"https:\\\/\\\/radioleinewelle.de\\\/index.php\\\/2026\\\/04\\\/21\\\/aktuelles-von-der-groner-kirmes-2026-programm-termine-und-vorbereitungen\\\/\",\"name\":\"Aktuelles von der Groner Kirmes 2026: Programm, Termine und Vorbereitungen - Radio Leinewelle\",\"isPartOf\":{\"@id\":\"https:\\\/\\\/radioleinewelle.de\\\/#website\"},\"primaryImageOfPage\":{\"@id\":\"https:\\\/\\\/radioleinewelle.de\\\/index.php\\\/2026\\\/04\\\/21\\\/aktuelles-von-der-groner-kirmes-2026-programm-termine-und-vorbereitungen\\\/#primaryimage\"},\"image\":{\"@id\":\"https:\\\/\\\/radioleinewelle.de\\\/index.php\\\/2026\\\/04\\\/21\\\/aktuelles-von-der-groner-kirmes-2026-programm-termine-und-vorbereitungen\\\/#primaryimage\"},\"thumbnailUrl\":\"https:\\\/\\\/radioleinewelle.de\\\/wp-content\\\/uploads\\\/2026\\\/04\\\/Groner-Kirmes-2025.jpg\",\"datePublished\":\"2026-04-21T15:59:35+00:00\",\"dateModified\":\"2026-04-21T15:59:37+00:00\",\"description\":\"Die Groner Kirmes 2026 findet vom 4. bis 7. September in Grone statt. Geplant sind Lampionumzug, Hitradioshow, Kirmesumzug und Kirmesfr\u00fchst\u00fcck.\",\"breadcrumb\":{\"@id\":\"https:\\\/\\\/radioleinewelle.de\\\/index.php\\\/2026\\\/04\\\/21\\\/aktuelles-von-der-groner-kirmes-2026-programm-termine-und-vorbereitungen\\\/#breadcrumb\"},\"inLanguage\":\"de\",\"potentialAction\":[{\"@type\":\"ReadAction\",\"target\":[\"https:\\\/\\\/radioleinewelle.de\\\/index.php\\\/2026\\\/04\\\/21\\\/aktuelles-von-der-groner-kirmes-2026-programm-termine-und-vorbereitungen\\\/\"]}]},{\"@type\":\"ImageObject\",\"inLanguage\":\"de\",\"@id\":\"https:\\\/\\\/radioleinewelle.de\\\/index.php\\\/2026\\\/04\\\/21\\\/aktuelles-von-der-groner-kirmes-2026-programm-termine-und-vorbereitungen\\\/#primaryimage\",\"url\":\"https:\\\/\\\/radioleinewelle.de\\\/wp-content\\\/uploads\\\/2026\\\/04\\\/Groner-Kirmes-2025.jpg\",\"contentUrl\":\"https:\\\/\\\/radioleinewelle.de\\\/wp-content\\\/uploads\\\/2026\\\/04\\\/Groner-Kirmes-2025.jpg\",\"width\":1080,\"height\":798},{\"@type\":\"BreadcrumbList\",\"@id\":\"https:\\\/\\\/radioleinewelle.de\\\/index.php\\\/2026\\\/04\\\/21\\\/aktuelles-von-der-groner-kirmes-2026-programm-termine-und-vorbereitungen\\\/#breadcrumb\",\"itemListElement\":[{\"@type\":\"ListItem\",\"position\":1,\"name\":\"Startseite\",\"item\":\"https:\\\/\\\/radioleinewelle.de\\\/\"},{\"@type\":\"ListItem\",\"position\":2,\"name\":\"Aktuelles von der Groner Kirmes 2026: Programm, Termine und Vorbereitungen\"}]},{\"@type\":\"WebSite\",\"@id\":\"https:\\\/\\\/radioleinewelle.de\\\/#website\",\"url\":\"https:\\\/\\\/radioleinewelle.de\\\/\",\"name\":\"Radio Leinewelle\",\"description\":\"\",\"publisher\":{\"@id\":\"https:\\\/\\\/radioleinewelle.de\\\/#organization\"},\"potentialAction\":[{\"@type\":\"SearchAction\",\"target\":{\"@type\":\"EntryPoint\",\"urlTemplate\":\"https:\\\/\\\/radioleinewelle.de\\\/?s={search_term_string}\"},\"query-input\":{\"@type\":\"PropertyValueSpecification\",\"valueRequired\":true,\"valueName\":\"search_term_string\"}}],\"inLanguage\":\"de\"},{\"@type\":\"Organization\",\"@id\":\"https:\\\/\\\/radioleinewelle.de\\\/#organization\",\"name\":\"Radio Leinewelle\",\"alternateName\":\"Mein Radio f\u00fcr S\u00fcdniedersachsen\",\"url\":\"https:\\\/\\\/radioleinewelle.de\\\/\",\"logo\":{\"@type\":\"ImageObject\",\"inLanguage\":\"de\",\"@id\":\"https:\\\/\\\/radioleinewelle.de\\\/#\\\/schema\\\/logo\\\/image\\\/\",\"url\":\"https:\\\/\\\/radioleinewelle.de\\\/wp-content\\\/uploads\\\/2023\\\/11\\\/cropped-Leinewelle_Logo_weiss.png\",\"contentUrl\":\"https:\\\/\\\/radioleinewelle.de\\\/wp-content\\\/uploads\\\/2023\\\/11\\\/cropped-Leinewelle_Logo_weiss.png\",\"width\":854,\"height\":260,\"caption\":\"Radio Leinewelle\"},\"image\":{\"@id\":\"https:\\\/\\\/radioleinewelle.de\\\/#\\\/schema\\\/logo\\\/image\\\/\"},\"sameAs\":[\"https:\\\/\\\/www.facebook.com\\\/radioleinewelle\",\"https:\\\/\\\/x.com\\\/RLeinewelle\",\"https:\\\/\\\/www.instagram.com\\\/radioleinewelle\\\/?hl=de\"]},{\"@type\":\"Person\",\"@id\":\"https:\\\/\\\/radioleinewelle.de\\\/#\\\/schema\\\/person\\\/57bad1d4e916f10da4e6763d01aec895\",\"name\":\"Ulf Engelmayer\",\"image\":{\"@type\":\"ImageObject\",\"inLanguage\":\"de\",\"@id\":\"https:\\\/\\\/secure.gravatar.com\\\/avatar\\\/f056d5d62beaff9b66570d67e3e698ea7ff6463d140c80fc667a56e338ecf046?s=96&d=blank&r=g\",\"url\":\"https:\\\/\\\/secure.gravatar.com\\\/avatar\\\/f056d5d62beaff9b66570d67e3e698ea7ff6463d140c80fc667a56e338ecf046?s=96&d=blank&r=g\",\"contentUrl\":\"https:\\\/\\\/secure.gravatar.com\\\/avatar\\\/f056d5d62beaff9b66570d67e3e698ea7ff6463d140c80fc667a56e338ecf046?s=96&d=blank&r=g\",\"caption\":\"Ulf Engelmayer\"},\"url\":\"https:\\\/\\\/radioleinewelle.de\\\/index.php\\\/author\\\/ulf-engelmayer\\\/\"}]}<\/script>\n<!-- \/ Yoast SEO plugin. -->","yoast_head_json":{"title":"Aktuelles von der Groner Kirmes 2026: Programm, Termine und Vorbereitungen - Radio Leinewelle","description":"Die Groner Kirmes 2026 findet vom 4. bis 7. September in Grone statt. Geplant sind Lampionumzug, Hitradioshow, Kirmesumzug und Kirmesfr\u00fchst\u00fcck.","robots":{"index":"index","follow":"follow","max-snippet":"max-snippet:-1","max-image-preview":"max-image-preview:large","max-video-preview":"max-video-preview:-1"},"canonical":"https:\/\/radioleinewelle.de\/index.php\/2026\/04\/21\/aktuelles-von-der-groner-kirmes-2026-programm-termine-und-vorbereitungen\/","og_locale":"de_DE","og_type":"article","og_title":"Aktuelles von der Groner Kirmes 2026: Programm, Termine und Vorbereitungen - Radio Leinewelle","og_description":"Die Groner Kirmes 2026 findet vom 4. bis 7. September in Grone statt. Geplant sind Lampionumzug, Hitradioshow, Kirmesumzug und Kirmesfr\u00fchst\u00fcck.","og_url":"https:\/\/radioleinewelle.de\/index.php\/2026\/04\/21\/aktuelles-von-der-groner-kirmes-2026-programm-termine-und-vorbereitungen\/","og_site_name":"Radio Leinewelle","article_publisher":"https:\/\/www.facebook.com\/radioleinewelle","article_published_time":"2026-04-21T15:59:35+00:00","article_modified_time":"2026-04-21T15:59:37+00:00","og_image":[{"width":1080,"height":798,"url":"https:\/\/radioleinewelle.de\/wp-content\/uploads\/2026\/04\/Groner-Kirmes-2025.jpg","type":"image\/jpeg"}],"author":"Ulf Engelmayer","twitter_card":"summary_large_image","twitter_creator":"@RLeinewelle","twitter_site":"@RLeinewelle","twitter_misc":{"Verfasst von":"Ulf Engelmayer","Gesch\u00e4tzte Lesezeit":"2\u00a0Minuten"},"schema":{"@context":"https:\/\/schema.org","@graph":[{"@type":"Article","@id":"https:\/\/radioleinewelle.de\/index.php\/2026\/04\/21\/aktuelles-von-der-groner-kirmes-2026-programm-termine-und-vorbereitungen\/#article","isPartOf":{"@id":"https:\/\/radioleinewelle.de\/index.php\/2026\/04\/21\/aktuelles-von-der-groner-kirmes-2026-programm-termine-und-vorbereitungen\/"},"author":{"name":"Ulf Engelmayer","@id":"https:\/\/radioleinewelle.de\/#\/schema\/person\/57bad1d4e916f10da4e6763d01aec895"},"headline":"Aktuelles von der Groner Kirmes 2026: Programm, Termine und Vorbereitungen","datePublished":"2026-04-21T15:59:35+00:00","dateModified":"2026-04-21T15:59:37+00:00","mainEntityOfPage":{"@id":"https:\/\/radioleinewelle.de\/index.php\/2026\/04\/21\/aktuelles-von-der-groner-kirmes-2026-programm-termine-und-vorbereitungen\/"},"wordCount":237,"commentCount":0,"publisher":{"@id":"https:\/\/radioleinewelle.de\/#organization"},"image":{"@id":"https:\/\/radioleinewelle.de\/index.php\/2026\/04\/21\/aktuelles-von-der-groner-kirmes-2026-programm-termine-und-vorbereitungen\/#primaryimage"},"thumbnailUrl":"https:\/\/radioleinewelle.de\/wp-content\/uploads\/2026\/04\/Groner-Kirmes-2025.jpg","keywords":["Ehrenamt","Festumzug","Grone","Groner Kirmes 2026","Kirmes","Stadtteilfest"],"articleSection":["Ehrenamtliches Engagement","Freizeit"],"inLanguage":"de","potentialAction":[{"@type":"CommentAction","name":"Comment","target":["https:\/\/radioleinewelle.de\/index.php\/2026\/04\/21\/aktuelles-von-der-groner-kirmes-2026-programm-termine-und-vorbereitungen\/#respond"]}]},{"@type":"WebPage","@id":"https:\/\/radioleinewelle.de\/index.php\/2026\/04\/21\/aktuelles-von-der-groner-kirmes-2026-programm-termine-und-vorbereitungen\/","url":"https:\/\/radioleinewelle.de\/index.php\/2026\/04\/21\/aktuelles-von-der-groner-kirmes-2026-programm-termine-und-vorbereitungen\/","name":"Aktuelles von der Groner Kirmes 2026: Programm, Termine und Vorbereitungen - Radio Leinewelle","isPartOf":{"@id":"https:\/\/radioleinewelle.de\/#website"},"primaryImageOfPage":{"@id":"https:\/\/radioleinewelle.de\/index.php\/2026\/04\/21\/aktuelles-von-der-groner-kirmes-2026-programm-termine-und-vorbereitungen\/#primaryimage"},"image":{"@id":"https:\/\/radioleinewelle.de\/index.php\/2026\/04\/21\/aktuelles-von-der-groner-kirmes-2026-programm-termine-und-vorbereitungen\/#primaryimage"},"thumbnailUrl":"https:\/\/radioleinewelle.de\/wp-content\/uploads\/2026\/04\/Groner-Kirmes-2025.jpg","datePublished":"2026-04-21T15:59:35+00:00","dateModified":"2026-04-21T15:59:37+00:00","description":"Die Groner Kirmes 2026 findet vom 4. bis 7. September in Grone statt. Geplant sind Lampionumzug, Hitradioshow, Kirmesumzug und Kirmesfr\u00fchst\u00fcck.","breadcrumb":{"@id":"https:\/\/radioleinewelle.de\/index.php\/2026\/04\/21\/aktuelles-von-der-groner-kirmes-2026-programm-termine-und-vorbereitungen\/#breadcrumb"},"inLanguage":"de","potentialAction":[{"@type":"ReadAction","target":["https:\/\/radioleinewelle.de\/index.php\/2026\/04\/21\/aktuelles-von-der-groner-kirmes-2026-programm-termine-und-vorbereitungen\/"]}]},{"@type":"ImageObject","inLanguage":"de","@id":"https:\/\/radioleinewelle.de\/index.php\/2026\/04\/21\/aktuelles-von-der-groner-kirmes-2026-programm-termine-und-vorbereitungen\/#primaryimage","url":"https:\/\/radioleinewelle.de\/wp-content\/uploads\/2026\/04\/Groner-Kirmes-2025.jpg","contentUrl":"https:\/\/radioleinewelle.de\/wp-content\/uploads\/2026\/04\/Groner-Kirmes-2025.jpg","width":1080,"height":798},{"@type":"BreadcrumbList","@id":"https:\/\/radioleinewelle.de\/index.php\/2026\/04\/21\/aktuelles-von-der-groner-kirmes-2026-programm-termine-und-vorbereitungen\/#breadcrumb","itemListElement":[{"@type":"ListItem","position":1,"name":"Startseite","item":"https:\/\/radioleinewelle.de\/"},{"@type":"ListItem","position":2,"name":"Aktuelles von der Groner Kirmes 2026: Programm, Termine und Vorbereitungen"}]},{"@type":"WebSite","@id":"https:\/\/radioleinewelle.de\/#website","url":"https:\/\/radioleinewelle.de\/","name":"Radio Leinewelle","description":"","publisher":{"@id":"https:\/\/radioleinewelle.de\/#organization"},"potentialAction":[{"@type":"SearchAction","target":{"@type":"EntryPoint","urlTemplate":"https:\/\/radioleinewelle.de\/?s={search_term_string}"},"query-input":{"@type":"PropertyValueSpecification","valueRequired":true,"valueName":"search_term_string"}}],"inLanguage":"de"},{"@type":"Organization","@id":"https:\/\/radioleinewelle.de\/#organization","name":"Radio Leinewelle","alternateName":"Mein Radio f\u00fcr S\u00fcdniedersachsen","url":"https:\/\/radioleinewelle.de\/","logo":{"@type":"ImageObject","inLanguage":"de","@id":"https:\/\/radioleinewelle.de\/#\/schema\/logo\/image\/","url":"https:\/\/radioleinewelle.de\/wp-content\/uploads\/2023\/11\/cropped-Leinewelle_Logo_weiss.png","contentUrl":"https:\/\/radioleinewelle.de\/wp-content\/uploads\/2023\/11\/cropped-Leinewelle_Logo_weiss.png","width":854,"height":260,"caption":"Radio Leinewelle"},"image":{"@id":"https:\/\/radioleinewelle.de\/#\/schema\/logo\/image\/"},"sameAs":["https:\/\/www.facebook.com\/radioleinewelle","https:\/\/x.com\/RLeinewelle","https:\/\/www.instagram.com\/radioleinewelle\/?hl=de"]},{"@type":"Person","@id":"https:\/\/radioleinewelle.de\/#\/schema\/person\/57bad1d4e916f10da4e6763d01aec895","name":"Ulf Engelmayer","image":{"@type":"ImageObject","inLanguage":"de","@id":"https:\/\/secure.gravatar.com\/avatar\/f056d5d62beaff9b66570d67e3e698ea7ff6463d140c80fc667a56e338ecf046?s=96&d=blank&r=g","url":"https:\/\/secure.gravatar.com\/avatar\/f056d5d62beaff9b66570d67e3e698ea7ff6463d140c80fc667a56e338ecf046?s=96&d=blank&r=g","contentUrl":"https:\/\/secure.gravatar.com\/avatar\/f056d5d62beaff9b66570d67e3e698ea7ff6463d140c80fc667a56e338ecf046?s=96&d=blank&r=g","caption":"Ulf Engelmayer"},"url":"https:\/\/radioleinewelle.de\/index.php\/author\/ulf-engelmayer\/"}]}},"_links":{"self":[{"href":"https:\/\/radioleinewelle.de\/index.php\/wp-json\/wp\/v2\/posts\/31008","targetHints":{"allow":["GET"]}}],"collection":[{"href":"https:\/\/radioleinewelle.de\/index.php\/wp-json\/wp\/v2\/posts"}],"about":[{"href":"https:\/\/radioleinewelle.de\/index.php\/wp-json\/wp\/v2\/types\/post"}],"author":[{"embeddable":true,"href":"https:\/\/radioleinewelle.de\/index.php\/wp-json\/wp\/v2\/users\/6"}],"replies":[{"embeddable":true,"href":"https:\/\/radioleinewelle.de\/index.php\/wp-json\/wp\/v2\/comments?post=31008"}],"version-history":[{"count":2,"href":"https:\/\/radioleinewelle.de\/index.php\/wp-json\/wp\/v2\/posts\/31008\/revisions"}],"predecessor-version":[{"id":31012,"href":"https:\/\/radioleinewelle.de\/index.php\/wp-json\/wp\/v2\/posts\/31008\/revisions\/31012"}],"wp:featuredmedia":[{"embeddable":true,"href":"https:\/\/radioleinewelle.de\/index.php\/wp-json\/wp\/v2\/media\/31010"}],"wp:attachment":[{"href":"https:\/\/radioleinewelle.de\/index.php\/wp-json\/wp\/v2\/media?parent=31008"}],"wp:term":[{"taxonomy":"category","embeddable":true,"href":"https:\/\/radioleinewelle.de\/index.php\/wp-json\/wp\/v2\/categories?post=31008"},{"taxonomy":"post_tag","embeddable":true,"href":"https:\/\/radioleinewelle.de\/index.php\/wp-json\/wp\/v2\/tags?post=31008"}],"curies":[{"name":"wp","href":"https:\/\/api.w.org\/{rel}","templated":true}]}}