{"id":3102,"date":"2020-11-23T05:10:30","date_gmt":"2020-11-23T04:10:30","guid":{"rendered":"https:\/\/radioleinewelle.de\/?p=3102"},"modified":"2020-11-23T05:10:30","modified_gmt":"2020-11-23T04:10:30","slug":"ihk-zufrieden-top-ausbildung-im-corona-jahr","status":"publish","type":"post","link":"https:\/\/radioleinewelle.de\/index.php\/2020\/11\/23\/ihk-zufrieden-top-ausbildung-im-corona-jahr\/","title":{"rendered":"IHK zufrieden: Top-Ausbildung im Corona-Jahr"},"content":{"rendered":"<p class=\"bodytext\">Allj\u00e4hrlich werden die landesweit besten Auszubildenden in den IHK-Berufen im Sp\u00e4therbst ausgezeichnet und gefeiert. In diesem Jahr musste die geplante Ehrung im GOP Hannover durch die Corona-Entwicklung leider ausfallen.\u00a0Bei der IHK Hannover haben in diesem Jahr 11.000 Auszubildende aus 6.000 Betrieben in der Region Hannover und in acht Landkreisen von Diepholz bis G\u00f6ttingen ihre Abschlusspr\u00fcfungen in 185 Berufen absolviert. Davon haben 31 junge Nachwuchskr\u00e4fte in diesem Jahr ihre Pr\u00fcfungen als landesweit Beste in ihren Ausbildungsberufen abgeschlossen.<\/p>\n<p class=\"bodytext\">\u201eDas herausragende Engagement in ihrer Ausbildung und die Spitzenleistungen in der Abschlussphase unter teilweise extremen Bedingungen durch die Pandemie verdienen in diesem Jahr unsere allergr\u00f6\u00dfte Hochachtung\u201c, gratuliert Gerhard Oppermann, Pr\u00e4sident der IHK Hannover den Absolventinnen und Absolventen\u00a0 stellvertretend f\u00fcr alle Nachwuchskr\u00e4fte in der Ausbildung im Corona-Jahr. \u201eDiese jungen Menschen und ihre engagierten Ausbildungsbetriebe stehen in diesem Jahr mehr denn je vorbildlich f\u00fcr die hohe Qualit\u00e4t unserer dualen Berufsausbildung im Land.\u201c<\/p>\n<p class=\"bodytext\">Drei Landesbeste haben sogar bundesweit die h\u00f6chste Punktzahl in ihren Ausbildungsberufen als Bauwerksmechaniker f\u00fcr Abbruch- und Betontrenntechnik, Polsterin und als Schuhfertiger erzielt und sind Bundessieger 2020.\u00a0\u201eDie Abschlusspr\u00fcfungen waren durch den Lockdown im Fr\u00fchjahr und die folgenden Monate der Unsicherheit f\u00fcr alle Beteiligten ein erheblicher Kraftakt und letztlich im Sommer nur m\u00f6glich durch das herausragende Engagement und die Flexibilit\u00e4t unserer rund 5.000 Pr\u00fcfer und der Berufsschulen im Land\u201c, bedankt sich Maike Bielfeldt, Hauptgesch\u00e4ftsf\u00fchrerin IHK Hannover. \u201eGut ausgebildete und quali-fizierte Fachkr\u00e4fte werden in den kommenden Jahren f\u00fcr die Bew\u00e4l-tigung von Strukturwandel und den Folgen der Pandemie dringend ben\u00f6tigt.\u201c<\/p>\n<p class=\"bodytext\">Mehr zu den Preistr\u00e4gern finden Sie <a href=\"http:\/\/Allj\u00e4hrlich werden die landesweit besten Auszubildenden in den IHK-Berufen im Sp\u00e4therbst ausgezeichnet und gefeiert. In diesem Jahr musste die geplante Ehrung im GOP Hannover durch die Corona-Entwicklung leider ausfallen. Bei der IHK Hannover haben in diesem Jahr 11.000 Auszubildende aus 6.000 Betrieben in der Region Hannover und in acht Landkreisen von Diepholz bis G\u00f6ttingen ihre Abschlusspr\u00fcfungen in 185 Berufen absolviert. Davon haben 31 junge Nachwuchskr\u00e4fte in diesem Jahr ihre Pr\u00fcfungen als landesweit Beste in ihren Ausbildungsberufen abgeschlossen. \u201eDas herausragende Engagement in ihrer Ausbildung und die Spitzenleistungen in der Abschlussphase unter teilweise extremen Bedingungen durch die Pandemie verdienen in diesem Jahr unsere allergr\u00f6\u00dfte Hochachtung\u201c, gratuliert Gerhard Oppermann, Pr\u00e4sident der IHK Hannover den Absolventinnen und Absolventen stellvertretend f\u00fcr alle Nachwuchskr\u00e4fte in der Ausbildung im Corona-Jahr. \u201eDiese jungen Menschen und ihre engagierten Ausbildungsbetriebe stehen in diesem Jahr mehr denn je vorbildlich f\u00fcr die hohe Qualit\u00e4t unserer dualen Berufsausbildung im Land.\u201c Drei Landesbeste haben sogar bundesweit die h\u00f6chste Punktzahl in ihren Ausbildungsberufen als Bauwerksmechaniker f\u00fcr Abbruch- und Betontrenntechnik, Polsterin und als Schuhfertiger erzielt und sind Bundessieger 2020. \u201eDie Abschlusspr\u00fcfungen waren durch den Lockdown im Fr\u00fchjahr und die folgenden Monate der Unsicherheit f\u00fcr alle Beteiligten ein erheblicher Kraftakt und letztlich im Sommer nur m\u00f6glich durch das herausragende Engagement und die Flexibilit\u00e4t unserer rund 5.000 Pr\u00fcfer und der Berufsschulen im Land\u201c, bedankt sich Maike Bielfeldt, Hauptgesch\u00e4ftsf\u00fchrerin IHK Hannover. \u201eGut ausgebildete und quali-fizierte Fachkr\u00e4fte werden in den kommenden Jahren f\u00fcr die Bew\u00e4l-tigung von Strukturwandel und den Folgen der Pandemie dringend ben\u00f6tigt.\u201c\">hier<\/a><\/p>\n<p class=\"bodytext\">Bild von <a href=\"https:\/\/pixabay.com\/de\/users\/geralt-9301\/?utm_source=link-attribution&amp;utm_medium=referral&amp;utm_campaign=image&amp;utm_content=3087393\">Gerd Altmann<\/a> auf <a href=\"https:\/\/pixabay.com\/de\/?utm_source=link-attribution&amp;utm_medium=referral&amp;utm_campaign=image&amp;utm_content=3087393\">Pixabay<\/a><\/p>\n","protected":false},"excerpt":{"rendered":"<p>Allj\u00e4hrlich werden die landesweit besten Auszubildenden in den IHK-Berufen im Sp\u00e4therbst ausgezeichnet und gefeiert. In diesem Jahr musste die geplante Ehrung im GOP Hannover durch die Corona-Entwicklung leider ausfallen.\u00a0Bei der IHK Hannover haben in diesem Jahr 11.000 Auszubildende aus 6.000 Betrieben in der Region Hannover und in acht Landkreisen von Diepholz bis G\u00f6ttingen ihre Abschlusspr\u00fcfungen [&hellip;]<\/p>\n","protected":false},"author":1,"featured_media":0,"comment_status":"closed","ping_status":"closed","sticky":false,"template":"","format":"standard","meta":{"saved_in_kubio":false,"footnotes":""},"categories":[38],"tags":[],"class_list":["post-3102","post","type-post","status-publish","format-standard","hentry","category-wirtschaft"],"yoast_head":"<!-- This site is optimized with the Yoast SEO plugin v27.5 - https:\/\/yoast.com\/product\/yoast-seo-wordpress\/ -->\n<title>IHK zufrieden: Top-Ausbildung im Corona-Jahr - Radio Leinewelle<\/title>\n<meta name=\"robots\" content=\"index, follow, max-snippet:-1, max-image-preview:large, max-video-preview:-1\" \/>\n<link rel=\"canonical\" href=\"https:\/\/radioleinewelle.de\/index.php\/2020\/11\/23\/ihk-zufrieden-top-ausbildung-im-corona-jahr\/\" \/>\n<meta property=\"og:locale\" content=\"de_DE\" \/>\n<meta property=\"og:type\" content=\"article\" \/>\n<meta property=\"og:title\" content=\"IHK zufrieden: Top-Ausbildung im Corona-Jahr - Radio Leinewelle\" \/>\n<meta property=\"og:description\" content=\"Allj\u00e4hrlich werden die landesweit besten Auszubildenden in den IHK-Berufen im Sp\u00e4therbst ausgezeichnet und gefeiert. In diesem Jahr musste die geplante Ehrung im GOP Hannover durch die Corona-Entwicklung leider ausfallen.\u00a0Bei der IHK Hannover haben in diesem Jahr 11.000 Auszubildende aus 6.000 Betrieben in der Region Hannover und in acht Landkreisen von Diepholz bis G\u00f6ttingen ihre Abschlusspr\u00fcfungen [&hellip;]\" \/>\n<meta property=\"og:url\" content=\"https:\/\/radioleinewelle.de\/index.php\/2020\/11\/23\/ihk-zufrieden-top-ausbildung-im-corona-jahr\/\" \/>\n<meta property=\"og:site_name\" content=\"Radio Leinewelle\" \/>\n<meta property=\"article:publisher\" content=\"https:\/\/www.facebook.com\/radioleinewelle\" \/>\n<meta property=\"article:author\" content=\"https:\/\/www.facebook.com\/radioleinewelle\" \/>\n<meta property=\"article:published_time\" content=\"2020-11-23T04:10:30+00:00\" \/>\n<meta name=\"author\" content=\"Leinewelle\" \/>\n<meta name=\"twitter:card\" content=\"summary_large_image\" \/>\n<meta name=\"twitter:creator\" content=\"@https:\/\/twitter.com\/RLeinewelle?ref_src=twsrcgoogletwcampserptwgrauthor\" \/>\n<meta name=\"twitter:site\" content=\"@RLeinewelle\" \/>\n<meta name=\"twitter:label1\" content=\"Verfasst von\" \/>\n\t<meta name=\"twitter:data1\" content=\"Leinewelle\" \/>\n\t<meta name=\"twitter:label2\" content=\"Gesch\u00e4tzte Lesezeit\" \/>\n\t<meta name=\"twitter:data2\" content=\"1\u00a0Minute\" \/>\n<script type=\"application\/ld+json\" class=\"yoast-schema-graph\">{\"@context\":\"https:\\\/\\\/schema.org\",\"@graph\":[{\"@type\":\"Article\",\"@id\":\"https:\\\/\\\/radioleinewelle.de\\\/index.php\\\/2020\\\/11\\\/23\\\/ihk-zufrieden-top-ausbildung-im-corona-jahr\\\/#article\",\"isPartOf\":{\"@id\":\"https:\\\/\\\/radioleinewelle.de\\\/index.php\\\/2020\\\/11\\\/23\\\/ihk-zufrieden-top-ausbildung-im-corona-jahr\\\/\"},\"author\":{\"name\":\"Leinewelle\",\"@id\":\"https:\\\/\\\/radioleinewelle.de\\\/#\\\/schema\\\/person\\\/45606f348637df637192dc1b68399a63\"},\"headline\":\"IHK zufrieden: Top-Ausbildung im Corona-Jahr\",\"datePublished\":\"2020-11-23T04:10:30+00:00\",\"mainEntityOfPage\":{\"@id\":\"https:\\\/\\\/radioleinewelle.de\\\/index.php\\\/2020\\\/11\\\/23\\\/ihk-zufrieden-top-ausbildung-im-corona-jahr\\\/\"},\"wordCount\":283,\"publisher\":{\"@id\":\"https:\\\/\\\/radioleinewelle.de\\\/#organization\"},\"articleSection\":[\"Wirtschaft\"],\"inLanguage\":\"de\"},{\"@type\":\"WebPage\",\"@id\":\"https:\\\/\\\/radioleinewelle.de\\\/index.php\\\/2020\\\/11\\\/23\\\/ihk-zufrieden-top-ausbildung-im-corona-jahr\\\/\",\"url\":\"https:\\\/\\\/radioleinewelle.de\\\/index.php\\\/2020\\\/11\\\/23\\\/ihk-zufrieden-top-ausbildung-im-corona-jahr\\\/\",\"name\":\"IHK zufrieden: Top-Ausbildung im Corona-Jahr - Radio Leinewelle\",\"isPartOf\":{\"@id\":\"https:\\\/\\\/radioleinewelle.de\\\/#website\"},\"datePublished\":\"2020-11-23T04:10:30+00:00\",\"breadcrumb\":{\"@id\":\"https:\\\/\\\/radioleinewelle.de\\\/index.php\\\/2020\\\/11\\\/23\\\/ihk-zufrieden-top-ausbildung-im-corona-jahr\\\/#breadcrumb\"},\"inLanguage\":\"de\",\"potentialAction\":[{\"@type\":\"ReadAction\",\"target\":[\"https:\\\/\\\/radioleinewelle.de\\\/index.php\\\/2020\\\/11\\\/23\\\/ihk-zufrieden-top-ausbildung-im-corona-jahr\\\/\"]}]},{\"@type\":\"BreadcrumbList\",\"@id\":\"https:\\\/\\\/radioleinewelle.de\\\/index.php\\\/2020\\\/11\\\/23\\\/ihk-zufrieden-top-ausbildung-im-corona-jahr\\\/#breadcrumb\",\"itemListElement\":[{\"@type\":\"ListItem\",\"position\":1,\"name\":\"Startseite\",\"item\":\"https:\\\/\\\/radioleinewelle.de\\\/\"},{\"@type\":\"ListItem\",\"position\":2,\"name\":\"IHK zufrieden: Top-Ausbildung im Corona-Jahr\"}]},{\"@type\":\"WebSite\",\"@id\":\"https:\\\/\\\/radioleinewelle.de\\\/#website\",\"url\":\"https:\\\/\\\/radioleinewelle.de\\\/\",\"name\":\"Radio Leinewelle\",\"description\":\"\",\"publisher\":{\"@id\":\"https:\\\/\\\/radioleinewelle.de\\\/#organization\"},\"potentialAction\":[{\"@type\":\"SearchAction\",\"target\":{\"@type\":\"EntryPoint\",\"urlTemplate\":\"https:\\\/\\\/radioleinewelle.de\\\/?s={search_term_string}\"},\"query-input\":{\"@type\":\"PropertyValueSpecification\",\"valueRequired\":true,\"valueName\":\"search_term_string\"}}],\"inLanguage\":\"de\"},{\"@type\":\"Organization\",\"@id\":\"https:\\\/\\\/radioleinewelle.de\\\/#organization\",\"name\":\"Radio Leinewelle\",\"alternateName\":\"Mein Radio f\u00fcr S\u00fcdniedersachsen\",\"url\":\"https:\\\/\\\/radioleinewelle.de\\\/\",\"logo\":{\"@type\":\"ImageObject\",\"inLanguage\":\"de\",\"@id\":\"https:\\\/\\\/radioleinewelle.de\\\/#\\\/schema\\\/logo\\\/image\\\/\",\"url\":\"https:\\\/\\\/radioleinewelle.de\\\/wp-content\\\/uploads\\\/2023\\\/11\\\/cropped-Leinewelle_Logo_weiss.png\",\"contentUrl\":\"https:\\\/\\\/radioleinewelle.de\\\/wp-content\\\/uploads\\\/2023\\\/11\\\/cropped-Leinewelle_Logo_weiss.png\",\"width\":854,\"height\":260,\"caption\":\"Radio Leinewelle\"},\"image\":{\"@id\":\"https:\\\/\\\/radioleinewelle.de\\\/#\\\/schema\\\/logo\\\/image\\\/\"},\"sameAs\":[\"https:\\\/\\\/www.facebook.com\\\/radioleinewelle\",\"https:\\\/\\\/x.com\\\/RLeinewelle\",\"https:\\\/\\\/www.instagram.com\\\/radioleinewelle\\\/?hl=de\"]},{\"@type\":\"Person\",\"@id\":\"https:\\\/\\\/radioleinewelle.de\\\/#\\\/schema\\\/person\\\/45606f348637df637192dc1b68399a63\",\"name\":\"Leinewelle\",\"image\":{\"@type\":\"ImageObject\",\"inLanguage\":\"de\",\"@id\":\"https:\\\/\\\/secure.gravatar.com\\\/avatar\\\/05c9a17bc973052ee5d91549bd32fb4dd0dc85b7b85ae94b2e2b4943476bbea5?s=96&d=blank&r=g\",\"url\":\"https:\\\/\\\/secure.gravatar.com\\\/avatar\\\/05c9a17bc973052ee5d91549bd32fb4dd0dc85b7b85ae94b2e2b4943476bbea5?s=96&d=blank&r=g\",\"contentUrl\":\"https:\\\/\\\/secure.gravatar.com\\\/avatar\\\/05c9a17bc973052ee5d91549bd32fb4dd0dc85b7b85ae94b2e2b4943476bbea5?s=96&d=blank&r=g\",\"caption\":\"Leinewelle\"},\"sameAs\":[\"http:\\\/\\\/localhost\\\/radio%20leinewelle\\\/wordpress\",\"https:\\\/\\\/www.facebook.com\\\/radioleinewelle\",\"https:\\\/\\\/www.instagram.com\\\/radioleinewelle\",\"https:\\\/\\\/x.com\\\/https:\\\/\\\/twitter.com\\\/RLeinewelle?ref_src=twsrcgoogletwcampserptwgrauthor\",\"https:\\\/\\\/soundcloud.com\\\/foerderverein-lokalradio?utm_source=clipboard&utm_medium=text&utm_campaign=social_sharing\"],\"url\":\"https:\\\/\\\/radioleinewelle.de\\\/index.php\\\/author\\\/leinewelle\\\/\"}]}<\/script>\n<!-- \/ Yoast SEO plugin. -->","yoast_head_json":{"title":"IHK zufrieden: Top-Ausbildung im Corona-Jahr - Radio Leinewelle","robots":{"index":"index","follow":"follow","max-snippet":"max-snippet:-1","max-image-preview":"max-image-preview:large","max-video-preview":"max-video-preview:-1"},"canonical":"https:\/\/radioleinewelle.de\/index.php\/2020\/11\/23\/ihk-zufrieden-top-ausbildung-im-corona-jahr\/","og_locale":"de_DE","og_type":"article","og_title":"IHK zufrieden: Top-Ausbildung im Corona-Jahr - Radio Leinewelle","og_description":"Allj\u00e4hrlich werden die landesweit besten Auszubildenden in den IHK-Berufen im Sp\u00e4therbst ausgezeichnet und gefeiert. In diesem Jahr musste die geplante Ehrung im GOP Hannover durch die Corona-Entwicklung leider ausfallen.\u00a0Bei der IHK Hannover haben in diesem Jahr 11.000 Auszubildende aus 6.000 Betrieben in der Region Hannover und in acht Landkreisen von Diepholz bis G\u00f6ttingen ihre Abschlusspr\u00fcfungen [&hellip;]","og_url":"https:\/\/radioleinewelle.de\/index.php\/2020\/11\/23\/ihk-zufrieden-top-ausbildung-im-corona-jahr\/","og_site_name":"Radio Leinewelle","article_publisher":"https:\/\/www.facebook.com\/radioleinewelle","article_author":"https:\/\/www.facebook.com\/radioleinewelle","article_published_time":"2020-11-23T04:10:30+00:00","author":"Leinewelle","twitter_card":"summary_large_image","twitter_creator":"@https:\/\/twitter.com\/RLeinewelle?ref_src=twsrcgoogletwcampserptwgrauthor","twitter_site":"@RLeinewelle","twitter_misc":{"Verfasst von":"Leinewelle","Gesch\u00e4tzte Lesezeit":"1\u00a0Minute"},"schema":{"@context":"https:\/\/schema.org","@graph":[{"@type":"Article","@id":"https:\/\/radioleinewelle.de\/index.php\/2020\/11\/23\/ihk-zufrieden-top-ausbildung-im-corona-jahr\/#article","isPartOf":{"@id":"https:\/\/radioleinewelle.de\/index.php\/2020\/11\/23\/ihk-zufrieden-top-ausbildung-im-corona-jahr\/"},"author":{"name":"Leinewelle","@id":"https:\/\/radioleinewelle.de\/#\/schema\/person\/45606f348637df637192dc1b68399a63"},"headline":"IHK zufrieden: Top-Ausbildung im Corona-Jahr","datePublished":"2020-11-23T04:10:30+00:00","mainEntityOfPage":{"@id":"https:\/\/radioleinewelle.de\/index.php\/2020\/11\/23\/ihk-zufrieden-top-ausbildung-im-corona-jahr\/"},"wordCount":283,"publisher":{"@id":"https:\/\/radioleinewelle.de\/#organization"},"articleSection":["Wirtschaft"],"inLanguage":"de"},{"@type":"WebPage","@id":"https:\/\/radioleinewelle.de\/index.php\/2020\/11\/23\/ihk-zufrieden-top-ausbildung-im-corona-jahr\/","url":"https:\/\/radioleinewelle.de\/index.php\/2020\/11\/23\/ihk-zufrieden-top-ausbildung-im-corona-jahr\/","name":"IHK zufrieden: Top-Ausbildung im Corona-Jahr - Radio Leinewelle","isPartOf":{"@id":"https:\/\/radioleinewelle.de\/#website"},"datePublished":"2020-11-23T04:10:30+00:00","breadcrumb":{"@id":"https:\/\/radioleinewelle.de\/index.php\/2020\/11\/23\/ihk-zufrieden-top-ausbildung-im-corona-jahr\/#breadcrumb"},"inLanguage":"de","potentialAction":[{"@type":"ReadAction","target":["https:\/\/radioleinewelle.de\/index.php\/2020\/11\/23\/ihk-zufrieden-top-ausbildung-im-corona-jahr\/"]}]},{"@type":"BreadcrumbList","@id":"https:\/\/radioleinewelle.de\/index.php\/2020\/11\/23\/ihk-zufrieden-top-ausbildung-im-corona-jahr\/#breadcrumb","itemListElement":[{"@type":"ListItem","position":1,"name":"Startseite","item":"https:\/\/radioleinewelle.de\/"},{"@type":"ListItem","position":2,"name":"IHK zufrieden: Top-Ausbildung im Corona-Jahr"}]},{"@type":"WebSite","@id":"https:\/\/radioleinewelle.de\/#website","url":"https:\/\/radioleinewelle.de\/","name":"Radio Leinewelle","description":"","publisher":{"@id":"https:\/\/radioleinewelle.de\/#organization"},"potentialAction":[{"@type":"SearchAction","target":{"@type":"EntryPoint","urlTemplate":"https:\/\/radioleinewelle.de\/?s={search_term_string}"},"query-input":{"@type":"PropertyValueSpecification","valueRequired":true,"valueName":"search_term_string"}}],"inLanguage":"de"},{"@type":"Organization","@id":"https:\/\/radioleinewelle.de\/#organization","name":"Radio Leinewelle","alternateName":"Mein Radio f\u00fcr S\u00fcdniedersachsen","url":"https:\/\/radioleinewelle.de\/","logo":{"@type":"ImageObject","inLanguage":"de","@id":"https:\/\/radioleinewelle.de\/#\/schema\/logo\/image\/","url":"https:\/\/radioleinewelle.de\/wp-content\/uploads\/2023\/11\/cropped-Leinewelle_Logo_weiss.png","contentUrl":"https:\/\/radioleinewelle.de\/wp-content\/uploads\/2023\/11\/cropped-Leinewelle_Logo_weiss.png","width":854,"height":260,"caption":"Radio Leinewelle"},"image":{"@id":"https:\/\/radioleinewelle.de\/#\/schema\/logo\/image\/"},"sameAs":["https:\/\/www.facebook.com\/radioleinewelle","https:\/\/x.com\/RLeinewelle","https:\/\/www.instagram.com\/radioleinewelle\/?hl=de"]},{"@type":"Person","@id":"https:\/\/radioleinewelle.de\/#\/schema\/person\/45606f348637df637192dc1b68399a63","name":"Leinewelle","image":{"@type":"ImageObject","inLanguage":"de","@id":"https:\/\/secure.gravatar.com\/avatar\/05c9a17bc973052ee5d91549bd32fb4dd0dc85b7b85ae94b2e2b4943476bbea5?s=96&d=blank&r=g","url":"https:\/\/secure.gravatar.com\/avatar\/05c9a17bc973052ee5d91549bd32fb4dd0dc85b7b85ae94b2e2b4943476bbea5?s=96&d=blank&r=g","contentUrl":"https:\/\/secure.gravatar.com\/avatar\/05c9a17bc973052ee5d91549bd32fb4dd0dc85b7b85ae94b2e2b4943476bbea5?s=96&d=blank&r=g","caption":"Leinewelle"},"sameAs":["http:\/\/localhost\/radio%20leinewelle\/wordpress","https:\/\/www.facebook.com\/radioleinewelle","https:\/\/www.instagram.com\/radioleinewelle","https:\/\/x.com\/https:\/\/twitter.com\/RLeinewelle?ref_src=twsrcgoogletwcampserptwgrauthor","https:\/\/soundcloud.com\/foerderverein-lokalradio?utm_source=clipboard&utm_medium=text&utm_campaign=social_sharing"],"url":"https:\/\/radioleinewelle.de\/index.php\/author\/leinewelle\/"}]}},"_links":{"self":[{"href":"https:\/\/radioleinewelle.de\/index.php\/wp-json\/wp\/v2\/posts\/3102","targetHints":{"allow":["GET"]}}],"collection":[{"href":"https:\/\/radioleinewelle.de\/index.php\/wp-json\/wp\/v2\/posts"}],"about":[{"href":"https:\/\/radioleinewelle.de\/index.php\/wp-json\/wp\/v2\/types\/post"}],"author":[{"embeddable":true,"href":"https:\/\/radioleinewelle.de\/index.php\/wp-json\/wp\/v2\/users\/1"}],"replies":[{"embeddable":true,"href":"https:\/\/radioleinewelle.de\/index.php\/wp-json\/wp\/v2\/comments?post=3102"}],"version-history":[{"count":0,"href":"https:\/\/radioleinewelle.de\/index.php\/wp-json\/wp\/v2\/posts\/3102\/revisions"}],"wp:attachment":[{"href":"https:\/\/radioleinewelle.de\/index.php\/wp-json\/wp\/v2\/media?parent=3102"}],"wp:term":[{"taxonomy":"category","embeddable":true,"href":"https:\/\/radioleinewelle.de\/index.php\/wp-json\/wp\/v2\/categories?post=3102"},{"taxonomy":"post_tag","embeddable":true,"href":"https:\/\/radioleinewelle.de\/index.php\/wp-json\/wp\/v2\/tags?post=3102"}],"curies":[{"name":"wp","href":"https:\/\/api.w.org\/{rel}","templated":true}]}}