{"id":31037,"date":"2026-04-28T14:25:39","date_gmt":"2026-04-28T12:25:39","guid":{"rendered":"https:\/\/radioleinewelle.de\/?p=31037"},"modified":"2026-04-28T14:25:41","modified_gmt":"2026-04-28T12:25:41","slug":"oepnv-in-goettingen-unter-druck-streit-um-fahrplan-offenbart-grundlegenden-systemkonflikt","status":"publish","type":"post","link":"https:\/\/radioleinewelle.de\/index.php\/2026\/04\/28\/oepnv-in-goettingen-unter-druck-streit-um-fahrplan-offenbart-grundlegenden-systemkonflikt\/","title":{"rendered":"\u00d6PNV in G\u00f6ttingen unter Druck: Streit um Fahrplan offenbart grundlegenden Systemkonflikt"},"content":{"rendered":"\n<h1 class=\"wp-block-heading\"><\/h1>\n\n\n\n\n\n<h4 class=\"wp-block-heading\">Zwischen Krisenmanagement und Verkehrswende<\/h4>\n\n\n\n<p>Die Diskussion um den neuen Fahrplan der&nbsp;G\u00f6ttinger Verkehrsbetriebe&nbsp;hat sich in G\u00f6ttingen l\u00e4ngst von einer rein operativen Frage zu einem politischen und gesellschaftlichen Grundsatzkonflikt entwickelt. Im Kern steht die Frage, wie ein \u00fcberlastetes System kurzfristig stabilisiert werden kann, ohne langfristig an Attraktivit\u00e4t zu verlieren \u2013 und wer daf\u00fcr die Verantwortung tr\u00e4gt.<\/p>\n\n\n\n<p>Aus Sicht der G\u00f6VB ist der eingeschlagene Kurs vor allem eine Reaktion auf massive strukturelle Probleme. Hohe Krankenst\u00e4nde, \u00dcberstunden und Personalmangel haben den Betrieb in eine Lage gebracht, in der ein dichter Fahrplan kaum noch zuverl\u00e4ssig einzuhalten ist. Der gew\u00e4hlte Ansatz lautet daher: weniger Angebot, daf\u00fcr mehr Verl\u00e4sslichkeit. Diese Logik wird auch von Teilen des Aufsichtsrats mitgetragen, etwa aus dem Umfeld der\u00a0B\u00fcndnis 90\/Die Gr\u00fcnen G\u00f6ttingen. In einer Stellungnahme hei\u00dft es:<br>\u201eWichtig ist uns in solchen Situationen, dass ein verl\u00e4ssliches Busangebot besser ist als kurzfristig krankheitsbedingt auftretende Ausf\u00e4lle.\u201c\u00a0Gleichzeitig betonen die Vertreter, dass die aktuelle Situation Ausdruck struktureller Unterfinanzierung und Personalknappheit sei. \u201eDie G\u00f6VB kann jedoch nur mit den personellen und finanziellen Ressourcen arbeiten, die ihr zur Verf\u00fcgung stehen\u201c, hei\u00dft es weiter, verbunden mit der Forderung, den \u00d6PNV langfristig besser auszustatten.\u00a0<\/p>\n\n\n\n<h4 class=\"wp-block-heading\">Breite politische Kritik am Vorgehen<\/h4>\n\n\n\n<p>Deutlich sch\u00e4rfer f\u00e4llt die Kritik aus der Kommunalpolitik aus, insbesondere von der\u00a0G\u00f6ttinger SPD. Zwar wird auch hier die Entlastung der Besch\u00e4ftigten ausdr\u00fccklich unterst\u00fctzt, doch das Vorgehen der Gesch\u00e4ftsf\u00fchrung st\u00f6\u00dft auf massiven Widerstand. Im Zentrum steht dabei weniger nur der Inhalt der K\u00fcrzungen als vielmehr die Art und Weise ihrer Umsetzung. So kritisiert die SPD, dass ein so weitreichender Fahrplanwechsel ohne ausreichende Abstimmung mit dem Aufsichtsrat erfolgt sei. Dazu die Vorsitzende der SPD-Ratsfraktion, Insa Wiethaup: \u201eDass die Besch\u00e4ftigten entlastet werden m\u00fcssen, ist v\u00f6llig richtig. Aber wer in einer solchen Lage tief in das Angebot eingreift, darf den Aufsichtsrat nicht einfach au\u00dfen vorlassen.\u201c\u00a0<\/p>\n\n\n\n<p>Auch inhaltlich lehnt die SPD den eingeschlagenen Kurs ab. Besonders der Wegfall von Nachtverbindungen und die Ausd\u00fcnnung zentraler Linien werden als falsches Signal gewertet. Der verkehrspolitische Sprecher Volker Grothey bringt die Grundposition auf den Punkt: \u201eWeniger Angebot kann nicht die Zukunft der G\u00f6VB sein.\u201c\u00a0Damit formuliert die SPD einen klaren Gegenentwurf zur betriebswirtschaftlichen Argumentation der Verkehrsbetriebe: Nicht Stabilit\u00e4t durch Reduktion, sondern Stabilit\u00e4t durch strukturelle Verbesserungen und Ausbau des Angebots.<\/p>\n\n\n\n<h4 class=\"wp-block-heading\">Fahrgastperspektive: Kritik an Qualit\u00e4t und Kommunikation<\/h4>\n\n\n\n<p>Noch st\u00e4rker aus Nutzerperspektive argumentiert der\u00a0PRO BAHN S\u00fcdniedersachsen. Hier wird weniger der Fahrplanwechsel als solcher kritisiert, sondern die generelle Entwicklung der letzten Monate. Die anhaltenden Ausf\u00e4lle werden als erhebliche Belastung wahrgenommen: \u201eDie anhaltenden massiven Fahrtausf\u00e4lle im G\u00f6ttinger Stadtbusverkehr sind [\u2026] eine gro\u00dfe Zumutung f\u00fcr die Fahrg\u00e4ste\u201c, erkl\u00e4rt der Vorsitzende Gerd Aschoff.\u00a0<\/p>\n\n\n\n<p>Zugleich stellt der Verband die Frage, ob die Probleme nicht fr\u00fcher h\u00e4tten abgefedert werden k\u00f6nnen. Das Personalproblem sei absehbar gewesen, entsprechende Gegenma\u00dfnahmen h\u00e4tten rechtzeitig ergriffen werden m\u00fcssen. Interessanterweise pl\u00e4diert PRO BAHN nicht grunds\u00e4tzlich gegen einen Notfahrplan, sondern fordert im Gegenteil mehr Planbarkeit: \u201eEin auf mehrere Monate angelegter Notfahrplan [w\u00e4re] gegen\u00fcber kurzfristigen Einschr\u00e4nkungen die ehrlichere Vorgehensweise.\u201c\u00a0<\/p>\n\n\n\n<p>Neben dem Angebot selbst wird auch die Qualit\u00e4t der Fahrgastinformation kritisiert \u2013 von defekten Anzeigen bis zu unzuverl\u00e4ssigen Echtzeitdaten. Damit erweitert sich die Debatte \u00fcber den Fahrplan hinaus auf grundlegende Fragen der Servicequalit\u00e4t und Kommunikation.<br><\/p>\n\n\n\n\n\n<p class=\"has-text-align-center\"><em><strong>Frequency is freedom<\/strong><\/em><br>Jarrett Walker, US Berater \u00d6ffentlicher Verkehr<\/p>\n\n\n\n\n\n<h4 class=\"wp-block-heading\">Stadt zwischen den Fronten<\/h4>\n\n\n\n<p>Die&nbsp;Stadt G\u00f6ttingen&nbsp;befindet sich in dieser Situation in einer vermittelnden Rolle. Einerseits ist sie politisch verantwortlich f\u00fcr die Daseinsvorsorge und steht unter Druck, ein attraktives \u00d6PNV-Angebot sicherzustellen. Andererseits ist sie mit den realen betrieblichen Einschr\u00e4nkungen konfrontiert, die sich nicht kurzfristig aufl\u00f6sen lassen. Die Kritik der SPD macht jedoch deutlich, dass auch innerhalb der politischen Steuerung Unzufriedenheit dar\u00fcber besteht, wie stark die Verwaltung und der Aufsichtsrat tats\u00e4chlich eingebunden sind.<\/p>\n\n\n\n<h4 class=\"wp-block-heading\">Ein Konflikt mit struktureller Tiefe<\/h4>\n\n\n\n<p>Die Auseinandersetzung in G\u00f6ttingen steht exemplarisch f\u00fcr ein grundlegendes Problem des \u00f6ffentlichen Nahverkehrs, das auch in der Verkehrs\u00adwissenschaft immer wieder beschrieben wird. Der Planer&nbsp;Jarrett Walker&nbsp;bringt die Bedeutung eines dichten Angebots mit dem oft zitierten Satz \u201eFrequency is freedom\u201c auf den Punkt \u2013 ein Hinweis darauf, wie zentral Taktung f\u00fcr die tats\u00e4chliche Nutzbarkeit ist. Gleichzeitig verweist der Verkehrs\u00f6konom&nbsp;Herbert Baum&nbsp;auf den systemischen Zielkonflikt: \u201eDer \u00f6ffentliche Verkehr steht immer im Spannungsfeld zwischen betriebswirtschaftlicher Effizienz und verkehrspolitischer Daseinsvorsorge.\u201c<\/p>\n\n\n\n<p>Genau zwischen diesen beiden Polen bewegt sich aktuell auch die Diskussion in G\u00f6ttingen. W\u00e4hrend die Reduzierung des Angebots kurzfristig zur Stabilisierung beitragen kann, warnen viele Studien davor, dass K\u00fcrzungen langfristig eine Abw\u00e4rtsspirale ausl\u00f6sen k\u00f6nnen \u2013 mit sinkenden Fahrgastzahlen und weiterem Druck auf das System. Die zentrale Herausforderung bleibt damit ungel\u00f6st: Wie l\u00e4sst sich ein \u00d6PNV organisieren, der zugleich verl\u00e4sslich, attraktiv und unter realen Bedingungen \u00fcberhaupt betreibbar ist?<br><em>Ulf Engelmayer<\/em><\/p>\n\n\n\n<p class=\"has-text-align-right has-small-font-size\"><strong>Fotos:<\/strong> \u00a9Radio Leinewelle (<em>Jutta Engelmayer<\/em>)<\/p>\n","protected":false},"excerpt":{"rendered":"<p>Zwischen Krisenmanagement und Verkehrswende Die Diskussion um den neuen Fahrplan der&nbsp;G\u00f6ttinger Verkehrsbetriebe&nbsp;hat sich in G\u00f6ttingen l\u00e4ngst von einer rein operativen Frage zu einem politischen und gesellschaftlichen Grundsatzkonflikt entwickelt. Im Kern steht die Frage, wie ein \u00fcberlastetes System kurzfristig stabilisiert werden kann, ohne langfristig an Attraktivit\u00e4t zu verlieren \u2013 und wer daf\u00fcr die Verantwortung tr\u00e4gt. Aus [&hellip;]<\/p>\n","protected":false},"author":6,"featured_media":31039,"comment_status":"open","ping_status":"open","sticky":false,"template":"","format":"standard","meta":{"saved_in_kubio":false,"footnotes":""},"categories":[4552,4302],"tags":[5064,4271,63,5062,5065,1536,5063,632,5066,5068,5067],"class_list":["post-31037","post","type-post","status-publish","format-standard","has-post-thumbnail","hentry","category-mobilitaet","category-verkehr","tag-busfahrplan","tag-busverkehr","tag-goettingen","tag-mobilitaet","tag-mobilitaetfueralle","tag-oepnv","tag-oepnvkrise","tag-suedniedersachsen","tag-verkehrspolitik","tag-verkehrswende","tag-zukunftmobilitaet"],"yoast_head":"<!-- This site is optimized with the Yoast SEO plugin v27.5 - https:\/\/yoast.com\/product\/yoast-seo-wordpress\/ -->\n<title>\u00d6PNV in G\u00f6ttingen unter Druck: Streit um Fahrplan offenbart grundlegenden Systemkonflikt - Radio Leinewelle<\/title>\n<meta name=\"description\" content=\"Kritik an Fahrplank\u00fcrzungen in G\u00f6ttingen w\u00e4chst: Politik, G\u00f6VB und Fahrgastverb\u00e4nde streiten \u00fcber Angebot, Personal und Zukunft des \u00d6PNV.\" \/>\n<meta name=\"robots\" content=\"index, follow, max-snippet:-1, max-image-preview:large, max-video-preview:-1\" \/>\n<link rel=\"canonical\" href=\"https:\/\/radioleinewelle.de\/index.php\/2026\/04\/28\/oepnv-in-goettingen-unter-druck-streit-um-fahrplan-offenbart-grundlegenden-systemkonflikt\/\" \/>\n<meta property=\"og:locale\" content=\"de_DE\" \/>\n<meta property=\"og:type\" content=\"article\" \/>\n<meta property=\"og:title\" content=\"\u00d6PNV in G\u00f6ttingen unter Druck: Streit um Fahrplan offenbart grundlegenden Systemkonflikt - Radio Leinewelle\" \/>\n<meta property=\"og:description\" content=\"Kritik an Fahrplank\u00fcrzungen in G\u00f6ttingen w\u00e4chst: Politik, G\u00f6VB und Fahrgastverb\u00e4nde streiten \u00fcber Angebot, Personal und Zukunft des \u00d6PNV.\" \/>\n<meta property=\"og:url\" content=\"https:\/\/radioleinewelle.de\/index.php\/2026\/04\/28\/oepnv-in-goettingen-unter-druck-streit-um-fahrplan-offenbart-grundlegenden-systemkonflikt\/\" \/>\n<meta property=\"og:site_name\" content=\"Radio Leinewelle\" \/>\n<meta property=\"article:publisher\" content=\"https:\/\/www.facebook.com\/radioleinewelle\" \/>\n<meta property=\"article:published_time\" content=\"2026-04-28T12:25:39+00:00\" \/>\n<meta property=\"article:modified_time\" content=\"2026-04-28T12:25:41+00:00\" \/>\n<meta property=\"og:image\" content=\"https:\/\/radioleinewelle.de\/wp-content\/uploads\/2026\/04\/OePNV-Bus.jpg\" \/>\n\t<meta property=\"og:image:width\" content=\"1512\" \/>\n\t<meta property=\"og:image:height\" content=\"2016\" \/>\n\t<meta property=\"og:image:type\" content=\"image\/jpeg\" \/>\n<meta name=\"author\" content=\"Ulf Engelmayer\" \/>\n<meta name=\"twitter:card\" content=\"summary_large_image\" \/>\n<meta name=\"twitter:creator\" content=\"@RLeinewelle\" \/>\n<meta name=\"twitter:site\" content=\"@RLeinewelle\" \/>\n<meta name=\"twitter:label1\" content=\"Verfasst von\" \/>\n\t<meta name=\"twitter:data1\" content=\"Ulf Engelmayer\" \/>\n\t<meta name=\"twitter:label2\" content=\"Gesch\u00e4tzte Lesezeit\" \/>\n\t<meta name=\"twitter:data2\" content=\"5\u00a0Minuten\" \/>\n<script type=\"application\/ld+json\" class=\"yoast-schema-graph\">{\"@context\":\"https:\\\/\\\/schema.org\",\"@graph\":[{\"@type\":\"Article\",\"@id\":\"https:\\\/\\\/radioleinewelle.de\\\/index.php\\\/2026\\\/04\\\/28\\\/oepnv-in-goettingen-unter-druck-streit-um-fahrplan-offenbart-grundlegenden-systemkonflikt\\\/#article\",\"isPartOf\":{\"@id\":\"https:\\\/\\\/radioleinewelle.de\\\/index.php\\\/2026\\\/04\\\/28\\\/oepnv-in-goettingen-unter-druck-streit-um-fahrplan-offenbart-grundlegenden-systemkonflikt\\\/\"},\"author\":{\"name\":\"Ulf Engelmayer\",\"@id\":\"https:\\\/\\\/radioleinewelle.de\\\/#\\\/schema\\\/person\\\/57bad1d4e916f10da4e6763d01aec895\"},\"headline\":\"\u00d6PNV in G\u00f6ttingen unter Druck: Streit um Fahrplan offenbart grundlegenden Systemkonflikt\",\"datePublished\":\"2026-04-28T12:25:39+00:00\",\"dateModified\":\"2026-04-28T12:25:41+00:00\",\"mainEntityOfPage\":{\"@id\":\"https:\\\/\\\/radioleinewelle.de\\\/index.php\\\/2026\\\/04\\\/28\\\/oepnv-in-goettingen-unter-druck-streit-um-fahrplan-offenbart-grundlegenden-systemkonflikt\\\/\"},\"wordCount\":849,\"commentCount\":0,\"publisher\":{\"@id\":\"https:\\\/\\\/radioleinewelle.de\\\/#organization\"},\"image\":{\"@id\":\"https:\\\/\\\/radioleinewelle.de\\\/index.php\\\/2026\\\/04\\\/28\\\/oepnv-in-goettingen-unter-druck-streit-um-fahrplan-offenbart-grundlegenden-systemkonflikt\\\/#primaryimage\"},\"thumbnailUrl\":\"https:\\\/\\\/radioleinewelle.de\\\/wp-content\\\/uploads\\\/2026\\\/04\\\/OePNV-Bus.jpg\",\"keywords\":[\"Busfahrplan\",\"Busverkehr\",\"G\u00f6ttingen\",\"Mobilit\u00e4t\",\"Mobilit\u00e4tF\u00fcrAlle\",\"\u00d6PNV\",\"\u00d6PNVKrise\",\"S\u00fcdniedersachsen\",\"Verkehrspolitik\",\"Verkehrswende\",\"ZukunftMobilit\u00e4t\"],\"articleSection\":[\"Mobilit\u00e4t\",\"Verkehr\"],\"inLanguage\":\"de\",\"potentialAction\":[{\"@type\":\"CommentAction\",\"name\":\"Comment\",\"target\":[\"https:\\\/\\\/radioleinewelle.de\\\/index.php\\\/2026\\\/04\\\/28\\\/oepnv-in-goettingen-unter-druck-streit-um-fahrplan-offenbart-grundlegenden-systemkonflikt\\\/#respond\"]}]},{\"@type\":\"WebPage\",\"@id\":\"https:\\\/\\\/radioleinewelle.de\\\/index.php\\\/2026\\\/04\\\/28\\\/oepnv-in-goettingen-unter-druck-streit-um-fahrplan-offenbart-grundlegenden-systemkonflikt\\\/\",\"url\":\"https:\\\/\\\/radioleinewelle.de\\\/index.php\\\/2026\\\/04\\\/28\\\/oepnv-in-goettingen-unter-druck-streit-um-fahrplan-offenbart-grundlegenden-systemkonflikt\\\/\",\"name\":\"\u00d6PNV in G\u00f6ttingen unter Druck: Streit um Fahrplan offenbart grundlegenden Systemkonflikt - Radio Leinewelle\",\"isPartOf\":{\"@id\":\"https:\\\/\\\/radioleinewelle.de\\\/#website\"},\"primaryImageOfPage\":{\"@id\":\"https:\\\/\\\/radioleinewelle.de\\\/index.php\\\/2026\\\/04\\\/28\\\/oepnv-in-goettingen-unter-druck-streit-um-fahrplan-offenbart-grundlegenden-systemkonflikt\\\/#primaryimage\"},\"image\":{\"@id\":\"https:\\\/\\\/radioleinewelle.de\\\/index.php\\\/2026\\\/04\\\/28\\\/oepnv-in-goettingen-unter-druck-streit-um-fahrplan-offenbart-grundlegenden-systemkonflikt\\\/#primaryimage\"},\"thumbnailUrl\":\"https:\\\/\\\/radioleinewelle.de\\\/wp-content\\\/uploads\\\/2026\\\/04\\\/OePNV-Bus.jpg\",\"datePublished\":\"2026-04-28T12:25:39+00:00\",\"dateModified\":\"2026-04-28T12:25:41+00:00\",\"description\":\"Kritik an Fahrplank\u00fcrzungen in G\u00f6ttingen w\u00e4chst: Politik, G\u00f6VB und Fahrgastverb\u00e4nde streiten \u00fcber Angebot, Personal und Zukunft des \u00d6PNV.\",\"breadcrumb\":{\"@id\":\"https:\\\/\\\/radioleinewelle.de\\\/index.php\\\/2026\\\/04\\\/28\\\/oepnv-in-goettingen-unter-druck-streit-um-fahrplan-offenbart-grundlegenden-systemkonflikt\\\/#breadcrumb\"},\"inLanguage\":\"de\",\"potentialAction\":[{\"@type\":\"ReadAction\",\"target\":[\"https:\\\/\\\/radioleinewelle.de\\\/index.php\\\/2026\\\/04\\\/28\\\/oepnv-in-goettingen-unter-druck-streit-um-fahrplan-offenbart-grundlegenden-systemkonflikt\\\/\"]}]},{\"@type\":\"ImageObject\",\"inLanguage\":\"de\",\"@id\":\"https:\\\/\\\/radioleinewelle.de\\\/index.php\\\/2026\\\/04\\\/28\\\/oepnv-in-goettingen-unter-druck-streit-um-fahrplan-offenbart-grundlegenden-systemkonflikt\\\/#primaryimage\",\"url\":\"https:\\\/\\\/radioleinewelle.de\\\/wp-content\\\/uploads\\\/2026\\\/04\\\/OePNV-Bus.jpg\",\"contentUrl\":\"https:\\\/\\\/radioleinewelle.de\\\/wp-content\\\/uploads\\\/2026\\\/04\\\/OePNV-Bus.jpg\",\"width\":1512,\"height\":2016},{\"@type\":\"BreadcrumbList\",\"@id\":\"https:\\\/\\\/radioleinewelle.de\\\/index.php\\\/2026\\\/04\\\/28\\\/oepnv-in-goettingen-unter-druck-streit-um-fahrplan-offenbart-grundlegenden-systemkonflikt\\\/#breadcrumb\",\"itemListElement\":[{\"@type\":\"ListItem\",\"position\":1,\"name\":\"Startseite\",\"item\":\"https:\\\/\\\/radioleinewelle.de\\\/\"},{\"@type\":\"ListItem\",\"position\":2,\"name\":\"\u00d6PNV in G\u00f6ttingen unter Druck: Streit um Fahrplan offenbart grundlegenden Systemkonflikt\"}]},{\"@type\":\"WebSite\",\"@id\":\"https:\\\/\\\/radioleinewelle.de\\\/#website\",\"url\":\"https:\\\/\\\/radioleinewelle.de\\\/\",\"name\":\"Radio Leinewelle\",\"description\":\"\",\"publisher\":{\"@id\":\"https:\\\/\\\/radioleinewelle.de\\\/#organization\"},\"potentialAction\":[{\"@type\":\"SearchAction\",\"target\":{\"@type\":\"EntryPoint\",\"urlTemplate\":\"https:\\\/\\\/radioleinewelle.de\\\/?s={search_term_string}\"},\"query-input\":{\"@type\":\"PropertyValueSpecification\",\"valueRequired\":true,\"valueName\":\"search_term_string\"}}],\"inLanguage\":\"de\"},{\"@type\":\"Organization\",\"@id\":\"https:\\\/\\\/radioleinewelle.de\\\/#organization\",\"name\":\"Radio Leinewelle\",\"alternateName\":\"Mein Radio f\u00fcr S\u00fcdniedersachsen\",\"url\":\"https:\\\/\\\/radioleinewelle.de\\\/\",\"logo\":{\"@type\":\"ImageObject\",\"inLanguage\":\"de\",\"@id\":\"https:\\\/\\\/radioleinewelle.de\\\/#\\\/schema\\\/logo\\\/image\\\/\",\"url\":\"https:\\\/\\\/radioleinewelle.de\\\/wp-content\\\/uploads\\\/2023\\\/11\\\/cropped-Leinewelle_Logo_weiss.png\",\"contentUrl\":\"https:\\\/\\\/radioleinewelle.de\\\/wp-content\\\/uploads\\\/2023\\\/11\\\/cropped-Leinewelle_Logo_weiss.png\",\"width\":854,\"height\":260,\"caption\":\"Radio Leinewelle\"},\"image\":{\"@id\":\"https:\\\/\\\/radioleinewelle.de\\\/#\\\/schema\\\/logo\\\/image\\\/\"},\"sameAs\":[\"https:\\\/\\\/www.facebook.com\\\/radioleinewelle\",\"https:\\\/\\\/x.com\\\/RLeinewelle\",\"https:\\\/\\\/www.instagram.com\\\/radioleinewelle\\\/?hl=de\"]},{\"@type\":\"Person\",\"@id\":\"https:\\\/\\\/radioleinewelle.de\\\/#\\\/schema\\\/person\\\/57bad1d4e916f10da4e6763d01aec895\",\"name\":\"Ulf Engelmayer\",\"image\":{\"@type\":\"ImageObject\",\"inLanguage\":\"de\",\"@id\":\"https:\\\/\\\/secure.gravatar.com\\\/avatar\\\/f056d5d62beaff9b66570d67e3e698ea7ff6463d140c80fc667a56e338ecf046?s=96&d=blank&r=g\",\"url\":\"https:\\\/\\\/secure.gravatar.com\\\/avatar\\\/f056d5d62beaff9b66570d67e3e698ea7ff6463d140c80fc667a56e338ecf046?s=96&d=blank&r=g\",\"contentUrl\":\"https:\\\/\\\/secure.gravatar.com\\\/avatar\\\/f056d5d62beaff9b66570d67e3e698ea7ff6463d140c80fc667a56e338ecf046?s=96&d=blank&r=g\",\"caption\":\"Ulf Engelmayer\"},\"url\":\"https:\\\/\\\/radioleinewelle.de\\\/index.php\\\/author\\\/ulf-engelmayer\\\/\"}]}<\/script>\n<!-- \/ Yoast SEO plugin. -->","yoast_head_json":{"title":"\u00d6PNV in G\u00f6ttingen unter Druck: Streit um Fahrplan offenbart grundlegenden Systemkonflikt - Radio Leinewelle","description":"Kritik an Fahrplank\u00fcrzungen in G\u00f6ttingen w\u00e4chst: Politik, G\u00f6VB und Fahrgastverb\u00e4nde streiten \u00fcber Angebot, Personal und Zukunft des \u00d6PNV.","robots":{"index":"index","follow":"follow","max-snippet":"max-snippet:-1","max-image-preview":"max-image-preview:large","max-video-preview":"max-video-preview:-1"},"canonical":"https:\/\/radioleinewelle.de\/index.php\/2026\/04\/28\/oepnv-in-goettingen-unter-druck-streit-um-fahrplan-offenbart-grundlegenden-systemkonflikt\/","og_locale":"de_DE","og_type":"article","og_title":"\u00d6PNV in G\u00f6ttingen unter Druck: Streit um Fahrplan offenbart grundlegenden Systemkonflikt - Radio Leinewelle","og_description":"Kritik an Fahrplank\u00fcrzungen in G\u00f6ttingen w\u00e4chst: Politik, G\u00f6VB und Fahrgastverb\u00e4nde streiten \u00fcber Angebot, Personal und Zukunft des \u00d6PNV.","og_url":"https:\/\/radioleinewelle.de\/index.php\/2026\/04\/28\/oepnv-in-goettingen-unter-druck-streit-um-fahrplan-offenbart-grundlegenden-systemkonflikt\/","og_site_name":"Radio Leinewelle","article_publisher":"https:\/\/www.facebook.com\/radioleinewelle","article_published_time":"2026-04-28T12:25:39+00:00","article_modified_time":"2026-04-28T12:25:41+00:00","og_image":[{"width":1512,"height":2016,"url":"https:\/\/radioleinewelle.de\/wp-content\/uploads\/2026\/04\/OePNV-Bus.jpg","type":"image\/jpeg"}],"author":"Ulf Engelmayer","twitter_card":"summary_large_image","twitter_creator":"@RLeinewelle","twitter_site":"@RLeinewelle","twitter_misc":{"Verfasst von":"Ulf Engelmayer","Gesch\u00e4tzte Lesezeit":"5\u00a0Minuten"},"schema":{"@context":"https:\/\/schema.org","@graph":[{"@type":"Article","@id":"https:\/\/radioleinewelle.de\/index.php\/2026\/04\/28\/oepnv-in-goettingen-unter-druck-streit-um-fahrplan-offenbart-grundlegenden-systemkonflikt\/#article","isPartOf":{"@id":"https:\/\/radioleinewelle.de\/index.php\/2026\/04\/28\/oepnv-in-goettingen-unter-druck-streit-um-fahrplan-offenbart-grundlegenden-systemkonflikt\/"},"author":{"name":"Ulf Engelmayer","@id":"https:\/\/radioleinewelle.de\/#\/schema\/person\/57bad1d4e916f10da4e6763d01aec895"},"headline":"\u00d6PNV in G\u00f6ttingen unter Druck: Streit um Fahrplan offenbart grundlegenden Systemkonflikt","datePublished":"2026-04-28T12:25:39+00:00","dateModified":"2026-04-28T12:25:41+00:00","mainEntityOfPage":{"@id":"https:\/\/radioleinewelle.de\/index.php\/2026\/04\/28\/oepnv-in-goettingen-unter-druck-streit-um-fahrplan-offenbart-grundlegenden-systemkonflikt\/"},"wordCount":849,"commentCount":0,"publisher":{"@id":"https:\/\/radioleinewelle.de\/#organization"},"image":{"@id":"https:\/\/radioleinewelle.de\/index.php\/2026\/04\/28\/oepnv-in-goettingen-unter-druck-streit-um-fahrplan-offenbart-grundlegenden-systemkonflikt\/#primaryimage"},"thumbnailUrl":"https:\/\/radioleinewelle.de\/wp-content\/uploads\/2026\/04\/OePNV-Bus.jpg","keywords":["Busfahrplan","Busverkehr","G\u00f6ttingen","Mobilit\u00e4t","Mobilit\u00e4tF\u00fcrAlle","\u00d6PNV","\u00d6PNVKrise","S\u00fcdniedersachsen","Verkehrspolitik","Verkehrswende","ZukunftMobilit\u00e4t"],"articleSection":["Mobilit\u00e4t","Verkehr"],"inLanguage":"de","potentialAction":[{"@type":"CommentAction","name":"Comment","target":["https:\/\/radioleinewelle.de\/index.php\/2026\/04\/28\/oepnv-in-goettingen-unter-druck-streit-um-fahrplan-offenbart-grundlegenden-systemkonflikt\/#respond"]}]},{"@type":"WebPage","@id":"https:\/\/radioleinewelle.de\/index.php\/2026\/04\/28\/oepnv-in-goettingen-unter-druck-streit-um-fahrplan-offenbart-grundlegenden-systemkonflikt\/","url":"https:\/\/radioleinewelle.de\/index.php\/2026\/04\/28\/oepnv-in-goettingen-unter-druck-streit-um-fahrplan-offenbart-grundlegenden-systemkonflikt\/","name":"\u00d6PNV in G\u00f6ttingen unter Druck: Streit um Fahrplan offenbart grundlegenden Systemkonflikt - Radio Leinewelle","isPartOf":{"@id":"https:\/\/radioleinewelle.de\/#website"},"primaryImageOfPage":{"@id":"https:\/\/radioleinewelle.de\/index.php\/2026\/04\/28\/oepnv-in-goettingen-unter-druck-streit-um-fahrplan-offenbart-grundlegenden-systemkonflikt\/#primaryimage"},"image":{"@id":"https:\/\/radioleinewelle.de\/index.php\/2026\/04\/28\/oepnv-in-goettingen-unter-druck-streit-um-fahrplan-offenbart-grundlegenden-systemkonflikt\/#primaryimage"},"thumbnailUrl":"https:\/\/radioleinewelle.de\/wp-content\/uploads\/2026\/04\/OePNV-Bus.jpg","datePublished":"2026-04-28T12:25:39+00:00","dateModified":"2026-04-28T12:25:41+00:00","description":"Kritik an Fahrplank\u00fcrzungen in G\u00f6ttingen w\u00e4chst: Politik, G\u00f6VB und Fahrgastverb\u00e4nde streiten \u00fcber Angebot, Personal und Zukunft des \u00d6PNV.","breadcrumb":{"@id":"https:\/\/radioleinewelle.de\/index.php\/2026\/04\/28\/oepnv-in-goettingen-unter-druck-streit-um-fahrplan-offenbart-grundlegenden-systemkonflikt\/#breadcrumb"},"inLanguage":"de","potentialAction":[{"@type":"ReadAction","target":["https:\/\/radioleinewelle.de\/index.php\/2026\/04\/28\/oepnv-in-goettingen-unter-druck-streit-um-fahrplan-offenbart-grundlegenden-systemkonflikt\/"]}]},{"@type":"ImageObject","inLanguage":"de","@id":"https:\/\/radioleinewelle.de\/index.php\/2026\/04\/28\/oepnv-in-goettingen-unter-druck-streit-um-fahrplan-offenbart-grundlegenden-systemkonflikt\/#primaryimage","url":"https:\/\/radioleinewelle.de\/wp-content\/uploads\/2026\/04\/OePNV-Bus.jpg","contentUrl":"https:\/\/radioleinewelle.de\/wp-content\/uploads\/2026\/04\/OePNV-Bus.jpg","width":1512,"height":2016},{"@type":"BreadcrumbList","@id":"https:\/\/radioleinewelle.de\/index.php\/2026\/04\/28\/oepnv-in-goettingen-unter-druck-streit-um-fahrplan-offenbart-grundlegenden-systemkonflikt\/#breadcrumb","itemListElement":[{"@type":"ListItem","position":1,"name":"Startseite","item":"https:\/\/radioleinewelle.de\/"},{"@type":"ListItem","position":2,"name":"\u00d6PNV in G\u00f6ttingen unter Druck: Streit um Fahrplan offenbart grundlegenden Systemkonflikt"}]},{"@type":"WebSite","@id":"https:\/\/radioleinewelle.de\/#website","url":"https:\/\/radioleinewelle.de\/","name":"Radio Leinewelle","description":"","publisher":{"@id":"https:\/\/radioleinewelle.de\/#organization"},"potentialAction":[{"@type":"SearchAction","target":{"@type":"EntryPoint","urlTemplate":"https:\/\/radioleinewelle.de\/?s={search_term_string}"},"query-input":{"@type":"PropertyValueSpecification","valueRequired":true,"valueName":"search_term_string"}}],"inLanguage":"de"},{"@type":"Organization","@id":"https:\/\/radioleinewelle.de\/#organization","name":"Radio Leinewelle","alternateName":"Mein Radio f\u00fcr S\u00fcdniedersachsen","url":"https:\/\/radioleinewelle.de\/","logo":{"@type":"ImageObject","inLanguage":"de","@id":"https:\/\/radioleinewelle.de\/#\/schema\/logo\/image\/","url":"https:\/\/radioleinewelle.de\/wp-content\/uploads\/2023\/11\/cropped-Leinewelle_Logo_weiss.png","contentUrl":"https:\/\/radioleinewelle.de\/wp-content\/uploads\/2023\/11\/cropped-Leinewelle_Logo_weiss.png","width":854,"height":260,"caption":"Radio Leinewelle"},"image":{"@id":"https:\/\/radioleinewelle.de\/#\/schema\/logo\/image\/"},"sameAs":["https:\/\/www.facebook.com\/radioleinewelle","https:\/\/x.com\/RLeinewelle","https:\/\/www.instagram.com\/radioleinewelle\/?hl=de"]},{"@type":"Person","@id":"https:\/\/radioleinewelle.de\/#\/schema\/person\/57bad1d4e916f10da4e6763d01aec895","name":"Ulf Engelmayer","image":{"@type":"ImageObject","inLanguage":"de","@id":"https:\/\/secure.gravatar.com\/avatar\/f056d5d62beaff9b66570d67e3e698ea7ff6463d140c80fc667a56e338ecf046?s=96&d=blank&r=g","url":"https:\/\/secure.gravatar.com\/avatar\/f056d5d62beaff9b66570d67e3e698ea7ff6463d140c80fc667a56e338ecf046?s=96&d=blank&r=g","contentUrl":"https:\/\/secure.gravatar.com\/avatar\/f056d5d62beaff9b66570d67e3e698ea7ff6463d140c80fc667a56e338ecf046?s=96&d=blank&r=g","caption":"Ulf Engelmayer"},"url":"https:\/\/radioleinewelle.de\/index.php\/author\/ulf-engelmayer\/"}]}},"_links":{"self":[{"href":"https:\/\/radioleinewelle.de\/index.php\/wp-json\/wp\/v2\/posts\/31037","targetHints":{"allow":["GET"]}}],"collection":[{"href":"https:\/\/radioleinewelle.de\/index.php\/wp-json\/wp\/v2\/posts"}],"about":[{"href":"https:\/\/radioleinewelle.de\/index.php\/wp-json\/wp\/v2\/types\/post"}],"author":[{"embeddable":true,"href":"https:\/\/radioleinewelle.de\/index.php\/wp-json\/wp\/v2\/users\/6"}],"replies":[{"embeddable":true,"href":"https:\/\/radioleinewelle.de\/index.php\/wp-json\/wp\/v2\/comments?post=31037"}],"version-history":[{"count":6,"href":"https:\/\/radioleinewelle.de\/index.php\/wp-json\/wp\/v2\/posts\/31037\/revisions"}],"predecessor-version":[{"id":31049,"href":"https:\/\/radioleinewelle.de\/index.php\/wp-json\/wp\/v2\/posts\/31037\/revisions\/31049"}],"wp:featuredmedia":[{"embeddable":true,"href":"https:\/\/radioleinewelle.de\/index.php\/wp-json\/wp\/v2\/media\/31039"}],"wp:attachment":[{"href":"https:\/\/radioleinewelle.de\/index.php\/wp-json\/wp\/v2\/media?parent=31037"}],"wp:term":[{"taxonomy":"category","embeddable":true,"href":"https:\/\/radioleinewelle.de\/index.php\/wp-json\/wp\/v2\/categories?post=31037"},{"taxonomy":"post_tag","embeddable":true,"href":"https:\/\/radioleinewelle.de\/index.php\/wp-json\/wp\/v2\/tags?post=31037"}],"curies":[{"name":"wp","href":"https:\/\/api.w.org\/{rel}","templated":true}]}}