{"id":3107,"date":"2020-11-24T05:11:00","date_gmt":"2020-11-24T04:11:00","guid":{"rendered":"https:\/\/radioleinewelle.de\/?p=3107"},"modified":"2020-11-24T05:11:00","modified_gmt":"2020-11-24T04:11:00","slug":"landkreis-staerkt-ehrenamt-projekt-give-startet-online-seminarreihe","status":"publish","type":"post","link":"https:\/\/radioleinewelle.de\/index.php\/2020\/11\/24\/landkreis-staerkt-ehrenamt-projekt-give-startet-online-seminarreihe\/","title":{"rendered":"Landkreis st\u00e4rkt Ehrenamt &#8211; Projekt GIVE startet Online-Seminarreihe"},"content":{"rendered":"<div class=\"page\" title=\"Page 1\">\n<div class=\"layoutArea\">\n<div class=\"column\">\n<p>Um die Ehrenamtlichen im Landkreis G\u00f6ttingen zu unterst\u00fctzen, hat dasTeam des Projekts \u201eGut informiert \u2013 vernetzt engagiert (GIVE)\u201c einekostenfreie Online-Seminarreihe konzipiert, die am 27.11.2020 mit dem ersten Seminar \u201eOnline-Veranstaltungen mit Zoom &amp; Co. durchf\u00fchren\u201cstartet. Die inhaltlichen Schwerpunkte der sechs Online-Veranstaltungen basieren auf den Ergebnissen der im Fr\u00fchsommer durchgef\u00fchrten landkreisweiten Engagement-Umfrage. Die Erhebung wurde zusammen mit dem Zukunftszentrum der HAWK durchgef\u00fchrt. 664 Ehrenamtliche hatten sich an der Befragung beteiligt. Der vollst\u00e4ndige Ergebnisbericht steht allen Interessierten \u00fcber die Webseite des Landkreises zur Verf\u00fcgung.\u00a0Demnach ist das Thema Qualifizierung den freiwillig Engagierte im Landkreis G\u00f6ttingen ein wichtiges Anliegen. Der Bedarf an Fort- und Unterst\u00fctzungsangeboten ist vielf\u00e4ltig. \u201eVor allem hinsichtlich rechtlicherund finanzieller Fragen w\u00fcnschen sich die Engagierten im Landkreis Seminarangebote. Auch zu Themen wie Mitgliedergewinnung\/-aktivierung und \u00d6ffentlichkeitsarbeit besteht seitens der Engagierten ein hoher Bedarf\u201cerl\u00e4utert Franzi Kreuzinger vom GIVE-Team die Befragungsergebnisse.<\/p>\n<p>&#8222;Mit dem Seminarangebot wollen wir schnell und m\u00f6glichst unkompliziert auf die W\u00fcnsche vieler Ehrenamtlicher reagieren. Dieses Angebot soll den Anspruch des Projektes GIVE verwirklichen: Den Ehrenamtlichen den R\u00fccken st\u00e4rken. Ich danke allen, die an der Umfrage teilgenommen haben und allen, die nun in die Umsetzung gehen&#8220; erl\u00e4utert Kreisrat Marcel Riethig.<\/p>\n<p>Vereine und Engagierte k\u00f6nnen sich in der Corona-Situation nur sehr begrenzt pers\u00f6nlich treffen, was viele Vereine oder Initiativen vor gro\u00dfe Herausforderungen stellt. Deshalb greift die Seminarreihe Fragen der Digitalisierung auf. Wie lassen sich notwendige Sitzungen oder Wahlen online durchf\u00fchren? Welche Handlungsoptionen hat ein Vorstand in Zeiten der Pandemie? F\u00fcr Ehrenamtliche, f\u00fcr die Online-Formate noch \u201eNeuland\u201csind, werden zudem \u201eProbetermine\u201c angeboten, um die Video-Konferenztechnik kennenzulernen und m\u00f6gliche Stolpersteine auszur\u00e4umen. \u201eWir erhoffen unsdavon, m\u00f6gliche Hemmschwellen abzubauen und eine stressfreie Teilnahme an den Online-Seminaren zu erm\u00f6glichen\u201c, erl\u00e4utert Beate B\u00f6cker, Projektleitung von GIVE.<\/p>\n<div class=\"page\" title=\"Page 2\">\n<div class=\"layoutArea\">\n<div class=\"column\">\n<p><strong>N\u00e4here Infos zum Projekt \u201eGut informiert \u2013 vernetzt engagiert (GIVE)\u201c<\/strong>, zum Seminarprogramm und zu den Ergebnissen der Online-Befragung unter:<a href=\"http:\/\/www.landkreisgoettingen.de\/engagementfoerderung\">www.landkreisgoettingen.de\/engagementfoerderung<\/a>.<\/p>\n<p>Bei Interesse oder R\u00fcckfragen sind die Ansprechpartnerinnen des GIVE-Projektteams per Mail unterGIVE@landkreisgoettingen.de und telefonisch erreichbar:<br \/>\nFranzi Kreuzinger 0551 525-2626 oder Beate B\u00f6cker unter 0551 525-3025.<\/p>\n<p>Foto: Landkreis G\u00f6ttingen<\/p>\n<\/div>\n<\/div>\n<\/div>\n<\/div>\n<\/div>\n<\/div>\n","protected":false},"excerpt":{"rendered":"<p>Um die Ehrenamtlichen im Landkreis G\u00f6ttingen zu unterst\u00fctzen, hat dasTeam des Projekts \u201eGut informiert \u2013 vernetzt engagiert (GIVE)\u201c einekostenfreie Online-Seminarreihe konzipiert, die am 27.11.2020 mit dem ersten Seminar \u201eOnline-Veranstaltungen mit Zoom &amp; Co. durchf\u00fchren\u201cstartet. Die inhaltlichen Schwerpunkte der sechs Online-Veranstaltungen basieren auf den Ergebnissen der im Fr\u00fchsommer durchgef\u00fchrten landkreisweiten Engagement-Umfrage. Die Erhebung wurde zusammen mit [&hellip;]<\/p>\n","protected":false},"author":1,"featured_media":3111,"comment_status":"closed","ping_status":"closed","sticky":false,"template":"","format":"standard","meta":{"saved_in_kubio":false,"footnotes":""},"categories":[1],"tags":[],"class_list":["post-3107","post","type-post","status-publish","format-standard","has-post-thumbnail","hentry","category-allgemein"],"yoast_head":"<!-- This site is optimized with the Yoast SEO plugin v27.5 - https:\/\/yoast.com\/product\/yoast-seo-wordpress\/ -->\n<title>Landkreis st\u00e4rkt Ehrenamt - Projekt GIVE startet Online-Seminarreihe - Radio Leinewelle<\/title>\n<meta name=\"robots\" content=\"index, follow, max-snippet:-1, max-image-preview:large, max-video-preview:-1\" \/>\n<link rel=\"canonical\" href=\"https:\/\/radioleinewelle.de\/index.php\/2020\/11\/24\/landkreis-staerkt-ehrenamt-projekt-give-startet-online-seminarreihe\/\" \/>\n<meta property=\"og:locale\" content=\"de_DE\" \/>\n<meta property=\"og:type\" content=\"article\" \/>\n<meta property=\"og:title\" content=\"Landkreis st\u00e4rkt Ehrenamt - Projekt GIVE startet Online-Seminarreihe - Radio Leinewelle\" \/>\n<meta property=\"og:description\" content=\"Um die Ehrenamtlichen im Landkreis G\u00f6ttingen zu unterst\u00fctzen, hat dasTeam des Projekts \u201eGut informiert \u2013 vernetzt engagiert (GIVE)\u201c einekostenfreie Online-Seminarreihe konzipiert, die am 27.11.2020 mit dem ersten Seminar \u201eOnline-Veranstaltungen mit Zoom &amp; Co. durchf\u00fchren\u201cstartet. Die inhaltlichen Schwerpunkte der sechs Online-Veranstaltungen basieren auf den Ergebnissen der im Fr\u00fchsommer durchgef\u00fchrten landkreisweiten Engagement-Umfrage. Die Erhebung wurde zusammen mit [&hellip;]\" \/>\n<meta property=\"og:url\" content=\"https:\/\/radioleinewelle.de\/index.php\/2020\/11\/24\/landkreis-staerkt-ehrenamt-projekt-give-startet-online-seminarreihe\/\" \/>\n<meta property=\"og:site_name\" content=\"Radio Leinewelle\" \/>\n<meta property=\"article:publisher\" content=\"https:\/\/www.facebook.com\/radioleinewelle\" \/>\n<meta property=\"article:author\" content=\"https:\/\/www.facebook.com\/radioleinewelle\" \/>\n<meta property=\"article:published_time\" content=\"2020-11-24T04:11:00+00:00\" \/>\n<meta property=\"og:image\" content=\"https:\/\/radioleinewelle.de\/wp-content\/uploads\/2020\/11\/Give-Goettingen.png\" \/>\n\t<meta property=\"og:image:width\" content=\"600\" \/>\n\t<meta property=\"og:image:height\" content=\"652\" \/>\n\t<meta property=\"og:image:type\" content=\"image\/png\" \/>\n<meta name=\"author\" content=\"Leinewelle\" \/>\n<meta name=\"twitter:card\" content=\"summary_large_image\" \/>\n<meta name=\"twitter:creator\" content=\"@https:\/\/twitter.com\/RLeinewelle?ref_src=twsrcgoogletwcampserptwgrauthor\" \/>\n<meta name=\"twitter:site\" content=\"@RLeinewelle\" \/>\n<meta name=\"twitter:label1\" content=\"Verfasst von\" \/>\n\t<meta name=\"twitter:data1\" content=\"Leinewelle\" \/>\n\t<meta name=\"twitter:label2\" content=\"Gesch\u00e4tzte Lesezeit\" \/>\n\t<meta name=\"twitter:data2\" content=\"2\u00a0Minuten\" \/>\n<script type=\"application\/ld+json\" class=\"yoast-schema-graph\">{\"@context\":\"https:\\\/\\\/schema.org\",\"@graph\":[{\"@type\":\"Article\",\"@id\":\"https:\\\/\\\/radioleinewelle.de\\\/index.php\\\/2020\\\/11\\\/24\\\/landkreis-staerkt-ehrenamt-projekt-give-startet-online-seminarreihe\\\/#article\",\"isPartOf\":{\"@id\":\"https:\\\/\\\/radioleinewelle.de\\\/index.php\\\/2020\\\/11\\\/24\\\/landkreis-staerkt-ehrenamt-projekt-give-startet-online-seminarreihe\\\/\"},\"author\":{\"name\":\"Leinewelle\",\"@id\":\"https:\\\/\\\/radioleinewelle.de\\\/#\\\/schema\\\/person\\\/45606f348637df637192dc1b68399a63\"},\"headline\":\"Landkreis st\u00e4rkt Ehrenamt &#8211; Projekt GIVE startet Online-Seminarreihe\",\"datePublished\":\"2020-11-24T04:11:00+00:00\",\"mainEntityOfPage\":{\"@id\":\"https:\\\/\\\/radioleinewelle.de\\\/index.php\\\/2020\\\/11\\\/24\\\/landkreis-staerkt-ehrenamt-projekt-give-startet-online-seminarreihe\\\/\"},\"wordCount\":368,\"publisher\":{\"@id\":\"https:\\\/\\\/radioleinewelle.de\\\/#organization\"},\"image\":{\"@id\":\"https:\\\/\\\/radioleinewelle.de\\\/index.php\\\/2020\\\/11\\\/24\\\/landkreis-staerkt-ehrenamt-projekt-give-startet-online-seminarreihe\\\/#primaryimage\"},\"thumbnailUrl\":\"https:\\\/\\\/radioleinewelle.de\\\/wp-content\\\/uploads\\\/2020\\\/11\\\/Give-Goettingen.png\",\"inLanguage\":\"de\"},{\"@type\":\"WebPage\",\"@id\":\"https:\\\/\\\/radioleinewelle.de\\\/index.php\\\/2020\\\/11\\\/24\\\/landkreis-staerkt-ehrenamt-projekt-give-startet-online-seminarreihe\\\/\",\"url\":\"https:\\\/\\\/radioleinewelle.de\\\/index.php\\\/2020\\\/11\\\/24\\\/landkreis-staerkt-ehrenamt-projekt-give-startet-online-seminarreihe\\\/\",\"name\":\"Landkreis st\u00e4rkt Ehrenamt - Projekt GIVE startet Online-Seminarreihe - Radio Leinewelle\",\"isPartOf\":{\"@id\":\"https:\\\/\\\/radioleinewelle.de\\\/#website\"},\"primaryImageOfPage\":{\"@id\":\"https:\\\/\\\/radioleinewelle.de\\\/index.php\\\/2020\\\/11\\\/24\\\/landkreis-staerkt-ehrenamt-projekt-give-startet-online-seminarreihe\\\/#primaryimage\"},\"image\":{\"@id\":\"https:\\\/\\\/radioleinewelle.de\\\/index.php\\\/2020\\\/11\\\/24\\\/landkreis-staerkt-ehrenamt-projekt-give-startet-online-seminarreihe\\\/#primaryimage\"},\"thumbnailUrl\":\"https:\\\/\\\/radioleinewelle.de\\\/wp-content\\\/uploads\\\/2020\\\/11\\\/Give-Goettingen.png\",\"datePublished\":\"2020-11-24T04:11:00+00:00\",\"breadcrumb\":{\"@id\":\"https:\\\/\\\/radioleinewelle.de\\\/index.php\\\/2020\\\/11\\\/24\\\/landkreis-staerkt-ehrenamt-projekt-give-startet-online-seminarreihe\\\/#breadcrumb\"},\"inLanguage\":\"de\",\"potentialAction\":[{\"@type\":\"ReadAction\",\"target\":[\"https:\\\/\\\/radioleinewelle.de\\\/index.php\\\/2020\\\/11\\\/24\\\/landkreis-staerkt-ehrenamt-projekt-give-startet-online-seminarreihe\\\/\"]}]},{\"@type\":\"ImageObject\",\"inLanguage\":\"de\",\"@id\":\"https:\\\/\\\/radioleinewelle.de\\\/index.php\\\/2020\\\/11\\\/24\\\/landkreis-staerkt-ehrenamt-projekt-give-startet-online-seminarreihe\\\/#primaryimage\",\"url\":\"https:\\\/\\\/radioleinewelle.de\\\/wp-content\\\/uploads\\\/2020\\\/11\\\/Give-Goettingen.png\",\"contentUrl\":\"https:\\\/\\\/radioleinewelle.de\\\/wp-content\\\/uploads\\\/2020\\\/11\\\/Give-Goettingen.png\",\"width\":600,\"height\":652},{\"@type\":\"BreadcrumbList\",\"@id\":\"https:\\\/\\\/radioleinewelle.de\\\/index.php\\\/2020\\\/11\\\/24\\\/landkreis-staerkt-ehrenamt-projekt-give-startet-online-seminarreihe\\\/#breadcrumb\",\"itemListElement\":[{\"@type\":\"ListItem\",\"position\":1,\"name\":\"Startseite\",\"item\":\"https:\\\/\\\/radioleinewelle.de\\\/\"},{\"@type\":\"ListItem\",\"position\":2,\"name\":\"Landkreis st\u00e4rkt Ehrenamt &#8211; Projekt GIVE startet Online-Seminarreihe\"}]},{\"@type\":\"WebSite\",\"@id\":\"https:\\\/\\\/radioleinewelle.de\\\/#website\",\"url\":\"https:\\\/\\\/radioleinewelle.de\\\/\",\"name\":\"Radio Leinewelle\",\"description\":\"\",\"publisher\":{\"@id\":\"https:\\\/\\\/radioleinewelle.de\\\/#organization\"},\"potentialAction\":[{\"@type\":\"SearchAction\",\"target\":{\"@type\":\"EntryPoint\",\"urlTemplate\":\"https:\\\/\\\/radioleinewelle.de\\\/?s={search_term_string}\"},\"query-input\":{\"@type\":\"PropertyValueSpecification\",\"valueRequired\":true,\"valueName\":\"search_term_string\"}}],\"inLanguage\":\"de\"},{\"@type\":\"Organization\",\"@id\":\"https:\\\/\\\/radioleinewelle.de\\\/#organization\",\"name\":\"Radio Leinewelle\",\"alternateName\":\"Mein Radio f\u00fcr S\u00fcdniedersachsen\",\"url\":\"https:\\\/\\\/radioleinewelle.de\\\/\",\"logo\":{\"@type\":\"ImageObject\",\"inLanguage\":\"de\",\"@id\":\"https:\\\/\\\/radioleinewelle.de\\\/#\\\/schema\\\/logo\\\/image\\\/\",\"url\":\"https:\\\/\\\/radioleinewelle.de\\\/wp-content\\\/uploads\\\/2023\\\/11\\\/cropped-Leinewelle_Logo_weiss.png\",\"contentUrl\":\"https:\\\/\\\/radioleinewelle.de\\\/wp-content\\\/uploads\\\/2023\\\/11\\\/cropped-Leinewelle_Logo_weiss.png\",\"width\":854,\"height\":260,\"caption\":\"Radio Leinewelle\"},\"image\":{\"@id\":\"https:\\\/\\\/radioleinewelle.de\\\/#\\\/schema\\\/logo\\\/image\\\/\"},\"sameAs\":[\"https:\\\/\\\/www.facebook.com\\\/radioleinewelle\",\"https:\\\/\\\/x.com\\\/RLeinewelle\",\"https:\\\/\\\/www.instagram.com\\\/radioleinewelle\\\/?hl=de\"]},{\"@type\":\"Person\",\"@id\":\"https:\\\/\\\/radioleinewelle.de\\\/#\\\/schema\\\/person\\\/45606f348637df637192dc1b68399a63\",\"name\":\"Leinewelle\",\"image\":{\"@type\":\"ImageObject\",\"inLanguage\":\"de\",\"@id\":\"https:\\\/\\\/secure.gravatar.com\\\/avatar\\\/05c9a17bc973052ee5d91549bd32fb4dd0dc85b7b85ae94b2e2b4943476bbea5?s=96&d=blank&r=g\",\"url\":\"https:\\\/\\\/secure.gravatar.com\\\/avatar\\\/05c9a17bc973052ee5d91549bd32fb4dd0dc85b7b85ae94b2e2b4943476bbea5?s=96&d=blank&r=g\",\"contentUrl\":\"https:\\\/\\\/secure.gravatar.com\\\/avatar\\\/05c9a17bc973052ee5d91549bd32fb4dd0dc85b7b85ae94b2e2b4943476bbea5?s=96&d=blank&r=g\",\"caption\":\"Leinewelle\"},\"sameAs\":[\"http:\\\/\\\/localhost\\\/radio%20leinewelle\\\/wordpress\",\"https:\\\/\\\/www.facebook.com\\\/radioleinewelle\",\"https:\\\/\\\/www.instagram.com\\\/radioleinewelle\",\"https:\\\/\\\/x.com\\\/https:\\\/\\\/twitter.com\\\/RLeinewelle?ref_src=twsrcgoogletwcampserptwgrauthor\",\"https:\\\/\\\/soundcloud.com\\\/foerderverein-lokalradio?utm_source=clipboard&utm_medium=text&utm_campaign=social_sharing\"],\"url\":\"https:\\\/\\\/radioleinewelle.de\\\/index.php\\\/author\\\/leinewelle\\\/\"}]}<\/script>\n<!-- \/ Yoast SEO plugin. -->","yoast_head_json":{"title":"Landkreis st\u00e4rkt Ehrenamt - Projekt GIVE startet Online-Seminarreihe - Radio Leinewelle","robots":{"index":"index","follow":"follow","max-snippet":"max-snippet:-1","max-image-preview":"max-image-preview:large","max-video-preview":"max-video-preview:-1"},"canonical":"https:\/\/radioleinewelle.de\/index.php\/2020\/11\/24\/landkreis-staerkt-ehrenamt-projekt-give-startet-online-seminarreihe\/","og_locale":"de_DE","og_type":"article","og_title":"Landkreis st\u00e4rkt Ehrenamt - Projekt GIVE startet Online-Seminarreihe - Radio Leinewelle","og_description":"Um die Ehrenamtlichen im Landkreis G\u00f6ttingen zu unterst\u00fctzen, hat dasTeam des Projekts \u201eGut informiert \u2013 vernetzt engagiert (GIVE)\u201c einekostenfreie Online-Seminarreihe konzipiert, die am 27.11.2020 mit dem ersten Seminar \u201eOnline-Veranstaltungen mit Zoom &amp; Co. durchf\u00fchren\u201cstartet. Die inhaltlichen Schwerpunkte der sechs Online-Veranstaltungen basieren auf den Ergebnissen der im Fr\u00fchsommer durchgef\u00fchrten landkreisweiten Engagement-Umfrage. Die Erhebung wurde zusammen mit [&hellip;]","og_url":"https:\/\/radioleinewelle.de\/index.php\/2020\/11\/24\/landkreis-staerkt-ehrenamt-projekt-give-startet-online-seminarreihe\/","og_site_name":"Radio Leinewelle","article_publisher":"https:\/\/www.facebook.com\/radioleinewelle","article_author":"https:\/\/www.facebook.com\/radioleinewelle","article_published_time":"2020-11-24T04:11:00+00:00","og_image":[{"width":600,"height":652,"url":"https:\/\/radioleinewelle.de\/wp-content\/uploads\/2020\/11\/Give-Goettingen.png","type":"image\/png"}],"author":"Leinewelle","twitter_card":"summary_large_image","twitter_creator":"@https:\/\/twitter.com\/RLeinewelle?ref_src=twsrcgoogletwcampserptwgrauthor","twitter_site":"@RLeinewelle","twitter_misc":{"Verfasst von":"Leinewelle","Gesch\u00e4tzte Lesezeit":"2\u00a0Minuten"},"schema":{"@context":"https:\/\/schema.org","@graph":[{"@type":"Article","@id":"https:\/\/radioleinewelle.de\/index.php\/2020\/11\/24\/landkreis-staerkt-ehrenamt-projekt-give-startet-online-seminarreihe\/#article","isPartOf":{"@id":"https:\/\/radioleinewelle.de\/index.php\/2020\/11\/24\/landkreis-staerkt-ehrenamt-projekt-give-startet-online-seminarreihe\/"},"author":{"name":"Leinewelle","@id":"https:\/\/radioleinewelle.de\/#\/schema\/person\/45606f348637df637192dc1b68399a63"},"headline":"Landkreis st\u00e4rkt Ehrenamt &#8211; Projekt GIVE startet Online-Seminarreihe","datePublished":"2020-11-24T04:11:00+00:00","mainEntityOfPage":{"@id":"https:\/\/radioleinewelle.de\/index.php\/2020\/11\/24\/landkreis-staerkt-ehrenamt-projekt-give-startet-online-seminarreihe\/"},"wordCount":368,"publisher":{"@id":"https:\/\/radioleinewelle.de\/#organization"},"image":{"@id":"https:\/\/radioleinewelle.de\/index.php\/2020\/11\/24\/landkreis-staerkt-ehrenamt-projekt-give-startet-online-seminarreihe\/#primaryimage"},"thumbnailUrl":"https:\/\/radioleinewelle.de\/wp-content\/uploads\/2020\/11\/Give-Goettingen.png","inLanguage":"de"},{"@type":"WebPage","@id":"https:\/\/radioleinewelle.de\/index.php\/2020\/11\/24\/landkreis-staerkt-ehrenamt-projekt-give-startet-online-seminarreihe\/","url":"https:\/\/radioleinewelle.de\/index.php\/2020\/11\/24\/landkreis-staerkt-ehrenamt-projekt-give-startet-online-seminarreihe\/","name":"Landkreis st\u00e4rkt Ehrenamt - Projekt GIVE startet Online-Seminarreihe - Radio Leinewelle","isPartOf":{"@id":"https:\/\/radioleinewelle.de\/#website"},"primaryImageOfPage":{"@id":"https:\/\/radioleinewelle.de\/index.php\/2020\/11\/24\/landkreis-staerkt-ehrenamt-projekt-give-startet-online-seminarreihe\/#primaryimage"},"image":{"@id":"https:\/\/radioleinewelle.de\/index.php\/2020\/11\/24\/landkreis-staerkt-ehrenamt-projekt-give-startet-online-seminarreihe\/#primaryimage"},"thumbnailUrl":"https:\/\/radioleinewelle.de\/wp-content\/uploads\/2020\/11\/Give-Goettingen.png","datePublished":"2020-11-24T04:11:00+00:00","breadcrumb":{"@id":"https:\/\/radioleinewelle.de\/index.php\/2020\/11\/24\/landkreis-staerkt-ehrenamt-projekt-give-startet-online-seminarreihe\/#breadcrumb"},"inLanguage":"de","potentialAction":[{"@type":"ReadAction","target":["https:\/\/radioleinewelle.de\/index.php\/2020\/11\/24\/landkreis-staerkt-ehrenamt-projekt-give-startet-online-seminarreihe\/"]}]},{"@type":"ImageObject","inLanguage":"de","@id":"https:\/\/radioleinewelle.de\/index.php\/2020\/11\/24\/landkreis-staerkt-ehrenamt-projekt-give-startet-online-seminarreihe\/#primaryimage","url":"https:\/\/radioleinewelle.de\/wp-content\/uploads\/2020\/11\/Give-Goettingen.png","contentUrl":"https:\/\/radioleinewelle.de\/wp-content\/uploads\/2020\/11\/Give-Goettingen.png","width":600,"height":652},{"@type":"BreadcrumbList","@id":"https:\/\/radioleinewelle.de\/index.php\/2020\/11\/24\/landkreis-staerkt-ehrenamt-projekt-give-startet-online-seminarreihe\/#breadcrumb","itemListElement":[{"@type":"ListItem","position":1,"name":"Startseite","item":"https:\/\/radioleinewelle.de\/"},{"@type":"ListItem","position":2,"name":"Landkreis st\u00e4rkt Ehrenamt &#8211; Projekt GIVE startet Online-Seminarreihe"}]},{"@type":"WebSite","@id":"https:\/\/radioleinewelle.de\/#website","url":"https:\/\/radioleinewelle.de\/","name":"Radio Leinewelle","description":"","publisher":{"@id":"https:\/\/radioleinewelle.de\/#organization"},"potentialAction":[{"@type":"SearchAction","target":{"@type":"EntryPoint","urlTemplate":"https:\/\/radioleinewelle.de\/?s={search_term_string}"},"query-input":{"@type":"PropertyValueSpecification","valueRequired":true,"valueName":"search_term_string"}}],"inLanguage":"de"},{"@type":"Organization","@id":"https:\/\/radioleinewelle.de\/#organization","name":"Radio Leinewelle","alternateName":"Mein Radio f\u00fcr S\u00fcdniedersachsen","url":"https:\/\/radioleinewelle.de\/","logo":{"@type":"ImageObject","inLanguage":"de","@id":"https:\/\/radioleinewelle.de\/#\/schema\/logo\/image\/","url":"https:\/\/radioleinewelle.de\/wp-content\/uploads\/2023\/11\/cropped-Leinewelle_Logo_weiss.png","contentUrl":"https:\/\/radioleinewelle.de\/wp-content\/uploads\/2023\/11\/cropped-Leinewelle_Logo_weiss.png","width":854,"height":260,"caption":"Radio Leinewelle"},"image":{"@id":"https:\/\/radioleinewelle.de\/#\/schema\/logo\/image\/"},"sameAs":["https:\/\/www.facebook.com\/radioleinewelle","https:\/\/x.com\/RLeinewelle","https:\/\/www.instagram.com\/radioleinewelle\/?hl=de"]},{"@type":"Person","@id":"https:\/\/radioleinewelle.de\/#\/schema\/person\/45606f348637df637192dc1b68399a63","name":"Leinewelle","image":{"@type":"ImageObject","inLanguage":"de","@id":"https:\/\/secure.gravatar.com\/avatar\/05c9a17bc973052ee5d91549bd32fb4dd0dc85b7b85ae94b2e2b4943476bbea5?s=96&d=blank&r=g","url":"https:\/\/secure.gravatar.com\/avatar\/05c9a17bc973052ee5d91549bd32fb4dd0dc85b7b85ae94b2e2b4943476bbea5?s=96&d=blank&r=g","contentUrl":"https:\/\/secure.gravatar.com\/avatar\/05c9a17bc973052ee5d91549bd32fb4dd0dc85b7b85ae94b2e2b4943476bbea5?s=96&d=blank&r=g","caption":"Leinewelle"},"sameAs":["http:\/\/localhost\/radio%20leinewelle\/wordpress","https:\/\/www.facebook.com\/radioleinewelle","https:\/\/www.instagram.com\/radioleinewelle","https:\/\/x.com\/https:\/\/twitter.com\/RLeinewelle?ref_src=twsrcgoogletwcampserptwgrauthor","https:\/\/soundcloud.com\/foerderverein-lokalradio?utm_source=clipboard&utm_medium=text&utm_campaign=social_sharing"],"url":"https:\/\/radioleinewelle.de\/index.php\/author\/leinewelle\/"}]}},"_links":{"self":[{"href":"https:\/\/radioleinewelle.de\/index.php\/wp-json\/wp\/v2\/posts\/3107","targetHints":{"allow":["GET"]}}],"collection":[{"href":"https:\/\/radioleinewelle.de\/index.php\/wp-json\/wp\/v2\/posts"}],"about":[{"href":"https:\/\/radioleinewelle.de\/index.php\/wp-json\/wp\/v2\/types\/post"}],"author":[{"embeddable":true,"href":"https:\/\/radioleinewelle.de\/index.php\/wp-json\/wp\/v2\/users\/1"}],"replies":[{"embeddable":true,"href":"https:\/\/radioleinewelle.de\/index.php\/wp-json\/wp\/v2\/comments?post=3107"}],"version-history":[{"count":0,"href":"https:\/\/radioleinewelle.de\/index.php\/wp-json\/wp\/v2\/posts\/3107\/revisions"}],"wp:featuredmedia":[{"embeddable":true,"href":"https:\/\/radioleinewelle.de\/index.php\/wp-json\/wp\/v2\/media\/3111"}],"wp:attachment":[{"href":"https:\/\/radioleinewelle.de\/index.php\/wp-json\/wp\/v2\/media?parent=3107"}],"wp:term":[{"taxonomy":"category","embeddable":true,"href":"https:\/\/radioleinewelle.de\/index.php\/wp-json\/wp\/v2\/categories?post=3107"},{"taxonomy":"post_tag","embeddable":true,"href":"https:\/\/radioleinewelle.de\/index.php\/wp-json\/wp\/v2\/tags?post=3107"}],"curies":[{"name":"wp","href":"https:\/\/api.w.org\/{rel}","templated":true}]}}