{"id":3119,"date":"2020-11-25T05:00:59","date_gmt":"2020-11-25T04:00:59","guid":{"rendered":"https:\/\/radioleinewelle.de\/?p=3119"},"modified":"2020-11-25T05:00:59","modified_gmt":"2020-11-25T04:00:59","slug":"niedersaechsisches-handwerk-erholte-sich-im-dritten-quartal-202","status":"publish","type":"post","link":"https:\/\/radioleinewelle.de\/index.php\/2020\/11\/25\/niedersaechsisches-handwerk-erholte-sich-im-dritten-quartal-202\/","title":{"rendered":"Nieders\u00e4chsisches Handwerk erholte sich im dritten Quartal 2020"},"content":{"rendered":"<p>\u201eIm Vergleich zum Vorjahr zeigt sich die wirtschaftliche Entwicklung im Handwerk leicht r\u00fcckl\u00e4ufig, kann aber nach wie vor insgesamt als robust eingestuft werden&#8220;, stellt Dr. Hildegard Sander, Hauptgesch\u00e4ftsf\u00fchrerin der Landesvertretung der Handwerkskammern Niedersachsen, mit Blick auf den Quartalsbericht fest.\u00a0Trotz der unsicheren Zeiten hielten mit 88 Prozent die gro\u00dfe Mehrheit der Betriebe an ihren Mitarbeiter*innen fest \u2013 21 Prozent der Betriebe meldeten darunter sogar, dass der Personalbestand im dritten Quartal wieder ausgeweitet wurde. 12 Prozent allerdings konnten einen Besch\u00e4ftigtenr\u00fcckgang nicht vermeiden. Die Anzahl der Betriebe mit offenen Stellen nahm im Vergleich zum Vorjahresquartal insgesamt um 4 Prozentpunkte auf 37 Prozent ab. Die Zahl der offenen Stellen zeigt deutlich, dass der Fachkr\u00e4ftebedarf trotz der Wirtschaftsentwicklung insgesamt nach wie vor hoch ist.<\/p>\n<p>\u201eDie Handwerksbetriebe in Niedersachsen hatten sich im dritten Quartal von den coronabedingten Beschr\u00e4nkungen bereits etwas erholen k\u00f6nnen&#8220;, betont die Handwerksvertreterin. \u201eJetzt nehmen die Unsicherheiten in den Betrieben aber wieder sp\u00fcrbar zu!&#8220; Branchenbezogen zeigten sich folgende Entwicklungen:<\/p>\n<ul>\n<li>Der deutlichste R\u00fcckgang um 33 Punkte auf das Niveau von 101 Indexpunkten (Vorjahresquartal 134) wird von den Betrieben der personenbezogenen Dienstleistungen im Herbst dieses Jahres gemeldet. In dieser Gruppe sind die Friseurbetriebe sowie Kosmetikstudios aus Niedersachsen stark vertreten. Bei den Kosmetikstudios zeigte sich eine gro\u00dfe Entt\u00e4uschung \u00fcber die erneuten \u00d6ffnungseinschr\u00e4nkungen im zweiten Lockdown. Auch sie hatten besondere Anstrengungen unternommen, um die Hygiene- und Abstandsregelungen einzuhalten.<\/li>\n<li>Eine sp\u00fcrbare Erholung hatte sich im dritten Quartal bei den Gesundheitshandwerken gezeigt, welche sich wieder auf einem guten Niveau von 129 Indexpunkten (Vorjahresquartal 140) hocharbeiten konnten. F\u00fcr die Augenoptiker*innen, H\u00f6rger\u00e4tekustiker*innen und Zahntechniker*innen zeigte sich eine zunehmende Stabilisierung, da sich auch in den Arztpraxen die Lage zunehmend normalisierte.<\/li>\n<li>Das Kfz-Handwerk und die Lebensmittelhandwerke weisen im Vergleich zum Vorjahr mit jeweils 15 Indexpunkten \u00e4hnliche Abk\u00fchlungstendenzen auf. W\u00e4hrend im Kfz-Markt die Unsicherheiten am Arbeitsmarkt sich im Kaufverhalten niederschlagen, k\u00e4mpfen vor allem die B\u00e4ckereien und Fleischereien in den Ballungszentren mit r\u00fcckl\u00e4ufigen Kundenfrequenzen.<\/li>\n<li>Wenig Ver\u00e4nderungen zeigen sich bis dato in den Bau- und Ausbaugewerken. Mit einem R\u00fcckgang des Gesch\u00e4ftsklimaindex von 7 und 5 Indexpunkten zeigt sich zwar auch eine sp\u00fcrbare Abk\u00fchlung, allerdings f\u00e4llt sie gegen\u00fcber den anderen Handwerksgruppen moderat aus. Vielfach berichteten die Betriebe, dass im Zuge des Verzichtes auf Reisen auch verst\u00e4rkt Modernisierungsarbeiten an den eigenen Immobilien in Auftrag gegeben wurden. Allerdings zeigt der Gesch\u00e4ftsklimaindex, dass auch diese Gewerke sich der schwierigen Wirtschaftsentwicklung nicht vollst\u00e4ndig entziehen konnten.<\/li>\n<\/ul>\n<p>In den kommenden Monaten wird es notwendig sein, den Blick sowohl auf einzelne Handwerksbranchen und Betriebsgr\u00f6\u00dfenklassen zu halten und gezielte Unterst\u00fctzungsma\u00dfnahmen anzubieten.<\/p>\n<p>Der Bund und das Land Niedersachsen haben bereits mehrere Richtlinien zur F\u00f6rderung betroffener Betriebe und zur Sicherung der Nachfrage aufgelegt. \u201eWir raten daher den Handwerksbetrieben in Niedersachsen, Kontakt zu den Beraterinnen und Beratern der Handwerkskammern aufzunehmen&#8220;, erg\u00e4nzt Sander. Im Gespr\u00e4ch kann gepr\u00fcft werden, ob und welches F\u00f6rderinstrument f\u00fcr den Betrieb geeignet ist.<\/p>\n<p>Der komplette Bericht kann unter folgendem Link abgerufen werden: <a href=\"https:\/\/www.handwerk-lhn.de\/Home\/de\/Daten_Zahlen\/Konjunktur\/Konjunktur.php\">Konjunkturbericht<\/a><\/p>\n","protected":false},"excerpt":{"rendered":"<p>\u201eIm Vergleich zum Vorjahr zeigt sich die wirtschaftliche Entwicklung im Handwerk leicht r\u00fcckl\u00e4ufig, kann aber nach wie vor insgesamt als robust eingestuft werden&#8220;, stellt Dr. Hildegard Sander, Hauptgesch\u00e4ftsf\u00fchrerin der Landesvertretung der Handwerkskammern Niedersachsen, mit Blick auf den Quartalsbericht fest.\u00a0Trotz der unsicheren Zeiten hielten mit 88 Prozent die gro\u00dfe Mehrheit der Betriebe an ihren Mitarbeiter*innen fest [&hellip;]<\/p>\n","protected":false},"author":1,"featured_media":0,"comment_status":"closed","ping_status":"closed","sticky":false,"template":"","format":"standard","meta":{"saved_in_kubio":false,"footnotes":""},"categories":[38],"tags":[],"class_list":["post-3119","post","type-post","status-publish","format-standard","hentry","category-wirtschaft"],"yoast_head":"<!-- This site is optimized with the Yoast SEO plugin v27.5 - https:\/\/yoast.com\/product\/yoast-seo-wordpress\/ -->\n<title>Nieders\u00e4chsisches Handwerk erholte sich im dritten Quartal 2020 - Radio Leinewelle<\/title>\n<meta name=\"robots\" content=\"index, follow, max-snippet:-1, max-image-preview:large, max-video-preview:-1\" \/>\n<link rel=\"canonical\" href=\"https:\/\/radioleinewelle.de\/index.php\/2020\/11\/25\/niedersaechsisches-handwerk-erholte-sich-im-dritten-quartal-202\/\" \/>\n<meta property=\"og:locale\" content=\"de_DE\" \/>\n<meta property=\"og:type\" content=\"article\" \/>\n<meta property=\"og:title\" content=\"Nieders\u00e4chsisches Handwerk erholte sich im dritten Quartal 2020 - Radio Leinewelle\" \/>\n<meta property=\"og:description\" content=\"\u201eIm Vergleich zum Vorjahr zeigt sich die wirtschaftliche Entwicklung im Handwerk leicht r\u00fcckl\u00e4ufig, kann aber nach wie vor insgesamt als robust eingestuft werden&#8220;, stellt Dr. Hildegard Sander, Hauptgesch\u00e4ftsf\u00fchrerin der Landesvertretung der Handwerkskammern Niedersachsen, mit Blick auf den Quartalsbericht fest.\u00a0Trotz der unsicheren Zeiten hielten mit 88 Prozent die gro\u00dfe Mehrheit der Betriebe an ihren Mitarbeiter*innen fest [&hellip;]\" \/>\n<meta property=\"og:url\" content=\"https:\/\/radioleinewelle.de\/index.php\/2020\/11\/25\/niedersaechsisches-handwerk-erholte-sich-im-dritten-quartal-202\/\" \/>\n<meta property=\"og:site_name\" content=\"Radio Leinewelle\" \/>\n<meta property=\"article:publisher\" content=\"https:\/\/www.facebook.com\/radioleinewelle\" \/>\n<meta property=\"article:author\" content=\"https:\/\/www.facebook.com\/radioleinewelle\" \/>\n<meta property=\"article:published_time\" content=\"2020-11-25T04:00:59+00:00\" \/>\n<meta name=\"author\" content=\"Leinewelle\" \/>\n<meta name=\"twitter:card\" content=\"summary_large_image\" \/>\n<meta name=\"twitter:creator\" content=\"@https:\/\/twitter.com\/RLeinewelle?ref_src=twsrcgoogletwcampserptwgrauthor\" \/>\n<meta name=\"twitter:site\" content=\"@RLeinewelle\" \/>\n<meta name=\"twitter:label1\" content=\"Verfasst von\" \/>\n\t<meta name=\"twitter:data1\" content=\"Leinewelle\" \/>\n\t<meta name=\"twitter:label2\" content=\"Gesch\u00e4tzte Lesezeit\" \/>\n\t<meta name=\"twitter:data2\" content=\"3\u00a0Minuten\" \/>\n<script type=\"application\/ld+json\" class=\"yoast-schema-graph\">{\"@context\":\"https:\\\/\\\/schema.org\",\"@graph\":[{\"@type\":\"Article\",\"@id\":\"https:\\\/\\\/radioleinewelle.de\\\/index.php\\\/2020\\\/11\\\/25\\\/niedersaechsisches-handwerk-erholte-sich-im-dritten-quartal-202\\\/#article\",\"isPartOf\":{\"@id\":\"https:\\\/\\\/radioleinewelle.de\\\/index.php\\\/2020\\\/11\\\/25\\\/niedersaechsisches-handwerk-erholte-sich-im-dritten-quartal-202\\\/\"},\"author\":{\"name\":\"Leinewelle\",\"@id\":\"https:\\\/\\\/radioleinewelle.de\\\/#\\\/schema\\\/person\\\/45606f348637df637192dc1b68399a63\"},\"headline\":\"Nieders\u00e4chsisches Handwerk erholte sich im dritten Quartal 2020\",\"datePublished\":\"2020-11-25T04:00:59+00:00\",\"mainEntityOfPage\":{\"@id\":\"https:\\\/\\\/radioleinewelle.de\\\/index.php\\\/2020\\\/11\\\/25\\\/niedersaechsisches-handwerk-erholte-sich-im-dritten-quartal-202\\\/\"},\"wordCount\":510,\"publisher\":{\"@id\":\"https:\\\/\\\/radioleinewelle.de\\\/#organization\"},\"articleSection\":[\"Wirtschaft\"],\"inLanguage\":\"de\"},{\"@type\":\"WebPage\",\"@id\":\"https:\\\/\\\/radioleinewelle.de\\\/index.php\\\/2020\\\/11\\\/25\\\/niedersaechsisches-handwerk-erholte-sich-im-dritten-quartal-202\\\/\",\"url\":\"https:\\\/\\\/radioleinewelle.de\\\/index.php\\\/2020\\\/11\\\/25\\\/niedersaechsisches-handwerk-erholte-sich-im-dritten-quartal-202\\\/\",\"name\":\"Nieders\u00e4chsisches Handwerk erholte sich im dritten Quartal 2020 - Radio Leinewelle\",\"isPartOf\":{\"@id\":\"https:\\\/\\\/radioleinewelle.de\\\/#website\"},\"datePublished\":\"2020-11-25T04:00:59+00:00\",\"breadcrumb\":{\"@id\":\"https:\\\/\\\/radioleinewelle.de\\\/index.php\\\/2020\\\/11\\\/25\\\/niedersaechsisches-handwerk-erholte-sich-im-dritten-quartal-202\\\/#breadcrumb\"},\"inLanguage\":\"de\",\"potentialAction\":[{\"@type\":\"ReadAction\",\"target\":[\"https:\\\/\\\/radioleinewelle.de\\\/index.php\\\/2020\\\/11\\\/25\\\/niedersaechsisches-handwerk-erholte-sich-im-dritten-quartal-202\\\/\"]}]},{\"@type\":\"BreadcrumbList\",\"@id\":\"https:\\\/\\\/radioleinewelle.de\\\/index.php\\\/2020\\\/11\\\/25\\\/niedersaechsisches-handwerk-erholte-sich-im-dritten-quartal-202\\\/#breadcrumb\",\"itemListElement\":[{\"@type\":\"ListItem\",\"position\":1,\"name\":\"Startseite\",\"item\":\"https:\\\/\\\/radioleinewelle.de\\\/\"},{\"@type\":\"ListItem\",\"position\":2,\"name\":\"Nieders\u00e4chsisches Handwerk erholte sich im dritten Quartal 2020\"}]},{\"@type\":\"WebSite\",\"@id\":\"https:\\\/\\\/radioleinewelle.de\\\/#website\",\"url\":\"https:\\\/\\\/radioleinewelle.de\\\/\",\"name\":\"Radio Leinewelle\",\"description\":\"\",\"publisher\":{\"@id\":\"https:\\\/\\\/radioleinewelle.de\\\/#organization\"},\"potentialAction\":[{\"@type\":\"SearchAction\",\"target\":{\"@type\":\"EntryPoint\",\"urlTemplate\":\"https:\\\/\\\/radioleinewelle.de\\\/?s={search_term_string}\"},\"query-input\":{\"@type\":\"PropertyValueSpecification\",\"valueRequired\":true,\"valueName\":\"search_term_string\"}}],\"inLanguage\":\"de\"},{\"@type\":\"Organization\",\"@id\":\"https:\\\/\\\/radioleinewelle.de\\\/#organization\",\"name\":\"Radio Leinewelle\",\"alternateName\":\"Mein Radio f\u00fcr S\u00fcdniedersachsen\",\"url\":\"https:\\\/\\\/radioleinewelle.de\\\/\",\"logo\":{\"@type\":\"ImageObject\",\"inLanguage\":\"de\",\"@id\":\"https:\\\/\\\/radioleinewelle.de\\\/#\\\/schema\\\/logo\\\/image\\\/\",\"url\":\"https:\\\/\\\/radioleinewelle.de\\\/wp-content\\\/uploads\\\/2023\\\/11\\\/cropped-Leinewelle_Logo_weiss.png\",\"contentUrl\":\"https:\\\/\\\/radioleinewelle.de\\\/wp-content\\\/uploads\\\/2023\\\/11\\\/cropped-Leinewelle_Logo_weiss.png\",\"width\":854,\"height\":260,\"caption\":\"Radio Leinewelle\"},\"image\":{\"@id\":\"https:\\\/\\\/radioleinewelle.de\\\/#\\\/schema\\\/logo\\\/image\\\/\"},\"sameAs\":[\"https:\\\/\\\/www.facebook.com\\\/radioleinewelle\",\"https:\\\/\\\/x.com\\\/RLeinewelle\",\"https:\\\/\\\/www.instagram.com\\\/radioleinewelle\\\/?hl=de\"]},{\"@type\":\"Person\",\"@id\":\"https:\\\/\\\/radioleinewelle.de\\\/#\\\/schema\\\/person\\\/45606f348637df637192dc1b68399a63\",\"name\":\"Leinewelle\",\"image\":{\"@type\":\"ImageObject\",\"inLanguage\":\"de\",\"@id\":\"https:\\\/\\\/secure.gravatar.com\\\/avatar\\\/05c9a17bc973052ee5d91549bd32fb4dd0dc85b7b85ae94b2e2b4943476bbea5?s=96&d=blank&r=g\",\"url\":\"https:\\\/\\\/secure.gravatar.com\\\/avatar\\\/05c9a17bc973052ee5d91549bd32fb4dd0dc85b7b85ae94b2e2b4943476bbea5?s=96&d=blank&r=g\",\"contentUrl\":\"https:\\\/\\\/secure.gravatar.com\\\/avatar\\\/05c9a17bc973052ee5d91549bd32fb4dd0dc85b7b85ae94b2e2b4943476bbea5?s=96&d=blank&r=g\",\"caption\":\"Leinewelle\"},\"sameAs\":[\"http:\\\/\\\/localhost\\\/radio%20leinewelle\\\/wordpress\",\"https:\\\/\\\/www.facebook.com\\\/radioleinewelle\",\"https:\\\/\\\/www.instagram.com\\\/radioleinewelle\",\"https:\\\/\\\/x.com\\\/https:\\\/\\\/twitter.com\\\/RLeinewelle?ref_src=twsrcgoogletwcampserptwgrauthor\",\"https:\\\/\\\/soundcloud.com\\\/foerderverein-lokalradio?utm_source=clipboard&utm_medium=text&utm_campaign=social_sharing\"],\"url\":\"https:\\\/\\\/radioleinewelle.de\\\/index.php\\\/author\\\/leinewelle\\\/\"}]}<\/script>\n<!-- \/ Yoast SEO plugin. -->","yoast_head_json":{"title":"Nieders\u00e4chsisches Handwerk erholte sich im dritten Quartal 2020 - Radio Leinewelle","robots":{"index":"index","follow":"follow","max-snippet":"max-snippet:-1","max-image-preview":"max-image-preview:large","max-video-preview":"max-video-preview:-1"},"canonical":"https:\/\/radioleinewelle.de\/index.php\/2020\/11\/25\/niedersaechsisches-handwerk-erholte-sich-im-dritten-quartal-202\/","og_locale":"de_DE","og_type":"article","og_title":"Nieders\u00e4chsisches Handwerk erholte sich im dritten Quartal 2020 - Radio Leinewelle","og_description":"\u201eIm Vergleich zum Vorjahr zeigt sich die wirtschaftliche Entwicklung im Handwerk leicht r\u00fcckl\u00e4ufig, kann aber nach wie vor insgesamt als robust eingestuft werden&#8220;, stellt Dr. Hildegard Sander, Hauptgesch\u00e4ftsf\u00fchrerin der Landesvertretung der Handwerkskammern Niedersachsen, mit Blick auf den Quartalsbericht fest.\u00a0Trotz der unsicheren Zeiten hielten mit 88 Prozent die gro\u00dfe Mehrheit der Betriebe an ihren Mitarbeiter*innen fest [&hellip;]","og_url":"https:\/\/radioleinewelle.de\/index.php\/2020\/11\/25\/niedersaechsisches-handwerk-erholte-sich-im-dritten-quartal-202\/","og_site_name":"Radio Leinewelle","article_publisher":"https:\/\/www.facebook.com\/radioleinewelle","article_author":"https:\/\/www.facebook.com\/radioleinewelle","article_published_time":"2020-11-25T04:00:59+00:00","author":"Leinewelle","twitter_card":"summary_large_image","twitter_creator":"@https:\/\/twitter.com\/RLeinewelle?ref_src=twsrcgoogletwcampserptwgrauthor","twitter_site":"@RLeinewelle","twitter_misc":{"Verfasst von":"Leinewelle","Gesch\u00e4tzte Lesezeit":"3\u00a0Minuten"},"schema":{"@context":"https:\/\/schema.org","@graph":[{"@type":"Article","@id":"https:\/\/radioleinewelle.de\/index.php\/2020\/11\/25\/niedersaechsisches-handwerk-erholte-sich-im-dritten-quartal-202\/#article","isPartOf":{"@id":"https:\/\/radioleinewelle.de\/index.php\/2020\/11\/25\/niedersaechsisches-handwerk-erholte-sich-im-dritten-quartal-202\/"},"author":{"name":"Leinewelle","@id":"https:\/\/radioleinewelle.de\/#\/schema\/person\/45606f348637df637192dc1b68399a63"},"headline":"Nieders\u00e4chsisches Handwerk erholte sich im dritten Quartal 2020","datePublished":"2020-11-25T04:00:59+00:00","mainEntityOfPage":{"@id":"https:\/\/radioleinewelle.de\/index.php\/2020\/11\/25\/niedersaechsisches-handwerk-erholte-sich-im-dritten-quartal-202\/"},"wordCount":510,"publisher":{"@id":"https:\/\/radioleinewelle.de\/#organization"},"articleSection":["Wirtschaft"],"inLanguage":"de"},{"@type":"WebPage","@id":"https:\/\/radioleinewelle.de\/index.php\/2020\/11\/25\/niedersaechsisches-handwerk-erholte-sich-im-dritten-quartal-202\/","url":"https:\/\/radioleinewelle.de\/index.php\/2020\/11\/25\/niedersaechsisches-handwerk-erholte-sich-im-dritten-quartal-202\/","name":"Nieders\u00e4chsisches Handwerk erholte sich im dritten Quartal 2020 - Radio Leinewelle","isPartOf":{"@id":"https:\/\/radioleinewelle.de\/#website"},"datePublished":"2020-11-25T04:00:59+00:00","breadcrumb":{"@id":"https:\/\/radioleinewelle.de\/index.php\/2020\/11\/25\/niedersaechsisches-handwerk-erholte-sich-im-dritten-quartal-202\/#breadcrumb"},"inLanguage":"de","potentialAction":[{"@type":"ReadAction","target":["https:\/\/radioleinewelle.de\/index.php\/2020\/11\/25\/niedersaechsisches-handwerk-erholte-sich-im-dritten-quartal-202\/"]}]},{"@type":"BreadcrumbList","@id":"https:\/\/radioleinewelle.de\/index.php\/2020\/11\/25\/niedersaechsisches-handwerk-erholte-sich-im-dritten-quartal-202\/#breadcrumb","itemListElement":[{"@type":"ListItem","position":1,"name":"Startseite","item":"https:\/\/radioleinewelle.de\/"},{"@type":"ListItem","position":2,"name":"Nieders\u00e4chsisches Handwerk erholte sich im dritten Quartal 2020"}]},{"@type":"WebSite","@id":"https:\/\/radioleinewelle.de\/#website","url":"https:\/\/radioleinewelle.de\/","name":"Radio Leinewelle","description":"","publisher":{"@id":"https:\/\/radioleinewelle.de\/#organization"},"potentialAction":[{"@type":"SearchAction","target":{"@type":"EntryPoint","urlTemplate":"https:\/\/radioleinewelle.de\/?s={search_term_string}"},"query-input":{"@type":"PropertyValueSpecification","valueRequired":true,"valueName":"search_term_string"}}],"inLanguage":"de"},{"@type":"Organization","@id":"https:\/\/radioleinewelle.de\/#organization","name":"Radio Leinewelle","alternateName":"Mein Radio f\u00fcr S\u00fcdniedersachsen","url":"https:\/\/radioleinewelle.de\/","logo":{"@type":"ImageObject","inLanguage":"de","@id":"https:\/\/radioleinewelle.de\/#\/schema\/logo\/image\/","url":"https:\/\/radioleinewelle.de\/wp-content\/uploads\/2023\/11\/cropped-Leinewelle_Logo_weiss.png","contentUrl":"https:\/\/radioleinewelle.de\/wp-content\/uploads\/2023\/11\/cropped-Leinewelle_Logo_weiss.png","width":854,"height":260,"caption":"Radio Leinewelle"},"image":{"@id":"https:\/\/radioleinewelle.de\/#\/schema\/logo\/image\/"},"sameAs":["https:\/\/www.facebook.com\/radioleinewelle","https:\/\/x.com\/RLeinewelle","https:\/\/www.instagram.com\/radioleinewelle\/?hl=de"]},{"@type":"Person","@id":"https:\/\/radioleinewelle.de\/#\/schema\/person\/45606f348637df637192dc1b68399a63","name":"Leinewelle","image":{"@type":"ImageObject","inLanguage":"de","@id":"https:\/\/secure.gravatar.com\/avatar\/05c9a17bc973052ee5d91549bd32fb4dd0dc85b7b85ae94b2e2b4943476bbea5?s=96&d=blank&r=g","url":"https:\/\/secure.gravatar.com\/avatar\/05c9a17bc973052ee5d91549bd32fb4dd0dc85b7b85ae94b2e2b4943476bbea5?s=96&d=blank&r=g","contentUrl":"https:\/\/secure.gravatar.com\/avatar\/05c9a17bc973052ee5d91549bd32fb4dd0dc85b7b85ae94b2e2b4943476bbea5?s=96&d=blank&r=g","caption":"Leinewelle"},"sameAs":["http:\/\/localhost\/radio%20leinewelle\/wordpress","https:\/\/www.facebook.com\/radioleinewelle","https:\/\/www.instagram.com\/radioleinewelle","https:\/\/x.com\/https:\/\/twitter.com\/RLeinewelle?ref_src=twsrcgoogletwcampserptwgrauthor","https:\/\/soundcloud.com\/foerderverein-lokalradio?utm_source=clipboard&utm_medium=text&utm_campaign=social_sharing"],"url":"https:\/\/radioleinewelle.de\/index.php\/author\/leinewelle\/"}]}},"_links":{"self":[{"href":"https:\/\/radioleinewelle.de\/index.php\/wp-json\/wp\/v2\/posts\/3119","targetHints":{"allow":["GET"]}}],"collection":[{"href":"https:\/\/radioleinewelle.de\/index.php\/wp-json\/wp\/v2\/posts"}],"about":[{"href":"https:\/\/radioleinewelle.de\/index.php\/wp-json\/wp\/v2\/types\/post"}],"author":[{"embeddable":true,"href":"https:\/\/radioleinewelle.de\/index.php\/wp-json\/wp\/v2\/users\/1"}],"replies":[{"embeddable":true,"href":"https:\/\/radioleinewelle.de\/index.php\/wp-json\/wp\/v2\/comments?post=3119"}],"version-history":[{"count":0,"href":"https:\/\/radioleinewelle.de\/index.php\/wp-json\/wp\/v2\/posts\/3119\/revisions"}],"wp:attachment":[{"href":"https:\/\/radioleinewelle.de\/index.php\/wp-json\/wp\/v2\/media?parent=3119"}],"wp:term":[{"taxonomy":"category","embeddable":true,"href":"https:\/\/radioleinewelle.de\/index.php\/wp-json\/wp\/v2\/categories?post=3119"},{"taxonomy":"post_tag","embeddable":true,"href":"https:\/\/radioleinewelle.de\/index.php\/wp-json\/wp\/v2\/tags?post=3119"}],"curies":[{"name":"wp","href":"https:\/\/api.w.org\/{rel}","templated":true}]}}