{"id":3122,"date":"2020-11-24T05:18:12","date_gmt":"2020-11-24T04:18:12","guid":{"rendered":"https:\/\/radioleinewelle.de\/?p=3122"},"modified":"2020-11-24T05:18:12","modified_gmt":"2020-11-24T04:18:12","slug":"einstimmung-zum-ersten-advent-in-den-goettinger-innenstadtkirchen","status":"publish","type":"post","link":"https:\/\/radioleinewelle.de\/index.php\/2020\/11\/24\/einstimmung-zum-ersten-advent-in-den-goettinger-innenstadtkirchen\/","title":{"rendered":"Einstimmung zum ersten Advent in den G\u00f6ttinger Innenstadtkirchen"},"content":{"rendered":"<p>Am 28.11.2020 \u00f6ffnen die G\u00f6ttinger Innenstadtkirchen f\u00fcr kleine Impulse zur Einkehr und Entspannung am Samstag des ersten Adventswochenendes.\u00a0\u00a0Glockenspiel, Orgelkl\u00e4nge und Illuminationen \u2013 mit kleinen musikalischen und anderen Impulsen stimmen die G\u00f6ttinger Innenstadtkirchen am Samstag, den 28.11.2020, auf den ersten Advent ein. Auf Initiative von Pro-City haben alle Kirchen innerhalb des Walls \u00fcber den gesamten Tag jeweils ein kleines Programm organisiert, mit dem sie zur Einkehr und Entspannungspause von den Weihnachtseink\u00e4ufen am Samstag des ersten Adventswochenendes einladen. Folgendes ist geplant:<\/p>\n<p>11.30 ST. JACOBI\u00a0Glockenspielkonzert vom Kirchturm<\/p>\n<p>11.30 ST. MICHAEL\u00a0Musikalischer Impuls<\/p>\n<p>12.00 ST. MARIEN\u00a0Orgel und Segen<\/p>\n<p>15.00 ST. JOHANNIS\u00a0Lichtgedanke und Musik<\/p>\n<p>16.00 &#8211; 18.00 ST. ALBANI\u00a0Ausstellung \u201eG\u00f6ttinger Christgarten\u201c<\/p>\n<p>16.00 EV.-REFORMIERTE KIRCHE\u00a0Gedanken und Kl\u00e4nge zum Advent<\/p>\n<p>18.00 ST. NIKOLAI\u00a0Impulse, Improvisationen und\u00a0Illuminationen<\/p>\n<p>Auf das Programm weisen Plakate und Flyer in der G\u00f6ttinger Innenstadt hin. Eine \u00dcbersicht findet sich auch auf der Website von Pro-City <a href=\"http:\/\/www.procity.de\/\">www.procity.de<\/a>.<\/p>\n","protected":false},"excerpt":{"rendered":"<p>Am 28.11.2020 \u00f6ffnen die G\u00f6ttinger Innenstadtkirchen f\u00fcr kleine Impulse zur Einkehr und Entspannung am Samstag des ersten Adventswochenendes.\u00a0\u00a0Glockenspiel, Orgelkl\u00e4nge und Illuminationen \u2013 mit kleinen musikalischen und anderen Impulsen stimmen die G\u00f6ttinger Innenstadtkirchen am Samstag, den 28.11.2020, auf den ersten Advent ein. Auf Initiative von Pro-City haben alle Kirchen innerhalb des Walls \u00fcber den gesamten Tag [&hellip;]<\/p>\n","protected":false},"author":1,"featured_media":0,"comment_status":"closed","ping_status":"closed","sticky":false,"template":"","format":"standard","meta":{"saved_in_kubio":false,"footnotes":""},"categories":[45],"tags":[],"class_list":["post-3122","post","type-post","status-publish","format-standard","hentry","category-kultur"],"yoast_head":"<!-- This site is optimized with the Yoast SEO plugin v27.5 - https:\/\/yoast.com\/product\/yoast-seo-wordpress\/ -->\n<title>Einstimmung zum ersten Advent in den G\u00f6ttinger Innenstadtkirchen - Radio Leinewelle<\/title>\n<meta name=\"robots\" content=\"index, follow, max-snippet:-1, max-image-preview:large, max-video-preview:-1\" \/>\n<link rel=\"canonical\" href=\"https:\/\/radioleinewelle.de\/index.php\/2020\/11\/24\/einstimmung-zum-ersten-advent-in-den-goettinger-innenstadtkirchen\/\" \/>\n<meta property=\"og:locale\" content=\"de_DE\" \/>\n<meta property=\"og:type\" content=\"article\" \/>\n<meta property=\"og:title\" content=\"Einstimmung zum ersten Advent in den G\u00f6ttinger Innenstadtkirchen - Radio Leinewelle\" \/>\n<meta property=\"og:description\" content=\"Am 28.11.2020 \u00f6ffnen die G\u00f6ttinger Innenstadtkirchen f\u00fcr kleine Impulse zur Einkehr und Entspannung am Samstag des ersten Adventswochenendes.\u00a0\u00a0Glockenspiel, Orgelkl\u00e4nge und Illuminationen \u2013 mit kleinen musikalischen und anderen Impulsen stimmen die G\u00f6ttinger Innenstadtkirchen am Samstag, den 28.11.2020, auf den ersten Advent ein. Auf Initiative von Pro-City haben alle Kirchen innerhalb des Walls \u00fcber den gesamten Tag [&hellip;]\" \/>\n<meta property=\"og:url\" content=\"https:\/\/radioleinewelle.de\/index.php\/2020\/11\/24\/einstimmung-zum-ersten-advent-in-den-goettinger-innenstadtkirchen\/\" \/>\n<meta property=\"og:site_name\" content=\"Radio Leinewelle\" \/>\n<meta property=\"article:publisher\" content=\"https:\/\/www.facebook.com\/radioleinewelle\" \/>\n<meta property=\"article:author\" content=\"https:\/\/www.facebook.com\/radioleinewelle\" \/>\n<meta property=\"article:published_time\" content=\"2020-11-24T04:18:12+00:00\" \/>\n<meta name=\"author\" content=\"Leinewelle\" \/>\n<meta name=\"twitter:card\" content=\"summary_large_image\" \/>\n<meta name=\"twitter:creator\" content=\"@https:\/\/twitter.com\/RLeinewelle?ref_src=twsrcgoogletwcampserptwgrauthor\" \/>\n<meta name=\"twitter:site\" content=\"@RLeinewelle\" \/>\n<meta name=\"twitter:label1\" content=\"Verfasst von\" \/>\n\t<meta name=\"twitter:data1\" content=\"Leinewelle\" \/>\n\t<meta name=\"twitter:label2\" content=\"Gesch\u00e4tzte Lesezeit\" \/>\n\t<meta name=\"twitter:data2\" content=\"1\u00a0Minute\" \/>\n<script type=\"application\/ld+json\" class=\"yoast-schema-graph\">{\"@context\":\"https:\\\/\\\/schema.org\",\"@graph\":[{\"@type\":\"Article\",\"@id\":\"https:\\\/\\\/radioleinewelle.de\\\/index.php\\\/2020\\\/11\\\/24\\\/einstimmung-zum-ersten-advent-in-den-goettinger-innenstadtkirchen\\\/#article\",\"isPartOf\":{\"@id\":\"https:\\\/\\\/radioleinewelle.de\\\/index.php\\\/2020\\\/11\\\/24\\\/einstimmung-zum-ersten-advent-in-den-goettinger-innenstadtkirchen\\\/\"},\"author\":{\"name\":\"Leinewelle\",\"@id\":\"https:\\\/\\\/radioleinewelle.de\\\/#\\\/schema\\\/person\\\/45606f348637df637192dc1b68399a63\"},\"headline\":\"Einstimmung zum ersten Advent in den G\u00f6ttinger Innenstadtkirchen\",\"datePublished\":\"2020-11-24T04:18:12+00:00\",\"mainEntityOfPage\":{\"@id\":\"https:\\\/\\\/radioleinewelle.de\\\/index.php\\\/2020\\\/11\\\/24\\\/einstimmung-zum-ersten-advent-in-den-goettinger-innenstadtkirchen\\\/\"},\"wordCount\":158,\"publisher\":{\"@id\":\"https:\\\/\\\/radioleinewelle.de\\\/#organization\"},\"articleSection\":[\"Kultur\"],\"inLanguage\":\"de\"},{\"@type\":\"WebPage\",\"@id\":\"https:\\\/\\\/radioleinewelle.de\\\/index.php\\\/2020\\\/11\\\/24\\\/einstimmung-zum-ersten-advent-in-den-goettinger-innenstadtkirchen\\\/\",\"url\":\"https:\\\/\\\/radioleinewelle.de\\\/index.php\\\/2020\\\/11\\\/24\\\/einstimmung-zum-ersten-advent-in-den-goettinger-innenstadtkirchen\\\/\",\"name\":\"Einstimmung zum ersten Advent in den G\u00f6ttinger Innenstadtkirchen - Radio Leinewelle\",\"isPartOf\":{\"@id\":\"https:\\\/\\\/radioleinewelle.de\\\/#website\"},\"datePublished\":\"2020-11-24T04:18:12+00:00\",\"breadcrumb\":{\"@id\":\"https:\\\/\\\/radioleinewelle.de\\\/index.php\\\/2020\\\/11\\\/24\\\/einstimmung-zum-ersten-advent-in-den-goettinger-innenstadtkirchen\\\/#breadcrumb\"},\"inLanguage\":\"de\",\"potentialAction\":[{\"@type\":\"ReadAction\",\"target\":[\"https:\\\/\\\/radioleinewelle.de\\\/index.php\\\/2020\\\/11\\\/24\\\/einstimmung-zum-ersten-advent-in-den-goettinger-innenstadtkirchen\\\/\"]}]},{\"@type\":\"BreadcrumbList\",\"@id\":\"https:\\\/\\\/radioleinewelle.de\\\/index.php\\\/2020\\\/11\\\/24\\\/einstimmung-zum-ersten-advent-in-den-goettinger-innenstadtkirchen\\\/#breadcrumb\",\"itemListElement\":[{\"@type\":\"ListItem\",\"position\":1,\"name\":\"Startseite\",\"item\":\"https:\\\/\\\/radioleinewelle.de\\\/\"},{\"@type\":\"ListItem\",\"position\":2,\"name\":\"Einstimmung zum ersten Advent in den G\u00f6ttinger Innenstadtkirchen\"}]},{\"@type\":\"WebSite\",\"@id\":\"https:\\\/\\\/radioleinewelle.de\\\/#website\",\"url\":\"https:\\\/\\\/radioleinewelle.de\\\/\",\"name\":\"Radio Leinewelle\",\"description\":\"\",\"publisher\":{\"@id\":\"https:\\\/\\\/radioleinewelle.de\\\/#organization\"},\"potentialAction\":[{\"@type\":\"SearchAction\",\"target\":{\"@type\":\"EntryPoint\",\"urlTemplate\":\"https:\\\/\\\/radioleinewelle.de\\\/?s={search_term_string}\"},\"query-input\":{\"@type\":\"PropertyValueSpecification\",\"valueRequired\":true,\"valueName\":\"search_term_string\"}}],\"inLanguage\":\"de\"},{\"@type\":\"Organization\",\"@id\":\"https:\\\/\\\/radioleinewelle.de\\\/#organization\",\"name\":\"Radio Leinewelle\",\"alternateName\":\"Mein Radio f\u00fcr S\u00fcdniedersachsen\",\"url\":\"https:\\\/\\\/radioleinewelle.de\\\/\",\"logo\":{\"@type\":\"ImageObject\",\"inLanguage\":\"de\",\"@id\":\"https:\\\/\\\/radioleinewelle.de\\\/#\\\/schema\\\/logo\\\/image\\\/\",\"url\":\"https:\\\/\\\/radioleinewelle.de\\\/wp-content\\\/uploads\\\/2023\\\/11\\\/cropped-Leinewelle_Logo_weiss.png\",\"contentUrl\":\"https:\\\/\\\/radioleinewelle.de\\\/wp-content\\\/uploads\\\/2023\\\/11\\\/cropped-Leinewelle_Logo_weiss.png\",\"width\":854,\"height\":260,\"caption\":\"Radio Leinewelle\"},\"image\":{\"@id\":\"https:\\\/\\\/radioleinewelle.de\\\/#\\\/schema\\\/logo\\\/image\\\/\"},\"sameAs\":[\"https:\\\/\\\/www.facebook.com\\\/radioleinewelle\",\"https:\\\/\\\/x.com\\\/RLeinewelle\",\"https:\\\/\\\/www.instagram.com\\\/radioleinewelle\\\/?hl=de\"]},{\"@type\":\"Person\",\"@id\":\"https:\\\/\\\/radioleinewelle.de\\\/#\\\/schema\\\/person\\\/45606f348637df637192dc1b68399a63\",\"name\":\"Leinewelle\",\"image\":{\"@type\":\"ImageObject\",\"inLanguage\":\"de\",\"@id\":\"https:\\\/\\\/secure.gravatar.com\\\/avatar\\\/05c9a17bc973052ee5d91549bd32fb4dd0dc85b7b85ae94b2e2b4943476bbea5?s=96&d=blank&r=g\",\"url\":\"https:\\\/\\\/secure.gravatar.com\\\/avatar\\\/05c9a17bc973052ee5d91549bd32fb4dd0dc85b7b85ae94b2e2b4943476bbea5?s=96&d=blank&r=g\",\"contentUrl\":\"https:\\\/\\\/secure.gravatar.com\\\/avatar\\\/05c9a17bc973052ee5d91549bd32fb4dd0dc85b7b85ae94b2e2b4943476bbea5?s=96&d=blank&r=g\",\"caption\":\"Leinewelle\"},\"sameAs\":[\"http:\\\/\\\/localhost\\\/radio%20leinewelle\\\/wordpress\",\"https:\\\/\\\/www.facebook.com\\\/radioleinewelle\",\"https:\\\/\\\/www.instagram.com\\\/radioleinewelle\",\"https:\\\/\\\/x.com\\\/https:\\\/\\\/twitter.com\\\/RLeinewelle?ref_src=twsrcgoogletwcampserptwgrauthor\",\"https:\\\/\\\/soundcloud.com\\\/foerderverein-lokalradio?utm_source=clipboard&utm_medium=text&utm_campaign=social_sharing\"],\"url\":\"https:\\\/\\\/radioleinewelle.de\\\/index.php\\\/author\\\/leinewelle\\\/\"}]}<\/script>\n<!-- \/ Yoast SEO plugin. -->","yoast_head_json":{"title":"Einstimmung zum ersten Advent in den G\u00f6ttinger Innenstadtkirchen - Radio Leinewelle","robots":{"index":"index","follow":"follow","max-snippet":"max-snippet:-1","max-image-preview":"max-image-preview:large","max-video-preview":"max-video-preview:-1"},"canonical":"https:\/\/radioleinewelle.de\/index.php\/2020\/11\/24\/einstimmung-zum-ersten-advent-in-den-goettinger-innenstadtkirchen\/","og_locale":"de_DE","og_type":"article","og_title":"Einstimmung zum ersten Advent in den G\u00f6ttinger Innenstadtkirchen - Radio Leinewelle","og_description":"Am 28.11.2020 \u00f6ffnen die G\u00f6ttinger Innenstadtkirchen f\u00fcr kleine Impulse zur Einkehr und Entspannung am Samstag des ersten Adventswochenendes.\u00a0\u00a0Glockenspiel, Orgelkl\u00e4nge und Illuminationen \u2013 mit kleinen musikalischen und anderen Impulsen stimmen die G\u00f6ttinger Innenstadtkirchen am Samstag, den 28.11.2020, auf den ersten Advent ein. Auf Initiative von Pro-City haben alle Kirchen innerhalb des Walls \u00fcber den gesamten Tag [&hellip;]","og_url":"https:\/\/radioleinewelle.de\/index.php\/2020\/11\/24\/einstimmung-zum-ersten-advent-in-den-goettinger-innenstadtkirchen\/","og_site_name":"Radio Leinewelle","article_publisher":"https:\/\/www.facebook.com\/radioleinewelle","article_author":"https:\/\/www.facebook.com\/radioleinewelle","article_published_time":"2020-11-24T04:18:12+00:00","author":"Leinewelle","twitter_card":"summary_large_image","twitter_creator":"@https:\/\/twitter.com\/RLeinewelle?ref_src=twsrcgoogletwcampserptwgrauthor","twitter_site":"@RLeinewelle","twitter_misc":{"Verfasst von":"Leinewelle","Gesch\u00e4tzte Lesezeit":"1\u00a0Minute"},"schema":{"@context":"https:\/\/schema.org","@graph":[{"@type":"Article","@id":"https:\/\/radioleinewelle.de\/index.php\/2020\/11\/24\/einstimmung-zum-ersten-advent-in-den-goettinger-innenstadtkirchen\/#article","isPartOf":{"@id":"https:\/\/radioleinewelle.de\/index.php\/2020\/11\/24\/einstimmung-zum-ersten-advent-in-den-goettinger-innenstadtkirchen\/"},"author":{"name":"Leinewelle","@id":"https:\/\/radioleinewelle.de\/#\/schema\/person\/45606f348637df637192dc1b68399a63"},"headline":"Einstimmung zum ersten Advent in den G\u00f6ttinger Innenstadtkirchen","datePublished":"2020-11-24T04:18:12+00:00","mainEntityOfPage":{"@id":"https:\/\/radioleinewelle.de\/index.php\/2020\/11\/24\/einstimmung-zum-ersten-advent-in-den-goettinger-innenstadtkirchen\/"},"wordCount":158,"publisher":{"@id":"https:\/\/radioleinewelle.de\/#organization"},"articleSection":["Kultur"],"inLanguage":"de"},{"@type":"WebPage","@id":"https:\/\/radioleinewelle.de\/index.php\/2020\/11\/24\/einstimmung-zum-ersten-advent-in-den-goettinger-innenstadtkirchen\/","url":"https:\/\/radioleinewelle.de\/index.php\/2020\/11\/24\/einstimmung-zum-ersten-advent-in-den-goettinger-innenstadtkirchen\/","name":"Einstimmung zum ersten Advent in den G\u00f6ttinger Innenstadtkirchen - Radio Leinewelle","isPartOf":{"@id":"https:\/\/radioleinewelle.de\/#website"},"datePublished":"2020-11-24T04:18:12+00:00","breadcrumb":{"@id":"https:\/\/radioleinewelle.de\/index.php\/2020\/11\/24\/einstimmung-zum-ersten-advent-in-den-goettinger-innenstadtkirchen\/#breadcrumb"},"inLanguage":"de","potentialAction":[{"@type":"ReadAction","target":["https:\/\/radioleinewelle.de\/index.php\/2020\/11\/24\/einstimmung-zum-ersten-advent-in-den-goettinger-innenstadtkirchen\/"]}]},{"@type":"BreadcrumbList","@id":"https:\/\/radioleinewelle.de\/index.php\/2020\/11\/24\/einstimmung-zum-ersten-advent-in-den-goettinger-innenstadtkirchen\/#breadcrumb","itemListElement":[{"@type":"ListItem","position":1,"name":"Startseite","item":"https:\/\/radioleinewelle.de\/"},{"@type":"ListItem","position":2,"name":"Einstimmung zum ersten Advent in den G\u00f6ttinger Innenstadtkirchen"}]},{"@type":"WebSite","@id":"https:\/\/radioleinewelle.de\/#website","url":"https:\/\/radioleinewelle.de\/","name":"Radio Leinewelle","description":"","publisher":{"@id":"https:\/\/radioleinewelle.de\/#organization"},"potentialAction":[{"@type":"SearchAction","target":{"@type":"EntryPoint","urlTemplate":"https:\/\/radioleinewelle.de\/?s={search_term_string}"},"query-input":{"@type":"PropertyValueSpecification","valueRequired":true,"valueName":"search_term_string"}}],"inLanguage":"de"},{"@type":"Organization","@id":"https:\/\/radioleinewelle.de\/#organization","name":"Radio Leinewelle","alternateName":"Mein Radio f\u00fcr S\u00fcdniedersachsen","url":"https:\/\/radioleinewelle.de\/","logo":{"@type":"ImageObject","inLanguage":"de","@id":"https:\/\/radioleinewelle.de\/#\/schema\/logo\/image\/","url":"https:\/\/radioleinewelle.de\/wp-content\/uploads\/2023\/11\/cropped-Leinewelle_Logo_weiss.png","contentUrl":"https:\/\/radioleinewelle.de\/wp-content\/uploads\/2023\/11\/cropped-Leinewelle_Logo_weiss.png","width":854,"height":260,"caption":"Radio Leinewelle"},"image":{"@id":"https:\/\/radioleinewelle.de\/#\/schema\/logo\/image\/"},"sameAs":["https:\/\/www.facebook.com\/radioleinewelle","https:\/\/x.com\/RLeinewelle","https:\/\/www.instagram.com\/radioleinewelle\/?hl=de"]},{"@type":"Person","@id":"https:\/\/radioleinewelle.de\/#\/schema\/person\/45606f348637df637192dc1b68399a63","name":"Leinewelle","image":{"@type":"ImageObject","inLanguage":"de","@id":"https:\/\/secure.gravatar.com\/avatar\/05c9a17bc973052ee5d91549bd32fb4dd0dc85b7b85ae94b2e2b4943476bbea5?s=96&d=blank&r=g","url":"https:\/\/secure.gravatar.com\/avatar\/05c9a17bc973052ee5d91549bd32fb4dd0dc85b7b85ae94b2e2b4943476bbea5?s=96&d=blank&r=g","contentUrl":"https:\/\/secure.gravatar.com\/avatar\/05c9a17bc973052ee5d91549bd32fb4dd0dc85b7b85ae94b2e2b4943476bbea5?s=96&d=blank&r=g","caption":"Leinewelle"},"sameAs":["http:\/\/localhost\/radio%20leinewelle\/wordpress","https:\/\/www.facebook.com\/radioleinewelle","https:\/\/www.instagram.com\/radioleinewelle","https:\/\/x.com\/https:\/\/twitter.com\/RLeinewelle?ref_src=twsrcgoogletwcampserptwgrauthor","https:\/\/soundcloud.com\/foerderverein-lokalradio?utm_source=clipboard&utm_medium=text&utm_campaign=social_sharing"],"url":"https:\/\/radioleinewelle.de\/index.php\/author\/leinewelle\/"}]}},"_links":{"self":[{"href":"https:\/\/radioleinewelle.de\/index.php\/wp-json\/wp\/v2\/posts\/3122","targetHints":{"allow":["GET"]}}],"collection":[{"href":"https:\/\/radioleinewelle.de\/index.php\/wp-json\/wp\/v2\/posts"}],"about":[{"href":"https:\/\/radioleinewelle.de\/index.php\/wp-json\/wp\/v2\/types\/post"}],"author":[{"embeddable":true,"href":"https:\/\/radioleinewelle.de\/index.php\/wp-json\/wp\/v2\/users\/1"}],"replies":[{"embeddable":true,"href":"https:\/\/radioleinewelle.de\/index.php\/wp-json\/wp\/v2\/comments?post=3122"}],"version-history":[{"count":0,"href":"https:\/\/radioleinewelle.de\/index.php\/wp-json\/wp\/v2\/posts\/3122\/revisions"}],"wp:attachment":[{"href":"https:\/\/radioleinewelle.de\/index.php\/wp-json\/wp\/v2\/media?parent=3122"}],"wp:term":[{"taxonomy":"category","embeddable":true,"href":"https:\/\/radioleinewelle.de\/index.php\/wp-json\/wp\/v2\/categories?post=3122"},{"taxonomy":"post_tag","embeddable":true,"href":"https:\/\/radioleinewelle.de\/index.php\/wp-json\/wp\/v2\/tags?post=3122"}],"curies":[{"name":"wp","href":"https:\/\/api.w.org\/{rel}","templated":true}]}}