{"id":3131,"date":"2020-11-25T05:00:02","date_gmt":"2020-11-25T04:00:02","guid":{"rendered":"https:\/\/radioleinewelle.de\/?p=3131"},"modified":"2020-11-25T05:00:02","modified_gmt":"2020-11-25T04:00:02","slug":"beschwerde-gegen-die-erneute-genehmigung-zum-abschuss-des-rodewalder-wolfsrueden-erfolglos","status":"publish","type":"post","link":"https:\/\/radioleinewelle.de\/index.php\/2020\/11\/25\/beschwerde-gegen-die-erneute-genehmigung-zum-abschuss-des-rodewalder-wolfsrueden-erfolglos\/","title":{"rendered":"Beschwerde gegen die erneute Genehmigung zum Abschuss des Rodewalder Wolfsr\u00fcden erfolglos"},"content":{"rendered":"<p>Der 4. Senat des Nieders\u00e4chsischen Oberverwaltungsgerichts hat mit Beschluss vom 24. November 2020 die Beschwerde einer staatlich anerkannten Naturschutzvereinigung gegen die neuerlich erteilte Ausnahmegenehmigung f\u00fcr die T\u00f6tung des Leitwolfs des Rodewalder Rudels zur\u00fcckgewiesen (Az. 4 ME 199\/20).<\/p>\n<p><span class=\"c6\">Diesem Wolf mit dem Gencode GW717m waren seit Februar 2018 mehrere Angriffe auf Rinder, Pferde und Schafe nachgewiesen worden. Deswegen hatte der Nieders\u00e4chsische Landesbetrieb f\u00fcr Wasserwirtschaft, K\u00fcsten- und Naturschutz (NLWKN) schon einmal mit Bescheid vom 23. Januar 2019 eine Ausnahmegenehmigung f\u00fcr die T\u00f6tung des genannten Wolfs erteilt. Bereits gegen diesen Bescheid hatte die Naturschutzvereinigung einen Antrag auf einstweiligen Rechtsschutz gestellt, der aber sowohl vor dem Verwaltungsgericht Oldenburg als auch vor dem Nieders\u00e4chsischen Oberverwaltungsgericht ohne Erfolg geblieben war.\u00a0<\/span><\/p>\n<p><span class=\"c6\">Nachdem diese Ausnahmegenehmigung Ende M\u00e4rz 2020 ausgelaufen war, ohne dass der Wolf erlegt werden konnte, kam es im Territorium des Rodewalder Wolfsrudels im Mai und Juni 2020 zu zwei weiteren Rissen von Rindern und Pferden. Daraufhin erteilte der NLWKN mit dem Bescheid vom 17. Juli 2020 erneut eine f\u00fcr sofort vollziehbar erkl\u00e4rte Ausnahmegenehmigung zur T\u00f6tung des Wolfsr\u00fcden. Diese Genehmigung ist bis zum 31. Dezember 2020 befristet und \u00f6rtlich auf einzelne im Wolfsterritorium liegende St\u00e4dte und Gemeinden in den Landkreisen Nienburg\/Weser und Heidekreis beschr\u00e4nkt. Zus\u00e4tzlich wurde es in dem Bescheid gestattet, dass ein Wolf auch dann get\u00f6tet werden darf, wenn er nicht anhand leicht erkennbarer \u00e4u\u00dferer Merkmale (etwa einer besonderen Fellzeichnung) als der Leitr\u00fcde des Wolfsrudels identifiziert werden kann, und dass diese Vorgehensweise gegebenenfalls bis zur T\u00f6tung des Leitr\u00fcden oder bis zum Ausbleiben weiterer Weidetierrisse fortgesetzt werden darf.<\/span><\/p>\n<p><span class=\"c6\">Das Nieders\u00e4chsische Oberverwaltungsgericht hat diesen erstinstanzlichen Beschluss best\u00e4tigt. Die vom NLWKN getroffene Prognose, dass die T\u00f6tung des Wolfs GW717m zur Abwendung ernster wirtschaftlicher Sch\u00e4den erforderlich sei, sei gerechtfertigt. Es k\u00f6nne davon ausgegangen werden, dass dieser Wolf weiterhin Pferde und Rinder rei\u00dfen und dadurch Sch\u00e4den in erheblichem Umfang verursachen werde. Au\u00dferdem sei damit zu rechnen, dass der Wolf seine Jagdtechnik auch an seine Nachkommen weitergeben werde, zumal andere W\u00f6lfe des Rudels schon an bisherigen Angriffen auf gro\u00dfe Weidetiere beteiligt gewesen seien. Zumutbare Alternativen zur T\u00f6tung seien ebenfalls nicht ersichtlich. Au\u00dferdem versto\u00dfe der seit dem 13. M\u00e4rz 2020 geltende \u00a7 45a Abs. 2 Satz 2 des Bundesnaturschutzgesetzes (BNatSchG), der den Abschuss von einzelnen Mitgliedern eines Wolfsrudels in engem r\u00e4umlichen und zeitlichen Zusammenhang mit bereits eingetretenen Rissereignissen auch ohne Zuordnung der Sch\u00e4den zu einem bestimmten Einzeltier erlaubt, nicht gegen europ\u00e4isches Recht.<\/span><\/p>\n<p><span class=\"c6\">Der Beschluss des Nieders\u00e4chsischen Oberverwaltungsgerichts ist unanfechtbar.<\/span><\/p>\n","protected":false},"excerpt":{"rendered":"<p>Der 4. Senat des Nieders\u00e4chsischen Oberverwaltungsgerichts hat mit Beschluss vom 24. November 2020 die Beschwerde einer staatlich anerkannten Naturschutzvereinigung gegen die neuerlich erteilte Ausnahmegenehmigung f\u00fcr die T\u00f6tung des Leitwolfs des Rodewalder Rudels zur\u00fcckgewiesen (Az. 4 ME 199\/20). Diesem Wolf mit dem Gencode GW717m waren seit Februar 2018 mehrere Angriffe auf Rinder, Pferde und Schafe nachgewiesen [&hellip;]<\/p>\n","protected":false},"author":1,"featured_media":3133,"comment_status":"closed","ping_status":"closed","sticky":false,"template":"","format":"standard","meta":{"saved_in_kubio":false,"footnotes":""},"categories":[32],"tags":[],"class_list":["post-3131","post","type-post","status-publish","format-standard","has-post-thumbnail","hentry","category-natur-umwelt"],"yoast_head":"<!-- This site is optimized with the Yoast SEO plugin v27.5 - https:\/\/yoast.com\/product\/yoast-seo-wordpress\/ -->\n<title>Beschwerde gegen die erneute Genehmigung zum Abschuss des Rodewalder Wolfsr\u00fcden erfolglos - Radio Leinewelle<\/title>\n<meta name=\"robots\" content=\"index, follow, max-snippet:-1, max-image-preview:large, max-video-preview:-1\" \/>\n<link rel=\"canonical\" href=\"https:\/\/radioleinewelle.de\/index.php\/2020\/11\/25\/beschwerde-gegen-die-erneute-genehmigung-zum-abschuss-des-rodewalder-wolfsrueden-erfolglos\/\" \/>\n<meta property=\"og:locale\" content=\"de_DE\" \/>\n<meta property=\"og:type\" content=\"article\" \/>\n<meta property=\"og:title\" content=\"Beschwerde gegen die erneute Genehmigung zum Abschuss des Rodewalder Wolfsr\u00fcden erfolglos - Radio Leinewelle\" \/>\n<meta property=\"og:description\" content=\"Der 4. Senat des Nieders\u00e4chsischen Oberverwaltungsgerichts hat mit Beschluss vom 24. November 2020 die Beschwerde einer staatlich anerkannten Naturschutzvereinigung gegen die neuerlich erteilte Ausnahmegenehmigung f\u00fcr die T\u00f6tung des Leitwolfs des Rodewalder Rudels zur\u00fcckgewiesen (Az. 4 ME 199\/20). Diesem Wolf mit dem Gencode GW717m waren seit Februar 2018 mehrere Angriffe auf Rinder, Pferde und Schafe nachgewiesen [&hellip;]\" \/>\n<meta property=\"og:url\" content=\"https:\/\/radioleinewelle.de\/index.php\/2020\/11\/25\/beschwerde-gegen-die-erneute-genehmigung-zum-abschuss-des-rodewalder-wolfsrueden-erfolglos\/\" \/>\n<meta property=\"og:site_name\" content=\"Radio Leinewelle\" \/>\n<meta property=\"article:publisher\" content=\"https:\/\/www.facebook.com\/radioleinewelle\" \/>\n<meta property=\"article:author\" content=\"https:\/\/www.facebook.com\/radioleinewelle\" \/>\n<meta property=\"article:published_time\" content=\"2020-11-25T04:00:02+00:00\" \/>\n<meta property=\"og:image\" content=\"https:\/\/radioleinewelle.de\/wp-content\/uploads\/2020\/11\/wolf-635063_640.jpg\" \/>\n\t<meta property=\"og:image:width\" content=\"640\" \/>\n\t<meta property=\"og:image:height\" content=\"426\" \/>\n\t<meta property=\"og:image:type\" content=\"image\/jpeg\" \/>\n<meta name=\"author\" content=\"Leinewelle\" \/>\n<meta name=\"twitter:card\" content=\"summary_large_image\" \/>\n<meta name=\"twitter:creator\" content=\"@https:\/\/twitter.com\/RLeinewelle?ref_src=twsrcgoogletwcampserptwgrauthor\" \/>\n<meta name=\"twitter:site\" content=\"@RLeinewelle\" \/>\n<meta name=\"twitter:label1\" content=\"Verfasst von\" \/>\n\t<meta name=\"twitter:data1\" content=\"Leinewelle\" \/>\n\t<meta name=\"twitter:label2\" content=\"Gesch\u00e4tzte Lesezeit\" \/>\n\t<meta name=\"twitter:data2\" content=\"2\u00a0Minuten\" \/>\n<script type=\"application\/ld+json\" class=\"yoast-schema-graph\">{\"@context\":\"https:\\\/\\\/schema.org\",\"@graph\":[{\"@type\":\"Article\",\"@id\":\"https:\\\/\\\/radioleinewelle.de\\\/index.php\\\/2020\\\/11\\\/25\\\/beschwerde-gegen-die-erneute-genehmigung-zum-abschuss-des-rodewalder-wolfsrueden-erfolglos\\\/#article\",\"isPartOf\":{\"@id\":\"https:\\\/\\\/radioleinewelle.de\\\/index.php\\\/2020\\\/11\\\/25\\\/beschwerde-gegen-die-erneute-genehmigung-zum-abschuss-des-rodewalder-wolfsrueden-erfolglos\\\/\"},\"author\":{\"name\":\"Leinewelle\",\"@id\":\"https:\\\/\\\/radioleinewelle.de\\\/#\\\/schema\\\/person\\\/45606f348637df637192dc1b68399a63\"},\"headline\":\"Beschwerde gegen die erneute Genehmigung zum Abschuss des Rodewalder Wolfsr\u00fcden erfolglos\",\"datePublished\":\"2020-11-25T04:00:02+00:00\",\"mainEntityOfPage\":{\"@id\":\"https:\\\/\\\/radioleinewelle.de\\\/index.php\\\/2020\\\/11\\\/25\\\/beschwerde-gegen-die-erneute-genehmigung-zum-abschuss-des-rodewalder-wolfsrueden-erfolglos\\\/\"},\"wordCount\":433,\"publisher\":{\"@id\":\"https:\\\/\\\/radioleinewelle.de\\\/#organization\"},\"image\":{\"@id\":\"https:\\\/\\\/radioleinewelle.de\\\/index.php\\\/2020\\\/11\\\/25\\\/beschwerde-gegen-die-erneute-genehmigung-zum-abschuss-des-rodewalder-wolfsrueden-erfolglos\\\/#primaryimage\"},\"thumbnailUrl\":\"https:\\\/\\\/radioleinewelle.de\\\/wp-content\\\/uploads\\\/2020\\\/11\\\/wolf-635063_640.jpg\",\"articleSection\":[\"Natur &amp; Umwelt\"],\"inLanguage\":\"de\"},{\"@type\":\"WebPage\",\"@id\":\"https:\\\/\\\/radioleinewelle.de\\\/index.php\\\/2020\\\/11\\\/25\\\/beschwerde-gegen-die-erneute-genehmigung-zum-abschuss-des-rodewalder-wolfsrueden-erfolglos\\\/\",\"url\":\"https:\\\/\\\/radioleinewelle.de\\\/index.php\\\/2020\\\/11\\\/25\\\/beschwerde-gegen-die-erneute-genehmigung-zum-abschuss-des-rodewalder-wolfsrueden-erfolglos\\\/\",\"name\":\"Beschwerde gegen die erneute Genehmigung zum Abschuss des Rodewalder Wolfsr\u00fcden erfolglos - Radio Leinewelle\",\"isPartOf\":{\"@id\":\"https:\\\/\\\/radioleinewelle.de\\\/#website\"},\"primaryImageOfPage\":{\"@id\":\"https:\\\/\\\/radioleinewelle.de\\\/index.php\\\/2020\\\/11\\\/25\\\/beschwerde-gegen-die-erneute-genehmigung-zum-abschuss-des-rodewalder-wolfsrueden-erfolglos\\\/#primaryimage\"},\"image\":{\"@id\":\"https:\\\/\\\/radioleinewelle.de\\\/index.php\\\/2020\\\/11\\\/25\\\/beschwerde-gegen-die-erneute-genehmigung-zum-abschuss-des-rodewalder-wolfsrueden-erfolglos\\\/#primaryimage\"},\"thumbnailUrl\":\"https:\\\/\\\/radioleinewelle.de\\\/wp-content\\\/uploads\\\/2020\\\/11\\\/wolf-635063_640.jpg\",\"datePublished\":\"2020-11-25T04:00:02+00:00\",\"breadcrumb\":{\"@id\":\"https:\\\/\\\/radioleinewelle.de\\\/index.php\\\/2020\\\/11\\\/25\\\/beschwerde-gegen-die-erneute-genehmigung-zum-abschuss-des-rodewalder-wolfsrueden-erfolglos\\\/#breadcrumb\"},\"inLanguage\":\"de\",\"potentialAction\":[{\"@type\":\"ReadAction\",\"target\":[\"https:\\\/\\\/radioleinewelle.de\\\/index.php\\\/2020\\\/11\\\/25\\\/beschwerde-gegen-die-erneute-genehmigung-zum-abschuss-des-rodewalder-wolfsrueden-erfolglos\\\/\"]}]},{\"@type\":\"ImageObject\",\"inLanguage\":\"de\",\"@id\":\"https:\\\/\\\/radioleinewelle.de\\\/index.php\\\/2020\\\/11\\\/25\\\/beschwerde-gegen-die-erneute-genehmigung-zum-abschuss-des-rodewalder-wolfsrueden-erfolglos\\\/#primaryimage\",\"url\":\"https:\\\/\\\/radioleinewelle.de\\\/wp-content\\\/uploads\\\/2020\\\/11\\\/wolf-635063_640.jpg\",\"contentUrl\":\"https:\\\/\\\/radioleinewelle.de\\\/wp-content\\\/uploads\\\/2020\\\/11\\\/wolf-635063_640.jpg\",\"width\":640,\"height\":426},{\"@type\":\"BreadcrumbList\",\"@id\":\"https:\\\/\\\/radioleinewelle.de\\\/index.php\\\/2020\\\/11\\\/25\\\/beschwerde-gegen-die-erneute-genehmigung-zum-abschuss-des-rodewalder-wolfsrueden-erfolglos\\\/#breadcrumb\",\"itemListElement\":[{\"@type\":\"ListItem\",\"position\":1,\"name\":\"Startseite\",\"item\":\"https:\\\/\\\/radioleinewelle.de\\\/\"},{\"@type\":\"ListItem\",\"position\":2,\"name\":\"Beschwerde gegen die erneute Genehmigung zum Abschuss des Rodewalder Wolfsr\u00fcden erfolglos\"}]},{\"@type\":\"WebSite\",\"@id\":\"https:\\\/\\\/radioleinewelle.de\\\/#website\",\"url\":\"https:\\\/\\\/radioleinewelle.de\\\/\",\"name\":\"Radio Leinewelle\",\"description\":\"\",\"publisher\":{\"@id\":\"https:\\\/\\\/radioleinewelle.de\\\/#organization\"},\"potentialAction\":[{\"@type\":\"SearchAction\",\"target\":{\"@type\":\"EntryPoint\",\"urlTemplate\":\"https:\\\/\\\/radioleinewelle.de\\\/?s={search_term_string}\"},\"query-input\":{\"@type\":\"PropertyValueSpecification\",\"valueRequired\":true,\"valueName\":\"search_term_string\"}}],\"inLanguage\":\"de\"},{\"@type\":\"Organization\",\"@id\":\"https:\\\/\\\/radioleinewelle.de\\\/#organization\",\"name\":\"Radio Leinewelle\",\"alternateName\":\"Mein Radio f\u00fcr S\u00fcdniedersachsen\",\"url\":\"https:\\\/\\\/radioleinewelle.de\\\/\",\"logo\":{\"@type\":\"ImageObject\",\"inLanguage\":\"de\",\"@id\":\"https:\\\/\\\/radioleinewelle.de\\\/#\\\/schema\\\/logo\\\/image\\\/\",\"url\":\"https:\\\/\\\/radioleinewelle.de\\\/wp-content\\\/uploads\\\/2023\\\/11\\\/cropped-Leinewelle_Logo_weiss.png\",\"contentUrl\":\"https:\\\/\\\/radioleinewelle.de\\\/wp-content\\\/uploads\\\/2023\\\/11\\\/cropped-Leinewelle_Logo_weiss.png\",\"width\":854,\"height\":260,\"caption\":\"Radio Leinewelle\"},\"image\":{\"@id\":\"https:\\\/\\\/radioleinewelle.de\\\/#\\\/schema\\\/logo\\\/image\\\/\"},\"sameAs\":[\"https:\\\/\\\/www.facebook.com\\\/radioleinewelle\",\"https:\\\/\\\/x.com\\\/RLeinewelle\",\"https:\\\/\\\/www.instagram.com\\\/radioleinewelle\\\/?hl=de\"]},{\"@type\":\"Person\",\"@id\":\"https:\\\/\\\/radioleinewelle.de\\\/#\\\/schema\\\/person\\\/45606f348637df637192dc1b68399a63\",\"name\":\"Leinewelle\",\"image\":{\"@type\":\"ImageObject\",\"inLanguage\":\"de\",\"@id\":\"https:\\\/\\\/secure.gravatar.com\\\/avatar\\\/05c9a17bc973052ee5d91549bd32fb4dd0dc85b7b85ae94b2e2b4943476bbea5?s=96&d=blank&r=g\",\"url\":\"https:\\\/\\\/secure.gravatar.com\\\/avatar\\\/05c9a17bc973052ee5d91549bd32fb4dd0dc85b7b85ae94b2e2b4943476bbea5?s=96&d=blank&r=g\",\"contentUrl\":\"https:\\\/\\\/secure.gravatar.com\\\/avatar\\\/05c9a17bc973052ee5d91549bd32fb4dd0dc85b7b85ae94b2e2b4943476bbea5?s=96&d=blank&r=g\",\"caption\":\"Leinewelle\"},\"sameAs\":[\"http:\\\/\\\/localhost\\\/radio%20leinewelle\\\/wordpress\",\"https:\\\/\\\/www.facebook.com\\\/radioleinewelle\",\"https:\\\/\\\/www.instagram.com\\\/radioleinewelle\",\"https:\\\/\\\/x.com\\\/https:\\\/\\\/twitter.com\\\/RLeinewelle?ref_src=twsrcgoogletwcampserptwgrauthor\",\"https:\\\/\\\/soundcloud.com\\\/foerderverein-lokalradio?utm_source=clipboard&utm_medium=text&utm_campaign=social_sharing\"],\"url\":\"https:\\\/\\\/radioleinewelle.de\\\/index.php\\\/author\\\/leinewelle\\\/\"}]}<\/script>\n<!-- \/ Yoast SEO plugin. -->","yoast_head_json":{"title":"Beschwerde gegen die erneute Genehmigung zum Abschuss des Rodewalder Wolfsr\u00fcden erfolglos - Radio Leinewelle","robots":{"index":"index","follow":"follow","max-snippet":"max-snippet:-1","max-image-preview":"max-image-preview:large","max-video-preview":"max-video-preview:-1"},"canonical":"https:\/\/radioleinewelle.de\/index.php\/2020\/11\/25\/beschwerde-gegen-die-erneute-genehmigung-zum-abschuss-des-rodewalder-wolfsrueden-erfolglos\/","og_locale":"de_DE","og_type":"article","og_title":"Beschwerde gegen die erneute Genehmigung zum Abschuss des Rodewalder Wolfsr\u00fcden erfolglos - Radio Leinewelle","og_description":"Der 4. Senat des Nieders\u00e4chsischen Oberverwaltungsgerichts hat mit Beschluss vom 24. November 2020 die Beschwerde einer staatlich anerkannten Naturschutzvereinigung gegen die neuerlich erteilte Ausnahmegenehmigung f\u00fcr die T\u00f6tung des Leitwolfs des Rodewalder Rudels zur\u00fcckgewiesen (Az. 4 ME 199\/20). Diesem Wolf mit dem Gencode GW717m waren seit Februar 2018 mehrere Angriffe auf Rinder, Pferde und Schafe nachgewiesen [&hellip;]","og_url":"https:\/\/radioleinewelle.de\/index.php\/2020\/11\/25\/beschwerde-gegen-die-erneute-genehmigung-zum-abschuss-des-rodewalder-wolfsrueden-erfolglos\/","og_site_name":"Radio Leinewelle","article_publisher":"https:\/\/www.facebook.com\/radioleinewelle","article_author":"https:\/\/www.facebook.com\/radioleinewelle","article_published_time":"2020-11-25T04:00:02+00:00","og_image":[{"width":640,"height":426,"url":"https:\/\/radioleinewelle.de\/wp-content\/uploads\/2020\/11\/wolf-635063_640.jpg","type":"image\/jpeg"}],"author":"Leinewelle","twitter_card":"summary_large_image","twitter_creator":"@https:\/\/twitter.com\/RLeinewelle?ref_src=twsrcgoogletwcampserptwgrauthor","twitter_site":"@RLeinewelle","twitter_misc":{"Verfasst von":"Leinewelle","Gesch\u00e4tzte Lesezeit":"2\u00a0Minuten"},"schema":{"@context":"https:\/\/schema.org","@graph":[{"@type":"Article","@id":"https:\/\/radioleinewelle.de\/index.php\/2020\/11\/25\/beschwerde-gegen-die-erneute-genehmigung-zum-abschuss-des-rodewalder-wolfsrueden-erfolglos\/#article","isPartOf":{"@id":"https:\/\/radioleinewelle.de\/index.php\/2020\/11\/25\/beschwerde-gegen-die-erneute-genehmigung-zum-abschuss-des-rodewalder-wolfsrueden-erfolglos\/"},"author":{"name":"Leinewelle","@id":"https:\/\/radioleinewelle.de\/#\/schema\/person\/45606f348637df637192dc1b68399a63"},"headline":"Beschwerde gegen die erneute Genehmigung zum Abschuss des Rodewalder Wolfsr\u00fcden erfolglos","datePublished":"2020-11-25T04:00:02+00:00","mainEntityOfPage":{"@id":"https:\/\/radioleinewelle.de\/index.php\/2020\/11\/25\/beschwerde-gegen-die-erneute-genehmigung-zum-abschuss-des-rodewalder-wolfsrueden-erfolglos\/"},"wordCount":433,"publisher":{"@id":"https:\/\/radioleinewelle.de\/#organization"},"image":{"@id":"https:\/\/radioleinewelle.de\/index.php\/2020\/11\/25\/beschwerde-gegen-die-erneute-genehmigung-zum-abschuss-des-rodewalder-wolfsrueden-erfolglos\/#primaryimage"},"thumbnailUrl":"https:\/\/radioleinewelle.de\/wp-content\/uploads\/2020\/11\/wolf-635063_640.jpg","articleSection":["Natur &amp; Umwelt"],"inLanguage":"de"},{"@type":"WebPage","@id":"https:\/\/radioleinewelle.de\/index.php\/2020\/11\/25\/beschwerde-gegen-die-erneute-genehmigung-zum-abschuss-des-rodewalder-wolfsrueden-erfolglos\/","url":"https:\/\/radioleinewelle.de\/index.php\/2020\/11\/25\/beschwerde-gegen-die-erneute-genehmigung-zum-abschuss-des-rodewalder-wolfsrueden-erfolglos\/","name":"Beschwerde gegen die erneute Genehmigung zum Abschuss des Rodewalder Wolfsr\u00fcden erfolglos - Radio Leinewelle","isPartOf":{"@id":"https:\/\/radioleinewelle.de\/#website"},"primaryImageOfPage":{"@id":"https:\/\/radioleinewelle.de\/index.php\/2020\/11\/25\/beschwerde-gegen-die-erneute-genehmigung-zum-abschuss-des-rodewalder-wolfsrueden-erfolglos\/#primaryimage"},"image":{"@id":"https:\/\/radioleinewelle.de\/index.php\/2020\/11\/25\/beschwerde-gegen-die-erneute-genehmigung-zum-abschuss-des-rodewalder-wolfsrueden-erfolglos\/#primaryimage"},"thumbnailUrl":"https:\/\/radioleinewelle.de\/wp-content\/uploads\/2020\/11\/wolf-635063_640.jpg","datePublished":"2020-11-25T04:00:02+00:00","breadcrumb":{"@id":"https:\/\/radioleinewelle.de\/index.php\/2020\/11\/25\/beschwerde-gegen-die-erneute-genehmigung-zum-abschuss-des-rodewalder-wolfsrueden-erfolglos\/#breadcrumb"},"inLanguage":"de","potentialAction":[{"@type":"ReadAction","target":["https:\/\/radioleinewelle.de\/index.php\/2020\/11\/25\/beschwerde-gegen-die-erneute-genehmigung-zum-abschuss-des-rodewalder-wolfsrueden-erfolglos\/"]}]},{"@type":"ImageObject","inLanguage":"de","@id":"https:\/\/radioleinewelle.de\/index.php\/2020\/11\/25\/beschwerde-gegen-die-erneute-genehmigung-zum-abschuss-des-rodewalder-wolfsrueden-erfolglos\/#primaryimage","url":"https:\/\/radioleinewelle.de\/wp-content\/uploads\/2020\/11\/wolf-635063_640.jpg","contentUrl":"https:\/\/radioleinewelle.de\/wp-content\/uploads\/2020\/11\/wolf-635063_640.jpg","width":640,"height":426},{"@type":"BreadcrumbList","@id":"https:\/\/radioleinewelle.de\/index.php\/2020\/11\/25\/beschwerde-gegen-die-erneute-genehmigung-zum-abschuss-des-rodewalder-wolfsrueden-erfolglos\/#breadcrumb","itemListElement":[{"@type":"ListItem","position":1,"name":"Startseite","item":"https:\/\/radioleinewelle.de\/"},{"@type":"ListItem","position":2,"name":"Beschwerde gegen die erneute Genehmigung zum Abschuss des Rodewalder Wolfsr\u00fcden erfolglos"}]},{"@type":"WebSite","@id":"https:\/\/radioleinewelle.de\/#website","url":"https:\/\/radioleinewelle.de\/","name":"Radio Leinewelle","description":"","publisher":{"@id":"https:\/\/radioleinewelle.de\/#organization"},"potentialAction":[{"@type":"SearchAction","target":{"@type":"EntryPoint","urlTemplate":"https:\/\/radioleinewelle.de\/?s={search_term_string}"},"query-input":{"@type":"PropertyValueSpecification","valueRequired":true,"valueName":"search_term_string"}}],"inLanguage":"de"},{"@type":"Organization","@id":"https:\/\/radioleinewelle.de\/#organization","name":"Radio Leinewelle","alternateName":"Mein Radio f\u00fcr S\u00fcdniedersachsen","url":"https:\/\/radioleinewelle.de\/","logo":{"@type":"ImageObject","inLanguage":"de","@id":"https:\/\/radioleinewelle.de\/#\/schema\/logo\/image\/","url":"https:\/\/radioleinewelle.de\/wp-content\/uploads\/2023\/11\/cropped-Leinewelle_Logo_weiss.png","contentUrl":"https:\/\/radioleinewelle.de\/wp-content\/uploads\/2023\/11\/cropped-Leinewelle_Logo_weiss.png","width":854,"height":260,"caption":"Radio Leinewelle"},"image":{"@id":"https:\/\/radioleinewelle.de\/#\/schema\/logo\/image\/"},"sameAs":["https:\/\/www.facebook.com\/radioleinewelle","https:\/\/x.com\/RLeinewelle","https:\/\/www.instagram.com\/radioleinewelle\/?hl=de"]},{"@type":"Person","@id":"https:\/\/radioleinewelle.de\/#\/schema\/person\/45606f348637df637192dc1b68399a63","name":"Leinewelle","image":{"@type":"ImageObject","inLanguage":"de","@id":"https:\/\/secure.gravatar.com\/avatar\/05c9a17bc973052ee5d91549bd32fb4dd0dc85b7b85ae94b2e2b4943476bbea5?s=96&d=blank&r=g","url":"https:\/\/secure.gravatar.com\/avatar\/05c9a17bc973052ee5d91549bd32fb4dd0dc85b7b85ae94b2e2b4943476bbea5?s=96&d=blank&r=g","contentUrl":"https:\/\/secure.gravatar.com\/avatar\/05c9a17bc973052ee5d91549bd32fb4dd0dc85b7b85ae94b2e2b4943476bbea5?s=96&d=blank&r=g","caption":"Leinewelle"},"sameAs":["http:\/\/localhost\/radio%20leinewelle\/wordpress","https:\/\/www.facebook.com\/radioleinewelle","https:\/\/www.instagram.com\/radioleinewelle","https:\/\/x.com\/https:\/\/twitter.com\/RLeinewelle?ref_src=twsrcgoogletwcampserptwgrauthor","https:\/\/soundcloud.com\/foerderverein-lokalradio?utm_source=clipboard&utm_medium=text&utm_campaign=social_sharing"],"url":"https:\/\/radioleinewelle.de\/index.php\/author\/leinewelle\/"}]}},"_links":{"self":[{"href":"https:\/\/radioleinewelle.de\/index.php\/wp-json\/wp\/v2\/posts\/3131","targetHints":{"allow":["GET"]}}],"collection":[{"href":"https:\/\/radioleinewelle.de\/index.php\/wp-json\/wp\/v2\/posts"}],"about":[{"href":"https:\/\/radioleinewelle.de\/index.php\/wp-json\/wp\/v2\/types\/post"}],"author":[{"embeddable":true,"href":"https:\/\/radioleinewelle.de\/index.php\/wp-json\/wp\/v2\/users\/1"}],"replies":[{"embeddable":true,"href":"https:\/\/radioleinewelle.de\/index.php\/wp-json\/wp\/v2\/comments?post=3131"}],"version-history":[{"count":0,"href":"https:\/\/radioleinewelle.de\/index.php\/wp-json\/wp\/v2\/posts\/3131\/revisions"}],"wp:featuredmedia":[{"embeddable":true,"href":"https:\/\/radioleinewelle.de\/index.php\/wp-json\/wp\/v2\/media\/3133"}],"wp:attachment":[{"href":"https:\/\/radioleinewelle.de\/index.php\/wp-json\/wp\/v2\/media?parent=3131"}],"wp:term":[{"taxonomy":"category","embeddable":true,"href":"https:\/\/radioleinewelle.de\/index.php\/wp-json\/wp\/v2\/categories?post=3131"},{"taxonomy":"post_tag","embeddable":true,"href":"https:\/\/radioleinewelle.de\/index.php\/wp-json\/wp\/v2\/tags?post=3131"}],"curies":[{"name":"wp","href":"https:\/\/api.w.org\/{rel}","templated":true}]}}