{"id":3162,"date":"2020-11-26T05:25:33","date_gmt":"2020-11-26T04:25:33","guid":{"rendered":"https:\/\/radioleinewelle.de\/?p=3162"},"modified":"2020-11-26T05:25:33","modified_gmt":"2020-11-26T04:25:33","slug":"aktionstag-mit-schutzschirmen-gegen-aengste-hass-und-verschwoerungen","status":"publish","type":"post","link":"https:\/\/radioleinewelle.de\/index.php\/2020\/11\/26\/aktionstag-mit-schutzschirmen-gegen-aengste-hass-und-verschwoerungen\/","title":{"rendered":"Aktionstag mit Schutzschirmen gegen \u00c4ngste, Hass und Verschw\u00f6rungen"},"content":{"rendered":"<p>Das G\u00f6ttinger B\u00fcndnis gegen Rechts ruft f\u00fcr Samstag den 28.11.2020 ganzt\u00e4gig auf, sich unter dem Motto \u201eSolidarisch durch die Krise \u2013 Schutzschirme gegen \u00c4ngste, Hass und Verschw\u00f6rungen\u201c an der Aktion f\u00fcr einen solidarischen Umgang w\u00e4hrend der Covid19-Pandemie zu beteiligen. Laut Organisator*innen k\u00f6nnen alle mitmachen und klare Position gegen die gegenw\u00e4rtige Stimmungsmache,\u00a0 gegen Ignoranz und rechte Umsturzphantasien von Corona-Leugner*innen beziehen.\u00a0Hintergrund sind die w\u00f6chentlichen Versammlungen von Kritiker*innen der Ma\u00dfnahmen gegen die Ausbreitung der Pandemie in G\u00f6ttingen. Nicht nur in Gro\u00dfst\u00e4dten gehen Tausende unter den widerlichsten Nazi-Flaggen, mit Transparenten der Querdenken-Akteure oder QAnon Anh\u00e4nger*innen auf die Stra\u00dfen. F\u00fcr Samstag den 28.11.2020 mobilisiert QUERDENKEN erneut bundesweit.\u00a0DGB-Kreisverbandsvorsitzende Agnieszka Zimowska macht im Namen des B\u00fcndnis gegen Rechts deutlich: \u201eWir werden weder Wort noch den \u00f6ffentlichen Raum dieser Bewegung \u00fcberlassen. Sie spaltet und gef\u00e4hrdet, mit geschichtsleugnenden und antisemitischen Selbstbildern betreibt sie Raubbau an einer offenen, auf Vielfalt, Solidarit\u00e4t und Respekt basierenden Gesellschaft. An dem Tag sollen keine Versammlungen der Querdenker m\u00f6glich sein!\u201c<\/p>\n<p>In dieser herausfordernden Zeit brauche es Zusammenhalt gegen die Angriffe von Rechts, die es auch ohne die Pandemie tagt\u00e4glich gibt. Es bedarf politischen Ausdruck f\u00fcr eine solidarische, sozial tragbare Krisenpolitik, bei der niemand hinten\u00fcber f\u00e4llt, so die Gewerkschafterin.\u00a0\u201eLasst uns gemeinsam im \u00f6ffentlichen Raum und Netz sichtbar werden \u2013\u00a0 auf Abstand und mit Herz! Spannt aus Eurem Fenster, beim Einkauf, beim Spaziergang, im Viertel, auf dem Weg zur Arbeit, in der Innenstadt Euren Regenschirm mit einer solidarischen Gru\u00dfbotschaft auf und macht klare Ansage gegen Hass und Verschw\u00f6rung.\u201c<\/p>\n","protected":false},"excerpt":{"rendered":"<p>Das G\u00f6ttinger B\u00fcndnis gegen Rechts ruft f\u00fcr Samstag den 28.11.2020 ganzt\u00e4gig auf, sich unter dem Motto \u201eSolidarisch durch die Krise \u2013 Schutzschirme gegen \u00c4ngste, Hass und Verschw\u00f6rungen\u201c an der Aktion f\u00fcr einen solidarischen Umgang w\u00e4hrend der Covid19-Pandemie zu beteiligen. Laut Organisator*innen k\u00f6nnen alle mitmachen und klare Position gegen die gegenw\u00e4rtige Stimmungsmache,\u00a0 gegen Ignoranz und rechte [&hellip;]<\/p>\n","protected":false},"author":1,"featured_media":0,"comment_status":"closed","ping_status":"closed","sticky":false,"template":"","format":"standard","meta":{"saved_in_kubio":false,"footnotes":""},"categories":[39],"tags":[],"class_list":["post-3162","post","type-post","status-publish","format-standard","hentry","category-lokalpolitik"],"yoast_head":"<!-- This site is optimized with the Yoast SEO plugin v27.5 - https:\/\/yoast.com\/product\/yoast-seo-wordpress\/ -->\n<title>Aktionstag mit Schutzschirmen gegen \u00c4ngste, Hass und Verschw\u00f6rungen - Radio Leinewelle<\/title>\n<meta name=\"robots\" content=\"index, follow, max-snippet:-1, max-image-preview:large, max-video-preview:-1\" \/>\n<link rel=\"canonical\" href=\"https:\/\/radioleinewelle.de\/index.php\/2020\/11\/26\/aktionstag-mit-schutzschirmen-gegen-aengste-hass-und-verschwoerungen\/\" \/>\n<meta property=\"og:locale\" content=\"de_DE\" \/>\n<meta property=\"og:type\" content=\"article\" \/>\n<meta property=\"og:title\" content=\"Aktionstag mit Schutzschirmen gegen \u00c4ngste, Hass und Verschw\u00f6rungen - Radio Leinewelle\" \/>\n<meta property=\"og:description\" content=\"Das G\u00f6ttinger B\u00fcndnis gegen Rechts ruft f\u00fcr Samstag den 28.11.2020 ganzt\u00e4gig auf, sich unter dem Motto \u201eSolidarisch durch die Krise \u2013 Schutzschirme gegen \u00c4ngste, Hass und Verschw\u00f6rungen\u201c an der Aktion f\u00fcr einen solidarischen Umgang w\u00e4hrend der Covid19-Pandemie zu beteiligen. Laut Organisator*innen k\u00f6nnen alle mitmachen und klare Position gegen die gegenw\u00e4rtige Stimmungsmache,\u00a0 gegen Ignoranz und rechte [&hellip;]\" \/>\n<meta property=\"og:url\" content=\"https:\/\/radioleinewelle.de\/index.php\/2020\/11\/26\/aktionstag-mit-schutzschirmen-gegen-aengste-hass-und-verschwoerungen\/\" \/>\n<meta property=\"og:site_name\" content=\"Radio Leinewelle\" \/>\n<meta property=\"article:publisher\" content=\"https:\/\/www.facebook.com\/radioleinewelle\" \/>\n<meta property=\"article:author\" content=\"https:\/\/www.facebook.com\/radioleinewelle\" \/>\n<meta property=\"article:published_time\" content=\"2020-11-26T04:25:33+00:00\" \/>\n<meta name=\"author\" content=\"Leinewelle\" \/>\n<meta name=\"twitter:card\" content=\"summary_large_image\" \/>\n<meta name=\"twitter:creator\" content=\"@https:\/\/twitter.com\/RLeinewelle?ref_src=twsrcgoogletwcampserptwgrauthor\" \/>\n<meta name=\"twitter:site\" content=\"@RLeinewelle\" \/>\n<meta name=\"twitter:label1\" content=\"Verfasst von\" \/>\n\t<meta name=\"twitter:data1\" content=\"Leinewelle\" \/>\n\t<meta name=\"twitter:label2\" content=\"Gesch\u00e4tzte Lesezeit\" \/>\n\t<meta name=\"twitter:data2\" content=\"1\u00a0Minute\" \/>\n<script type=\"application\/ld+json\" class=\"yoast-schema-graph\">{\"@context\":\"https:\\\/\\\/schema.org\",\"@graph\":[{\"@type\":\"Article\",\"@id\":\"https:\\\/\\\/radioleinewelle.de\\\/index.php\\\/2020\\\/11\\\/26\\\/aktionstag-mit-schutzschirmen-gegen-aengste-hass-und-verschwoerungen\\\/#article\",\"isPartOf\":{\"@id\":\"https:\\\/\\\/radioleinewelle.de\\\/index.php\\\/2020\\\/11\\\/26\\\/aktionstag-mit-schutzschirmen-gegen-aengste-hass-und-verschwoerungen\\\/\"},\"author\":{\"name\":\"Leinewelle\",\"@id\":\"https:\\\/\\\/radioleinewelle.de\\\/#\\\/schema\\\/person\\\/45606f348637df637192dc1b68399a63\"},\"headline\":\"Aktionstag mit Schutzschirmen gegen \u00c4ngste, Hass und Verschw\u00f6rungen\",\"datePublished\":\"2020-11-26T04:25:33+00:00\",\"mainEntityOfPage\":{\"@id\":\"https:\\\/\\\/radioleinewelle.de\\\/index.php\\\/2020\\\/11\\\/26\\\/aktionstag-mit-schutzschirmen-gegen-aengste-hass-und-verschwoerungen\\\/\"},\"wordCount\":281,\"publisher\":{\"@id\":\"https:\\\/\\\/radioleinewelle.de\\\/#organization\"},\"articleSection\":[\"Lokalpolitik\"],\"inLanguage\":\"de\"},{\"@type\":\"WebPage\",\"@id\":\"https:\\\/\\\/radioleinewelle.de\\\/index.php\\\/2020\\\/11\\\/26\\\/aktionstag-mit-schutzschirmen-gegen-aengste-hass-und-verschwoerungen\\\/\",\"url\":\"https:\\\/\\\/radioleinewelle.de\\\/index.php\\\/2020\\\/11\\\/26\\\/aktionstag-mit-schutzschirmen-gegen-aengste-hass-und-verschwoerungen\\\/\",\"name\":\"Aktionstag mit Schutzschirmen gegen \u00c4ngste, Hass und Verschw\u00f6rungen - Radio Leinewelle\",\"isPartOf\":{\"@id\":\"https:\\\/\\\/radioleinewelle.de\\\/#website\"},\"datePublished\":\"2020-11-26T04:25:33+00:00\",\"breadcrumb\":{\"@id\":\"https:\\\/\\\/radioleinewelle.de\\\/index.php\\\/2020\\\/11\\\/26\\\/aktionstag-mit-schutzschirmen-gegen-aengste-hass-und-verschwoerungen\\\/#breadcrumb\"},\"inLanguage\":\"de\",\"potentialAction\":[{\"@type\":\"ReadAction\",\"target\":[\"https:\\\/\\\/radioleinewelle.de\\\/index.php\\\/2020\\\/11\\\/26\\\/aktionstag-mit-schutzschirmen-gegen-aengste-hass-und-verschwoerungen\\\/\"]}]},{\"@type\":\"BreadcrumbList\",\"@id\":\"https:\\\/\\\/radioleinewelle.de\\\/index.php\\\/2020\\\/11\\\/26\\\/aktionstag-mit-schutzschirmen-gegen-aengste-hass-und-verschwoerungen\\\/#breadcrumb\",\"itemListElement\":[{\"@type\":\"ListItem\",\"position\":1,\"name\":\"Startseite\",\"item\":\"https:\\\/\\\/radioleinewelle.de\\\/\"},{\"@type\":\"ListItem\",\"position\":2,\"name\":\"Aktionstag mit Schutzschirmen gegen \u00c4ngste, Hass und Verschw\u00f6rungen\"}]},{\"@type\":\"WebSite\",\"@id\":\"https:\\\/\\\/radioleinewelle.de\\\/#website\",\"url\":\"https:\\\/\\\/radioleinewelle.de\\\/\",\"name\":\"Radio Leinewelle\",\"description\":\"\",\"publisher\":{\"@id\":\"https:\\\/\\\/radioleinewelle.de\\\/#organization\"},\"potentialAction\":[{\"@type\":\"SearchAction\",\"target\":{\"@type\":\"EntryPoint\",\"urlTemplate\":\"https:\\\/\\\/radioleinewelle.de\\\/?s={search_term_string}\"},\"query-input\":{\"@type\":\"PropertyValueSpecification\",\"valueRequired\":true,\"valueName\":\"search_term_string\"}}],\"inLanguage\":\"de\"},{\"@type\":\"Organization\",\"@id\":\"https:\\\/\\\/radioleinewelle.de\\\/#organization\",\"name\":\"Radio Leinewelle\",\"alternateName\":\"Mein Radio f\u00fcr S\u00fcdniedersachsen\",\"url\":\"https:\\\/\\\/radioleinewelle.de\\\/\",\"logo\":{\"@type\":\"ImageObject\",\"inLanguage\":\"de\",\"@id\":\"https:\\\/\\\/radioleinewelle.de\\\/#\\\/schema\\\/logo\\\/image\\\/\",\"url\":\"https:\\\/\\\/radioleinewelle.de\\\/wp-content\\\/uploads\\\/2023\\\/11\\\/cropped-Leinewelle_Logo_weiss.png\",\"contentUrl\":\"https:\\\/\\\/radioleinewelle.de\\\/wp-content\\\/uploads\\\/2023\\\/11\\\/cropped-Leinewelle_Logo_weiss.png\",\"width\":854,\"height\":260,\"caption\":\"Radio Leinewelle\"},\"image\":{\"@id\":\"https:\\\/\\\/radioleinewelle.de\\\/#\\\/schema\\\/logo\\\/image\\\/\"},\"sameAs\":[\"https:\\\/\\\/www.facebook.com\\\/radioleinewelle\",\"https:\\\/\\\/x.com\\\/RLeinewelle\",\"https:\\\/\\\/www.instagram.com\\\/radioleinewelle\\\/?hl=de\"]},{\"@type\":\"Person\",\"@id\":\"https:\\\/\\\/radioleinewelle.de\\\/#\\\/schema\\\/person\\\/45606f348637df637192dc1b68399a63\",\"name\":\"Leinewelle\",\"image\":{\"@type\":\"ImageObject\",\"inLanguage\":\"de\",\"@id\":\"https:\\\/\\\/secure.gravatar.com\\\/avatar\\\/05c9a17bc973052ee5d91549bd32fb4dd0dc85b7b85ae94b2e2b4943476bbea5?s=96&d=blank&r=g\",\"url\":\"https:\\\/\\\/secure.gravatar.com\\\/avatar\\\/05c9a17bc973052ee5d91549bd32fb4dd0dc85b7b85ae94b2e2b4943476bbea5?s=96&d=blank&r=g\",\"contentUrl\":\"https:\\\/\\\/secure.gravatar.com\\\/avatar\\\/05c9a17bc973052ee5d91549bd32fb4dd0dc85b7b85ae94b2e2b4943476bbea5?s=96&d=blank&r=g\",\"caption\":\"Leinewelle\"},\"sameAs\":[\"http:\\\/\\\/localhost\\\/radio%20leinewelle\\\/wordpress\",\"https:\\\/\\\/www.facebook.com\\\/radioleinewelle\",\"https:\\\/\\\/www.instagram.com\\\/radioleinewelle\",\"https:\\\/\\\/x.com\\\/https:\\\/\\\/twitter.com\\\/RLeinewelle?ref_src=twsrcgoogletwcampserptwgrauthor\",\"https:\\\/\\\/soundcloud.com\\\/foerderverein-lokalradio?utm_source=clipboard&utm_medium=text&utm_campaign=social_sharing\"],\"url\":\"https:\\\/\\\/radioleinewelle.de\\\/index.php\\\/author\\\/leinewelle\\\/\"}]}<\/script>\n<!-- \/ Yoast SEO plugin. -->","yoast_head_json":{"title":"Aktionstag mit Schutzschirmen gegen \u00c4ngste, Hass und Verschw\u00f6rungen - Radio Leinewelle","robots":{"index":"index","follow":"follow","max-snippet":"max-snippet:-1","max-image-preview":"max-image-preview:large","max-video-preview":"max-video-preview:-1"},"canonical":"https:\/\/radioleinewelle.de\/index.php\/2020\/11\/26\/aktionstag-mit-schutzschirmen-gegen-aengste-hass-und-verschwoerungen\/","og_locale":"de_DE","og_type":"article","og_title":"Aktionstag mit Schutzschirmen gegen \u00c4ngste, Hass und Verschw\u00f6rungen - Radio Leinewelle","og_description":"Das G\u00f6ttinger B\u00fcndnis gegen Rechts ruft f\u00fcr Samstag den 28.11.2020 ganzt\u00e4gig auf, sich unter dem Motto \u201eSolidarisch durch die Krise \u2013 Schutzschirme gegen \u00c4ngste, Hass und Verschw\u00f6rungen\u201c an der Aktion f\u00fcr einen solidarischen Umgang w\u00e4hrend der Covid19-Pandemie zu beteiligen. Laut Organisator*innen k\u00f6nnen alle mitmachen und klare Position gegen die gegenw\u00e4rtige Stimmungsmache,\u00a0 gegen Ignoranz und rechte [&hellip;]","og_url":"https:\/\/radioleinewelle.de\/index.php\/2020\/11\/26\/aktionstag-mit-schutzschirmen-gegen-aengste-hass-und-verschwoerungen\/","og_site_name":"Radio Leinewelle","article_publisher":"https:\/\/www.facebook.com\/radioleinewelle","article_author":"https:\/\/www.facebook.com\/radioleinewelle","article_published_time":"2020-11-26T04:25:33+00:00","author":"Leinewelle","twitter_card":"summary_large_image","twitter_creator":"@https:\/\/twitter.com\/RLeinewelle?ref_src=twsrcgoogletwcampserptwgrauthor","twitter_site":"@RLeinewelle","twitter_misc":{"Verfasst von":"Leinewelle","Gesch\u00e4tzte Lesezeit":"1\u00a0Minute"},"schema":{"@context":"https:\/\/schema.org","@graph":[{"@type":"Article","@id":"https:\/\/radioleinewelle.de\/index.php\/2020\/11\/26\/aktionstag-mit-schutzschirmen-gegen-aengste-hass-und-verschwoerungen\/#article","isPartOf":{"@id":"https:\/\/radioleinewelle.de\/index.php\/2020\/11\/26\/aktionstag-mit-schutzschirmen-gegen-aengste-hass-und-verschwoerungen\/"},"author":{"name":"Leinewelle","@id":"https:\/\/radioleinewelle.de\/#\/schema\/person\/45606f348637df637192dc1b68399a63"},"headline":"Aktionstag mit Schutzschirmen gegen \u00c4ngste, Hass und Verschw\u00f6rungen","datePublished":"2020-11-26T04:25:33+00:00","mainEntityOfPage":{"@id":"https:\/\/radioleinewelle.de\/index.php\/2020\/11\/26\/aktionstag-mit-schutzschirmen-gegen-aengste-hass-und-verschwoerungen\/"},"wordCount":281,"publisher":{"@id":"https:\/\/radioleinewelle.de\/#organization"},"articleSection":["Lokalpolitik"],"inLanguage":"de"},{"@type":"WebPage","@id":"https:\/\/radioleinewelle.de\/index.php\/2020\/11\/26\/aktionstag-mit-schutzschirmen-gegen-aengste-hass-und-verschwoerungen\/","url":"https:\/\/radioleinewelle.de\/index.php\/2020\/11\/26\/aktionstag-mit-schutzschirmen-gegen-aengste-hass-und-verschwoerungen\/","name":"Aktionstag mit Schutzschirmen gegen \u00c4ngste, Hass und Verschw\u00f6rungen - Radio Leinewelle","isPartOf":{"@id":"https:\/\/radioleinewelle.de\/#website"},"datePublished":"2020-11-26T04:25:33+00:00","breadcrumb":{"@id":"https:\/\/radioleinewelle.de\/index.php\/2020\/11\/26\/aktionstag-mit-schutzschirmen-gegen-aengste-hass-und-verschwoerungen\/#breadcrumb"},"inLanguage":"de","potentialAction":[{"@type":"ReadAction","target":["https:\/\/radioleinewelle.de\/index.php\/2020\/11\/26\/aktionstag-mit-schutzschirmen-gegen-aengste-hass-und-verschwoerungen\/"]}]},{"@type":"BreadcrumbList","@id":"https:\/\/radioleinewelle.de\/index.php\/2020\/11\/26\/aktionstag-mit-schutzschirmen-gegen-aengste-hass-und-verschwoerungen\/#breadcrumb","itemListElement":[{"@type":"ListItem","position":1,"name":"Startseite","item":"https:\/\/radioleinewelle.de\/"},{"@type":"ListItem","position":2,"name":"Aktionstag mit Schutzschirmen gegen \u00c4ngste, Hass und Verschw\u00f6rungen"}]},{"@type":"WebSite","@id":"https:\/\/radioleinewelle.de\/#website","url":"https:\/\/radioleinewelle.de\/","name":"Radio Leinewelle","description":"","publisher":{"@id":"https:\/\/radioleinewelle.de\/#organization"},"potentialAction":[{"@type":"SearchAction","target":{"@type":"EntryPoint","urlTemplate":"https:\/\/radioleinewelle.de\/?s={search_term_string}"},"query-input":{"@type":"PropertyValueSpecification","valueRequired":true,"valueName":"search_term_string"}}],"inLanguage":"de"},{"@type":"Organization","@id":"https:\/\/radioleinewelle.de\/#organization","name":"Radio Leinewelle","alternateName":"Mein Radio f\u00fcr S\u00fcdniedersachsen","url":"https:\/\/radioleinewelle.de\/","logo":{"@type":"ImageObject","inLanguage":"de","@id":"https:\/\/radioleinewelle.de\/#\/schema\/logo\/image\/","url":"https:\/\/radioleinewelle.de\/wp-content\/uploads\/2023\/11\/cropped-Leinewelle_Logo_weiss.png","contentUrl":"https:\/\/radioleinewelle.de\/wp-content\/uploads\/2023\/11\/cropped-Leinewelle_Logo_weiss.png","width":854,"height":260,"caption":"Radio Leinewelle"},"image":{"@id":"https:\/\/radioleinewelle.de\/#\/schema\/logo\/image\/"},"sameAs":["https:\/\/www.facebook.com\/radioleinewelle","https:\/\/x.com\/RLeinewelle","https:\/\/www.instagram.com\/radioleinewelle\/?hl=de"]},{"@type":"Person","@id":"https:\/\/radioleinewelle.de\/#\/schema\/person\/45606f348637df637192dc1b68399a63","name":"Leinewelle","image":{"@type":"ImageObject","inLanguage":"de","@id":"https:\/\/secure.gravatar.com\/avatar\/05c9a17bc973052ee5d91549bd32fb4dd0dc85b7b85ae94b2e2b4943476bbea5?s=96&d=blank&r=g","url":"https:\/\/secure.gravatar.com\/avatar\/05c9a17bc973052ee5d91549bd32fb4dd0dc85b7b85ae94b2e2b4943476bbea5?s=96&d=blank&r=g","contentUrl":"https:\/\/secure.gravatar.com\/avatar\/05c9a17bc973052ee5d91549bd32fb4dd0dc85b7b85ae94b2e2b4943476bbea5?s=96&d=blank&r=g","caption":"Leinewelle"},"sameAs":["http:\/\/localhost\/radio%20leinewelle\/wordpress","https:\/\/www.facebook.com\/radioleinewelle","https:\/\/www.instagram.com\/radioleinewelle","https:\/\/x.com\/https:\/\/twitter.com\/RLeinewelle?ref_src=twsrcgoogletwcampserptwgrauthor","https:\/\/soundcloud.com\/foerderverein-lokalradio?utm_source=clipboard&utm_medium=text&utm_campaign=social_sharing"],"url":"https:\/\/radioleinewelle.de\/index.php\/author\/leinewelle\/"}]}},"_links":{"self":[{"href":"https:\/\/radioleinewelle.de\/index.php\/wp-json\/wp\/v2\/posts\/3162","targetHints":{"allow":["GET"]}}],"collection":[{"href":"https:\/\/radioleinewelle.de\/index.php\/wp-json\/wp\/v2\/posts"}],"about":[{"href":"https:\/\/radioleinewelle.de\/index.php\/wp-json\/wp\/v2\/types\/post"}],"author":[{"embeddable":true,"href":"https:\/\/radioleinewelle.de\/index.php\/wp-json\/wp\/v2\/users\/1"}],"replies":[{"embeddable":true,"href":"https:\/\/radioleinewelle.de\/index.php\/wp-json\/wp\/v2\/comments?post=3162"}],"version-history":[{"count":0,"href":"https:\/\/radioleinewelle.de\/index.php\/wp-json\/wp\/v2\/posts\/3162\/revisions"}],"wp:attachment":[{"href":"https:\/\/radioleinewelle.de\/index.php\/wp-json\/wp\/v2\/media?parent=3162"}],"wp:term":[{"taxonomy":"category","embeddable":true,"href":"https:\/\/radioleinewelle.de\/index.php\/wp-json\/wp\/v2\/categories?post=3162"},{"taxonomy":"post_tag","embeddable":true,"href":"https:\/\/radioleinewelle.de\/index.php\/wp-json\/wp\/v2\/tags?post=3162"}],"curies":[{"name":"wp","href":"https:\/\/api.w.org\/{rel}","templated":true}]}}