{"id":3174,"date":"2020-11-27T05:10:44","date_gmt":"2020-11-27T04:10:44","guid":{"rendered":"https:\/\/radioleinewelle.de\/?p=3174"},"modified":"2020-11-27T05:10:44","modified_gmt":"2020-11-27T04:10:44","slug":"beschluss-fuer-kindergrundsicherung-ein-meilenstein-gegen-kinderarmut","status":"publish","type":"post","link":"https:\/\/radioleinewelle.de\/index.php\/2020\/11\/27\/beschluss-fuer-kindergrundsicherung-ein-meilenstein-gegen-kinderarmut\/","title":{"rendered":"Beschluss f\u00fcr Kindergrundsicherung ein Meilenstein gegen Kinderarmut"},"content":{"rendered":"<p class=\"c1\">Die Konferenz der Arbeits- und SozialministerInnen und \u2013SenatorInnen der L\u00e4nder (ASMK) hat sich am Donnerstag mit gro\u00dfer Mehrheit f\u00fcr die Einf\u00fchrung einer Kindergrundsicherung in Deutschland ausgesprochen und die Bundesregierung aufgefordert, die Umsetzung einzuleiten.\u00a0\u201eNiedersachsen hat sich seit Jahren f\u00fcr die Einf\u00fchrung der Kindergrundsicherung eingesetzt und bei der Vorbereitung des Beschlusses eine Vorreiterrolle eingenommen. Mit dem Beschluss der ASMK vom Donnerstag haben wir \u00fcber die Parteigrenzen hinweg einen Meilenstein im Kampf gegen Kinderarmut erreicht\u201c, erkl\u00e4rt Sozialministerin Dr. Carola Reimann. \u201eWir wollen, dass alle Kinder in unserem Land die gleichen Chancen erhalten. Mit diesem Beschluss senden wir das klare Signal, dass die Kindergrundsicherung nun so schnell wie m\u00f6glich umgesetzt werden soll.\u201c<\/p>\n<p class=\"c2\"><strong>Kindergrundsicherung<\/strong><br \/>\nEine Kindergrundsicherung soll das bisherige System des Familienlastenausgleichs ersetzen. Bisher gibt es eine Vielzahl unterschiedlicher kindbezogener Leistungen, die nebeneinander existieren, zum Teil sogar widerspr\u00fcchlich sind. Im Ergebnis f\u00fchrt dies dazu, dass nicht alle Kinder die gleichen Startchancen erhalten. Mit der Kindergrundsicherung soll eine m\u00f6glichst einheitliche F\u00f6rderung erreicht werden, die allen Kindern gleiche oder zumindest vergleichbare Teilhabem\u00f6glichkeiten bietet. Hierbei sollen die folgenden Leistungen zusammengef\u00fchrt werden:<\/p>\n<p class=\"c6\">Weitere Informationen zum Thema erhalten Sie unter: <a href=\"https:\/\/www.ms.niedersachsen.de\/startseite\/aktuelles\/wege-zu-einer-kindergrundsicherung-172307.html\">https:\/\/www.ms.niedersachsen.de\/startseite\/aktuelles\/wege-zu-einer-kindergrundsicherung-172307.html<\/a><\/p>\n<p class=\"c6\">Bild von <a href=\"https:\/\/pixabay.com\/de\/users\/tumisu-148124\/?utm_source=link-attribution&amp;utm_medium=referral&amp;utm_campaign=image&amp;utm_content=4765739\">Tumisu<\/a> auf <a href=\"https:\/\/pixabay.com\/de\/?utm_source=link-attribution&amp;utm_medium=referral&amp;utm_campaign=image&amp;utm_content=4765739\">Pixabay<\/a><\/p>\n","protected":false},"excerpt":{"rendered":"<p>Die Konferenz der Arbeits- und SozialministerInnen und \u2013SenatorInnen der L\u00e4nder (ASMK) hat sich am Donnerstag mit gro\u00dfer Mehrheit f\u00fcr die Einf\u00fchrung einer Kindergrundsicherung in Deutschland ausgesprochen und die Bundesregierung aufgefordert, die Umsetzung einzuleiten.\u00a0\u201eNiedersachsen hat sich seit Jahren f\u00fcr die Einf\u00fchrung der Kindergrundsicherung eingesetzt und bei der Vorbereitung des Beschlusses eine Vorreiterrolle eingenommen. Mit dem Beschluss [&hellip;]<\/p>\n","protected":false},"author":1,"featured_media":3177,"comment_status":"closed","ping_status":"closed","sticky":false,"template":"","format":"standard","meta":{"saved_in_kubio":false,"footnotes":""},"categories":[24],"tags":[],"class_list":["post-3174","post","type-post","status-publish","format-standard","has-post-thumbnail","hentry","category-news"],"yoast_head":"<!-- This site is optimized with the Yoast SEO plugin v27.5 - https:\/\/yoast.com\/product\/yoast-seo-wordpress\/ -->\n<title>Beschluss f\u00fcr Kindergrundsicherung ein Meilenstein gegen Kinderarmut - Radio Leinewelle<\/title>\n<meta name=\"robots\" content=\"index, follow, max-snippet:-1, max-image-preview:large, max-video-preview:-1\" \/>\n<link rel=\"canonical\" href=\"https:\/\/radioleinewelle.de\/index.php\/2020\/11\/27\/beschluss-fuer-kindergrundsicherung-ein-meilenstein-gegen-kinderarmut\/\" \/>\n<meta property=\"og:locale\" content=\"de_DE\" \/>\n<meta property=\"og:type\" content=\"article\" \/>\n<meta property=\"og:title\" content=\"Beschluss f\u00fcr Kindergrundsicherung ein Meilenstein gegen Kinderarmut - Radio Leinewelle\" \/>\n<meta property=\"og:description\" content=\"Die Konferenz der Arbeits- und SozialministerInnen und \u2013SenatorInnen der L\u00e4nder (ASMK) hat sich am Donnerstag mit gro\u00dfer Mehrheit f\u00fcr die Einf\u00fchrung einer Kindergrundsicherung in Deutschland ausgesprochen und die Bundesregierung aufgefordert, die Umsetzung einzuleiten.\u00a0\u201eNiedersachsen hat sich seit Jahren f\u00fcr die Einf\u00fchrung der Kindergrundsicherung eingesetzt und bei der Vorbereitung des Beschlusses eine Vorreiterrolle eingenommen. Mit dem Beschluss [&hellip;]\" \/>\n<meta property=\"og:url\" content=\"https:\/\/radioleinewelle.de\/index.php\/2020\/11\/27\/beschluss-fuer-kindergrundsicherung-ein-meilenstein-gegen-kinderarmut\/\" \/>\n<meta property=\"og:site_name\" content=\"Radio Leinewelle\" \/>\n<meta property=\"article:publisher\" content=\"https:\/\/www.facebook.com\/radioleinewelle\" \/>\n<meta property=\"article:author\" content=\"https:\/\/www.facebook.com\/radioleinewelle\" \/>\n<meta property=\"article:published_time\" content=\"2020-11-27T04:10:44+00:00\" \/>\n<meta property=\"og:image\" content=\"https:\/\/radioleinewelle.de\/wp-content\/uploads\/2020\/11\/broke-4765739_640.jpg\" \/>\n\t<meta property=\"og:image:width\" content=\"640\" \/>\n\t<meta property=\"og:image:height\" content=\"317\" \/>\n\t<meta property=\"og:image:type\" content=\"image\/jpeg\" \/>\n<meta name=\"author\" content=\"Leinewelle\" \/>\n<meta name=\"twitter:card\" content=\"summary_large_image\" \/>\n<meta name=\"twitter:creator\" content=\"@https:\/\/twitter.com\/RLeinewelle?ref_src=twsrcgoogletwcampserptwgrauthor\" \/>\n<meta name=\"twitter:site\" content=\"@RLeinewelle\" \/>\n<meta name=\"twitter:label1\" content=\"Verfasst von\" \/>\n\t<meta name=\"twitter:data1\" content=\"Leinewelle\" \/>\n\t<meta name=\"twitter:label2\" content=\"Gesch\u00e4tzte Lesezeit\" \/>\n\t<meta name=\"twitter:data2\" content=\"1\u00a0Minute\" \/>\n<script type=\"application\/ld+json\" class=\"yoast-schema-graph\">{\"@context\":\"https:\\\/\\\/schema.org\",\"@graph\":[{\"@type\":\"Article\",\"@id\":\"https:\\\/\\\/radioleinewelle.de\\\/index.php\\\/2020\\\/11\\\/27\\\/beschluss-fuer-kindergrundsicherung-ein-meilenstein-gegen-kinderarmut\\\/#article\",\"isPartOf\":{\"@id\":\"https:\\\/\\\/radioleinewelle.de\\\/index.php\\\/2020\\\/11\\\/27\\\/beschluss-fuer-kindergrundsicherung-ein-meilenstein-gegen-kinderarmut\\\/\"},\"author\":{\"name\":\"Leinewelle\",\"@id\":\"https:\\\/\\\/radioleinewelle.de\\\/#\\\/schema\\\/person\\\/45606f348637df637192dc1b68399a63\"},\"headline\":\"Beschluss f\u00fcr Kindergrundsicherung ein Meilenstein gegen Kinderarmut\",\"datePublished\":\"2020-11-27T04:10:44+00:00\",\"mainEntityOfPage\":{\"@id\":\"https:\\\/\\\/radioleinewelle.de\\\/index.php\\\/2020\\\/11\\\/27\\\/beschluss-fuer-kindergrundsicherung-ein-meilenstein-gegen-kinderarmut\\\/\"},\"wordCount\":217,\"publisher\":{\"@id\":\"https:\\\/\\\/radioleinewelle.de\\\/#organization\"},\"image\":{\"@id\":\"https:\\\/\\\/radioleinewelle.de\\\/index.php\\\/2020\\\/11\\\/27\\\/beschluss-fuer-kindergrundsicherung-ein-meilenstein-gegen-kinderarmut\\\/#primaryimage\"},\"thumbnailUrl\":\"https:\\\/\\\/radioleinewelle.de\\\/wp-content\\\/uploads\\\/2020\\\/11\\\/broke-4765739_640.jpg\",\"articleSection\":[\"Aktuelle Nachrichten\"],\"inLanguage\":\"de\"},{\"@type\":\"WebPage\",\"@id\":\"https:\\\/\\\/radioleinewelle.de\\\/index.php\\\/2020\\\/11\\\/27\\\/beschluss-fuer-kindergrundsicherung-ein-meilenstein-gegen-kinderarmut\\\/\",\"url\":\"https:\\\/\\\/radioleinewelle.de\\\/index.php\\\/2020\\\/11\\\/27\\\/beschluss-fuer-kindergrundsicherung-ein-meilenstein-gegen-kinderarmut\\\/\",\"name\":\"Beschluss f\u00fcr Kindergrundsicherung ein Meilenstein gegen Kinderarmut - Radio Leinewelle\",\"isPartOf\":{\"@id\":\"https:\\\/\\\/radioleinewelle.de\\\/#website\"},\"primaryImageOfPage\":{\"@id\":\"https:\\\/\\\/radioleinewelle.de\\\/index.php\\\/2020\\\/11\\\/27\\\/beschluss-fuer-kindergrundsicherung-ein-meilenstein-gegen-kinderarmut\\\/#primaryimage\"},\"image\":{\"@id\":\"https:\\\/\\\/radioleinewelle.de\\\/index.php\\\/2020\\\/11\\\/27\\\/beschluss-fuer-kindergrundsicherung-ein-meilenstein-gegen-kinderarmut\\\/#primaryimage\"},\"thumbnailUrl\":\"https:\\\/\\\/radioleinewelle.de\\\/wp-content\\\/uploads\\\/2020\\\/11\\\/broke-4765739_640.jpg\",\"datePublished\":\"2020-11-27T04:10:44+00:00\",\"breadcrumb\":{\"@id\":\"https:\\\/\\\/radioleinewelle.de\\\/index.php\\\/2020\\\/11\\\/27\\\/beschluss-fuer-kindergrundsicherung-ein-meilenstein-gegen-kinderarmut\\\/#breadcrumb\"},\"inLanguage\":\"de\",\"potentialAction\":[{\"@type\":\"ReadAction\",\"target\":[\"https:\\\/\\\/radioleinewelle.de\\\/index.php\\\/2020\\\/11\\\/27\\\/beschluss-fuer-kindergrundsicherung-ein-meilenstein-gegen-kinderarmut\\\/\"]}]},{\"@type\":\"ImageObject\",\"inLanguage\":\"de\",\"@id\":\"https:\\\/\\\/radioleinewelle.de\\\/index.php\\\/2020\\\/11\\\/27\\\/beschluss-fuer-kindergrundsicherung-ein-meilenstein-gegen-kinderarmut\\\/#primaryimage\",\"url\":\"https:\\\/\\\/radioleinewelle.de\\\/wp-content\\\/uploads\\\/2020\\\/11\\\/broke-4765739_640.jpg\",\"contentUrl\":\"https:\\\/\\\/radioleinewelle.de\\\/wp-content\\\/uploads\\\/2020\\\/11\\\/broke-4765739_640.jpg\",\"width\":640,\"height\":317},{\"@type\":\"BreadcrumbList\",\"@id\":\"https:\\\/\\\/radioleinewelle.de\\\/index.php\\\/2020\\\/11\\\/27\\\/beschluss-fuer-kindergrundsicherung-ein-meilenstein-gegen-kinderarmut\\\/#breadcrumb\",\"itemListElement\":[{\"@type\":\"ListItem\",\"position\":1,\"name\":\"Startseite\",\"item\":\"https:\\\/\\\/radioleinewelle.de\\\/\"},{\"@type\":\"ListItem\",\"position\":2,\"name\":\"Beschluss f\u00fcr Kindergrundsicherung ein Meilenstein gegen Kinderarmut\"}]},{\"@type\":\"WebSite\",\"@id\":\"https:\\\/\\\/radioleinewelle.de\\\/#website\",\"url\":\"https:\\\/\\\/radioleinewelle.de\\\/\",\"name\":\"Radio Leinewelle\",\"description\":\"\",\"publisher\":{\"@id\":\"https:\\\/\\\/radioleinewelle.de\\\/#organization\"},\"potentialAction\":[{\"@type\":\"SearchAction\",\"target\":{\"@type\":\"EntryPoint\",\"urlTemplate\":\"https:\\\/\\\/radioleinewelle.de\\\/?s={search_term_string}\"},\"query-input\":{\"@type\":\"PropertyValueSpecification\",\"valueRequired\":true,\"valueName\":\"search_term_string\"}}],\"inLanguage\":\"de\"},{\"@type\":\"Organization\",\"@id\":\"https:\\\/\\\/radioleinewelle.de\\\/#organization\",\"name\":\"Radio Leinewelle\",\"alternateName\":\"Mein Radio f\u00fcr S\u00fcdniedersachsen\",\"url\":\"https:\\\/\\\/radioleinewelle.de\\\/\",\"logo\":{\"@type\":\"ImageObject\",\"inLanguage\":\"de\",\"@id\":\"https:\\\/\\\/radioleinewelle.de\\\/#\\\/schema\\\/logo\\\/image\\\/\",\"url\":\"https:\\\/\\\/radioleinewelle.de\\\/wp-content\\\/uploads\\\/2023\\\/11\\\/cropped-Leinewelle_Logo_weiss.png\",\"contentUrl\":\"https:\\\/\\\/radioleinewelle.de\\\/wp-content\\\/uploads\\\/2023\\\/11\\\/cropped-Leinewelle_Logo_weiss.png\",\"width\":854,\"height\":260,\"caption\":\"Radio Leinewelle\"},\"image\":{\"@id\":\"https:\\\/\\\/radioleinewelle.de\\\/#\\\/schema\\\/logo\\\/image\\\/\"},\"sameAs\":[\"https:\\\/\\\/www.facebook.com\\\/radioleinewelle\",\"https:\\\/\\\/x.com\\\/RLeinewelle\",\"https:\\\/\\\/www.instagram.com\\\/radioleinewelle\\\/?hl=de\"]},{\"@type\":\"Person\",\"@id\":\"https:\\\/\\\/radioleinewelle.de\\\/#\\\/schema\\\/person\\\/45606f348637df637192dc1b68399a63\",\"name\":\"Leinewelle\",\"image\":{\"@type\":\"ImageObject\",\"inLanguage\":\"de\",\"@id\":\"https:\\\/\\\/secure.gravatar.com\\\/avatar\\\/05c9a17bc973052ee5d91549bd32fb4dd0dc85b7b85ae94b2e2b4943476bbea5?s=96&d=blank&r=g\",\"url\":\"https:\\\/\\\/secure.gravatar.com\\\/avatar\\\/05c9a17bc973052ee5d91549bd32fb4dd0dc85b7b85ae94b2e2b4943476bbea5?s=96&d=blank&r=g\",\"contentUrl\":\"https:\\\/\\\/secure.gravatar.com\\\/avatar\\\/05c9a17bc973052ee5d91549bd32fb4dd0dc85b7b85ae94b2e2b4943476bbea5?s=96&d=blank&r=g\",\"caption\":\"Leinewelle\"},\"sameAs\":[\"http:\\\/\\\/localhost\\\/radio%20leinewelle\\\/wordpress\",\"https:\\\/\\\/www.facebook.com\\\/radioleinewelle\",\"https:\\\/\\\/www.instagram.com\\\/radioleinewelle\",\"https:\\\/\\\/x.com\\\/https:\\\/\\\/twitter.com\\\/RLeinewelle?ref_src=twsrcgoogletwcampserptwgrauthor\",\"https:\\\/\\\/soundcloud.com\\\/foerderverein-lokalradio?utm_source=clipboard&utm_medium=text&utm_campaign=social_sharing\"],\"url\":\"https:\\\/\\\/radioleinewelle.de\\\/index.php\\\/author\\\/leinewelle\\\/\"}]}<\/script>\n<!-- \/ Yoast SEO plugin. -->","yoast_head_json":{"title":"Beschluss f\u00fcr Kindergrundsicherung ein Meilenstein gegen Kinderarmut - Radio Leinewelle","robots":{"index":"index","follow":"follow","max-snippet":"max-snippet:-1","max-image-preview":"max-image-preview:large","max-video-preview":"max-video-preview:-1"},"canonical":"https:\/\/radioleinewelle.de\/index.php\/2020\/11\/27\/beschluss-fuer-kindergrundsicherung-ein-meilenstein-gegen-kinderarmut\/","og_locale":"de_DE","og_type":"article","og_title":"Beschluss f\u00fcr Kindergrundsicherung ein Meilenstein gegen Kinderarmut - Radio Leinewelle","og_description":"Die Konferenz der Arbeits- und SozialministerInnen und \u2013SenatorInnen der L\u00e4nder (ASMK) hat sich am Donnerstag mit gro\u00dfer Mehrheit f\u00fcr die Einf\u00fchrung einer Kindergrundsicherung in Deutschland ausgesprochen und die Bundesregierung aufgefordert, die Umsetzung einzuleiten.\u00a0\u201eNiedersachsen hat sich seit Jahren f\u00fcr die Einf\u00fchrung der Kindergrundsicherung eingesetzt und bei der Vorbereitung des Beschlusses eine Vorreiterrolle eingenommen. Mit dem Beschluss [&hellip;]","og_url":"https:\/\/radioleinewelle.de\/index.php\/2020\/11\/27\/beschluss-fuer-kindergrundsicherung-ein-meilenstein-gegen-kinderarmut\/","og_site_name":"Radio Leinewelle","article_publisher":"https:\/\/www.facebook.com\/radioleinewelle","article_author":"https:\/\/www.facebook.com\/radioleinewelle","article_published_time":"2020-11-27T04:10:44+00:00","og_image":[{"width":640,"height":317,"url":"https:\/\/radioleinewelle.de\/wp-content\/uploads\/2020\/11\/broke-4765739_640.jpg","type":"image\/jpeg"}],"author":"Leinewelle","twitter_card":"summary_large_image","twitter_creator":"@https:\/\/twitter.com\/RLeinewelle?ref_src=twsrcgoogletwcampserptwgrauthor","twitter_site":"@RLeinewelle","twitter_misc":{"Verfasst von":"Leinewelle","Gesch\u00e4tzte Lesezeit":"1\u00a0Minute"},"schema":{"@context":"https:\/\/schema.org","@graph":[{"@type":"Article","@id":"https:\/\/radioleinewelle.de\/index.php\/2020\/11\/27\/beschluss-fuer-kindergrundsicherung-ein-meilenstein-gegen-kinderarmut\/#article","isPartOf":{"@id":"https:\/\/radioleinewelle.de\/index.php\/2020\/11\/27\/beschluss-fuer-kindergrundsicherung-ein-meilenstein-gegen-kinderarmut\/"},"author":{"name":"Leinewelle","@id":"https:\/\/radioleinewelle.de\/#\/schema\/person\/45606f348637df637192dc1b68399a63"},"headline":"Beschluss f\u00fcr Kindergrundsicherung ein Meilenstein gegen Kinderarmut","datePublished":"2020-11-27T04:10:44+00:00","mainEntityOfPage":{"@id":"https:\/\/radioleinewelle.de\/index.php\/2020\/11\/27\/beschluss-fuer-kindergrundsicherung-ein-meilenstein-gegen-kinderarmut\/"},"wordCount":217,"publisher":{"@id":"https:\/\/radioleinewelle.de\/#organization"},"image":{"@id":"https:\/\/radioleinewelle.de\/index.php\/2020\/11\/27\/beschluss-fuer-kindergrundsicherung-ein-meilenstein-gegen-kinderarmut\/#primaryimage"},"thumbnailUrl":"https:\/\/radioleinewelle.de\/wp-content\/uploads\/2020\/11\/broke-4765739_640.jpg","articleSection":["Aktuelle Nachrichten"],"inLanguage":"de"},{"@type":"WebPage","@id":"https:\/\/radioleinewelle.de\/index.php\/2020\/11\/27\/beschluss-fuer-kindergrundsicherung-ein-meilenstein-gegen-kinderarmut\/","url":"https:\/\/radioleinewelle.de\/index.php\/2020\/11\/27\/beschluss-fuer-kindergrundsicherung-ein-meilenstein-gegen-kinderarmut\/","name":"Beschluss f\u00fcr Kindergrundsicherung ein Meilenstein gegen Kinderarmut - Radio Leinewelle","isPartOf":{"@id":"https:\/\/radioleinewelle.de\/#website"},"primaryImageOfPage":{"@id":"https:\/\/radioleinewelle.de\/index.php\/2020\/11\/27\/beschluss-fuer-kindergrundsicherung-ein-meilenstein-gegen-kinderarmut\/#primaryimage"},"image":{"@id":"https:\/\/radioleinewelle.de\/index.php\/2020\/11\/27\/beschluss-fuer-kindergrundsicherung-ein-meilenstein-gegen-kinderarmut\/#primaryimage"},"thumbnailUrl":"https:\/\/radioleinewelle.de\/wp-content\/uploads\/2020\/11\/broke-4765739_640.jpg","datePublished":"2020-11-27T04:10:44+00:00","breadcrumb":{"@id":"https:\/\/radioleinewelle.de\/index.php\/2020\/11\/27\/beschluss-fuer-kindergrundsicherung-ein-meilenstein-gegen-kinderarmut\/#breadcrumb"},"inLanguage":"de","potentialAction":[{"@type":"ReadAction","target":["https:\/\/radioleinewelle.de\/index.php\/2020\/11\/27\/beschluss-fuer-kindergrundsicherung-ein-meilenstein-gegen-kinderarmut\/"]}]},{"@type":"ImageObject","inLanguage":"de","@id":"https:\/\/radioleinewelle.de\/index.php\/2020\/11\/27\/beschluss-fuer-kindergrundsicherung-ein-meilenstein-gegen-kinderarmut\/#primaryimage","url":"https:\/\/radioleinewelle.de\/wp-content\/uploads\/2020\/11\/broke-4765739_640.jpg","contentUrl":"https:\/\/radioleinewelle.de\/wp-content\/uploads\/2020\/11\/broke-4765739_640.jpg","width":640,"height":317},{"@type":"BreadcrumbList","@id":"https:\/\/radioleinewelle.de\/index.php\/2020\/11\/27\/beschluss-fuer-kindergrundsicherung-ein-meilenstein-gegen-kinderarmut\/#breadcrumb","itemListElement":[{"@type":"ListItem","position":1,"name":"Startseite","item":"https:\/\/radioleinewelle.de\/"},{"@type":"ListItem","position":2,"name":"Beschluss f\u00fcr Kindergrundsicherung ein Meilenstein gegen Kinderarmut"}]},{"@type":"WebSite","@id":"https:\/\/radioleinewelle.de\/#website","url":"https:\/\/radioleinewelle.de\/","name":"Radio Leinewelle","description":"","publisher":{"@id":"https:\/\/radioleinewelle.de\/#organization"},"potentialAction":[{"@type":"SearchAction","target":{"@type":"EntryPoint","urlTemplate":"https:\/\/radioleinewelle.de\/?s={search_term_string}"},"query-input":{"@type":"PropertyValueSpecification","valueRequired":true,"valueName":"search_term_string"}}],"inLanguage":"de"},{"@type":"Organization","@id":"https:\/\/radioleinewelle.de\/#organization","name":"Radio Leinewelle","alternateName":"Mein Radio f\u00fcr S\u00fcdniedersachsen","url":"https:\/\/radioleinewelle.de\/","logo":{"@type":"ImageObject","inLanguage":"de","@id":"https:\/\/radioleinewelle.de\/#\/schema\/logo\/image\/","url":"https:\/\/radioleinewelle.de\/wp-content\/uploads\/2023\/11\/cropped-Leinewelle_Logo_weiss.png","contentUrl":"https:\/\/radioleinewelle.de\/wp-content\/uploads\/2023\/11\/cropped-Leinewelle_Logo_weiss.png","width":854,"height":260,"caption":"Radio Leinewelle"},"image":{"@id":"https:\/\/radioleinewelle.de\/#\/schema\/logo\/image\/"},"sameAs":["https:\/\/www.facebook.com\/radioleinewelle","https:\/\/x.com\/RLeinewelle","https:\/\/www.instagram.com\/radioleinewelle\/?hl=de"]},{"@type":"Person","@id":"https:\/\/radioleinewelle.de\/#\/schema\/person\/45606f348637df637192dc1b68399a63","name":"Leinewelle","image":{"@type":"ImageObject","inLanguage":"de","@id":"https:\/\/secure.gravatar.com\/avatar\/05c9a17bc973052ee5d91549bd32fb4dd0dc85b7b85ae94b2e2b4943476bbea5?s=96&d=blank&r=g","url":"https:\/\/secure.gravatar.com\/avatar\/05c9a17bc973052ee5d91549bd32fb4dd0dc85b7b85ae94b2e2b4943476bbea5?s=96&d=blank&r=g","contentUrl":"https:\/\/secure.gravatar.com\/avatar\/05c9a17bc973052ee5d91549bd32fb4dd0dc85b7b85ae94b2e2b4943476bbea5?s=96&d=blank&r=g","caption":"Leinewelle"},"sameAs":["http:\/\/localhost\/radio%20leinewelle\/wordpress","https:\/\/www.facebook.com\/radioleinewelle","https:\/\/www.instagram.com\/radioleinewelle","https:\/\/x.com\/https:\/\/twitter.com\/RLeinewelle?ref_src=twsrcgoogletwcampserptwgrauthor","https:\/\/soundcloud.com\/foerderverein-lokalradio?utm_source=clipboard&utm_medium=text&utm_campaign=social_sharing"],"url":"https:\/\/radioleinewelle.de\/index.php\/author\/leinewelle\/"}]}},"_links":{"self":[{"href":"https:\/\/radioleinewelle.de\/index.php\/wp-json\/wp\/v2\/posts\/3174","targetHints":{"allow":["GET"]}}],"collection":[{"href":"https:\/\/radioleinewelle.de\/index.php\/wp-json\/wp\/v2\/posts"}],"about":[{"href":"https:\/\/radioleinewelle.de\/index.php\/wp-json\/wp\/v2\/types\/post"}],"author":[{"embeddable":true,"href":"https:\/\/radioleinewelle.de\/index.php\/wp-json\/wp\/v2\/users\/1"}],"replies":[{"embeddable":true,"href":"https:\/\/radioleinewelle.de\/index.php\/wp-json\/wp\/v2\/comments?post=3174"}],"version-history":[{"count":0,"href":"https:\/\/radioleinewelle.de\/index.php\/wp-json\/wp\/v2\/posts\/3174\/revisions"}],"wp:featuredmedia":[{"embeddable":true,"href":"https:\/\/radioleinewelle.de\/index.php\/wp-json\/wp\/v2\/media\/3177"}],"wp:attachment":[{"href":"https:\/\/radioleinewelle.de\/index.php\/wp-json\/wp\/v2\/media?parent=3174"}],"wp:term":[{"taxonomy":"category","embeddable":true,"href":"https:\/\/radioleinewelle.de\/index.php\/wp-json\/wp\/v2\/categories?post=3174"},{"taxonomy":"post_tag","embeddable":true,"href":"https:\/\/radioleinewelle.de\/index.php\/wp-json\/wp\/v2\/tags?post=3174"}],"curies":[{"name":"wp","href":"https:\/\/api.w.org\/{rel}","templated":true}]}}