{"id":3185,"date":"2020-11-27T05:21:19","date_gmt":"2020-11-27T04:21:19","guid":{"rendered":"https:\/\/radioleinewelle.de\/?p=3185"},"modified":"2020-11-27T05:21:19","modified_gmt":"2020-11-27T04:21:19","slug":"vsn-tarifreform-zum-1-januar-2021-bahn-und-busfahren-in-der-region-wird-zum-teil-deutlich-guenstiger","status":"publish","type":"post","link":"https:\/\/radioleinewelle.de\/index.php\/2020\/11\/27\/vsn-tarifreform-zum-1-januar-2021-bahn-und-busfahren-in-der-region-wird-zum-teil-deutlich-guenstiger\/","title":{"rendered":"VSN-Tarifreform zum 1. Januar 2021: Bahn- und Busfahren in der Region wird zum Teil deutlich g\u00fcnstiger"},"content":{"rendered":"<div class=\"mceContentBody\">\n<div id=\"contentpadding\">\n<p>Zum 01.01.2021 geht die viel intensiv diskutierte Tarifreform im Bereich des Verkehrsverbundes S\u00fcd-Niedersachsen an den Start: Neben einem \u201eF\u00fcnf-Euro-Ticket\u201c und der verbundweiten Einf\u00fchrung eines Sozialtickets gibt es f\u00fcr zahlreiche Fahrg\u00e4ste im Nahverkehr neue Tarifangebote.<\/p>\n<p>\u201eDer Zweckverband Verkehrsverbund S\u00fcd-Niedersachsen ist mit zahlreichen neuen Angeboten im Buslinien-Verkehr in den letzten Jahren in Vorleistungen getreten. Jetzt folgt mit der Tarifreform der n\u00e4chste, wichtige Schritt zur Umsetzung der Verkehrswende in S\u00fcd-Niedersachsen\u201c, so Christel Wemheuer, Vorsitzende der ZVSN-Verbandsversammlung.<\/p>\n<p>Eine wesentliche \u00c4nderung bei der Tarifreform ist die Einf\u00fchrung eines verbundweiten Sozialtickets. Marie-Luise Niegel, kommissarische Dezernentin f\u00fcr Bildung und Kreisentwicklung des Landkreises Holzminden, freut sich: \u201eZwar gibt es das SozialTicket des Landkreises Holzminden in der bisherigen Form nicht mehr. Allerdings gibt es zum 1. Januar 2021 zwei SozialTickets im Gebiet des VSN: Die BusCard-E ist g\u00fcltig in der Stadt G\u00f6ttingen und die VSNCard-E, die im gesamten VSN-Verbundgebiet und somit auch in Holzminden gilt. Das ist ein wichtiger Beitrag zur sozialen Teilhabe auch im \u00d6ffentlichen Personennahverkehr (\u00d6PNV).\u201c<\/p>\n<p>Die Northeimer Landr\u00e4tin Astrid Klinkert-Kittel hatte sich bereits seit l\u00e4ngerem stark gemacht f\u00fcr die Einf\u00fchrung des Jugendfreizeittickets. \u201eDas JugendFreizeitTicket ist perfekt f\u00fcr junge Menschen, die in der Freizeit auch im VSN-Verbundgebiet au\u00dferhalb des \u00fcblichen Pendelweges mobil sein m\u00f6chten bzw. neben dem Weg zum Ausbildungsbetrieb auch den Weg zur Berufsschule mit dem \u00d6PNV zur\u00fccklegen m\u00f6chten\u201c.<\/p>\n<p>\u201eMit dem F\u00fcnf-Euro-Ticket wird ein zentraler Baustein f\u00fcr die Mobilit\u00e4t in der Fl\u00e4che umgesetzt, f\u00fcr das ich mich auch pers\u00f6nlich stark engagiert habe\u201c, so der G\u00f6ttinger Landrat Bernhard Reuter. \u201eDurch die Kappung der bisherigen hohen Preisstufen kann jeder Ort im VSN-Gebiet, also auch kreis\u00fcbergreifend, f\u00fcr h\u00f6chstens 5 Euro erreicht werden. Das ist deutschlandweit einmalig und ein wichtiger Beitrag f\u00fcr umweltschonende Mobilit\u00e4t!\u201c<\/p>\n<p>\u201eAus Sicht der Stadt G\u00f6ttingen ist es begr\u00fc\u00dfenswert, dass mit den gemeinsamen Tarifangeboten nunmehr die umweltfreundliche Stadt-Umlandmobilit\u00e4t einen gro\u00dfen Schritt vorankommt. Unser Ziel ist und bleibt es, gute Alternativen zum Pkw f\u00fcr die Anreise in die City anzubieten. Neben dem einheitlichen Tarif wird es zuk\u00fcnftig darum gehen, durch eine bessere Abstimmung des Fahrplanangebotes der \u00d6PNV-Unternehmen im Verkehrsverbund sowie \u2013 soweit m\u00f6glich \u2013 Angebotsverbesserungen im Liniennetz neue Fahrg\u00e4ste f\u00fcr den \u00d6PNV zu gewinnen,\u201c berichtet Claudia Baumgartner, Stadtbaur\u00e4tin der Stadt G\u00f6ttingen.<\/p>\n<p>\u201eNeben den zahlreichen Tarifma\u00dfnahmen wird es im Bereich des VSN-Verbundraumes auch die M\u00f6glichkeit eines Online-Tickets \u00fcber den DB-Navigator geben. Der bargeldlose Ticketverkauf zus\u00e4tzlich zu den weiterhin bestehenden Vertriebssystemen ist ein langer Wunsch unserer Kundschaft, dem wir gerne nachkommen. Zusammen mit der VSN GmbH werden wir weitere Schritte im Bereich der Digitalisierung anpacken\u201c, so Michael Fr\u00f6mming, ZVSN-Verbandsgesch\u00e4ftsf\u00fchrer.<\/p>\n<p>Eine detaillierte \u00dcbersicht aller Tarifprodukte im VSN-Gebiet gibt es auf <a href=\"http:\/\/www.vsninfo.de\/\">www.vsninfo.de<\/a>.<\/p>\n<p>Bild von <a href=\"https:\/\/pixabay.com\/de\/users\/pexels-2286921\/?utm_source=link-attribution&amp;utm_medium=referral&amp;utm_campaign=image&amp;utm_content=1868507\">Pexels<\/a> auf <a href=\"https:\/\/pixabay.com\/de\/?utm_source=link-attribution&amp;utm_medium=referral&amp;utm_campaign=image&amp;utm_content=1868507\">Pixabay<\/a><\/p>\n<\/div>\n<\/div>\n<p>&nbsp;<\/p>\n","protected":false},"excerpt":{"rendered":"<p>Zum 01.01.2021 geht die viel intensiv diskutierte Tarifreform im Bereich des Verkehrsverbundes S\u00fcd-Niedersachsen an den Start: Neben einem \u201eF\u00fcnf-Euro-Ticket\u201c und der verbundweiten Einf\u00fchrung eines Sozialtickets gibt es f\u00fcr zahlreiche Fahrg\u00e4ste im Nahverkehr neue Tarifangebote. \u201eDer Zweckverband Verkehrsverbund S\u00fcd-Niedersachsen ist mit zahlreichen neuen Angeboten im Buslinien-Verkehr in den letzten Jahren in Vorleistungen getreten. Jetzt folgt mit [&hellip;]<\/p>\n","protected":false},"author":1,"featured_media":0,"comment_status":"closed","ping_status":"closed","sticky":false,"template":"","format":"standard","meta":{"saved_in_kubio":false,"footnotes":""},"categories":[24],"tags":[],"class_list":["post-3185","post","type-post","status-publish","format-standard","hentry","category-news"],"yoast_head":"<!-- This site is optimized with the Yoast SEO plugin v27.5 - https:\/\/yoast.com\/product\/yoast-seo-wordpress\/ -->\n<title>VSN-Tarifreform zum 1. Januar 2021: Bahn- und Busfahren in der Region wird zum Teil deutlich g\u00fcnstiger - Radio Leinewelle<\/title>\n<meta name=\"robots\" content=\"index, follow, max-snippet:-1, max-image-preview:large, max-video-preview:-1\" \/>\n<link rel=\"canonical\" href=\"https:\/\/radioleinewelle.de\/index.php\/2020\/11\/27\/vsn-tarifreform-zum-1-januar-2021-bahn-und-busfahren-in-der-region-wird-zum-teil-deutlich-guenstiger\/\" \/>\n<meta property=\"og:locale\" content=\"de_DE\" \/>\n<meta property=\"og:type\" content=\"article\" \/>\n<meta property=\"og:title\" content=\"VSN-Tarifreform zum 1. Januar 2021: Bahn- und Busfahren in der Region wird zum Teil deutlich g\u00fcnstiger - Radio Leinewelle\" \/>\n<meta property=\"og:description\" content=\"Zum 01.01.2021 geht die viel intensiv diskutierte Tarifreform im Bereich des Verkehrsverbundes S\u00fcd-Niedersachsen an den Start: Neben einem \u201eF\u00fcnf-Euro-Ticket\u201c und der verbundweiten Einf\u00fchrung eines Sozialtickets gibt es f\u00fcr zahlreiche Fahrg\u00e4ste im Nahverkehr neue Tarifangebote. \u201eDer Zweckverband Verkehrsverbund S\u00fcd-Niedersachsen ist mit zahlreichen neuen Angeboten im Buslinien-Verkehr in den letzten Jahren in Vorleistungen getreten. Jetzt folgt mit [&hellip;]\" \/>\n<meta property=\"og:url\" content=\"https:\/\/radioleinewelle.de\/index.php\/2020\/11\/27\/vsn-tarifreform-zum-1-januar-2021-bahn-und-busfahren-in-der-region-wird-zum-teil-deutlich-guenstiger\/\" \/>\n<meta property=\"og:site_name\" content=\"Radio Leinewelle\" \/>\n<meta property=\"article:publisher\" content=\"https:\/\/www.facebook.com\/radioleinewelle\" \/>\n<meta property=\"article:author\" content=\"https:\/\/www.facebook.com\/radioleinewelle\" \/>\n<meta property=\"article:published_time\" content=\"2020-11-27T04:21:19+00:00\" \/>\n<meta name=\"author\" content=\"Leinewelle\" \/>\n<meta name=\"twitter:card\" content=\"summary_large_image\" \/>\n<meta name=\"twitter:creator\" content=\"@https:\/\/twitter.com\/RLeinewelle?ref_src=twsrcgoogletwcampserptwgrauthor\" \/>\n<meta name=\"twitter:site\" content=\"@RLeinewelle\" \/>\n<meta name=\"twitter:label1\" content=\"Verfasst von\" \/>\n\t<meta name=\"twitter:data1\" content=\"Leinewelle\" \/>\n\t<meta name=\"twitter:label2\" content=\"Gesch\u00e4tzte Lesezeit\" \/>\n\t<meta name=\"twitter:data2\" content=\"2\u00a0Minuten\" \/>\n<script type=\"application\/ld+json\" class=\"yoast-schema-graph\">{\"@context\":\"https:\\\/\\\/schema.org\",\"@graph\":[{\"@type\":\"Article\",\"@id\":\"https:\\\/\\\/radioleinewelle.de\\\/index.php\\\/2020\\\/11\\\/27\\\/vsn-tarifreform-zum-1-januar-2021-bahn-und-busfahren-in-der-region-wird-zum-teil-deutlich-guenstiger\\\/#article\",\"isPartOf\":{\"@id\":\"https:\\\/\\\/radioleinewelle.de\\\/index.php\\\/2020\\\/11\\\/27\\\/vsn-tarifreform-zum-1-januar-2021-bahn-und-busfahren-in-der-region-wird-zum-teil-deutlich-guenstiger\\\/\"},\"author\":{\"name\":\"Leinewelle\",\"@id\":\"https:\\\/\\\/radioleinewelle.de\\\/#\\\/schema\\\/person\\\/45606f348637df637192dc1b68399a63\"},\"headline\":\"VSN-Tarifreform zum 1. Januar 2021: Bahn- und Busfahren in der Region wird zum Teil deutlich g\u00fcnstiger\",\"datePublished\":\"2020-11-27T04:21:19+00:00\",\"mainEntityOfPage\":{\"@id\":\"https:\\\/\\\/radioleinewelle.de\\\/index.php\\\/2020\\\/11\\\/27\\\/vsn-tarifreform-zum-1-januar-2021-bahn-und-busfahren-in-der-region-wird-zum-teil-deutlich-guenstiger\\\/\"},\"wordCount\":487,\"publisher\":{\"@id\":\"https:\\\/\\\/radioleinewelle.de\\\/#organization\"},\"articleSection\":[\"Aktuelle Nachrichten\"],\"inLanguage\":\"de\"},{\"@type\":\"WebPage\",\"@id\":\"https:\\\/\\\/radioleinewelle.de\\\/index.php\\\/2020\\\/11\\\/27\\\/vsn-tarifreform-zum-1-januar-2021-bahn-und-busfahren-in-der-region-wird-zum-teil-deutlich-guenstiger\\\/\",\"url\":\"https:\\\/\\\/radioleinewelle.de\\\/index.php\\\/2020\\\/11\\\/27\\\/vsn-tarifreform-zum-1-januar-2021-bahn-und-busfahren-in-der-region-wird-zum-teil-deutlich-guenstiger\\\/\",\"name\":\"VSN-Tarifreform zum 1. Januar 2021: Bahn- und Busfahren in der Region wird zum Teil deutlich g\u00fcnstiger - Radio Leinewelle\",\"isPartOf\":{\"@id\":\"https:\\\/\\\/radioleinewelle.de\\\/#website\"},\"datePublished\":\"2020-11-27T04:21:19+00:00\",\"breadcrumb\":{\"@id\":\"https:\\\/\\\/radioleinewelle.de\\\/index.php\\\/2020\\\/11\\\/27\\\/vsn-tarifreform-zum-1-januar-2021-bahn-und-busfahren-in-der-region-wird-zum-teil-deutlich-guenstiger\\\/#breadcrumb\"},\"inLanguage\":\"de\",\"potentialAction\":[{\"@type\":\"ReadAction\",\"target\":[\"https:\\\/\\\/radioleinewelle.de\\\/index.php\\\/2020\\\/11\\\/27\\\/vsn-tarifreform-zum-1-januar-2021-bahn-und-busfahren-in-der-region-wird-zum-teil-deutlich-guenstiger\\\/\"]}]},{\"@type\":\"BreadcrumbList\",\"@id\":\"https:\\\/\\\/radioleinewelle.de\\\/index.php\\\/2020\\\/11\\\/27\\\/vsn-tarifreform-zum-1-januar-2021-bahn-und-busfahren-in-der-region-wird-zum-teil-deutlich-guenstiger\\\/#breadcrumb\",\"itemListElement\":[{\"@type\":\"ListItem\",\"position\":1,\"name\":\"Startseite\",\"item\":\"https:\\\/\\\/radioleinewelle.de\\\/\"},{\"@type\":\"ListItem\",\"position\":2,\"name\":\"VSN-Tarifreform zum 1. Januar 2021: Bahn- und Busfahren in der Region wird zum Teil deutlich g\u00fcnstiger\"}]},{\"@type\":\"WebSite\",\"@id\":\"https:\\\/\\\/radioleinewelle.de\\\/#website\",\"url\":\"https:\\\/\\\/radioleinewelle.de\\\/\",\"name\":\"Radio Leinewelle\",\"description\":\"\",\"publisher\":{\"@id\":\"https:\\\/\\\/radioleinewelle.de\\\/#organization\"},\"potentialAction\":[{\"@type\":\"SearchAction\",\"target\":{\"@type\":\"EntryPoint\",\"urlTemplate\":\"https:\\\/\\\/radioleinewelle.de\\\/?s={search_term_string}\"},\"query-input\":{\"@type\":\"PropertyValueSpecification\",\"valueRequired\":true,\"valueName\":\"search_term_string\"}}],\"inLanguage\":\"de\"},{\"@type\":\"Organization\",\"@id\":\"https:\\\/\\\/radioleinewelle.de\\\/#organization\",\"name\":\"Radio Leinewelle\",\"alternateName\":\"Mein Radio f\u00fcr S\u00fcdniedersachsen\",\"url\":\"https:\\\/\\\/radioleinewelle.de\\\/\",\"logo\":{\"@type\":\"ImageObject\",\"inLanguage\":\"de\",\"@id\":\"https:\\\/\\\/radioleinewelle.de\\\/#\\\/schema\\\/logo\\\/image\\\/\",\"url\":\"https:\\\/\\\/radioleinewelle.de\\\/wp-content\\\/uploads\\\/2023\\\/11\\\/cropped-Leinewelle_Logo_weiss.png\",\"contentUrl\":\"https:\\\/\\\/radioleinewelle.de\\\/wp-content\\\/uploads\\\/2023\\\/11\\\/cropped-Leinewelle_Logo_weiss.png\",\"width\":854,\"height\":260,\"caption\":\"Radio Leinewelle\"},\"image\":{\"@id\":\"https:\\\/\\\/radioleinewelle.de\\\/#\\\/schema\\\/logo\\\/image\\\/\"},\"sameAs\":[\"https:\\\/\\\/www.facebook.com\\\/radioleinewelle\",\"https:\\\/\\\/x.com\\\/RLeinewelle\",\"https:\\\/\\\/www.instagram.com\\\/radioleinewelle\\\/?hl=de\"]},{\"@type\":\"Person\",\"@id\":\"https:\\\/\\\/radioleinewelle.de\\\/#\\\/schema\\\/person\\\/45606f348637df637192dc1b68399a63\",\"name\":\"Leinewelle\",\"image\":{\"@type\":\"ImageObject\",\"inLanguage\":\"de\",\"@id\":\"https:\\\/\\\/secure.gravatar.com\\\/avatar\\\/05c9a17bc973052ee5d91549bd32fb4dd0dc85b7b85ae94b2e2b4943476bbea5?s=96&d=blank&r=g\",\"url\":\"https:\\\/\\\/secure.gravatar.com\\\/avatar\\\/05c9a17bc973052ee5d91549bd32fb4dd0dc85b7b85ae94b2e2b4943476bbea5?s=96&d=blank&r=g\",\"contentUrl\":\"https:\\\/\\\/secure.gravatar.com\\\/avatar\\\/05c9a17bc973052ee5d91549bd32fb4dd0dc85b7b85ae94b2e2b4943476bbea5?s=96&d=blank&r=g\",\"caption\":\"Leinewelle\"},\"sameAs\":[\"http:\\\/\\\/localhost\\\/radio%20leinewelle\\\/wordpress\",\"https:\\\/\\\/www.facebook.com\\\/radioleinewelle\",\"https:\\\/\\\/www.instagram.com\\\/radioleinewelle\",\"https:\\\/\\\/x.com\\\/https:\\\/\\\/twitter.com\\\/RLeinewelle?ref_src=twsrcgoogletwcampserptwgrauthor\",\"https:\\\/\\\/soundcloud.com\\\/foerderverein-lokalradio?utm_source=clipboard&utm_medium=text&utm_campaign=social_sharing\"],\"url\":\"https:\\\/\\\/radioleinewelle.de\\\/index.php\\\/author\\\/leinewelle\\\/\"}]}<\/script>\n<!-- \/ Yoast SEO plugin. -->","yoast_head_json":{"title":"VSN-Tarifreform zum 1. Januar 2021: Bahn- und Busfahren in der Region wird zum Teil deutlich g\u00fcnstiger - Radio Leinewelle","robots":{"index":"index","follow":"follow","max-snippet":"max-snippet:-1","max-image-preview":"max-image-preview:large","max-video-preview":"max-video-preview:-1"},"canonical":"https:\/\/radioleinewelle.de\/index.php\/2020\/11\/27\/vsn-tarifreform-zum-1-januar-2021-bahn-und-busfahren-in-der-region-wird-zum-teil-deutlich-guenstiger\/","og_locale":"de_DE","og_type":"article","og_title":"VSN-Tarifreform zum 1. Januar 2021: Bahn- und Busfahren in der Region wird zum Teil deutlich g\u00fcnstiger - Radio Leinewelle","og_description":"Zum 01.01.2021 geht die viel intensiv diskutierte Tarifreform im Bereich des Verkehrsverbundes S\u00fcd-Niedersachsen an den Start: Neben einem \u201eF\u00fcnf-Euro-Ticket\u201c und der verbundweiten Einf\u00fchrung eines Sozialtickets gibt es f\u00fcr zahlreiche Fahrg\u00e4ste im Nahverkehr neue Tarifangebote. \u201eDer Zweckverband Verkehrsverbund S\u00fcd-Niedersachsen ist mit zahlreichen neuen Angeboten im Buslinien-Verkehr in den letzten Jahren in Vorleistungen getreten. Jetzt folgt mit [&hellip;]","og_url":"https:\/\/radioleinewelle.de\/index.php\/2020\/11\/27\/vsn-tarifreform-zum-1-januar-2021-bahn-und-busfahren-in-der-region-wird-zum-teil-deutlich-guenstiger\/","og_site_name":"Radio Leinewelle","article_publisher":"https:\/\/www.facebook.com\/radioleinewelle","article_author":"https:\/\/www.facebook.com\/radioleinewelle","article_published_time":"2020-11-27T04:21:19+00:00","author":"Leinewelle","twitter_card":"summary_large_image","twitter_creator":"@https:\/\/twitter.com\/RLeinewelle?ref_src=twsrcgoogletwcampserptwgrauthor","twitter_site":"@RLeinewelle","twitter_misc":{"Verfasst von":"Leinewelle","Gesch\u00e4tzte Lesezeit":"2\u00a0Minuten"},"schema":{"@context":"https:\/\/schema.org","@graph":[{"@type":"Article","@id":"https:\/\/radioleinewelle.de\/index.php\/2020\/11\/27\/vsn-tarifreform-zum-1-januar-2021-bahn-und-busfahren-in-der-region-wird-zum-teil-deutlich-guenstiger\/#article","isPartOf":{"@id":"https:\/\/radioleinewelle.de\/index.php\/2020\/11\/27\/vsn-tarifreform-zum-1-januar-2021-bahn-und-busfahren-in-der-region-wird-zum-teil-deutlich-guenstiger\/"},"author":{"name":"Leinewelle","@id":"https:\/\/radioleinewelle.de\/#\/schema\/person\/45606f348637df637192dc1b68399a63"},"headline":"VSN-Tarifreform zum 1. Januar 2021: Bahn- und Busfahren in der Region wird zum Teil deutlich g\u00fcnstiger","datePublished":"2020-11-27T04:21:19+00:00","mainEntityOfPage":{"@id":"https:\/\/radioleinewelle.de\/index.php\/2020\/11\/27\/vsn-tarifreform-zum-1-januar-2021-bahn-und-busfahren-in-der-region-wird-zum-teil-deutlich-guenstiger\/"},"wordCount":487,"publisher":{"@id":"https:\/\/radioleinewelle.de\/#organization"},"articleSection":["Aktuelle Nachrichten"],"inLanguage":"de"},{"@type":"WebPage","@id":"https:\/\/radioleinewelle.de\/index.php\/2020\/11\/27\/vsn-tarifreform-zum-1-januar-2021-bahn-und-busfahren-in-der-region-wird-zum-teil-deutlich-guenstiger\/","url":"https:\/\/radioleinewelle.de\/index.php\/2020\/11\/27\/vsn-tarifreform-zum-1-januar-2021-bahn-und-busfahren-in-der-region-wird-zum-teil-deutlich-guenstiger\/","name":"VSN-Tarifreform zum 1. Januar 2021: Bahn- und Busfahren in der Region wird zum Teil deutlich g\u00fcnstiger - Radio Leinewelle","isPartOf":{"@id":"https:\/\/radioleinewelle.de\/#website"},"datePublished":"2020-11-27T04:21:19+00:00","breadcrumb":{"@id":"https:\/\/radioleinewelle.de\/index.php\/2020\/11\/27\/vsn-tarifreform-zum-1-januar-2021-bahn-und-busfahren-in-der-region-wird-zum-teil-deutlich-guenstiger\/#breadcrumb"},"inLanguage":"de","potentialAction":[{"@type":"ReadAction","target":["https:\/\/radioleinewelle.de\/index.php\/2020\/11\/27\/vsn-tarifreform-zum-1-januar-2021-bahn-und-busfahren-in-der-region-wird-zum-teil-deutlich-guenstiger\/"]}]},{"@type":"BreadcrumbList","@id":"https:\/\/radioleinewelle.de\/index.php\/2020\/11\/27\/vsn-tarifreform-zum-1-januar-2021-bahn-und-busfahren-in-der-region-wird-zum-teil-deutlich-guenstiger\/#breadcrumb","itemListElement":[{"@type":"ListItem","position":1,"name":"Startseite","item":"https:\/\/radioleinewelle.de\/"},{"@type":"ListItem","position":2,"name":"VSN-Tarifreform zum 1. Januar 2021: Bahn- und Busfahren in der Region wird zum Teil deutlich g\u00fcnstiger"}]},{"@type":"WebSite","@id":"https:\/\/radioleinewelle.de\/#website","url":"https:\/\/radioleinewelle.de\/","name":"Radio Leinewelle","description":"","publisher":{"@id":"https:\/\/radioleinewelle.de\/#organization"},"potentialAction":[{"@type":"SearchAction","target":{"@type":"EntryPoint","urlTemplate":"https:\/\/radioleinewelle.de\/?s={search_term_string}"},"query-input":{"@type":"PropertyValueSpecification","valueRequired":true,"valueName":"search_term_string"}}],"inLanguage":"de"},{"@type":"Organization","@id":"https:\/\/radioleinewelle.de\/#organization","name":"Radio Leinewelle","alternateName":"Mein Radio f\u00fcr S\u00fcdniedersachsen","url":"https:\/\/radioleinewelle.de\/","logo":{"@type":"ImageObject","inLanguage":"de","@id":"https:\/\/radioleinewelle.de\/#\/schema\/logo\/image\/","url":"https:\/\/radioleinewelle.de\/wp-content\/uploads\/2023\/11\/cropped-Leinewelle_Logo_weiss.png","contentUrl":"https:\/\/radioleinewelle.de\/wp-content\/uploads\/2023\/11\/cropped-Leinewelle_Logo_weiss.png","width":854,"height":260,"caption":"Radio Leinewelle"},"image":{"@id":"https:\/\/radioleinewelle.de\/#\/schema\/logo\/image\/"},"sameAs":["https:\/\/www.facebook.com\/radioleinewelle","https:\/\/x.com\/RLeinewelle","https:\/\/www.instagram.com\/radioleinewelle\/?hl=de"]},{"@type":"Person","@id":"https:\/\/radioleinewelle.de\/#\/schema\/person\/45606f348637df637192dc1b68399a63","name":"Leinewelle","image":{"@type":"ImageObject","inLanguage":"de","@id":"https:\/\/secure.gravatar.com\/avatar\/05c9a17bc973052ee5d91549bd32fb4dd0dc85b7b85ae94b2e2b4943476bbea5?s=96&d=blank&r=g","url":"https:\/\/secure.gravatar.com\/avatar\/05c9a17bc973052ee5d91549bd32fb4dd0dc85b7b85ae94b2e2b4943476bbea5?s=96&d=blank&r=g","contentUrl":"https:\/\/secure.gravatar.com\/avatar\/05c9a17bc973052ee5d91549bd32fb4dd0dc85b7b85ae94b2e2b4943476bbea5?s=96&d=blank&r=g","caption":"Leinewelle"},"sameAs":["http:\/\/localhost\/radio%20leinewelle\/wordpress","https:\/\/www.facebook.com\/radioleinewelle","https:\/\/www.instagram.com\/radioleinewelle","https:\/\/x.com\/https:\/\/twitter.com\/RLeinewelle?ref_src=twsrcgoogletwcampserptwgrauthor","https:\/\/soundcloud.com\/foerderverein-lokalradio?utm_source=clipboard&utm_medium=text&utm_campaign=social_sharing"],"url":"https:\/\/radioleinewelle.de\/index.php\/author\/leinewelle\/"}]}},"_links":{"self":[{"href":"https:\/\/radioleinewelle.de\/index.php\/wp-json\/wp\/v2\/posts\/3185","targetHints":{"allow":["GET"]}}],"collection":[{"href":"https:\/\/radioleinewelle.de\/index.php\/wp-json\/wp\/v2\/posts"}],"about":[{"href":"https:\/\/radioleinewelle.de\/index.php\/wp-json\/wp\/v2\/types\/post"}],"author":[{"embeddable":true,"href":"https:\/\/radioleinewelle.de\/index.php\/wp-json\/wp\/v2\/users\/1"}],"replies":[{"embeddable":true,"href":"https:\/\/radioleinewelle.de\/index.php\/wp-json\/wp\/v2\/comments?post=3185"}],"version-history":[{"count":0,"href":"https:\/\/radioleinewelle.de\/index.php\/wp-json\/wp\/v2\/posts\/3185\/revisions"}],"wp:attachment":[{"href":"https:\/\/radioleinewelle.de\/index.php\/wp-json\/wp\/v2\/media?parent=3185"}],"wp:term":[{"taxonomy":"category","embeddable":true,"href":"https:\/\/radioleinewelle.de\/index.php\/wp-json\/wp\/v2\/categories?post=3185"},{"taxonomy":"post_tag","embeddable":true,"href":"https:\/\/radioleinewelle.de\/index.php\/wp-json\/wp\/v2\/tags?post=3185"}],"curies":[{"name":"wp","href":"https:\/\/api.w.org\/{rel}","templated":true}]}}