{"id":3195,"date":"2020-12-03T08:54:04","date_gmt":"2020-12-03T07:54:04","guid":{"rendered":"https:\/\/radioleinewelle.de\/?p=3195"},"modified":"2020-12-03T08:54:04","modified_gmt":"2020-12-03T07:54:04","slug":"wallsanierung-in-goettingen-zur-jahreswende-weitgehend-fertig","status":"publish","type":"post","link":"https:\/\/radioleinewelle.de\/index.php\/2020\/12\/03\/wallsanierung-in-goettingen-zur-jahreswende-weitgehend-fertig\/","title":{"rendered":"Wallsanierung in G\u00f6ttingen zur Jahreswende weitgehend fertig"},"content":{"rendered":"<div class=\"magazinetext\">\n<div class=\"magazineshorttext\">Die Sanierung des G\u00f6ttinger Walls wird zur Jahreswende 2020\/2021 weitgehend abgeschlossen. Im Zuge der Arbeiten werden von Freitag, 4., bis Montag, 7. Dezember 2020, die Abschnitte im Bereich Bismarckwall und Albaniwall gesperrt.<\/div>\n<\/div>\n<p>Der Weg in diesen Wallabschnitten erh\u00e4lt eine neue Oberfl\u00e4che, also vom Bismarckh\u00e4uschen bis zur Nicolaistra\u00dfe und vom Aufgang Am Geismartor bis zum Albaniplatz. Im Laufe des Monats Dezember wird dort au\u00dferdem die Beleuchtung fertiggestellt.<\/p>\n<div class=\"magazinetext\">\n<p><strong>Besonderes Licht f\u00fcr Flederm\u00e4use<\/strong><\/p>\n<p>Bei der gesamten Wallsanierung ist die Beleuchtung abschnittweise vervollst\u00e4ndigt worden. In enger Abstimmung mit der Stadt begleitet ein beauftragter Fledermausspezialist das Vorhaben. So bekommen die Bereiche, in denen besonders auf Flederm\u00e4use zu achten ist, ein spezielles Licht.<\/p>\n<p>Im Jahr 2020 belaufen sich die Kosten f\u00fcr die Wallsanierung auf ca. 135.000 Euro. Die Sanierung des Stadtwalls begann 2018 mit dem Abschnitt zwischen Am Geismartor und Albaniplatz. Die Wege der Abschnitte vom Groner Tor bis zum Weender Tor wurden 2019 saniert.<\/p>\n<p>Im kommenden Jahr 2021 geht es dann schlie\u00dflich mit\u00a0Arbeiten am Ernst-Honig-Wall zwischen dem Deutschen Theater und dem Weender Tor weiter. Auch hier erh\u00e4lt der Weg eine neue Oberfl\u00e4che und neue Leuchten.<\/p>\n<p>Foto:\u00a0<em><a class=\"extiw\" title=\"de:Benutzer:Longbow4u\" href=\"https:\/\/de.wikipedia.org\/wiki\/Benutzer:Longbow4u\">Longbow4u<\/a>\u00a0(wikipedia)<\/em><\/p>\n<\/div>\n","protected":false},"excerpt":{"rendered":"<p>Die Sanierung des G\u00f6ttinger Walls wird zur Jahreswende 2020\/2021 weitgehend abgeschlossen. Im Zuge der Arbeiten werden von Freitag, 4., bis Montag, 7. Dezember 2020, die Abschnitte im Bereich Bismarckwall und Albaniwall gesperrt. Der Weg in diesen Wallabschnitten erh\u00e4lt eine neue Oberfl\u00e4che, also vom Bismarckh\u00e4uschen bis zur Nicolaistra\u00dfe und vom Aufgang Am Geismartor bis zum Albaniplatz. [&hellip;]<\/p>\n","protected":false},"author":1,"featured_media":3197,"comment_status":"closed","ping_status":"closed","sticky":false,"template":"","format":"standard","meta":{"saved_in_kubio":false,"footnotes":""},"categories":[31],"tags":[],"class_list":["post-3195","post","type-post","status-publish","format-standard","has-post-thumbnail","hentry","category-bauen-verkehr"],"yoast_head":"<!-- This site is optimized with the Yoast SEO plugin v27.5 - https:\/\/yoast.com\/product\/yoast-seo-wordpress\/ -->\n<title>Wallsanierung in G\u00f6ttingen zur Jahreswende weitgehend fertig - Radio Leinewelle<\/title>\n<meta name=\"robots\" content=\"index, follow, max-snippet:-1, max-image-preview:large, max-video-preview:-1\" \/>\n<link rel=\"canonical\" href=\"https:\/\/radioleinewelle.de\/index.php\/2020\/12\/03\/wallsanierung-in-goettingen-zur-jahreswende-weitgehend-fertig\/\" \/>\n<meta property=\"og:locale\" content=\"de_DE\" \/>\n<meta property=\"og:type\" content=\"article\" \/>\n<meta property=\"og:title\" content=\"Wallsanierung in G\u00f6ttingen zur Jahreswende weitgehend fertig - Radio Leinewelle\" \/>\n<meta property=\"og:description\" content=\"Die Sanierung des G\u00f6ttinger Walls wird zur Jahreswende 2020\/2021 weitgehend abgeschlossen. Im Zuge der Arbeiten werden von Freitag, 4., bis Montag, 7. Dezember 2020, die Abschnitte im Bereich Bismarckwall und Albaniwall gesperrt. Der Weg in diesen Wallabschnitten erh\u00e4lt eine neue Oberfl\u00e4che, also vom Bismarckh\u00e4uschen bis zur Nicolaistra\u00dfe und vom Aufgang Am Geismartor bis zum Albaniplatz. [&hellip;]\" \/>\n<meta property=\"og:url\" content=\"https:\/\/radioleinewelle.de\/index.php\/2020\/12\/03\/wallsanierung-in-goettingen-zur-jahreswende-weitgehend-fertig\/\" \/>\n<meta property=\"og:site_name\" content=\"Radio Leinewelle\" \/>\n<meta property=\"article:publisher\" content=\"https:\/\/www.facebook.com\/radioleinewelle\" \/>\n<meta property=\"article:author\" content=\"https:\/\/www.facebook.com\/radioleinewelle\" \/>\n<meta property=\"article:published_time\" content=\"2020-12-03T07:54:04+00:00\" \/>\n<meta property=\"og:image\" content=\"https:\/\/radioleinewelle.de\/wp-content\/uploads\/2020\/12\/960px-Goettingen-Bismarckhaeuschen.03.jpg\" \/>\n\t<meta property=\"og:image:width\" content=\"960\" \/>\n\t<meta property=\"og:image:height\" content=\"720\" \/>\n\t<meta property=\"og:image:type\" content=\"image\/jpeg\" \/>\n<meta name=\"author\" content=\"Leinewelle\" \/>\n<meta name=\"twitter:card\" content=\"summary_large_image\" \/>\n<meta name=\"twitter:creator\" content=\"@https:\/\/twitter.com\/RLeinewelle?ref_src=twsrcgoogletwcampserptwgrauthor\" \/>\n<meta name=\"twitter:site\" content=\"@RLeinewelle\" \/>\n<meta name=\"twitter:label1\" content=\"Verfasst von\" \/>\n\t<meta name=\"twitter:data1\" content=\"Leinewelle\" \/>\n\t<meta name=\"twitter:label2\" content=\"Gesch\u00e4tzte Lesezeit\" \/>\n\t<meta name=\"twitter:data2\" content=\"1\u00a0Minute\" \/>\n<script type=\"application\/ld+json\" class=\"yoast-schema-graph\">{\"@context\":\"https:\\\/\\\/schema.org\",\"@graph\":[{\"@type\":\"Article\",\"@id\":\"https:\\\/\\\/radioleinewelle.de\\\/index.php\\\/2020\\\/12\\\/03\\\/wallsanierung-in-goettingen-zur-jahreswende-weitgehend-fertig\\\/#article\",\"isPartOf\":{\"@id\":\"https:\\\/\\\/radioleinewelle.de\\\/index.php\\\/2020\\\/12\\\/03\\\/wallsanierung-in-goettingen-zur-jahreswende-weitgehend-fertig\\\/\"},\"author\":{\"name\":\"Leinewelle\",\"@id\":\"https:\\\/\\\/radioleinewelle.de\\\/#\\\/schema\\\/person\\\/45606f348637df637192dc1b68399a63\"},\"headline\":\"Wallsanierung in G\u00f6ttingen zur Jahreswende weitgehend fertig\",\"datePublished\":\"2020-12-03T07:54:04+00:00\",\"mainEntityOfPage\":{\"@id\":\"https:\\\/\\\/radioleinewelle.de\\\/index.php\\\/2020\\\/12\\\/03\\\/wallsanierung-in-goettingen-zur-jahreswende-weitgehend-fertig\\\/\"},\"wordCount\":198,\"publisher\":{\"@id\":\"https:\\\/\\\/radioleinewelle.de\\\/#organization\"},\"image\":{\"@id\":\"https:\\\/\\\/radioleinewelle.de\\\/index.php\\\/2020\\\/12\\\/03\\\/wallsanierung-in-goettingen-zur-jahreswende-weitgehend-fertig\\\/#primaryimage\"},\"thumbnailUrl\":\"https:\\\/\\\/radioleinewelle.de\\\/wp-content\\\/uploads\\\/2020\\\/12\\\/960px-Goettingen-Bismarckhaeuschen.03.jpg\",\"articleSection\":[\"Bauen &amp; Verkehr\"],\"inLanguage\":\"de\"},{\"@type\":\"WebPage\",\"@id\":\"https:\\\/\\\/radioleinewelle.de\\\/index.php\\\/2020\\\/12\\\/03\\\/wallsanierung-in-goettingen-zur-jahreswende-weitgehend-fertig\\\/\",\"url\":\"https:\\\/\\\/radioleinewelle.de\\\/index.php\\\/2020\\\/12\\\/03\\\/wallsanierung-in-goettingen-zur-jahreswende-weitgehend-fertig\\\/\",\"name\":\"Wallsanierung in G\u00f6ttingen zur Jahreswende weitgehend fertig - Radio Leinewelle\",\"isPartOf\":{\"@id\":\"https:\\\/\\\/radioleinewelle.de\\\/#website\"},\"primaryImageOfPage\":{\"@id\":\"https:\\\/\\\/radioleinewelle.de\\\/index.php\\\/2020\\\/12\\\/03\\\/wallsanierung-in-goettingen-zur-jahreswende-weitgehend-fertig\\\/#primaryimage\"},\"image\":{\"@id\":\"https:\\\/\\\/radioleinewelle.de\\\/index.php\\\/2020\\\/12\\\/03\\\/wallsanierung-in-goettingen-zur-jahreswende-weitgehend-fertig\\\/#primaryimage\"},\"thumbnailUrl\":\"https:\\\/\\\/radioleinewelle.de\\\/wp-content\\\/uploads\\\/2020\\\/12\\\/960px-Goettingen-Bismarckhaeuschen.03.jpg\",\"datePublished\":\"2020-12-03T07:54:04+00:00\",\"breadcrumb\":{\"@id\":\"https:\\\/\\\/radioleinewelle.de\\\/index.php\\\/2020\\\/12\\\/03\\\/wallsanierung-in-goettingen-zur-jahreswende-weitgehend-fertig\\\/#breadcrumb\"},\"inLanguage\":\"de\",\"potentialAction\":[{\"@type\":\"ReadAction\",\"target\":[\"https:\\\/\\\/radioleinewelle.de\\\/index.php\\\/2020\\\/12\\\/03\\\/wallsanierung-in-goettingen-zur-jahreswende-weitgehend-fertig\\\/\"]}]},{\"@type\":\"ImageObject\",\"inLanguage\":\"de\",\"@id\":\"https:\\\/\\\/radioleinewelle.de\\\/index.php\\\/2020\\\/12\\\/03\\\/wallsanierung-in-goettingen-zur-jahreswende-weitgehend-fertig\\\/#primaryimage\",\"url\":\"https:\\\/\\\/radioleinewelle.de\\\/wp-content\\\/uploads\\\/2020\\\/12\\\/960px-Goettingen-Bismarckhaeuschen.03.jpg\",\"contentUrl\":\"https:\\\/\\\/radioleinewelle.de\\\/wp-content\\\/uploads\\\/2020\\\/12\\\/960px-Goettingen-Bismarckhaeuschen.03.jpg\",\"width\":960,\"height\":720},{\"@type\":\"BreadcrumbList\",\"@id\":\"https:\\\/\\\/radioleinewelle.de\\\/index.php\\\/2020\\\/12\\\/03\\\/wallsanierung-in-goettingen-zur-jahreswende-weitgehend-fertig\\\/#breadcrumb\",\"itemListElement\":[{\"@type\":\"ListItem\",\"position\":1,\"name\":\"Startseite\",\"item\":\"https:\\\/\\\/radioleinewelle.de\\\/\"},{\"@type\":\"ListItem\",\"position\":2,\"name\":\"Wallsanierung in G\u00f6ttingen zur Jahreswende weitgehend fertig\"}]},{\"@type\":\"WebSite\",\"@id\":\"https:\\\/\\\/radioleinewelle.de\\\/#website\",\"url\":\"https:\\\/\\\/radioleinewelle.de\\\/\",\"name\":\"Radio Leinewelle\",\"description\":\"\",\"publisher\":{\"@id\":\"https:\\\/\\\/radioleinewelle.de\\\/#organization\"},\"potentialAction\":[{\"@type\":\"SearchAction\",\"target\":{\"@type\":\"EntryPoint\",\"urlTemplate\":\"https:\\\/\\\/radioleinewelle.de\\\/?s={search_term_string}\"},\"query-input\":{\"@type\":\"PropertyValueSpecification\",\"valueRequired\":true,\"valueName\":\"search_term_string\"}}],\"inLanguage\":\"de\"},{\"@type\":\"Organization\",\"@id\":\"https:\\\/\\\/radioleinewelle.de\\\/#organization\",\"name\":\"Radio Leinewelle\",\"alternateName\":\"Mein Radio f\u00fcr S\u00fcdniedersachsen\",\"url\":\"https:\\\/\\\/radioleinewelle.de\\\/\",\"logo\":{\"@type\":\"ImageObject\",\"inLanguage\":\"de\",\"@id\":\"https:\\\/\\\/radioleinewelle.de\\\/#\\\/schema\\\/logo\\\/image\\\/\",\"url\":\"https:\\\/\\\/radioleinewelle.de\\\/wp-content\\\/uploads\\\/2023\\\/11\\\/cropped-Leinewelle_Logo_weiss.png\",\"contentUrl\":\"https:\\\/\\\/radioleinewelle.de\\\/wp-content\\\/uploads\\\/2023\\\/11\\\/cropped-Leinewelle_Logo_weiss.png\",\"width\":854,\"height\":260,\"caption\":\"Radio Leinewelle\"},\"image\":{\"@id\":\"https:\\\/\\\/radioleinewelle.de\\\/#\\\/schema\\\/logo\\\/image\\\/\"},\"sameAs\":[\"https:\\\/\\\/www.facebook.com\\\/radioleinewelle\",\"https:\\\/\\\/x.com\\\/RLeinewelle\",\"https:\\\/\\\/www.instagram.com\\\/radioleinewelle\\\/?hl=de\"]},{\"@type\":\"Person\",\"@id\":\"https:\\\/\\\/radioleinewelle.de\\\/#\\\/schema\\\/person\\\/45606f348637df637192dc1b68399a63\",\"name\":\"Leinewelle\",\"image\":{\"@type\":\"ImageObject\",\"inLanguage\":\"de\",\"@id\":\"https:\\\/\\\/secure.gravatar.com\\\/avatar\\\/05c9a17bc973052ee5d91549bd32fb4dd0dc85b7b85ae94b2e2b4943476bbea5?s=96&d=blank&r=g\",\"url\":\"https:\\\/\\\/secure.gravatar.com\\\/avatar\\\/05c9a17bc973052ee5d91549bd32fb4dd0dc85b7b85ae94b2e2b4943476bbea5?s=96&d=blank&r=g\",\"contentUrl\":\"https:\\\/\\\/secure.gravatar.com\\\/avatar\\\/05c9a17bc973052ee5d91549bd32fb4dd0dc85b7b85ae94b2e2b4943476bbea5?s=96&d=blank&r=g\",\"caption\":\"Leinewelle\"},\"sameAs\":[\"http:\\\/\\\/localhost\\\/radio%20leinewelle\\\/wordpress\",\"https:\\\/\\\/www.facebook.com\\\/radioleinewelle\",\"https:\\\/\\\/www.instagram.com\\\/radioleinewelle\",\"https:\\\/\\\/x.com\\\/https:\\\/\\\/twitter.com\\\/RLeinewelle?ref_src=twsrcgoogletwcampserptwgrauthor\",\"https:\\\/\\\/soundcloud.com\\\/foerderverein-lokalradio?utm_source=clipboard&utm_medium=text&utm_campaign=social_sharing\"],\"url\":\"https:\\\/\\\/radioleinewelle.de\\\/index.php\\\/author\\\/leinewelle\\\/\"}]}<\/script>\n<!-- \/ Yoast SEO plugin. -->","yoast_head_json":{"title":"Wallsanierung in G\u00f6ttingen zur Jahreswende weitgehend fertig - Radio Leinewelle","robots":{"index":"index","follow":"follow","max-snippet":"max-snippet:-1","max-image-preview":"max-image-preview:large","max-video-preview":"max-video-preview:-1"},"canonical":"https:\/\/radioleinewelle.de\/index.php\/2020\/12\/03\/wallsanierung-in-goettingen-zur-jahreswende-weitgehend-fertig\/","og_locale":"de_DE","og_type":"article","og_title":"Wallsanierung in G\u00f6ttingen zur Jahreswende weitgehend fertig - Radio Leinewelle","og_description":"Die Sanierung des G\u00f6ttinger Walls wird zur Jahreswende 2020\/2021 weitgehend abgeschlossen. Im Zuge der Arbeiten werden von Freitag, 4., bis Montag, 7. Dezember 2020, die Abschnitte im Bereich Bismarckwall und Albaniwall gesperrt. Der Weg in diesen Wallabschnitten erh\u00e4lt eine neue Oberfl\u00e4che, also vom Bismarckh\u00e4uschen bis zur Nicolaistra\u00dfe und vom Aufgang Am Geismartor bis zum Albaniplatz. [&hellip;]","og_url":"https:\/\/radioleinewelle.de\/index.php\/2020\/12\/03\/wallsanierung-in-goettingen-zur-jahreswende-weitgehend-fertig\/","og_site_name":"Radio Leinewelle","article_publisher":"https:\/\/www.facebook.com\/radioleinewelle","article_author":"https:\/\/www.facebook.com\/radioleinewelle","article_published_time":"2020-12-03T07:54:04+00:00","og_image":[{"width":960,"height":720,"url":"https:\/\/radioleinewelle.de\/wp-content\/uploads\/2020\/12\/960px-Goettingen-Bismarckhaeuschen.03.jpg","type":"image\/jpeg"}],"author":"Leinewelle","twitter_card":"summary_large_image","twitter_creator":"@https:\/\/twitter.com\/RLeinewelle?ref_src=twsrcgoogletwcampserptwgrauthor","twitter_site":"@RLeinewelle","twitter_misc":{"Verfasst von":"Leinewelle","Gesch\u00e4tzte Lesezeit":"1\u00a0Minute"},"schema":{"@context":"https:\/\/schema.org","@graph":[{"@type":"Article","@id":"https:\/\/radioleinewelle.de\/index.php\/2020\/12\/03\/wallsanierung-in-goettingen-zur-jahreswende-weitgehend-fertig\/#article","isPartOf":{"@id":"https:\/\/radioleinewelle.de\/index.php\/2020\/12\/03\/wallsanierung-in-goettingen-zur-jahreswende-weitgehend-fertig\/"},"author":{"name":"Leinewelle","@id":"https:\/\/radioleinewelle.de\/#\/schema\/person\/45606f348637df637192dc1b68399a63"},"headline":"Wallsanierung in G\u00f6ttingen zur Jahreswende weitgehend fertig","datePublished":"2020-12-03T07:54:04+00:00","mainEntityOfPage":{"@id":"https:\/\/radioleinewelle.de\/index.php\/2020\/12\/03\/wallsanierung-in-goettingen-zur-jahreswende-weitgehend-fertig\/"},"wordCount":198,"publisher":{"@id":"https:\/\/radioleinewelle.de\/#organization"},"image":{"@id":"https:\/\/radioleinewelle.de\/index.php\/2020\/12\/03\/wallsanierung-in-goettingen-zur-jahreswende-weitgehend-fertig\/#primaryimage"},"thumbnailUrl":"https:\/\/radioleinewelle.de\/wp-content\/uploads\/2020\/12\/960px-Goettingen-Bismarckhaeuschen.03.jpg","articleSection":["Bauen &amp; Verkehr"],"inLanguage":"de"},{"@type":"WebPage","@id":"https:\/\/radioleinewelle.de\/index.php\/2020\/12\/03\/wallsanierung-in-goettingen-zur-jahreswende-weitgehend-fertig\/","url":"https:\/\/radioleinewelle.de\/index.php\/2020\/12\/03\/wallsanierung-in-goettingen-zur-jahreswende-weitgehend-fertig\/","name":"Wallsanierung in G\u00f6ttingen zur Jahreswende weitgehend fertig - Radio Leinewelle","isPartOf":{"@id":"https:\/\/radioleinewelle.de\/#website"},"primaryImageOfPage":{"@id":"https:\/\/radioleinewelle.de\/index.php\/2020\/12\/03\/wallsanierung-in-goettingen-zur-jahreswende-weitgehend-fertig\/#primaryimage"},"image":{"@id":"https:\/\/radioleinewelle.de\/index.php\/2020\/12\/03\/wallsanierung-in-goettingen-zur-jahreswende-weitgehend-fertig\/#primaryimage"},"thumbnailUrl":"https:\/\/radioleinewelle.de\/wp-content\/uploads\/2020\/12\/960px-Goettingen-Bismarckhaeuschen.03.jpg","datePublished":"2020-12-03T07:54:04+00:00","breadcrumb":{"@id":"https:\/\/radioleinewelle.de\/index.php\/2020\/12\/03\/wallsanierung-in-goettingen-zur-jahreswende-weitgehend-fertig\/#breadcrumb"},"inLanguage":"de","potentialAction":[{"@type":"ReadAction","target":["https:\/\/radioleinewelle.de\/index.php\/2020\/12\/03\/wallsanierung-in-goettingen-zur-jahreswende-weitgehend-fertig\/"]}]},{"@type":"ImageObject","inLanguage":"de","@id":"https:\/\/radioleinewelle.de\/index.php\/2020\/12\/03\/wallsanierung-in-goettingen-zur-jahreswende-weitgehend-fertig\/#primaryimage","url":"https:\/\/radioleinewelle.de\/wp-content\/uploads\/2020\/12\/960px-Goettingen-Bismarckhaeuschen.03.jpg","contentUrl":"https:\/\/radioleinewelle.de\/wp-content\/uploads\/2020\/12\/960px-Goettingen-Bismarckhaeuschen.03.jpg","width":960,"height":720},{"@type":"BreadcrumbList","@id":"https:\/\/radioleinewelle.de\/index.php\/2020\/12\/03\/wallsanierung-in-goettingen-zur-jahreswende-weitgehend-fertig\/#breadcrumb","itemListElement":[{"@type":"ListItem","position":1,"name":"Startseite","item":"https:\/\/radioleinewelle.de\/"},{"@type":"ListItem","position":2,"name":"Wallsanierung in G\u00f6ttingen zur Jahreswende weitgehend fertig"}]},{"@type":"WebSite","@id":"https:\/\/radioleinewelle.de\/#website","url":"https:\/\/radioleinewelle.de\/","name":"Radio Leinewelle","description":"","publisher":{"@id":"https:\/\/radioleinewelle.de\/#organization"},"potentialAction":[{"@type":"SearchAction","target":{"@type":"EntryPoint","urlTemplate":"https:\/\/radioleinewelle.de\/?s={search_term_string}"},"query-input":{"@type":"PropertyValueSpecification","valueRequired":true,"valueName":"search_term_string"}}],"inLanguage":"de"},{"@type":"Organization","@id":"https:\/\/radioleinewelle.de\/#organization","name":"Radio Leinewelle","alternateName":"Mein Radio f\u00fcr S\u00fcdniedersachsen","url":"https:\/\/radioleinewelle.de\/","logo":{"@type":"ImageObject","inLanguage":"de","@id":"https:\/\/radioleinewelle.de\/#\/schema\/logo\/image\/","url":"https:\/\/radioleinewelle.de\/wp-content\/uploads\/2023\/11\/cropped-Leinewelle_Logo_weiss.png","contentUrl":"https:\/\/radioleinewelle.de\/wp-content\/uploads\/2023\/11\/cropped-Leinewelle_Logo_weiss.png","width":854,"height":260,"caption":"Radio Leinewelle"},"image":{"@id":"https:\/\/radioleinewelle.de\/#\/schema\/logo\/image\/"},"sameAs":["https:\/\/www.facebook.com\/radioleinewelle","https:\/\/x.com\/RLeinewelle","https:\/\/www.instagram.com\/radioleinewelle\/?hl=de"]},{"@type":"Person","@id":"https:\/\/radioleinewelle.de\/#\/schema\/person\/45606f348637df637192dc1b68399a63","name":"Leinewelle","image":{"@type":"ImageObject","inLanguage":"de","@id":"https:\/\/secure.gravatar.com\/avatar\/05c9a17bc973052ee5d91549bd32fb4dd0dc85b7b85ae94b2e2b4943476bbea5?s=96&d=blank&r=g","url":"https:\/\/secure.gravatar.com\/avatar\/05c9a17bc973052ee5d91549bd32fb4dd0dc85b7b85ae94b2e2b4943476bbea5?s=96&d=blank&r=g","contentUrl":"https:\/\/secure.gravatar.com\/avatar\/05c9a17bc973052ee5d91549bd32fb4dd0dc85b7b85ae94b2e2b4943476bbea5?s=96&d=blank&r=g","caption":"Leinewelle"},"sameAs":["http:\/\/localhost\/radio%20leinewelle\/wordpress","https:\/\/www.facebook.com\/radioleinewelle","https:\/\/www.instagram.com\/radioleinewelle","https:\/\/x.com\/https:\/\/twitter.com\/RLeinewelle?ref_src=twsrcgoogletwcampserptwgrauthor","https:\/\/soundcloud.com\/foerderverein-lokalradio?utm_source=clipboard&utm_medium=text&utm_campaign=social_sharing"],"url":"https:\/\/radioleinewelle.de\/index.php\/author\/leinewelle\/"}]}},"_links":{"self":[{"href":"https:\/\/radioleinewelle.de\/index.php\/wp-json\/wp\/v2\/posts\/3195","targetHints":{"allow":["GET"]}}],"collection":[{"href":"https:\/\/radioleinewelle.de\/index.php\/wp-json\/wp\/v2\/posts"}],"about":[{"href":"https:\/\/radioleinewelle.de\/index.php\/wp-json\/wp\/v2\/types\/post"}],"author":[{"embeddable":true,"href":"https:\/\/radioleinewelle.de\/index.php\/wp-json\/wp\/v2\/users\/1"}],"replies":[{"embeddable":true,"href":"https:\/\/radioleinewelle.de\/index.php\/wp-json\/wp\/v2\/comments?post=3195"}],"version-history":[{"count":0,"href":"https:\/\/radioleinewelle.de\/index.php\/wp-json\/wp\/v2\/posts\/3195\/revisions"}],"wp:featuredmedia":[{"embeddable":true,"href":"https:\/\/radioleinewelle.de\/index.php\/wp-json\/wp\/v2\/media\/3197"}],"wp:attachment":[{"href":"https:\/\/radioleinewelle.de\/index.php\/wp-json\/wp\/v2\/media?parent=3195"}],"wp:term":[{"taxonomy":"category","embeddable":true,"href":"https:\/\/radioleinewelle.de\/index.php\/wp-json\/wp\/v2\/categories?post=3195"},{"taxonomy":"post_tag","embeddable":true,"href":"https:\/\/radioleinewelle.de\/index.php\/wp-json\/wp\/v2\/tags?post=3195"}],"curies":[{"name":"wp","href":"https:\/\/api.w.org\/{rel}","templated":true}]}}