{"id":3200,"date":"2020-11-27T22:38:24","date_gmt":"2020-11-27T21:38:24","guid":{"rendered":"https:\/\/radioleinewelle.de\/?p=3200"},"modified":"2020-11-27T22:38:24","modified_gmt":"2020-11-27T21:38:24","slug":"kreuzberg-on-kultour-e-v-erhaelt-niedersachsenpreis-fuer-buergerengagement","status":"publish","type":"post","link":"https:\/\/radioleinewelle.de\/index.php\/2020\/11\/27\/kreuzberg-on-kultour-e-v-erhaelt-niedersachsenpreis-fuer-buergerengagement\/","title":{"rendered":"Kreuzberg on KulTour e.V. erh\u00e4lt Niedersachsenpreis f\u00fcr B\u00fcrgerengagement"},"content":{"rendered":"<p>Der Verein Kreuzberg on KulTour e.V. wurde mit dem diesj\u00e4hrigen Nieders\u00e4chsischen Preis f\u00fcr B\u00fcrgerengagement &#8222;unbezahlbar und freiwillig&#8220; ausgezeichnet.\u00a0Aus 360 Bewerbungen ging der G\u00f6ttinger Kulturf\u00f6rderverein als einer von 13 Preistr\u00e4gern hervor. Die Preisverleihung findet in diesem Jahr coronabedingt online statt. Morgen, am Samstag dem 28.11., wird sie ab 11 Uhr live \u00fcbertragen. Kreuzberg on KulTour e.V. wird mit seinem Beitrag um ca 12 Uhr an der Reihe sein.<br \/>\nHier geht es direkt zum Live-Stream: <a class=\"moz-txt-link-freetext\" href=\"https:\/\/unbezahlbarundfreiwillig.de\/preisverleihung\/\">https:\/\/unbezahlbarundfreiwillig.de\/preisverleihung\/<\/a><br \/>\nDie Beitr\u00e4ge der Preistr\u00e4ger sind im Nachgang ebenfalls auf der Homepage zu finden.<\/p>\n<p>Foto: Die Vorsitzenden Dana Rotter (2. Vorsitzende) und Klaus Wi\u00dfmann (1. Vorsitzender)<\/p>\n","protected":false},"excerpt":{"rendered":"<p>Der Verein Kreuzberg on KulTour e.V. wurde mit dem diesj\u00e4hrigen Nieders\u00e4chsischen Preis f\u00fcr B\u00fcrgerengagement &#8222;unbezahlbar und freiwillig&#8220; ausgezeichnet.\u00a0Aus 360 Bewerbungen ging der G\u00f6ttinger Kulturf\u00f6rderverein als einer von 13 Preistr\u00e4gern hervor. Die Preisverleihung findet in diesem Jahr coronabedingt online statt. Morgen, am Samstag dem 28.11., wird sie ab 11 Uhr live \u00fcbertragen. Kreuzberg on KulTour e.V. [&hellip;]<\/p>\n","protected":false},"author":1,"featured_media":0,"comment_status":"closed","ping_status":"closed","sticky":false,"template":"","format":"standard","meta":{"saved_in_kubio":false,"footnotes":""},"categories":[45],"tags":[],"class_list":["post-3200","post","type-post","status-publish","format-standard","hentry","category-kultur"],"yoast_head":"<!-- This site is optimized with the Yoast SEO plugin v27.5 - https:\/\/yoast.com\/product\/yoast-seo-wordpress\/ -->\n<title>Kreuzberg on KulTour e.V. erh\u00e4lt Niedersachsenpreis f\u00fcr B\u00fcrgerengagement - Radio Leinewelle<\/title>\n<meta name=\"robots\" content=\"index, follow, max-snippet:-1, max-image-preview:large, max-video-preview:-1\" \/>\n<link rel=\"canonical\" href=\"https:\/\/radioleinewelle.de\/index.php\/2020\/11\/27\/kreuzberg-on-kultour-e-v-erhaelt-niedersachsenpreis-fuer-buergerengagement\/\" \/>\n<meta property=\"og:locale\" content=\"de_DE\" \/>\n<meta property=\"og:type\" content=\"article\" \/>\n<meta property=\"og:title\" content=\"Kreuzberg on KulTour e.V. erh\u00e4lt Niedersachsenpreis f\u00fcr B\u00fcrgerengagement - Radio Leinewelle\" \/>\n<meta property=\"og:description\" content=\"Der Verein Kreuzberg on KulTour e.V. wurde mit dem diesj\u00e4hrigen Nieders\u00e4chsischen Preis f\u00fcr B\u00fcrgerengagement &#8222;unbezahlbar und freiwillig&#8220; ausgezeichnet.\u00a0Aus 360 Bewerbungen ging der G\u00f6ttinger Kulturf\u00f6rderverein als einer von 13 Preistr\u00e4gern hervor. Die Preisverleihung findet in diesem Jahr coronabedingt online statt. Morgen, am Samstag dem 28.11., wird sie ab 11 Uhr live \u00fcbertragen. Kreuzberg on KulTour e.V. [&hellip;]\" \/>\n<meta property=\"og:url\" content=\"https:\/\/radioleinewelle.de\/index.php\/2020\/11\/27\/kreuzberg-on-kultour-e-v-erhaelt-niedersachsenpreis-fuer-buergerengagement\/\" \/>\n<meta property=\"og:site_name\" content=\"Radio Leinewelle\" \/>\n<meta property=\"article:publisher\" content=\"https:\/\/www.facebook.com\/radioleinewelle\" \/>\n<meta property=\"article:author\" content=\"https:\/\/www.facebook.com\/radioleinewelle\" \/>\n<meta property=\"article:published_time\" content=\"2020-11-27T21:38:24+00:00\" \/>\n<meta name=\"author\" content=\"Leinewelle\" \/>\n<meta name=\"twitter:card\" content=\"summary_large_image\" \/>\n<meta name=\"twitter:creator\" content=\"@https:\/\/twitter.com\/RLeinewelle?ref_src=twsrcgoogletwcampserptwgrauthor\" \/>\n<meta name=\"twitter:site\" content=\"@RLeinewelle\" \/>\n<meta name=\"twitter:label1\" content=\"Verfasst von\" \/>\n\t<meta name=\"twitter:data1\" content=\"Leinewelle\" \/>\n\t<meta name=\"twitter:label2\" content=\"Gesch\u00e4tzte Lesezeit\" \/>\n\t<meta name=\"twitter:data2\" content=\"1\u00a0Minute\" \/>\n<script type=\"application\/ld+json\" class=\"yoast-schema-graph\">{\"@context\":\"https:\\\/\\\/schema.org\",\"@graph\":[{\"@type\":\"Article\",\"@id\":\"https:\\\/\\\/radioleinewelle.de\\\/index.php\\\/2020\\\/11\\\/27\\\/kreuzberg-on-kultour-e-v-erhaelt-niedersachsenpreis-fuer-buergerengagement\\\/#article\",\"isPartOf\":{\"@id\":\"https:\\\/\\\/radioleinewelle.de\\\/index.php\\\/2020\\\/11\\\/27\\\/kreuzberg-on-kultour-e-v-erhaelt-niedersachsenpreis-fuer-buergerengagement\\\/\"},\"author\":{\"name\":\"Leinewelle\",\"@id\":\"https:\\\/\\\/radioleinewelle.de\\\/#\\\/schema\\\/person\\\/45606f348637df637192dc1b68399a63\"},\"headline\":\"Kreuzberg on KulTour e.V. erh\u00e4lt Niedersachsenpreis f\u00fcr B\u00fcrgerengagement\",\"datePublished\":\"2020-11-27T21:38:24+00:00\",\"mainEntityOfPage\":{\"@id\":\"https:\\\/\\\/radioleinewelle.de\\\/index.php\\\/2020\\\/11\\\/27\\\/kreuzberg-on-kultour-e-v-erhaelt-niedersachsenpreis-fuer-buergerengagement\\\/\"},\"wordCount\":120,\"publisher\":{\"@id\":\"https:\\\/\\\/radioleinewelle.de\\\/#organization\"},\"articleSection\":[\"Kultur\"],\"inLanguage\":\"de\"},{\"@type\":\"WebPage\",\"@id\":\"https:\\\/\\\/radioleinewelle.de\\\/index.php\\\/2020\\\/11\\\/27\\\/kreuzberg-on-kultour-e-v-erhaelt-niedersachsenpreis-fuer-buergerengagement\\\/\",\"url\":\"https:\\\/\\\/radioleinewelle.de\\\/index.php\\\/2020\\\/11\\\/27\\\/kreuzberg-on-kultour-e-v-erhaelt-niedersachsenpreis-fuer-buergerengagement\\\/\",\"name\":\"Kreuzberg on KulTour e.V. erh\u00e4lt Niedersachsenpreis f\u00fcr B\u00fcrgerengagement - Radio Leinewelle\",\"isPartOf\":{\"@id\":\"https:\\\/\\\/radioleinewelle.de\\\/#website\"},\"datePublished\":\"2020-11-27T21:38:24+00:00\",\"breadcrumb\":{\"@id\":\"https:\\\/\\\/radioleinewelle.de\\\/index.php\\\/2020\\\/11\\\/27\\\/kreuzberg-on-kultour-e-v-erhaelt-niedersachsenpreis-fuer-buergerengagement\\\/#breadcrumb\"},\"inLanguage\":\"de\",\"potentialAction\":[{\"@type\":\"ReadAction\",\"target\":[\"https:\\\/\\\/radioleinewelle.de\\\/index.php\\\/2020\\\/11\\\/27\\\/kreuzberg-on-kultour-e-v-erhaelt-niedersachsenpreis-fuer-buergerengagement\\\/\"]}]},{\"@type\":\"BreadcrumbList\",\"@id\":\"https:\\\/\\\/radioleinewelle.de\\\/index.php\\\/2020\\\/11\\\/27\\\/kreuzberg-on-kultour-e-v-erhaelt-niedersachsenpreis-fuer-buergerengagement\\\/#breadcrumb\",\"itemListElement\":[{\"@type\":\"ListItem\",\"position\":1,\"name\":\"Startseite\",\"item\":\"https:\\\/\\\/radioleinewelle.de\\\/\"},{\"@type\":\"ListItem\",\"position\":2,\"name\":\"Kreuzberg on KulTour e.V. erh\u00e4lt Niedersachsenpreis f\u00fcr B\u00fcrgerengagement\"}]},{\"@type\":\"WebSite\",\"@id\":\"https:\\\/\\\/radioleinewelle.de\\\/#website\",\"url\":\"https:\\\/\\\/radioleinewelle.de\\\/\",\"name\":\"Radio Leinewelle\",\"description\":\"\",\"publisher\":{\"@id\":\"https:\\\/\\\/radioleinewelle.de\\\/#organization\"},\"potentialAction\":[{\"@type\":\"SearchAction\",\"target\":{\"@type\":\"EntryPoint\",\"urlTemplate\":\"https:\\\/\\\/radioleinewelle.de\\\/?s={search_term_string}\"},\"query-input\":{\"@type\":\"PropertyValueSpecification\",\"valueRequired\":true,\"valueName\":\"search_term_string\"}}],\"inLanguage\":\"de\"},{\"@type\":\"Organization\",\"@id\":\"https:\\\/\\\/radioleinewelle.de\\\/#organization\",\"name\":\"Radio Leinewelle\",\"alternateName\":\"Mein Radio f\u00fcr S\u00fcdniedersachsen\",\"url\":\"https:\\\/\\\/radioleinewelle.de\\\/\",\"logo\":{\"@type\":\"ImageObject\",\"inLanguage\":\"de\",\"@id\":\"https:\\\/\\\/radioleinewelle.de\\\/#\\\/schema\\\/logo\\\/image\\\/\",\"url\":\"https:\\\/\\\/radioleinewelle.de\\\/wp-content\\\/uploads\\\/2023\\\/11\\\/cropped-Leinewelle_Logo_weiss.png\",\"contentUrl\":\"https:\\\/\\\/radioleinewelle.de\\\/wp-content\\\/uploads\\\/2023\\\/11\\\/cropped-Leinewelle_Logo_weiss.png\",\"width\":854,\"height\":260,\"caption\":\"Radio Leinewelle\"},\"image\":{\"@id\":\"https:\\\/\\\/radioleinewelle.de\\\/#\\\/schema\\\/logo\\\/image\\\/\"},\"sameAs\":[\"https:\\\/\\\/www.facebook.com\\\/radioleinewelle\",\"https:\\\/\\\/x.com\\\/RLeinewelle\",\"https:\\\/\\\/www.instagram.com\\\/radioleinewelle\\\/?hl=de\"]},{\"@type\":\"Person\",\"@id\":\"https:\\\/\\\/radioleinewelle.de\\\/#\\\/schema\\\/person\\\/45606f348637df637192dc1b68399a63\",\"name\":\"Leinewelle\",\"image\":{\"@type\":\"ImageObject\",\"inLanguage\":\"de\",\"@id\":\"https:\\\/\\\/secure.gravatar.com\\\/avatar\\\/05c9a17bc973052ee5d91549bd32fb4dd0dc85b7b85ae94b2e2b4943476bbea5?s=96&d=blank&r=g\",\"url\":\"https:\\\/\\\/secure.gravatar.com\\\/avatar\\\/05c9a17bc973052ee5d91549bd32fb4dd0dc85b7b85ae94b2e2b4943476bbea5?s=96&d=blank&r=g\",\"contentUrl\":\"https:\\\/\\\/secure.gravatar.com\\\/avatar\\\/05c9a17bc973052ee5d91549bd32fb4dd0dc85b7b85ae94b2e2b4943476bbea5?s=96&d=blank&r=g\",\"caption\":\"Leinewelle\"},\"sameAs\":[\"http:\\\/\\\/localhost\\\/radio%20leinewelle\\\/wordpress\",\"https:\\\/\\\/www.facebook.com\\\/radioleinewelle\",\"https:\\\/\\\/www.instagram.com\\\/radioleinewelle\",\"https:\\\/\\\/x.com\\\/https:\\\/\\\/twitter.com\\\/RLeinewelle?ref_src=twsrcgoogletwcampserptwgrauthor\",\"https:\\\/\\\/soundcloud.com\\\/foerderverein-lokalradio?utm_source=clipboard&utm_medium=text&utm_campaign=social_sharing\"],\"url\":\"https:\\\/\\\/radioleinewelle.de\\\/index.php\\\/author\\\/leinewelle\\\/\"}]}<\/script>\n<!-- \/ Yoast SEO plugin. -->","yoast_head_json":{"title":"Kreuzberg on KulTour e.V. erh\u00e4lt Niedersachsenpreis f\u00fcr B\u00fcrgerengagement - Radio Leinewelle","robots":{"index":"index","follow":"follow","max-snippet":"max-snippet:-1","max-image-preview":"max-image-preview:large","max-video-preview":"max-video-preview:-1"},"canonical":"https:\/\/radioleinewelle.de\/index.php\/2020\/11\/27\/kreuzberg-on-kultour-e-v-erhaelt-niedersachsenpreis-fuer-buergerengagement\/","og_locale":"de_DE","og_type":"article","og_title":"Kreuzberg on KulTour e.V. erh\u00e4lt Niedersachsenpreis f\u00fcr B\u00fcrgerengagement - Radio Leinewelle","og_description":"Der Verein Kreuzberg on KulTour e.V. wurde mit dem diesj\u00e4hrigen Nieders\u00e4chsischen Preis f\u00fcr B\u00fcrgerengagement &#8222;unbezahlbar und freiwillig&#8220; ausgezeichnet.\u00a0Aus 360 Bewerbungen ging der G\u00f6ttinger Kulturf\u00f6rderverein als einer von 13 Preistr\u00e4gern hervor. Die Preisverleihung findet in diesem Jahr coronabedingt online statt. Morgen, am Samstag dem 28.11., wird sie ab 11 Uhr live \u00fcbertragen. Kreuzberg on KulTour e.V. [&hellip;]","og_url":"https:\/\/radioleinewelle.de\/index.php\/2020\/11\/27\/kreuzberg-on-kultour-e-v-erhaelt-niedersachsenpreis-fuer-buergerengagement\/","og_site_name":"Radio Leinewelle","article_publisher":"https:\/\/www.facebook.com\/radioleinewelle","article_author":"https:\/\/www.facebook.com\/radioleinewelle","article_published_time":"2020-11-27T21:38:24+00:00","author":"Leinewelle","twitter_card":"summary_large_image","twitter_creator":"@https:\/\/twitter.com\/RLeinewelle?ref_src=twsrcgoogletwcampserptwgrauthor","twitter_site":"@RLeinewelle","twitter_misc":{"Verfasst von":"Leinewelle","Gesch\u00e4tzte Lesezeit":"1\u00a0Minute"},"schema":{"@context":"https:\/\/schema.org","@graph":[{"@type":"Article","@id":"https:\/\/radioleinewelle.de\/index.php\/2020\/11\/27\/kreuzberg-on-kultour-e-v-erhaelt-niedersachsenpreis-fuer-buergerengagement\/#article","isPartOf":{"@id":"https:\/\/radioleinewelle.de\/index.php\/2020\/11\/27\/kreuzberg-on-kultour-e-v-erhaelt-niedersachsenpreis-fuer-buergerengagement\/"},"author":{"name":"Leinewelle","@id":"https:\/\/radioleinewelle.de\/#\/schema\/person\/45606f348637df637192dc1b68399a63"},"headline":"Kreuzberg on KulTour e.V. erh\u00e4lt Niedersachsenpreis f\u00fcr B\u00fcrgerengagement","datePublished":"2020-11-27T21:38:24+00:00","mainEntityOfPage":{"@id":"https:\/\/radioleinewelle.de\/index.php\/2020\/11\/27\/kreuzberg-on-kultour-e-v-erhaelt-niedersachsenpreis-fuer-buergerengagement\/"},"wordCount":120,"publisher":{"@id":"https:\/\/radioleinewelle.de\/#organization"},"articleSection":["Kultur"],"inLanguage":"de"},{"@type":"WebPage","@id":"https:\/\/radioleinewelle.de\/index.php\/2020\/11\/27\/kreuzberg-on-kultour-e-v-erhaelt-niedersachsenpreis-fuer-buergerengagement\/","url":"https:\/\/radioleinewelle.de\/index.php\/2020\/11\/27\/kreuzberg-on-kultour-e-v-erhaelt-niedersachsenpreis-fuer-buergerengagement\/","name":"Kreuzberg on KulTour e.V. erh\u00e4lt Niedersachsenpreis f\u00fcr B\u00fcrgerengagement - Radio Leinewelle","isPartOf":{"@id":"https:\/\/radioleinewelle.de\/#website"},"datePublished":"2020-11-27T21:38:24+00:00","breadcrumb":{"@id":"https:\/\/radioleinewelle.de\/index.php\/2020\/11\/27\/kreuzberg-on-kultour-e-v-erhaelt-niedersachsenpreis-fuer-buergerengagement\/#breadcrumb"},"inLanguage":"de","potentialAction":[{"@type":"ReadAction","target":["https:\/\/radioleinewelle.de\/index.php\/2020\/11\/27\/kreuzberg-on-kultour-e-v-erhaelt-niedersachsenpreis-fuer-buergerengagement\/"]}]},{"@type":"BreadcrumbList","@id":"https:\/\/radioleinewelle.de\/index.php\/2020\/11\/27\/kreuzberg-on-kultour-e-v-erhaelt-niedersachsenpreis-fuer-buergerengagement\/#breadcrumb","itemListElement":[{"@type":"ListItem","position":1,"name":"Startseite","item":"https:\/\/radioleinewelle.de\/"},{"@type":"ListItem","position":2,"name":"Kreuzberg on KulTour e.V. erh\u00e4lt Niedersachsenpreis f\u00fcr B\u00fcrgerengagement"}]},{"@type":"WebSite","@id":"https:\/\/radioleinewelle.de\/#website","url":"https:\/\/radioleinewelle.de\/","name":"Radio Leinewelle","description":"","publisher":{"@id":"https:\/\/radioleinewelle.de\/#organization"},"potentialAction":[{"@type":"SearchAction","target":{"@type":"EntryPoint","urlTemplate":"https:\/\/radioleinewelle.de\/?s={search_term_string}"},"query-input":{"@type":"PropertyValueSpecification","valueRequired":true,"valueName":"search_term_string"}}],"inLanguage":"de"},{"@type":"Organization","@id":"https:\/\/radioleinewelle.de\/#organization","name":"Radio Leinewelle","alternateName":"Mein Radio f\u00fcr S\u00fcdniedersachsen","url":"https:\/\/radioleinewelle.de\/","logo":{"@type":"ImageObject","inLanguage":"de","@id":"https:\/\/radioleinewelle.de\/#\/schema\/logo\/image\/","url":"https:\/\/radioleinewelle.de\/wp-content\/uploads\/2023\/11\/cropped-Leinewelle_Logo_weiss.png","contentUrl":"https:\/\/radioleinewelle.de\/wp-content\/uploads\/2023\/11\/cropped-Leinewelle_Logo_weiss.png","width":854,"height":260,"caption":"Radio Leinewelle"},"image":{"@id":"https:\/\/radioleinewelle.de\/#\/schema\/logo\/image\/"},"sameAs":["https:\/\/www.facebook.com\/radioleinewelle","https:\/\/x.com\/RLeinewelle","https:\/\/www.instagram.com\/radioleinewelle\/?hl=de"]},{"@type":"Person","@id":"https:\/\/radioleinewelle.de\/#\/schema\/person\/45606f348637df637192dc1b68399a63","name":"Leinewelle","image":{"@type":"ImageObject","inLanguage":"de","@id":"https:\/\/secure.gravatar.com\/avatar\/05c9a17bc973052ee5d91549bd32fb4dd0dc85b7b85ae94b2e2b4943476bbea5?s=96&d=blank&r=g","url":"https:\/\/secure.gravatar.com\/avatar\/05c9a17bc973052ee5d91549bd32fb4dd0dc85b7b85ae94b2e2b4943476bbea5?s=96&d=blank&r=g","contentUrl":"https:\/\/secure.gravatar.com\/avatar\/05c9a17bc973052ee5d91549bd32fb4dd0dc85b7b85ae94b2e2b4943476bbea5?s=96&d=blank&r=g","caption":"Leinewelle"},"sameAs":["http:\/\/localhost\/radio%20leinewelle\/wordpress","https:\/\/www.facebook.com\/radioleinewelle","https:\/\/www.instagram.com\/radioleinewelle","https:\/\/x.com\/https:\/\/twitter.com\/RLeinewelle?ref_src=twsrcgoogletwcampserptwgrauthor","https:\/\/soundcloud.com\/foerderverein-lokalradio?utm_source=clipboard&utm_medium=text&utm_campaign=social_sharing"],"url":"https:\/\/radioleinewelle.de\/index.php\/author\/leinewelle\/"}]}},"_links":{"self":[{"href":"https:\/\/radioleinewelle.de\/index.php\/wp-json\/wp\/v2\/posts\/3200","targetHints":{"allow":["GET"]}}],"collection":[{"href":"https:\/\/radioleinewelle.de\/index.php\/wp-json\/wp\/v2\/posts"}],"about":[{"href":"https:\/\/radioleinewelle.de\/index.php\/wp-json\/wp\/v2\/types\/post"}],"author":[{"embeddable":true,"href":"https:\/\/radioleinewelle.de\/index.php\/wp-json\/wp\/v2\/users\/1"}],"replies":[{"embeddable":true,"href":"https:\/\/radioleinewelle.de\/index.php\/wp-json\/wp\/v2\/comments?post=3200"}],"version-history":[{"count":0,"href":"https:\/\/radioleinewelle.de\/index.php\/wp-json\/wp\/v2\/posts\/3200\/revisions"}],"wp:attachment":[{"href":"https:\/\/radioleinewelle.de\/index.php\/wp-json\/wp\/v2\/media?parent=3200"}],"wp:term":[{"taxonomy":"category","embeddable":true,"href":"https:\/\/radioleinewelle.de\/index.php\/wp-json\/wp\/v2\/categories?post=3200"},{"taxonomy":"post_tag","embeddable":true,"href":"https:\/\/radioleinewelle.de\/index.php\/wp-json\/wp\/v2\/tags?post=3200"}],"curies":[{"name":"wp","href":"https:\/\/api.w.org\/{rel}","templated":true}]}}