{"id":3212,"date":"2020-11-30T05:10:56","date_gmt":"2020-11-30T04:10:56","guid":{"rendered":"https:\/\/radioleinewelle.de\/?p=3212"},"modified":"2020-11-30T05:10:56","modified_gmt":"2020-11-30T04:10:56","slug":"hilfe-fuer-familien-in-der-corona-zeit-am-giving-tuesday-sammelt-wellcome-spenden-fuer-familien-in-not","status":"publish","type":"post","link":"https:\/\/radioleinewelle.de\/index.php\/2020\/11\/30\/hilfe-fuer-familien-in-der-corona-zeit-am-giving-tuesday-sammelt-wellcome-spenden-fuer-familien-in-not\/","title":{"rendered":"Hilfe f\u00fcr Familien in der Corona-Zeit: Am &#8222;Giving Tuesday&#8220; sammelt wellcome Spenden f\u00fcr Familien in Not!"},"content":{"rendered":"<p class=\"lead-in\">Weltweit wird am Giving Tuesday das Geben gefeiert und an die Menschen gedacht, die in Not sind. Die Mitarbeiterinnen der wellcome gGmbH kennen diese Menschen aus der t\u00e4glichen Arbeit und m\u00f6chten sie bei einem digitalen Spenden-Event am 1.12.2020 um 20.15 in den Mittelpunkt stellen und Geld f\u00fcr weitere Unterst\u00fctzung sammeln. 60 Minuten, die unter die Haut gehen.\u00a0Durch den Abend f\u00fchrt die bekannte Moderatorin und Autorin Nina Ruge.<\/p>\n<div>\n<p>Die Corona-Pandemie hat viele Familien in Deutschland vor gro\u00dfe Herausforderungen gestellt. Da ist die Mutter, die mit ihren Kindern vor dem gewaltt\u00e4tigen Ehemann flieht und nach der R\u00fcckkehr eine leerger\u00e4umte Wohnung vorfindet. Sie steht buchst\u00e4blich vor dem Nichts. Da ist der alleinerziehende Vater, der nicht mehr weiterwei\u00df, weil die Bearbeitung seine Hilfsantr\u00e4ge solange dauert, dass er seine f\u00fcnf Kinder kaum noch satt bekommen kann.<\/p>\n<p>Aber es gibt auch die unspektakul\u00e4re Not, jenseits von Corona, die allt\u00e4glich das gesunde Aufwachsen von Kindern erschwert: 2019 wurden allein f\u00fcr Windeln 26.000 \u20ac aus dem Spendenfonds f\u00fcr Familien in Not ausgesch\u00fcttet.<\/p>\n<p>Es gibt viel zu tun: auch in der Praktischen Hilfe nach der Geburt, wo ehrenamtliche &#8222;wellcome-Engel&#8220; helfen, wenn Eltern ersch\u00f6pft und ohne Netzwerk dastehen. Oder in der Onlineberatung auf ElternLeben.de, wo Eltern 24\/7 Beratung und Hilfe finden, auch dann, wenn alle anderen Anlaufstellen geschlossen sind.<\/p>\n<p><b>Rose Volz-Schmidt<\/b>, Gr\u00fcnderin von wellcome und verantwortlich f\u00fcr die Onlineplattform ElternLeben.de wird ebenso aus ihrer Arbeit berichten wie <b>Kirsten Harnisch-Eckert<\/b>, Gesch\u00e4ftsf\u00fchrerin f\u00fcr die Praktische Hilfe und verantwortlich f\u00fcr den Spendenfonds. Mit dabei: <b>Eva von Geisau<\/b>, wellcome-Teamkoordinatorin in Hamburg-Eidelstedt, <b>Ruth Freude<\/b>, Mitarbeiterin beim Spendenfonds f\u00fcr Familien in Not, <b>Dr. Martina Stotz<\/b>, Psychologin und Expertin in der Onlineberatung auf <a title=\"ElternLeben.de\" href=\"https:\/\/www.elternleben.de\/\" target=\"_blank\" rel=\"noopener\">ElternLeben.de<\/a>.<\/p>\n<p><b>Rose Volz-Schmidt:<\/b> &#8222;Familien brauchen unsere Hilfe. Wir tun etwas daf\u00fcr &#8211; und Sie k\u00f6nnen das auch. Feiern Sie mit uns am Giving Tuesday das soziale Engagement f\u00fcr Familien!&#8220;<\/p>\n<p><b>Hier geht es zum Spenden-Event:<\/b><\/p>\n<p><b>Zoom-Meeting<\/b> (Einlass ab 20 Uhr)<br \/>\n<a title=\"Zoom-Meeting: Giving Tuesday mit Moderatorin und Autorin Nina Ruge\" href=\"https:\/\/zoom.us\/j\/92469179938?pwd=bjZia2pKYU9vR0J5T285Vnc4eTR5UT09\" target=\"_blank\" rel=\"noopener\">https:\/\/zoom.us\/j\/92469179938?pwd=bjZia2pKYU9vR0J5T285Vnc4eTR5UT09<\/a><\/p>\n<p>Meeting-ID: 924 6917 9938 Kenncode: 524198<\/p>\n<p><b>Wer keine Zeit hat, aber dennoch spenden m\u00f6chte kommt hier direkt zur Spendenaktion:<\/b><br \/>\n<a title=\"Spendenaktion Giving Tuesday\" href=\"https:\/\/www.wellcome-online.de\/spenden\/giving-tuesday\/?cfd=n3fgt\">https:\/\/www.wellcome-online.de\/spenden\/giving-tuesday\/?cfd=n3fgt<\/a><\/p>\n<\/div>\n","protected":false},"excerpt":{"rendered":"<p>Weltweit wird am Giving Tuesday das Geben gefeiert und an die Menschen gedacht, die in Not sind. Die Mitarbeiterinnen der wellcome gGmbH kennen diese Menschen aus der t\u00e4glichen Arbeit und m\u00f6chten sie bei einem digitalen Spenden-Event am 1.12.2020 um 20.15 in den Mittelpunkt stellen und Geld f\u00fcr weitere Unterst\u00fctzung sammeln. 60 Minuten, die unter die [&hellip;]<\/p>\n","protected":false},"author":1,"featured_media":3238,"comment_status":"closed","ping_status":"closed","sticky":false,"template":"","format":"standard","meta":{"saved_in_kubio":false,"footnotes":""},"categories":[49],"tags":[],"class_list":["post-3212","post","type-post","status-publish","format-standard","has-post-thumbnail","hentry","category-charity"],"yoast_head":"<!-- This site is optimized with the Yoast SEO plugin v27.5 - https:\/\/yoast.com\/product\/yoast-seo-wordpress\/ -->\n<title>Hilfe f\u00fcr Familien in der Corona-Zeit: Am &quot;Giving Tuesday&quot; sammelt wellcome Spenden f\u00fcr Familien in Not! - Radio Leinewelle<\/title>\n<meta name=\"robots\" content=\"index, follow, max-snippet:-1, max-image-preview:large, max-video-preview:-1\" \/>\n<link rel=\"canonical\" href=\"https:\/\/radioleinewelle.de\/index.php\/2020\/11\/30\/hilfe-fuer-familien-in-der-corona-zeit-am-giving-tuesday-sammelt-wellcome-spenden-fuer-familien-in-not\/\" \/>\n<meta property=\"og:locale\" content=\"de_DE\" \/>\n<meta property=\"og:type\" content=\"article\" \/>\n<meta property=\"og:title\" content=\"Hilfe f\u00fcr Familien in der Corona-Zeit: Am &quot;Giving Tuesday&quot; sammelt wellcome Spenden f\u00fcr Familien in Not! - Radio Leinewelle\" \/>\n<meta property=\"og:description\" content=\"Weltweit wird am Giving Tuesday das Geben gefeiert und an die Menschen gedacht, die in Not sind. Die Mitarbeiterinnen der wellcome gGmbH kennen diese Menschen aus der t\u00e4glichen Arbeit und m\u00f6chten sie bei einem digitalen Spenden-Event am 1.12.2020 um 20.15 in den Mittelpunkt stellen und Geld f\u00fcr weitere Unterst\u00fctzung sammeln. 60 Minuten, die unter die [&hellip;]\" \/>\n<meta property=\"og:url\" content=\"https:\/\/radioleinewelle.de\/index.php\/2020\/11\/30\/hilfe-fuer-familien-in-der-corona-zeit-am-giving-tuesday-sammelt-wellcome-spenden-fuer-familien-in-not\/\" \/>\n<meta property=\"og:site_name\" content=\"Radio Leinewelle\" \/>\n<meta property=\"article:publisher\" content=\"https:\/\/www.facebook.com\/radioleinewelle\" \/>\n<meta property=\"article:author\" content=\"https:\/\/www.facebook.com\/radioleinewelle\" \/>\n<meta property=\"article:published_time\" content=\"2020-11-30T04:10:56+00:00\" \/>\n<meta property=\"og:image\" content=\"https:\/\/radioleinewelle.de\/wp-content\/uploads\/2020\/11\/family-3347049_640.jpg\" \/>\n\t<meta property=\"og:image:width\" content=\"640\" \/>\n\t<meta property=\"og:image:height\" content=\"426\" \/>\n\t<meta property=\"og:image:type\" content=\"image\/jpeg\" \/>\n<meta name=\"author\" content=\"Leinewelle\" \/>\n<meta name=\"twitter:card\" content=\"summary_large_image\" \/>\n<meta name=\"twitter:creator\" content=\"@https:\/\/twitter.com\/RLeinewelle?ref_src=twsrcgoogletwcampserptwgrauthor\" \/>\n<meta name=\"twitter:site\" content=\"@RLeinewelle\" \/>\n<meta name=\"twitter:label1\" content=\"Verfasst von\" \/>\n\t<meta name=\"twitter:data1\" content=\"Leinewelle\" \/>\n\t<meta name=\"twitter:label2\" content=\"Gesch\u00e4tzte Lesezeit\" \/>\n\t<meta name=\"twitter:data2\" content=\"2\u00a0Minuten\" \/>\n<script type=\"application\/ld+json\" class=\"yoast-schema-graph\">{\"@context\":\"https:\\\/\\\/schema.org\",\"@graph\":[{\"@type\":\"Article\",\"@id\":\"https:\\\/\\\/radioleinewelle.de\\\/index.php\\\/2020\\\/11\\\/30\\\/hilfe-fuer-familien-in-der-corona-zeit-am-giving-tuesday-sammelt-wellcome-spenden-fuer-familien-in-not\\\/#article\",\"isPartOf\":{\"@id\":\"https:\\\/\\\/radioleinewelle.de\\\/index.php\\\/2020\\\/11\\\/30\\\/hilfe-fuer-familien-in-der-corona-zeit-am-giving-tuesday-sammelt-wellcome-spenden-fuer-familien-in-not\\\/\"},\"author\":{\"name\":\"Leinewelle\",\"@id\":\"https:\\\/\\\/radioleinewelle.de\\\/#\\\/schema\\\/person\\\/45606f348637df637192dc1b68399a63\"},\"headline\":\"Hilfe f\u00fcr Familien in der Corona-Zeit: Am &#8222;Giving Tuesday&#8220; sammelt wellcome Spenden f\u00fcr Familien in Not!\",\"datePublished\":\"2020-11-30T04:10:56+00:00\",\"mainEntityOfPage\":{\"@id\":\"https:\\\/\\\/radioleinewelle.de\\\/index.php\\\/2020\\\/11\\\/30\\\/hilfe-fuer-familien-in-der-corona-zeit-am-giving-tuesday-sammelt-wellcome-spenden-fuer-familien-in-not\\\/\"},\"wordCount\":385,\"publisher\":{\"@id\":\"https:\\\/\\\/radioleinewelle.de\\\/#organization\"},\"image\":{\"@id\":\"https:\\\/\\\/radioleinewelle.de\\\/index.php\\\/2020\\\/11\\\/30\\\/hilfe-fuer-familien-in-der-corona-zeit-am-giving-tuesday-sammelt-wellcome-spenden-fuer-familien-in-not\\\/#primaryimage\"},\"thumbnailUrl\":\"https:\\\/\\\/radioleinewelle.de\\\/wp-content\\\/uploads\\\/2020\\\/11\\\/family-3347049_640.jpg\",\"articleSection\":[\"Charity\"],\"inLanguage\":\"de\"},{\"@type\":\"WebPage\",\"@id\":\"https:\\\/\\\/radioleinewelle.de\\\/index.php\\\/2020\\\/11\\\/30\\\/hilfe-fuer-familien-in-der-corona-zeit-am-giving-tuesday-sammelt-wellcome-spenden-fuer-familien-in-not\\\/\",\"url\":\"https:\\\/\\\/radioleinewelle.de\\\/index.php\\\/2020\\\/11\\\/30\\\/hilfe-fuer-familien-in-der-corona-zeit-am-giving-tuesday-sammelt-wellcome-spenden-fuer-familien-in-not\\\/\",\"name\":\"Hilfe f\u00fcr Familien in der Corona-Zeit: Am \\\"Giving Tuesday\\\" sammelt wellcome Spenden f\u00fcr Familien in Not! - Radio Leinewelle\",\"isPartOf\":{\"@id\":\"https:\\\/\\\/radioleinewelle.de\\\/#website\"},\"primaryImageOfPage\":{\"@id\":\"https:\\\/\\\/radioleinewelle.de\\\/index.php\\\/2020\\\/11\\\/30\\\/hilfe-fuer-familien-in-der-corona-zeit-am-giving-tuesday-sammelt-wellcome-spenden-fuer-familien-in-not\\\/#primaryimage\"},\"image\":{\"@id\":\"https:\\\/\\\/radioleinewelle.de\\\/index.php\\\/2020\\\/11\\\/30\\\/hilfe-fuer-familien-in-der-corona-zeit-am-giving-tuesday-sammelt-wellcome-spenden-fuer-familien-in-not\\\/#primaryimage\"},\"thumbnailUrl\":\"https:\\\/\\\/radioleinewelle.de\\\/wp-content\\\/uploads\\\/2020\\\/11\\\/family-3347049_640.jpg\",\"datePublished\":\"2020-11-30T04:10:56+00:00\",\"breadcrumb\":{\"@id\":\"https:\\\/\\\/radioleinewelle.de\\\/index.php\\\/2020\\\/11\\\/30\\\/hilfe-fuer-familien-in-der-corona-zeit-am-giving-tuesday-sammelt-wellcome-spenden-fuer-familien-in-not\\\/#breadcrumb\"},\"inLanguage\":\"de\",\"potentialAction\":[{\"@type\":\"ReadAction\",\"target\":[\"https:\\\/\\\/radioleinewelle.de\\\/index.php\\\/2020\\\/11\\\/30\\\/hilfe-fuer-familien-in-der-corona-zeit-am-giving-tuesday-sammelt-wellcome-spenden-fuer-familien-in-not\\\/\"]}]},{\"@type\":\"ImageObject\",\"inLanguage\":\"de\",\"@id\":\"https:\\\/\\\/radioleinewelle.de\\\/index.php\\\/2020\\\/11\\\/30\\\/hilfe-fuer-familien-in-der-corona-zeit-am-giving-tuesday-sammelt-wellcome-spenden-fuer-familien-in-not\\\/#primaryimage\",\"url\":\"https:\\\/\\\/radioleinewelle.de\\\/wp-content\\\/uploads\\\/2020\\\/11\\\/family-3347049_640.jpg\",\"contentUrl\":\"https:\\\/\\\/radioleinewelle.de\\\/wp-content\\\/uploads\\\/2020\\\/11\\\/family-3347049_640.jpg\",\"width\":640,\"height\":426},{\"@type\":\"BreadcrumbList\",\"@id\":\"https:\\\/\\\/radioleinewelle.de\\\/index.php\\\/2020\\\/11\\\/30\\\/hilfe-fuer-familien-in-der-corona-zeit-am-giving-tuesday-sammelt-wellcome-spenden-fuer-familien-in-not\\\/#breadcrumb\",\"itemListElement\":[{\"@type\":\"ListItem\",\"position\":1,\"name\":\"Startseite\",\"item\":\"https:\\\/\\\/radioleinewelle.de\\\/\"},{\"@type\":\"ListItem\",\"position\":2,\"name\":\"Hilfe f\u00fcr Familien in der Corona-Zeit: Am &#8222;Giving Tuesday&#8220; sammelt wellcome Spenden f\u00fcr Familien in Not!\"}]},{\"@type\":\"WebSite\",\"@id\":\"https:\\\/\\\/radioleinewelle.de\\\/#website\",\"url\":\"https:\\\/\\\/radioleinewelle.de\\\/\",\"name\":\"Radio Leinewelle\",\"description\":\"\",\"publisher\":{\"@id\":\"https:\\\/\\\/radioleinewelle.de\\\/#organization\"},\"potentialAction\":[{\"@type\":\"SearchAction\",\"target\":{\"@type\":\"EntryPoint\",\"urlTemplate\":\"https:\\\/\\\/radioleinewelle.de\\\/?s={search_term_string}\"},\"query-input\":{\"@type\":\"PropertyValueSpecification\",\"valueRequired\":true,\"valueName\":\"search_term_string\"}}],\"inLanguage\":\"de\"},{\"@type\":\"Organization\",\"@id\":\"https:\\\/\\\/radioleinewelle.de\\\/#organization\",\"name\":\"Radio Leinewelle\",\"alternateName\":\"Mein Radio f\u00fcr S\u00fcdniedersachsen\",\"url\":\"https:\\\/\\\/radioleinewelle.de\\\/\",\"logo\":{\"@type\":\"ImageObject\",\"inLanguage\":\"de\",\"@id\":\"https:\\\/\\\/radioleinewelle.de\\\/#\\\/schema\\\/logo\\\/image\\\/\",\"url\":\"https:\\\/\\\/radioleinewelle.de\\\/wp-content\\\/uploads\\\/2023\\\/11\\\/cropped-Leinewelle_Logo_weiss.png\",\"contentUrl\":\"https:\\\/\\\/radioleinewelle.de\\\/wp-content\\\/uploads\\\/2023\\\/11\\\/cropped-Leinewelle_Logo_weiss.png\",\"width\":854,\"height\":260,\"caption\":\"Radio Leinewelle\"},\"image\":{\"@id\":\"https:\\\/\\\/radioleinewelle.de\\\/#\\\/schema\\\/logo\\\/image\\\/\"},\"sameAs\":[\"https:\\\/\\\/www.facebook.com\\\/radioleinewelle\",\"https:\\\/\\\/x.com\\\/RLeinewelle\",\"https:\\\/\\\/www.instagram.com\\\/radioleinewelle\\\/?hl=de\"]},{\"@type\":\"Person\",\"@id\":\"https:\\\/\\\/radioleinewelle.de\\\/#\\\/schema\\\/person\\\/45606f348637df637192dc1b68399a63\",\"name\":\"Leinewelle\",\"image\":{\"@type\":\"ImageObject\",\"inLanguage\":\"de\",\"@id\":\"https:\\\/\\\/secure.gravatar.com\\\/avatar\\\/05c9a17bc973052ee5d91549bd32fb4dd0dc85b7b85ae94b2e2b4943476bbea5?s=96&d=blank&r=g\",\"url\":\"https:\\\/\\\/secure.gravatar.com\\\/avatar\\\/05c9a17bc973052ee5d91549bd32fb4dd0dc85b7b85ae94b2e2b4943476bbea5?s=96&d=blank&r=g\",\"contentUrl\":\"https:\\\/\\\/secure.gravatar.com\\\/avatar\\\/05c9a17bc973052ee5d91549bd32fb4dd0dc85b7b85ae94b2e2b4943476bbea5?s=96&d=blank&r=g\",\"caption\":\"Leinewelle\"},\"sameAs\":[\"http:\\\/\\\/localhost\\\/radio%20leinewelle\\\/wordpress\",\"https:\\\/\\\/www.facebook.com\\\/radioleinewelle\",\"https:\\\/\\\/www.instagram.com\\\/radioleinewelle\",\"https:\\\/\\\/x.com\\\/https:\\\/\\\/twitter.com\\\/RLeinewelle?ref_src=twsrcgoogletwcampserptwgrauthor\",\"https:\\\/\\\/soundcloud.com\\\/foerderverein-lokalradio?utm_source=clipboard&utm_medium=text&utm_campaign=social_sharing\"],\"url\":\"https:\\\/\\\/radioleinewelle.de\\\/index.php\\\/author\\\/leinewelle\\\/\"}]}<\/script>\n<!-- \/ Yoast SEO plugin. -->","yoast_head_json":{"title":"Hilfe f\u00fcr Familien in der Corona-Zeit: Am \"Giving Tuesday\" sammelt wellcome Spenden f\u00fcr Familien in Not! - Radio Leinewelle","robots":{"index":"index","follow":"follow","max-snippet":"max-snippet:-1","max-image-preview":"max-image-preview:large","max-video-preview":"max-video-preview:-1"},"canonical":"https:\/\/radioleinewelle.de\/index.php\/2020\/11\/30\/hilfe-fuer-familien-in-der-corona-zeit-am-giving-tuesday-sammelt-wellcome-spenden-fuer-familien-in-not\/","og_locale":"de_DE","og_type":"article","og_title":"Hilfe f\u00fcr Familien in der Corona-Zeit: Am \"Giving Tuesday\" sammelt wellcome Spenden f\u00fcr Familien in Not! - Radio Leinewelle","og_description":"Weltweit wird am Giving Tuesday das Geben gefeiert und an die Menschen gedacht, die in Not sind. Die Mitarbeiterinnen der wellcome gGmbH kennen diese Menschen aus der t\u00e4glichen Arbeit und m\u00f6chten sie bei einem digitalen Spenden-Event am 1.12.2020 um 20.15 in den Mittelpunkt stellen und Geld f\u00fcr weitere Unterst\u00fctzung sammeln. 60 Minuten, die unter die [&hellip;]","og_url":"https:\/\/radioleinewelle.de\/index.php\/2020\/11\/30\/hilfe-fuer-familien-in-der-corona-zeit-am-giving-tuesday-sammelt-wellcome-spenden-fuer-familien-in-not\/","og_site_name":"Radio Leinewelle","article_publisher":"https:\/\/www.facebook.com\/radioleinewelle","article_author":"https:\/\/www.facebook.com\/radioleinewelle","article_published_time":"2020-11-30T04:10:56+00:00","og_image":[{"width":640,"height":426,"url":"https:\/\/radioleinewelle.de\/wp-content\/uploads\/2020\/11\/family-3347049_640.jpg","type":"image\/jpeg"}],"author":"Leinewelle","twitter_card":"summary_large_image","twitter_creator":"@https:\/\/twitter.com\/RLeinewelle?ref_src=twsrcgoogletwcampserptwgrauthor","twitter_site":"@RLeinewelle","twitter_misc":{"Verfasst von":"Leinewelle","Gesch\u00e4tzte Lesezeit":"2\u00a0Minuten"},"schema":{"@context":"https:\/\/schema.org","@graph":[{"@type":"Article","@id":"https:\/\/radioleinewelle.de\/index.php\/2020\/11\/30\/hilfe-fuer-familien-in-der-corona-zeit-am-giving-tuesday-sammelt-wellcome-spenden-fuer-familien-in-not\/#article","isPartOf":{"@id":"https:\/\/radioleinewelle.de\/index.php\/2020\/11\/30\/hilfe-fuer-familien-in-der-corona-zeit-am-giving-tuesday-sammelt-wellcome-spenden-fuer-familien-in-not\/"},"author":{"name":"Leinewelle","@id":"https:\/\/radioleinewelle.de\/#\/schema\/person\/45606f348637df637192dc1b68399a63"},"headline":"Hilfe f\u00fcr Familien in der Corona-Zeit: Am &#8222;Giving Tuesday&#8220; sammelt wellcome Spenden f\u00fcr Familien in Not!","datePublished":"2020-11-30T04:10:56+00:00","mainEntityOfPage":{"@id":"https:\/\/radioleinewelle.de\/index.php\/2020\/11\/30\/hilfe-fuer-familien-in-der-corona-zeit-am-giving-tuesday-sammelt-wellcome-spenden-fuer-familien-in-not\/"},"wordCount":385,"publisher":{"@id":"https:\/\/radioleinewelle.de\/#organization"},"image":{"@id":"https:\/\/radioleinewelle.de\/index.php\/2020\/11\/30\/hilfe-fuer-familien-in-der-corona-zeit-am-giving-tuesday-sammelt-wellcome-spenden-fuer-familien-in-not\/#primaryimage"},"thumbnailUrl":"https:\/\/radioleinewelle.de\/wp-content\/uploads\/2020\/11\/family-3347049_640.jpg","articleSection":["Charity"],"inLanguage":"de"},{"@type":"WebPage","@id":"https:\/\/radioleinewelle.de\/index.php\/2020\/11\/30\/hilfe-fuer-familien-in-der-corona-zeit-am-giving-tuesday-sammelt-wellcome-spenden-fuer-familien-in-not\/","url":"https:\/\/radioleinewelle.de\/index.php\/2020\/11\/30\/hilfe-fuer-familien-in-der-corona-zeit-am-giving-tuesday-sammelt-wellcome-spenden-fuer-familien-in-not\/","name":"Hilfe f\u00fcr Familien in der Corona-Zeit: Am \"Giving Tuesday\" sammelt wellcome Spenden f\u00fcr Familien in Not! - Radio Leinewelle","isPartOf":{"@id":"https:\/\/radioleinewelle.de\/#website"},"primaryImageOfPage":{"@id":"https:\/\/radioleinewelle.de\/index.php\/2020\/11\/30\/hilfe-fuer-familien-in-der-corona-zeit-am-giving-tuesday-sammelt-wellcome-spenden-fuer-familien-in-not\/#primaryimage"},"image":{"@id":"https:\/\/radioleinewelle.de\/index.php\/2020\/11\/30\/hilfe-fuer-familien-in-der-corona-zeit-am-giving-tuesday-sammelt-wellcome-spenden-fuer-familien-in-not\/#primaryimage"},"thumbnailUrl":"https:\/\/radioleinewelle.de\/wp-content\/uploads\/2020\/11\/family-3347049_640.jpg","datePublished":"2020-11-30T04:10:56+00:00","breadcrumb":{"@id":"https:\/\/radioleinewelle.de\/index.php\/2020\/11\/30\/hilfe-fuer-familien-in-der-corona-zeit-am-giving-tuesday-sammelt-wellcome-spenden-fuer-familien-in-not\/#breadcrumb"},"inLanguage":"de","potentialAction":[{"@type":"ReadAction","target":["https:\/\/radioleinewelle.de\/index.php\/2020\/11\/30\/hilfe-fuer-familien-in-der-corona-zeit-am-giving-tuesday-sammelt-wellcome-spenden-fuer-familien-in-not\/"]}]},{"@type":"ImageObject","inLanguage":"de","@id":"https:\/\/radioleinewelle.de\/index.php\/2020\/11\/30\/hilfe-fuer-familien-in-der-corona-zeit-am-giving-tuesday-sammelt-wellcome-spenden-fuer-familien-in-not\/#primaryimage","url":"https:\/\/radioleinewelle.de\/wp-content\/uploads\/2020\/11\/family-3347049_640.jpg","contentUrl":"https:\/\/radioleinewelle.de\/wp-content\/uploads\/2020\/11\/family-3347049_640.jpg","width":640,"height":426},{"@type":"BreadcrumbList","@id":"https:\/\/radioleinewelle.de\/index.php\/2020\/11\/30\/hilfe-fuer-familien-in-der-corona-zeit-am-giving-tuesday-sammelt-wellcome-spenden-fuer-familien-in-not\/#breadcrumb","itemListElement":[{"@type":"ListItem","position":1,"name":"Startseite","item":"https:\/\/radioleinewelle.de\/"},{"@type":"ListItem","position":2,"name":"Hilfe f\u00fcr Familien in der Corona-Zeit: Am &#8222;Giving Tuesday&#8220; sammelt wellcome Spenden f\u00fcr Familien in Not!"}]},{"@type":"WebSite","@id":"https:\/\/radioleinewelle.de\/#website","url":"https:\/\/radioleinewelle.de\/","name":"Radio Leinewelle","description":"","publisher":{"@id":"https:\/\/radioleinewelle.de\/#organization"},"potentialAction":[{"@type":"SearchAction","target":{"@type":"EntryPoint","urlTemplate":"https:\/\/radioleinewelle.de\/?s={search_term_string}"},"query-input":{"@type":"PropertyValueSpecification","valueRequired":true,"valueName":"search_term_string"}}],"inLanguage":"de"},{"@type":"Organization","@id":"https:\/\/radioleinewelle.de\/#organization","name":"Radio Leinewelle","alternateName":"Mein Radio f\u00fcr S\u00fcdniedersachsen","url":"https:\/\/radioleinewelle.de\/","logo":{"@type":"ImageObject","inLanguage":"de","@id":"https:\/\/radioleinewelle.de\/#\/schema\/logo\/image\/","url":"https:\/\/radioleinewelle.de\/wp-content\/uploads\/2023\/11\/cropped-Leinewelle_Logo_weiss.png","contentUrl":"https:\/\/radioleinewelle.de\/wp-content\/uploads\/2023\/11\/cropped-Leinewelle_Logo_weiss.png","width":854,"height":260,"caption":"Radio Leinewelle"},"image":{"@id":"https:\/\/radioleinewelle.de\/#\/schema\/logo\/image\/"},"sameAs":["https:\/\/www.facebook.com\/radioleinewelle","https:\/\/x.com\/RLeinewelle","https:\/\/www.instagram.com\/radioleinewelle\/?hl=de"]},{"@type":"Person","@id":"https:\/\/radioleinewelle.de\/#\/schema\/person\/45606f348637df637192dc1b68399a63","name":"Leinewelle","image":{"@type":"ImageObject","inLanguage":"de","@id":"https:\/\/secure.gravatar.com\/avatar\/05c9a17bc973052ee5d91549bd32fb4dd0dc85b7b85ae94b2e2b4943476bbea5?s=96&d=blank&r=g","url":"https:\/\/secure.gravatar.com\/avatar\/05c9a17bc973052ee5d91549bd32fb4dd0dc85b7b85ae94b2e2b4943476bbea5?s=96&d=blank&r=g","contentUrl":"https:\/\/secure.gravatar.com\/avatar\/05c9a17bc973052ee5d91549bd32fb4dd0dc85b7b85ae94b2e2b4943476bbea5?s=96&d=blank&r=g","caption":"Leinewelle"},"sameAs":["http:\/\/localhost\/radio%20leinewelle\/wordpress","https:\/\/www.facebook.com\/radioleinewelle","https:\/\/www.instagram.com\/radioleinewelle","https:\/\/x.com\/https:\/\/twitter.com\/RLeinewelle?ref_src=twsrcgoogletwcampserptwgrauthor","https:\/\/soundcloud.com\/foerderverein-lokalradio?utm_source=clipboard&utm_medium=text&utm_campaign=social_sharing"],"url":"https:\/\/radioleinewelle.de\/index.php\/author\/leinewelle\/"}]}},"_links":{"self":[{"href":"https:\/\/radioleinewelle.de\/index.php\/wp-json\/wp\/v2\/posts\/3212","targetHints":{"allow":["GET"]}}],"collection":[{"href":"https:\/\/radioleinewelle.de\/index.php\/wp-json\/wp\/v2\/posts"}],"about":[{"href":"https:\/\/radioleinewelle.de\/index.php\/wp-json\/wp\/v2\/types\/post"}],"author":[{"embeddable":true,"href":"https:\/\/radioleinewelle.de\/index.php\/wp-json\/wp\/v2\/users\/1"}],"replies":[{"embeddable":true,"href":"https:\/\/radioleinewelle.de\/index.php\/wp-json\/wp\/v2\/comments?post=3212"}],"version-history":[{"count":0,"href":"https:\/\/radioleinewelle.de\/index.php\/wp-json\/wp\/v2\/posts\/3212\/revisions"}],"wp:featuredmedia":[{"embeddable":true,"href":"https:\/\/radioleinewelle.de\/index.php\/wp-json\/wp\/v2\/media\/3238"}],"wp:attachment":[{"href":"https:\/\/radioleinewelle.de\/index.php\/wp-json\/wp\/v2\/media?parent=3212"}],"wp:term":[{"taxonomy":"category","embeddable":true,"href":"https:\/\/radioleinewelle.de\/index.php\/wp-json\/wp\/v2\/categories?post=3212"},{"taxonomy":"post_tag","embeddable":true,"href":"https:\/\/radioleinewelle.de\/index.php\/wp-json\/wp\/v2\/tags?post=3212"}],"curies":[{"name":"wp","href":"https:\/\/api.w.org\/{rel}","templated":true}]}}