{"id":32144,"date":"2026-09-02T16:21:51","date_gmt":"2026-09-02T14:21:51","guid":{"rendered":"https:\/\/radioleinewelle.de\/?p=32144"},"modified":"2026-09-02T16:42:14","modified_gmt":"2026-09-02T14:42:14","slug":"neunzehnhundertzweiundvierzig-wenn-die-stadt-selbst-zum-erinnerungsraum-wird","status":"publish","type":"post","link":"https:\/\/radioleinewelle.de\/index.php\/2026\/09\/02\/neunzehnhundertzweiundvierzig-wenn-die-stadt-selbst-zum-erinnerungsraum-wird\/","title":{"rendered":"DT G\u00f6ttingen &#8211; \u201eneunzehnhundertzweiundvierzig\u201c &#8211; Wenn die Stadt selbst zum Erinnerungsraum wird"},"content":{"rendered":"\n<p class=\"wp-block-paragraph\"><\/p>\n\n\n\n<p class=\"wp-block-paragraph\"><\/p>\n\n\n\n<p class=\"wp-block-paragraph\"><strong>\u201eneunzehnhundertzweiundvierzig\u201c verbindet einen emotionalen Audiowalk mit einem dokumentarischen Theaterabend \u00fcber Deportation und Zwangsarbeit in G\u00f6ttingen. Die Inszenierung von Gernot Gr\u00fcnewald ist bedr\u00fcckend, wichtig \u2013 im zweiten Teil aber stellenweise \u00fcberladen.<\/strong><\/p>\n\n\n\n<p class=\"wp-block-paragraph\">Es war ein langer Abend: Rund zwei Stunden und 40 Minuten lang machte das Rechercheprojekt \u201eneunzehnhundertzweiundvierzig \u2013 MemoRails G\u00f6ttingen\u201c ein verdr\u00e4ngtes Kapitel der G\u00f6ttinger Stadtgeschichte sichtbar. Autor und Regisseur Gernot Gr\u00fcnewald erinnert an die Deportation der letzten in G\u00f6ttingen verbliebenen J\u00fcdinnen und Juden im Jahr 1942 und an die Zwangsarbeiterinnen und Zwangsarbeiter, die anschlie\u00dfend in die Stadt gebracht wurden.<\/p>\n\n\n\n<p class=\"wp-block-paragraph\">Die Urauff\u00fchrung am Deutschen Theater verbindet einen Audiowalk durch die Innenstadt mit einer dokumentarischen Theaterauff\u00fchrung an der Probeb\u00fchne im alten G\u00fcterbahnhofsbereich.<br><\/p>\n\n\n\n\n\n<h4 class=\"wp-block-heading\"><strong>Auf dem letzten Weg von Anna Rosenberg<\/strong><\/h4>\n\n\n\n<p class=\"wp-block-paragraph\">Ausgangspunkt des Projekts ist der 21. Juli 1942. An diesem Tag musste sich eine Gruppe von 50 Menschen vom Albaniplatz zum G\u00f6ttinger Bahnhof begeben. Bis auf wenige Ausnahmen waren es die letzten j\u00fcdischen Einwohnerinnen und Einwohner, die noch in der Stadt lebten. \u00dcber Hildesheim und Hannover wurden sie nach Theresienstadt deportiert. Unter ihnen befand sich die 84-j\u00e4hrige Anna Rosenberg.<\/p>\n\n\n\n<p class=\"wp-block-paragraph\">Der Theaterabend beginnt am Deutschen Theater. Das Publikum wird in drei Gruppen aufgeteilt und mit Kopfh\u00f6rern ausgestattet. Der anschlie\u00dfende, etwa einst\u00fcndige Audiowalk f\u00fchrt durch Teile der G\u00f6ttinger Innenstadt und folgt Stationen, die auch auf dem letzten Weg Anna Rosenbergs gelegen haben k\u00f6nnten.<\/p>\n\n\n\n<p class=\"wp-block-paragraph\">Die Produktion vermittelt dabei zahlreiche historische Einzelheiten \u00fcber Orte und Menschen. Eine Erz\u00e4hlerin f\u00fchrt durch die Geschichte, hinzu kommen Stimmen, atmosph\u00e4rische Ger\u00e4usche und h\u00f6rspielartige Szenen verst\u00e4rken die Wirkung der jeweiligen Schaupl\u00e4tze. Aus heute selbstverst\u00e4ndlichen Wegen durch die Innenstadt wird so ein emotionaler Gang durch die Geschichte.<br><\/p>\n\n\n\n<h4 class=\"wp-block-heading\"><strong>Ein Audiowalk mit gro\u00dfer Sogwirkung<\/strong><\/h4>\n\n\n\n<p class=\"wp-block-paragraph\">Gerade dieser erste Teil geh\u00f6rt zu den st\u00e4rksten Elementen des Projekts. Die Verbindung aus Bewegung, historischen Informationen und akustischer Gestaltung erzeugt eine bemerkenswerte N\u00e4he. Die Teilnehmenden h\u00f6ren nicht nur etwas \u00fcber die Vergangenheit \u2013 sie bewegen sich durch die Stra\u00dfen, in denen Ausgrenzung, Entrechtung und Verfolgung tats\u00e4chlich stattgefunden haben.<\/p>\n\n\n\n<p class=\"wp-block-paragraph\">Auch im heutigen Stadtbild hinterl\u00e4sst der Audiowalk sichtbare Spuren. Rund 20 Menschen, die sich mit Kopfh\u00f6rern nahezu gleichzeitig bestimmten H\u00e4usern, Stra\u00dfen und Punkten zuwenden, ziehen die Aufmerksamkeit von Passantinnen und Passanten auf sich. F\u00fcr einen Moment wird die Gruppe selbst zum Teil des \u00f6ffentlichen Erinnerungsraums. Der Audiowalk endet am alten G\u00fcterbahnhof. Dort liegt heute die Probeb\u00fchne des Deutschen Theaters \u2013 unmittelbar neben den Gleisen, \u00fcber die Menschen deportiert wurden.<\/p>\n\n\n\n<p class=\"wp-block-paragraph\"><\/p>\n\n\n\n<h4 class=\"wp-block-heading\"><strong>Von den Deportierten zu den Zwangsarbeiterinnen<\/strong><\/h4>\n\n\n\n<p class=\"wp-block-paragraph\">Bevor der eigentliche B\u00fchnenraum erreicht wird, erz\u00e4hlen vier Schauspielerinnen von Menschen, die nach der Deportation der j\u00fcdischen Bev\u00f6lkerung nach G\u00f6ttingen gebracht und zur Arbeit gezwungen wurden. Sie arbeiteten unter anderem in Privathaushalten, R\u00fcstungsbetrieben und einer Gro\u00dfw\u00e4scherei. Damit erweitert die Inszenierung ihre Perspektive. Sie erinnert nicht nur an die Vertreibung und Ermordung der j\u00fcdischen Bev\u00f6lkerung, sondern auch an jene Menschen aus Osteuropa, die unter Zwang in G\u00f6ttingen leben und arbeiten mussten. Zu Beginn des szenischen Teils wird der Bericht eines \u00dcberlebenden aus der Familie Rosenberg als Text an die Wand projiziert. Besonders eindringlich ist anschlie\u00dfend die Geschichte der Zwangsarbeiterinnen in der G\u00f6ttinger W\u00e4scherei Schneewei\u00df. Historische Filmaufnahmen, Fotografien, Dokumente und die Darstellung der Schauspielerinnen greifen ineinander. So entsteht eine bedr\u00fcckende dokumentarische Auff\u00fchrung, die Ereignisse und Lebensgeschichten anschaulich werden l\u00e4sst, die im heutigen G\u00f6ttinger Alltag kaum noch sichtbar sind.<\/p>\n\n\n\n<p class=\"wp-block-paragraph\"><\/p>\n\n\n\n<h4 class=\"wp-block-heading\"><strong>Auch die Rolle der Medien wird thematisiert<\/strong><\/h4>\n\n\n\n<p class=\"wp-block-paragraph\">Die Inszenierung nennt zahlreiche Namen, Unternehmen und Institutionen. Dadurch wird deutlich, dass Verfolgung und Zwangsarbeit mitten in G\u00f6ttingen und unter den Augen der Stadtgesellschaft stattfanden.<\/p>\n\n\n\n<p class=\"wp-block-paragraph\">Auch das G\u00f6ttinger Tageblatt wird als Teil dieser Geschichte genannt. Bemerkenswert ist deshalb eine aktuelle GT-Theaterkritik, in der es lediglich hei\u00dft, die Zeitung habe damals \u201enicht kritisch nachgefragt\u201c. Das erscheint verk\u00fcrzt und geschichtsvergessen: Die Rolle lokaler Medien im Nationalsozialismus l\u00e4sst sich nicht auf mangelnde journalistische Distanz reduzieren. Zeitungen waren Teil jener \u00d6ffentlichkeit, in der Ausgrenzung propagiert, unterst\u00fctzt oder als Normalit\u00e4t vermittelt wurde. Gerade bei einer Kritik aus dem eigenen Haus w\u00e4re eine deutlichere historische Selbstreflexion angebracht gewesen.<br><\/p>\n\n\n\n<h4 class=\"wp-block-heading\"><strong>Ein wichtiger, aber fordernder Abend<\/strong><\/h4>\n\n\n\n<p class=\"wp-block-paragraph\">\u201eneunzehnhundertzweiundvierzig\u201c ist eine intensive und sehenswerte Inszenierung. Vor allem der Audiowalk \u00fcberzeugt durch seine Verbindung von historischem Wissen, konkreten Orten und einer au\u00dfergew\u00f6hnlich dichten akustischen Gestaltung. Die Geschichte wird nicht abstrakt vermittelt, sondern unmittelbar erfahrbar.<\/p>\n\n\n\n<p class=\"wp-block-paragraph\">Der zweite Teil in der Probeb\u00fchne verlangt dem Publikum allerdings viel ab. Die F\u00fclle historischer Details, thematische Spr\u00fcnge und Bez\u00fcge zur Gegenwart machen die Auff\u00fchrung stellenweise zu vielschichtig und \u00fcberladen. Was als Erweiterung und Vertiefung gedacht ist, erschwert mitunter die Konzentration. Nach insgesamt fast drei Stunden war im Publikum eine deutliche Ersch\u00f6pfung zu sp\u00fcren. So interessant das angebotene Nachgespr\u00e4ch gewesen w\u00e4re: Vielen fehlte am Ende offenbar die Kraft f\u00fcr eine weitere Diskussion.<\/p>\n\n\n\n<p class=\"wp-block-paragraph\">Das schm\u00e4lert die Bedeutung des Projekts jedoch nicht. Gernot Gr\u00fcnewald und sein Team haben eine dokumentarische Inszenierung geschaffen, die sichtbar macht, wie eng G\u00f6ttinger Orte, Unternehmen, Institutionen und Medien mit der Geschichte von Deportation und Zwangsarbeit verbunden waren.<\/p>\n\n\n\n<p class=\"wp-block-paragraph\">Gerade f\u00fcr Schulklassen ist dieser Theaterabend deshalb besonders wertvoll \u2013 anspruchsvoll und lang, aber als lokalgeschichtliche Auseinandersetzung nahezu eine Pflichtveranstaltung. Denn die Inszenierung zeigt, dass Erinnerungskultur nicht bei Jahreszahlen und Gedenktafeln endet. Sie beginnt dort, wo bekannte Stra\u00dfen und Geb\u00e4ude pl\u00f6tzlich eine andere Geschichte erz\u00e4hlen.<\/p>\n\n\n\n<p class=\"wp-block-paragraph\"><\/p>\n\n\n\n\n\n<div class=\"wp-block-group has-border-color has-kubio-color-2-border-color has-background\" style=\"border-width:3px;background-color:#ddeee1\"><div class=\"wp-block-group__inner-container is-layout-constrained wp-block-group-is-layout-constrained\">\n<hr class=\"wp-block-separator has-alpha-channel-opacity\"\/>\n\n\n\n<p class=\"has-text-align-center wp-block-paragraph\"><strong>Infobox: Das Projekt<\/strong><\/p>\n\n\n\n<p class=\"wp-block-paragraph\"><\/p>\n\n\n\n<p class=\"wp-block-paragraph\"><strong>Titel:<\/strong>&nbsp;\u201eneunzehnhundertzweiundvierzig \u2013 MemoRails G\u00f6ttingen\u201c<br><strong>Form:<\/strong>&nbsp;Rechercheprojekt mit Audiowalk und szenischer Auff\u00fchrung<br><strong>Autor und Regie:<\/strong>&nbsp;Gernot Gr\u00fcnewald<br><strong>Urauff\u00fchrung:<\/strong>&nbsp;29. August 2026<br><strong>Spielst\u00e4tte:<\/strong>&nbsp;dt.x<br><strong>Dauer:<\/strong>&nbsp;etwa 2 Stunden und 40 Minuten einschlie\u00dflich einer Pause<br><strong>Audiowalk:<\/strong>&nbsp;etwa 60 Minuten<\/p>\n\n\n\n<p class=\"wp-block-paragraph\"><strong>Start:<\/strong>&nbsp;Deutsches Theater G\u00f6ttingen<br><strong>Ende:<\/strong>&nbsp;Probeb\u00fchne des Deutschen Theaters, G\u00fcterbahnhofstra\u00dfe 10<br><strong>Hinweis:<\/strong>&nbsp;Der Weg ist nicht vollst\u00e4ndig barrierefrei. Wetterfeste Kleidung wird empfohlen. Die Auff\u00fchrung endet an der Probeb\u00fchne; der R\u00fcckweg muss selbst eingeplant werden.<\/p>\n\n\n\n<p class=\"wp-block-paragraph\"><strong>Darstellerinnen:<\/strong>&nbsp;Judith Florence Ehrhardt, Lou von G\u00fcndell, Birte Leest und Marie Seiser<br><strong>B\u00fchne und Kost\u00fcme:<\/strong>&nbsp;Michael K\u00f6pke<br><strong>Musik:<\/strong>&nbsp;Daniel Sapir<br><strong>Choreografie:<\/strong>&nbsp;Felicitas Madl<br><strong>Dramaturgie:<\/strong>&nbsp;Michael Lethmathe<\/p>\n\n\n\n<p class=\"wp-block-paragraph\">MemoRails ist ein F\u00f6rderprogramm des Beauftragten der Bundesregierung f\u00fcr Kultur und Medien und der Stiftung Erinnerung, Verantwortung und Zukunft. Es unterst\u00fctzt Projekte, die an Bahnh\u00f6fen und Bahnstrecken auf zeitgem\u00e4\u00dfe Weise an die Verbrechen des Nationalsozialismus erinnern.<\/p>\n\n\n\n<p class=\"wp-block-paragraph\">Vorstellungstermine auf <a href=\"https:\/\/www.dt-goettingen.de\">dt-goettingen.de<\/a> <\/p>\n<\/div><\/div>\n\n\n\n<p class=\"wp-block-paragraph\"><\/p>\n\n\n\n<p class=\"wp-block-paragraph\"><em>Ulf Engelmayer<\/em><\/p>\n\n\n\n<p class=\"has-text-align-right has-small-font-size wp-block-paragraph\"><strong>Fotos:<\/strong> \u00a9Radio Leinewelle (Jutta Engelmayer)<\/p>\n\n\n\n<p class=\"wp-block-paragraph\"><\/p>\n","protected":false},"excerpt":{"rendered":"<p>\u201eneunzehnhundertzweiundvierzig\u201c verbindet einen emotionalen Audiowalk mit einem dokumentarischen Theaterabend \u00fcber Deportation und Zwangsarbeit in G\u00f6ttingen. Die Inszenierung von Gernot Gr\u00fcnewald ist bedr\u00fcckend, wichtig \u2013 im zweiten Teil aber stellenweise \u00fcberladen. Es war ein langer Abend: Rund zwei Stunden und 40 Minuten lang machte das Rechercheprojekt \u201eneunzehnhundertzweiundvierzig \u2013 MemoRails G\u00f6ttingen\u201c ein verdr\u00e4ngtes Kapitel der G\u00f6ttinger Stadtgeschichte [&hellip;]<\/p>\n","protected":false},"author":6,"featured_media":32175,"comment_status":"open","ping_status":"open","sticky":false,"template":"","format":"standard","meta":{"saved_in_kubio":false,"footnotes":""},"categories":[45,4390],"tags":[5524,5514,5187,5523,5522,5521,5166,5526,5525],"class_list":["post-32144","post","type-post","status-publish","format-standard","has-post-thumbnail","hentry","category-kultur","category-theater","tag-annarosenberg","tag-deutschestheatergoettingen","tag-erinnerungskultur-2","tag-gernotgruenewald","tag-memorails","tag-neunzehnhundertzweiundvierzig","tag-radioleinewelle-2","tag-theaterkritik","tag-zwangsarbeit"],"yoast_head":"<!-- This site is optimized with the Yoast SEO plugin v28.4 - https:\/\/yoast.com\/product\/yoast-seo-wordpress\/ -->\n<title>DT G\u00f6ttingen - \u201eneunzehnhundertzweiundvierzig\u201c - Wenn die Stadt selbst zum Erinnerungsraum wird - Radio Leinewelle<\/title>\n<meta name=\"description\" content=\"Audiowalk und Dokumentartheater: Gernot Gr\u00fcnewald erinnert am Deutschen Theater G\u00f6ttingen an Deportation und Zwangsarbeit im Jahr 1942.\" \/>\n<meta name=\"robots\" content=\"index, follow, max-snippet:-1, max-image-preview:large, max-video-preview:-1\" \/>\n<link rel=\"canonical\" href=\"https:\/\/radioleinewelle.de\/index.php\/2026\/09\/02\/neunzehnhundertzweiundvierzig-wenn-die-stadt-selbst-zum-erinnerungsraum-wird\/\" \/>\n<meta property=\"og:locale\" content=\"de_DE\" \/>\n<meta property=\"og:type\" content=\"article\" \/>\n<meta property=\"og:title\" content=\"DT G\u00f6ttingen - \u201eneunzehnhundertzweiundvierzig\u201c - Wenn die Stadt selbst zum Erinnerungsraum wird - Radio Leinewelle\" \/>\n<meta property=\"og:description\" content=\"Audiowalk und Dokumentartheater: Gernot Gr\u00fcnewald erinnert am Deutschen Theater G\u00f6ttingen an Deportation und Zwangsarbeit im Jahr 1942.\" \/>\n<meta property=\"og:url\" content=\"https:\/\/radioleinewelle.de\/index.php\/2026\/09\/02\/neunzehnhundertzweiundvierzig-wenn-die-stadt-selbst-zum-erinnerungsraum-wird\/\" \/>\n<meta property=\"og:site_name\" content=\"Radio Leinewelle\" \/>\n<meta property=\"article:publisher\" content=\"https:\/\/www.facebook.com\/radioleinewelle\" \/>\n<meta property=\"article:published_time\" content=\"2026-09-02T14:21:51+00:00\" \/>\n<meta property=\"article:modified_time\" content=\"2026-09-02T14:42:14+00:00\" \/>\n<meta property=\"og:image\" content=\"https:\/\/radioleinewelle.de\/wp-content\/uploads\/2026\/08\/Gedenkschild.jpg\" \/>\n\t<meta property=\"og:image:width\" content=\"2093\" \/>\n\t<meta property=\"og:image:height\" content=\"1437\" \/>\n\t<meta property=\"og:image:type\" content=\"image\/jpeg\" \/>\n<meta name=\"author\" content=\"Ulf Engelmayer\" \/>\n<meta name=\"twitter:card\" content=\"summary_large_image\" \/>\n<meta name=\"twitter:creator\" content=\"@RLeinewelle\" \/>\n<meta name=\"twitter:site\" content=\"@RLeinewelle\" \/>\n<meta name=\"twitter:label1\" content=\"Verfasst von\" \/>\n\t<meta name=\"twitter:data1\" content=\"Ulf Engelmayer\" \/>\n\t<meta name=\"twitter:label2\" content=\"Gesch\u00e4tzte Lesezeit\" \/>\n\t<meta name=\"twitter:data2\" content=\"6\u00a0Minuten\" \/>\n<script type=\"application\/ld+json\" class=\"yoast-schema-graph\">{\"@context\":\"https:\\\/\\\/schema.org\",\"@graph\":[{\"@type\":\"Article\",\"@id\":\"https:\\\/\\\/radioleinewelle.de\\\/index.php\\\/2026\\\/09\\\/02\\\/neunzehnhundertzweiundvierzig-wenn-die-stadt-selbst-zum-erinnerungsraum-wird\\\/#article\",\"isPartOf\":{\"@id\":\"https:\\\/\\\/radioleinewelle.de\\\/index.php\\\/2026\\\/09\\\/02\\\/neunzehnhundertzweiundvierzig-wenn-die-stadt-selbst-zum-erinnerungsraum-wird\\\/\"},\"author\":{\"name\":\"Ulf Engelmayer\",\"@id\":\"https:\\\/\\\/radioleinewelle.de\\\/#\\\/schema\\\/person\\\/57bad1d4e916f10da4e6763d01aec895\"},\"headline\":\"DT G\u00f6ttingen &#8211; \u201eneunzehnhundertzweiundvierzig\u201c &#8211; Wenn die Stadt selbst zum Erinnerungsraum wird\",\"datePublished\":\"2026-09-02T14:21:51+00:00\",\"dateModified\":\"2026-09-02T14:42:14+00:00\",\"mainEntityOfPage\":{\"@id\":\"https:\\\/\\\/radioleinewelle.de\\\/index.php\\\/2026\\\/09\\\/02\\\/neunzehnhundertzweiundvierzig-wenn-die-stadt-selbst-zum-erinnerungsraum-wird\\\/\"},\"wordCount\":1109,\"commentCount\":0,\"publisher\":{\"@id\":\"https:\\\/\\\/radioleinewelle.de\\\/#organization\"},\"image\":{\"@id\":\"https:\\\/\\\/radioleinewelle.de\\\/index.php\\\/2026\\\/09\\\/02\\\/neunzehnhundertzweiundvierzig-wenn-die-stadt-selbst-zum-erinnerungsraum-wird\\\/#primaryimage\"},\"thumbnailUrl\":\"https:\\\/\\\/radioleinewelle.de\\\/wp-content\\\/uploads\\\/2026\\\/08\\\/Gedenkschild.jpg\",\"keywords\":[\"#AnnaRosenberg\",\"#DeutschesTheaterG\u00f6ttingen\",\"#Erinnerungskultur\",\"#GernotGr\u00fcnewald\",\"#MemoRails\",\"#Neunzehnhundertzweiundvierzig\",\"#RadioLeinewelle\",\"#Theaterkritik\",\"#Zwangsarbeit\"],\"articleSection\":[\"Kultur\",\"Theater\"],\"inLanguage\":\"de\",\"potentialAction\":[{\"@type\":\"CommentAction\",\"name\":\"Comment\",\"target\":[\"https:\\\/\\\/radioleinewelle.de\\\/index.php\\\/2026\\\/09\\\/02\\\/neunzehnhundertzweiundvierzig-wenn-die-stadt-selbst-zum-erinnerungsraum-wird\\\/#respond\"]}]},{\"@type\":\"WebPage\",\"@id\":\"https:\\\/\\\/radioleinewelle.de\\\/index.php\\\/2026\\\/09\\\/02\\\/neunzehnhundertzweiundvierzig-wenn-die-stadt-selbst-zum-erinnerungsraum-wird\\\/\",\"url\":\"https:\\\/\\\/radioleinewelle.de\\\/index.php\\\/2026\\\/09\\\/02\\\/neunzehnhundertzweiundvierzig-wenn-die-stadt-selbst-zum-erinnerungsraum-wird\\\/\",\"name\":\"DT G\u00f6ttingen - \u201eneunzehnhundertzweiundvierzig\u201c - Wenn die Stadt selbst zum Erinnerungsraum wird - Radio Leinewelle\",\"isPartOf\":{\"@id\":\"https:\\\/\\\/radioleinewelle.de\\\/#website\"},\"primaryImageOfPage\":{\"@id\":\"https:\\\/\\\/radioleinewelle.de\\\/index.php\\\/2026\\\/09\\\/02\\\/neunzehnhundertzweiundvierzig-wenn-die-stadt-selbst-zum-erinnerungsraum-wird\\\/#primaryimage\"},\"image\":{\"@id\":\"https:\\\/\\\/radioleinewelle.de\\\/index.php\\\/2026\\\/09\\\/02\\\/neunzehnhundertzweiundvierzig-wenn-die-stadt-selbst-zum-erinnerungsraum-wird\\\/#primaryimage\"},\"thumbnailUrl\":\"https:\\\/\\\/radioleinewelle.de\\\/wp-content\\\/uploads\\\/2026\\\/08\\\/Gedenkschild.jpg\",\"datePublished\":\"2026-09-02T14:21:51+00:00\",\"dateModified\":\"2026-09-02T14:42:14+00:00\",\"description\":\"Audiowalk und Dokumentartheater: Gernot Gr\u00fcnewald erinnert am Deutschen Theater G\u00f6ttingen an Deportation und Zwangsarbeit im Jahr 1942.\",\"breadcrumb\":{\"@id\":\"https:\\\/\\\/radioleinewelle.de\\\/index.php\\\/2026\\\/09\\\/02\\\/neunzehnhundertzweiundvierzig-wenn-die-stadt-selbst-zum-erinnerungsraum-wird\\\/#breadcrumb\"},\"inLanguage\":\"de\",\"potentialAction\":[{\"@type\":\"ReadAction\",\"target\":[\"https:\\\/\\\/radioleinewelle.de\\\/index.php\\\/2026\\\/09\\\/02\\\/neunzehnhundertzweiundvierzig-wenn-die-stadt-selbst-zum-erinnerungsraum-wird\\\/\"]}]},{\"@type\":\"ImageObject\",\"inLanguage\":\"de\",\"@id\":\"https:\\\/\\\/radioleinewelle.de\\\/index.php\\\/2026\\\/09\\\/02\\\/neunzehnhundertzweiundvierzig-wenn-die-stadt-selbst-zum-erinnerungsraum-wird\\\/#primaryimage\",\"url\":\"https:\\\/\\\/radioleinewelle.de\\\/wp-content\\\/uploads\\\/2026\\\/08\\\/Gedenkschild.jpg\",\"contentUrl\":\"https:\\\/\\\/radioleinewelle.de\\\/wp-content\\\/uploads\\\/2026\\\/08\\\/Gedenkschild.jpg\",\"width\":2093,\"height\":1437},{\"@type\":\"BreadcrumbList\",\"@id\":\"https:\\\/\\\/radioleinewelle.de\\\/index.php\\\/2026\\\/09\\\/02\\\/neunzehnhundertzweiundvierzig-wenn-die-stadt-selbst-zum-erinnerungsraum-wird\\\/#breadcrumb\",\"itemListElement\":[{\"@type\":\"ListItem\",\"position\":1,\"name\":\"Startseite\",\"item\":\"https:\\\/\\\/radioleinewelle.de\\\/\"},{\"@type\":\"ListItem\",\"position\":2,\"name\":\"DT G\u00f6ttingen &#8211; \u201eneunzehnhundertzweiundvierzig\u201c &#8211; Wenn die Stadt selbst zum Erinnerungsraum wird\"}]},{\"@type\":\"WebSite\",\"@id\":\"https:\\\/\\\/radioleinewelle.de\\\/#website\",\"url\":\"https:\\\/\\\/radioleinewelle.de\\\/\",\"name\":\"Radio Leinewelle\",\"description\":\"\",\"publisher\":{\"@id\":\"https:\\\/\\\/radioleinewelle.de\\\/#organization\"},\"potentialAction\":[{\"@type\":\"SearchAction\",\"target\":{\"@type\":\"EntryPoint\",\"urlTemplate\":\"https:\\\/\\\/radioleinewelle.de\\\/?s={search_term_string}\"},\"query-input\":{\"@type\":\"PropertyValueSpecification\",\"valueRequired\":true,\"valueName\":\"search_term_string\"}}],\"inLanguage\":\"de\"},{\"@type\":\"Organization\",\"@id\":\"https:\\\/\\\/radioleinewelle.de\\\/#organization\",\"name\":\"Radio Leinewelle\",\"alternateName\":\"Mein Radio f\u00fcr S\u00fcdniedersachsen\",\"url\":\"https:\\\/\\\/radioleinewelle.de\\\/\",\"logo\":{\"@type\":\"ImageObject\",\"inLanguage\":\"de\",\"@id\":\"https:\\\/\\\/radioleinewelle.de\\\/#\\\/schema\\\/logo\\\/image\\\/\",\"url\":\"https:\\\/\\\/radioleinewelle.de\\\/wp-content\\\/uploads\\\/2023\\\/11\\\/cropped-Leinewelle_Logo_weiss.png\",\"contentUrl\":\"https:\\\/\\\/radioleinewelle.de\\\/wp-content\\\/uploads\\\/2023\\\/11\\\/cropped-Leinewelle_Logo_weiss.png\",\"width\":854,\"height\":260,\"caption\":\"Radio Leinewelle\"},\"image\":{\"@id\":\"https:\\\/\\\/radioleinewelle.de\\\/#\\\/schema\\\/logo\\\/image\\\/\"},\"sameAs\":[\"https:\\\/\\\/www.facebook.com\\\/radioleinewelle\",\"https:\\\/\\\/x.com\\\/RLeinewelle\",\"https:\\\/\\\/www.instagram.com\\\/radioleinewelle\\\/?hl=de\"]},{\"@type\":\"Person\",\"@id\":\"https:\\\/\\\/radioleinewelle.de\\\/#\\\/schema\\\/person\\\/57bad1d4e916f10da4e6763d01aec895\",\"name\":\"Ulf Engelmayer\",\"image\":{\"@type\":\"ImageObject\",\"inLanguage\":\"de\",\"@id\":\"https:\\\/\\\/secure.gravatar.com\\\/avatar\\\/f056d5d62beaff9b66570d67e3e698ea7ff6463d140c80fc667a56e338ecf046?s=96&d=blank&r=g\",\"url\":\"https:\\\/\\\/secure.gravatar.com\\\/avatar\\\/f056d5d62beaff9b66570d67e3e698ea7ff6463d140c80fc667a56e338ecf046?s=96&d=blank&r=g\",\"contentUrl\":\"https:\\\/\\\/secure.gravatar.com\\\/avatar\\\/f056d5d62beaff9b66570d67e3e698ea7ff6463d140c80fc667a56e338ecf046?s=96&d=blank&r=g\",\"caption\":\"Ulf Engelmayer\"},\"url\":\"https:\\\/\\\/radioleinewelle.de\\\/index.php\\\/author\\\/ulf-engelmayer\\\/\"}]}<\/script>\n<!-- \/ Yoast SEO plugin. -->","yoast_head_json":{"title":"DT G\u00f6ttingen - \u201eneunzehnhundertzweiundvierzig\u201c - Wenn die Stadt selbst zum Erinnerungsraum wird - Radio Leinewelle","description":"Audiowalk und Dokumentartheater: Gernot Gr\u00fcnewald erinnert am Deutschen Theater G\u00f6ttingen an Deportation und Zwangsarbeit im Jahr 1942.","robots":{"index":"index","follow":"follow","max-snippet":"max-snippet:-1","max-image-preview":"max-image-preview:large","max-video-preview":"max-video-preview:-1"},"canonical":"https:\/\/radioleinewelle.de\/index.php\/2026\/09\/02\/neunzehnhundertzweiundvierzig-wenn-die-stadt-selbst-zum-erinnerungsraum-wird\/","og_locale":"de_DE","og_type":"article","og_title":"DT G\u00f6ttingen - \u201eneunzehnhundertzweiundvierzig\u201c - Wenn die Stadt selbst zum Erinnerungsraum wird - Radio Leinewelle","og_description":"Audiowalk und Dokumentartheater: Gernot Gr\u00fcnewald erinnert am Deutschen Theater G\u00f6ttingen an Deportation und Zwangsarbeit im Jahr 1942.","og_url":"https:\/\/radioleinewelle.de\/index.php\/2026\/09\/02\/neunzehnhundertzweiundvierzig-wenn-die-stadt-selbst-zum-erinnerungsraum-wird\/","og_site_name":"Radio Leinewelle","article_publisher":"https:\/\/www.facebook.com\/radioleinewelle","article_published_time":"2026-09-02T14:21:51+00:00","article_modified_time":"2026-09-02T14:42:14+00:00","og_image":[{"width":2093,"height":1437,"url":"https:\/\/radioleinewelle.de\/wp-content\/uploads\/2026\/08\/Gedenkschild.jpg","type":"image\/jpeg"}],"author":"Ulf Engelmayer","twitter_card":"summary_large_image","twitter_creator":"@RLeinewelle","twitter_site":"@RLeinewelle","twitter_misc":{"Verfasst von":"Ulf Engelmayer","Gesch\u00e4tzte Lesezeit":"6\u00a0Minuten"},"schema":{"@context":"https:\/\/schema.org","@graph":[{"@type":"Article","@id":"https:\/\/radioleinewelle.de\/index.php\/2026\/09\/02\/neunzehnhundertzweiundvierzig-wenn-die-stadt-selbst-zum-erinnerungsraum-wird\/#article","isPartOf":{"@id":"https:\/\/radioleinewelle.de\/index.php\/2026\/09\/02\/neunzehnhundertzweiundvierzig-wenn-die-stadt-selbst-zum-erinnerungsraum-wird\/"},"author":{"name":"Ulf Engelmayer","@id":"https:\/\/radioleinewelle.de\/#\/schema\/person\/57bad1d4e916f10da4e6763d01aec895"},"headline":"DT G\u00f6ttingen &#8211; \u201eneunzehnhundertzweiundvierzig\u201c &#8211; Wenn die Stadt selbst zum Erinnerungsraum wird","datePublished":"2026-09-02T14:21:51+00:00","dateModified":"2026-09-02T14:42:14+00:00","mainEntityOfPage":{"@id":"https:\/\/radioleinewelle.de\/index.php\/2026\/09\/02\/neunzehnhundertzweiundvierzig-wenn-die-stadt-selbst-zum-erinnerungsraum-wird\/"},"wordCount":1109,"commentCount":0,"publisher":{"@id":"https:\/\/radioleinewelle.de\/#organization"},"image":{"@id":"https:\/\/radioleinewelle.de\/index.php\/2026\/09\/02\/neunzehnhundertzweiundvierzig-wenn-die-stadt-selbst-zum-erinnerungsraum-wird\/#primaryimage"},"thumbnailUrl":"https:\/\/radioleinewelle.de\/wp-content\/uploads\/2026\/08\/Gedenkschild.jpg","keywords":["#AnnaRosenberg","#DeutschesTheaterG\u00f6ttingen","#Erinnerungskultur","#GernotGr\u00fcnewald","#MemoRails","#Neunzehnhundertzweiundvierzig","#RadioLeinewelle","#Theaterkritik","#Zwangsarbeit"],"articleSection":["Kultur","Theater"],"inLanguage":"de","potentialAction":[{"@type":"CommentAction","name":"Comment","target":["https:\/\/radioleinewelle.de\/index.php\/2026\/09\/02\/neunzehnhundertzweiundvierzig-wenn-die-stadt-selbst-zum-erinnerungsraum-wird\/#respond"]}]},{"@type":"WebPage","@id":"https:\/\/radioleinewelle.de\/index.php\/2026\/09\/02\/neunzehnhundertzweiundvierzig-wenn-die-stadt-selbst-zum-erinnerungsraum-wird\/","url":"https:\/\/radioleinewelle.de\/index.php\/2026\/09\/02\/neunzehnhundertzweiundvierzig-wenn-die-stadt-selbst-zum-erinnerungsraum-wird\/","name":"DT G\u00f6ttingen - \u201eneunzehnhundertzweiundvierzig\u201c - Wenn die Stadt selbst zum Erinnerungsraum wird - Radio Leinewelle","isPartOf":{"@id":"https:\/\/radioleinewelle.de\/#website"},"primaryImageOfPage":{"@id":"https:\/\/radioleinewelle.de\/index.php\/2026\/09\/02\/neunzehnhundertzweiundvierzig-wenn-die-stadt-selbst-zum-erinnerungsraum-wird\/#primaryimage"},"image":{"@id":"https:\/\/radioleinewelle.de\/index.php\/2026\/09\/02\/neunzehnhundertzweiundvierzig-wenn-die-stadt-selbst-zum-erinnerungsraum-wird\/#primaryimage"},"thumbnailUrl":"https:\/\/radioleinewelle.de\/wp-content\/uploads\/2026\/08\/Gedenkschild.jpg","datePublished":"2026-09-02T14:21:51+00:00","dateModified":"2026-09-02T14:42:14+00:00","description":"Audiowalk und Dokumentartheater: Gernot Gr\u00fcnewald erinnert am Deutschen Theater G\u00f6ttingen an Deportation und Zwangsarbeit im Jahr 1942.","breadcrumb":{"@id":"https:\/\/radioleinewelle.de\/index.php\/2026\/09\/02\/neunzehnhundertzweiundvierzig-wenn-die-stadt-selbst-zum-erinnerungsraum-wird\/#breadcrumb"},"inLanguage":"de","potentialAction":[{"@type":"ReadAction","target":["https:\/\/radioleinewelle.de\/index.php\/2026\/09\/02\/neunzehnhundertzweiundvierzig-wenn-die-stadt-selbst-zum-erinnerungsraum-wird\/"]}]},{"@type":"ImageObject","inLanguage":"de","@id":"https:\/\/radioleinewelle.de\/index.php\/2026\/09\/02\/neunzehnhundertzweiundvierzig-wenn-die-stadt-selbst-zum-erinnerungsraum-wird\/#primaryimage","url":"https:\/\/radioleinewelle.de\/wp-content\/uploads\/2026\/08\/Gedenkschild.jpg","contentUrl":"https:\/\/radioleinewelle.de\/wp-content\/uploads\/2026\/08\/Gedenkschild.jpg","width":2093,"height":1437},{"@type":"BreadcrumbList","@id":"https:\/\/radioleinewelle.de\/index.php\/2026\/09\/02\/neunzehnhundertzweiundvierzig-wenn-die-stadt-selbst-zum-erinnerungsraum-wird\/#breadcrumb","itemListElement":[{"@type":"ListItem","position":1,"name":"Startseite","item":"https:\/\/radioleinewelle.de\/"},{"@type":"ListItem","position":2,"name":"DT G\u00f6ttingen &#8211; \u201eneunzehnhundertzweiundvierzig\u201c &#8211; Wenn die Stadt selbst zum Erinnerungsraum wird"}]},{"@type":"WebSite","@id":"https:\/\/radioleinewelle.de\/#website","url":"https:\/\/radioleinewelle.de\/","name":"Radio Leinewelle","description":"","publisher":{"@id":"https:\/\/radioleinewelle.de\/#organization"},"potentialAction":[{"@type":"SearchAction","target":{"@type":"EntryPoint","urlTemplate":"https:\/\/radioleinewelle.de\/?s={search_term_string}"},"query-input":{"@type":"PropertyValueSpecification","valueRequired":true,"valueName":"search_term_string"}}],"inLanguage":"de"},{"@type":"Organization","@id":"https:\/\/radioleinewelle.de\/#organization","name":"Radio Leinewelle","alternateName":"Mein Radio f\u00fcr S\u00fcdniedersachsen","url":"https:\/\/radioleinewelle.de\/","logo":{"@type":"ImageObject","inLanguage":"de","@id":"https:\/\/radioleinewelle.de\/#\/schema\/logo\/image\/","url":"https:\/\/radioleinewelle.de\/wp-content\/uploads\/2023\/11\/cropped-Leinewelle_Logo_weiss.png","contentUrl":"https:\/\/radioleinewelle.de\/wp-content\/uploads\/2023\/11\/cropped-Leinewelle_Logo_weiss.png","width":854,"height":260,"caption":"Radio Leinewelle"},"image":{"@id":"https:\/\/radioleinewelle.de\/#\/schema\/logo\/image\/"},"sameAs":["https:\/\/www.facebook.com\/radioleinewelle","https:\/\/x.com\/RLeinewelle","https:\/\/www.instagram.com\/radioleinewelle\/?hl=de"]},{"@type":"Person","@id":"https:\/\/radioleinewelle.de\/#\/schema\/person\/57bad1d4e916f10da4e6763d01aec895","name":"Ulf Engelmayer","image":{"@type":"ImageObject","inLanguage":"de","@id":"https:\/\/secure.gravatar.com\/avatar\/f056d5d62beaff9b66570d67e3e698ea7ff6463d140c80fc667a56e338ecf046?s=96&d=blank&r=g","url":"https:\/\/secure.gravatar.com\/avatar\/f056d5d62beaff9b66570d67e3e698ea7ff6463d140c80fc667a56e338ecf046?s=96&d=blank&r=g","contentUrl":"https:\/\/secure.gravatar.com\/avatar\/f056d5d62beaff9b66570d67e3e698ea7ff6463d140c80fc667a56e338ecf046?s=96&d=blank&r=g","caption":"Ulf Engelmayer"},"url":"https:\/\/radioleinewelle.de\/index.php\/author\/ulf-engelmayer\/"}]}},"_links":{"self":[{"href":"https:\/\/radioleinewelle.de\/index.php\/wp-json\/wp\/v2\/posts\/32144","targetHints":{"allow":["GET"]}}],"collection":[{"href":"https:\/\/radioleinewelle.de\/index.php\/wp-json\/wp\/v2\/posts"}],"about":[{"href":"https:\/\/radioleinewelle.de\/index.php\/wp-json\/wp\/v2\/types\/post"}],"author":[{"embeddable":true,"href":"https:\/\/radioleinewelle.de\/index.php\/wp-json\/wp\/v2\/users\/6"}],"replies":[{"embeddable":true,"href":"https:\/\/radioleinewelle.de\/index.php\/wp-json\/wp\/v2\/comments?post=32144"}],"version-history":[{"count":11,"href":"https:\/\/radioleinewelle.de\/index.php\/wp-json\/wp\/v2\/posts\/32144\/revisions"}],"predecessor-version":[{"id":32181,"href":"https:\/\/radioleinewelle.de\/index.php\/wp-json\/wp\/v2\/posts\/32144\/revisions\/32181"}],"wp:featuredmedia":[{"embeddable":true,"href":"https:\/\/radioleinewelle.de\/index.php\/wp-json\/wp\/v2\/media\/32175"}],"wp:attachment":[{"href":"https:\/\/radioleinewelle.de\/index.php\/wp-json\/wp\/v2\/media?parent=32144"}],"wp:term":[{"taxonomy":"category","embeddable":true,"href":"https:\/\/radioleinewelle.de\/index.php\/wp-json\/wp\/v2\/categories?post=32144"},{"taxonomy":"post_tag","embeddable":true,"href":"https:\/\/radioleinewelle.de\/index.php\/wp-json\/wp\/v2\/tags?post=32144"}],"curies":[{"name":"wp","href":"https:\/\/api.w.org\/{rel}","templated":true}]}}