{"id":3215,"date":"2020-12-01T05:30:05","date_gmt":"2020-12-01T04:30:05","guid":{"rendered":"https:\/\/radioleinewelle.de\/?p=3215"},"modified":"2020-12-01T05:30:05","modified_gmt":"2020-12-01T04:30:05","slug":"klimawende-von-unten-wie-buergerinnen-die-stadt-bis-2030-klimaneutral-machen-wollen","status":"publish","type":"post","link":"https:\/\/radioleinewelle.de\/index.php\/2020\/12\/01\/klimawende-von-unten-wie-buergerinnen-die-stadt-bis-2030-klimaneutral-machen-wollen\/","title":{"rendered":"Klimawende von unten: Wie B\u00fcrger:innen die Stadt bis 2030 klimaneutral machen wollen"},"content":{"rendered":"<p>Dass die Klimakrise immer weiter voranschreitet, kann nicht mehr geleugnet werden. Ob Abschmelzen der Polkappen, Waldbr\u00e4nde, Sturmfluten oder Trockenheit &#8211; die Folgen des Wandels sind \u00fcberall auf der Welt zu sehen und zu sp\u00fcren. Die neu gegr\u00fcndete Initiative G\u00f6ttingenZero will das Problem aktiv angehen &#8211; denn Tatenlosigkeit ist f\u00fcr sie keine Option.\u00a0Die Initiator:innen von G\u00f6ttingenZero folgen der Idee der bundesweiten Initiative GermanZero,\u00a0die es sich zum Ziel gesetzt hat, Deutschland bis 2035 klimaneutral zu machen. Dazu wird auf der einen Seite in Zusammenarbeit mit Wissenschaftler:innen und Jurist:innen ein detaillierter Vorschlag f\u00fcr ein \u201e1,5\u00b0-Gesetz\u201c erarbeitet. Dieses strebt Klimaneutralit\u00e4t in Deutschland bis zum Jahre 2035 an. Auf der anderen Seite soll \u00fcber kommunale Klimaentscheide der Druck aus der Bev\u00f6lkerung erh\u00f6ht werden: Kommunen mit dienstleistungsorientierter Wirtschaft \u2013 wie G\u00f6ttingen \u2013 sollen bereits bis 2030 klimaneutral werden, damit solche mit gro\u00dfen Industrien etwas mehr Zeit haben.<\/p>\n<p>Die Stadt G\u00f6ttingen hat 2014 das Ziel \u201eKlimaneutralit\u00e4t bis 2050\u201c festgesetzt. Derzeit wird an dem \u201eKlimaplan G\u00f6ttingen 2030\u201c gearbeitet. Dieser soll Ma\u00dfnahmen bis 2030 aufzeigen, um das Zieljahr 2050 zu erreichen. \u201eDamit w\u00fcrden aber die Treibhausgas-Emissionen in G\u00f6ttingen bei Weitem die Menge \u00fcberschreiten, die im Rahmen des f\u00fcr Deutschland geltenden Budgets noch zur Verf\u00fcgung steht, um die globale Erw\u00e4rmung wenigstens noch mit einer Wahrscheinlichkeit von 50% auf 1,5\u00b0 zu begrenzen\u201c erkl\u00e4rt Dr. Manfred Sch\u00fcssler, Physiker und Mitglied der Initiative. Deshalb fordert G\u00f6ttingenZero, dass das Klimaziel der Stadt auf 2030 versch\u00e4rft wird, wie es auch schon andere St\u00e4dte wie beispielsweise Heidelberg, Kassel, Marburg, M\u00fcnster und T\u00fcbingen beschlossen haben.<\/p>\n<p>Um ein Umdenken in der Klimapolitik auch in G\u00f6ttingen zu bewirken, hat G\u00f6ttingenZero im November gemeinsam mit einer Vielzahl von Kultur-, Menschenrechts-, Klima- und Umweltgruppen einen Antrag an den Stadtrat ausgearbeitet. Dieser soll im Februar als interfraktioneller Antrag im Rat gestellt werden. Damit der Antrag eine Mehrheit erh\u00e4lt, f\u00fchrt die Initiative Gespr\u00e4che mit den Stadtratsmitgliedern, in denen sie f\u00fcr das Thema Klimakrise sensibilisiert werden und f\u00fcr den Antrag geworben wird.\u00a0Um die Dringlichkeit zu unterstreichen und den Druck aus der Bev\u00f6lkerung zu erh\u00f6hen, hat G\u00f6ttingenZero heute in einem Brief an den Oberb\u00fcrgermeister ein B\u00fcrgerbegehren eingeleitet. Falls der Antrag vom Rat im Februar nicht angenommen werden sollte, soll der notwendige Umschwung auf diesem Wege erreicht werden. Das Sammeln von Unterschriften wird Mitte Dezember beginnen. Wie jede:r B\u00fcrger:in seine:ihre Unterst\u00fctzung in Form einer Unterschrift ausdr\u00fccken kann, ist auf der Website (<a href=\"http:\/\/goettingen-klimaneutral.de\">goettingen-klimaneutral.de<\/a>) nachzulesen.<\/p>\n<p>Die Idee, auch in G\u00f6ttingen im Sinne von GermanZero einen Klimaentscheid zu starten, keimte diesen Sommer in einer studentischen WG: \u201eWir wollen etwas gegen das Ohnmachtsgef\u00fchl angesichts der Klimakrise machen\u201c, erz\u00e4hlt Luise Przibilla, Studentin und Mitbegr\u00fcnderin der Initiative. \u201eInzwischen sind wir ein Team von etwa 20 aktiven Sch\u00fcler:innen, Student:innen, Berufst\u00e4tigen und Rentner:innen\u201c, so Przibilla weiter. Engagierte Mithelfer:innen f\u00fcr das Sammeln der Unterschriften sind jederzeit herzlich im Team willkommen und k\u00f6nnen sich unter <a href=\"mailto:goettingenzero@posteo.de\">goettingenzero@posteo.de<\/a>\u00a0melden.<\/p>\n<p>Bild von <a href=\"https:\/\/pixabay.com\/de\/users\/dmncwndrlch-3075312\/?utm_source=link-attribution&amp;utm_medium=referral&amp;utm_campaign=image&amp;utm_content=4891290\">Dominic Wunderlich<\/a> auf <a href=\"https:\/\/pixabay.com\/de\/?utm_source=link-attribution&amp;utm_medium=referral&amp;utm_campaign=image&amp;utm_content=4891290\">Pixabay<\/a><\/p>\n","protected":false},"excerpt":{"rendered":"<p>Dass die Klimakrise immer weiter voranschreitet, kann nicht mehr geleugnet werden. Ob Abschmelzen der Polkappen, Waldbr\u00e4nde, Sturmfluten oder Trockenheit &#8211; die Folgen des Wandels sind \u00fcberall auf der Welt zu sehen und zu sp\u00fcren. Die neu gegr\u00fcndete Initiative G\u00f6ttingenZero will das Problem aktiv angehen &#8211; denn Tatenlosigkeit ist f\u00fcr sie keine Option.\u00a0Die Initiator:innen von G\u00f6ttingenZero [&hellip;]<\/p>\n","protected":false},"author":1,"featured_media":0,"comment_status":"closed","ping_status":"closed","sticky":false,"template":"","format":"standard","meta":{"saved_in_kubio":false,"footnotes":""},"categories":[32],"tags":[],"class_list":["post-3215","post","type-post","status-publish","format-standard","hentry","category-natur-umwelt"],"yoast_head":"<!-- This site is optimized with the Yoast SEO plugin v27.5 - https:\/\/yoast.com\/product\/yoast-seo-wordpress\/ -->\n<title>Klimawende von unten: Wie B\u00fcrger:innen die Stadt bis 2030 klimaneutral machen wollen - Radio Leinewelle<\/title>\n<meta name=\"robots\" content=\"index, follow, max-snippet:-1, max-image-preview:large, max-video-preview:-1\" \/>\n<link rel=\"canonical\" href=\"https:\/\/radioleinewelle.de\/index.php\/2020\/12\/01\/klimawende-von-unten-wie-buergerinnen-die-stadt-bis-2030-klimaneutral-machen-wollen\/\" \/>\n<meta property=\"og:locale\" content=\"de_DE\" \/>\n<meta property=\"og:type\" content=\"article\" \/>\n<meta property=\"og:title\" content=\"Klimawende von unten: Wie B\u00fcrger:innen die Stadt bis 2030 klimaneutral machen wollen - Radio Leinewelle\" \/>\n<meta property=\"og:description\" content=\"Dass die Klimakrise immer weiter voranschreitet, kann nicht mehr geleugnet werden. Ob Abschmelzen der Polkappen, Waldbr\u00e4nde, Sturmfluten oder Trockenheit &#8211; die Folgen des Wandels sind \u00fcberall auf der Welt zu sehen und zu sp\u00fcren. Die neu gegr\u00fcndete Initiative G\u00f6ttingenZero will das Problem aktiv angehen &#8211; denn Tatenlosigkeit ist f\u00fcr sie keine Option.\u00a0Die Initiator:innen von G\u00f6ttingenZero [&hellip;]\" \/>\n<meta property=\"og:url\" content=\"https:\/\/radioleinewelle.de\/index.php\/2020\/12\/01\/klimawende-von-unten-wie-buergerinnen-die-stadt-bis-2030-klimaneutral-machen-wollen\/\" \/>\n<meta property=\"og:site_name\" content=\"Radio Leinewelle\" \/>\n<meta property=\"article:publisher\" content=\"https:\/\/www.facebook.com\/radioleinewelle\" \/>\n<meta property=\"article:author\" content=\"https:\/\/www.facebook.com\/radioleinewelle\" \/>\n<meta property=\"article:published_time\" content=\"2020-12-01T04:30:05+00:00\" \/>\n<meta name=\"author\" content=\"Leinewelle\" \/>\n<meta name=\"twitter:card\" content=\"summary_large_image\" \/>\n<meta name=\"twitter:creator\" content=\"@https:\/\/twitter.com\/RLeinewelle?ref_src=twsrcgoogletwcampserptwgrauthor\" \/>\n<meta name=\"twitter:site\" content=\"@RLeinewelle\" \/>\n<meta name=\"twitter:label1\" content=\"Verfasst von\" \/>\n\t<meta name=\"twitter:data1\" content=\"Leinewelle\" \/>\n\t<meta name=\"twitter:label2\" content=\"Gesch\u00e4tzte Lesezeit\" \/>\n\t<meta name=\"twitter:data2\" content=\"3\u00a0Minuten\" \/>\n<script type=\"application\/ld+json\" class=\"yoast-schema-graph\">{\"@context\":\"https:\\\/\\\/schema.org\",\"@graph\":[{\"@type\":\"Article\",\"@id\":\"https:\\\/\\\/radioleinewelle.de\\\/index.php\\\/2020\\\/12\\\/01\\\/klimawende-von-unten-wie-buergerinnen-die-stadt-bis-2030-klimaneutral-machen-wollen\\\/#article\",\"isPartOf\":{\"@id\":\"https:\\\/\\\/radioleinewelle.de\\\/index.php\\\/2020\\\/12\\\/01\\\/klimawende-von-unten-wie-buergerinnen-die-stadt-bis-2030-klimaneutral-machen-wollen\\\/\"},\"author\":{\"name\":\"Leinewelle\",\"@id\":\"https:\\\/\\\/radioleinewelle.de\\\/#\\\/schema\\\/person\\\/45606f348637df637192dc1b68399a63\"},\"headline\":\"Klimawende von unten: Wie B\u00fcrger:innen die Stadt bis 2030 klimaneutral machen wollen\",\"datePublished\":\"2020-12-01T04:30:05+00:00\",\"mainEntityOfPage\":{\"@id\":\"https:\\\/\\\/radioleinewelle.de\\\/index.php\\\/2020\\\/12\\\/01\\\/klimawende-von-unten-wie-buergerinnen-die-stadt-bis-2030-klimaneutral-machen-wollen\\\/\"},\"wordCount\":533,\"publisher\":{\"@id\":\"https:\\\/\\\/radioleinewelle.de\\\/#organization\"},\"articleSection\":[\"Natur &amp; Umwelt\"],\"inLanguage\":\"de\"},{\"@type\":\"WebPage\",\"@id\":\"https:\\\/\\\/radioleinewelle.de\\\/index.php\\\/2020\\\/12\\\/01\\\/klimawende-von-unten-wie-buergerinnen-die-stadt-bis-2030-klimaneutral-machen-wollen\\\/\",\"url\":\"https:\\\/\\\/radioleinewelle.de\\\/index.php\\\/2020\\\/12\\\/01\\\/klimawende-von-unten-wie-buergerinnen-die-stadt-bis-2030-klimaneutral-machen-wollen\\\/\",\"name\":\"Klimawende von unten: Wie B\u00fcrger:innen die Stadt bis 2030 klimaneutral machen wollen - Radio Leinewelle\",\"isPartOf\":{\"@id\":\"https:\\\/\\\/radioleinewelle.de\\\/#website\"},\"datePublished\":\"2020-12-01T04:30:05+00:00\",\"breadcrumb\":{\"@id\":\"https:\\\/\\\/radioleinewelle.de\\\/index.php\\\/2020\\\/12\\\/01\\\/klimawende-von-unten-wie-buergerinnen-die-stadt-bis-2030-klimaneutral-machen-wollen\\\/#breadcrumb\"},\"inLanguage\":\"de\",\"potentialAction\":[{\"@type\":\"ReadAction\",\"target\":[\"https:\\\/\\\/radioleinewelle.de\\\/index.php\\\/2020\\\/12\\\/01\\\/klimawende-von-unten-wie-buergerinnen-die-stadt-bis-2030-klimaneutral-machen-wollen\\\/\"]}]},{\"@type\":\"BreadcrumbList\",\"@id\":\"https:\\\/\\\/radioleinewelle.de\\\/index.php\\\/2020\\\/12\\\/01\\\/klimawende-von-unten-wie-buergerinnen-die-stadt-bis-2030-klimaneutral-machen-wollen\\\/#breadcrumb\",\"itemListElement\":[{\"@type\":\"ListItem\",\"position\":1,\"name\":\"Startseite\",\"item\":\"https:\\\/\\\/radioleinewelle.de\\\/\"},{\"@type\":\"ListItem\",\"position\":2,\"name\":\"Klimawende von unten: Wie B\u00fcrger:innen die Stadt bis 2030 klimaneutral machen wollen\"}]},{\"@type\":\"WebSite\",\"@id\":\"https:\\\/\\\/radioleinewelle.de\\\/#website\",\"url\":\"https:\\\/\\\/radioleinewelle.de\\\/\",\"name\":\"Radio Leinewelle\",\"description\":\"\",\"publisher\":{\"@id\":\"https:\\\/\\\/radioleinewelle.de\\\/#organization\"},\"potentialAction\":[{\"@type\":\"SearchAction\",\"target\":{\"@type\":\"EntryPoint\",\"urlTemplate\":\"https:\\\/\\\/radioleinewelle.de\\\/?s={search_term_string}\"},\"query-input\":{\"@type\":\"PropertyValueSpecification\",\"valueRequired\":true,\"valueName\":\"search_term_string\"}}],\"inLanguage\":\"de\"},{\"@type\":\"Organization\",\"@id\":\"https:\\\/\\\/radioleinewelle.de\\\/#organization\",\"name\":\"Radio Leinewelle\",\"alternateName\":\"Mein Radio f\u00fcr S\u00fcdniedersachsen\",\"url\":\"https:\\\/\\\/radioleinewelle.de\\\/\",\"logo\":{\"@type\":\"ImageObject\",\"inLanguage\":\"de\",\"@id\":\"https:\\\/\\\/radioleinewelle.de\\\/#\\\/schema\\\/logo\\\/image\\\/\",\"url\":\"https:\\\/\\\/radioleinewelle.de\\\/wp-content\\\/uploads\\\/2023\\\/11\\\/cropped-Leinewelle_Logo_weiss.png\",\"contentUrl\":\"https:\\\/\\\/radioleinewelle.de\\\/wp-content\\\/uploads\\\/2023\\\/11\\\/cropped-Leinewelle_Logo_weiss.png\",\"width\":854,\"height\":260,\"caption\":\"Radio Leinewelle\"},\"image\":{\"@id\":\"https:\\\/\\\/radioleinewelle.de\\\/#\\\/schema\\\/logo\\\/image\\\/\"},\"sameAs\":[\"https:\\\/\\\/www.facebook.com\\\/radioleinewelle\",\"https:\\\/\\\/x.com\\\/RLeinewelle\",\"https:\\\/\\\/www.instagram.com\\\/radioleinewelle\\\/?hl=de\"]},{\"@type\":\"Person\",\"@id\":\"https:\\\/\\\/radioleinewelle.de\\\/#\\\/schema\\\/person\\\/45606f348637df637192dc1b68399a63\",\"name\":\"Leinewelle\",\"image\":{\"@type\":\"ImageObject\",\"inLanguage\":\"de\",\"@id\":\"https:\\\/\\\/secure.gravatar.com\\\/avatar\\\/05c9a17bc973052ee5d91549bd32fb4dd0dc85b7b85ae94b2e2b4943476bbea5?s=96&d=blank&r=g\",\"url\":\"https:\\\/\\\/secure.gravatar.com\\\/avatar\\\/05c9a17bc973052ee5d91549bd32fb4dd0dc85b7b85ae94b2e2b4943476bbea5?s=96&d=blank&r=g\",\"contentUrl\":\"https:\\\/\\\/secure.gravatar.com\\\/avatar\\\/05c9a17bc973052ee5d91549bd32fb4dd0dc85b7b85ae94b2e2b4943476bbea5?s=96&d=blank&r=g\",\"caption\":\"Leinewelle\"},\"sameAs\":[\"http:\\\/\\\/localhost\\\/radio%20leinewelle\\\/wordpress\",\"https:\\\/\\\/www.facebook.com\\\/radioleinewelle\",\"https:\\\/\\\/www.instagram.com\\\/radioleinewelle\",\"https:\\\/\\\/x.com\\\/https:\\\/\\\/twitter.com\\\/RLeinewelle?ref_src=twsrcgoogletwcampserptwgrauthor\",\"https:\\\/\\\/soundcloud.com\\\/foerderverein-lokalradio?utm_source=clipboard&utm_medium=text&utm_campaign=social_sharing\"],\"url\":\"https:\\\/\\\/radioleinewelle.de\\\/index.php\\\/author\\\/leinewelle\\\/\"}]}<\/script>\n<!-- \/ Yoast SEO plugin. -->","yoast_head_json":{"title":"Klimawende von unten: Wie B\u00fcrger:innen die Stadt bis 2030 klimaneutral machen wollen - Radio Leinewelle","robots":{"index":"index","follow":"follow","max-snippet":"max-snippet:-1","max-image-preview":"max-image-preview:large","max-video-preview":"max-video-preview:-1"},"canonical":"https:\/\/radioleinewelle.de\/index.php\/2020\/12\/01\/klimawende-von-unten-wie-buergerinnen-die-stadt-bis-2030-klimaneutral-machen-wollen\/","og_locale":"de_DE","og_type":"article","og_title":"Klimawende von unten: Wie B\u00fcrger:innen die Stadt bis 2030 klimaneutral machen wollen - Radio Leinewelle","og_description":"Dass die Klimakrise immer weiter voranschreitet, kann nicht mehr geleugnet werden. Ob Abschmelzen der Polkappen, Waldbr\u00e4nde, Sturmfluten oder Trockenheit &#8211; die Folgen des Wandels sind \u00fcberall auf der Welt zu sehen und zu sp\u00fcren. Die neu gegr\u00fcndete Initiative G\u00f6ttingenZero will das Problem aktiv angehen &#8211; denn Tatenlosigkeit ist f\u00fcr sie keine Option.\u00a0Die Initiator:innen von G\u00f6ttingenZero [&hellip;]","og_url":"https:\/\/radioleinewelle.de\/index.php\/2020\/12\/01\/klimawende-von-unten-wie-buergerinnen-die-stadt-bis-2030-klimaneutral-machen-wollen\/","og_site_name":"Radio Leinewelle","article_publisher":"https:\/\/www.facebook.com\/radioleinewelle","article_author":"https:\/\/www.facebook.com\/radioleinewelle","article_published_time":"2020-12-01T04:30:05+00:00","author":"Leinewelle","twitter_card":"summary_large_image","twitter_creator":"@https:\/\/twitter.com\/RLeinewelle?ref_src=twsrcgoogletwcampserptwgrauthor","twitter_site":"@RLeinewelle","twitter_misc":{"Verfasst von":"Leinewelle","Gesch\u00e4tzte Lesezeit":"3\u00a0Minuten"},"schema":{"@context":"https:\/\/schema.org","@graph":[{"@type":"Article","@id":"https:\/\/radioleinewelle.de\/index.php\/2020\/12\/01\/klimawende-von-unten-wie-buergerinnen-die-stadt-bis-2030-klimaneutral-machen-wollen\/#article","isPartOf":{"@id":"https:\/\/radioleinewelle.de\/index.php\/2020\/12\/01\/klimawende-von-unten-wie-buergerinnen-die-stadt-bis-2030-klimaneutral-machen-wollen\/"},"author":{"name":"Leinewelle","@id":"https:\/\/radioleinewelle.de\/#\/schema\/person\/45606f348637df637192dc1b68399a63"},"headline":"Klimawende von unten: Wie B\u00fcrger:innen die Stadt bis 2030 klimaneutral machen wollen","datePublished":"2020-12-01T04:30:05+00:00","mainEntityOfPage":{"@id":"https:\/\/radioleinewelle.de\/index.php\/2020\/12\/01\/klimawende-von-unten-wie-buergerinnen-die-stadt-bis-2030-klimaneutral-machen-wollen\/"},"wordCount":533,"publisher":{"@id":"https:\/\/radioleinewelle.de\/#organization"},"articleSection":["Natur &amp; Umwelt"],"inLanguage":"de"},{"@type":"WebPage","@id":"https:\/\/radioleinewelle.de\/index.php\/2020\/12\/01\/klimawende-von-unten-wie-buergerinnen-die-stadt-bis-2030-klimaneutral-machen-wollen\/","url":"https:\/\/radioleinewelle.de\/index.php\/2020\/12\/01\/klimawende-von-unten-wie-buergerinnen-die-stadt-bis-2030-klimaneutral-machen-wollen\/","name":"Klimawende von unten: Wie B\u00fcrger:innen die Stadt bis 2030 klimaneutral machen wollen - Radio Leinewelle","isPartOf":{"@id":"https:\/\/radioleinewelle.de\/#website"},"datePublished":"2020-12-01T04:30:05+00:00","breadcrumb":{"@id":"https:\/\/radioleinewelle.de\/index.php\/2020\/12\/01\/klimawende-von-unten-wie-buergerinnen-die-stadt-bis-2030-klimaneutral-machen-wollen\/#breadcrumb"},"inLanguage":"de","potentialAction":[{"@type":"ReadAction","target":["https:\/\/radioleinewelle.de\/index.php\/2020\/12\/01\/klimawende-von-unten-wie-buergerinnen-die-stadt-bis-2030-klimaneutral-machen-wollen\/"]}]},{"@type":"BreadcrumbList","@id":"https:\/\/radioleinewelle.de\/index.php\/2020\/12\/01\/klimawende-von-unten-wie-buergerinnen-die-stadt-bis-2030-klimaneutral-machen-wollen\/#breadcrumb","itemListElement":[{"@type":"ListItem","position":1,"name":"Startseite","item":"https:\/\/radioleinewelle.de\/"},{"@type":"ListItem","position":2,"name":"Klimawende von unten: Wie B\u00fcrger:innen die Stadt bis 2030 klimaneutral machen wollen"}]},{"@type":"WebSite","@id":"https:\/\/radioleinewelle.de\/#website","url":"https:\/\/radioleinewelle.de\/","name":"Radio Leinewelle","description":"","publisher":{"@id":"https:\/\/radioleinewelle.de\/#organization"},"potentialAction":[{"@type":"SearchAction","target":{"@type":"EntryPoint","urlTemplate":"https:\/\/radioleinewelle.de\/?s={search_term_string}"},"query-input":{"@type":"PropertyValueSpecification","valueRequired":true,"valueName":"search_term_string"}}],"inLanguage":"de"},{"@type":"Organization","@id":"https:\/\/radioleinewelle.de\/#organization","name":"Radio Leinewelle","alternateName":"Mein Radio f\u00fcr S\u00fcdniedersachsen","url":"https:\/\/radioleinewelle.de\/","logo":{"@type":"ImageObject","inLanguage":"de","@id":"https:\/\/radioleinewelle.de\/#\/schema\/logo\/image\/","url":"https:\/\/radioleinewelle.de\/wp-content\/uploads\/2023\/11\/cropped-Leinewelle_Logo_weiss.png","contentUrl":"https:\/\/radioleinewelle.de\/wp-content\/uploads\/2023\/11\/cropped-Leinewelle_Logo_weiss.png","width":854,"height":260,"caption":"Radio Leinewelle"},"image":{"@id":"https:\/\/radioleinewelle.de\/#\/schema\/logo\/image\/"},"sameAs":["https:\/\/www.facebook.com\/radioleinewelle","https:\/\/x.com\/RLeinewelle","https:\/\/www.instagram.com\/radioleinewelle\/?hl=de"]},{"@type":"Person","@id":"https:\/\/radioleinewelle.de\/#\/schema\/person\/45606f348637df637192dc1b68399a63","name":"Leinewelle","image":{"@type":"ImageObject","inLanguage":"de","@id":"https:\/\/secure.gravatar.com\/avatar\/05c9a17bc973052ee5d91549bd32fb4dd0dc85b7b85ae94b2e2b4943476bbea5?s=96&d=blank&r=g","url":"https:\/\/secure.gravatar.com\/avatar\/05c9a17bc973052ee5d91549bd32fb4dd0dc85b7b85ae94b2e2b4943476bbea5?s=96&d=blank&r=g","contentUrl":"https:\/\/secure.gravatar.com\/avatar\/05c9a17bc973052ee5d91549bd32fb4dd0dc85b7b85ae94b2e2b4943476bbea5?s=96&d=blank&r=g","caption":"Leinewelle"},"sameAs":["http:\/\/localhost\/radio%20leinewelle\/wordpress","https:\/\/www.facebook.com\/radioleinewelle","https:\/\/www.instagram.com\/radioleinewelle","https:\/\/x.com\/https:\/\/twitter.com\/RLeinewelle?ref_src=twsrcgoogletwcampserptwgrauthor","https:\/\/soundcloud.com\/foerderverein-lokalradio?utm_source=clipboard&utm_medium=text&utm_campaign=social_sharing"],"url":"https:\/\/radioleinewelle.de\/index.php\/author\/leinewelle\/"}]}},"_links":{"self":[{"href":"https:\/\/radioleinewelle.de\/index.php\/wp-json\/wp\/v2\/posts\/3215","targetHints":{"allow":["GET"]}}],"collection":[{"href":"https:\/\/radioleinewelle.de\/index.php\/wp-json\/wp\/v2\/posts"}],"about":[{"href":"https:\/\/radioleinewelle.de\/index.php\/wp-json\/wp\/v2\/types\/post"}],"author":[{"embeddable":true,"href":"https:\/\/radioleinewelle.de\/index.php\/wp-json\/wp\/v2\/users\/1"}],"replies":[{"embeddable":true,"href":"https:\/\/radioleinewelle.de\/index.php\/wp-json\/wp\/v2\/comments?post=3215"}],"version-history":[{"count":0,"href":"https:\/\/radioleinewelle.de\/index.php\/wp-json\/wp\/v2\/posts\/3215\/revisions"}],"wp:attachment":[{"href":"https:\/\/radioleinewelle.de\/index.php\/wp-json\/wp\/v2\/media?parent=3215"}],"wp:term":[{"taxonomy":"category","embeddable":true,"href":"https:\/\/radioleinewelle.de\/index.php\/wp-json\/wp\/v2\/categories?post=3215"},{"taxonomy":"post_tag","embeddable":true,"href":"https:\/\/radioleinewelle.de\/index.php\/wp-json\/wp\/v2\/tags?post=3215"}],"curies":[{"name":"wp","href":"https:\/\/api.w.org\/{rel}","templated":true}]}}