{"id":32182,"date":"2026-09-04T10:50:00","date_gmt":"2026-09-04T08:50:00","guid":{"rendered":"https:\/\/radioleinewelle.de\/?p=32182"},"modified":"2026-09-04T16:53:00","modified_gmt":"2026-09-04T14:53:00","slug":"32182","status":"publish","type":"post","link":"https:\/\/radioleinewelle.de\/index.php\/2026\/09\/04\/32182\/","title":{"rendered":"Vier Tage Grone im Ausnahmezustand: Kirmes startet mit \u201eGroni\u201c, Neon-Party und gro\u00dfem Festumzug"},"content":{"rendered":"\n<h1 class=\"wp-block-heading\"><\/h1>\n\n\n\n\n\n<p class=\"wp-block-paragraph\">Die Groner Kirmes geht in ihre 153. Auflage. Von Freitag, 4. September, bis Montag, 7. September, verwandelt sich der Festplatz an der Martin-Luther-Stra\u00dfe wieder in das Zentrum des G\u00f6ttinger Stadtteils. Neben bew\u00e4hrten Traditionen gibt es in diesem Jahr gleich zwei Neuerungen: eine zus\u00e4tzliche Veranstaltung am Freitagabend und das neue Ortsteil-Maskottchen \u201eGroni\u201c. Die Groner Kirmes z\u00e4hlt zu den gr\u00f6\u00dften Volksfesten in S\u00fcdniedersachsen. Organisiert wird sie von der Groner Kirmes-ARGE, zu der die Vereine \u201eWir f\u00fcr Grone\u201c und der Kleingartenverein Lindenkamp geh\u00f6ren. Unterst\u00fctzt werden sie von zahlreichen ehrenamtlichen Helferinnen und Helfern. Erwartet werden an den vier Kirmestagen rund 5.000 Besucherinnen und Besucher.<\/p>\n\n\n\n<h4 class=\"wp-block-heading\">Freitagabend kehrt ins Festprogramm zur\u00fcck<\/h4>\n\n\n\n<p class=\"wp-block-paragraph\">Der Festplatz \u00f6ffnet am Freitag um 14 Uhr. Um 19 Uhr beginnt der traditionelle Lampion- und Fackelumzug durch das Groner Altdorf, begleitet vom Spielmannszug Dransfeld. Eine Besonderheit ist in diesem Jahr das Abendprogramm: Erstmals seit l\u00e4ngerer Zeit gibt es bereits am Freitag wieder eine gro\u00dfe Veranstaltung im Festzelt. Ab 20.30 Uhr l\u00e4dt DJ Nick Taylor zur \u201e90s &amp; 2000s Neon-Party\u201c ein. Damit wollen die Veranstalter insbesondere auch ein j\u00fcngeres Publikum ansprechen und zugleich musikalische Erinnerungen an zwei pr\u00e4gende Jahrzehnte wecken.<\/p>\n\n\n\n<h4 class=\"wp-block-heading\">Familiennachmittag und gro\u00dfe Partynacht<\/h4>\n\n\n\n<p class=\"wp-block-paragraph\">Am Samstag startet das Programm um 15 Uhr mit einem Familiennachmittag. Beteiligt sind unter anderem der Allgemeine Rettungsverband, das Kinder- und Jugendhospiz Sternenlichter, die Stadtteilbibliothek und das Petri-Haus. Am Abend folgt ab 20 Uhr die Groner Kirmes-Partynacht. Die offizielle Er\u00f6ffnung mit Fassbieranstich findet gegen 20.40 Uhr statt. Au\u00dferdem werden die neuen Sch\u00fctzenk\u00f6niginnen und Sch\u00fctzenk\u00f6nige bekannt gegeben. Ab 21 Uhr sorgt die \u201eHit Radio Show\u201c mit Musik aus mehreren Jahrzehnten f\u00fcr Stimmung im Festzelt. Anschlie\u00dfend ist eine After-Show-Party geplant.<\/p>\n\n\n\n<p class=\"wp-block-paragraph\"><\/p>\n\n\n\n\n\n<h4 class=\"wp-block-heading\">Mindestens 25 Gruppen ziehen durch das Altdorf<\/h4>\n\n\n\n<p class=\"wp-block-paragraph\">Der traditionelle Kirmesumzug bildet am Sonntag den H\u00f6hepunkt des Festwochenendes. Nach einem \u00f6kumenischen Gottesdienst um 11 Uhr im Festzelt setzt sich der Zug um 14 Uhr in Bewegung. Mindestens 25 Fu\u00df- und Wagengruppen haben ihre Teilnahme angek\u00fcndigt. Vereine, Initiativen und Einrichtungen zeigen dabei, wie vielf\u00e4ltig das gesellschaftliche Leben im Stadtteil ist. Musikalisch wird der Umzug von sieben Spielmanns- und Musikz\u00fcgen begleitet. Nach dem Umzug pr\u00e4sentieren sich die Formationen ab etwa 15.30 Uhr noch einmal bei einem gemeinsamen Konzert im Festzelt. Die sch\u00f6nsten und einfallsreichsten Festwagen und Fu\u00dfgruppen werden vom Groner Ortsrat pr\u00e4miert.<\/p>\n\n\n\n<h4 class=\"wp-block-heading\">\u201eGroni\u201c begleitet die Kirmes erstmals als Botschafter<\/h4>\n\n\n\n<p class=\"wp-block-paragraph\">Ein ganz neues und nach Angaben der Kirmes-ARGE in der Region bislang einzigartiges Projekt ist das Ortsteil-Maskottchen \u201eGroni\u201c. Die Figur soll k\u00fcnftig als Botschafter f\u00fcr die Groner Kirmes stehen und die Veranstaltung an allen vier Tagen begleiten. \u201eGroni\u201c soll dabei mehr sein als ein sympathisches Fotomotiv: Das Maskottchen soll den Wiedererkennungswert der Kirmes erh\u00f6hen und insbesondere Familien und Kinder ansprechen. Zugleich erh\u00e4lt das traditionsreiche Stadtteilfest damit ein neues, eigenes Gesicht.<\/p>\n\n\n\n<h4 class=\"wp-block-heading\">Traditioneller Abschluss am Montag<\/h4>\n\n\n\n<p class=\"wp-block-paragraph\">Zum Abschluss beginnt am Montag um 10 Uhr das traditionelle Kirmesfr\u00fchst\u00fcck. F\u00fcr Musik und Tanz sorgen die \u201eBlueBirds\u201c. Au\u00dferdem stehen die Vergabe der Schie\u00dfpreise und die Auszeichnung der sch\u00f6nsten Beitr\u00e4ge des Festumzuges auf dem Programm. Die Groner Kirmes ist damit erneut weit mehr als ein Volksfest mit Fahrgesch\u00e4ften und Festzelt. Sie zeigt, was durch ehrenamtliches Engagement und die Zusammenarbeit der Vereine und Einrichtungen eines Stadtteils entstehen kann: vier Tage Unterhaltung, Begegnung und gelebte Gemeinschaft.<br><\/p>\n\n\n\n<h4 class=\"wp-block-heading\">Die wichtigsten Daten<\/h4>\n\n\n\n<p class=\"wp-block-paragraph\"><strong>Veranstaltung:<\/strong>&nbsp;153. Groner Kirmes<br><strong>Termin:<\/strong>&nbsp;4. bis 7. September 2026<br><strong>Ort:<\/strong>&nbsp;Festplatz im B\u00fcrgerpark, Martin-Luther-Stra\u00dfe, G\u00f6ttingen-Grone<br><strong>Veranstalter:<\/strong>&nbsp;Groner Kirmes-ARGE<br><strong>Erwartete Besucherzahl:<\/strong>&nbsp;rund 5.000<br><strong>Besonderheiten 2026:<\/strong>&nbsp;Neon-Party am Freitag, neues Maskottchen \u201eGroni\u201c, Festumzug mit mindestens 25 Gruppen und sieben Musikz\u00fcgen<\/p>\n\n\n\n<p class=\"wp-block-paragraph\"><\/p>\n\n\n\n<p class=\"wp-block-paragraph\"><\/p>\n\n\n\n<p class=\"has-text-align-right has-small-font-size wp-block-paragraph\"><strong>Fotos: <\/strong> H.-J. Schmidt<\/p>\n\n\n\n<p class=\"wp-block-paragraph\"><\/p>\n","protected":false},"excerpt":{"rendered":"<p>Die Groner Kirmes geht in ihre 153. Auflage. Von Freitag, 4. September, bis Montag, 7. September, verwandelt sich der Festplatz an der Martin-Luther-Stra\u00dfe wieder in das Zentrum des G\u00f6ttinger Stadtteils. Neben bew\u00e4hrten Traditionen gibt es in diesem Jahr gleich zwei Neuerungen: eine zus\u00e4tzliche Veranstaltung am Freitagabend und das neue Ortsteil-Maskottchen \u201eGroni\u201c. Die Groner Kirmes z\u00e4hlt [&hellip;]<\/p>\n","protected":false},"author":1,"featured_media":32185,"comment_status":"open","ping_status":"open","sticky":false,"template":"","format":"standard","meta":{"saved_in_kubio":false,"footnotes":""},"categories":[52,41],"tags":[5508,5257,5541,5539,5542,5543,5166,5544,5540],"class_list":["post-32182","post","type-post","status-publish","format-standard","has-post-thumbnail","hentry","category-freizeit","category-veranstaltungen","tag-5508","tag-ehrenamt-2","tag-gronerkirmes","tag-gronerkirmes2026","tag-kirmesumzug","tag-neonparty","tag-radioleinewelle-2","tag-stadtteilfest-2","tag-groni"],"yoast_head":"<!-- This site is optimized with the Yoast SEO plugin v28.4 - https:\/\/yoast.com\/product\/yoast-seo-wordpress\/ -->\n<title>Vier Tage Grone im Ausnahmezustand: Kirmes startet mit \u201eGroni\u201c, Neon-Party und gro\u00dfem Festumzug - Radio Leinewelle<\/title>\n<meta name=\"description\" content=\"ier Tage feiert Grone seine 153. Kirmes. Neu sind die Freitagabend-Party und Maskottchen Groni. H\u00f6hepunkt ist der Festumzug mit mindestens 25 Gruppen.\" \/>\n<meta name=\"robots\" content=\"index, follow, max-snippet:-1, max-image-preview:large, max-video-preview:-1\" \/>\n<link rel=\"canonical\" href=\"https:\/\/radioleinewelle.de\/index.php\/2026\/09\/04\/32182\/\" \/>\n<meta property=\"og:locale\" content=\"de_DE\" \/>\n<meta property=\"og:type\" content=\"article\" \/>\n<meta property=\"og:title\" content=\"Vier Tage Grone im Ausnahmezustand: Kirmes startet mit \u201eGroni\u201c, Neon-Party und gro\u00dfem Festumzug - Radio Leinewelle\" \/>\n<meta property=\"og:description\" content=\"ier Tage feiert Grone seine 153. Kirmes. Neu sind die Freitagabend-Party und Maskottchen Groni. H\u00f6hepunkt ist der Festumzug mit mindestens 25 Gruppen.\" \/>\n<meta property=\"og:url\" content=\"https:\/\/radioleinewelle.de\/index.php\/2026\/09\/04\/32182\/\" \/>\n<meta property=\"og:site_name\" content=\"Radio Leinewelle\" \/>\n<meta property=\"article:publisher\" content=\"https:\/\/www.facebook.com\/radioleinewelle\" \/>\n<meta property=\"article:author\" content=\"https:\/\/www.facebook.com\/radioleinewelle\" \/>\n<meta property=\"article:published_time\" content=\"2026-09-04T08:50:00+00:00\" \/>\n<meta property=\"article:modified_time\" content=\"2026-09-04T14:53:00+00:00\" \/>\n<meta property=\"og:image\" content=\"https:\/\/radioleinewelle.de\/wp-content\/uploads\/2026\/09\/Groner-Kirmes-2-1024x683.jpg\" \/>\n\t<meta property=\"og:image:width\" content=\"1024\" \/>\n\t<meta property=\"og:image:height\" content=\"683\" \/>\n\t<meta property=\"og:image:type\" content=\"image\/jpeg\" \/>\n<meta name=\"author\" content=\"Leinewelle\" \/>\n<meta name=\"twitter:card\" content=\"summary_large_image\" \/>\n<meta name=\"twitter:creator\" content=\"@https:\/\/twitter.com\/RLeinewelle?ref_src=twsrcgoogletwcampserptwgrauthor\" \/>\n<meta name=\"twitter:site\" content=\"@RLeinewelle\" \/>\n<meta name=\"twitter:label1\" content=\"Verfasst von\" \/>\n\t<meta name=\"twitter:data1\" content=\"Leinewelle\" \/>\n\t<meta name=\"twitter:label2\" content=\"Gesch\u00e4tzte Lesezeit\" \/>\n\t<meta name=\"twitter:data2\" content=\"4\u00a0Minuten\" \/>\n<script type=\"application\/ld+json\" class=\"yoast-schema-graph\">{\"@context\":\"https:\\\/\\\/schema.org\",\"@graph\":[{\"@type\":\"Article\",\"@id\":\"https:\\\/\\\/radioleinewelle.de\\\/index.php\\\/2026\\\/09\\\/04\\\/32182\\\/#article\",\"isPartOf\":{\"@id\":\"https:\\\/\\\/radioleinewelle.de\\\/index.php\\\/2026\\\/09\\\/04\\\/32182\\\/\"},\"author\":{\"name\":\"Leinewelle\",\"@id\":\"https:\\\/\\\/radioleinewelle.de\\\/#\\\/schema\\\/person\\\/45606f348637df637192dc1b68399a63\"},\"headline\":\"Vier Tage Grone im Ausnahmezustand: Kirmes startet mit \u201eGroni\u201c, Neon-Party und gro\u00dfem Festumzug\",\"datePublished\":\"2026-09-04T08:50:00+00:00\",\"dateModified\":\"2026-09-04T14:53:00+00:00\",\"mainEntityOfPage\":{\"@id\":\"https:\\\/\\\/radioleinewelle.de\\\/index.php\\\/2026\\\/09\\\/04\\\/32182\\\/\"},\"wordCount\":613,\"commentCount\":0,\"publisher\":{\"@id\":\"https:\\\/\\\/radioleinewelle.de\\\/#organization\"},\"image\":{\"@id\":\"https:\\\/\\\/radioleinewelle.de\\\/index.php\\\/2026\\\/09\\\/04\\\/32182\\\/#primaryimage\"},\"thumbnailUrl\":\"https:\\\/\\\/radioleinewelle.de\\\/wp-content\\\/uploads\\\/2026\\\/09\\\/Groner-Kirmes-2.jpg\",\"keywords\":[\"#\",\"#Ehrenamt\",\"#GronerKirmes\",\"#GronerKirmes2026\",\"#Kirmesumzug\",\"#NeonParty\",\"#RadioLeinewelle\",\"#Stadtteilfest\",\"Groni\"],\"articleSection\":[\"Freizeit\",\"Veranstaltungen\"],\"inLanguage\":\"de\",\"potentialAction\":[{\"@type\":\"CommentAction\",\"name\":\"Comment\",\"target\":[\"https:\\\/\\\/radioleinewelle.de\\\/index.php\\\/2026\\\/09\\\/04\\\/32182\\\/#respond\"]}]},{\"@type\":\"WebPage\",\"@id\":\"https:\\\/\\\/radioleinewelle.de\\\/index.php\\\/2026\\\/09\\\/04\\\/32182\\\/\",\"url\":\"https:\\\/\\\/radioleinewelle.de\\\/index.php\\\/2026\\\/09\\\/04\\\/32182\\\/\",\"name\":\"Vier Tage Grone im Ausnahmezustand: Kirmes startet mit \u201eGroni\u201c, Neon-Party und gro\u00dfem Festumzug - Radio Leinewelle\",\"isPartOf\":{\"@id\":\"https:\\\/\\\/radioleinewelle.de\\\/#website\"},\"primaryImageOfPage\":{\"@id\":\"https:\\\/\\\/radioleinewelle.de\\\/index.php\\\/2026\\\/09\\\/04\\\/32182\\\/#primaryimage\"},\"image\":{\"@id\":\"https:\\\/\\\/radioleinewelle.de\\\/index.php\\\/2026\\\/09\\\/04\\\/32182\\\/#primaryimage\"},\"thumbnailUrl\":\"https:\\\/\\\/radioleinewelle.de\\\/wp-content\\\/uploads\\\/2026\\\/09\\\/Groner-Kirmes-2.jpg\",\"datePublished\":\"2026-09-04T08:50:00+00:00\",\"dateModified\":\"2026-09-04T14:53:00+00:00\",\"description\":\"ier Tage feiert Grone seine 153. Kirmes. Neu sind die Freitagabend-Party und Maskottchen Groni. H\u00f6hepunkt ist der Festumzug mit mindestens 25 Gruppen.\",\"breadcrumb\":{\"@id\":\"https:\\\/\\\/radioleinewelle.de\\\/index.php\\\/2026\\\/09\\\/04\\\/32182\\\/#breadcrumb\"},\"inLanguage\":\"de\",\"potentialAction\":[{\"@type\":\"ReadAction\",\"target\":[\"https:\\\/\\\/radioleinewelle.de\\\/index.php\\\/2026\\\/09\\\/04\\\/32182\\\/\"]}]},{\"@type\":\"ImageObject\",\"inLanguage\":\"de\",\"@id\":\"https:\\\/\\\/radioleinewelle.de\\\/index.php\\\/2026\\\/09\\\/04\\\/32182\\\/#primaryimage\",\"url\":\"https:\\\/\\\/radioleinewelle.de\\\/wp-content\\\/uploads\\\/2026\\\/09\\\/Groner-Kirmes-2.jpg\",\"contentUrl\":\"https:\\\/\\\/radioleinewelle.de\\\/wp-content\\\/uploads\\\/2026\\\/09\\\/Groner-Kirmes-2.jpg\",\"width\":1913,\"height\":1276},{\"@type\":\"BreadcrumbList\",\"@id\":\"https:\\\/\\\/radioleinewelle.de\\\/index.php\\\/2026\\\/09\\\/04\\\/32182\\\/#breadcrumb\",\"itemListElement\":[{\"@type\":\"ListItem\",\"position\":1,\"name\":\"Startseite\",\"item\":\"https:\\\/\\\/radioleinewelle.de\\\/\"},{\"@type\":\"ListItem\",\"position\":2,\"name\":\"Vier Tage Grone im Ausnahmezustand: Kirmes startet mit \u201eGroni\u201c, Neon-Party und gro\u00dfem Festumzug\"}]},{\"@type\":\"WebSite\",\"@id\":\"https:\\\/\\\/radioleinewelle.de\\\/#website\",\"url\":\"https:\\\/\\\/radioleinewelle.de\\\/\",\"name\":\"Radio Leinewelle\",\"description\":\"\",\"publisher\":{\"@id\":\"https:\\\/\\\/radioleinewelle.de\\\/#organization\"},\"potentialAction\":[{\"@type\":\"SearchAction\",\"target\":{\"@type\":\"EntryPoint\",\"urlTemplate\":\"https:\\\/\\\/radioleinewelle.de\\\/?s={search_term_string}\"},\"query-input\":{\"@type\":\"PropertyValueSpecification\",\"valueRequired\":true,\"valueName\":\"search_term_string\"}}],\"inLanguage\":\"de\"},{\"@type\":\"Organization\",\"@id\":\"https:\\\/\\\/radioleinewelle.de\\\/#organization\",\"name\":\"Radio Leinewelle\",\"alternateName\":\"Mein Radio f\u00fcr S\u00fcdniedersachsen\",\"url\":\"https:\\\/\\\/radioleinewelle.de\\\/\",\"logo\":{\"@type\":\"ImageObject\",\"inLanguage\":\"de\",\"@id\":\"https:\\\/\\\/radioleinewelle.de\\\/#\\\/schema\\\/logo\\\/image\\\/\",\"url\":\"https:\\\/\\\/radioleinewelle.de\\\/wp-content\\\/uploads\\\/2023\\\/11\\\/cropped-Leinewelle_Logo_weiss.png\",\"contentUrl\":\"https:\\\/\\\/radioleinewelle.de\\\/wp-content\\\/uploads\\\/2023\\\/11\\\/cropped-Leinewelle_Logo_weiss.png\",\"width\":854,\"height\":260,\"caption\":\"Radio Leinewelle\"},\"image\":{\"@id\":\"https:\\\/\\\/radioleinewelle.de\\\/#\\\/schema\\\/logo\\\/image\\\/\"},\"sameAs\":[\"https:\\\/\\\/www.facebook.com\\\/radioleinewelle\",\"https:\\\/\\\/x.com\\\/RLeinewelle\",\"https:\\\/\\\/www.instagram.com\\\/radioleinewelle\\\/?hl=de\"]},{\"@type\":\"Person\",\"@id\":\"https:\\\/\\\/radioleinewelle.de\\\/#\\\/schema\\\/person\\\/45606f348637df637192dc1b68399a63\",\"name\":\"Leinewelle\",\"image\":{\"@type\":\"ImageObject\",\"inLanguage\":\"de\",\"@id\":\"https:\\\/\\\/secure.gravatar.com\\\/avatar\\\/05c9a17bc973052ee5d91549bd32fb4dd0dc85b7b85ae94b2e2b4943476bbea5?s=96&d=blank&r=g\",\"url\":\"https:\\\/\\\/secure.gravatar.com\\\/avatar\\\/05c9a17bc973052ee5d91549bd32fb4dd0dc85b7b85ae94b2e2b4943476bbea5?s=96&d=blank&r=g\",\"contentUrl\":\"https:\\\/\\\/secure.gravatar.com\\\/avatar\\\/05c9a17bc973052ee5d91549bd32fb4dd0dc85b7b85ae94b2e2b4943476bbea5?s=96&d=blank&r=g\",\"caption\":\"Leinewelle\"},\"sameAs\":[\"http:\\\/\\\/localhost\\\/radio%20leinewelle\\\/wordpress\",\"https:\\\/\\\/www.facebook.com\\\/radioleinewelle\",\"https:\\\/\\\/www.instagram.com\\\/radioleinewelle\",\"https:\\\/\\\/x.com\\\/https:\\\/\\\/twitter.com\\\/RLeinewelle?ref_src=twsrcgoogletwcampserptwgrauthor\",\"https:\\\/\\\/soundcloud.com\\\/foerderverein-lokalradio?utm_source=clipboard&utm_medium=text&utm_campaign=social_sharing\"],\"url\":\"https:\\\/\\\/radioleinewelle.de\\\/index.php\\\/author\\\/leinewelle\\\/\"}]}<\/script>\n<!-- \/ Yoast SEO plugin. -->","yoast_head_json":{"title":"Vier Tage Grone im Ausnahmezustand: Kirmes startet mit \u201eGroni\u201c, Neon-Party und gro\u00dfem Festumzug - Radio Leinewelle","description":"ier Tage feiert Grone seine 153. Kirmes. Neu sind die Freitagabend-Party und Maskottchen Groni. H\u00f6hepunkt ist der Festumzug mit mindestens 25 Gruppen.","robots":{"index":"index","follow":"follow","max-snippet":"max-snippet:-1","max-image-preview":"max-image-preview:large","max-video-preview":"max-video-preview:-1"},"canonical":"https:\/\/radioleinewelle.de\/index.php\/2026\/09\/04\/32182\/","og_locale":"de_DE","og_type":"article","og_title":"Vier Tage Grone im Ausnahmezustand: Kirmes startet mit \u201eGroni\u201c, Neon-Party und gro\u00dfem Festumzug - Radio Leinewelle","og_description":"ier Tage feiert Grone seine 153. Kirmes. Neu sind die Freitagabend-Party und Maskottchen Groni. H\u00f6hepunkt ist der Festumzug mit mindestens 25 Gruppen.","og_url":"https:\/\/radioleinewelle.de\/index.php\/2026\/09\/04\/32182\/","og_site_name":"Radio Leinewelle","article_publisher":"https:\/\/www.facebook.com\/radioleinewelle","article_author":"https:\/\/www.facebook.com\/radioleinewelle","article_published_time":"2026-09-04T08:50:00+00:00","article_modified_time":"2026-09-04T14:53:00+00:00","og_image":[{"width":1024,"height":683,"url":"https:\/\/radioleinewelle.de\/wp-content\/uploads\/2026\/09\/Groner-Kirmes-2-1024x683.jpg","type":"image\/jpeg"}],"author":"Leinewelle","twitter_card":"summary_large_image","twitter_creator":"@https:\/\/twitter.com\/RLeinewelle?ref_src=twsrcgoogletwcampserptwgrauthor","twitter_site":"@RLeinewelle","twitter_misc":{"Verfasst von":"Leinewelle","Gesch\u00e4tzte Lesezeit":"4\u00a0Minuten"},"schema":{"@context":"https:\/\/schema.org","@graph":[{"@type":"Article","@id":"https:\/\/radioleinewelle.de\/index.php\/2026\/09\/04\/32182\/#article","isPartOf":{"@id":"https:\/\/radioleinewelle.de\/index.php\/2026\/09\/04\/32182\/"},"author":{"name":"Leinewelle","@id":"https:\/\/radioleinewelle.de\/#\/schema\/person\/45606f348637df637192dc1b68399a63"},"headline":"Vier Tage Grone im Ausnahmezustand: Kirmes startet mit \u201eGroni\u201c, Neon-Party und gro\u00dfem Festumzug","datePublished":"2026-09-04T08:50:00+00:00","dateModified":"2026-09-04T14:53:00+00:00","mainEntityOfPage":{"@id":"https:\/\/radioleinewelle.de\/index.php\/2026\/09\/04\/32182\/"},"wordCount":613,"commentCount":0,"publisher":{"@id":"https:\/\/radioleinewelle.de\/#organization"},"image":{"@id":"https:\/\/radioleinewelle.de\/index.php\/2026\/09\/04\/32182\/#primaryimage"},"thumbnailUrl":"https:\/\/radioleinewelle.de\/wp-content\/uploads\/2026\/09\/Groner-Kirmes-2.jpg","keywords":["#","#Ehrenamt","#GronerKirmes","#GronerKirmes2026","#Kirmesumzug","#NeonParty","#RadioLeinewelle","#Stadtteilfest","Groni"],"articleSection":["Freizeit","Veranstaltungen"],"inLanguage":"de","potentialAction":[{"@type":"CommentAction","name":"Comment","target":["https:\/\/radioleinewelle.de\/index.php\/2026\/09\/04\/32182\/#respond"]}]},{"@type":"WebPage","@id":"https:\/\/radioleinewelle.de\/index.php\/2026\/09\/04\/32182\/","url":"https:\/\/radioleinewelle.de\/index.php\/2026\/09\/04\/32182\/","name":"Vier Tage Grone im Ausnahmezustand: Kirmes startet mit \u201eGroni\u201c, Neon-Party und gro\u00dfem Festumzug - Radio Leinewelle","isPartOf":{"@id":"https:\/\/radioleinewelle.de\/#website"},"primaryImageOfPage":{"@id":"https:\/\/radioleinewelle.de\/index.php\/2026\/09\/04\/32182\/#primaryimage"},"image":{"@id":"https:\/\/radioleinewelle.de\/index.php\/2026\/09\/04\/32182\/#primaryimage"},"thumbnailUrl":"https:\/\/radioleinewelle.de\/wp-content\/uploads\/2026\/09\/Groner-Kirmes-2.jpg","datePublished":"2026-09-04T08:50:00+00:00","dateModified":"2026-09-04T14:53:00+00:00","description":"ier Tage feiert Grone seine 153. Kirmes. Neu sind die Freitagabend-Party und Maskottchen Groni. H\u00f6hepunkt ist der Festumzug mit mindestens 25 Gruppen.","breadcrumb":{"@id":"https:\/\/radioleinewelle.de\/index.php\/2026\/09\/04\/32182\/#breadcrumb"},"inLanguage":"de","potentialAction":[{"@type":"ReadAction","target":["https:\/\/radioleinewelle.de\/index.php\/2026\/09\/04\/32182\/"]}]},{"@type":"ImageObject","inLanguage":"de","@id":"https:\/\/radioleinewelle.de\/index.php\/2026\/09\/04\/32182\/#primaryimage","url":"https:\/\/radioleinewelle.de\/wp-content\/uploads\/2026\/09\/Groner-Kirmes-2.jpg","contentUrl":"https:\/\/radioleinewelle.de\/wp-content\/uploads\/2026\/09\/Groner-Kirmes-2.jpg","width":1913,"height":1276},{"@type":"BreadcrumbList","@id":"https:\/\/radioleinewelle.de\/index.php\/2026\/09\/04\/32182\/#breadcrumb","itemListElement":[{"@type":"ListItem","position":1,"name":"Startseite","item":"https:\/\/radioleinewelle.de\/"},{"@type":"ListItem","position":2,"name":"Vier Tage Grone im Ausnahmezustand: Kirmes startet mit \u201eGroni\u201c, Neon-Party und gro\u00dfem Festumzug"}]},{"@type":"WebSite","@id":"https:\/\/radioleinewelle.de\/#website","url":"https:\/\/radioleinewelle.de\/","name":"Radio Leinewelle","description":"","publisher":{"@id":"https:\/\/radioleinewelle.de\/#organization"},"potentialAction":[{"@type":"SearchAction","target":{"@type":"EntryPoint","urlTemplate":"https:\/\/radioleinewelle.de\/?s={search_term_string}"},"query-input":{"@type":"PropertyValueSpecification","valueRequired":true,"valueName":"search_term_string"}}],"inLanguage":"de"},{"@type":"Organization","@id":"https:\/\/radioleinewelle.de\/#organization","name":"Radio Leinewelle","alternateName":"Mein Radio f\u00fcr S\u00fcdniedersachsen","url":"https:\/\/radioleinewelle.de\/","logo":{"@type":"ImageObject","inLanguage":"de","@id":"https:\/\/radioleinewelle.de\/#\/schema\/logo\/image\/","url":"https:\/\/radioleinewelle.de\/wp-content\/uploads\/2023\/11\/cropped-Leinewelle_Logo_weiss.png","contentUrl":"https:\/\/radioleinewelle.de\/wp-content\/uploads\/2023\/11\/cropped-Leinewelle_Logo_weiss.png","width":854,"height":260,"caption":"Radio Leinewelle"},"image":{"@id":"https:\/\/radioleinewelle.de\/#\/schema\/logo\/image\/"},"sameAs":["https:\/\/www.facebook.com\/radioleinewelle","https:\/\/x.com\/RLeinewelle","https:\/\/www.instagram.com\/radioleinewelle\/?hl=de"]},{"@type":"Person","@id":"https:\/\/radioleinewelle.de\/#\/schema\/person\/45606f348637df637192dc1b68399a63","name":"Leinewelle","image":{"@type":"ImageObject","inLanguage":"de","@id":"https:\/\/secure.gravatar.com\/avatar\/05c9a17bc973052ee5d91549bd32fb4dd0dc85b7b85ae94b2e2b4943476bbea5?s=96&d=blank&r=g","url":"https:\/\/secure.gravatar.com\/avatar\/05c9a17bc973052ee5d91549bd32fb4dd0dc85b7b85ae94b2e2b4943476bbea5?s=96&d=blank&r=g","contentUrl":"https:\/\/secure.gravatar.com\/avatar\/05c9a17bc973052ee5d91549bd32fb4dd0dc85b7b85ae94b2e2b4943476bbea5?s=96&d=blank&r=g","caption":"Leinewelle"},"sameAs":["http:\/\/localhost\/radio%20leinewelle\/wordpress","https:\/\/www.facebook.com\/radioleinewelle","https:\/\/www.instagram.com\/radioleinewelle","https:\/\/x.com\/https:\/\/twitter.com\/RLeinewelle?ref_src=twsrcgoogletwcampserptwgrauthor","https:\/\/soundcloud.com\/foerderverein-lokalradio?utm_source=clipboard&utm_medium=text&utm_campaign=social_sharing"],"url":"https:\/\/radioleinewelle.de\/index.php\/author\/leinewelle\/"}]}},"_links":{"self":[{"href":"https:\/\/radioleinewelle.de\/index.php\/wp-json\/wp\/v2\/posts\/32182","targetHints":{"allow":["GET"]}}],"collection":[{"href":"https:\/\/radioleinewelle.de\/index.php\/wp-json\/wp\/v2\/posts"}],"about":[{"href":"https:\/\/radioleinewelle.de\/index.php\/wp-json\/wp\/v2\/types\/post"}],"author":[{"embeddable":true,"href":"https:\/\/radioleinewelle.de\/index.php\/wp-json\/wp\/v2\/users\/1"}],"replies":[{"embeddable":true,"href":"https:\/\/radioleinewelle.de\/index.php\/wp-json\/wp\/v2\/comments?post=32182"}],"version-history":[{"count":6,"href":"https:\/\/radioleinewelle.de\/index.php\/wp-json\/wp\/v2\/posts\/32182\/revisions"}],"predecessor-version":[{"id":32191,"href":"https:\/\/radioleinewelle.de\/index.php\/wp-json\/wp\/v2\/posts\/32182\/revisions\/32191"}],"wp:featuredmedia":[{"embeddable":true,"href":"https:\/\/radioleinewelle.de\/index.php\/wp-json\/wp\/v2\/media\/32185"}],"wp:attachment":[{"href":"https:\/\/radioleinewelle.de\/index.php\/wp-json\/wp\/v2\/media?parent=32182"}],"wp:term":[{"taxonomy":"category","embeddable":true,"href":"https:\/\/radioleinewelle.de\/index.php\/wp-json\/wp\/v2\/categories?post=32182"},{"taxonomy":"post_tag","embeddable":true,"href":"https:\/\/radioleinewelle.de\/index.php\/wp-json\/wp\/v2\/tags?post=32182"}],"curies":[{"name":"wp","href":"https:\/\/api.w.org\/{rel}","templated":true}]}}