{"id":3224,"date":"2020-11-30T05:07:58","date_gmt":"2020-11-30T04:07:58","guid":{"rendered":"https:\/\/radioleinewelle.de\/?p=3224"},"modified":"2020-11-30T05:07:58","modified_gmt":"2020-11-30T04:07:58","slug":"ver-di-unterstuetzt-forderung-nach-gruendung-einer-medizinischen-fakultaet-in-braunschweig-und-fordert-mehr-engagement-der-oeffentlichen-hand-im-gesundheitssystem","status":"publish","type":"post","link":"https:\/\/radioleinewelle.de\/index.php\/2020\/11\/30\/ver-di-unterstuetzt-forderung-nach-gruendung-einer-medizinischen-fakultaet-in-braunschweig-und-fordert-mehr-engagement-der-oeffentlichen-hand-im-gesundheitssystem\/","title":{"rendered":"ver.di unterst\u00fctzt Forderung nach Gr\u00fcndung einer medizinischen Fakult\u00e4t in Braunschweig und fordert mehr Engagement der \u00f6ffentlichen Hand im Gesundheitssystem"},"content":{"rendered":"<p>Vergangenen Donnerstag forderte der Landesvorsitzende der \u00c4rztevereinigung Marburger Bund die St\u00e4rkung der \u00c4rzteausbildung in Niedersachsen, dazu m\u00fcsste eine medizinische Fakult\u00e4t in Braunschweig gegr\u00fcndet werden. ver.di-Bezirksgesch\u00e4ftsf\u00fchrer Sebastian Wertm\u00fcller begr\u00fc\u00dft den Vorschlag des MB und geht noch weiter. Er fordert eine Trendwende in der Gesundheitspolitik.<\/p>\n<p>Bezirksgesch\u00e4ftsf\u00fchrer Sebastian Wertm\u00fcller: \u201eDie Corona Pandemie hat gezeigt, dass die \u00f6ffentliche Hand deutlich mehr in das Gesundheitssystem investieren muss als bisher. Immer wieder haben wir auf die Fehlentwicklungen hingewiesen. Der Staat hat die hoheitliche Aufgabe der Gesundheitsversorgung viel zu stark vernachl\u00e4ssigt und in die H\u00e4nde gewinnorientierter Konzerne gegeben. Das muss sich \u00e4ndern.\u201c<\/p>\n<p>ver.di Gesundheitsexperte Jens Havemann erg\u00e4nzt: \u201eDie St\u00e4rkung unsres Gesundheitssystems beginnt mit einer St\u00e4rkung der Ausbildung von \u00c4rzten und Pflegepersonal. Deshalb w\u00e4re eine medizinische Fakult\u00e4t ein Gewinn f\u00fcr der Klinikstandort Braunschweig. Langfristig k\u00f6nnte das ein Baustein sein um einen starken Verbund kommunaler-Kliniken in der Region zu etablieren.<\/p>\n<p>Die gewerkschaftlich organisierten Besch\u00e4ftigten des \u00f6ffentlichen Dienstes haben in der letzten Tarifrunde bereits eine deutliche Verbesserung f\u00fcr Besch\u00e4ftigte in der Pflege durchgesetzt. In den Augen vieler ein erster wichtiger Schritt zur St\u00e4rkung des Gesundheitssystems, denn nur mit guten Arbeitsbedingungen kann dem Fachkr\u00e4ftemangel begegnet werden.<\/p>\n<p>Bild von <a href=\"https:\/\/pixabay.com\/de\/users\/nikolayhg-3248\/?utm_source=link-attribution&amp;utm_medium=referral&amp;utm_campaign=image&amp;utm_content=105709\">Nikolay Georgiev<\/a> auf <a href=\"https:\/\/pixabay.com\/de\/?utm_source=link-attribution&amp;utm_medium=referral&amp;utm_campaign=image&amp;utm_content=105709\">Pixabay<\/a><\/p>\n","protected":false},"excerpt":{"rendered":"<p>Vergangenen Donnerstag forderte der Landesvorsitzende der \u00c4rztevereinigung Marburger Bund die St\u00e4rkung der \u00c4rzteausbildung in Niedersachsen, dazu m\u00fcsste eine medizinische Fakult\u00e4t in Braunschweig gegr\u00fcndet werden. ver.di-Bezirksgesch\u00e4ftsf\u00fchrer Sebastian Wertm\u00fcller begr\u00fc\u00dft den Vorschlag des MB und geht noch weiter. Er fordert eine Trendwende in der Gesundheitspolitik. Bezirksgesch\u00e4ftsf\u00fchrer Sebastian Wertm\u00fcller: \u201eDie Corona Pandemie hat gezeigt, dass die \u00f6ffentliche Hand [&hellip;]<\/p>\n","protected":false},"author":1,"featured_media":0,"comment_status":"closed","ping_status":"closed","sticky":false,"template":"","format":"standard","meta":{"saved_in_kubio":false,"footnotes":""},"categories":[35],"tags":[],"class_list":["post-3224","post","type-post","status-publish","format-standard","hentry","category-universitaet"],"yoast_head":"<!-- This site is optimized with the Yoast SEO plugin v27.5 - https:\/\/yoast.com\/product\/yoast-seo-wordpress\/ -->\n<title>ver.di unterst\u00fctzt Forderung nach Gr\u00fcndung einer medizinischen Fakult\u00e4t in Braunschweig und fordert mehr Engagement der \u00f6ffentlichen Hand im Gesundheitssystem - Radio Leinewelle<\/title>\n<meta name=\"robots\" content=\"index, follow, max-snippet:-1, max-image-preview:large, max-video-preview:-1\" \/>\n<link rel=\"canonical\" href=\"https:\/\/radioleinewelle.de\/index.php\/2020\/11\/30\/ver-di-unterstuetzt-forderung-nach-gruendung-einer-medizinischen-fakultaet-in-braunschweig-und-fordert-mehr-engagement-der-oeffentlichen-hand-im-gesundheitssystem\/\" \/>\n<meta property=\"og:locale\" content=\"de_DE\" \/>\n<meta property=\"og:type\" content=\"article\" \/>\n<meta property=\"og:title\" content=\"ver.di unterst\u00fctzt Forderung nach Gr\u00fcndung einer medizinischen Fakult\u00e4t in Braunschweig und fordert mehr Engagement der \u00f6ffentlichen Hand im Gesundheitssystem - Radio Leinewelle\" \/>\n<meta property=\"og:description\" content=\"Vergangenen Donnerstag forderte der Landesvorsitzende der \u00c4rztevereinigung Marburger Bund die St\u00e4rkung der \u00c4rzteausbildung in Niedersachsen, dazu m\u00fcsste eine medizinische Fakult\u00e4t in Braunschweig gegr\u00fcndet werden. ver.di-Bezirksgesch\u00e4ftsf\u00fchrer Sebastian Wertm\u00fcller begr\u00fc\u00dft den Vorschlag des MB und geht noch weiter. Er fordert eine Trendwende in der Gesundheitspolitik. Bezirksgesch\u00e4ftsf\u00fchrer Sebastian Wertm\u00fcller: \u201eDie Corona Pandemie hat gezeigt, dass die \u00f6ffentliche Hand [&hellip;]\" \/>\n<meta property=\"og:url\" content=\"https:\/\/radioleinewelle.de\/index.php\/2020\/11\/30\/ver-di-unterstuetzt-forderung-nach-gruendung-einer-medizinischen-fakultaet-in-braunschweig-und-fordert-mehr-engagement-der-oeffentlichen-hand-im-gesundheitssystem\/\" \/>\n<meta property=\"og:site_name\" content=\"Radio Leinewelle\" \/>\n<meta property=\"article:publisher\" content=\"https:\/\/www.facebook.com\/radioleinewelle\" \/>\n<meta property=\"article:author\" content=\"https:\/\/www.facebook.com\/radioleinewelle\" \/>\n<meta property=\"article:published_time\" content=\"2020-11-30T04:07:58+00:00\" \/>\n<meta name=\"author\" content=\"Leinewelle\" \/>\n<meta name=\"twitter:card\" content=\"summary_large_image\" \/>\n<meta name=\"twitter:creator\" content=\"@https:\/\/twitter.com\/RLeinewelle?ref_src=twsrcgoogletwcampserptwgrauthor\" \/>\n<meta name=\"twitter:site\" content=\"@RLeinewelle\" \/>\n<meta name=\"twitter:label1\" content=\"Verfasst von\" \/>\n\t<meta name=\"twitter:data1\" content=\"Leinewelle\" \/>\n\t<meta name=\"twitter:label2\" content=\"Gesch\u00e4tzte Lesezeit\" \/>\n\t<meta name=\"twitter:data2\" content=\"1\u00a0Minute\" \/>\n<script type=\"application\/ld+json\" class=\"yoast-schema-graph\">{\"@context\":\"https:\\\/\\\/schema.org\",\"@graph\":[{\"@type\":\"Article\",\"@id\":\"https:\\\/\\\/radioleinewelle.de\\\/index.php\\\/2020\\\/11\\\/30\\\/ver-di-unterstuetzt-forderung-nach-gruendung-einer-medizinischen-fakultaet-in-braunschweig-und-fordert-mehr-engagement-der-oeffentlichen-hand-im-gesundheitssystem\\\/#article\",\"isPartOf\":{\"@id\":\"https:\\\/\\\/radioleinewelle.de\\\/index.php\\\/2020\\\/11\\\/30\\\/ver-di-unterstuetzt-forderung-nach-gruendung-einer-medizinischen-fakultaet-in-braunschweig-und-fordert-mehr-engagement-der-oeffentlichen-hand-im-gesundheitssystem\\\/\"},\"author\":{\"name\":\"Leinewelle\",\"@id\":\"https:\\\/\\\/radioleinewelle.de\\\/#\\\/schema\\\/person\\\/45606f348637df637192dc1b68399a63\"},\"headline\":\"ver.di unterst\u00fctzt Forderung nach Gr\u00fcndung einer medizinischen Fakult\u00e4t in Braunschweig und fordert mehr Engagement der \u00f6ffentlichen Hand im Gesundheitssystem\",\"datePublished\":\"2020-11-30T04:07:58+00:00\",\"mainEntityOfPage\":{\"@id\":\"https:\\\/\\\/radioleinewelle.de\\\/index.php\\\/2020\\\/11\\\/30\\\/ver-di-unterstuetzt-forderung-nach-gruendung-einer-medizinischen-fakultaet-in-braunschweig-und-fordert-mehr-engagement-der-oeffentlichen-hand-im-gesundheitssystem\\\/\"},\"wordCount\":241,\"publisher\":{\"@id\":\"https:\\\/\\\/radioleinewelle.de\\\/#organization\"},\"articleSection\":[\"Universit\u00e4t\"],\"inLanguage\":\"de\"},{\"@type\":\"WebPage\",\"@id\":\"https:\\\/\\\/radioleinewelle.de\\\/index.php\\\/2020\\\/11\\\/30\\\/ver-di-unterstuetzt-forderung-nach-gruendung-einer-medizinischen-fakultaet-in-braunschweig-und-fordert-mehr-engagement-der-oeffentlichen-hand-im-gesundheitssystem\\\/\",\"url\":\"https:\\\/\\\/radioleinewelle.de\\\/index.php\\\/2020\\\/11\\\/30\\\/ver-di-unterstuetzt-forderung-nach-gruendung-einer-medizinischen-fakultaet-in-braunschweig-und-fordert-mehr-engagement-der-oeffentlichen-hand-im-gesundheitssystem\\\/\",\"name\":\"ver.di unterst\u00fctzt Forderung nach Gr\u00fcndung einer medizinischen Fakult\u00e4t in Braunschweig und fordert mehr Engagement der \u00f6ffentlichen Hand im Gesundheitssystem - Radio Leinewelle\",\"isPartOf\":{\"@id\":\"https:\\\/\\\/radioleinewelle.de\\\/#website\"},\"datePublished\":\"2020-11-30T04:07:58+00:00\",\"breadcrumb\":{\"@id\":\"https:\\\/\\\/radioleinewelle.de\\\/index.php\\\/2020\\\/11\\\/30\\\/ver-di-unterstuetzt-forderung-nach-gruendung-einer-medizinischen-fakultaet-in-braunschweig-und-fordert-mehr-engagement-der-oeffentlichen-hand-im-gesundheitssystem\\\/#breadcrumb\"},\"inLanguage\":\"de\",\"potentialAction\":[{\"@type\":\"ReadAction\",\"target\":[\"https:\\\/\\\/radioleinewelle.de\\\/index.php\\\/2020\\\/11\\\/30\\\/ver-di-unterstuetzt-forderung-nach-gruendung-einer-medizinischen-fakultaet-in-braunschweig-und-fordert-mehr-engagement-der-oeffentlichen-hand-im-gesundheitssystem\\\/\"]}]},{\"@type\":\"BreadcrumbList\",\"@id\":\"https:\\\/\\\/radioleinewelle.de\\\/index.php\\\/2020\\\/11\\\/30\\\/ver-di-unterstuetzt-forderung-nach-gruendung-einer-medizinischen-fakultaet-in-braunschweig-und-fordert-mehr-engagement-der-oeffentlichen-hand-im-gesundheitssystem\\\/#breadcrumb\",\"itemListElement\":[{\"@type\":\"ListItem\",\"position\":1,\"name\":\"Startseite\",\"item\":\"https:\\\/\\\/radioleinewelle.de\\\/\"},{\"@type\":\"ListItem\",\"position\":2,\"name\":\"ver.di unterst\u00fctzt Forderung nach Gr\u00fcndung einer medizinischen Fakult\u00e4t in Braunschweig und fordert mehr Engagement der \u00f6ffentlichen Hand im Gesundheitssystem\"}]},{\"@type\":\"WebSite\",\"@id\":\"https:\\\/\\\/radioleinewelle.de\\\/#website\",\"url\":\"https:\\\/\\\/radioleinewelle.de\\\/\",\"name\":\"Radio Leinewelle\",\"description\":\"\",\"publisher\":{\"@id\":\"https:\\\/\\\/radioleinewelle.de\\\/#organization\"},\"potentialAction\":[{\"@type\":\"SearchAction\",\"target\":{\"@type\":\"EntryPoint\",\"urlTemplate\":\"https:\\\/\\\/radioleinewelle.de\\\/?s={search_term_string}\"},\"query-input\":{\"@type\":\"PropertyValueSpecification\",\"valueRequired\":true,\"valueName\":\"search_term_string\"}}],\"inLanguage\":\"de\"},{\"@type\":\"Organization\",\"@id\":\"https:\\\/\\\/radioleinewelle.de\\\/#organization\",\"name\":\"Radio Leinewelle\",\"alternateName\":\"Mein Radio f\u00fcr S\u00fcdniedersachsen\",\"url\":\"https:\\\/\\\/radioleinewelle.de\\\/\",\"logo\":{\"@type\":\"ImageObject\",\"inLanguage\":\"de\",\"@id\":\"https:\\\/\\\/radioleinewelle.de\\\/#\\\/schema\\\/logo\\\/image\\\/\",\"url\":\"https:\\\/\\\/radioleinewelle.de\\\/wp-content\\\/uploads\\\/2023\\\/11\\\/cropped-Leinewelle_Logo_weiss.png\",\"contentUrl\":\"https:\\\/\\\/radioleinewelle.de\\\/wp-content\\\/uploads\\\/2023\\\/11\\\/cropped-Leinewelle_Logo_weiss.png\",\"width\":854,\"height\":260,\"caption\":\"Radio Leinewelle\"},\"image\":{\"@id\":\"https:\\\/\\\/radioleinewelle.de\\\/#\\\/schema\\\/logo\\\/image\\\/\"},\"sameAs\":[\"https:\\\/\\\/www.facebook.com\\\/radioleinewelle\",\"https:\\\/\\\/x.com\\\/RLeinewelle\",\"https:\\\/\\\/www.instagram.com\\\/radioleinewelle\\\/?hl=de\"]},{\"@type\":\"Person\",\"@id\":\"https:\\\/\\\/radioleinewelle.de\\\/#\\\/schema\\\/person\\\/45606f348637df637192dc1b68399a63\",\"name\":\"Leinewelle\",\"image\":{\"@type\":\"ImageObject\",\"inLanguage\":\"de\",\"@id\":\"https:\\\/\\\/secure.gravatar.com\\\/avatar\\\/05c9a17bc973052ee5d91549bd32fb4dd0dc85b7b85ae94b2e2b4943476bbea5?s=96&d=blank&r=g\",\"url\":\"https:\\\/\\\/secure.gravatar.com\\\/avatar\\\/05c9a17bc973052ee5d91549bd32fb4dd0dc85b7b85ae94b2e2b4943476bbea5?s=96&d=blank&r=g\",\"contentUrl\":\"https:\\\/\\\/secure.gravatar.com\\\/avatar\\\/05c9a17bc973052ee5d91549bd32fb4dd0dc85b7b85ae94b2e2b4943476bbea5?s=96&d=blank&r=g\",\"caption\":\"Leinewelle\"},\"sameAs\":[\"http:\\\/\\\/localhost\\\/radio%20leinewelle\\\/wordpress\",\"https:\\\/\\\/www.facebook.com\\\/radioleinewelle\",\"https:\\\/\\\/www.instagram.com\\\/radioleinewelle\",\"https:\\\/\\\/x.com\\\/https:\\\/\\\/twitter.com\\\/RLeinewelle?ref_src=twsrcgoogletwcampserptwgrauthor\",\"https:\\\/\\\/soundcloud.com\\\/foerderverein-lokalradio?utm_source=clipboard&utm_medium=text&utm_campaign=social_sharing\"],\"url\":\"https:\\\/\\\/radioleinewelle.de\\\/index.php\\\/author\\\/leinewelle\\\/\"}]}<\/script>\n<!-- \/ Yoast SEO plugin. -->","yoast_head_json":{"title":"ver.di unterst\u00fctzt Forderung nach Gr\u00fcndung einer medizinischen Fakult\u00e4t in Braunschweig und fordert mehr Engagement der \u00f6ffentlichen Hand im Gesundheitssystem - Radio Leinewelle","robots":{"index":"index","follow":"follow","max-snippet":"max-snippet:-1","max-image-preview":"max-image-preview:large","max-video-preview":"max-video-preview:-1"},"canonical":"https:\/\/radioleinewelle.de\/index.php\/2020\/11\/30\/ver-di-unterstuetzt-forderung-nach-gruendung-einer-medizinischen-fakultaet-in-braunschweig-und-fordert-mehr-engagement-der-oeffentlichen-hand-im-gesundheitssystem\/","og_locale":"de_DE","og_type":"article","og_title":"ver.di unterst\u00fctzt Forderung nach Gr\u00fcndung einer medizinischen Fakult\u00e4t in Braunschweig und fordert mehr Engagement der \u00f6ffentlichen Hand im Gesundheitssystem - Radio Leinewelle","og_description":"Vergangenen Donnerstag forderte der Landesvorsitzende der \u00c4rztevereinigung Marburger Bund die St\u00e4rkung der \u00c4rzteausbildung in Niedersachsen, dazu m\u00fcsste eine medizinische Fakult\u00e4t in Braunschweig gegr\u00fcndet werden. ver.di-Bezirksgesch\u00e4ftsf\u00fchrer Sebastian Wertm\u00fcller begr\u00fc\u00dft den Vorschlag des MB und geht noch weiter. Er fordert eine Trendwende in der Gesundheitspolitik. Bezirksgesch\u00e4ftsf\u00fchrer Sebastian Wertm\u00fcller: \u201eDie Corona Pandemie hat gezeigt, dass die \u00f6ffentliche Hand [&hellip;]","og_url":"https:\/\/radioleinewelle.de\/index.php\/2020\/11\/30\/ver-di-unterstuetzt-forderung-nach-gruendung-einer-medizinischen-fakultaet-in-braunschweig-und-fordert-mehr-engagement-der-oeffentlichen-hand-im-gesundheitssystem\/","og_site_name":"Radio Leinewelle","article_publisher":"https:\/\/www.facebook.com\/radioleinewelle","article_author":"https:\/\/www.facebook.com\/radioleinewelle","article_published_time":"2020-11-30T04:07:58+00:00","author":"Leinewelle","twitter_card":"summary_large_image","twitter_creator":"@https:\/\/twitter.com\/RLeinewelle?ref_src=twsrcgoogletwcampserptwgrauthor","twitter_site":"@RLeinewelle","twitter_misc":{"Verfasst von":"Leinewelle","Gesch\u00e4tzte Lesezeit":"1\u00a0Minute"},"schema":{"@context":"https:\/\/schema.org","@graph":[{"@type":"Article","@id":"https:\/\/radioleinewelle.de\/index.php\/2020\/11\/30\/ver-di-unterstuetzt-forderung-nach-gruendung-einer-medizinischen-fakultaet-in-braunschweig-und-fordert-mehr-engagement-der-oeffentlichen-hand-im-gesundheitssystem\/#article","isPartOf":{"@id":"https:\/\/radioleinewelle.de\/index.php\/2020\/11\/30\/ver-di-unterstuetzt-forderung-nach-gruendung-einer-medizinischen-fakultaet-in-braunschweig-und-fordert-mehr-engagement-der-oeffentlichen-hand-im-gesundheitssystem\/"},"author":{"name":"Leinewelle","@id":"https:\/\/radioleinewelle.de\/#\/schema\/person\/45606f348637df637192dc1b68399a63"},"headline":"ver.di unterst\u00fctzt Forderung nach Gr\u00fcndung einer medizinischen Fakult\u00e4t in Braunschweig und fordert mehr Engagement der \u00f6ffentlichen Hand im Gesundheitssystem","datePublished":"2020-11-30T04:07:58+00:00","mainEntityOfPage":{"@id":"https:\/\/radioleinewelle.de\/index.php\/2020\/11\/30\/ver-di-unterstuetzt-forderung-nach-gruendung-einer-medizinischen-fakultaet-in-braunschweig-und-fordert-mehr-engagement-der-oeffentlichen-hand-im-gesundheitssystem\/"},"wordCount":241,"publisher":{"@id":"https:\/\/radioleinewelle.de\/#organization"},"articleSection":["Universit\u00e4t"],"inLanguage":"de"},{"@type":"WebPage","@id":"https:\/\/radioleinewelle.de\/index.php\/2020\/11\/30\/ver-di-unterstuetzt-forderung-nach-gruendung-einer-medizinischen-fakultaet-in-braunschweig-und-fordert-mehr-engagement-der-oeffentlichen-hand-im-gesundheitssystem\/","url":"https:\/\/radioleinewelle.de\/index.php\/2020\/11\/30\/ver-di-unterstuetzt-forderung-nach-gruendung-einer-medizinischen-fakultaet-in-braunschweig-und-fordert-mehr-engagement-der-oeffentlichen-hand-im-gesundheitssystem\/","name":"ver.di unterst\u00fctzt Forderung nach Gr\u00fcndung einer medizinischen Fakult\u00e4t in Braunschweig und fordert mehr Engagement der \u00f6ffentlichen Hand im Gesundheitssystem - Radio Leinewelle","isPartOf":{"@id":"https:\/\/radioleinewelle.de\/#website"},"datePublished":"2020-11-30T04:07:58+00:00","breadcrumb":{"@id":"https:\/\/radioleinewelle.de\/index.php\/2020\/11\/30\/ver-di-unterstuetzt-forderung-nach-gruendung-einer-medizinischen-fakultaet-in-braunschweig-und-fordert-mehr-engagement-der-oeffentlichen-hand-im-gesundheitssystem\/#breadcrumb"},"inLanguage":"de","potentialAction":[{"@type":"ReadAction","target":["https:\/\/radioleinewelle.de\/index.php\/2020\/11\/30\/ver-di-unterstuetzt-forderung-nach-gruendung-einer-medizinischen-fakultaet-in-braunschweig-und-fordert-mehr-engagement-der-oeffentlichen-hand-im-gesundheitssystem\/"]}]},{"@type":"BreadcrumbList","@id":"https:\/\/radioleinewelle.de\/index.php\/2020\/11\/30\/ver-di-unterstuetzt-forderung-nach-gruendung-einer-medizinischen-fakultaet-in-braunschweig-und-fordert-mehr-engagement-der-oeffentlichen-hand-im-gesundheitssystem\/#breadcrumb","itemListElement":[{"@type":"ListItem","position":1,"name":"Startseite","item":"https:\/\/radioleinewelle.de\/"},{"@type":"ListItem","position":2,"name":"ver.di unterst\u00fctzt Forderung nach Gr\u00fcndung einer medizinischen Fakult\u00e4t in Braunschweig und fordert mehr Engagement der \u00f6ffentlichen Hand im Gesundheitssystem"}]},{"@type":"WebSite","@id":"https:\/\/radioleinewelle.de\/#website","url":"https:\/\/radioleinewelle.de\/","name":"Radio Leinewelle","description":"","publisher":{"@id":"https:\/\/radioleinewelle.de\/#organization"},"potentialAction":[{"@type":"SearchAction","target":{"@type":"EntryPoint","urlTemplate":"https:\/\/radioleinewelle.de\/?s={search_term_string}"},"query-input":{"@type":"PropertyValueSpecification","valueRequired":true,"valueName":"search_term_string"}}],"inLanguage":"de"},{"@type":"Organization","@id":"https:\/\/radioleinewelle.de\/#organization","name":"Radio Leinewelle","alternateName":"Mein Radio f\u00fcr S\u00fcdniedersachsen","url":"https:\/\/radioleinewelle.de\/","logo":{"@type":"ImageObject","inLanguage":"de","@id":"https:\/\/radioleinewelle.de\/#\/schema\/logo\/image\/","url":"https:\/\/radioleinewelle.de\/wp-content\/uploads\/2023\/11\/cropped-Leinewelle_Logo_weiss.png","contentUrl":"https:\/\/radioleinewelle.de\/wp-content\/uploads\/2023\/11\/cropped-Leinewelle_Logo_weiss.png","width":854,"height":260,"caption":"Radio Leinewelle"},"image":{"@id":"https:\/\/radioleinewelle.de\/#\/schema\/logo\/image\/"},"sameAs":["https:\/\/www.facebook.com\/radioleinewelle","https:\/\/x.com\/RLeinewelle","https:\/\/www.instagram.com\/radioleinewelle\/?hl=de"]},{"@type":"Person","@id":"https:\/\/radioleinewelle.de\/#\/schema\/person\/45606f348637df637192dc1b68399a63","name":"Leinewelle","image":{"@type":"ImageObject","inLanguage":"de","@id":"https:\/\/secure.gravatar.com\/avatar\/05c9a17bc973052ee5d91549bd32fb4dd0dc85b7b85ae94b2e2b4943476bbea5?s=96&d=blank&r=g","url":"https:\/\/secure.gravatar.com\/avatar\/05c9a17bc973052ee5d91549bd32fb4dd0dc85b7b85ae94b2e2b4943476bbea5?s=96&d=blank&r=g","contentUrl":"https:\/\/secure.gravatar.com\/avatar\/05c9a17bc973052ee5d91549bd32fb4dd0dc85b7b85ae94b2e2b4943476bbea5?s=96&d=blank&r=g","caption":"Leinewelle"},"sameAs":["http:\/\/localhost\/radio%20leinewelle\/wordpress","https:\/\/www.facebook.com\/radioleinewelle","https:\/\/www.instagram.com\/radioleinewelle","https:\/\/x.com\/https:\/\/twitter.com\/RLeinewelle?ref_src=twsrcgoogletwcampserptwgrauthor","https:\/\/soundcloud.com\/foerderverein-lokalradio?utm_source=clipboard&utm_medium=text&utm_campaign=social_sharing"],"url":"https:\/\/radioleinewelle.de\/index.php\/author\/leinewelle\/"}]}},"_links":{"self":[{"href":"https:\/\/radioleinewelle.de\/index.php\/wp-json\/wp\/v2\/posts\/3224","targetHints":{"allow":["GET"]}}],"collection":[{"href":"https:\/\/radioleinewelle.de\/index.php\/wp-json\/wp\/v2\/posts"}],"about":[{"href":"https:\/\/radioleinewelle.de\/index.php\/wp-json\/wp\/v2\/types\/post"}],"author":[{"embeddable":true,"href":"https:\/\/radioleinewelle.de\/index.php\/wp-json\/wp\/v2\/users\/1"}],"replies":[{"embeddable":true,"href":"https:\/\/radioleinewelle.de\/index.php\/wp-json\/wp\/v2\/comments?post=3224"}],"version-history":[{"count":0,"href":"https:\/\/radioleinewelle.de\/index.php\/wp-json\/wp\/v2\/posts\/3224\/revisions"}],"wp:attachment":[{"href":"https:\/\/radioleinewelle.de\/index.php\/wp-json\/wp\/v2\/media?parent=3224"}],"wp:term":[{"taxonomy":"category","embeddable":true,"href":"https:\/\/radioleinewelle.de\/index.php\/wp-json\/wp\/v2\/categories?post=3224"},{"taxonomy":"post_tag","embeddable":true,"href":"https:\/\/radioleinewelle.de\/index.php\/wp-json\/wp\/v2\/tags?post=3224"}],"curies":[{"name":"wp","href":"https:\/\/api.w.org\/{rel}","templated":true}]}}