{"id":3260,"date":"2020-12-02T05:00:23","date_gmt":"2020-12-02T04:00:23","guid":{"rendered":"https:\/\/radioleinewelle.de\/?p=3260"},"modified":"2020-12-02T05:00:23","modified_gmt":"2020-12-02T04:00:23","slug":"landesregierung-beauftragt-den-katastrophenschutz-und-die-kommunalen-behoerden-mit-dem-landesweiten-aufbau-von-impfzentren","status":"publish","type":"post","link":"https:\/\/radioleinewelle.de\/index.php\/2020\/12\/02\/landesregierung-beauftragt-den-katastrophenschutz-und-die-kommunalen-behoerden-mit-dem-landesweiten-aufbau-von-impfzentren\/","title":{"rendered":"Landesregierung beauftragt den Katastrophenschutz und die kommunalen Beh\u00f6rden mit dem landesweiten Aufbau von Impfzentren"},"content":{"rendered":"<p>Das Corona-Virus bedroht mit hohen Infektionszahlen das Leben und die Gesundheit der Bev\u00f6lkerung in Niedersachsen. Mit den zum Jahresende verf\u00fcgbaren ersten Impfstoffen besteht nun die Chance, einer Erkrankung mit COVID-19 vorzubeugen und das Pandemiegeschehen schrittweise zur\u00fcckzudr\u00e4ngen. Daf\u00fcr ist es erforderlich, in kurzer Frist fl\u00e4chendeckend Impfzentren einzurichten. Hier sollen zun\u00e4chst besonders gef\u00e4hrdete Gruppen und Besch\u00e4ftigte im medizinisch-pflegerischen Bereich und dann die gesamte Bev\u00f6lkerung die M\u00f6glichkeit einer Schutzimpfung erhalten. Die L\u00e4nder haben zugesagt, daf\u00fcr zum 15. Dezember die organisatorischen und personellen Voraussetzungen zu schaffen.<\/p>\n<p>Um diesen akuten Impfbedarf kurzfristig zu bew\u00e4ltigen, ist beim Aufbau sowie beim organisatorischen und operativen Betrieb der Impfzentren die zentrale Unterst\u00fctzung durch die Beh\u00f6rden, Einsatzkr\u00e4fte und Mittel des Katastrophenschutzes erforderlich. Aus diesem Grund hat die Nieders\u00e4chsische Landesregierung heute das Ministerium f\u00fcr Inneres und Sport (MI) beauftragt, in Abstimmung mit dem Ministerium f\u00fcr Soziales, Gesundheit und Gleichstellung (MS), den Einritt eines sogenannten \u201eAu\u00dfergew\u00f6hnlichen Ereignisses von landesweiter Tragweite\u201c (nach \u00a7 27 a NKatSG) festzustellen. Damit wird aufgrund der derzeit geltenden epidemiologischen Lage von nationaler Tragweite der Einsatz der kommunalen Katastrophenschutzeinheiten und die \u00dcbernahme der zentralen Leitung durch das Land erm\u00f6glicht. Zugleich erhalten die Helferinnen und Helfer im Katastrophenschutz einen Freistellungsanspruch, so dass auch sie in gro\u00dfer Zahl f\u00fcr diese Aufgabe zur Verf\u00fcgung stehen.<\/p>\n<p>Sozial- und Gesundheitsministerin Carola Reimann erl\u00e4utert: \u201eNach gemeinsamer Auffassung von Landesregierung und Kommunen besteht nun die M\u00f6glichkeit, innerhalb kurzer Frist fl\u00e4chendeckend eine Infrastruktur aus station\u00e4ren Impfzentren und zahlreichen mobilen Teams von Beginn an dezentral aufzubauen.\u201c Auch Niedersachsens Innenminister Boris Pistorius ist sich sicher: \u201eDieses Konzept wird eine schnelle fl\u00e4chendeckende Impfung bef\u00f6rdern. MS und MI stimmen die Vorgaben und Einsatzauftr\u00e4ge f\u00fcr den Aufbau und Betrieb der Impfzentren ab. Das Kompetenzzentrum f\u00fcr Gro\u00dfschadenslagen im Innenministerium \u00fcbernimmt die operative Leitung und koordiniert die Umsetzung zusammen mit den kommunalen Katastrophenschutzbeh\u00f6rden.\u201c<\/p>\n<p>Bild von <a href=\"https:\/\/pixabay.com\/de\/users\/ornaw-8155178\/?utm_source=link-attribution&amp;utm_medium=referral&amp;utm_campaign=image&amp;utm_content=4970836\">Orna Wachman<\/a> auf <a href=\"https:\/\/pixabay.com\/de\/?utm_source=link-attribution&amp;utm_medium=referral&amp;utm_campaign=image&amp;utm_content=4970836\">Pixabay<\/a><\/p>\n","protected":false},"excerpt":{"rendered":"<p>Das Corona-Virus bedroht mit hohen Infektionszahlen das Leben und die Gesundheit der Bev\u00f6lkerung in Niedersachsen. Mit den zum Jahresende verf\u00fcgbaren ersten Impfstoffen besteht nun die Chance, einer Erkrankung mit COVID-19 vorzubeugen und das Pandemiegeschehen schrittweise zur\u00fcckzudr\u00e4ngen. Daf\u00fcr ist es erforderlich, in kurzer Frist fl\u00e4chendeckend Impfzentren einzurichten. Hier sollen zun\u00e4chst besonders gef\u00e4hrdete Gruppen und Besch\u00e4ftigte im [&hellip;]<\/p>\n","protected":false},"author":1,"featured_media":3262,"comment_status":"closed","ping_status":"closed","sticky":false,"template":"","format":"standard","meta":{"saved_in_kubio":false,"footnotes":""},"categories":[24],"tags":[],"class_list":["post-3260","post","type-post","status-publish","format-standard","has-post-thumbnail","hentry","category-news"],"yoast_head":"<!-- This site is optimized with the Yoast SEO plugin v27.5 - https:\/\/yoast.com\/product\/yoast-seo-wordpress\/ -->\n<title>Landesregierung beauftragt den Katastrophenschutz und die kommunalen Beh\u00f6rden mit dem landesweiten Aufbau von Impfzentren - Radio Leinewelle<\/title>\n<meta name=\"robots\" content=\"index, follow, max-snippet:-1, max-image-preview:large, max-video-preview:-1\" \/>\n<link rel=\"canonical\" href=\"https:\/\/radioleinewelle.de\/index.php\/2020\/12\/02\/landesregierung-beauftragt-den-katastrophenschutz-und-die-kommunalen-behoerden-mit-dem-landesweiten-aufbau-von-impfzentren\/\" \/>\n<meta property=\"og:locale\" content=\"de_DE\" \/>\n<meta property=\"og:type\" content=\"article\" \/>\n<meta property=\"og:title\" content=\"Landesregierung beauftragt den Katastrophenschutz und die kommunalen Beh\u00f6rden mit dem landesweiten Aufbau von Impfzentren - Radio Leinewelle\" \/>\n<meta property=\"og:description\" content=\"Das Corona-Virus bedroht mit hohen Infektionszahlen das Leben und die Gesundheit der Bev\u00f6lkerung in Niedersachsen. Mit den zum Jahresende verf\u00fcgbaren ersten Impfstoffen besteht nun die Chance, einer Erkrankung mit COVID-19 vorzubeugen und das Pandemiegeschehen schrittweise zur\u00fcckzudr\u00e4ngen. Daf\u00fcr ist es erforderlich, in kurzer Frist fl\u00e4chendeckend Impfzentren einzurichten. Hier sollen zun\u00e4chst besonders gef\u00e4hrdete Gruppen und Besch\u00e4ftigte im [&hellip;]\" \/>\n<meta property=\"og:url\" content=\"https:\/\/radioleinewelle.de\/index.php\/2020\/12\/02\/landesregierung-beauftragt-den-katastrophenschutz-und-die-kommunalen-behoerden-mit-dem-landesweiten-aufbau-von-impfzentren\/\" \/>\n<meta property=\"og:site_name\" content=\"Radio Leinewelle\" \/>\n<meta property=\"article:publisher\" content=\"https:\/\/www.facebook.com\/radioleinewelle\" \/>\n<meta property=\"article:author\" content=\"https:\/\/www.facebook.com\/radioleinewelle\" \/>\n<meta property=\"article:published_time\" content=\"2020-12-02T04:00:23+00:00\" \/>\n<meta property=\"og:image\" content=\"https:\/\/radioleinewelle.de\/wp-content\/uploads\/2020\/12\/corona-4970836_640.jpg\" \/>\n\t<meta property=\"og:image:width\" content=\"640\" \/>\n\t<meta property=\"og:image:height\" content=\"427\" \/>\n\t<meta property=\"og:image:type\" content=\"image\/jpeg\" \/>\n<meta name=\"author\" content=\"Leinewelle\" \/>\n<meta name=\"twitter:card\" content=\"summary_large_image\" \/>\n<meta name=\"twitter:creator\" content=\"@https:\/\/twitter.com\/RLeinewelle?ref_src=twsrcgoogletwcampserptwgrauthor\" \/>\n<meta name=\"twitter:site\" content=\"@RLeinewelle\" \/>\n<meta name=\"twitter:label1\" content=\"Verfasst von\" \/>\n\t<meta name=\"twitter:data1\" content=\"Leinewelle\" \/>\n\t<meta name=\"twitter:label2\" content=\"Gesch\u00e4tzte Lesezeit\" \/>\n\t<meta name=\"twitter:data2\" content=\"2\u00a0Minuten\" \/>\n<script type=\"application\/ld+json\" class=\"yoast-schema-graph\">{\"@context\":\"https:\\\/\\\/schema.org\",\"@graph\":[{\"@type\":\"Article\",\"@id\":\"https:\\\/\\\/radioleinewelle.de\\\/index.php\\\/2020\\\/12\\\/02\\\/landesregierung-beauftragt-den-katastrophenschutz-und-die-kommunalen-behoerden-mit-dem-landesweiten-aufbau-von-impfzentren\\\/#article\",\"isPartOf\":{\"@id\":\"https:\\\/\\\/radioleinewelle.de\\\/index.php\\\/2020\\\/12\\\/02\\\/landesregierung-beauftragt-den-katastrophenschutz-und-die-kommunalen-behoerden-mit-dem-landesweiten-aufbau-von-impfzentren\\\/\"},\"author\":{\"name\":\"Leinewelle\",\"@id\":\"https:\\\/\\\/radioleinewelle.de\\\/#\\\/schema\\\/person\\\/45606f348637df637192dc1b68399a63\"},\"headline\":\"Landesregierung beauftragt den Katastrophenschutz und die kommunalen Beh\u00f6rden mit dem landesweiten Aufbau von Impfzentren\",\"datePublished\":\"2020-12-02T04:00:23+00:00\",\"mainEntityOfPage\":{\"@id\":\"https:\\\/\\\/radioleinewelle.de\\\/index.php\\\/2020\\\/12\\\/02\\\/landesregierung-beauftragt-den-katastrophenschutz-und-die-kommunalen-behoerden-mit-dem-landesweiten-aufbau-von-impfzentren\\\/\"},\"wordCount\":344,\"publisher\":{\"@id\":\"https:\\\/\\\/radioleinewelle.de\\\/#organization\"},\"image\":{\"@id\":\"https:\\\/\\\/radioleinewelle.de\\\/index.php\\\/2020\\\/12\\\/02\\\/landesregierung-beauftragt-den-katastrophenschutz-und-die-kommunalen-behoerden-mit-dem-landesweiten-aufbau-von-impfzentren\\\/#primaryimage\"},\"thumbnailUrl\":\"https:\\\/\\\/radioleinewelle.de\\\/wp-content\\\/uploads\\\/2020\\\/12\\\/corona-4970836_640.jpg\",\"articleSection\":[\"Aktuelle Nachrichten\"],\"inLanguage\":\"de\"},{\"@type\":\"WebPage\",\"@id\":\"https:\\\/\\\/radioleinewelle.de\\\/index.php\\\/2020\\\/12\\\/02\\\/landesregierung-beauftragt-den-katastrophenschutz-und-die-kommunalen-behoerden-mit-dem-landesweiten-aufbau-von-impfzentren\\\/\",\"url\":\"https:\\\/\\\/radioleinewelle.de\\\/index.php\\\/2020\\\/12\\\/02\\\/landesregierung-beauftragt-den-katastrophenschutz-und-die-kommunalen-behoerden-mit-dem-landesweiten-aufbau-von-impfzentren\\\/\",\"name\":\"Landesregierung beauftragt den Katastrophenschutz und die kommunalen Beh\u00f6rden mit dem landesweiten Aufbau von Impfzentren - Radio Leinewelle\",\"isPartOf\":{\"@id\":\"https:\\\/\\\/radioleinewelle.de\\\/#website\"},\"primaryImageOfPage\":{\"@id\":\"https:\\\/\\\/radioleinewelle.de\\\/index.php\\\/2020\\\/12\\\/02\\\/landesregierung-beauftragt-den-katastrophenschutz-und-die-kommunalen-behoerden-mit-dem-landesweiten-aufbau-von-impfzentren\\\/#primaryimage\"},\"image\":{\"@id\":\"https:\\\/\\\/radioleinewelle.de\\\/index.php\\\/2020\\\/12\\\/02\\\/landesregierung-beauftragt-den-katastrophenschutz-und-die-kommunalen-behoerden-mit-dem-landesweiten-aufbau-von-impfzentren\\\/#primaryimage\"},\"thumbnailUrl\":\"https:\\\/\\\/radioleinewelle.de\\\/wp-content\\\/uploads\\\/2020\\\/12\\\/corona-4970836_640.jpg\",\"datePublished\":\"2020-12-02T04:00:23+00:00\",\"breadcrumb\":{\"@id\":\"https:\\\/\\\/radioleinewelle.de\\\/index.php\\\/2020\\\/12\\\/02\\\/landesregierung-beauftragt-den-katastrophenschutz-und-die-kommunalen-behoerden-mit-dem-landesweiten-aufbau-von-impfzentren\\\/#breadcrumb\"},\"inLanguage\":\"de\",\"potentialAction\":[{\"@type\":\"ReadAction\",\"target\":[\"https:\\\/\\\/radioleinewelle.de\\\/index.php\\\/2020\\\/12\\\/02\\\/landesregierung-beauftragt-den-katastrophenschutz-und-die-kommunalen-behoerden-mit-dem-landesweiten-aufbau-von-impfzentren\\\/\"]}]},{\"@type\":\"ImageObject\",\"inLanguage\":\"de\",\"@id\":\"https:\\\/\\\/radioleinewelle.de\\\/index.php\\\/2020\\\/12\\\/02\\\/landesregierung-beauftragt-den-katastrophenschutz-und-die-kommunalen-behoerden-mit-dem-landesweiten-aufbau-von-impfzentren\\\/#primaryimage\",\"url\":\"https:\\\/\\\/radioleinewelle.de\\\/wp-content\\\/uploads\\\/2020\\\/12\\\/corona-4970836_640.jpg\",\"contentUrl\":\"https:\\\/\\\/radioleinewelle.de\\\/wp-content\\\/uploads\\\/2020\\\/12\\\/corona-4970836_640.jpg\",\"width\":640,\"height\":427},{\"@type\":\"BreadcrumbList\",\"@id\":\"https:\\\/\\\/radioleinewelle.de\\\/index.php\\\/2020\\\/12\\\/02\\\/landesregierung-beauftragt-den-katastrophenschutz-und-die-kommunalen-behoerden-mit-dem-landesweiten-aufbau-von-impfzentren\\\/#breadcrumb\",\"itemListElement\":[{\"@type\":\"ListItem\",\"position\":1,\"name\":\"Startseite\",\"item\":\"https:\\\/\\\/radioleinewelle.de\\\/\"},{\"@type\":\"ListItem\",\"position\":2,\"name\":\"Landesregierung beauftragt den Katastrophenschutz und die kommunalen Beh\u00f6rden mit dem landesweiten Aufbau von Impfzentren\"}]},{\"@type\":\"WebSite\",\"@id\":\"https:\\\/\\\/radioleinewelle.de\\\/#website\",\"url\":\"https:\\\/\\\/radioleinewelle.de\\\/\",\"name\":\"Radio Leinewelle\",\"description\":\"\",\"publisher\":{\"@id\":\"https:\\\/\\\/radioleinewelle.de\\\/#organization\"},\"potentialAction\":[{\"@type\":\"SearchAction\",\"target\":{\"@type\":\"EntryPoint\",\"urlTemplate\":\"https:\\\/\\\/radioleinewelle.de\\\/?s={search_term_string}\"},\"query-input\":{\"@type\":\"PropertyValueSpecification\",\"valueRequired\":true,\"valueName\":\"search_term_string\"}}],\"inLanguage\":\"de\"},{\"@type\":\"Organization\",\"@id\":\"https:\\\/\\\/radioleinewelle.de\\\/#organization\",\"name\":\"Radio Leinewelle\",\"alternateName\":\"Mein Radio f\u00fcr S\u00fcdniedersachsen\",\"url\":\"https:\\\/\\\/radioleinewelle.de\\\/\",\"logo\":{\"@type\":\"ImageObject\",\"inLanguage\":\"de\",\"@id\":\"https:\\\/\\\/radioleinewelle.de\\\/#\\\/schema\\\/logo\\\/image\\\/\",\"url\":\"https:\\\/\\\/radioleinewelle.de\\\/wp-content\\\/uploads\\\/2023\\\/11\\\/cropped-Leinewelle_Logo_weiss.png\",\"contentUrl\":\"https:\\\/\\\/radioleinewelle.de\\\/wp-content\\\/uploads\\\/2023\\\/11\\\/cropped-Leinewelle_Logo_weiss.png\",\"width\":854,\"height\":260,\"caption\":\"Radio Leinewelle\"},\"image\":{\"@id\":\"https:\\\/\\\/radioleinewelle.de\\\/#\\\/schema\\\/logo\\\/image\\\/\"},\"sameAs\":[\"https:\\\/\\\/www.facebook.com\\\/radioleinewelle\",\"https:\\\/\\\/x.com\\\/RLeinewelle\",\"https:\\\/\\\/www.instagram.com\\\/radioleinewelle\\\/?hl=de\"]},{\"@type\":\"Person\",\"@id\":\"https:\\\/\\\/radioleinewelle.de\\\/#\\\/schema\\\/person\\\/45606f348637df637192dc1b68399a63\",\"name\":\"Leinewelle\",\"image\":{\"@type\":\"ImageObject\",\"inLanguage\":\"de\",\"@id\":\"https:\\\/\\\/secure.gravatar.com\\\/avatar\\\/05c9a17bc973052ee5d91549bd32fb4dd0dc85b7b85ae94b2e2b4943476bbea5?s=96&d=blank&r=g\",\"url\":\"https:\\\/\\\/secure.gravatar.com\\\/avatar\\\/05c9a17bc973052ee5d91549bd32fb4dd0dc85b7b85ae94b2e2b4943476bbea5?s=96&d=blank&r=g\",\"contentUrl\":\"https:\\\/\\\/secure.gravatar.com\\\/avatar\\\/05c9a17bc973052ee5d91549bd32fb4dd0dc85b7b85ae94b2e2b4943476bbea5?s=96&d=blank&r=g\",\"caption\":\"Leinewelle\"},\"sameAs\":[\"http:\\\/\\\/localhost\\\/radio%20leinewelle\\\/wordpress\",\"https:\\\/\\\/www.facebook.com\\\/radioleinewelle\",\"https:\\\/\\\/www.instagram.com\\\/radioleinewelle\",\"https:\\\/\\\/x.com\\\/https:\\\/\\\/twitter.com\\\/RLeinewelle?ref_src=twsrcgoogletwcampserptwgrauthor\",\"https:\\\/\\\/soundcloud.com\\\/foerderverein-lokalradio?utm_source=clipboard&utm_medium=text&utm_campaign=social_sharing\"],\"url\":\"https:\\\/\\\/radioleinewelle.de\\\/index.php\\\/author\\\/leinewelle\\\/\"}]}<\/script>\n<!-- \/ Yoast SEO plugin. -->","yoast_head_json":{"title":"Landesregierung beauftragt den Katastrophenschutz und die kommunalen Beh\u00f6rden mit dem landesweiten Aufbau von Impfzentren - Radio Leinewelle","robots":{"index":"index","follow":"follow","max-snippet":"max-snippet:-1","max-image-preview":"max-image-preview:large","max-video-preview":"max-video-preview:-1"},"canonical":"https:\/\/radioleinewelle.de\/index.php\/2020\/12\/02\/landesregierung-beauftragt-den-katastrophenschutz-und-die-kommunalen-behoerden-mit-dem-landesweiten-aufbau-von-impfzentren\/","og_locale":"de_DE","og_type":"article","og_title":"Landesregierung beauftragt den Katastrophenschutz und die kommunalen Beh\u00f6rden mit dem landesweiten Aufbau von Impfzentren - Radio Leinewelle","og_description":"Das Corona-Virus bedroht mit hohen Infektionszahlen das Leben und die Gesundheit der Bev\u00f6lkerung in Niedersachsen. Mit den zum Jahresende verf\u00fcgbaren ersten Impfstoffen besteht nun die Chance, einer Erkrankung mit COVID-19 vorzubeugen und das Pandemiegeschehen schrittweise zur\u00fcckzudr\u00e4ngen. Daf\u00fcr ist es erforderlich, in kurzer Frist fl\u00e4chendeckend Impfzentren einzurichten. Hier sollen zun\u00e4chst besonders gef\u00e4hrdete Gruppen und Besch\u00e4ftigte im [&hellip;]","og_url":"https:\/\/radioleinewelle.de\/index.php\/2020\/12\/02\/landesregierung-beauftragt-den-katastrophenschutz-und-die-kommunalen-behoerden-mit-dem-landesweiten-aufbau-von-impfzentren\/","og_site_name":"Radio Leinewelle","article_publisher":"https:\/\/www.facebook.com\/radioleinewelle","article_author":"https:\/\/www.facebook.com\/radioleinewelle","article_published_time":"2020-12-02T04:00:23+00:00","og_image":[{"width":640,"height":427,"url":"https:\/\/radioleinewelle.de\/wp-content\/uploads\/2020\/12\/corona-4970836_640.jpg","type":"image\/jpeg"}],"author":"Leinewelle","twitter_card":"summary_large_image","twitter_creator":"@https:\/\/twitter.com\/RLeinewelle?ref_src=twsrcgoogletwcampserptwgrauthor","twitter_site":"@RLeinewelle","twitter_misc":{"Verfasst von":"Leinewelle","Gesch\u00e4tzte Lesezeit":"2\u00a0Minuten"},"schema":{"@context":"https:\/\/schema.org","@graph":[{"@type":"Article","@id":"https:\/\/radioleinewelle.de\/index.php\/2020\/12\/02\/landesregierung-beauftragt-den-katastrophenschutz-und-die-kommunalen-behoerden-mit-dem-landesweiten-aufbau-von-impfzentren\/#article","isPartOf":{"@id":"https:\/\/radioleinewelle.de\/index.php\/2020\/12\/02\/landesregierung-beauftragt-den-katastrophenschutz-und-die-kommunalen-behoerden-mit-dem-landesweiten-aufbau-von-impfzentren\/"},"author":{"name":"Leinewelle","@id":"https:\/\/radioleinewelle.de\/#\/schema\/person\/45606f348637df637192dc1b68399a63"},"headline":"Landesregierung beauftragt den Katastrophenschutz und die kommunalen Beh\u00f6rden mit dem landesweiten Aufbau von Impfzentren","datePublished":"2020-12-02T04:00:23+00:00","mainEntityOfPage":{"@id":"https:\/\/radioleinewelle.de\/index.php\/2020\/12\/02\/landesregierung-beauftragt-den-katastrophenschutz-und-die-kommunalen-behoerden-mit-dem-landesweiten-aufbau-von-impfzentren\/"},"wordCount":344,"publisher":{"@id":"https:\/\/radioleinewelle.de\/#organization"},"image":{"@id":"https:\/\/radioleinewelle.de\/index.php\/2020\/12\/02\/landesregierung-beauftragt-den-katastrophenschutz-und-die-kommunalen-behoerden-mit-dem-landesweiten-aufbau-von-impfzentren\/#primaryimage"},"thumbnailUrl":"https:\/\/radioleinewelle.de\/wp-content\/uploads\/2020\/12\/corona-4970836_640.jpg","articleSection":["Aktuelle Nachrichten"],"inLanguage":"de"},{"@type":"WebPage","@id":"https:\/\/radioleinewelle.de\/index.php\/2020\/12\/02\/landesregierung-beauftragt-den-katastrophenschutz-und-die-kommunalen-behoerden-mit-dem-landesweiten-aufbau-von-impfzentren\/","url":"https:\/\/radioleinewelle.de\/index.php\/2020\/12\/02\/landesregierung-beauftragt-den-katastrophenschutz-und-die-kommunalen-behoerden-mit-dem-landesweiten-aufbau-von-impfzentren\/","name":"Landesregierung beauftragt den Katastrophenschutz und die kommunalen Beh\u00f6rden mit dem landesweiten Aufbau von Impfzentren - Radio Leinewelle","isPartOf":{"@id":"https:\/\/radioleinewelle.de\/#website"},"primaryImageOfPage":{"@id":"https:\/\/radioleinewelle.de\/index.php\/2020\/12\/02\/landesregierung-beauftragt-den-katastrophenschutz-und-die-kommunalen-behoerden-mit-dem-landesweiten-aufbau-von-impfzentren\/#primaryimage"},"image":{"@id":"https:\/\/radioleinewelle.de\/index.php\/2020\/12\/02\/landesregierung-beauftragt-den-katastrophenschutz-und-die-kommunalen-behoerden-mit-dem-landesweiten-aufbau-von-impfzentren\/#primaryimage"},"thumbnailUrl":"https:\/\/radioleinewelle.de\/wp-content\/uploads\/2020\/12\/corona-4970836_640.jpg","datePublished":"2020-12-02T04:00:23+00:00","breadcrumb":{"@id":"https:\/\/radioleinewelle.de\/index.php\/2020\/12\/02\/landesregierung-beauftragt-den-katastrophenschutz-und-die-kommunalen-behoerden-mit-dem-landesweiten-aufbau-von-impfzentren\/#breadcrumb"},"inLanguage":"de","potentialAction":[{"@type":"ReadAction","target":["https:\/\/radioleinewelle.de\/index.php\/2020\/12\/02\/landesregierung-beauftragt-den-katastrophenschutz-und-die-kommunalen-behoerden-mit-dem-landesweiten-aufbau-von-impfzentren\/"]}]},{"@type":"ImageObject","inLanguage":"de","@id":"https:\/\/radioleinewelle.de\/index.php\/2020\/12\/02\/landesregierung-beauftragt-den-katastrophenschutz-und-die-kommunalen-behoerden-mit-dem-landesweiten-aufbau-von-impfzentren\/#primaryimage","url":"https:\/\/radioleinewelle.de\/wp-content\/uploads\/2020\/12\/corona-4970836_640.jpg","contentUrl":"https:\/\/radioleinewelle.de\/wp-content\/uploads\/2020\/12\/corona-4970836_640.jpg","width":640,"height":427},{"@type":"BreadcrumbList","@id":"https:\/\/radioleinewelle.de\/index.php\/2020\/12\/02\/landesregierung-beauftragt-den-katastrophenschutz-und-die-kommunalen-behoerden-mit-dem-landesweiten-aufbau-von-impfzentren\/#breadcrumb","itemListElement":[{"@type":"ListItem","position":1,"name":"Startseite","item":"https:\/\/radioleinewelle.de\/"},{"@type":"ListItem","position":2,"name":"Landesregierung beauftragt den Katastrophenschutz und die kommunalen Beh\u00f6rden mit dem landesweiten Aufbau von Impfzentren"}]},{"@type":"WebSite","@id":"https:\/\/radioleinewelle.de\/#website","url":"https:\/\/radioleinewelle.de\/","name":"Radio Leinewelle","description":"","publisher":{"@id":"https:\/\/radioleinewelle.de\/#organization"},"potentialAction":[{"@type":"SearchAction","target":{"@type":"EntryPoint","urlTemplate":"https:\/\/radioleinewelle.de\/?s={search_term_string}"},"query-input":{"@type":"PropertyValueSpecification","valueRequired":true,"valueName":"search_term_string"}}],"inLanguage":"de"},{"@type":"Organization","@id":"https:\/\/radioleinewelle.de\/#organization","name":"Radio Leinewelle","alternateName":"Mein Radio f\u00fcr S\u00fcdniedersachsen","url":"https:\/\/radioleinewelle.de\/","logo":{"@type":"ImageObject","inLanguage":"de","@id":"https:\/\/radioleinewelle.de\/#\/schema\/logo\/image\/","url":"https:\/\/radioleinewelle.de\/wp-content\/uploads\/2023\/11\/cropped-Leinewelle_Logo_weiss.png","contentUrl":"https:\/\/radioleinewelle.de\/wp-content\/uploads\/2023\/11\/cropped-Leinewelle_Logo_weiss.png","width":854,"height":260,"caption":"Radio Leinewelle"},"image":{"@id":"https:\/\/radioleinewelle.de\/#\/schema\/logo\/image\/"},"sameAs":["https:\/\/www.facebook.com\/radioleinewelle","https:\/\/x.com\/RLeinewelle","https:\/\/www.instagram.com\/radioleinewelle\/?hl=de"]},{"@type":"Person","@id":"https:\/\/radioleinewelle.de\/#\/schema\/person\/45606f348637df637192dc1b68399a63","name":"Leinewelle","image":{"@type":"ImageObject","inLanguage":"de","@id":"https:\/\/secure.gravatar.com\/avatar\/05c9a17bc973052ee5d91549bd32fb4dd0dc85b7b85ae94b2e2b4943476bbea5?s=96&d=blank&r=g","url":"https:\/\/secure.gravatar.com\/avatar\/05c9a17bc973052ee5d91549bd32fb4dd0dc85b7b85ae94b2e2b4943476bbea5?s=96&d=blank&r=g","contentUrl":"https:\/\/secure.gravatar.com\/avatar\/05c9a17bc973052ee5d91549bd32fb4dd0dc85b7b85ae94b2e2b4943476bbea5?s=96&d=blank&r=g","caption":"Leinewelle"},"sameAs":["http:\/\/localhost\/radio%20leinewelle\/wordpress","https:\/\/www.facebook.com\/radioleinewelle","https:\/\/www.instagram.com\/radioleinewelle","https:\/\/x.com\/https:\/\/twitter.com\/RLeinewelle?ref_src=twsrcgoogletwcampserptwgrauthor","https:\/\/soundcloud.com\/foerderverein-lokalradio?utm_source=clipboard&utm_medium=text&utm_campaign=social_sharing"],"url":"https:\/\/radioleinewelle.de\/index.php\/author\/leinewelle\/"}]}},"_links":{"self":[{"href":"https:\/\/radioleinewelle.de\/index.php\/wp-json\/wp\/v2\/posts\/3260","targetHints":{"allow":["GET"]}}],"collection":[{"href":"https:\/\/radioleinewelle.de\/index.php\/wp-json\/wp\/v2\/posts"}],"about":[{"href":"https:\/\/radioleinewelle.de\/index.php\/wp-json\/wp\/v2\/types\/post"}],"author":[{"embeddable":true,"href":"https:\/\/radioleinewelle.de\/index.php\/wp-json\/wp\/v2\/users\/1"}],"replies":[{"embeddable":true,"href":"https:\/\/radioleinewelle.de\/index.php\/wp-json\/wp\/v2\/comments?post=3260"}],"version-history":[{"count":0,"href":"https:\/\/radioleinewelle.de\/index.php\/wp-json\/wp\/v2\/posts\/3260\/revisions"}],"wp:featuredmedia":[{"embeddable":true,"href":"https:\/\/radioleinewelle.de\/index.php\/wp-json\/wp\/v2\/media\/3262"}],"wp:attachment":[{"href":"https:\/\/radioleinewelle.de\/index.php\/wp-json\/wp\/v2\/media?parent=3260"}],"wp:term":[{"taxonomy":"category","embeddable":true,"href":"https:\/\/radioleinewelle.de\/index.php\/wp-json\/wp\/v2\/categories?post=3260"},{"taxonomy":"post_tag","embeddable":true,"href":"https:\/\/radioleinewelle.de\/index.php\/wp-json\/wp\/v2\/tags?post=3260"}],"curies":[{"name":"wp","href":"https:\/\/api.w.org\/{rel}","templated":true}]}}