{"id":3264,"date":"2020-12-02T05:20:11","date_gmt":"2020-12-02T04:20:11","guid":{"rendered":"https:\/\/radioleinewelle.de\/?p=3264"},"modified":"2020-12-02T05:20:11","modified_gmt":"2020-12-02T04:20:11","slug":"positive-zwischenbilanz-zum-integrationsprojekt-ihafa","status":"publish","type":"post","link":"https:\/\/radioleinewelle.de\/index.php\/2020\/12\/02\/positive-zwischenbilanz-zum-integrationsprojekt-ihafa\/","title":{"rendered":"Positive Zwischenbilanz zum Integrationsprojekt IHAFA"},"content":{"rendered":"<div class=\"row\">\n<div class=\"col col-sm-12 margin-bottom-s\">\n<p class=\"lead\">109 Gefl\u00fcchtete haben Handwerksausbildung erfolgreich abgeschlossen, insgesamt 419 Gefl\u00fcchtete in eine handwerkliche Ausbildung vermittelt. Zu Beginn des Ausbildungsjahres 2020\/2021 ziehen die Projektpartner eine positive Zwischenbilanz f\u00fcr das zweite \u201eIntegrationsprojekt Handwerkliche Ausbildung f\u00fcr Fl\u00fcchtlinge und Asylbewerber (IHAFA)\u201c, das am 1. Februar 2019 gestartet ist. Seit dem Projektstart wurden 1.156 Gefl\u00fcchtete \u2013 darunter 88 weibliche Gefl\u00fcchtete \u2013 erstmals zu Berufsm\u00f6glichkeiten im Handwerk beraten und im Berufsbildungsprozess unterst\u00fctzt. Die meisten Teilnehmenden kommen aus Syrien (373), Afghanistan (205) und dem Irak (127). Insgesamt gab es seit Projektbeginn im Rahmen von IHAFA 2.737 Beratungen zu Handwerksberufen f\u00fcr Gefl\u00fcchtete.<\/p>\n<\/div>\n<\/div>\n<div class=\"row\">\n<div class=\"col col-sm-12 margin-bottom-s\">\n<p>419 Gefl\u00fcchtete \u2013 davon 23 weibliche Gefl\u00fcchtete \u2013 wurden erfolgreich in Handwerksausbil-dungen vermittelt und auf dem Weg dahin durch individuell angepasste Unterst\u00fctzungsangebote pers\u00f6nlich begleitet. Au\u00dferdem haben weitere 317 Gefl\u00fcchtete Betriebspraktika absolviert. W\u00e4hrend der Berufsausbildung bzw. des Praktikums unterst\u00fctzen sie die landesweit 13 IHAFA-Berater der regionalen Handwerkskammern als Mentoren. Sie leisten nach Bedarf auch praktische Hilfen zur betrieblichen Integration f\u00fcr die Ausbildungs- und Praktikumsbetriebe, beispielswiese in Kontakt mit Beh\u00f6rden und Berufsschulen oder zur Organisation von St\u00fctzunterricht.<\/p>\n<p>Karl-Wilhelm Steinmann, Vorsitzender der Landesvertretung der Handwerkskammern Niedersachsen, betont: \u201eDie gegl\u00fcckte Integration Gefl\u00fcchteter in den Ausbildungs- und Arbeits-markt ist in besonderem Ma\u00dfe dem hohen Einsatz vieler Handwerksbetriebe, der Unterst\u00fctzung durch Projekte wie IHAFA und nicht zuletzt der hohen Leistungsbereitschaft der Azubis selbst zu verdanken. Um den erfolgreichen Weg in der Breite fortzusetzen, m\u00fcssen weiterhin die richtigen Weichen gestellt werden: Erstens m\u00fcssen passgenaue Bildungsangebote, die auf die Ausbildung vorbereiten, f\u00fcr Menschen ohne muttersprachliche Deutschkenntnisse vorliegen und zweitens m\u00fcssen fachspezifische F\u00f6rderangebote w\u00e4hrend der Ausbildung zur Verf\u00fcgung stehen. Nur \u00fcber eine qualifizierte Ausbildung erm\u00f6glichen wir eine Integration in die Mitte unserer Gesellschaft.\u201c<\/p>\n<p>Ina-Maria Heidmann, Hauptgesch\u00e4ftsf\u00fchrerin der koordinierenden Kammer Hildesheim-S\u00fcdniedersachsen, erg\u00e4nzt: \u201eIntegration erfordert Kompromisse von beiden Seiten. Trotzdem gelingt es vielen Betrieben auch dank Unterst\u00fctzungsprojekten wie IHAFA die Herausforderungen zu meistern. Immer mehr Gefl\u00fcchtete werden wichtige Fachkr\u00e4fte in unseren Betrieben. Azubis mit Fluchthintergrund m\u00fcssen auf ihrem h\u00e4ufig komplizierten Weg au\u00dferhalb der Betriebe weiterhin begleitet werden. Deshalb bleibt die Arbeit von IHAFA elementar wichtig.\u201c<\/p>\n<p>Seit Projektstart konnten 109 Gefl\u00fcchtete ihre Handwerksausbildung mit IHAFA-Begleitung erfolgreich abschlie\u00dfen, davon 90 im Jahr 2020 und damit 71 mehr als im Vorjahr. F\u00fcr 2021 geht das nieders\u00e4chsische Handwerk von einer weiteren Steigerung aus. Am h\u00e4ufigsten wurden erfolgreiche Gesellenpr\u00fcfungen in den Gewerken Maler- und Lackierer (15), Sanit\u00e4r-Heizung-Klima (13) und Friseurwesen (12) abgenommen. F\u00fcr das kommende Jahr wird eine weitere Steigerung der Abschlusszahlen erwartet.<\/p>\n<p>Das Projekt IHAFA<br \/>\nDas \u201eIntegrationsprojekt Handwerkliche Ausbildung f\u00fcr Fl\u00fcchtlinge und Asylbewerber (IHAFA)\u201c wird von allen sechs Handwerkskammern in Niedersachsen umgesetzt und landesweit durch die Handwerkskammer Hildesheim-S\u00fcdniedersachsen koordiniert. Das Nieders\u00e4chsische Wirtschaftsministerium f\u00f6rdert IHAFA im laufenden Projektzeitraum (1. Februar 2019 bis 31. Dezember 2022) mit rund 3,6 Millionen Euro aus Landesmitteln. Zentrales Ziel von IHAFA ist es, handwerksinteressierten Gefl\u00fcchteten mit ausbildungsbereiten Handwerksbetrieben zusammenzubringen. Hierzu umfasst IHAFA Berufsorientierung, Eignungsfeststellung, Vermittlung in Praktika und Ausbildung sowie Beratung f\u00fcr interessierte Handwerksunternehmen.<\/p>\n<p>Weitere Informationen zur Integration von Fl\u00fcchtlingen finden Sie <a class=\"iodav-intern iodav-page \" href=\"https:\/\/www.hwk-hildesheim.de\/artikel\/integration-von-gefluechteten-24,0,1850.html\" target=\"_blank\" rel=\"noopener\">hier<\/a> und auf der <a class=\"iodav-extern iodav-http \" href=\"http:\/\/www.ihafa.de\/\" target=\"_blank\" rel=\"noopener noreferrer\">Internetseite des IHAFA-Projekts<\/a>.<\/p>\n<p>Bild von <a href=\"https:\/\/pixabay.com\/de\/users\/2211438-2211438\/?utm_source=link-attribution&amp;utm_medium=referral&amp;utm_campaign=image&amp;utm_content=1407499\">2211438<\/a> auf <a href=\"https:\/\/pixabay.com\/de\/?utm_source=link-attribution&amp;utm_medium=referral&amp;utm_campaign=image&amp;utm_content=1407499\">Pixabay<\/a><\/p>\n<\/div>\n<\/div>\n","protected":false},"excerpt":{"rendered":"<p>109 Gefl\u00fcchtete haben Handwerksausbildung erfolgreich abgeschlossen, insgesamt 419 Gefl\u00fcchtete in eine handwerkliche Ausbildung vermittelt. Zu Beginn des Ausbildungsjahres 2020\/2021 ziehen die Projektpartner eine positive Zwischenbilanz f\u00fcr das zweite \u201eIntegrationsprojekt Handwerkliche Ausbildung f\u00fcr Fl\u00fcchtlinge und Asylbewerber (IHAFA)\u201c, das am 1. Februar 2019 gestartet ist. Seit dem Projektstart wurden 1.156 Gefl\u00fcchtete \u2013 darunter 88 weibliche Gefl\u00fcchtete \u2013 [&hellip;]<\/p>\n","protected":false},"author":1,"featured_media":3267,"comment_status":"closed","ping_status":"closed","sticky":false,"template":"","format":"standard","meta":{"saved_in_kubio":false,"footnotes":""},"categories":[43],"tags":[],"class_list":["post-3264","post","type-post","status-publish","format-standard","has-post-thumbnail","hentry","category-migration"],"yoast_head":"<!-- This site is optimized with the Yoast SEO plugin v27.5 - https:\/\/yoast.com\/product\/yoast-seo-wordpress\/ -->\n<title>Positive Zwischenbilanz zum Integrationsprojekt IHAFA - Radio Leinewelle<\/title>\n<meta name=\"robots\" content=\"index, follow, max-snippet:-1, max-image-preview:large, max-video-preview:-1\" \/>\n<link rel=\"canonical\" href=\"https:\/\/radioleinewelle.de\/index.php\/2020\/12\/02\/positive-zwischenbilanz-zum-integrationsprojekt-ihafa\/\" \/>\n<meta property=\"og:locale\" content=\"de_DE\" \/>\n<meta property=\"og:type\" content=\"article\" \/>\n<meta property=\"og:title\" content=\"Positive Zwischenbilanz zum Integrationsprojekt IHAFA - Radio Leinewelle\" \/>\n<meta property=\"og:description\" content=\"109 Gefl\u00fcchtete haben Handwerksausbildung erfolgreich abgeschlossen, insgesamt 419 Gefl\u00fcchtete in eine handwerkliche Ausbildung vermittelt. Zu Beginn des Ausbildungsjahres 2020\/2021 ziehen die Projektpartner eine positive Zwischenbilanz f\u00fcr das zweite \u201eIntegrationsprojekt Handwerkliche Ausbildung f\u00fcr Fl\u00fcchtlinge und Asylbewerber (IHAFA)\u201c, das am 1. Februar 2019 gestartet ist. Seit dem Projektstart wurden 1.156 Gefl\u00fcchtete \u2013 darunter 88 weibliche Gefl\u00fcchtete \u2013 [&hellip;]\" \/>\n<meta property=\"og:url\" content=\"https:\/\/radioleinewelle.de\/index.php\/2020\/12\/02\/positive-zwischenbilanz-zum-integrationsprojekt-ihafa\/\" \/>\n<meta property=\"og:site_name\" content=\"Radio Leinewelle\" \/>\n<meta property=\"article:publisher\" content=\"https:\/\/www.facebook.com\/radioleinewelle\" \/>\n<meta property=\"article:author\" content=\"https:\/\/www.facebook.com\/radioleinewelle\" \/>\n<meta property=\"article:published_time\" content=\"2020-12-02T04:20:11+00:00\" \/>\n<meta property=\"og:image\" content=\"https:\/\/radioleinewelle.de\/wp-content\/uploads\/2020\/12\/housebuilding-1407499_640.jpg\" \/>\n\t<meta property=\"og:image:width\" content=\"640\" \/>\n\t<meta property=\"og:image:height\" content=\"470\" \/>\n\t<meta property=\"og:image:type\" content=\"image\/jpeg\" \/>\n<meta name=\"author\" content=\"Leinewelle\" \/>\n<meta name=\"twitter:card\" content=\"summary_large_image\" \/>\n<meta name=\"twitter:creator\" content=\"@https:\/\/twitter.com\/RLeinewelle?ref_src=twsrcgoogletwcampserptwgrauthor\" \/>\n<meta name=\"twitter:site\" content=\"@RLeinewelle\" \/>\n<meta name=\"twitter:label1\" content=\"Verfasst von\" \/>\n\t<meta name=\"twitter:data1\" content=\"Leinewelle\" \/>\n\t<meta name=\"twitter:label2\" content=\"Gesch\u00e4tzte Lesezeit\" \/>\n\t<meta name=\"twitter:data2\" content=\"3\u00a0Minuten\" \/>\n<script type=\"application\/ld+json\" class=\"yoast-schema-graph\">{\"@context\":\"https:\\\/\\\/schema.org\",\"@graph\":[{\"@type\":\"Article\",\"@id\":\"https:\\\/\\\/radioleinewelle.de\\\/index.php\\\/2020\\\/12\\\/02\\\/positive-zwischenbilanz-zum-integrationsprojekt-ihafa\\\/#article\",\"isPartOf\":{\"@id\":\"https:\\\/\\\/radioleinewelle.de\\\/index.php\\\/2020\\\/12\\\/02\\\/positive-zwischenbilanz-zum-integrationsprojekt-ihafa\\\/\"},\"author\":{\"name\":\"Leinewelle\",\"@id\":\"https:\\\/\\\/radioleinewelle.de\\\/#\\\/schema\\\/person\\\/45606f348637df637192dc1b68399a63\"},\"headline\":\"Positive Zwischenbilanz zum Integrationsprojekt IHAFA\",\"datePublished\":\"2020-12-02T04:20:11+00:00\",\"mainEntityOfPage\":{\"@id\":\"https:\\\/\\\/radioleinewelle.de\\\/index.php\\\/2020\\\/12\\\/02\\\/positive-zwischenbilanz-zum-integrationsprojekt-ihafa\\\/\"},\"wordCount\":518,\"publisher\":{\"@id\":\"https:\\\/\\\/radioleinewelle.de\\\/#organization\"},\"image\":{\"@id\":\"https:\\\/\\\/radioleinewelle.de\\\/index.php\\\/2020\\\/12\\\/02\\\/positive-zwischenbilanz-zum-integrationsprojekt-ihafa\\\/#primaryimage\"},\"thumbnailUrl\":\"https:\\\/\\\/radioleinewelle.de\\\/wp-content\\\/uploads\\\/2020\\\/12\\\/housebuilding-1407499_640.jpg\",\"articleSection\":[\"Migration\"],\"inLanguage\":\"de\"},{\"@type\":\"WebPage\",\"@id\":\"https:\\\/\\\/radioleinewelle.de\\\/index.php\\\/2020\\\/12\\\/02\\\/positive-zwischenbilanz-zum-integrationsprojekt-ihafa\\\/\",\"url\":\"https:\\\/\\\/radioleinewelle.de\\\/index.php\\\/2020\\\/12\\\/02\\\/positive-zwischenbilanz-zum-integrationsprojekt-ihafa\\\/\",\"name\":\"Positive Zwischenbilanz zum Integrationsprojekt IHAFA - Radio Leinewelle\",\"isPartOf\":{\"@id\":\"https:\\\/\\\/radioleinewelle.de\\\/#website\"},\"primaryImageOfPage\":{\"@id\":\"https:\\\/\\\/radioleinewelle.de\\\/index.php\\\/2020\\\/12\\\/02\\\/positive-zwischenbilanz-zum-integrationsprojekt-ihafa\\\/#primaryimage\"},\"image\":{\"@id\":\"https:\\\/\\\/radioleinewelle.de\\\/index.php\\\/2020\\\/12\\\/02\\\/positive-zwischenbilanz-zum-integrationsprojekt-ihafa\\\/#primaryimage\"},\"thumbnailUrl\":\"https:\\\/\\\/radioleinewelle.de\\\/wp-content\\\/uploads\\\/2020\\\/12\\\/housebuilding-1407499_640.jpg\",\"datePublished\":\"2020-12-02T04:20:11+00:00\",\"breadcrumb\":{\"@id\":\"https:\\\/\\\/radioleinewelle.de\\\/index.php\\\/2020\\\/12\\\/02\\\/positive-zwischenbilanz-zum-integrationsprojekt-ihafa\\\/#breadcrumb\"},\"inLanguage\":\"de\",\"potentialAction\":[{\"@type\":\"ReadAction\",\"target\":[\"https:\\\/\\\/radioleinewelle.de\\\/index.php\\\/2020\\\/12\\\/02\\\/positive-zwischenbilanz-zum-integrationsprojekt-ihafa\\\/\"]}]},{\"@type\":\"ImageObject\",\"inLanguage\":\"de\",\"@id\":\"https:\\\/\\\/radioleinewelle.de\\\/index.php\\\/2020\\\/12\\\/02\\\/positive-zwischenbilanz-zum-integrationsprojekt-ihafa\\\/#primaryimage\",\"url\":\"https:\\\/\\\/radioleinewelle.de\\\/wp-content\\\/uploads\\\/2020\\\/12\\\/housebuilding-1407499_640.jpg\",\"contentUrl\":\"https:\\\/\\\/radioleinewelle.de\\\/wp-content\\\/uploads\\\/2020\\\/12\\\/housebuilding-1407499_640.jpg\",\"width\":640,\"height\":470},{\"@type\":\"BreadcrumbList\",\"@id\":\"https:\\\/\\\/radioleinewelle.de\\\/index.php\\\/2020\\\/12\\\/02\\\/positive-zwischenbilanz-zum-integrationsprojekt-ihafa\\\/#breadcrumb\",\"itemListElement\":[{\"@type\":\"ListItem\",\"position\":1,\"name\":\"Startseite\",\"item\":\"https:\\\/\\\/radioleinewelle.de\\\/\"},{\"@type\":\"ListItem\",\"position\":2,\"name\":\"Positive Zwischenbilanz zum Integrationsprojekt IHAFA\"}]},{\"@type\":\"WebSite\",\"@id\":\"https:\\\/\\\/radioleinewelle.de\\\/#website\",\"url\":\"https:\\\/\\\/radioleinewelle.de\\\/\",\"name\":\"Radio Leinewelle\",\"description\":\"\",\"publisher\":{\"@id\":\"https:\\\/\\\/radioleinewelle.de\\\/#organization\"},\"potentialAction\":[{\"@type\":\"SearchAction\",\"target\":{\"@type\":\"EntryPoint\",\"urlTemplate\":\"https:\\\/\\\/radioleinewelle.de\\\/?s={search_term_string}\"},\"query-input\":{\"@type\":\"PropertyValueSpecification\",\"valueRequired\":true,\"valueName\":\"search_term_string\"}}],\"inLanguage\":\"de\"},{\"@type\":\"Organization\",\"@id\":\"https:\\\/\\\/radioleinewelle.de\\\/#organization\",\"name\":\"Radio Leinewelle\",\"alternateName\":\"Mein Radio f\u00fcr S\u00fcdniedersachsen\",\"url\":\"https:\\\/\\\/radioleinewelle.de\\\/\",\"logo\":{\"@type\":\"ImageObject\",\"inLanguage\":\"de\",\"@id\":\"https:\\\/\\\/radioleinewelle.de\\\/#\\\/schema\\\/logo\\\/image\\\/\",\"url\":\"https:\\\/\\\/radioleinewelle.de\\\/wp-content\\\/uploads\\\/2023\\\/11\\\/cropped-Leinewelle_Logo_weiss.png\",\"contentUrl\":\"https:\\\/\\\/radioleinewelle.de\\\/wp-content\\\/uploads\\\/2023\\\/11\\\/cropped-Leinewelle_Logo_weiss.png\",\"width\":854,\"height\":260,\"caption\":\"Radio Leinewelle\"},\"image\":{\"@id\":\"https:\\\/\\\/radioleinewelle.de\\\/#\\\/schema\\\/logo\\\/image\\\/\"},\"sameAs\":[\"https:\\\/\\\/www.facebook.com\\\/radioleinewelle\",\"https:\\\/\\\/x.com\\\/RLeinewelle\",\"https:\\\/\\\/www.instagram.com\\\/radioleinewelle\\\/?hl=de\"]},{\"@type\":\"Person\",\"@id\":\"https:\\\/\\\/radioleinewelle.de\\\/#\\\/schema\\\/person\\\/45606f348637df637192dc1b68399a63\",\"name\":\"Leinewelle\",\"image\":{\"@type\":\"ImageObject\",\"inLanguage\":\"de\",\"@id\":\"https:\\\/\\\/secure.gravatar.com\\\/avatar\\\/05c9a17bc973052ee5d91549bd32fb4dd0dc85b7b85ae94b2e2b4943476bbea5?s=96&d=blank&r=g\",\"url\":\"https:\\\/\\\/secure.gravatar.com\\\/avatar\\\/05c9a17bc973052ee5d91549bd32fb4dd0dc85b7b85ae94b2e2b4943476bbea5?s=96&d=blank&r=g\",\"contentUrl\":\"https:\\\/\\\/secure.gravatar.com\\\/avatar\\\/05c9a17bc973052ee5d91549bd32fb4dd0dc85b7b85ae94b2e2b4943476bbea5?s=96&d=blank&r=g\",\"caption\":\"Leinewelle\"},\"sameAs\":[\"http:\\\/\\\/localhost\\\/radio%20leinewelle\\\/wordpress\",\"https:\\\/\\\/www.facebook.com\\\/radioleinewelle\",\"https:\\\/\\\/www.instagram.com\\\/radioleinewelle\",\"https:\\\/\\\/x.com\\\/https:\\\/\\\/twitter.com\\\/RLeinewelle?ref_src=twsrcgoogletwcampserptwgrauthor\",\"https:\\\/\\\/soundcloud.com\\\/foerderverein-lokalradio?utm_source=clipboard&utm_medium=text&utm_campaign=social_sharing\"],\"url\":\"https:\\\/\\\/radioleinewelle.de\\\/index.php\\\/author\\\/leinewelle\\\/\"}]}<\/script>\n<!-- \/ Yoast SEO plugin. -->","yoast_head_json":{"title":"Positive Zwischenbilanz zum Integrationsprojekt IHAFA - Radio Leinewelle","robots":{"index":"index","follow":"follow","max-snippet":"max-snippet:-1","max-image-preview":"max-image-preview:large","max-video-preview":"max-video-preview:-1"},"canonical":"https:\/\/radioleinewelle.de\/index.php\/2020\/12\/02\/positive-zwischenbilanz-zum-integrationsprojekt-ihafa\/","og_locale":"de_DE","og_type":"article","og_title":"Positive Zwischenbilanz zum Integrationsprojekt IHAFA - Radio Leinewelle","og_description":"109 Gefl\u00fcchtete haben Handwerksausbildung erfolgreich abgeschlossen, insgesamt 419 Gefl\u00fcchtete in eine handwerkliche Ausbildung vermittelt. Zu Beginn des Ausbildungsjahres 2020\/2021 ziehen die Projektpartner eine positive Zwischenbilanz f\u00fcr das zweite \u201eIntegrationsprojekt Handwerkliche Ausbildung f\u00fcr Fl\u00fcchtlinge und Asylbewerber (IHAFA)\u201c, das am 1. Februar 2019 gestartet ist. Seit dem Projektstart wurden 1.156 Gefl\u00fcchtete \u2013 darunter 88 weibliche Gefl\u00fcchtete \u2013 [&hellip;]","og_url":"https:\/\/radioleinewelle.de\/index.php\/2020\/12\/02\/positive-zwischenbilanz-zum-integrationsprojekt-ihafa\/","og_site_name":"Radio Leinewelle","article_publisher":"https:\/\/www.facebook.com\/radioleinewelle","article_author":"https:\/\/www.facebook.com\/radioleinewelle","article_published_time":"2020-12-02T04:20:11+00:00","og_image":[{"width":640,"height":470,"url":"https:\/\/radioleinewelle.de\/wp-content\/uploads\/2020\/12\/housebuilding-1407499_640.jpg","type":"image\/jpeg"}],"author":"Leinewelle","twitter_card":"summary_large_image","twitter_creator":"@https:\/\/twitter.com\/RLeinewelle?ref_src=twsrcgoogletwcampserptwgrauthor","twitter_site":"@RLeinewelle","twitter_misc":{"Verfasst von":"Leinewelle","Gesch\u00e4tzte Lesezeit":"3\u00a0Minuten"},"schema":{"@context":"https:\/\/schema.org","@graph":[{"@type":"Article","@id":"https:\/\/radioleinewelle.de\/index.php\/2020\/12\/02\/positive-zwischenbilanz-zum-integrationsprojekt-ihafa\/#article","isPartOf":{"@id":"https:\/\/radioleinewelle.de\/index.php\/2020\/12\/02\/positive-zwischenbilanz-zum-integrationsprojekt-ihafa\/"},"author":{"name":"Leinewelle","@id":"https:\/\/radioleinewelle.de\/#\/schema\/person\/45606f348637df637192dc1b68399a63"},"headline":"Positive Zwischenbilanz zum Integrationsprojekt IHAFA","datePublished":"2020-12-02T04:20:11+00:00","mainEntityOfPage":{"@id":"https:\/\/radioleinewelle.de\/index.php\/2020\/12\/02\/positive-zwischenbilanz-zum-integrationsprojekt-ihafa\/"},"wordCount":518,"publisher":{"@id":"https:\/\/radioleinewelle.de\/#organization"},"image":{"@id":"https:\/\/radioleinewelle.de\/index.php\/2020\/12\/02\/positive-zwischenbilanz-zum-integrationsprojekt-ihafa\/#primaryimage"},"thumbnailUrl":"https:\/\/radioleinewelle.de\/wp-content\/uploads\/2020\/12\/housebuilding-1407499_640.jpg","articleSection":["Migration"],"inLanguage":"de"},{"@type":"WebPage","@id":"https:\/\/radioleinewelle.de\/index.php\/2020\/12\/02\/positive-zwischenbilanz-zum-integrationsprojekt-ihafa\/","url":"https:\/\/radioleinewelle.de\/index.php\/2020\/12\/02\/positive-zwischenbilanz-zum-integrationsprojekt-ihafa\/","name":"Positive Zwischenbilanz zum Integrationsprojekt IHAFA - Radio Leinewelle","isPartOf":{"@id":"https:\/\/radioleinewelle.de\/#website"},"primaryImageOfPage":{"@id":"https:\/\/radioleinewelle.de\/index.php\/2020\/12\/02\/positive-zwischenbilanz-zum-integrationsprojekt-ihafa\/#primaryimage"},"image":{"@id":"https:\/\/radioleinewelle.de\/index.php\/2020\/12\/02\/positive-zwischenbilanz-zum-integrationsprojekt-ihafa\/#primaryimage"},"thumbnailUrl":"https:\/\/radioleinewelle.de\/wp-content\/uploads\/2020\/12\/housebuilding-1407499_640.jpg","datePublished":"2020-12-02T04:20:11+00:00","breadcrumb":{"@id":"https:\/\/radioleinewelle.de\/index.php\/2020\/12\/02\/positive-zwischenbilanz-zum-integrationsprojekt-ihafa\/#breadcrumb"},"inLanguage":"de","potentialAction":[{"@type":"ReadAction","target":["https:\/\/radioleinewelle.de\/index.php\/2020\/12\/02\/positive-zwischenbilanz-zum-integrationsprojekt-ihafa\/"]}]},{"@type":"ImageObject","inLanguage":"de","@id":"https:\/\/radioleinewelle.de\/index.php\/2020\/12\/02\/positive-zwischenbilanz-zum-integrationsprojekt-ihafa\/#primaryimage","url":"https:\/\/radioleinewelle.de\/wp-content\/uploads\/2020\/12\/housebuilding-1407499_640.jpg","contentUrl":"https:\/\/radioleinewelle.de\/wp-content\/uploads\/2020\/12\/housebuilding-1407499_640.jpg","width":640,"height":470},{"@type":"BreadcrumbList","@id":"https:\/\/radioleinewelle.de\/index.php\/2020\/12\/02\/positive-zwischenbilanz-zum-integrationsprojekt-ihafa\/#breadcrumb","itemListElement":[{"@type":"ListItem","position":1,"name":"Startseite","item":"https:\/\/radioleinewelle.de\/"},{"@type":"ListItem","position":2,"name":"Positive Zwischenbilanz zum Integrationsprojekt IHAFA"}]},{"@type":"WebSite","@id":"https:\/\/radioleinewelle.de\/#website","url":"https:\/\/radioleinewelle.de\/","name":"Radio Leinewelle","description":"","publisher":{"@id":"https:\/\/radioleinewelle.de\/#organization"},"potentialAction":[{"@type":"SearchAction","target":{"@type":"EntryPoint","urlTemplate":"https:\/\/radioleinewelle.de\/?s={search_term_string}"},"query-input":{"@type":"PropertyValueSpecification","valueRequired":true,"valueName":"search_term_string"}}],"inLanguage":"de"},{"@type":"Organization","@id":"https:\/\/radioleinewelle.de\/#organization","name":"Radio Leinewelle","alternateName":"Mein Radio f\u00fcr S\u00fcdniedersachsen","url":"https:\/\/radioleinewelle.de\/","logo":{"@type":"ImageObject","inLanguage":"de","@id":"https:\/\/radioleinewelle.de\/#\/schema\/logo\/image\/","url":"https:\/\/radioleinewelle.de\/wp-content\/uploads\/2023\/11\/cropped-Leinewelle_Logo_weiss.png","contentUrl":"https:\/\/radioleinewelle.de\/wp-content\/uploads\/2023\/11\/cropped-Leinewelle_Logo_weiss.png","width":854,"height":260,"caption":"Radio Leinewelle"},"image":{"@id":"https:\/\/radioleinewelle.de\/#\/schema\/logo\/image\/"},"sameAs":["https:\/\/www.facebook.com\/radioleinewelle","https:\/\/x.com\/RLeinewelle","https:\/\/www.instagram.com\/radioleinewelle\/?hl=de"]},{"@type":"Person","@id":"https:\/\/radioleinewelle.de\/#\/schema\/person\/45606f348637df637192dc1b68399a63","name":"Leinewelle","image":{"@type":"ImageObject","inLanguage":"de","@id":"https:\/\/secure.gravatar.com\/avatar\/05c9a17bc973052ee5d91549bd32fb4dd0dc85b7b85ae94b2e2b4943476bbea5?s=96&d=blank&r=g","url":"https:\/\/secure.gravatar.com\/avatar\/05c9a17bc973052ee5d91549bd32fb4dd0dc85b7b85ae94b2e2b4943476bbea5?s=96&d=blank&r=g","contentUrl":"https:\/\/secure.gravatar.com\/avatar\/05c9a17bc973052ee5d91549bd32fb4dd0dc85b7b85ae94b2e2b4943476bbea5?s=96&d=blank&r=g","caption":"Leinewelle"},"sameAs":["http:\/\/localhost\/radio%20leinewelle\/wordpress","https:\/\/www.facebook.com\/radioleinewelle","https:\/\/www.instagram.com\/radioleinewelle","https:\/\/x.com\/https:\/\/twitter.com\/RLeinewelle?ref_src=twsrcgoogletwcampserptwgrauthor","https:\/\/soundcloud.com\/foerderverein-lokalradio?utm_source=clipboard&utm_medium=text&utm_campaign=social_sharing"],"url":"https:\/\/radioleinewelle.de\/index.php\/author\/leinewelle\/"}]}},"_links":{"self":[{"href":"https:\/\/radioleinewelle.de\/index.php\/wp-json\/wp\/v2\/posts\/3264","targetHints":{"allow":["GET"]}}],"collection":[{"href":"https:\/\/radioleinewelle.de\/index.php\/wp-json\/wp\/v2\/posts"}],"about":[{"href":"https:\/\/radioleinewelle.de\/index.php\/wp-json\/wp\/v2\/types\/post"}],"author":[{"embeddable":true,"href":"https:\/\/radioleinewelle.de\/index.php\/wp-json\/wp\/v2\/users\/1"}],"replies":[{"embeddable":true,"href":"https:\/\/radioleinewelle.de\/index.php\/wp-json\/wp\/v2\/comments?post=3264"}],"version-history":[{"count":0,"href":"https:\/\/radioleinewelle.de\/index.php\/wp-json\/wp\/v2\/posts\/3264\/revisions"}],"wp:featuredmedia":[{"embeddable":true,"href":"https:\/\/radioleinewelle.de\/index.php\/wp-json\/wp\/v2\/media\/3267"}],"wp:attachment":[{"href":"https:\/\/radioleinewelle.de\/index.php\/wp-json\/wp\/v2\/media?parent=3264"}],"wp:term":[{"taxonomy":"category","embeddable":true,"href":"https:\/\/radioleinewelle.de\/index.php\/wp-json\/wp\/v2\/categories?post=3264"},{"taxonomy":"post_tag","embeddable":true,"href":"https:\/\/radioleinewelle.de\/index.php\/wp-json\/wp\/v2\/tags?post=3264"}],"curies":[{"name":"wp","href":"https:\/\/api.w.org\/{rel}","templated":true}]}}