{"id":3269,"date":"2020-12-02T04:55:46","date_gmt":"2020-12-02T03:55:46","guid":{"rendered":"https:\/\/radioleinewelle.de\/?p=3269"},"modified":"2020-12-02T04:55:46","modified_gmt":"2020-12-02T03:55:46","slug":"schuelerinnen-entdecken-neues-schneckenvorkommen-in-suedostniedersachsen","status":"publish","type":"post","link":"https:\/\/radioleinewelle.de\/index.php\/2020\/12\/02\/schuelerinnen-entdecken-neues-schneckenvorkommen-in-suedostniedersachsen\/","title":{"rendered":"Sch\u00fclerinnen entdecken neues Schneckenvorkommen in S\u00fcdostniedersachsen"},"content":{"rendered":"<p>Bevenrode\/Braunschweig. Teresa Maier und Tuula Olbert fiel sofort auf, dass diese Tiere anders aussahen: Mit ihrer Entdeckung einer \u201eKurzen Glasschnecke\u201c im Braunschweiger Norden zeigen die beiden schneckenbegeisterten Sch\u00fclerinnen, dass sich die Natur im st\u00e4ndigen Wandel befindet. Die in Norddeutschland seltene Art ist bisher in Niedersachsen kaum nachgewiesen.<\/p>\n<p>Gut einen Zentimeter lang, ganz schwarz und nur mit einem winzigen Geh\u00e4use im Gep\u00e4ck: so begegnete das erstmals in Braunschweig gesichtete Exemplar den beiden Sch\u00fclerinnen der IGS Franzsches Feld. \u201eWir wussten erst gar nicht, ob es Nacktschnecken sind oder nicht\u201c, erinnert sich Teresa Maier. Die jungen Braunschweigerinnen untersuchen und vergleichen im Rahmen ihrer Facharbeit die Schneckenvorkommen in verschiedenen Schulw\u00e4ldern. Die Idee dazu hatte ihr Lehrer Thomas Baptist.<\/p>\n<p>Schneckenkundlich wird die Arbeit von Walter Wimmer betreut, dem Leiter der Betriebsstelle S\u00fcd des Nieders\u00e4chsischen Landesbetriebes f\u00fcr Wasserwirtschaft, K\u00fcsten- und Naturschutz (NLWKN) in Braunschweig. Der Experte erkannte die Schnecken schnell und zeigte sich \u00fcberrascht vom au\u00dfergew\u00f6hnlichen Fund: \u201eBei der Kurzen Glasschnecke (<i>Vitrinobrachium breve)<\/i> handelt es sich um eine sogenannte Halbnacktschnecke. Diese Art kommt in Deutschland vor allem am Alpenrand und im Rheintal vor. In Niedersachsen wurde sie erst Ende des letzten Jahrhunderts im \u00e4u\u00dfersten S\u00fcdwesten erstmals gefunden\u201c. In den vergangenen Jahren wurden auch einzelne Nachweise in anderen Bundesl\u00e4ndern erbracht, die wohl durch Verschleppung entstanden sind.<\/p>\n<p>Der Fund zeige einmal mehr, dass die Natur st\u00e4ndig im Wandel sei. \u201eZugleich wird aber auch deutlich, dass selbst Laien immer mit spannenden Funden rechnen k\u00f6nnen, wenn sie naturkundlich forschen\u201c, glaubt Walter Wimmer. Lehrer Thomas Baptist sieht das Projekt seiner Sch\u00fclerinnen als Beispiel f\u00fcr einen fruchtbaren Austausch von Schule und Wissenschaft: \u201eWir als Schule sind bei solchen Projekten auf externe Fachkompetenz angewiesen. Wenn wir bei den Sch\u00fclern anhaltende Begeisterung f\u00fcr bestimmte Themen wecken k\u00f6nnen, kann Schule aber auch einen Beitrag zur Bek\u00e4mpfung des Expertenmangels von morgen leisten\u201c.<\/p>\n<p>Ob Teresa Maier und Tuula Olbert sich auch weiterhin der Erforschung der Schnecken widmen werden, ist offen. Walter Wimmer und seine Fachkollegen werden auf jeden Fall im Auge behalten, ob und wie sich das Vorkommen der Kurzen Glasschnecke im Braunschweigischen entwickeln wird. Das geht gerade jetzt gut: Die kurzlebige Art ist im Sp\u00e4therbst und Winter erwachsen, pflanzt sich fort und ist deshalb derzeit besonders gut zu entdecken.<\/p>\n<hr \/>\n<p>Foto: Mit 1,5 Zentimeter L\u00e4nge ist diese im Schulwald Bevenrode gefundene Kurze Glasschnecke ausgewachsen. Die Tiere leben den Gro\u00dfteil des Jahres im Boden (Foto: Walter Wimmer\/NLWKN)<\/p>\n","protected":false},"excerpt":{"rendered":"<p>Bevenrode\/Braunschweig. Teresa Maier und Tuula Olbert fiel sofort auf, dass diese Tiere anders aussahen: Mit ihrer Entdeckung einer \u201eKurzen Glasschnecke\u201c im Braunschweiger Norden zeigen die beiden schneckenbegeisterten Sch\u00fclerinnen, dass sich die Natur im st\u00e4ndigen Wandel befindet. Die in Norddeutschland seltene Art ist bisher in Niedersachsen kaum nachgewiesen. Gut einen Zentimeter lang, ganz schwarz und nur [&hellip;]<\/p>\n","protected":false},"author":1,"featured_media":3271,"comment_status":"closed","ping_status":"closed","sticky":false,"template":"","format":"standard","meta":{"saved_in_kubio":false,"footnotes":""},"categories":[32],"tags":[],"class_list":["post-3269","post","type-post","status-publish","format-standard","has-post-thumbnail","hentry","category-natur-umwelt"],"yoast_head":"<!-- This site is optimized with the Yoast SEO plugin v27.5 - https:\/\/yoast.com\/product\/yoast-seo-wordpress\/ -->\n<title>Sch\u00fclerinnen entdecken neues Schneckenvorkommen in S\u00fcdostniedersachsen - Radio Leinewelle<\/title>\n<meta name=\"robots\" content=\"index, follow, max-snippet:-1, max-image-preview:large, max-video-preview:-1\" \/>\n<link rel=\"canonical\" href=\"https:\/\/radioleinewelle.de\/index.php\/2020\/12\/02\/schuelerinnen-entdecken-neues-schneckenvorkommen-in-suedostniedersachsen\/\" \/>\n<meta property=\"og:locale\" content=\"de_DE\" \/>\n<meta property=\"og:type\" content=\"article\" \/>\n<meta property=\"og:title\" content=\"Sch\u00fclerinnen entdecken neues Schneckenvorkommen in S\u00fcdostniedersachsen - Radio Leinewelle\" \/>\n<meta property=\"og:description\" content=\"Bevenrode\/Braunschweig. Teresa Maier und Tuula Olbert fiel sofort auf, dass diese Tiere anders aussahen: Mit ihrer Entdeckung einer \u201eKurzen Glasschnecke\u201c im Braunschweiger Norden zeigen die beiden schneckenbegeisterten Sch\u00fclerinnen, dass sich die Natur im st\u00e4ndigen Wandel befindet. Die in Norddeutschland seltene Art ist bisher in Niedersachsen kaum nachgewiesen. Gut einen Zentimeter lang, ganz schwarz und nur [&hellip;]\" \/>\n<meta property=\"og:url\" content=\"https:\/\/radioleinewelle.de\/index.php\/2020\/12\/02\/schuelerinnen-entdecken-neues-schneckenvorkommen-in-suedostniedersachsen\/\" \/>\n<meta property=\"og:site_name\" content=\"Radio Leinewelle\" \/>\n<meta property=\"article:publisher\" content=\"https:\/\/www.facebook.com\/radioleinewelle\" \/>\n<meta property=\"article:author\" content=\"https:\/\/www.facebook.com\/radioleinewelle\" \/>\n<meta property=\"article:published_time\" content=\"2020-12-02T03:55:46+00:00\" \/>\n<meta property=\"og:image\" content=\"https:\/\/radioleinewelle.de\/wp-content\/uploads\/2020\/12\/Schnecken-im-Schulwald-Bevenrode.jpg\" \/>\n\t<meta property=\"og:image:width\" content=\"800\" \/>\n\t<meta property=\"og:image:height\" content=\"600\" \/>\n\t<meta property=\"og:image:type\" content=\"image\/jpeg\" \/>\n<meta name=\"author\" content=\"Leinewelle\" \/>\n<meta name=\"twitter:card\" content=\"summary_large_image\" \/>\n<meta name=\"twitter:creator\" content=\"@https:\/\/twitter.com\/RLeinewelle?ref_src=twsrcgoogletwcampserptwgrauthor\" \/>\n<meta name=\"twitter:site\" content=\"@RLeinewelle\" \/>\n<meta name=\"twitter:label1\" content=\"Verfasst von\" \/>\n\t<meta name=\"twitter:data1\" content=\"Leinewelle\" \/>\n\t<meta name=\"twitter:label2\" content=\"Gesch\u00e4tzte Lesezeit\" \/>\n\t<meta name=\"twitter:data2\" content=\"2\u00a0Minuten\" \/>\n<script type=\"application\/ld+json\" class=\"yoast-schema-graph\">{\"@context\":\"https:\\\/\\\/schema.org\",\"@graph\":[{\"@type\":\"Article\",\"@id\":\"https:\\\/\\\/radioleinewelle.de\\\/index.php\\\/2020\\\/12\\\/02\\\/schuelerinnen-entdecken-neues-schneckenvorkommen-in-suedostniedersachsen\\\/#article\",\"isPartOf\":{\"@id\":\"https:\\\/\\\/radioleinewelle.de\\\/index.php\\\/2020\\\/12\\\/02\\\/schuelerinnen-entdecken-neues-schneckenvorkommen-in-suedostniedersachsen\\\/\"},\"author\":{\"name\":\"Leinewelle\",\"@id\":\"https:\\\/\\\/radioleinewelle.de\\\/#\\\/schema\\\/person\\\/45606f348637df637192dc1b68399a63\"},\"headline\":\"Sch\u00fclerinnen entdecken neues Schneckenvorkommen in S\u00fcdostniedersachsen\",\"datePublished\":\"2020-12-02T03:55:46+00:00\",\"mainEntityOfPage\":{\"@id\":\"https:\\\/\\\/radioleinewelle.de\\\/index.php\\\/2020\\\/12\\\/02\\\/schuelerinnen-entdecken-neues-schneckenvorkommen-in-suedostniedersachsen\\\/\"},\"wordCount\":424,\"publisher\":{\"@id\":\"https:\\\/\\\/radioleinewelle.de\\\/#organization\"},\"image\":{\"@id\":\"https:\\\/\\\/radioleinewelle.de\\\/index.php\\\/2020\\\/12\\\/02\\\/schuelerinnen-entdecken-neues-schneckenvorkommen-in-suedostniedersachsen\\\/#primaryimage\"},\"thumbnailUrl\":\"https:\\\/\\\/radioleinewelle.de\\\/wp-content\\\/uploads\\\/2020\\\/12\\\/Schnecken-im-Schulwald-Bevenrode.jpg\",\"articleSection\":[\"Natur &amp; Umwelt\"],\"inLanguage\":\"de\"},{\"@type\":\"WebPage\",\"@id\":\"https:\\\/\\\/radioleinewelle.de\\\/index.php\\\/2020\\\/12\\\/02\\\/schuelerinnen-entdecken-neues-schneckenvorkommen-in-suedostniedersachsen\\\/\",\"url\":\"https:\\\/\\\/radioleinewelle.de\\\/index.php\\\/2020\\\/12\\\/02\\\/schuelerinnen-entdecken-neues-schneckenvorkommen-in-suedostniedersachsen\\\/\",\"name\":\"Sch\u00fclerinnen entdecken neues Schneckenvorkommen in S\u00fcdostniedersachsen - Radio Leinewelle\",\"isPartOf\":{\"@id\":\"https:\\\/\\\/radioleinewelle.de\\\/#website\"},\"primaryImageOfPage\":{\"@id\":\"https:\\\/\\\/radioleinewelle.de\\\/index.php\\\/2020\\\/12\\\/02\\\/schuelerinnen-entdecken-neues-schneckenvorkommen-in-suedostniedersachsen\\\/#primaryimage\"},\"image\":{\"@id\":\"https:\\\/\\\/radioleinewelle.de\\\/index.php\\\/2020\\\/12\\\/02\\\/schuelerinnen-entdecken-neues-schneckenvorkommen-in-suedostniedersachsen\\\/#primaryimage\"},\"thumbnailUrl\":\"https:\\\/\\\/radioleinewelle.de\\\/wp-content\\\/uploads\\\/2020\\\/12\\\/Schnecken-im-Schulwald-Bevenrode.jpg\",\"datePublished\":\"2020-12-02T03:55:46+00:00\",\"breadcrumb\":{\"@id\":\"https:\\\/\\\/radioleinewelle.de\\\/index.php\\\/2020\\\/12\\\/02\\\/schuelerinnen-entdecken-neues-schneckenvorkommen-in-suedostniedersachsen\\\/#breadcrumb\"},\"inLanguage\":\"de\",\"potentialAction\":[{\"@type\":\"ReadAction\",\"target\":[\"https:\\\/\\\/radioleinewelle.de\\\/index.php\\\/2020\\\/12\\\/02\\\/schuelerinnen-entdecken-neues-schneckenvorkommen-in-suedostniedersachsen\\\/\"]}]},{\"@type\":\"ImageObject\",\"inLanguage\":\"de\",\"@id\":\"https:\\\/\\\/radioleinewelle.de\\\/index.php\\\/2020\\\/12\\\/02\\\/schuelerinnen-entdecken-neues-schneckenvorkommen-in-suedostniedersachsen\\\/#primaryimage\",\"url\":\"https:\\\/\\\/radioleinewelle.de\\\/wp-content\\\/uploads\\\/2020\\\/12\\\/Schnecken-im-Schulwald-Bevenrode.jpg\",\"contentUrl\":\"https:\\\/\\\/radioleinewelle.de\\\/wp-content\\\/uploads\\\/2020\\\/12\\\/Schnecken-im-Schulwald-Bevenrode.jpg\",\"width\":800,\"height\":600},{\"@type\":\"BreadcrumbList\",\"@id\":\"https:\\\/\\\/radioleinewelle.de\\\/index.php\\\/2020\\\/12\\\/02\\\/schuelerinnen-entdecken-neues-schneckenvorkommen-in-suedostniedersachsen\\\/#breadcrumb\",\"itemListElement\":[{\"@type\":\"ListItem\",\"position\":1,\"name\":\"Startseite\",\"item\":\"https:\\\/\\\/radioleinewelle.de\\\/\"},{\"@type\":\"ListItem\",\"position\":2,\"name\":\"Sch\u00fclerinnen entdecken neues Schneckenvorkommen in S\u00fcdostniedersachsen\"}]},{\"@type\":\"WebSite\",\"@id\":\"https:\\\/\\\/radioleinewelle.de\\\/#website\",\"url\":\"https:\\\/\\\/radioleinewelle.de\\\/\",\"name\":\"Radio Leinewelle\",\"description\":\"\",\"publisher\":{\"@id\":\"https:\\\/\\\/radioleinewelle.de\\\/#organization\"},\"potentialAction\":[{\"@type\":\"SearchAction\",\"target\":{\"@type\":\"EntryPoint\",\"urlTemplate\":\"https:\\\/\\\/radioleinewelle.de\\\/?s={search_term_string}\"},\"query-input\":{\"@type\":\"PropertyValueSpecification\",\"valueRequired\":true,\"valueName\":\"search_term_string\"}}],\"inLanguage\":\"de\"},{\"@type\":\"Organization\",\"@id\":\"https:\\\/\\\/radioleinewelle.de\\\/#organization\",\"name\":\"Radio Leinewelle\",\"alternateName\":\"Mein Radio f\u00fcr S\u00fcdniedersachsen\",\"url\":\"https:\\\/\\\/radioleinewelle.de\\\/\",\"logo\":{\"@type\":\"ImageObject\",\"inLanguage\":\"de\",\"@id\":\"https:\\\/\\\/radioleinewelle.de\\\/#\\\/schema\\\/logo\\\/image\\\/\",\"url\":\"https:\\\/\\\/radioleinewelle.de\\\/wp-content\\\/uploads\\\/2023\\\/11\\\/cropped-Leinewelle_Logo_weiss.png\",\"contentUrl\":\"https:\\\/\\\/radioleinewelle.de\\\/wp-content\\\/uploads\\\/2023\\\/11\\\/cropped-Leinewelle_Logo_weiss.png\",\"width\":854,\"height\":260,\"caption\":\"Radio Leinewelle\"},\"image\":{\"@id\":\"https:\\\/\\\/radioleinewelle.de\\\/#\\\/schema\\\/logo\\\/image\\\/\"},\"sameAs\":[\"https:\\\/\\\/www.facebook.com\\\/radioleinewelle\",\"https:\\\/\\\/x.com\\\/RLeinewelle\",\"https:\\\/\\\/www.instagram.com\\\/radioleinewelle\\\/?hl=de\"]},{\"@type\":\"Person\",\"@id\":\"https:\\\/\\\/radioleinewelle.de\\\/#\\\/schema\\\/person\\\/45606f348637df637192dc1b68399a63\",\"name\":\"Leinewelle\",\"image\":{\"@type\":\"ImageObject\",\"inLanguage\":\"de\",\"@id\":\"https:\\\/\\\/secure.gravatar.com\\\/avatar\\\/05c9a17bc973052ee5d91549bd32fb4dd0dc85b7b85ae94b2e2b4943476bbea5?s=96&d=blank&r=g\",\"url\":\"https:\\\/\\\/secure.gravatar.com\\\/avatar\\\/05c9a17bc973052ee5d91549bd32fb4dd0dc85b7b85ae94b2e2b4943476bbea5?s=96&d=blank&r=g\",\"contentUrl\":\"https:\\\/\\\/secure.gravatar.com\\\/avatar\\\/05c9a17bc973052ee5d91549bd32fb4dd0dc85b7b85ae94b2e2b4943476bbea5?s=96&d=blank&r=g\",\"caption\":\"Leinewelle\"},\"sameAs\":[\"http:\\\/\\\/localhost\\\/radio%20leinewelle\\\/wordpress\",\"https:\\\/\\\/www.facebook.com\\\/radioleinewelle\",\"https:\\\/\\\/www.instagram.com\\\/radioleinewelle\",\"https:\\\/\\\/x.com\\\/https:\\\/\\\/twitter.com\\\/RLeinewelle?ref_src=twsrcgoogletwcampserptwgrauthor\",\"https:\\\/\\\/soundcloud.com\\\/foerderverein-lokalradio?utm_source=clipboard&utm_medium=text&utm_campaign=social_sharing\"],\"url\":\"https:\\\/\\\/radioleinewelle.de\\\/index.php\\\/author\\\/leinewelle\\\/\"}]}<\/script>\n<!-- \/ Yoast SEO plugin. -->","yoast_head_json":{"title":"Sch\u00fclerinnen entdecken neues Schneckenvorkommen in S\u00fcdostniedersachsen - Radio Leinewelle","robots":{"index":"index","follow":"follow","max-snippet":"max-snippet:-1","max-image-preview":"max-image-preview:large","max-video-preview":"max-video-preview:-1"},"canonical":"https:\/\/radioleinewelle.de\/index.php\/2020\/12\/02\/schuelerinnen-entdecken-neues-schneckenvorkommen-in-suedostniedersachsen\/","og_locale":"de_DE","og_type":"article","og_title":"Sch\u00fclerinnen entdecken neues Schneckenvorkommen in S\u00fcdostniedersachsen - Radio Leinewelle","og_description":"Bevenrode\/Braunschweig. Teresa Maier und Tuula Olbert fiel sofort auf, dass diese Tiere anders aussahen: Mit ihrer Entdeckung einer \u201eKurzen Glasschnecke\u201c im Braunschweiger Norden zeigen die beiden schneckenbegeisterten Sch\u00fclerinnen, dass sich die Natur im st\u00e4ndigen Wandel befindet. Die in Norddeutschland seltene Art ist bisher in Niedersachsen kaum nachgewiesen. Gut einen Zentimeter lang, ganz schwarz und nur [&hellip;]","og_url":"https:\/\/radioleinewelle.de\/index.php\/2020\/12\/02\/schuelerinnen-entdecken-neues-schneckenvorkommen-in-suedostniedersachsen\/","og_site_name":"Radio Leinewelle","article_publisher":"https:\/\/www.facebook.com\/radioleinewelle","article_author":"https:\/\/www.facebook.com\/radioleinewelle","article_published_time":"2020-12-02T03:55:46+00:00","og_image":[{"width":800,"height":600,"url":"https:\/\/radioleinewelle.de\/wp-content\/uploads\/2020\/12\/Schnecken-im-Schulwald-Bevenrode.jpg","type":"image\/jpeg"}],"author":"Leinewelle","twitter_card":"summary_large_image","twitter_creator":"@https:\/\/twitter.com\/RLeinewelle?ref_src=twsrcgoogletwcampserptwgrauthor","twitter_site":"@RLeinewelle","twitter_misc":{"Verfasst von":"Leinewelle","Gesch\u00e4tzte Lesezeit":"2\u00a0Minuten"},"schema":{"@context":"https:\/\/schema.org","@graph":[{"@type":"Article","@id":"https:\/\/radioleinewelle.de\/index.php\/2020\/12\/02\/schuelerinnen-entdecken-neues-schneckenvorkommen-in-suedostniedersachsen\/#article","isPartOf":{"@id":"https:\/\/radioleinewelle.de\/index.php\/2020\/12\/02\/schuelerinnen-entdecken-neues-schneckenvorkommen-in-suedostniedersachsen\/"},"author":{"name":"Leinewelle","@id":"https:\/\/radioleinewelle.de\/#\/schema\/person\/45606f348637df637192dc1b68399a63"},"headline":"Sch\u00fclerinnen entdecken neues Schneckenvorkommen in S\u00fcdostniedersachsen","datePublished":"2020-12-02T03:55:46+00:00","mainEntityOfPage":{"@id":"https:\/\/radioleinewelle.de\/index.php\/2020\/12\/02\/schuelerinnen-entdecken-neues-schneckenvorkommen-in-suedostniedersachsen\/"},"wordCount":424,"publisher":{"@id":"https:\/\/radioleinewelle.de\/#organization"},"image":{"@id":"https:\/\/radioleinewelle.de\/index.php\/2020\/12\/02\/schuelerinnen-entdecken-neues-schneckenvorkommen-in-suedostniedersachsen\/#primaryimage"},"thumbnailUrl":"https:\/\/radioleinewelle.de\/wp-content\/uploads\/2020\/12\/Schnecken-im-Schulwald-Bevenrode.jpg","articleSection":["Natur &amp; Umwelt"],"inLanguage":"de"},{"@type":"WebPage","@id":"https:\/\/radioleinewelle.de\/index.php\/2020\/12\/02\/schuelerinnen-entdecken-neues-schneckenvorkommen-in-suedostniedersachsen\/","url":"https:\/\/radioleinewelle.de\/index.php\/2020\/12\/02\/schuelerinnen-entdecken-neues-schneckenvorkommen-in-suedostniedersachsen\/","name":"Sch\u00fclerinnen entdecken neues Schneckenvorkommen in S\u00fcdostniedersachsen - Radio Leinewelle","isPartOf":{"@id":"https:\/\/radioleinewelle.de\/#website"},"primaryImageOfPage":{"@id":"https:\/\/radioleinewelle.de\/index.php\/2020\/12\/02\/schuelerinnen-entdecken-neues-schneckenvorkommen-in-suedostniedersachsen\/#primaryimage"},"image":{"@id":"https:\/\/radioleinewelle.de\/index.php\/2020\/12\/02\/schuelerinnen-entdecken-neues-schneckenvorkommen-in-suedostniedersachsen\/#primaryimage"},"thumbnailUrl":"https:\/\/radioleinewelle.de\/wp-content\/uploads\/2020\/12\/Schnecken-im-Schulwald-Bevenrode.jpg","datePublished":"2020-12-02T03:55:46+00:00","breadcrumb":{"@id":"https:\/\/radioleinewelle.de\/index.php\/2020\/12\/02\/schuelerinnen-entdecken-neues-schneckenvorkommen-in-suedostniedersachsen\/#breadcrumb"},"inLanguage":"de","potentialAction":[{"@type":"ReadAction","target":["https:\/\/radioleinewelle.de\/index.php\/2020\/12\/02\/schuelerinnen-entdecken-neues-schneckenvorkommen-in-suedostniedersachsen\/"]}]},{"@type":"ImageObject","inLanguage":"de","@id":"https:\/\/radioleinewelle.de\/index.php\/2020\/12\/02\/schuelerinnen-entdecken-neues-schneckenvorkommen-in-suedostniedersachsen\/#primaryimage","url":"https:\/\/radioleinewelle.de\/wp-content\/uploads\/2020\/12\/Schnecken-im-Schulwald-Bevenrode.jpg","contentUrl":"https:\/\/radioleinewelle.de\/wp-content\/uploads\/2020\/12\/Schnecken-im-Schulwald-Bevenrode.jpg","width":800,"height":600},{"@type":"BreadcrumbList","@id":"https:\/\/radioleinewelle.de\/index.php\/2020\/12\/02\/schuelerinnen-entdecken-neues-schneckenvorkommen-in-suedostniedersachsen\/#breadcrumb","itemListElement":[{"@type":"ListItem","position":1,"name":"Startseite","item":"https:\/\/radioleinewelle.de\/"},{"@type":"ListItem","position":2,"name":"Sch\u00fclerinnen entdecken neues Schneckenvorkommen in S\u00fcdostniedersachsen"}]},{"@type":"WebSite","@id":"https:\/\/radioleinewelle.de\/#website","url":"https:\/\/radioleinewelle.de\/","name":"Radio Leinewelle","description":"","publisher":{"@id":"https:\/\/radioleinewelle.de\/#organization"},"potentialAction":[{"@type":"SearchAction","target":{"@type":"EntryPoint","urlTemplate":"https:\/\/radioleinewelle.de\/?s={search_term_string}"},"query-input":{"@type":"PropertyValueSpecification","valueRequired":true,"valueName":"search_term_string"}}],"inLanguage":"de"},{"@type":"Organization","@id":"https:\/\/radioleinewelle.de\/#organization","name":"Radio Leinewelle","alternateName":"Mein Radio f\u00fcr S\u00fcdniedersachsen","url":"https:\/\/radioleinewelle.de\/","logo":{"@type":"ImageObject","inLanguage":"de","@id":"https:\/\/radioleinewelle.de\/#\/schema\/logo\/image\/","url":"https:\/\/radioleinewelle.de\/wp-content\/uploads\/2023\/11\/cropped-Leinewelle_Logo_weiss.png","contentUrl":"https:\/\/radioleinewelle.de\/wp-content\/uploads\/2023\/11\/cropped-Leinewelle_Logo_weiss.png","width":854,"height":260,"caption":"Radio Leinewelle"},"image":{"@id":"https:\/\/radioleinewelle.de\/#\/schema\/logo\/image\/"},"sameAs":["https:\/\/www.facebook.com\/radioleinewelle","https:\/\/x.com\/RLeinewelle","https:\/\/www.instagram.com\/radioleinewelle\/?hl=de"]},{"@type":"Person","@id":"https:\/\/radioleinewelle.de\/#\/schema\/person\/45606f348637df637192dc1b68399a63","name":"Leinewelle","image":{"@type":"ImageObject","inLanguage":"de","@id":"https:\/\/secure.gravatar.com\/avatar\/05c9a17bc973052ee5d91549bd32fb4dd0dc85b7b85ae94b2e2b4943476bbea5?s=96&d=blank&r=g","url":"https:\/\/secure.gravatar.com\/avatar\/05c9a17bc973052ee5d91549bd32fb4dd0dc85b7b85ae94b2e2b4943476bbea5?s=96&d=blank&r=g","contentUrl":"https:\/\/secure.gravatar.com\/avatar\/05c9a17bc973052ee5d91549bd32fb4dd0dc85b7b85ae94b2e2b4943476bbea5?s=96&d=blank&r=g","caption":"Leinewelle"},"sameAs":["http:\/\/localhost\/radio%20leinewelle\/wordpress","https:\/\/www.facebook.com\/radioleinewelle","https:\/\/www.instagram.com\/radioleinewelle","https:\/\/x.com\/https:\/\/twitter.com\/RLeinewelle?ref_src=twsrcgoogletwcampserptwgrauthor","https:\/\/soundcloud.com\/foerderverein-lokalradio?utm_source=clipboard&utm_medium=text&utm_campaign=social_sharing"],"url":"https:\/\/radioleinewelle.de\/index.php\/author\/leinewelle\/"}]}},"_links":{"self":[{"href":"https:\/\/radioleinewelle.de\/index.php\/wp-json\/wp\/v2\/posts\/3269","targetHints":{"allow":["GET"]}}],"collection":[{"href":"https:\/\/radioleinewelle.de\/index.php\/wp-json\/wp\/v2\/posts"}],"about":[{"href":"https:\/\/radioleinewelle.de\/index.php\/wp-json\/wp\/v2\/types\/post"}],"author":[{"embeddable":true,"href":"https:\/\/radioleinewelle.de\/index.php\/wp-json\/wp\/v2\/users\/1"}],"replies":[{"embeddable":true,"href":"https:\/\/radioleinewelle.de\/index.php\/wp-json\/wp\/v2\/comments?post=3269"}],"version-history":[{"count":0,"href":"https:\/\/radioleinewelle.de\/index.php\/wp-json\/wp\/v2\/posts\/3269\/revisions"}],"wp:featuredmedia":[{"embeddable":true,"href":"https:\/\/radioleinewelle.de\/index.php\/wp-json\/wp\/v2\/media\/3271"}],"wp:attachment":[{"href":"https:\/\/radioleinewelle.de\/index.php\/wp-json\/wp\/v2\/media?parent=3269"}],"wp:term":[{"taxonomy":"category","embeddable":true,"href":"https:\/\/radioleinewelle.de\/index.php\/wp-json\/wp\/v2\/categories?post=3269"},{"taxonomy":"post_tag","embeddable":true,"href":"https:\/\/radioleinewelle.de\/index.php\/wp-json\/wp\/v2\/tags?post=3269"}],"curies":[{"name":"wp","href":"https:\/\/api.w.org\/{rel}","templated":true}]}}