{"id":3273,"date":"2020-12-02T05:07:44","date_gmt":"2020-12-02T04:07:44","guid":{"rendered":"https:\/\/radioleinewelle.de\/?p=3273"},"modified":"2020-12-02T05:07:44","modified_gmt":"2020-12-02T04:07:44","slug":"mehr-artenvielfalt-im-urbanen-raum-bund-schliesst-projekt-oekologische-nische-friedhof-erfolgreich-ab","status":"publish","type":"post","link":"https:\/\/radioleinewelle.de\/index.php\/2020\/12\/02\/mehr-artenvielfalt-im-urbanen-raum-bund-schliesst-projekt-oekologische-nische-friedhof-erfolgreich-ab\/","title":{"rendered":"Mehr Artenvielfalt im urbanen Raum &#8211; BUND schlie\u00dft Projekt \u201e\u00d6kologische Nische Friedhof\u201c erfolgreich ab"},"content":{"rendered":"<p>Friedh\u00f6fe spielen eine wichtige Rolle in der religi\u00f6sen Praxis. Sie sind zudem auch R\u00fcckzugsraum f\u00fcr zahlreiche Pflanzen und Tiere und bilden \u00f6kologisch wertvolle Inseln im urbanen Raum. Das BUND-Projekt \u201e\u00d6kologische Nische Friedhof\u201c hat sich in den vergangenen drei Jahren auf diese Hotspots der Artenvielfalt konzentriert und wildbienenfreundliche Ma\u00dfnahmen durchgef\u00fchrt. Zum Abschluss des Projektes zieht der Umweltverband eine positive Bilanz.<\/p>\n<p>\u201eAm Beispiel der Wildbienen hat das BUND-Projekt gezeigt, welche vielf\u00e4ltigen M\u00f6glichkeiten es auch im urbanen Raum f\u00fcr den Schutz seltener Arten gibt\u201c, sagt der BUND-Landesvorsitzende Heiner Baumgarten. \u201eDie neu entstandenen naturnahen Strukturen auf unseren Projektfriedh\u00f6fen sind nun Inspiration f\u00fcr die insektenfreundliche Gestaltung anderer st\u00e4dtischer Fl\u00e4chen wie beispielsweise Parks und Gr\u00fcnanlagen.\u201c Zwischen September 2017 und November 2020 wurden auf den Friedh\u00f6fen in Braunschweig, G\u00f6ttingen, Hannover und L\u00fcneburg insgesamt 18 Mustergr\u00e4ber mit wildbienenfreundlichen Stauden angelegt, knapp 11 500 m\u00b2 Wildblumenwiesen ausges\u00e4t und \u00fcber 1.500 Stauden und Geh\u00f6lze sowie zwei Streuobstwiesen mit regionalen Obstsorten angelegt. Dank des gro\u00dfen Zuspruchs sind auf vier weiteren Friedh\u00f6fen in Bad Fallingbostel, Freden, Schwanewede und Westerstede ebenfalls Wildblumenwiesen, Staudenbeete und Geh\u00f6lzbereiche entstanden.<\/p>\n<p>\u201eBei den Pflanzungen und Umgestaltungsma\u00dfnahmen haben wir die Bed\u00fcrfnisse der flei\u00dfigen Insekten in den Mittelpunkt ger\u00fcckt und gezielt regionale heimische Pflanzen ausgew\u00e4hlt\u201c, erl\u00e4utert Projektleiter Jakob Grabow-Klucken. \u201eSo haben wir vor allem f\u00fcr spezialisierte Wildbienenarten mehr Nahrungsm\u00f6glichkeiten und Nistfl\u00e4chen bereitgestellt.\u201c Die Erfolge waren schnell zu sehen: Teils seltene Arten konnten bereits im ersten Jahr an den Bl\u00fcten angetroffen werden. In G\u00f6ttingen wurden auf einer 6,25 m\u00b2 gro\u00dfen Fl\u00e4che sechs solit\u00e4re Bienenarten entdeckt, darunter die Mandibel-Kegelbiene \u2013 eine Kuckucksbiene, die in Niedersachsen als vom Aussterben bedroht gilt. Insgesamt sichteten Expert*innen auf den Projekt-Friedh\u00f6fen 121 verschiedene Wildbienenarten, ein Drittel der gesamten nieders\u00e4chsischen Wildbienenfauna. Ein weiterer Projektbaustein war die Weiterbildung: Der BUND hat Friedhofsg\u00e4rtner*innen und -mitarbeiter*innen zu den Themen Totholz, Bienenweiden, \u00f6kologisches M\u00e4hen und Nisthilfen geschult, damit sie ihre Pflegema\u00dfnahmen speziell an die Bed\u00fcrfnisse bedrohter Arten anpassen und diese nachhaltig sch\u00fctzen k\u00f6nnen.<\/p>\n<p>Das Projekt \u201e\u00d6kologische Nische Friedhof\u201c fand \u00fcber die Grenzen Niedersachsens hinweg Beachtung: 2018 wurde es mit dem Nachhaltigkeitspreis vom Regionalen Netzwerk f\u00fcr Nachhaltigkeitsstrategien (RENN) ausgezeichnet, 2019 folgte der Gewinn des #beebetter-Awards in der Kategorie \u201e\u00d6ffentliche Einrichtungen &amp; Gro\u00dfgruppen\u201c und 2020 die Auszeichnung als \u201eProjekt der UN-Dekade Biologische Vielfalt\u201c. \u201eEs ist sehr erfreulich, wie sich der Stellenwert vieler bedrohter Insekten in den letzten Jahren verbessert hat &#8211;\u00a0 dazu hat dieses Projekt einen wichtigen Beitrag geleistet\u201c, lobt auch Karsten Behr, Gesch\u00e4ftsf\u00fchrer der Nieders\u00e4chsischen Bingo-Umweltstiftung, die das Projekt ma\u00dfgeblich unterst\u00fctzt hat. \u201eMit unserer F\u00f6rderung konnten wir dazu beitragen, dass viele neue Lebensr\u00e4ume insbesondere f\u00fcr Wildbienen entstanden sind, die zur Nachahmung anregen.\u201c<\/p>\n<p><b>Weitere Informationen:<\/b> <a href=\"http:\/\/www.bund-niedersachsen.de\/oekologische-nische-friedhof\" target=\"_top\" rel=\"noopener\">www.bund-niedersachsen.de\/oekologische-nische-friedhof<\/a><\/p>\n<p>Foto:\u00a0Buckel-Seidenbiene. \u00a9Klaus Kuttig<\/p>\n","protected":false},"excerpt":{"rendered":"<p>Friedh\u00f6fe spielen eine wichtige Rolle in der religi\u00f6sen Praxis. Sie sind zudem auch R\u00fcckzugsraum f\u00fcr zahlreiche Pflanzen und Tiere und bilden \u00f6kologisch wertvolle Inseln im urbanen Raum. Das BUND-Projekt \u201e\u00d6kologische Nische Friedhof\u201c hat sich in den vergangenen drei Jahren auf diese Hotspots der Artenvielfalt konzentriert und wildbienenfreundliche Ma\u00dfnahmen durchgef\u00fchrt. Zum Abschluss des Projektes zieht der [&hellip;]<\/p>\n","protected":false},"author":1,"featured_media":3275,"comment_status":"closed","ping_status":"closed","sticky":false,"template":"","format":"standard","meta":{"saved_in_kubio":false,"footnotes":""},"categories":[32],"tags":[],"class_list":["post-3273","post","type-post","status-publish","format-standard","has-post-thumbnail","hentry","category-natur-umwelt"],"yoast_head":"<!-- This site is optimized with the Yoast SEO plugin v27.5 - https:\/\/yoast.com\/product\/yoast-seo-wordpress\/ -->\n<title>Mehr Artenvielfalt im urbanen Raum - BUND schlie\u00dft Projekt \u201e\u00d6kologische Nische Friedhof\u201c erfolgreich ab - Radio Leinewelle<\/title>\n<meta name=\"robots\" content=\"index, follow, max-snippet:-1, max-image-preview:large, max-video-preview:-1\" \/>\n<link rel=\"canonical\" href=\"https:\/\/radioleinewelle.de\/index.php\/2020\/12\/02\/mehr-artenvielfalt-im-urbanen-raum-bund-schliesst-projekt-oekologische-nische-friedhof-erfolgreich-ab\/\" \/>\n<meta property=\"og:locale\" content=\"de_DE\" \/>\n<meta property=\"og:type\" content=\"article\" \/>\n<meta property=\"og:title\" content=\"Mehr Artenvielfalt im urbanen Raum - BUND schlie\u00dft Projekt \u201e\u00d6kologische Nische Friedhof\u201c erfolgreich ab - Radio Leinewelle\" \/>\n<meta property=\"og:description\" content=\"Friedh\u00f6fe spielen eine wichtige Rolle in der religi\u00f6sen Praxis. Sie sind zudem auch R\u00fcckzugsraum f\u00fcr zahlreiche Pflanzen und Tiere und bilden \u00f6kologisch wertvolle Inseln im urbanen Raum. Das BUND-Projekt \u201e\u00d6kologische Nische Friedhof\u201c hat sich in den vergangenen drei Jahren auf diese Hotspots der Artenvielfalt konzentriert und wildbienenfreundliche Ma\u00dfnahmen durchgef\u00fchrt. Zum Abschluss des Projektes zieht der [&hellip;]\" \/>\n<meta property=\"og:url\" content=\"https:\/\/radioleinewelle.de\/index.php\/2020\/12\/02\/mehr-artenvielfalt-im-urbanen-raum-bund-schliesst-projekt-oekologische-nische-friedhof-erfolgreich-ab\/\" \/>\n<meta property=\"og:site_name\" content=\"Radio Leinewelle\" \/>\n<meta property=\"article:publisher\" content=\"https:\/\/www.facebook.com\/radioleinewelle\" \/>\n<meta property=\"article:author\" content=\"https:\/\/www.facebook.com\/radioleinewelle\" \/>\n<meta property=\"article:published_time\" content=\"2020-12-02T04:07:44+00:00\" \/>\n<meta property=\"og:image\" content=\"https:\/\/radioleinewelle.de\/wp-content\/uploads\/2020\/12\/2018-07-26_Buckel_Seidenbiene_foto_klaus_kuttig-e1606860592240.jpg\" \/>\n\t<meta property=\"og:image:width\" content=\"600\" \/>\n\t<meta property=\"og:image:height\" content=\"424\" \/>\n\t<meta property=\"og:image:type\" content=\"image\/jpeg\" \/>\n<meta name=\"author\" content=\"Leinewelle\" \/>\n<meta name=\"twitter:card\" content=\"summary_large_image\" \/>\n<meta name=\"twitter:creator\" content=\"@https:\/\/twitter.com\/RLeinewelle?ref_src=twsrcgoogletwcampserptwgrauthor\" \/>\n<meta name=\"twitter:site\" content=\"@RLeinewelle\" \/>\n<meta name=\"twitter:label1\" content=\"Verfasst von\" \/>\n\t<meta name=\"twitter:data1\" content=\"Leinewelle\" \/>\n\t<meta name=\"twitter:label2\" content=\"Gesch\u00e4tzte Lesezeit\" \/>\n\t<meta name=\"twitter:data2\" content=\"2\u00a0Minuten\" \/>\n<script type=\"application\/ld+json\" class=\"yoast-schema-graph\">{\"@context\":\"https:\\\/\\\/schema.org\",\"@graph\":[{\"@type\":\"Article\",\"@id\":\"https:\\\/\\\/radioleinewelle.de\\\/index.php\\\/2020\\\/12\\\/02\\\/mehr-artenvielfalt-im-urbanen-raum-bund-schliesst-projekt-oekologische-nische-friedhof-erfolgreich-ab\\\/#article\",\"isPartOf\":{\"@id\":\"https:\\\/\\\/radioleinewelle.de\\\/index.php\\\/2020\\\/12\\\/02\\\/mehr-artenvielfalt-im-urbanen-raum-bund-schliesst-projekt-oekologische-nische-friedhof-erfolgreich-ab\\\/\"},\"author\":{\"name\":\"Leinewelle\",\"@id\":\"https:\\\/\\\/radioleinewelle.de\\\/#\\\/schema\\\/person\\\/45606f348637df637192dc1b68399a63\"},\"headline\":\"Mehr Artenvielfalt im urbanen Raum &#8211; BUND schlie\u00dft Projekt \u201e\u00d6kologische Nische Friedhof\u201c erfolgreich ab\",\"datePublished\":\"2020-12-02T04:07:44+00:00\",\"mainEntityOfPage\":{\"@id\":\"https:\\\/\\\/radioleinewelle.de\\\/index.php\\\/2020\\\/12\\\/02\\\/mehr-artenvielfalt-im-urbanen-raum-bund-schliesst-projekt-oekologische-nische-friedhof-erfolgreich-ab\\\/\"},\"wordCount\":490,\"publisher\":{\"@id\":\"https:\\\/\\\/radioleinewelle.de\\\/#organization\"},\"image\":{\"@id\":\"https:\\\/\\\/radioleinewelle.de\\\/index.php\\\/2020\\\/12\\\/02\\\/mehr-artenvielfalt-im-urbanen-raum-bund-schliesst-projekt-oekologische-nische-friedhof-erfolgreich-ab\\\/#primaryimage\"},\"thumbnailUrl\":\"https:\\\/\\\/radioleinewelle.de\\\/wp-content\\\/uploads\\\/2020\\\/12\\\/2018-07-26_Buckel_Seidenbiene_foto_klaus_kuttig-e1606860592240.jpg\",\"articleSection\":[\"Natur &amp; Umwelt\"],\"inLanguage\":\"de\"},{\"@type\":\"WebPage\",\"@id\":\"https:\\\/\\\/radioleinewelle.de\\\/index.php\\\/2020\\\/12\\\/02\\\/mehr-artenvielfalt-im-urbanen-raum-bund-schliesst-projekt-oekologische-nische-friedhof-erfolgreich-ab\\\/\",\"url\":\"https:\\\/\\\/radioleinewelle.de\\\/index.php\\\/2020\\\/12\\\/02\\\/mehr-artenvielfalt-im-urbanen-raum-bund-schliesst-projekt-oekologische-nische-friedhof-erfolgreich-ab\\\/\",\"name\":\"Mehr Artenvielfalt im urbanen Raum - BUND schlie\u00dft Projekt \u201e\u00d6kologische Nische Friedhof\u201c erfolgreich ab - Radio Leinewelle\",\"isPartOf\":{\"@id\":\"https:\\\/\\\/radioleinewelle.de\\\/#website\"},\"primaryImageOfPage\":{\"@id\":\"https:\\\/\\\/radioleinewelle.de\\\/index.php\\\/2020\\\/12\\\/02\\\/mehr-artenvielfalt-im-urbanen-raum-bund-schliesst-projekt-oekologische-nische-friedhof-erfolgreich-ab\\\/#primaryimage\"},\"image\":{\"@id\":\"https:\\\/\\\/radioleinewelle.de\\\/index.php\\\/2020\\\/12\\\/02\\\/mehr-artenvielfalt-im-urbanen-raum-bund-schliesst-projekt-oekologische-nische-friedhof-erfolgreich-ab\\\/#primaryimage\"},\"thumbnailUrl\":\"https:\\\/\\\/radioleinewelle.de\\\/wp-content\\\/uploads\\\/2020\\\/12\\\/2018-07-26_Buckel_Seidenbiene_foto_klaus_kuttig-e1606860592240.jpg\",\"datePublished\":\"2020-12-02T04:07:44+00:00\",\"breadcrumb\":{\"@id\":\"https:\\\/\\\/radioleinewelle.de\\\/index.php\\\/2020\\\/12\\\/02\\\/mehr-artenvielfalt-im-urbanen-raum-bund-schliesst-projekt-oekologische-nische-friedhof-erfolgreich-ab\\\/#breadcrumb\"},\"inLanguage\":\"de\",\"potentialAction\":[{\"@type\":\"ReadAction\",\"target\":[\"https:\\\/\\\/radioleinewelle.de\\\/index.php\\\/2020\\\/12\\\/02\\\/mehr-artenvielfalt-im-urbanen-raum-bund-schliesst-projekt-oekologische-nische-friedhof-erfolgreich-ab\\\/\"]}]},{\"@type\":\"ImageObject\",\"inLanguage\":\"de\",\"@id\":\"https:\\\/\\\/radioleinewelle.de\\\/index.php\\\/2020\\\/12\\\/02\\\/mehr-artenvielfalt-im-urbanen-raum-bund-schliesst-projekt-oekologische-nische-friedhof-erfolgreich-ab\\\/#primaryimage\",\"url\":\"https:\\\/\\\/radioleinewelle.de\\\/wp-content\\\/uploads\\\/2020\\\/12\\\/2018-07-26_Buckel_Seidenbiene_foto_klaus_kuttig-e1606860592240.jpg\",\"contentUrl\":\"https:\\\/\\\/radioleinewelle.de\\\/wp-content\\\/uploads\\\/2020\\\/12\\\/2018-07-26_Buckel_Seidenbiene_foto_klaus_kuttig-e1606860592240.jpg\",\"width\":600,\"height\":424},{\"@type\":\"BreadcrumbList\",\"@id\":\"https:\\\/\\\/radioleinewelle.de\\\/index.php\\\/2020\\\/12\\\/02\\\/mehr-artenvielfalt-im-urbanen-raum-bund-schliesst-projekt-oekologische-nische-friedhof-erfolgreich-ab\\\/#breadcrumb\",\"itemListElement\":[{\"@type\":\"ListItem\",\"position\":1,\"name\":\"Startseite\",\"item\":\"https:\\\/\\\/radioleinewelle.de\\\/\"},{\"@type\":\"ListItem\",\"position\":2,\"name\":\"Mehr Artenvielfalt im urbanen Raum &#8211; BUND schlie\u00dft Projekt \u201e\u00d6kologische Nische Friedhof\u201c erfolgreich ab\"}]},{\"@type\":\"WebSite\",\"@id\":\"https:\\\/\\\/radioleinewelle.de\\\/#website\",\"url\":\"https:\\\/\\\/radioleinewelle.de\\\/\",\"name\":\"Radio Leinewelle\",\"description\":\"\",\"publisher\":{\"@id\":\"https:\\\/\\\/radioleinewelle.de\\\/#organization\"},\"potentialAction\":[{\"@type\":\"SearchAction\",\"target\":{\"@type\":\"EntryPoint\",\"urlTemplate\":\"https:\\\/\\\/radioleinewelle.de\\\/?s={search_term_string}\"},\"query-input\":{\"@type\":\"PropertyValueSpecification\",\"valueRequired\":true,\"valueName\":\"search_term_string\"}}],\"inLanguage\":\"de\"},{\"@type\":\"Organization\",\"@id\":\"https:\\\/\\\/radioleinewelle.de\\\/#organization\",\"name\":\"Radio Leinewelle\",\"alternateName\":\"Mein Radio f\u00fcr S\u00fcdniedersachsen\",\"url\":\"https:\\\/\\\/radioleinewelle.de\\\/\",\"logo\":{\"@type\":\"ImageObject\",\"inLanguage\":\"de\",\"@id\":\"https:\\\/\\\/radioleinewelle.de\\\/#\\\/schema\\\/logo\\\/image\\\/\",\"url\":\"https:\\\/\\\/radioleinewelle.de\\\/wp-content\\\/uploads\\\/2023\\\/11\\\/cropped-Leinewelle_Logo_weiss.png\",\"contentUrl\":\"https:\\\/\\\/radioleinewelle.de\\\/wp-content\\\/uploads\\\/2023\\\/11\\\/cropped-Leinewelle_Logo_weiss.png\",\"width\":854,\"height\":260,\"caption\":\"Radio Leinewelle\"},\"image\":{\"@id\":\"https:\\\/\\\/radioleinewelle.de\\\/#\\\/schema\\\/logo\\\/image\\\/\"},\"sameAs\":[\"https:\\\/\\\/www.facebook.com\\\/radioleinewelle\",\"https:\\\/\\\/x.com\\\/RLeinewelle\",\"https:\\\/\\\/www.instagram.com\\\/radioleinewelle\\\/?hl=de\"]},{\"@type\":\"Person\",\"@id\":\"https:\\\/\\\/radioleinewelle.de\\\/#\\\/schema\\\/person\\\/45606f348637df637192dc1b68399a63\",\"name\":\"Leinewelle\",\"image\":{\"@type\":\"ImageObject\",\"inLanguage\":\"de\",\"@id\":\"https:\\\/\\\/secure.gravatar.com\\\/avatar\\\/05c9a17bc973052ee5d91549bd32fb4dd0dc85b7b85ae94b2e2b4943476bbea5?s=96&d=blank&r=g\",\"url\":\"https:\\\/\\\/secure.gravatar.com\\\/avatar\\\/05c9a17bc973052ee5d91549bd32fb4dd0dc85b7b85ae94b2e2b4943476bbea5?s=96&d=blank&r=g\",\"contentUrl\":\"https:\\\/\\\/secure.gravatar.com\\\/avatar\\\/05c9a17bc973052ee5d91549bd32fb4dd0dc85b7b85ae94b2e2b4943476bbea5?s=96&d=blank&r=g\",\"caption\":\"Leinewelle\"},\"sameAs\":[\"http:\\\/\\\/localhost\\\/radio%20leinewelle\\\/wordpress\",\"https:\\\/\\\/www.facebook.com\\\/radioleinewelle\",\"https:\\\/\\\/www.instagram.com\\\/radioleinewelle\",\"https:\\\/\\\/x.com\\\/https:\\\/\\\/twitter.com\\\/RLeinewelle?ref_src=twsrcgoogletwcampserptwgrauthor\",\"https:\\\/\\\/soundcloud.com\\\/foerderverein-lokalradio?utm_source=clipboard&utm_medium=text&utm_campaign=social_sharing\"],\"url\":\"https:\\\/\\\/radioleinewelle.de\\\/index.php\\\/author\\\/leinewelle\\\/\"}]}<\/script>\n<!-- \/ Yoast SEO plugin. -->","yoast_head_json":{"title":"Mehr Artenvielfalt im urbanen Raum - BUND schlie\u00dft Projekt \u201e\u00d6kologische Nische Friedhof\u201c erfolgreich ab - Radio Leinewelle","robots":{"index":"index","follow":"follow","max-snippet":"max-snippet:-1","max-image-preview":"max-image-preview:large","max-video-preview":"max-video-preview:-1"},"canonical":"https:\/\/radioleinewelle.de\/index.php\/2020\/12\/02\/mehr-artenvielfalt-im-urbanen-raum-bund-schliesst-projekt-oekologische-nische-friedhof-erfolgreich-ab\/","og_locale":"de_DE","og_type":"article","og_title":"Mehr Artenvielfalt im urbanen Raum - BUND schlie\u00dft Projekt \u201e\u00d6kologische Nische Friedhof\u201c erfolgreich ab - Radio Leinewelle","og_description":"Friedh\u00f6fe spielen eine wichtige Rolle in der religi\u00f6sen Praxis. Sie sind zudem auch R\u00fcckzugsraum f\u00fcr zahlreiche Pflanzen und Tiere und bilden \u00f6kologisch wertvolle Inseln im urbanen Raum. Das BUND-Projekt \u201e\u00d6kologische Nische Friedhof\u201c hat sich in den vergangenen drei Jahren auf diese Hotspots der Artenvielfalt konzentriert und wildbienenfreundliche Ma\u00dfnahmen durchgef\u00fchrt. Zum Abschluss des Projektes zieht der [&hellip;]","og_url":"https:\/\/radioleinewelle.de\/index.php\/2020\/12\/02\/mehr-artenvielfalt-im-urbanen-raum-bund-schliesst-projekt-oekologische-nische-friedhof-erfolgreich-ab\/","og_site_name":"Radio Leinewelle","article_publisher":"https:\/\/www.facebook.com\/radioleinewelle","article_author":"https:\/\/www.facebook.com\/radioleinewelle","article_published_time":"2020-12-02T04:07:44+00:00","og_image":[{"width":600,"height":424,"url":"https:\/\/radioleinewelle.de\/wp-content\/uploads\/2020\/12\/2018-07-26_Buckel_Seidenbiene_foto_klaus_kuttig-e1606860592240.jpg","type":"image\/jpeg"}],"author":"Leinewelle","twitter_card":"summary_large_image","twitter_creator":"@https:\/\/twitter.com\/RLeinewelle?ref_src=twsrcgoogletwcampserptwgrauthor","twitter_site":"@RLeinewelle","twitter_misc":{"Verfasst von":"Leinewelle","Gesch\u00e4tzte Lesezeit":"2\u00a0Minuten"},"schema":{"@context":"https:\/\/schema.org","@graph":[{"@type":"Article","@id":"https:\/\/radioleinewelle.de\/index.php\/2020\/12\/02\/mehr-artenvielfalt-im-urbanen-raum-bund-schliesst-projekt-oekologische-nische-friedhof-erfolgreich-ab\/#article","isPartOf":{"@id":"https:\/\/radioleinewelle.de\/index.php\/2020\/12\/02\/mehr-artenvielfalt-im-urbanen-raum-bund-schliesst-projekt-oekologische-nische-friedhof-erfolgreich-ab\/"},"author":{"name":"Leinewelle","@id":"https:\/\/radioleinewelle.de\/#\/schema\/person\/45606f348637df637192dc1b68399a63"},"headline":"Mehr Artenvielfalt im urbanen Raum &#8211; BUND schlie\u00dft Projekt \u201e\u00d6kologische Nische Friedhof\u201c erfolgreich ab","datePublished":"2020-12-02T04:07:44+00:00","mainEntityOfPage":{"@id":"https:\/\/radioleinewelle.de\/index.php\/2020\/12\/02\/mehr-artenvielfalt-im-urbanen-raum-bund-schliesst-projekt-oekologische-nische-friedhof-erfolgreich-ab\/"},"wordCount":490,"publisher":{"@id":"https:\/\/radioleinewelle.de\/#organization"},"image":{"@id":"https:\/\/radioleinewelle.de\/index.php\/2020\/12\/02\/mehr-artenvielfalt-im-urbanen-raum-bund-schliesst-projekt-oekologische-nische-friedhof-erfolgreich-ab\/#primaryimage"},"thumbnailUrl":"https:\/\/radioleinewelle.de\/wp-content\/uploads\/2020\/12\/2018-07-26_Buckel_Seidenbiene_foto_klaus_kuttig-e1606860592240.jpg","articleSection":["Natur &amp; Umwelt"],"inLanguage":"de"},{"@type":"WebPage","@id":"https:\/\/radioleinewelle.de\/index.php\/2020\/12\/02\/mehr-artenvielfalt-im-urbanen-raum-bund-schliesst-projekt-oekologische-nische-friedhof-erfolgreich-ab\/","url":"https:\/\/radioleinewelle.de\/index.php\/2020\/12\/02\/mehr-artenvielfalt-im-urbanen-raum-bund-schliesst-projekt-oekologische-nische-friedhof-erfolgreich-ab\/","name":"Mehr Artenvielfalt im urbanen Raum - BUND schlie\u00dft Projekt \u201e\u00d6kologische Nische Friedhof\u201c erfolgreich ab - Radio Leinewelle","isPartOf":{"@id":"https:\/\/radioleinewelle.de\/#website"},"primaryImageOfPage":{"@id":"https:\/\/radioleinewelle.de\/index.php\/2020\/12\/02\/mehr-artenvielfalt-im-urbanen-raum-bund-schliesst-projekt-oekologische-nische-friedhof-erfolgreich-ab\/#primaryimage"},"image":{"@id":"https:\/\/radioleinewelle.de\/index.php\/2020\/12\/02\/mehr-artenvielfalt-im-urbanen-raum-bund-schliesst-projekt-oekologische-nische-friedhof-erfolgreich-ab\/#primaryimage"},"thumbnailUrl":"https:\/\/radioleinewelle.de\/wp-content\/uploads\/2020\/12\/2018-07-26_Buckel_Seidenbiene_foto_klaus_kuttig-e1606860592240.jpg","datePublished":"2020-12-02T04:07:44+00:00","breadcrumb":{"@id":"https:\/\/radioleinewelle.de\/index.php\/2020\/12\/02\/mehr-artenvielfalt-im-urbanen-raum-bund-schliesst-projekt-oekologische-nische-friedhof-erfolgreich-ab\/#breadcrumb"},"inLanguage":"de","potentialAction":[{"@type":"ReadAction","target":["https:\/\/radioleinewelle.de\/index.php\/2020\/12\/02\/mehr-artenvielfalt-im-urbanen-raum-bund-schliesst-projekt-oekologische-nische-friedhof-erfolgreich-ab\/"]}]},{"@type":"ImageObject","inLanguage":"de","@id":"https:\/\/radioleinewelle.de\/index.php\/2020\/12\/02\/mehr-artenvielfalt-im-urbanen-raum-bund-schliesst-projekt-oekologische-nische-friedhof-erfolgreich-ab\/#primaryimage","url":"https:\/\/radioleinewelle.de\/wp-content\/uploads\/2020\/12\/2018-07-26_Buckel_Seidenbiene_foto_klaus_kuttig-e1606860592240.jpg","contentUrl":"https:\/\/radioleinewelle.de\/wp-content\/uploads\/2020\/12\/2018-07-26_Buckel_Seidenbiene_foto_klaus_kuttig-e1606860592240.jpg","width":600,"height":424},{"@type":"BreadcrumbList","@id":"https:\/\/radioleinewelle.de\/index.php\/2020\/12\/02\/mehr-artenvielfalt-im-urbanen-raum-bund-schliesst-projekt-oekologische-nische-friedhof-erfolgreich-ab\/#breadcrumb","itemListElement":[{"@type":"ListItem","position":1,"name":"Startseite","item":"https:\/\/radioleinewelle.de\/"},{"@type":"ListItem","position":2,"name":"Mehr Artenvielfalt im urbanen Raum &#8211; BUND schlie\u00dft Projekt \u201e\u00d6kologische Nische Friedhof\u201c erfolgreich ab"}]},{"@type":"WebSite","@id":"https:\/\/radioleinewelle.de\/#website","url":"https:\/\/radioleinewelle.de\/","name":"Radio Leinewelle","description":"","publisher":{"@id":"https:\/\/radioleinewelle.de\/#organization"},"potentialAction":[{"@type":"SearchAction","target":{"@type":"EntryPoint","urlTemplate":"https:\/\/radioleinewelle.de\/?s={search_term_string}"},"query-input":{"@type":"PropertyValueSpecification","valueRequired":true,"valueName":"search_term_string"}}],"inLanguage":"de"},{"@type":"Organization","@id":"https:\/\/radioleinewelle.de\/#organization","name":"Radio Leinewelle","alternateName":"Mein Radio f\u00fcr S\u00fcdniedersachsen","url":"https:\/\/radioleinewelle.de\/","logo":{"@type":"ImageObject","inLanguage":"de","@id":"https:\/\/radioleinewelle.de\/#\/schema\/logo\/image\/","url":"https:\/\/radioleinewelle.de\/wp-content\/uploads\/2023\/11\/cropped-Leinewelle_Logo_weiss.png","contentUrl":"https:\/\/radioleinewelle.de\/wp-content\/uploads\/2023\/11\/cropped-Leinewelle_Logo_weiss.png","width":854,"height":260,"caption":"Radio Leinewelle"},"image":{"@id":"https:\/\/radioleinewelle.de\/#\/schema\/logo\/image\/"},"sameAs":["https:\/\/www.facebook.com\/radioleinewelle","https:\/\/x.com\/RLeinewelle","https:\/\/www.instagram.com\/radioleinewelle\/?hl=de"]},{"@type":"Person","@id":"https:\/\/radioleinewelle.de\/#\/schema\/person\/45606f348637df637192dc1b68399a63","name":"Leinewelle","image":{"@type":"ImageObject","inLanguage":"de","@id":"https:\/\/secure.gravatar.com\/avatar\/05c9a17bc973052ee5d91549bd32fb4dd0dc85b7b85ae94b2e2b4943476bbea5?s=96&d=blank&r=g","url":"https:\/\/secure.gravatar.com\/avatar\/05c9a17bc973052ee5d91549bd32fb4dd0dc85b7b85ae94b2e2b4943476bbea5?s=96&d=blank&r=g","contentUrl":"https:\/\/secure.gravatar.com\/avatar\/05c9a17bc973052ee5d91549bd32fb4dd0dc85b7b85ae94b2e2b4943476bbea5?s=96&d=blank&r=g","caption":"Leinewelle"},"sameAs":["http:\/\/localhost\/radio%20leinewelle\/wordpress","https:\/\/www.facebook.com\/radioleinewelle","https:\/\/www.instagram.com\/radioleinewelle","https:\/\/x.com\/https:\/\/twitter.com\/RLeinewelle?ref_src=twsrcgoogletwcampserptwgrauthor","https:\/\/soundcloud.com\/foerderverein-lokalradio?utm_source=clipboard&utm_medium=text&utm_campaign=social_sharing"],"url":"https:\/\/radioleinewelle.de\/index.php\/author\/leinewelle\/"}]}},"_links":{"self":[{"href":"https:\/\/radioleinewelle.de\/index.php\/wp-json\/wp\/v2\/posts\/3273","targetHints":{"allow":["GET"]}}],"collection":[{"href":"https:\/\/radioleinewelle.de\/index.php\/wp-json\/wp\/v2\/posts"}],"about":[{"href":"https:\/\/radioleinewelle.de\/index.php\/wp-json\/wp\/v2\/types\/post"}],"author":[{"embeddable":true,"href":"https:\/\/radioleinewelle.de\/index.php\/wp-json\/wp\/v2\/users\/1"}],"replies":[{"embeddable":true,"href":"https:\/\/radioleinewelle.de\/index.php\/wp-json\/wp\/v2\/comments?post=3273"}],"version-history":[{"count":0,"href":"https:\/\/radioleinewelle.de\/index.php\/wp-json\/wp\/v2\/posts\/3273\/revisions"}],"wp:featuredmedia":[{"embeddable":true,"href":"https:\/\/radioleinewelle.de\/index.php\/wp-json\/wp\/v2\/media\/3275"}],"wp:attachment":[{"href":"https:\/\/radioleinewelle.de\/index.php\/wp-json\/wp\/v2\/media?parent=3273"}],"wp:term":[{"taxonomy":"category","embeddable":true,"href":"https:\/\/radioleinewelle.de\/index.php\/wp-json\/wp\/v2\/categories?post=3273"},{"taxonomy":"post_tag","embeddable":true,"href":"https:\/\/radioleinewelle.de\/index.php\/wp-json\/wp\/v2\/tags?post=3273"}],"curies":[{"name":"wp","href":"https:\/\/api.w.org\/{rel}","templated":true}]}}