{"id":3289,"date":"2020-12-03T05:10:26","date_gmt":"2020-12-03T04:10:26","guid":{"rendered":"https:\/\/radioleinewelle.de\/?p=3289"},"modified":"2020-12-03T05:10:26","modified_gmt":"2020-12-03T04:10:26","slug":"junges-buendnis-fordert-die-zukunft-der-landwirtschaft-jetzt-klimagerecht-gestalten","status":"publish","type":"post","link":"https:\/\/radioleinewelle.de\/index.php\/2020\/12\/03\/junges-buendnis-fordert-die-zukunft-der-landwirtschaft-jetzt-klimagerecht-gestalten\/","title":{"rendered":"Junges B\u00fcndnis fordert: Die Zukunft der Landwirtschaft jetzt klimagerecht gestalten!"},"content":{"rendered":"<p>01.12.2020 Heute ver\u00f6ffentlicht ein B\u00fcndnis von 12 Jugendorganisationen aus der Klimagerechtigkeitsbewegung sowie Land- und Ern\u00e4hrungswirtschaft einen Offenen Brief an Kommissionspr\u00e4sidentin Ursula von der Leyen und die EU-Kommission zur Gemeinsamen Agrarpolitik (GAP) der EU. Darin fordern sie, die Zukunft der Landwirtschaft klimagerecht zu gestalten und diesen Grundsatz in der aktuellen Agrarreform zu verankern.<\/p>\n<p>&#8222;Bei der anstehenden GAP-Entscheidung geht es um mehr als nur die Verteilung von Geldern aus dem finanzst\u00e4rksten F\u00f6rdertopf der EU. Es geht um eine lebenswerte Zukunft f\u00fcr unsere und dienachfolgenden Generationen auf diesem Planeten&#8220;, hei\u00dft es in dem Brief.\u00a0Erstmalig haben sich Jugendorganisationen aus dem gesamten Ern\u00e4hrungssystem und der Klimagerechtigkeitsbewegung in einem B\u00fcndnis zusammengeschlossen, um sich gemeinsam zu positionieren. Sie m\u00f6chten damit deutlich machen, dass Agrarpolitik ein gemeinschaftliches Projekt ist, in welchem Landwirtschaft, Umwelt, Klima und Gesellschaft zusammengedacht werden m\u00fcssen.<\/p>\n<p>&#8222;Wir brauchen eine Agrarpolitik, die Gemeinsamkeiten sucht, anstatt zwischen den Interessen zu spalten. Mit dem aktuellen Reformentwurf ignoriert die Kommission ihre Verantwortung gegen\u00fcber Landwirt*innen weltweit, die schon heute am st\u00e4rksten von den Folgen der Klimakrise betroffen sind. Zur Bew\u00e4ltigung der Klimakrise ben\u00f6tigt es B\u00fcndnisse, die \u00fcber scheinbare Differenzen hinweggehen und gemeinsam f\u00fcr eine zukunfsf\u00e4hige Agrarwende einstehen&#8220;, sagt Julia Th\u00f6ring von Fridays for Future.\u00a0Heute werden die Verhandlungen zwischen Kommission, Rat und Parlament zur GAP in Br\u00fcssel fortgesetzt. Die Initiator*innen des B\u00fcndnisses machen in ihrem Schreiben deutlich, dass die aktuelle Reform der gemeinsamen Agrarpolitik eine elementare Entscheidung \u00fcber die Zukunft der Landwirtschaft ist. Sie fordern daher eine GAP, die Klima, Umwelt und Biodiversit\u00e4t sch\u00fctzt und Landwirt*innen fair f\u00fcr ihre gesellschaftlichen Leistungen entlohnt.<\/p>\n<p>Sarah Schulte-D\u00f6inghaus, Bundesvorsitzende KLJB Deutschlands e.V.: &#8222;Was lange w\u00e4hrt, wird endlich gut? Nicht so bei der Gemeinsamen Agrarpolitik der EU. Trotz der andauernden Diskussion und den jetzigen Trilogverhandlungen verfehlt der aktuelle Entwurf zur GAP die Ziele des Green Deals und l\u00e4sst das Potential f\u00fcr eine klimagerechte Landwirtschaft und einen umfassenden Wechsel des Ern\u00e4hrungssystems ungenutzt.&#8220;<\/p>\n<p>2021 werden die Gelder der Gemeinsamen Agrarpolitik der EU f\u00fcr die n\u00e4chsten sieben Jahre neu verteilt. Mit 32% ist die GAP der gr\u00f6\u00dfte EU-Haushaltsposten. \u00dcber 10% der gesamten Treibhausgasemissionen der EU werden durch die Landwirtschaft verursacht. Zugleich mussten in den letzten 15 Jahren fast 25% der landwirtschaftlichen Betriebe in der EU aufgeben.\u00a0&#8222;Zukunft wird aus Mut gemacht. Den Herausforderungen wie Klima- und Biodiversit\u00e4tskrise k\u00f6nnen wir nur mit einer mutigen, nach vorne gerichteten Agrarpolitik begegnen, die Schutz von Klima, Biodiversit\u00e4t, Umwelt und Tieren honoriert!\u201c erg\u00e4nzt Simon Marx, G\u00e4rtner und Bundesvorsitzender Junges Bioland e.V.<\/p>\n<p>Der offene Brief des B\u00fcndnisses: https:\/\/www.fridaysforfuture.de\/landwirtschaft<\/p>\n<p>Bild von <a href=\"https:\/\/pixabay.com\/photos\/?utm_source=link-attribution&amp;utm_medium=referral&amp;utm_campaign=image&amp;utm_content=872000\">Free-Photos<\/a> auf <a href=\"https:\/\/pixabay.com\/de\/?utm_source=link-attribution&amp;utm_medium=referral&amp;utm_campaign=image&amp;utm_content=872000\">Pixabay<\/a><\/p>\n","protected":false},"excerpt":{"rendered":"<p>01.12.2020 Heute ver\u00f6ffentlicht ein B\u00fcndnis von 12 Jugendorganisationen aus der Klimagerechtigkeitsbewegung sowie Land- und Ern\u00e4hrungswirtschaft einen Offenen Brief an Kommissionspr\u00e4sidentin Ursula von der Leyen und die EU-Kommission zur Gemeinsamen Agrarpolitik (GAP) der EU. Darin fordern sie, die Zukunft der Landwirtschaft klimagerecht zu gestalten und diesen Grundsatz in der aktuellen Agrarreform zu verankern. &#8222;Bei der anstehenden [&hellip;]<\/p>\n","protected":false},"author":1,"featured_media":0,"comment_status":"closed","ping_status":"closed","sticky":false,"template":"","format":"standard","meta":{"saved_in_kubio":false,"footnotes":""},"categories":[32],"tags":[],"class_list":["post-3289","post","type-post","status-publish","format-standard","hentry","category-natur-umwelt"],"yoast_head":"<!-- This site is optimized with the Yoast SEO plugin v27.5 - https:\/\/yoast.com\/product\/yoast-seo-wordpress\/ -->\n<title>Junges B\u00fcndnis fordert: Die Zukunft der Landwirtschaft jetzt klimagerecht gestalten! - Radio Leinewelle<\/title>\n<meta name=\"robots\" content=\"index, follow, max-snippet:-1, max-image-preview:large, max-video-preview:-1\" \/>\n<link rel=\"canonical\" href=\"https:\/\/radioleinewelle.de\/index.php\/2020\/12\/03\/junges-buendnis-fordert-die-zukunft-der-landwirtschaft-jetzt-klimagerecht-gestalten\/\" \/>\n<meta property=\"og:locale\" content=\"de_DE\" \/>\n<meta property=\"og:type\" content=\"article\" \/>\n<meta property=\"og:title\" content=\"Junges B\u00fcndnis fordert: Die Zukunft der Landwirtschaft jetzt klimagerecht gestalten! - Radio Leinewelle\" \/>\n<meta property=\"og:description\" content=\"01.12.2020 Heute ver\u00f6ffentlicht ein B\u00fcndnis von 12 Jugendorganisationen aus der Klimagerechtigkeitsbewegung sowie Land- und Ern\u00e4hrungswirtschaft einen Offenen Brief an Kommissionspr\u00e4sidentin Ursula von der Leyen und die EU-Kommission zur Gemeinsamen Agrarpolitik (GAP) der EU. Darin fordern sie, die Zukunft der Landwirtschaft klimagerecht zu gestalten und diesen Grundsatz in der aktuellen Agrarreform zu verankern. &#8222;Bei der anstehenden [&hellip;]\" \/>\n<meta property=\"og:url\" content=\"https:\/\/radioleinewelle.de\/index.php\/2020\/12\/03\/junges-buendnis-fordert-die-zukunft-der-landwirtschaft-jetzt-klimagerecht-gestalten\/\" \/>\n<meta property=\"og:site_name\" content=\"Radio Leinewelle\" \/>\n<meta property=\"article:publisher\" content=\"https:\/\/www.facebook.com\/radioleinewelle\" \/>\n<meta property=\"article:author\" content=\"https:\/\/www.facebook.com\/radioleinewelle\" \/>\n<meta property=\"article:published_time\" content=\"2020-12-03T04:10:26+00:00\" \/>\n<meta name=\"author\" content=\"Leinewelle\" \/>\n<meta name=\"twitter:card\" content=\"summary_large_image\" \/>\n<meta name=\"twitter:creator\" content=\"@https:\/\/twitter.com\/RLeinewelle?ref_src=twsrcgoogletwcampserptwgrauthor\" \/>\n<meta name=\"twitter:site\" content=\"@RLeinewelle\" \/>\n<meta name=\"twitter:label1\" content=\"Verfasst von\" \/>\n\t<meta name=\"twitter:data1\" content=\"Leinewelle\" \/>\n\t<meta name=\"twitter:label2\" content=\"Gesch\u00e4tzte Lesezeit\" \/>\n\t<meta name=\"twitter:data2\" content=\"2\u00a0Minuten\" \/>\n<script type=\"application\/ld+json\" class=\"yoast-schema-graph\">{\"@context\":\"https:\\\/\\\/schema.org\",\"@graph\":[{\"@type\":\"Article\",\"@id\":\"https:\\\/\\\/radioleinewelle.de\\\/index.php\\\/2020\\\/12\\\/03\\\/junges-buendnis-fordert-die-zukunft-der-landwirtschaft-jetzt-klimagerecht-gestalten\\\/#article\",\"isPartOf\":{\"@id\":\"https:\\\/\\\/radioleinewelle.de\\\/index.php\\\/2020\\\/12\\\/03\\\/junges-buendnis-fordert-die-zukunft-der-landwirtschaft-jetzt-klimagerecht-gestalten\\\/\"},\"author\":{\"name\":\"Leinewelle\",\"@id\":\"https:\\\/\\\/radioleinewelle.de\\\/#\\\/schema\\\/person\\\/45606f348637df637192dc1b68399a63\"},\"headline\":\"Junges B\u00fcndnis fordert: Die Zukunft der Landwirtschaft jetzt klimagerecht gestalten!\",\"datePublished\":\"2020-12-03T04:10:26+00:00\",\"mainEntityOfPage\":{\"@id\":\"https:\\\/\\\/radioleinewelle.de\\\/index.php\\\/2020\\\/12\\\/03\\\/junges-buendnis-fordert-die-zukunft-der-landwirtschaft-jetzt-klimagerecht-gestalten\\\/\"},\"wordCount\":462,\"publisher\":{\"@id\":\"https:\\\/\\\/radioleinewelle.de\\\/#organization\"},\"articleSection\":[\"Natur &amp; Umwelt\"],\"inLanguage\":\"de\"},{\"@type\":\"WebPage\",\"@id\":\"https:\\\/\\\/radioleinewelle.de\\\/index.php\\\/2020\\\/12\\\/03\\\/junges-buendnis-fordert-die-zukunft-der-landwirtschaft-jetzt-klimagerecht-gestalten\\\/\",\"url\":\"https:\\\/\\\/radioleinewelle.de\\\/index.php\\\/2020\\\/12\\\/03\\\/junges-buendnis-fordert-die-zukunft-der-landwirtschaft-jetzt-klimagerecht-gestalten\\\/\",\"name\":\"Junges B\u00fcndnis fordert: Die Zukunft der Landwirtschaft jetzt klimagerecht gestalten! - Radio Leinewelle\",\"isPartOf\":{\"@id\":\"https:\\\/\\\/radioleinewelle.de\\\/#website\"},\"datePublished\":\"2020-12-03T04:10:26+00:00\",\"breadcrumb\":{\"@id\":\"https:\\\/\\\/radioleinewelle.de\\\/index.php\\\/2020\\\/12\\\/03\\\/junges-buendnis-fordert-die-zukunft-der-landwirtschaft-jetzt-klimagerecht-gestalten\\\/#breadcrumb\"},\"inLanguage\":\"de\",\"potentialAction\":[{\"@type\":\"ReadAction\",\"target\":[\"https:\\\/\\\/radioleinewelle.de\\\/index.php\\\/2020\\\/12\\\/03\\\/junges-buendnis-fordert-die-zukunft-der-landwirtschaft-jetzt-klimagerecht-gestalten\\\/\"]}]},{\"@type\":\"BreadcrumbList\",\"@id\":\"https:\\\/\\\/radioleinewelle.de\\\/index.php\\\/2020\\\/12\\\/03\\\/junges-buendnis-fordert-die-zukunft-der-landwirtschaft-jetzt-klimagerecht-gestalten\\\/#breadcrumb\",\"itemListElement\":[{\"@type\":\"ListItem\",\"position\":1,\"name\":\"Startseite\",\"item\":\"https:\\\/\\\/radioleinewelle.de\\\/\"},{\"@type\":\"ListItem\",\"position\":2,\"name\":\"Junges B\u00fcndnis fordert: Die Zukunft der Landwirtschaft jetzt klimagerecht gestalten!\"}]},{\"@type\":\"WebSite\",\"@id\":\"https:\\\/\\\/radioleinewelle.de\\\/#website\",\"url\":\"https:\\\/\\\/radioleinewelle.de\\\/\",\"name\":\"Radio Leinewelle\",\"description\":\"\",\"publisher\":{\"@id\":\"https:\\\/\\\/radioleinewelle.de\\\/#organization\"},\"potentialAction\":[{\"@type\":\"SearchAction\",\"target\":{\"@type\":\"EntryPoint\",\"urlTemplate\":\"https:\\\/\\\/radioleinewelle.de\\\/?s={search_term_string}\"},\"query-input\":{\"@type\":\"PropertyValueSpecification\",\"valueRequired\":true,\"valueName\":\"search_term_string\"}}],\"inLanguage\":\"de\"},{\"@type\":\"Organization\",\"@id\":\"https:\\\/\\\/radioleinewelle.de\\\/#organization\",\"name\":\"Radio Leinewelle\",\"alternateName\":\"Mein Radio f\u00fcr S\u00fcdniedersachsen\",\"url\":\"https:\\\/\\\/radioleinewelle.de\\\/\",\"logo\":{\"@type\":\"ImageObject\",\"inLanguage\":\"de\",\"@id\":\"https:\\\/\\\/radioleinewelle.de\\\/#\\\/schema\\\/logo\\\/image\\\/\",\"url\":\"https:\\\/\\\/radioleinewelle.de\\\/wp-content\\\/uploads\\\/2023\\\/11\\\/cropped-Leinewelle_Logo_weiss.png\",\"contentUrl\":\"https:\\\/\\\/radioleinewelle.de\\\/wp-content\\\/uploads\\\/2023\\\/11\\\/cropped-Leinewelle_Logo_weiss.png\",\"width\":854,\"height\":260,\"caption\":\"Radio Leinewelle\"},\"image\":{\"@id\":\"https:\\\/\\\/radioleinewelle.de\\\/#\\\/schema\\\/logo\\\/image\\\/\"},\"sameAs\":[\"https:\\\/\\\/www.facebook.com\\\/radioleinewelle\",\"https:\\\/\\\/x.com\\\/RLeinewelle\",\"https:\\\/\\\/www.instagram.com\\\/radioleinewelle\\\/?hl=de\"]},{\"@type\":\"Person\",\"@id\":\"https:\\\/\\\/radioleinewelle.de\\\/#\\\/schema\\\/person\\\/45606f348637df637192dc1b68399a63\",\"name\":\"Leinewelle\",\"image\":{\"@type\":\"ImageObject\",\"inLanguage\":\"de\",\"@id\":\"https:\\\/\\\/secure.gravatar.com\\\/avatar\\\/05c9a17bc973052ee5d91549bd32fb4dd0dc85b7b85ae94b2e2b4943476bbea5?s=96&d=blank&r=g\",\"url\":\"https:\\\/\\\/secure.gravatar.com\\\/avatar\\\/05c9a17bc973052ee5d91549bd32fb4dd0dc85b7b85ae94b2e2b4943476bbea5?s=96&d=blank&r=g\",\"contentUrl\":\"https:\\\/\\\/secure.gravatar.com\\\/avatar\\\/05c9a17bc973052ee5d91549bd32fb4dd0dc85b7b85ae94b2e2b4943476bbea5?s=96&d=blank&r=g\",\"caption\":\"Leinewelle\"},\"sameAs\":[\"http:\\\/\\\/localhost\\\/radio%20leinewelle\\\/wordpress\",\"https:\\\/\\\/www.facebook.com\\\/radioleinewelle\",\"https:\\\/\\\/www.instagram.com\\\/radioleinewelle\",\"https:\\\/\\\/x.com\\\/https:\\\/\\\/twitter.com\\\/RLeinewelle?ref_src=twsrcgoogletwcampserptwgrauthor\",\"https:\\\/\\\/soundcloud.com\\\/foerderverein-lokalradio?utm_source=clipboard&utm_medium=text&utm_campaign=social_sharing\"],\"url\":\"https:\\\/\\\/radioleinewelle.de\\\/index.php\\\/author\\\/leinewelle\\\/\"}]}<\/script>\n<!-- \/ Yoast SEO plugin. -->","yoast_head_json":{"title":"Junges B\u00fcndnis fordert: Die Zukunft der Landwirtschaft jetzt klimagerecht gestalten! - Radio Leinewelle","robots":{"index":"index","follow":"follow","max-snippet":"max-snippet:-1","max-image-preview":"max-image-preview:large","max-video-preview":"max-video-preview:-1"},"canonical":"https:\/\/radioleinewelle.de\/index.php\/2020\/12\/03\/junges-buendnis-fordert-die-zukunft-der-landwirtschaft-jetzt-klimagerecht-gestalten\/","og_locale":"de_DE","og_type":"article","og_title":"Junges B\u00fcndnis fordert: Die Zukunft der Landwirtschaft jetzt klimagerecht gestalten! - Radio Leinewelle","og_description":"01.12.2020 Heute ver\u00f6ffentlicht ein B\u00fcndnis von 12 Jugendorganisationen aus der Klimagerechtigkeitsbewegung sowie Land- und Ern\u00e4hrungswirtschaft einen Offenen Brief an Kommissionspr\u00e4sidentin Ursula von der Leyen und die EU-Kommission zur Gemeinsamen Agrarpolitik (GAP) der EU. Darin fordern sie, die Zukunft der Landwirtschaft klimagerecht zu gestalten und diesen Grundsatz in der aktuellen Agrarreform zu verankern. &#8222;Bei der anstehenden [&hellip;]","og_url":"https:\/\/radioleinewelle.de\/index.php\/2020\/12\/03\/junges-buendnis-fordert-die-zukunft-der-landwirtschaft-jetzt-klimagerecht-gestalten\/","og_site_name":"Radio Leinewelle","article_publisher":"https:\/\/www.facebook.com\/radioleinewelle","article_author":"https:\/\/www.facebook.com\/radioleinewelle","article_published_time":"2020-12-03T04:10:26+00:00","author":"Leinewelle","twitter_card":"summary_large_image","twitter_creator":"@https:\/\/twitter.com\/RLeinewelle?ref_src=twsrcgoogletwcampserptwgrauthor","twitter_site":"@RLeinewelle","twitter_misc":{"Verfasst von":"Leinewelle","Gesch\u00e4tzte Lesezeit":"2\u00a0Minuten"},"schema":{"@context":"https:\/\/schema.org","@graph":[{"@type":"Article","@id":"https:\/\/radioleinewelle.de\/index.php\/2020\/12\/03\/junges-buendnis-fordert-die-zukunft-der-landwirtschaft-jetzt-klimagerecht-gestalten\/#article","isPartOf":{"@id":"https:\/\/radioleinewelle.de\/index.php\/2020\/12\/03\/junges-buendnis-fordert-die-zukunft-der-landwirtschaft-jetzt-klimagerecht-gestalten\/"},"author":{"name":"Leinewelle","@id":"https:\/\/radioleinewelle.de\/#\/schema\/person\/45606f348637df637192dc1b68399a63"},"headline":"Junges B\u00fcndnis fordert: Die Zukunft der Landwirtschaft jetzt klimagerecht gestalten!","datePublished":"2020-12-03T04:10:26+00:00","mainEntityOfPage":{"@id":"https:\/\/radioleinewelle.de\/index.php\/2020\/12\/03\/junges-buendnis-fordert-die-zukunft-der-landwirtschaft-jetzt-klimagerecht-gestalten\/"},"wordCount":462,"publisher":{"@id":"https:\/\/radioleinewelle.de\/#organization"},"articleSection":["Natur &amp; Umwelt"],"inLanguage":"de"},{"@type":"WebPage","@id":"https:\/\/radioleinewelle.de\/index.php\/2020\/12\/03\/junges-buendnis-fordert-die-zukunft-der-landwirtschaft-jetzt-klimagerecht-gestalten\/","url":"https:\/\/radioleinewelle.de\/index.php\/2020\/12\/03\/junges-buendnis-fordert-die-zukunft-der-landwirtschaft-jetzt-klimagerecht-gestalten\/","name":"Junges B\u00fcndnis fordert: Die Zukunft der Landwirtschaft jetzt klimagerecht gestalten! - Radio Leinewelle","isPartOf":{"@id":"https:\/\/radioleinewelle.de\/#website"},"datePublished":"2020-12-03T04:10:26+00:00","breadcrumb":{"@id":"https:\/\/radioleinewelle.de\/index.php\/2020\/12\/03\/junges-buendnis-fordert-die-zukunft-der-landwirtschaft-jetzt-klimagerecht-gestalten\/#breadcrumb"},"inLanguage":"de","potentialAction":[{"@type":"ReadAction","target":["https:\/\/radioleinewelle.de\/index.php\/2020\/12\/03\/junges-buendnis-fordert-die-zukunft-der-landwirtschaft-jetzt-klimagerecht-gestalten\/"]}]},{"@type":"BreadcrumbList","@id":"https:\/\/radioleinewelle.de\/index.php\/2020\/12\/03\/junges-buendnis-fordert-die-zukunft-der-landwirtschaft-jetzt-klimagerecht-gestalten\/#breadcrumb","itemListElement":[{"@type":"ListItem","position":1,"name":"Startseite","item":"https:\/\/radioleinewelle.de\/"},{"@type":"ListItem","position":2,"name":"Junges B\u00fcndnis fordert: Die Zukunft der Landwirtschaft jetzt klimagerecht gestalten!"}]},{"@type":"WebSite","@id":"https:\/\/radioleinewelle.de\/#website","url":"https:\/\/radioleinewelle.de\/","name":"Radio Leinewelle","description":"","publisher":{"@id":"https:\/\/radioleinewelle.de\/#organization"},"potentialAction":[{"@type":"SearchAction","target":{"@type":"EntryPoint","urlTemplate":"https:\/\/radioleinewelle.de\/?s={search_term_string}"},"query-input":{"@type":"PropertyValueSpecification","valueRequired":true,"valueName":"search_term_string"}}],"inLanguage":"de"},{"@type":"Organization","@id":"https:\/\/radioleinewelle.de\/#organization","name":"Radio Leinewelle","alternateName":"Mein Radio f\u00fcr S\u00fcdniedersachsen","url":"https:\/\/radioleinewelle.de\/","logo":{"@type":"ImageObject","inLanguage":"de","@id":"https:\/\/radioleinewelle.de\/#\/schema\/logo\/image\/","url":"https:\/\/radioleinewelle.de\/wp-content\/uploads\/2023\/11\/cropped-Leinewelle_Logo_weiss.png","contentUrl":"https:\/\/radioleinewelle.de\/wp-content\/uploads\/2023\/11\/cropped-Leinewelle_Logo_weiss.png","width":854,"height":260,"caption":"Radio Leinewelle"},"image":{"@id":"https:\/\/radioleinewelle.de\/#\/schema\/logo\/image\/"},"sameAs":["https:\/\/www.facebook.com\/radioleinewelle","https:\/\/x.com\/RLeinewelle","https:\/\/www.instagram.com\/radioleinewelle\/?hl=de"]},{"@type":"Person","@id":"https:\/\/radioleinewelle.de\/#\/schema\/person\/45606f348637df637192dc1b68399a63","name":"Leinewelle","image":{"@type":"ImageObject","inLanguage":"de","@id":"https:\/\/secure.gravatar.com\/avatar\/05c9a17bc973052ee5d91549bd32fb4dd0dc85b7b85ae94b2e2b4943476bbea5?s=96&d=blank&r=g","url":"https:\/\/secure.gravatar.com\/avatar\/05c9a17bc973052ee5d91549bd32fb4dd0dc85b7b85ae94b2e2b4943476bbea5?s=96&d=blank&r=g","contentUrl":"https:\/\/secure.gravatar.com\/avatar\/05c9a17bc973052ee5d91549bd32fb4dd0dc85b7b85ae94b2e2b4943476bbea5?s=96&d=blank&r=g","caption":"Leinewelle"},"sameAs":["http:\/\/localhost\/radio%20leinewelle\/wordpress","https:\/\/www.facebook.com\/radioleinewelle","https:\/\/www.instagram.com\/radioleinewelle","https:\/\/x.com\/https:\/\/twitter.com\/RLeinewelle?ref_src=twsrcgoogletwcampserptwgrauthor","https:\/\/soundcloud.com\/foerderverein-lokalradio?utm_source=clipboard&utm_medium=text&utm_campaign=social_sharing"],"url":"https:\/\/radioleinewelle.de\/index.php\/author\/leinewelle\/"}]}},"_links":{"self":[{"href":"https:\/\/radioleinewelle.de\/index.php\/wp-json\/wp\/v2\/posts\/3289","targetHints":{"allow":["GET"]}}],"collection":[{"href":"https:\/\/radioleinewelle.de\/index.php\/wp-json\/wp\/v2\/posts"}],"about":[{"href":"https:\/\/radioleinewelle.de\/index.php\/wp-json\/wp\/v2\/types\/post"}],"author":[{"embeddable":true,"href":"https:\/\/radioleinewelle.de\/index.php\/wp-json\/wp\/v2\/users\/1"}],"replies":[{"embeddable":true,"href":"https:\/\/radioleinewelle.de\/index.php\/wp-json\/wp\/v2\/comments?post=3289"}],"version-history":[{"count":0,"href":"https:\/\/radioleinewelle.de\/index.php\/wp-json\/wp\/v2\/posts\/3289\/revisions"}],"wp:attachment":[{"href":"https:\/\/radioleinewelle.de\/index.php\/wp-json\/wp\/v2\/media?parent=3289"}],"wp:term":[{"taxonomy":"category","embeddable":true,"href":"https:\/\/radioleinewelle.de\/index.php\/wp-json\/wp\/v2\/categories?post=3289"},{"taxonomy":"post_tag","embeddable":true,"href":"https:\/\/radioleinewelle.de\/index.php\/wp-json\/wp\/v2\/tags?post=3289"}],"curies":[{"name":"wp","href":"https:\/\/api.w.org\/{rel}","templated":true}]}}