{"id":3299,"date":"2020-12-03T05:15:38","date_gmt":"2020-12-03T04:15:38","guid":{"rendered":"https:\/\/radioleinewelle.de\/?p=3299"},"modified":"2020-12-03T05:15:38","modified_gmt":"2020-12-03T04:15:38","slug":"cdu-ruegt-verzoegerungstaktik-beim-staedtischen-museum","status":"publish","type":"post","link":"https:\/\/radioleinewelle.de\/index.php\/2020\/12\/03\/cdu-ruegt-verzoegerungstaktik-beim-staedtischen-museum\/","title":{"rendered":"CDU r\u00fcgt Verz\u00f6gerungstaktik beim St\u00e4dtischen Museum"},"content":{"rendered":"<p>Erst im neuen Jahr will Kulturdezernentin Petra Broistedt die Mitglieder des Rates \u00fcber die weiteren Sanierungsschritte beim St\u00e4dtischen Museum am Ritterplan informieren \u2013 das h\u00e4tte laut Ank\u00fcndigung eigentlich schon Mitte des Jahres passieren k\u00f6nnen und sollen. Die CDU-Ratsfraktion bef\u00fcrchtet nun eine Fortsetzung der mittlerweile offensichtlichen Verz\u00f6gerungstaktik bis \u00fcber den Kommunalwahltermin im September 2021 hinaus.<\/p>\n<p>Um nicht nur \u00fcber die zeitlichen Abl\u00e4ufe mehr Klarheit zu gewinnen, stellt die CDU-Ratsfraktion nun eine weitere Anfrage zum Arbeitsstand rund um den Museumskomplexes am Ritterplan. Insbesondere soll gekl\u00e4rt werden, was die Verwaltung im Jahr 2020 im Sinne der Umsetzung des mehrheitlich getroffenen Ratsbeschlusses aus 2018 zum Erhalt des St\u00e4dtischen Museums am jetzigen Standort unternommen habe. \u201eWir sind es leid, uns immer weiter hinhalten zu lassen. Das St\u00e4dtische Museum ist ein G\u00f6ttinger Juwel. Ich kann nicht nachvollziehen, wieso die Verwaltungsspitze nach wie vor den Wert des Museums f\u00fcr die Stadt verkennt\u201c, so Wibke G\u00fcntzler, kulturpolitische Sprecherin der CDU-Ratsfraktion.<\/p>\n<p>Als j\u00fcngst die Sanierungsproblematik um das Deutsche Theater pr\u00e4sentiert wurde, hatte Oberb\u00fcrgermeister K\u00f6hler mit gro\u00dfer Verve erkl\u00e4rt, dass das Deutsche Theater ein Leuchtturm f\u00fcr G\u00f6ttingen sei, dass es sich um ein gro\u00dfes B\u00fcrgererbe handele und dass es auch f\u00fcr die Bildungskultur k\u00fcnftiger Generationen von herausragender Bedeutung sei. Prompt hatte CDU-Ratsherr Hans Otto Arnold darauf hingewiesen, dass diese drei Aussagen ohne Zweifel im selben Ma\u00df f\u00fcr das St\u00e4dtische Museum gelten w\u00fcrden: Auch hier handelt es sich um ein bauhistorisches Juwel aus verschiedenen Einzelelementen, die Sammlungsbest\u00e4nde resultieren zum ganz \u00fcberwiegenden Teil aus B\u00fcrgerspenden und als haptisches Stadtged\u00e4chtnis wird es auch f\u00fcr k\u00fcnftige Generationen unverzichtbar sein. Dieser Ansicht hatte sich bereits der G\u00f6ttinger Geschichtsverein angeschlossen.<\/p>\n<p>\u201eBisher scheinen bei der SPD, Kulturdezernentin und OB alle Proteste ohne jedes Echo zu verhallen, die beklagen, dass nun schon rund zehn Sch\u00fclerjahrg\u00e4ngen der Zugang zur erlebbaren Stadtgeschichte im notwendigen Umfang verwehrt worden ist\u201c, stellt Wibke G\u00fcntzler bedauernd fest.<\/p>\n<p><a href=\"https:\/\/www.cdu-goettingen.de\/cdu-ruegt-verzoegerungstaktik-beim-staedtischen-museum\/\">Mehr zum Antrag der CDU<\/a><\/p>\n","protected":false},"excerpt":{"rendered":"<p>Erst im neuen Jahr will Kulturdezernentin Petra Broistedt die Mitglieder des Rates \u00fcber die weiteren Sanierungsschritte beim St\u00e4dtischen Museum am Ritterplan informieren \u2013 das h\u00e4tte laut Ank\u00fcndigung eigentlich schon Mitte des Jahres passieren k\u00f6nnen und sollen. Die CDU-Ratsfraktion bef\u00fcrchtet nun eine Fortsetzung der mittlerweile offensichtlichen Verz\u00f6gerungstaktik bis \u00fcber den Kommunalwahltermin im September 2021 hinaus. Um [&hellip;]<\/p>\n","protected":false},"author":1,"featured_media":0,"comment_status":"closed","ping_status":"closed","sticky":false,"template":"","format":"standard","meta":{"saved_in_kubio":false,"footnotes":""},"categories":[39],"tags":[],"class_list":["post-3299","post","type-post","status-publish","format-standard","hentry","category-lokalpolitik"],"yoast_head":"<!-- This site is optimized with the Yoast SEO plugin v27.5 - https:\/\/yoast.com\/product\/yoast-seo-wordpress\/ -->\n<title>CDU r\u00fcgt Verz\u00f6gerungstaktik beim St\u00e4dtischen Museum - Radio Leinewelle<\/title>\n<meta name=\"robots\" content=\"index, follow, max-snippet:-1, max-image-preview:large, max-video-preview:-1\" \/>\n<link rel=\"canonical\" href=\"https:\/\/radioleinewelle.de\/index.php\/2020\/12\/03\/cdu-ruegt-verzoegerungstaktik-beim-staedtischen-museum\/\" \/>\n<meta property=\"og:locale\" content=\"de_DE\" \/>\n<meta property=\"og:type\" content=\"article\" \/>\n<meta property=\"og:title\" content=\"CDU r\u00fcgt Verz\u00f6gerungstaktik beim St\u00e4dtischen Museum - Radio Leinewelle\" \/>\n<meta property=\"og:description\" content=\"Erst im neuen Jahr will Kulturdezernentin Petra Broistedt die Mitglieder des Rates \u00fcber die weiteren Sanierungsschritte beim St\u00e4dtischen Museum am Ritterplan informieren \u2013 das h\u00e4tte laut Ank\u00fcndigung eigentlich schon Mitte des Jahres passieren k\u00f6nnen und sollen. Die CDU-Ratsfraktion bef\u00fcrchtet nun eine Fortsetzung der mittlerweile offensichtlichen Verz\u00f6gerungstaktik bis \u00fcber den Kommunalwahltermin im September 2021 hinaus. Um [&hellip;]\" \/>\n<meta property=\"og:url\" content=\"https:\/\/radioleinewelle.de\/index.php\/2020\/12\/03\/cdu-ruegt-verzoegerungstaktik-beim-staedtischen-museum\/\" \/>\n<meta property=\"og:site_name\" content=\"Radio Leinewelle\" \/>\n<meta property=\"article:publisher\" content=\"https:\/\/www.facebook.com\/radioleinewelle\" \/>\n<meta property=\"article:author\" content=\"https:\/\/www.facebook.com\/radioleinewelle\" \/>\n<meta property=\"article:published_time\" content=\"2020-12-03T04:15:38+00:00\" \/>\n<meta name=\"author\" content=\"Leinewelle\" \/>\n<meta name=\"twitter:card\" content=\"summary_large_image\" \/>\n<meta name=\"twitter:creator\" content=\"@https:\/\/twitter.com\/RLeinewelle?ref_src=twsrcgoogletwcampserptwgrauthor\" \/>\n<meta name=\"twitter:site\" content=\"@RLeinewelle\" \/>\n<meta name=\"twitter:label1\" content=\"Verfasst von\" \/>\n\t<meta name=\"twitter:data1\" content=\"Leinewelle\" \/>\n\t<meta name=\"twitter:label2\" content=\"Gesch\u00e4tzte Lesezeit\" \/>\n\t<meta name=\"twitter:data2\" content=\"2\u00a0Minuten\" \/>\n<script type=\"application\/ld+json\" class=\"yoast-schema-graph\">{\"@context\":\"https:\\\/\\\/schema.org\",\"@graph\":[{\"@type\":\"Article\",\"@id\":\"https:\\\/\\\/radioleinewelle.de\\\/index.php\\\/2020\\\/12\\\/03\\\/cdu-ruegt-verzoegerungstaktik-beim-staedtischen-museum\\\/#article\",\"isPartOf\":{\"@id\":\"https:\\\/\\\/radioleinewelle.de\\\/index.php\\\/2020\\\/12\\\/03\\\/cdu-ruegt-verzoegerungstaktik-beim-staedtischen-museum\\\/\"},\"author\":{\"name\":\"Leinewelle\",\"@id\":\"https:\\\/\\\/radioleinewelle.de\\\/#\\\/schema\\\/person\\\/45606f348637df637192dc1b68399a63\"},\"headline\":\"CDU r\u00fcgt Verz\u00f6gerungstaktik beim St\u00e4dtischen Museum\",\"datePublished\":\"2020-12-03T04:15:38+00:00\",\"mainEntityOfPage\":{\"@id\":\"https:\\\/\\\/radioleinewelle.de\\\/index.php\\\/2020\\\/12\\\/03\\\/cdu-ruegt-verzoegerungstaktik-beim-staedtischen-museum\\\/\"},\"wordCount\":350,\"publisher\":{\"@id\":\"https:\\\/\\\/radioleinewelle.de\\\/#organization\"},\"articleSection\":[\"Lokalpolitik\"],\"inLanguage\":\"de\"},{\"@type\":\"WebPage\",\"@id\":\"https:\\\/\\\/radioleinewelle.de\\\/index.php\\\/2020\\\/12\\\/03\\\/cdu-ruegt-verzoegerungstaktik-beim-staedtischen-museum\\\/\",\"url\":\"https:\\\/\\\/radioleinewelle.de\\\/index.php\\\/2020\\\/12\\\/03\\\/cdu-ruegt-verzoegerungstaktik-beim-staedtischen-museum\\\/\",\"name\":\"CDU r\u00fcgt Verz\u00f6gerungstaktik beim St\u00e4dtischen Museum - Radio Leinewelle\",\"isPartOf\":{\"@id\":\"https:\\\/\\\/radioleinewelle.de\\\/#website\"},\"datePublished\":\"2020-12-03T04:15:38+00:00\",\"breadcrumb\":{\"@id\":\"https:\\\/\\\/radioleinewelle.de\\\/index.php\\\/2020\\\/12\\\/03\\\/cdu-ruegt-verzoegerungstaktik-beim-staedtischen-museum\\\/#breadcrumb\"},\"inLanguage\":\"de\",\"potentialAction\":[{\"@type\":\"ReadAction\",\"target\":[\"https:\\\/\\\/radioleinewelle.de\\\/index.php\\\/2020\\\/12\\\/03\\\/cdu-ruegt-verzoegerungstaktik-beim-staedtischen-museum\\\/\"]}]},{\"@type\":\"BreadcrumbList\",\"@id\":\"https:\\\/\\\/radioleinewelle.de\\\/index.php\\\/2020\\\/12\\\/03\\\/cdu-ruegt-verzoegerungstaktik-beim-staedtischen-museum\\\/#breadcrumb\",\"itemListElement\":[{\"@type\":\"ListItem\",\"position\":1,\"name\":\"Startseite\",\"item\":\"https:\\\/\\\/radioleinewelle.de\\\/\"},{\"@type\":\"ListItem\",\"position\":2,\"name\":\"CDU r\u00fcgt Verz\u00f6gerungstaktik beim St\u00e4dtischen Museum\"}]},{\"@type\":\"WebSite\",\"@id\":\"https:\\\/\\\/radioleinewelle.de\\\/#website\",\"url\":\"https:\\\/\\\/radioleinewelle.de\\\/\",\"name\":\"Radio Leinewelle\",\"description\":\"\",\"publisher\":{\"@id\":\"https:\\\/\\\/radioleinewelle.de\\\/#organization\"},\"potentialAction\":[{\"@type\":\"SearchAction\",\"target\":{\"@type\":\"EntryPoint\",\"urlTemplate\":\"https:\\\/\\\/radioleinewelle.de\\\/?s={search_term_string}\"},\"query-input\":{\"@type\":\"PropertyValueSpecification\",\"valueRequired\":true,\"valueName\":\"search_term_string\"}}],\"inLanguage\":\"de\"},{\"@type\":\"Organization\",\"@id\":\"https:\\\/\\\/radioleinewelle.de\\\/#organization\",\"name\":\"Radio Leinewelle\",\"alternateName\":\"Mein Radio f\u00fcr S\u00fcdniedersachsen\",\"url\":\"https:\\\/\\\/radioleinewelle.de\\\/\",\"logo\":{\"@type\":\"ImageObject\",\"inLanguage\":\"de\",\"@id\":\"https:\\\/\\\/radioleinewelle.de\\\/#\\\/schema\\\/logo\\\/image\\\/\",\"url\":\"https:\\\/\\\/radioleinewelle.de\\\/wp-content\\\/uploads\\\/2023\\\/11\\\/cropped-Leinewelle_Logo_weiss.png\",\"contentUrl\":\"https:\\\/\\\/radioleinewelle.de\\\/wp-content\\\/uploads\\\/2023\\\/11\\\/cropped-Leinewelle_Logo_weiss.png\",\"width\":854,\"height\":260,\"caption\":\"Radio Leinewelle\"},\"image\":{\"@id\":\"https:\\\/\\\/radioleinewelle.de\\\/#\\\/schema\\\/logo\\\/image\\\/\"},\"sameAs\":[\"https:\\\/\\\/www.facebook.com\\\/radioleinewelle\",\"https:\\\/\\\/x.com\\\/RLeinewelle\",\"https:\\\/\\\/www.instagram.com\\\/radioleinewelle\\\/?hl=de\"]},{\"@type\":\"Person\",\"@id\":\"https:\\\/\\\/radioleinewelle.de\\\/#\\\/schema\\\/person\\\/45606f348637df637192dc1b68399a63\",\"name\":\"Leinewelle\",\"image\":{\"@type\":\"ImageObject\",\"inLanguage\":\"de\",\"@id\":\"https:\\\/\\\/secure.gravatar.com\\\/avatar\\\/05c9a17bc973052ee5d91549bd32fb4dd0dc85b7b85ae94b2e2b4943476bbea5?s=96&d=blank&r=g\",\"url\":\"https:\\\/\\\/secure.gravatar.com\\\/avatar\\\/05c9a17bc973052ee5d91549bd32fb4dd0dc85b7b85ae94b2e2b4943476bbea5?s=96&d=blank&r=g\",\"contentUrl\":\"https:\\\/\\\/secure.gravatar.com\\\/avatar\\\/05c9a17bc973052ee5d91549bd32fb4dd0dc85b7b85ae94b2e2b4943476bbea5?s=96&d=blank&r=g\",\"caption\":\"Leinewelle\"},\"sameAs\":[\"http:\\\/\\\/localhost\\\/radio%20leinewelle\\\/wordpress\",\"https:\\\/\\\/www.facebook.com\\\/radioleinewelle\",\"https:\\\/\\\/www.instagram.com\\\/radioleinewelle\",\"https:\\\/\\\/x.com\\\/https:\\\/\\\/twitter.com\\\/RLeinewelle?ref_src=twsrcgoogletwcampserptwgrauthor\",\"https:\\\/\\\/soundcloud.com\\\/foerderverein-lokalradio?utm_source=clipboard&utm_medium=text&utm_campaign=social_sharing\"],\"url\":\"https:\\\/\\\/radioleinewelle.de\\\/index.php\\\/author\\\/leinewelle\\\/\"}]}<\/script>\n<!-- \/ Yoast SEO plugin. -->","yoast_head_json":{"title":"CDU r\u00fcgt Verz\u00f6gerungstaktik beim St\u00e4dtischen Museum - Radio Leinewelle","robots":{"index":"index","follow":"follow","max-snippet":"max-snippet:-1","max-image-preview":"max-image-preview:large","max-video-preview":"max-video-preview:-1"},"canonical":"https:\/\/radioleinewelle.de\/index.php\/2020\/12\/03\/cdu-ruegt-verzoegerungstaktik-beim-staedtischen-museum\/","og_locale":"de_DE","og_type":"article","og_title":"CDU r\u00fcgt Verz\u00f6gerungstaktik beim St\u00e4dtischen Museum - Radio Leinewelle","og_description":"Erst im neuen Jahr will Kulturdezernentin Petra Broistedt die Mitglieder des Rates \u00fcber die weiteren Sanierungsschritte beim St\u00e4dtischen Museum am Ritterplan informieren \u2013 das h\u00e4tte laut Ank\u00fcndigung eigentlich schon Mitte des Jahres passieren k\u00f6nnen und sollen. Die CDU-Ratsfraktion bef\u00fcrchtet nun eine Fortsetzung der mittlerweile offensichtlichen Verz\u00f6gerungstaktik bis \u00fcber den Kommunalwahltermin im September 2021 hinaus. Um [&hellip;]","og_url":"https:\/\/radioleinewelle.de\/index.php\/2020\/12\/03\/cdu-ruegt-verzoegerungstaktik-beim-staedtischen-museum\/","og_site_name":"Radio Leinewelle","article_publisher":"https:\/\/www.facebook.com\/radioleinewelle","article_author":"https:\/\/www.facebook.com\/radioleinewelle","article_published_time":"2020-12-03T04:15:38+00:00","author":"Leinewelle","twitter_card":"summary_large_image","twitter_creator":"@https:\/\/twitter.com\/RLeinewelle?ref_src=twsrcgoogletwcampserptwgrauthor","twitter_site":"@RLeinewelle","twitter_misc":{"Verfasst von":"Leinewelle","Gesch\u00e4tzte Lesezeit":"2\u00a0Minuten"},"schema":{"@context":"https:\/\/schema.org","@graph":[{"@type":"Article","@id":"https:\/\/radioleinewelle.de\/index.php\/2020\/12\/03\/cdu-ruegt-verzoegerungstaktik-beim-staedtischen-museum\/#article","isPartOf":{"@id":"https:\/\/radioleinewelle.de\/index.php\/2020\/12\/03\/cdu-ruegt-verzoegerungstaktik-beim-staedtischen-museum\/"},"author":{"name":"Leinewelle","@id":"https:\/\/radioleinewelle.de\/#\/schema\/person\/45606f348637df637192dc1b68399a63"},"headline":"CDU r\u00fcgt Verz\u00f6gerungstaktik beim St\u00e4dtischen Museum","datePublished":"2020-12-03T04:15:38+00:00","mainEntityOfPage":{"@id":"https:\/\/radioleinewelle.de\/index.php\/2020\/12\/03\/cdu-ruegt-verzoegerungstaktik-beim-staedtischen-museum\/"},"wordCount":350,"publisher":{"@id":"https:\/\/radioleinewelle.de\/#organization"},"articleSection":["Lokalpolitik"],"inLanguage":"de"},{"@type":"WebPage","@id":"https:\/\/radioleinewelle.de\/index.php\/2020\/12\/03\/cdu-ruegt-verzoegerungstaktik-beim-staedtischen-museum\/","url":"https:\/\/radioleinewelle.de\/index.php\/2020\/12\/03\/cdu-ruegt-verzoegerungstaktik-beim-staedtischen-museum\/","name":"CDU r\u00fcgt Verz\u00f6gerungstaktik beim St\u00e4dtischen Museum - Radio Leinewelle","isPartOf":{"@id":"https:\/\/radioleinewelle.de\/#website"},"datePublished":"2020-12-03T04:15:38+00:00","breadcrumb":{"@id":"https:\/\/radioleinewelle.de\/index.php\/2020\/12\/03\/cdu-ruegt-verzoegerungstaktik-beim-staedtischen-museum\/#breadcrumb"},"inLanguage":"de","potentialAction":[{"@type":"ReadAction","target":["https:\/\/radioleinewelle.de\/index.php\/2020\/12\/03\/cdu-ruegt-verzoegerungstaktik-beim-staedtischen-museum\/"]}]},{"@type":"BreadcrumbList","@id":"https:\/\/radioleinewelle.de\/index.php\/2020\/12\/03\/cdu-ruegt-verzoegerungstaktik-beim-staedtischen-museum\/#breadcrumb","itemListElement":[{"@type":"ListItem","position":1,"name":"Startseite","item":"https:\/\/radioleinewelle.de\/"},{"@type":"ListItem","position":2,"name":"CDU r\u00fcgt Verz\u00f6gerungstaktik beim St\u00e4dtischen Museum"}]},{"@type":"WebSite","@id":"https:\/\/radioleinewelle.de\/#website","url":"https:\/\/radioleinewelle.de\/","name":"Radio Leinewelle","description":"","publisher":{"@id":"https:\/\/radioleinewelle.de\/#organization"},"potentialAction":[{"@type":"SearchAction","target":{"@type":"EntryPoint","urlTemplate":"https:\/\/radioleinewelle.de\/?s={search_term_string}"},"query-input":{"@type":"PropertyValueSpecification","valueRequired":true,"valueName":"search_term_string"}}],"inLanguage":"de"},{"@type":"Organization","@id":"https:\/\/radioleinewelle.de\/#organization","name":"Radio Leinewelle","alternateName":"Mein Radio f\u00fcr S\u00fcdniedersachsen","url":"https:\/\/radioleinewelle.de\/","logo":{"@type":"ImageObject","inLanguage":"de","@id":"https:\/\/radioleinewelle.de\/#\/schema\/logo\/image\/","url":"https:\/\/radioleinewelle.de\/wp-content\/uploads\/2023\/11\/cropped-Leinewelle_Logo_weiss.png","contentUrl":"https:\/\/radioleinewelle.de\/wp-content\/uploads\/2023\/11\/cropped-Leinewelle_Logo_weiss.png","width":854,"height":260,"caption":"Radio Leinewelle"},"image":{"@id":"https:\/\/radioleinewelle.de\/#\/schema\/logo\/image\/"},"sameAs":["https:\/\/www.facebook.com\/radioleinewelle","https:\/\/x.com\/RLeinewelle","https:\/\/www.instagram.com\/radioleinewelle\/?hl=de"]},{"@type":"Person","@id":"https:\/\/radioleinewelle.de\/#\/schema\/person\/45606f348637df637192dc1b68399a63","name":"Leinewelle","image":{"@type":"ImageObject","inLanguage":"de","@id":"https:\/\/secure.gravatar.com\/avatar\/05c9a17bc973052ee5d91549bd32fb4dd0dc85b7b85ae94b2e2b4943476bbea5?s=96&d=blank&r=g","url":"https:\/\/secure.gravatar.com\/avatar\/05c9a17bc973052ee5d91549bd32fb4dd0dc85b7b85ae94b2e2b4943476bbea5?s=96&d=blank&r=g","contentUrl":"https:\/\/secure.gravatar.com\/avatar\/05c9a17bc973052ee5d91549bd32fb4dd0dc85b7b85ae94b2e2b4943476bbea5?s=96&d=blank&r=g","caption":"Leinewelle"},"sameAs":["http:\/\/localhost\/radio%20leinewelle\/wordpress","https:\/\/www.facebook.com\/radioleinewelle","https:\/\/www.instagram.com\/radioleinewelle","https:\/\/x.com\/https:\/\/twitter.com\/RLeinewelle?ref_src=twsrcgoogletwcampserptwgrauthor","https:\/\/soundcloud.com\/foerderverein-lokalradio?utm_source=clipboard&utm_medium=text&utm_campaign=social_sharing"],"url":"https:\/\/radioleinewelle.de\/index.php\/author\/leinewelle\/"}]}},"_links":{"self":[{"href":"https:\/\/radioleinewelle.de\/index.php\/wp-json\/wp\/v2\/posts\/3299","targetHints":{"allow":["GET"]}}],"collection":[{"href":"https:\/\/radioleinewelle.de\/index.php\/wp-json\/wp\/v2\/posts"}],"about":[{"href":"https:\/\/radioleinewelle.de\/index.php\/wp-json\/wp\/v2\/types\/post"}],"author":[{"embeddable":true,"href":"https:\/\/radioleinewelle.de\/index.php\/wp-json\/wp\/v2\/users\/1"}],"replies":[{"embeddable":true,"href":"https:\/\/radioleinewelle.de\/index.php\/wp-json\/wp\/v2\/comments?post=3299"}],"version-history":[{"count":0,"href":"https:\/\/radioleinewelle.de\/index.php\/wp-json\/wp\/v2\/posts\/3299\/revisions"}],"wp:attachment":[{"href":"https:\/\/radioleinewelle.de\/index.php\/wp-json\/wp\/v2\/media?parent=3299"}],"wp:term":[{"taxonomy":"category","embeddable":true,"href":"https:\/\/radioleinewelle.de\/index.php\/wp-json\/wp\/v2\/categories?post=3299"},{"taxonomy":"post_tag","embeddable":true,"href":"https:\/\/radioleinewelle.de\/index.php\/wp-json\/wp\/v2\/tags?post=3299"}],"curies":[{"name":"wp","href":"https:\/\/api.w.org\/{rel}","templated":true}]}}