{"id":3309,"date":"2020-12-04T05:25:40","date_gmt":"2020-12-04T04:25:40","guid":{"rendered":"https:\/\/radioleinewelle.de\/?p=3309"},"modified":"2020-12-04T05:25:40","modified_gmt":"2020-12-04T04:25:40","slug":"gruene-hoehlenerlebniszentrum-bad-grund-zum-ausserschulischen-lernstandort-entwickeln","status":"publish","type":"post","link":"https:\/\/radioleinewelle.de\/index.php\/2020\/12\/04\/gruene-hoehlenerlebniszentrum-bad-grund-zum-ausserschulischen-lernstandort-entwickeln\/","title":{"rendered":"Gr\u00fcne: H\u00f6hlenerlebniszentrum Bad Grund zum \u201eAu\u00dferschulischen Lernstandort\u201c entwickeln"},"content":{"rendered":"<p class=\"bodytext\">Die Mehrheitsgruppe aus SPD, Gr\u00fcnen und Freien W\u00e4hlern m\u00f6chte das H\u00f6hlenerlebniszentrum in Bad Grund zu einem \u201eAu\u00dferschulischen Lernstandort\u201c weiterentwickeln. Es wurde ein Antrag in den Kreistag eingebracht, in dem die Verwaltung gebeten wird, die notwendigen Schritte einzuleiten, um die Anerkennung des H\u00f6hlenerlebniszentrums als \u201eAu\u00dferschulischer Lernstandort f\u00fcr nachhaltige Entwicklung\u201c zu erm\u00f6glichen.<\/p>\n<p class=\"bodytext\">\u201eDie Attraktivit\u00e4t und Bedeutung eines Museums oder anderer Bildungseinrichtungen h\u00e4ngt f\u00fcr Schulen oftmals davon ab, ob diese den Status eines \u201aAu\u00dferschulischen Lernstandorts\u2018 haben. Deswegen versprechen wir uns durch diese hoffentlich erfolgreiche Ma\u00dfnahme eine deutliche Aufwertung des H\u00f6hlenerlebniszentrums f\u00fcr die Schulen\u201c, sagt der stellvertretende Landrat und SPD-Kreistagsabgeordnete Dr. Andreas Philippi.\u00a0\u201eAls Au\u00dferschulische Lernstandorte sind in Niedersachsen mittlerweile 65 Einrichtungen anerkannt. In S\u00fcdniedersachsen geh\u00f6ren zu ihnen u.a. das RUZ Reinhausen, das Museum Friedland und das Grenzlandmuseum Teistungen\/Duderstadt. Das H\u00f6hlenerlebniszentrum w\u00fcrde diese Reihe inhaltlich sehr gut erg\u00e4nzen\u201c, erg\u00e4nzt Raymond Rordorf, Kreistagsabgeordneter der Gr\u00fcnen-Fraktion.<\/p>\n<p class=\"bodytext\">\u201eDas H\u00f6hlenerlebniszentrum Bad Grund ist hervorragend geeignet, regionale Geschichte aus der Bronzezeit sichtbar und erlebbar zu pr\u00e4sentieren und durch den Status eines \u201aAu\u00dferschulischen Lernstandorts\u2018 Lernprozesse im Bereich Geschichte nachhaltiger zu gestalten, so wie es beispielsweise auch dem Forschungsmuseum Sch\u00f6ningen rund um die Sch\u00f6ninger Speere gelungen ist\u201c, so der Fraktionsvorsitzende der Freien W\u00e4hler Lothar Dinges.\u00a0\u201eDie n\u00e4chste M\u00f6glichkeit der Anerkennung als Au\u00dferschulischer Lernstandort besteht zum 1. August 2021. Lernorte, die sich anerkennen lassen m\u00f6chten, k\u00f6nnen bis zum 30. Juni 2021 Antr\u00e4ge bei der Nieders\u00e4chsischen Landesschulbeh\u00f6rde einreichen. Sp\u00e4testens ab diesem Zeitpunkt wird die Antragstellung und Entwicklung des jeweiligen Lernstandortes von der Fachberatung der Landesschulbeh\u00f6rde begleitet und unterst\u00fctzt. Insofern ist gerade jetzt der richtige Zeitpunkt, den Antrag auf den Weg zu bringen\u201c, so die drei Kreistagsabgeordneten.<\/p>\n<p class=\"bodytext\">Bild von <a href=\"https:\/\/pixabay.com\/de\/users\/geraldfriedrich2-4331363\/?utm_source=link-attribution&amp;utm_medium=referral&amp;utm_campaign=image&amp;utm_content=2926561\">Gerald Friedrich<\/a> auf <a href=\"https:\/\/pixabay.com\/de\/?utm_source=link-attribution&amp;utm_medium=referral&amp;utm_campaign=image&amp;utm_content=2926561\">Pixabay<\/a><\/p>\n","protected":false},"excerpt":{"rendered":"<p>Die Mehrheitsgruppe aus SPD, Gr\u00fcnen und Freien W\u00e4hlern m\u00f6chte das H\u00f6hlenerlebniszentrum in Bad Grund zu einem \u201eAu\u00dferschulischen Lernstandort\u201c weiterentwickeln. Es wurde ein Antrag in den Kreistag eingebracht, in dem die Verwaltung gebeten wird, die notwendigen Schritte einzuleiten, um die Anerkennung des H\u00f6hlenerlebniszentrums als \u201eAu\u00dferschulischer Lernstandort f\u00fcr nachhaltige Entwicklung\u201c zu erm\u00f6glichen. \u201eDie Attraktivit\u00e4t und Bedeutung eines [&hellip;]<\/p>\n","protected":false},"author":1,"featured_media":0,"comment_status":"closed","ping_status":"closed","sticky":false,"template":"","format":"standard","meta":{"saved_in_kubio":false,"footnotes":""},"categories":[42],"tags":[],"class_list":["post-3309","post","type-post","status-publish","format-standard","hentry","category-regionaler-tourismus"],"yoast_head":"<!-- This site is optimized with the Yoast SEO plugin v27.5 - https:\/\/yoast.com\/product\/yoast-seo-wordpress\/ -->\n<title>Gr\u00fcne: H\u00f6hlenerlebniszentrum Bad Grund zum \u201eAu\u00dferschulischen Lernstandort\u201c entwickeln - Radio Leinewelle<\/title>\n<meta name=\"robots\" content=\"index, follow, max-snippet:-1, max-image-preview:large, max-video-preview:-1\" \/>\n<link rel=\"canonical\" href=\"https:\/\/radioleinewelle.de\/index.php\/2020\/12\/04\/gruene-hoehlenerlebniszentrum-bad-grund-zum-ausserschulischen-lernstandort-entwickeln\/\" \/>\n<meta property=\"og:locale\" content=\"de_DE\" \/>\n<meta property=\"og:type\" content=\"article\" \/>\n<meta property=\"og:title\" content=\"Gr\u00fcne: H\u00f6hlenerlebniszentrum Bad Grund zum \u201eAu\u00dferschulischen Lernstandort\u201c entwickeln - Radio Leinewelle\" \/>\n<meta property=\"og:description\" content=\"Die Mehrheitsgruppe aus SPD, Gr\u00fcnen und Freien W\u00e4hlern m\u00f6chte das H\u00f6hlenerlebniszentrum in Bad Grund zu einem \u201eAu\u00dferschulischen Lernstandort\u201c weiterentwickeln. Es wurde ein Antrag in den Kreistag eingebracht, in dem die Verwaltung gebeten wird, die notwendigen Schritte einzuleiten, um die Anerkennung des H\u00f6hlenerlebniszentrums als \u201eAu\u00dferschulischer Lernstandort f\u00fcr nachhaltige Entwicklung\u201c zu erm\u00f6glichen. \u201eDie Attraktivit\u00e4t und Bedeutung eines [&hellip;]\" \/>\n<meta property=\"og:url\" content=\"https:\/\/radioleinewelle.de\/index.php\/2020\/12\/04\/gruene-hoehlenerlebniszentrum-bad-grund-zum-ausserschulischen-lernstandort-entwickeln\/\" \/>\n<meta property=\"og:site_name\" content=\"Radio Leinewelle\" \/>\n<meta property=\"article:publisher\" content=\"https:\/\/www.facebook.com\/radioleinewelle\" \/>\n<meta property=\"article:author\" content=\"https:\/\/www.facebook.com\/radioleinewelle\" \/>\n<meta property=\"article:published_time\" content=\"2020-12-04T04:25:40+00:00\" \/>\n<meta name=\"author\" content=\"Leinewelle\" \/>\n<meta name=\"twitter:card\" content=\"summary_large_image\" \/>\n<meta name=\"twitter:creator\" content=\"@https:\/\/twitter.com\/RLeinewelle?ref_src=twsrcgoogletwcampserptwgrauthor\" \/>\n<meta name=\"twitter:site\" content=\"@RLeinewelle\" \/>\n<meta name=\"twitter:label1\" content=\"Verfasst von\" \/>\n\t<meta name=\"twitter:data1\" content=\"Leinewelle\" \/>\n\t<meta name=\"twitter:label2\" content=\"Gesch\u00e4tzte Lesezeit\" \/>\n\t<meta name=\"twitter:data2\" content=\"2\u00a0Minuten\" \/>\n<script type=\"application\/ld+json\" class=\"yoast-schema-graph\">{\"@context\":\"https:\\\/\\\/schema.org\",\"@graph\":[{\"@type\":\"Article\",\"@id\":\"https:\\\/\\\/radioleinewelle.de\\\/index.php\\\/2020\\\/12\\\/04\\\/gruene-hoehlenerlebniszentrum-bad-grund-zum-ausserschulischen-lernstandort-entwickeln\\\/#article\",\"isPartOf\":{\"@id\":\"https:\\\/\\\/radioleinewelle.de\\\/index.php\\\/2020\\\/12\\\/04\\\/gruene-hoehlenerlebniszentrum-bad-grund-zum-ausserschulischen-lernstandort-entwickeln\\\/\"},\"author\":{\"name\":\"Leinewelle\",\"@id\":\"https:\\\/\\\/radioleinewelle.de\\\/#\\\/schema\\\/person\\\/45606f348637df637192dc1b68399a63\"},\"headline\":\"Gr\u00fcne: H\u00f6hlenerlebniszentrum Bad Grund zum \u201eAu\u00dferschulischen Lernstandort\u201c entwickeln\",\"datePublished\":\"2020-12-04T04:25:40+00:00\",\"mainEntityOfPage\":{\"@id\":\"https:\\\/\\\/radioleinewelle.de\\\/index.php\\\/2020\\\/12\\\/04\\\/gruene-hoehlenerlebniszentrum-bad-grund-zum-ausserschulischen-lernstandort-entwickeln\\\/\"},\"wordCount\":318,\"publisher\":{\"@id\":\"https:\\\/\\\/radioleinewelle.de\\\/#organization\"},\"articleSection\":[\"Regionaler Tourismus\"],\"inLanguage\":\"de\"},{\"@type\":\"WebPage\",\"@id\":\"https:\\\/\\\/radioleinewelle.de\\\/index.php\\\/2020\\\/12\\\/04\\\/gruene-hoehlenerlebniszentrum-bad-grund-zum-ausserschulischen-lernstandort-entwickeln\\\/\",\"url\":\"https:\\\/\\\/radioleinewelle.de\\\/index.php\\\/2020\\\/12\\\/04\\\/gruene-hoehlenerlebniszentrum-bad-grund-zum-ausserschulischen-lernstandort-entwickeln\\\/\",\"name\":\"Gr\u00fcne: H\u00f6hlenerlebniszentrum Bad Grund zum \u201eAu\u00dferschulischen Lernstandort\u201c entwickeln - Radio Leinewelle\",\"isPartOf\":{\"@id\":\"https:\\\/\\\/radioleinewelle.de\\\/#website\"},\"datePublished\":\"2020-12-04T04:25:40+00:00\",\"breadcrumb\":{\"@id\":\"https:\\\/\\\/radioleinewelle.de\\\/index.php\\\/2020\\\/12\\\/04\\\/gruene-hoehlenerlebniszentrum-bad-grund-zum-ausserschulischen-lernstandort-entwickeln\\\/#breadcrumb\"},\"inLanguage\":\"de\",\"potentialAction\":[{\"@type\":\"ReadAction\",\"target\":[\"https:\\\/\\\/radioleinewelle.de\\\/index.php\\\/2020\\\/12\\\/04\\\/gruene-hoehlenerlebniszentrum-bad-grund-zum-ausserschulischen-lernstandort-entwickeln\\\/\"]}]},{\"@type\":\"BreadcrumbList\",\"@id\":\"https:\\\/\\\/radioleinewelle.de\\\/index.php\\\/2020\\\/12\\\/04\\\/gruene-hoehlenerlebniszentrum-bad-grund-zum-ausserschulischen-lernstandort-entwickeln\\\/#breadcrumb\",\"itemListElement\":[{\"@type\":\"ListItem\",\"position\":1,\"name\":\"Startseite\",\"item\":\"https:\\\/\\\/radioleinewelle.de\\\/\"},{\"@type\":\"ListItem\",\"position\":2,\"name\":\"Gr\u00fcne: H\u00f6hlenerlebniszentrum Bad Grund zum \u201eAu\u00dferschulischen Lernstandort\u201c entwickeln\"}]},{\"@type\":\"WebSite\",\"@id\":\"https:\\\/\\\/radioleinewelle.de\\\/#website\",\"url\":\"https:\\\/\\\/radioleinewelle.de\\\/\",\"name\":\"Radio Leinewelle\",\"description\":\"\",\"publisher\":{\"@id\":\"https:\\\/\\\/radioleinewelle.de\\\/#organization\"},\"potentialAction\":[{\"@type\":\"SearchAction\",\"target\":{\"@type\":\"EntryPoint\",\"urlTemplate\":\"https:\\\/\\\/radioleinewelle.de\\\/?s={search_term_string}\"},\"query-input\":{\"@type\":\"PropertyValueSpecification\",\"valueRequired\":true,\"valueName\":\"search_term_string\"}}],\"inLanguage\":\"de\"},{\"@type\":\"Organization\",\"@id\":\"https:\\\/\\\/radioleinewelle.de\\\/#organization\",\"name\":\"Radio Leinewelle\",\"alternateName\":\"Mein Radio f\u00fcr S\u00fcdniedersachsen\",\"url\":\"https:\\\/\\\/radioleinewelle.de\\\/\",\"logo\":{\"@type\":\"ImageObject\",\"inLanguage\":\"de\",\"@id\":\"https:\\\/\\\/radioleinewelle.de\\\/#\\\/schema\\\/logo\\\/image\\\/\",\"url\":\"https:\\\/\\\/radioleinewelle.de\\\/wp-content\\\/uploads\\\/2023\\\/11\\\/cropped-Leinewelle_Logo_weiss.png\",\"contentUrl\":\"https:\\\/\\\/radioleinewelle.de\\\/wp-content\\\/uploads\\\/2023\\\/11\\\/cropped-Leinewelle_Logo_weiss.png\",\"width\":854,\"height\":260,\"caption\":\"Radio Leinewelle\"},\"image\":{\"@id\":\"https:\\\/\\\/radioleinewelle.de\\\/#\\\/schema\\\/logo\\\/image\\\/\"},\"sameAs\":[\"https:\\\/\\\/www.facebook.com\\\/radioleinewelle\",\"https:\\\/\\\/x.com\\\/RLeinewelle\",\"https:\\\/\\\/www.instagram.com\\\/radioleinewelle\\\/?hl=de\"]},{\"@type\":\"Person\",\"@id\":\"https:\\\/\\\/radioleinewelle.de\\\/#\\\/schema\\\/person\\\/45606f348637df637192dc1b68399a63\",\"name\":\"Leinewelle\",\"image\":{\"@type\":\"ImageObject\",\"inLanguage\":\"de\",\"@id\":\"https:\\\/\\\/secure.gravatar.com\\\/avatar\\\/05c9a17bc973052ee5d91549bd32fb4dd0dc85b7b85ae94b2e2b4943476bbea5?s=96&d=blank&r=g\",\"url\":\"https:\\\/\\\/secure.gravatar.com\\\/avatar\\\/05c9a17bc973052ee5d91549bd32fb4dd0dc85b7b85ae94b2e2b4943476bbea5?s=96&d=blank&r=g\",\"contentUrl\":\"https:\\\/\\\/secure.gravatar.com\\\/avatar\\\/05c9a17bc973052ee5d91549bd32fb4dd0dc85b7b85ae94b2e2b4943476bbea5?s=96&d=blank&r=g\",\"caption\":\"Leinewelle\"},\"sameAs\":[\"http:\\\/\\\/localhost\\\/radio%20leinewelle\\\/wordpress\",\"https:\\\/\\\/www.facebook.com\\\/radioleinewelle\",\"https:\\\/\\\/www.instagram.com\\\/radioleinewelle\",\"https:\\\/\\\/x.com\\\/https:\\\/\\\/twitter.com\\\/RLeinewelle?ref_src=twsrcgoogletwcampserptwgrauthor\",\"https:\\\/\\\/soundcloud.com\\\/foerderverein-lokalradio?utm_source=clipboard&utm_medium=text&utm_campaign=social_sharing\"],\"url\":\"https:\\\/\\\/radioleinewelle.de\\\/index.php\\\/author\\\/leinewelle\\\/\"}]}<\/script>\n<!-- \/ Yoast SEO plugin. -->","yoast_head_json":{"title":"Gr\u00fcne: H\u00f6hlenerlebniszentrum Bad Grund zum \u201eAu\u00dferschulischen Lernstandort\u201c entwickeln - Radio Leinewelle","robots":{"index":"index","follow":"follow","max-snippet":"max-snippet:-1","max-image-preview":"max-image-preview:large","max-video-preview":"max-video-preview:-1"},"canonical":"https:\/\/radioleinewelle.de\/index.php\/2020\/12\/04\/gruene-hoehlenerlebniszentrum-bad-grund-zum-ausserschulischen-lernstandort-entwickeln\/","og_locale":"de_DE","og_type":"article","og_title":"Gr\u00fcne: H\u00f6hlenerlebniszentrum Bad Grund zum \u201eAu\u00dferschulischen Lernstandort\u201c entwickeln - Radio Leinewelle","og_description":"Die Mehrheitsgruppe aus SPD, Gr\u00fcnen und Freien W\u00e4hlern m\u00f6chte das H\u00f6hlenerlebniszentrum in Bad Grund zu einem \u201eAu\u00dferschulischen Lernstandort\u201c weiterentwickeln. Es wurde ein Antrag in den Kreistag eingebracht, in dem die Verwaltung gebeten wird, die notwendigen Schritte einzuleiten, um die Anerkennung des H\u00f6hlenerlebniszentrums als \u201eAu\u00dferschulischer Lernstandort f\u00fcr nachhaltige Entwicklung\u201c zu erm\u00f6glichen. \u201eDie Attraktivit\u00e4t und Bedeutung eines [&hellip;]","og_url":"https:\/\/radioleinewelle.de\/index.php\/2020\/12\/04\/gruene-hoehlenerlebniszentrum-bad-grund-zum-ausserschulischen-lernstandort-entwickeln\/","og_site_name":"Radio Leinewelle","article_publisher":"https:\/\/www.facebook.com\/radioleinewelle","article_author":"https:\/\/www.facebook.com\/radioleinewelle","article_published_time":"2020-12-04T04:25:40+00:00","author":"Leinewelle","twitter_card":"summary_large_image","twitter_creator":"@https:\/\/twitter.com\/RLeinewelle?ref_src=twsrcgoogletwcampserptwgrauthor","twitter_site":"@RLeinewelle","twitter_misc":{"Verfasst von":"Leinewelle","Gesch\u00e4tzte Lesezeit":"2\u00a0Minuten"},"schema":{"@context":"https:\/\/schema.org","@graph":[{"@type":"Article","@id":"https:\/\/radioleinewelle.de\/index.php\/2020\/12\/04\/gruene-hoehlenerlebniszentrum-bad-grund-zum-ausserschulischen-lernstandort-entwickeln\/#article","isPartOf":{"@id":"https:\/\/radioleinewelle.de\/index.php\/2020\/12\/04\/gruene-hoehlenerlebniszentrum-bad-grund-zum-ausserschulischen-lernstandort-entwickeln\/"},"author":{"name":"Leinewelle","@id":"https:\/\/radioleinewelle.de\/#\/schema\/person\/45606f348637df637192dc1b68399a63"},"headline":"Gr\u00fcne: H\u00f6hlenerlebniszentrum Bad Grund zum \u201eAu\u00dferschulischen Lernstandort\u201c entwickeln","datePublished":"2020-12-04T04:25:40+00:00","mainEntityOfPage":{"@id":"https:\/\/radioleinewelle.de\/index.php\/2020\/12\/04\/gruene-hoehlenerlebniszentrum-bad-grund-zum-ausserschulischen-lernstandort-entwickeln\/"},"wordCount":318,"publisher":{"@id":"https:\/\/radioleinewelle.de\/#organization"},"articleSection":["Regionaler Tourismus"],"inLanguage":"de"},{"@type":"WebPage","@id":"https:\/\/radioleinewelle.de\/index.php\/2020\/12\/04\/gruene-hoehlenerlebniszentrum-bad-grund-zum-ausserschulischen-lernstandort-entwickeln\/","url":"https:\/\/radioleinewelle.de\/index.php\/2020\/12\/04\/gruene-hoehlenerlebniszentrum-bad-grund-zum-ausserschulischen-lernstandort-entwickeln\/","name":"Gr\u00fcne: H\u00f6hlenerlebniszentrum Bad Grund zum \u201eAu\u00dferschulischen Lernstandort\u201c entwickeln - Radio Leinewelle","isPartOf":{"@id":"https:\/\/radioleinewelle.de\/#website"},"datePublished":"2020-12-04T04:25:40+00:00","breadcrumb":{"@id":"https:\/\/radioleinewelle.de\/index.php\/2020\/12\/04\/gruene-hoehlenerlebniszentrum-bad-grund-zum-ausserschulischen-lernstandort-entwickeln\/#breadcrumb"},"inLanguage":"de","potentialAction":[{"@type":"ReadAction","target":["https:\/\/radioleinewelle.de\/index.php\/2020\/12\/04\/gruene-hoehlenerlebniszentrum-bad-grund-zum-ausserschulischen-lernstandort-entwickeln\/"]}]},{"@type":"BreadcrumbList","@id":"https:\/\/radioleinewelle.de\/index.php\/2020\/12\/04\/gruene-hoehlenerlebniszentrum-bad-grund-zum-ausserschulischen-lernstandort-entwickeln\/#breadcrumb","itemListElement":[{"@type":"ListItem","position":1,"name":"Startseite","item":"https:\/\/radioleinewelle.de\/"},{"@type":"ListItem","position":2,"name":"Gr\u00fcne: H\u00f6hlenerlebniszentrum Bad Grund zum \u201eAu\u00dferschulischen Lernstandort\u201c entwickeln"}]},{"@type":"WebSite","@id":"https:\/\/radioleinewelle.de\/#website","url":"https:\/\/radioleinewelle.de\/","name":"Radio Leinewelle","description":"","publisher":{"@id":"https:\/\/radioleinewelle.de\/#organization"},"potentialAction":[{"@type":"SearchAction","target":{"@type":"EntryPoint","urlTemplate":"https:\/\/radioleinewelle.de\/?s={search_term_string}"},"query-input":{"@type":"PropertyValueSpecification","valueRequired":true,"valueName":"search_term_string"}}],"inLanguage":"de"},{"@type":"Organization","@id":"https:\/\/radioleinewelle.de\/#organization","name":"Radio Leinewelle","alternateName":"Mein Radio f\u00fcr S\u00fcdniedersachsen","url":"https:\/\/radioleinewelle.de\/","logo":{"@type":"ImageObject","inLanguage":"de","@id":"https:\/\/radioleinewelle.de\/#\/schema\/logo\/image\/","url":"https:\/\/radioleinewelle.de\/wp-content\/uploads\/2023\/11\/cropped-Leinewelle_Logo_weiss.png","contentUrl":"https:\/\/radioleinewelle.de\/wp-content\/uploads\/2023\/11\/cropped-Leinewelle_Logo_weiss.png","width":854,"height":260,"caption":"Radio Leinewelle"},"image":{"@id":"https:\/\/radioleinewelle.de\/#\/schema\/logo\/image\/"},"sameAs":["https:\/\/www.facebook.com\/radioleinewelle","https:\/\/x.com\/RLeinewelle","https:\/\/www.instagram.com\/radioleinewelle\/?hl=de"]},{"@type":"Person","@id":"https:\/\/radioleinewelle.de\/#\/schema\/person\/45606f348637df637192dc1b68399a63","name":"Leinewelle","image":{"@type":"ImageObject","inLanguage":"de","@id":"https:\/\/secure.gravatar.com\/avatar\/05c9a17bc973052ee5d91549bd32fb4dd0dc85b7b85ae94b2e2b4943476bbea5?s=96&d=blank&r=g","url":"https:\/\/secure.gravatar.com\/avatar\/05c9a17bc973052ee5d91549bd32fb4dd0dc85b7b85ae94b2e2b4943476bbea5?s=96&d=blank&r=g","contentUrl":"https:\/\/secure.gravatar.com\/avatar\/05c9a17bc973052ee5d91549bd32fb4dd0dc85b7b85ae94b2e2b4943476bbea5?s=96&d=blank&r=g","caption":"Leinewelle"},"sameAs":["http:\/\/localhost\/radio%20leinewelle\/wordpress","https:\/\/www.facebook.com\/radioleinewelle","https:\/\/www.instagram.com\/radioleinewelle","https:\/\/x.com\/https:\/\/twitter.com\/RLeinewelle?ref_src=twsrcgoogletwcampserptwgrauthor","https:\/\/soundcloud.com\/foerderverein-lokalradio?utm_source=clipboard&utm_medium=text&utm_campaign=social_sharing"],"url":"https:\/\/radioleinewelle.de\/index.php\/author\/leinewelle\/"}]}},"_links":{"self":[{"href":"https:\/\/radioleinewelle.de\/index.php\/wp-json\/wp\/v2\/posts\/3309","targetHints":{"allow":["GET"]}}],"collection":[{"href":"https:\/\/radioleinewelle.de\/index.php\/wp-json\/wp\/v2\/posts"}],"about":[{"href":"https:\/\/radioleinewelle.de\/index.php\/wp-json\/wp\/v2\/types\/post"}],"author":[{"embeddable":true,"href":"https:\/\/radioleinewelle.de\/index.php\/wp-json\/wp\/v2\/users\/1"}],"replies":[{"embeddable":true,"href":"https:\/\/radioleinewelle.de\/index.php\/wp-json\/wp\/v2\/comments?post=3309"}],"version-history":[{"count":0,"href":"https:\/\/radioleinewelle.de\/index.php\/wp-json\/wp\/v2\/posts\/3309\/revisions"}],"wp:attachment":[{"href":"https:\/\/radioleinewelle.de\/index.php\/wp-json\/wp\/v2\/media?parent=3309"}],"wp:term":[{"taxonomy":"category","embeddable":true,"href":"https:\/\/radioleinewelle.de\/index.php\/wp-json\/wp\/v2\/categories?post=3309"},{"taxonomy":"post_tag","embeddable":true,"href":"https:\/\/radioleinewelle.de\/index.php\/wp-json\/wp\/v2\/tags?post=3309"}],"curies":[{"name":"wp","href":"https:\/\/api.w.org\/{rel}","templated":true}]}}