{"id":3342,"date":"2020-12-06T05:18:40","date_gmt":"2020-12-06T04:18:40","guid":{"rendered":"https:\/\/radioleinewelle.de\/?p=3342"},"modified":"2020-12-06T05:18:40","modified_gmt":"2020-12-06T04:18:40","slug":"migration-niedersachsen-foerdert-start-in-den-arbeitsmarkt","status":"publish","type":"post","link":"https:\/\/radioleinewelle.de\/index.php\/2020\/12\/06\/migration-niedersachsen-foerdert-start-in-den-arbeitsmarkt\/","title":{"rendered":"Migration: Niedersachsen f\u00f6rdert Start in den Arbeitsmarkt"},"content":{"rendered":"<p>Um dem in vielen Branchen und Regionen trotz Corona bestehenden oder drohenden Fachkr\u00e4ftemangel entgegenzuwirken, wird zu Beginn des neuen Jahres das neue Arbeitsmarktprogramm \u201eStart Guides\u201c ins Leben gerufen. Die \u201eStart Guides\u201c werden landesweit im Einsatz sein und haben die Aufgabe, Unternehmen und Zugewanderte bei der Integration in den nieders\u00e4chsischen Ausbildungs- und Arbeitsmarkt zu begleiten. Unterst\u00fctzt werden sie von einem Netzwerk an Arbeitsmarktpartnern, wie beispielsweise den Arbeitsagenturen, Jobcentern und bestehenden Initiativen vor Ort. Das Angebot richtet sich an Fach- und Nachwuchskr\u00e4fte aus Drittstaaten, aber weiterhin auch an Menschen mit Fluchthintergrund.<\/p>\n<p>F\u00fcr landesweit 23 regionale Start Guide-Projekte sowie ein unterst\u00fctzendes Koordinierungsprojekt stellt das Nieders\u00e4chsische Wirtschafts- und Arbeitsministerium f\u00fcr einen Zeitraum von jeweils 24 Monaten drei Millionen Euro zur Verf\u00fcgung.<\/p>\n<p>Niedersachsens Wirtschafts- und Arbeitsminister Dr. Bernd Althusmann: \u201eGerade zu Beginn der Ausbildung oder Besch\u00e4ftigung ben\u00f6tigen viele Zugewanderte Unterst\u00fctzung, da sie die betrieblichen Abl\u00e4ufe erst noch kennen lernen m\u00fcssen. Dar\u00fcber hinaus helfen die \u201aStart Guides\u2018 auch den Unternehmen bei der Integration der neuen Kollegen. Die gef\u00f6rderten \u201aStart Guide\u2018-Projekte sorgen so f\u00fcr nachhaltige Ausbildungs- und Besch\u00e4ftigungsverh\u00e4ltnisse \u2013 damit wird Zugewanderten die Integration erleichtert und zugleich dem Fachkr\u00e4ftemangel entgegengewirkt.\u201c<\/p>\n<p>Hintergrund:<\/p>\n<p>Mit der \u201eStart Guides\u201c-F\u00f6rderung wird das bisherige Programm \u201e\u00dcberbetriebliche Integrationsmoderatorinnen und Integrationsmoderatoren\u201c fortgesetzt und weiterentwickelt. Die Angebote der regionalen Projekte stehen damit k\u00fcnftig nicht nur Gefl\u00fcchteten, sondern auch Fach- und Nachwuchskr\u00e4ften aus Drittstaaten ohne Fluchthintergrund offen. Hintergrund ist das zum 1. M\u00e4rz 2020 in Kraft getretene Fachkr\u00e4fteeinwanderungsgesetz, mit dem neue M\u00f6glichkeiten geschaffen wurden, Fach- und Nachwuchskr\u00e4fte aus Drittstaaten in Deutschland zu besch\u00e4ftigen.<br \/>\nAnlage:\u00a0<a href=\"https:\/\/radioleinewelle.de\/wp-content\/uploads\/2020\/12\/136_Anlage_PI_Start_Guides__neu.pdf\">136_Anlage_PI_Start_Guides__neu<\/a><\/p>\n<p>&nbsp;<\/p>\n","protected":false},"excerpt":{"rendered":"<p>Um dem in vielen Branchen und Regionen trotz Corona bestehenden oder drohenden Fachkr\u00e4ftemangel entgegenzuwirken, wird zu Beginn des neuen Jahres das neue Arbeitsmarktprogramm \u201eStart Guides\u201c ins Leben gerufen. Die \u201eStart Guides\u201c werden landesweit im Einsatz sein und haben die Aufgabe, Unternehmen und Zugewanderte bei der Integration in den nieders\u00e4chsischen Ausbildungs- und Arbeitsmarkt zu begleiten. Unterst\u00fctzt [&hellip;]<\/p>\n","protected":false},"author":1,"featured_media":0,"comment_status":"closed","ping_status":"closed","sticky":false,"template":"","format":"standard","meta":{"saved_in_kubio":false,"footnotes":""},"categories":[43],"tags":[],"class_list":["post-3342","post","type-post","status-publish","format-standard","hentry","category-migration"],"yoast_head":"<!-- This site is optimized with the Yoast SEO plugin v27.5 - https:\/\/yoast.com\/product\/yoast-seo-wordpress\/ -->\n<title>Migration: Niedersachsen f\u00f6rdert Start in den Arbeitsmarkt - Radio Leinewelle<\/title>\n<meta name=\"robots\" content=\"index, follow, max-snippet:-1, max-image-preview:large, max-video-preview:-1\" \/>\n<link rel=\"canonical\" href=\"https:\/\/radioleinewelle.de\/index.php\/2020\/12\/06\/migration-niedersachsen-foerdert-start-in-den-arbeitsmarkt\/\" \/>\n<meta property=\"og:locale\" content=\"de_DE\" \/>\n<meta property=\"og:type\" content=\"article\" \/>\n<meta property=\"og:title\" content=\"Migration: Niedersachsen f\u00f6rdert Start in den Arbeitsmarkt - Radio Leinewelle\" \/>\n<meta property=\"og:description\" content=\"Um dem in vielen Branchen und Regionen trotz Corona bestehenden oder drohenden Fachkr\u00e4ftemangel entgegenzuwirken, wird zu Beginn des neuen Jahres das neue Arbeitsmarktprogramm \u201eStart Guides\u201c ins Leben gerufen. Die \u201eStart Guides\u201c werden landesweit im Einsatz sein und haben die Aufgabe, Unternehmen und Zugewanderte bei der Integration in den nieders\u00e4chsischen Ausbildungs- und Arbeitsmarkt zu begleiten. Unterst\u00fctzt [&hellip;]\" \/>\n<meta property=\"og:url\" content=\"https:\/\/radioleinewelle.de\/index.php\/2020\/12\/06\/migration-niedersachsen-foerdert-start-in-den-arbeitsmarkt\/\" \/>\n<meta property=\"og:site_name\" content=\"Radio Leinewelle\" \/>\n<meta property=\"article:publisher\" content=\"https:\/\/www.facebook.com\/radioleinewelle\" \/>\n<meta property=\"article:author\" content=\"https:\/\/www.facebook.com\/radioleinewelle\" \/>\n<meta property=\"article:published_time\" content=\"2020-12-06T04:18:40+00:00\" \/>\n<meta name=\"author\" content=\"Leinewelle\" \/>\n<meta name=\"twitter:card\" content=\"summary_large_image\" \/>\n<meta name=\"twitter:creator\" content=\"@https:\/\/twitter.com\/RLeinewelle?ref_src=twsrcgoogletwcampserptwgrauthor\" \/>\n<meta name=\"twitter:site\" content=\"@RLeinewelle\" \/>\n<meta name=\"twitter:label1\" content=\"Verfasst von\" \/>\n\t<meta name=\"twitter:data1\" content=\"Leinewelle\" \/>\n\t<meta name=\"twitter:label2\" content=\"Gesch\u00e4tzte Lesezeit\" \/>\n\t<meta name=\"twitter:data2\" content=\"1\u00a0Minute\" \/>\n<script type=\"application\/ld+json\" class=\"yoast-schema-graph\">{\"@context\":\"https:\\\/\\\/schema.org\",\"@graph\":[{\"@type\":\"Article\",\"@id\":\"https:\\\/\\\/radioleinewelle.de\\\/index.php\\\/2020\\\/12\\\/06\\\/migration-niedersachsen-foerdert-start-in-den-arbeitsmarkt\\\/#article\",\"isPartOf\":{\"@id\":\"https:\\\/\\\/radioleinewelle.de\\\/index.php\\\/2020\\\/12\\\/06\\\/migration-niedersachsen-foerdert-start-in-den-arbeitsmarkt\\\/\"},\"author\":{\"name\":\"Leinewelle\",\"@id\":\"https:\\\/\\\/radioleinewelle.de\\\/#\\\/schema\\\/person\\\/45606f348637df637192dc1b68399a63\"},\"headline\":\"Migration: Niedersachsen f\u00f6rdert Start in den Arbeitsmarkt\",\"datePublished\":\"2020-12-06T04:18:40+00:00\",\"mainEntityOfPage\":{\"@id\":\"https:\\\/\\\/radioleinewelle.de\\\/index.php\\\/2020\\\/12\\\/06\\\/migration-niedersachsen-foerdert-start-in-den-arbeitsmarkt\\\/\"},\"wordCount\":287,\"publisher\":{\"@id\":\"https:\\\/\\\/radioleinewelle.de\\\/#organization\"},\"articleSection\":[\"Migration\"],\"inLanguage\":\"de\"},{\"@type\":\"WebPage\",\"@id\":\"https:\\\/\\\/radioleinewelle.de\\\/index.php\\\/2020\\\/12\\\/06\\\/migration-niedersachsen-foerdert-start-in-den-arbeitsmarkt\\\/\",\"url\":\"https:\\\/\\\/radioleinewelle.de\\\/index.php\\\/2020\\\/12\\\/06\\\/migration-niedersachsen-foerdert-start-in-den-arbeitsmarkt\\\/\",\"name\":\"Migration: Niedersachsen f\u00f6rdert Start in den Arbeitsmarkt - Radio Leinewelle\",\"isPartOf\":{\"@id\":\"https:\\\/\\\/radioleinewelle.de\\\/#website\"},\"datePublished\":\"2020-12-06T04:18:40+00:00\",\"breadcrumb\":{\"@id\":\"https:\\\/\\\/radioleinewelle.de\\\/index.php\\\/2020\\\/12\\\/06\\\/migration-niedersachsen-foerdert-start-in-den-arbeitsmarkt\\\/#breadcrumb\"},\"inLanguage\":\"de\",\"potentialAction\":[{\"@type\":\"ReadAction\",\"target\":[\"https:\\\/\\\/radioleinewelle.de\\\/index.php\\\/2020\\\/12\\\/06\\\/migration-niedersachsen-foerdert-start-in-den-arbeitsmarkt\\\/\"]}]},{\"@type\":\"BreadcrumbList\",\"@id\":\"https:\\\/\\\/radioleinewelle.de\\\/index.php\\\/2020\\\/12\\\/06\\\/migration-niedersachsen-foerdert-start-in-den-arbeitsmarkt\\\/#breadcrumb\",\"itemListElement\":[{\"@type\":\"ListItem\",\"position\":1,\"name\":\"Startseite\",\"item\":\"https:\\\/\\\/radioleinewelle.de\\\/\"},{\"@type\":\"ListItem\",\"position\":2,\"name\":\"Migration: Niedersachsen f\u00f6rdert Start in den Arbeitsmarkt\"}]},{\"@type\":\"WebSite\",\"@id\":\"https:\\\/\\\/radioleinewelle.de\\\/#website\",\"url\":\"https:\\\/\\\/radioleinewelle.de\\\/\",\"name\":\"Radio Leinewelle\",\"description\":\"\",\"publisher\":{\"@id\":\"https:\\\/\\\/radioleinewelle.de\\\/#organization\"},\"potentialAction\":[{\"@type\":\"SearchAction\",\"target\":{\"@type\":\"EntryPoint\",\"urlTemplate\":\"https:\\\/\\\/radioleinewelle.de\\\/?s={search_term_string}\"},\"query-input\":{\"@type\":\"PropertyValueSpecification\",\"valueRequired\":true,\"valueName\":\"search_term_string\"}}],\"inLanguage\":\"de\"},{\"@type\":\"Organization\",\"@id\":\"https:\\\/\\\/radioleinewelle.de\\\/#organization\",\"name\":\"Radio Leinewelle\",\"alternateName\":\"Mein Radio f\u00fcr S\u00fcdniedersachsen\",\"url\":\"https:\\\/\\\/radioleinewelle.de\\\/\",\"logo\":{\"@type\":\"ImageObject\",\"inLanguage\":\"de\",\"@id\":\"https:\\\/\\\/radioleinewelle.de\\\/#\\\/schema\\\/logo\\\/image\\\/\",\"url\":\"https:\\\/\\\/radioleinewelle.de\\\/wp-content\\\/uploads\\\/2023\\\/11\\\/cropped-Leinewelle_Logo_weiss.png\",\"contentUrl\":\"https:\\\/\\\/radioleinewelle.de\\\/wp-content\\\/uploads\\\/2023\\\/11\\\/cropped-Leinewelle_Logo_weiss.png\",\"width\":854,\"height\":260,\"caption\":\"Radio Leinewelle\"},\"image\":{\"@id\":\"https:\\\/\\\/radioleinewelle.de\\\/#\\\/schema\\\/logo\\\/image\\\/\"},\"sameAs\":[\"https:\\\/\\\/www.facebook.com\\\/radioleinewelle\",\"https:\\\/\\\/x.com\\\/RLeinewelle\",\"https:\\\/\\\/www.instagram.com\\\/radioleinewelle\\\/?hl=de\"]},{\"@type\":\"Person\",\"@id\":\"https:\\\/\\\/radioleinewelle.de\\\/#\\\/schema\\\/person\\\/45606f348637df637192dc1b68399a63\",\"name\":\"Leinewelle\",\"image\":{\"@type\":\"ImageObject\",\"inLanguage\":\"de\",\"@id\":\"https:\\\/\\\/secure.gravatar.com\\\/avatar\\\/05c9a17bc973052ee5d91549bd32fb4dd0dc85b7b85ae94b2e2b4943476bbea5?s=96&d=blank&r=g\",\"url\":\"https:\\\/\\\/secure.gravatar.com\\\/avatar\\\/05c9a17bc973052ee5d91549bd32fb4dd0dc85b7b85ae94b2e2b4943476bbea5?s=96&d=blank&r=g\",\"contentUrl\":\"https:\\\/\\\/secure.gravatar.com\\\/avatar\\\/05c9a17bc973052ee5d91549bd32fb4dd0dc85b7b85ae94b2e2b4943476bbea5?s=96&d=blank&r=g\",\"caption\":\"Leinewelle\"},\"sameAs\":[\"http:\\\/\\\/localhost\\\/radio%20leinewelle\\\/wordpress\",\"https:\\\/\\\/www.facebook.com\\\/radioleinewelle\",\"https:\\\/\\\/www.instagram.com\\\/radioleinewelle\",\"https:\\\/\\\/x.com\\\/https:\\\/\\\/twitter.com\\\/RLeinewelle?ref_src=twsrcgoogletwcampserptwgrauthor\",\"https:\\\/\\\/soundcloud.com\\\/foerderverein-lokalradio?utm_source=clipboard&utm_medium=text&utm_campaign=social_sharing\"],\"url\":\"https:\\\/\\\/radioleinewelle.de\\\/index.php\\\/author\\\/leinewelle\\\/\"}]}<\/script>\n<!-- \/ Yoast SEO plugin. -->","yoast_head_json":{"title":"Migration: Niedersachsen f\u00f6rdert Start in den Arbeitsmarkt - Radio Leinewelle","robots":{"index":"index","follow":"follow","max-snippet":"max-snippet:-1","max-image-preview":"max-image-preview:large","max-video-preview":"max-video-preview:-1"},"canonical":"https:\/\/radioleinewelle.de\/index.php\/2020\/12\/06\/migration-niedersachsen-foerdert-start-in-den-arbeitsmarkt\/","og_locale":"de_DE","og_type":"article","og_title":"Migration: Niedersachsen f\u00f6rdert Start in den Arbeitsmarkt - Radio Leinewelle","og_description":"Um dem in vielen Branchen und Regionen trotz Corona bestehenden oder drohenden Fachkr\u00e4ftemangel entgegenzuwirken, wird zu Beginn des neuen Jahres das neue Arbeitsmarktprogramm \u201eStart Guides\u201c ins Leben gerufen. Die \u201eStart Guides\u201c werden landesweit im Einsatz sein und haben die Aufgabe, Unternehmen und Zugewanderte bei der Integration in den nieders\u00e4chsischen Ausbildungs- und Arbeitsmarkt zu begleiten. Unterst\u00fctzt [&hellip;]","og_url":"https:\/\/radioleinewelle.de\/index.php\/2020\/12\/06\/migration-niedersachsen-foerdert-start-in-den-arbeitsmarkt\/","og_site_name":"Radio Leinewelle","article_publisher":"https:\/\/www.facebook.com\/radioleinewelle","article_author":"https:\/\/www.facebook.com\/radioleinewelle","article_published_time":"2020-12-06T04:18:40+00:00","author":"Leinewelle","twitter_card":"summary_large_image","twitter_creator":"@https:\/\/twitter.com\/RLeinewelle?ref_src=twsrcgoogletwcampserptwgrauthor","twitter_site":"@RLeinewelle","twitter_misc":{"Verfasst von":"Leinewelle","Gesch\u00e4tzte Lesezeit":"1\u00a0Minute"},"schema":{"@context":"https:\/\/schema.org","@graph":[{"@type":"Article","@id":"https:\/\/radioleinewelle.de\/index.php\/2020\/12\/06\/migration-niedersachsen-foerdert-start-in-den-arbeitsmarkt\/#article","isPartOf":{"@id":"https:\/\/radioleinewelle.de\/index.php\/2020\/12\/06\/migration-niedersachsen-foerdert-start-in-den-arbeitsmarkt\/"},"author":{"name":"Leinewelle","@id":"https:\/\/radioleinewelle.de\/#\/schema\/person\/45606f348637df637192dc1b68399a63"},"headline":"Migration: Niedersachsen f\u00f6rdert Start in den Arbeitsmarkt","datePublished":"2020-12-06T04:18:40+00:00","mainEntityOfPage":{"@id":"https:\/\/radioleinewelle.de\/index.php\/2020\/12\/06\/migration-niedersachsen-foerdert-start-in-den-arbeitsmarkt\/"},"wordCount":287,"publisher":{"@id":"https:\/\/radioleinewelle.de\/#organization"},"articleSection":["Migration"],"inLanguage":"de"},{"@type":"WebPage","@id":"https:\/\/radioleinewelle.de\/index.php\/2020\/12\/06\/migration-niedersachsen-foerdert-start-in-den-arbeitsmarkt\/","url":"https:\/\/radioleinewelle.de\/index.php\/2020\/12\/06\/migration-niedersachsen-foerdert-start-in-den-arbeitsmarkt\/","name":"Migration: Niedersachsen f\u00f6rdert Start in den Arbeitsmarkt - Radio Leinewelle","isPartOf":{"@id":"https:\/\/radioleinewelle.de\/#website"},"datePublished":"2020-12-06T04:18:40+00:00","breadcrumb":{"@id":"https:\/\/radioleinewelle.de\/index.php\/2020\/12\/06\/migration-niedersachsen-foerdert-start-in-den-arbeitsmarkt\/#breadcrumb"},"inLanguage":"de","potentialAction":[{"@type":"ReadAction","target":["https:\/\/radioleinewelle.de\/index.php\/2020\/12\/06\/migration-niedersachsen-foerdert-start-in-den-arbeitsmarkt\/"]}]},{"@type":"BreadcrumbList","@id":"https:\/\/radioleinewelle.de\/index.php\/2020\/12\/06\/migration-niedersachsen-foerdert-start-in-den-arbeitsmarkt\/#breadcrumb","itemListElement":[{"@type":"ListItem","position":1,"name":"Startseite","item":"https:\/\/radioleinewelle.de\/"},{"@type":"ListItem","position":2,"name":"Migration: Niedersachsen f\u00f6rdert Start in den Arbeitsmarkt"}]},{"@type":"WebSite","@id":"https:\/\/radioleinewelle.de\/#website","url":"https:\/\/radioleinewelle.de\/","name":"Radio Leinewelle","description":"","publisher":{"@id":"https:\/\/radioleinewelle.de\/#organization"},"potentialAction":[{"@type":"SearchAction","target":{"@type":"EntryPoint","urlTemplate":"https:\/\/radioleinewelle.de\/?s={search_term_string}"},"query-input":{"@type":"PropertyValueSpecification","valueRequired":true,"valueName":"search_term_string"}}],"inLanguage":"de"},{"@type":"Organization","@id":"https:\/\/radioleinewelle.de\/#organization","name":"Radio Leinewelle","alternateName":"Mein Radio f\u00fcr S\u00fcdniedersachsen","url":"https:\/\/radioleinewelle.de\/","logo":{"@type":"ImageObject","inLanguage":"de","@id":"https:\/\/radioleinewelle.de\/#\/schema\/logo\/image\/","url":"https:\/\/radioleinewelle.de\/wp-content\/uploads\/2023\/11\/cropped-Leinewelle_Logo_weiss.png","contentUrl":"https:\/\/radioleinewelle.de\/wp-content\/uploads\/2023\/11\/cropped-Leinewelle_Logo_weiss.png","width":854,"height":260,"caption":"Radio Leinewelle"},"image":{"@id":"https:\/\/radioleinewelle.de\/#\/schema\/logo\/image\/"},"sameAs":["https:\/\/www.facebook.com\/radioleinewelle","https:\/\/x.com\/RLeinewelle","https:\/\/www.instagram.com\/radioleinewelle\/?hl=de"]},{"@type":"Person","@id":"https:\/\/radioleinewelle.de\/#\/schema\/person\/45606f348637df637192dc1b68399a63","name":"Leinewelle","image":{"@type":"ImageObject","inLanguage":"de","@id":"https:\/\/secure.gravatar.com\/avatar\/05c9a17bc973052ee5d91549bd32fb4dd0dc85b7b85ae94b2e2b4943476bbea5?s=96&d=blank&r=g","url":"https:\/\/secure.gravatar.com\/avatar\/05c9a17bc973052ee5d91549bd32fb4dd0dc85b7b85ae94b2e2b4943476bbea5?s=96&d=blank&r=g","contentUrl":"https:\/\/secure.gravatar.com\/avatar\/05c9a17bc973052ee5d91549bd32fb4dd0dc85b7b85ae94b2e2b4943476bbea5?s=96&d=blank&r=g","caption":"Leinewelle"},"sameAs":["http:\/\/localhost\/radio%20leinewelle\/wordpress","https:\/\/www.facebook.com\/radioleinewelle","https:\/\/www.instagram.com\/radioleinewelle","https:\/\/x.com\/https:\/\/twitter.com\/RLeinewelle?ref_src=twsrcgoogletwcampserptwgrauthor","https:\/\/soundcloud.com\/foerderverein-lokalradio?utm_source=clipboard&utm_medium=text&utm_campaign=social_sharing"],"url":"https:\/\/radioleinewelle.de\/index.php\/author\/leinewelle\/"}]}},"_links":{"self":[{"href":"https:\/\/radioleinewelle.de\/index.php\/wp-json\/wp\/v2\/posts\/3342","targetHints":{"allow":["GET"]}}],"collection":[{"href":"https:\/\/radioleinewelle.de\/index.php\/wp-json\/wp\/v2\/posts"}],"about":[{"href":"https:\/\/radioleinewelle.de\/index.php\/wp-json\/wp\/v2\/types\/post"}],"author":[{"embeddable":true,"href":"https:\/\/radioleinewelle.de\/index.php\/wp-json\/wp\/v2\/users\/1"}],"replies":[{"embeddable":true,"href":"https:\/\/radioleinewelle.de\/index.php\/wp-json\/wp\/v2\/comments?post=3342"}],"version-history":[{"count":0,"href":"https:\/\/radioleinewelle.de\/index.php\/wp-json\/wp\/v2\/posts\/3342\/revisions"}],"wp:attachment":[{"href":"https:\/\/radioleinewelle.de\/index.php\/wp-json\/wp\/v2\/media?parent=3342"}],"wp:term":[{"taxonomy":"category","embeddable":true,"href":"https:\/\/radioleinewelle.de\/index.php\/wp-json\/wp\/v2\/categories?post=3342"},{"taxonomy":"post_tag","embeddable":true,"href":"https:\/\/radioleinewelle.de\/index.php\/wp-json\/wp\/v2\/tags?post=3342"}],"curies":[{"name":"wp","href":"https:\/\/api.w.org\/{rel}","templated":true}]}}