{"id":3347,"date":"2020-12-07T05:10:38","date_gmt":"2020-12-07T04:10:38","guid":{"rendered":"https:\/\/radioleinewelle.de\/?p=3347"},"modified":"2020-12-07T05:10:38","modified_gmt":"2020-12-07T04:10:38","slug":"tipp-sofi-beitraege-in-der-sonderausgabe-die-corona-pandemie-zwischen-krisenintervention-und-transformation-der-wsi-mitteilungen","status":"publish","type":"post","link":"https:\/\/radioleinewelle.de\/index.php\/2020\/12\/07\/tipp-sofi-beitraege-in-der-sonderausgabe-die-corona-pandemie-zwischen-krisenintervention-und-transformation-der-wsi-mitteilungen\/","title":{"rendered":"Tipp: SOFI-Beitr\u00e4ge in der Sonderausgabe \u201eDie Corona-Pandemie: zwischen Krisenintervention und Transformation\u201c der WSI-Mitteilungen"},"content":{"rendered":"<div class=\"teaser-text\">\n<p class=\"bodytext\">In der frisch erschienenen Sonderausgabe \u201eDie Corona-Pandemie: zwischen Krisenintervention und Transformation\u201c der WSI-Mitteilungen sind Beitr\u00e4ge von Peter Birke und Felix Bluhm, Nicole Mayer-Ahuja und Richard Detje, Silke \u00d6tsch und Ren\u00e9 Lehwe\u00df-Litzmann sowie Berthold Vogel erschienen.<\/p>\n<\/div>\n<div class=\"news-text-wrap\">\n<p class=\"bodytext\">Folgende SOFI-Beitr\u00e4ge finden Sie in der aktuellen Ausgabe der WSI-Mitteilungen:<\/p>\n<ul>\n<li>Peter Birke und Felix Bluhm: Der Skandal und die Folgen. Perspektiven der Abschaffung von Werkvertr\u00e4gen und Leiharbeit in der Fleischindustrie<\/li>\n<li>Nicole Mayer-Ahuja und Richard Detje: \u201eSolidarit\u00e4t\u201c in Zeiten der Pandemie: Potenziale f\u00fcr eine neue Politik der Arbeit?<\/li>\n<li>Silke \u00d6tsch und Ren\u00e9 Lehwe\u00df Litzmann: Ans\u00e4tze und Aussichten einer sozial-\u00f6kologischen Transformation: Was ver\u00e4ndert die Corona-Krise?<\/li>\n<li>Berthold Vogel: Covid-19 als Weckruf? Pl\u00e4doyer f\u00fcr eine neue Politik \u00f6ffentlicher G\u00fcter<\/li>\n<\/ul>\n<p class=\"bodytext\">N\u00e4here Informationen zur WSI-Sonderausgabe finden Sie hier: <a title=\"Opens internal link in current window\" href=\"https:\/\/www.wsi.de\/de\/wsi-mitteilungen.htm\" target=\"_blank\" rel=\"noopener\">[Link]<\/a><\/p>\n<ul>\n<li>\u00a0Zur Presseinformation des Beitrags von Nicole Mayer-Ahuja und Richard Detje: <a class=\"download\" title=\"Initiates file download\" href=\"http:\/\/www.sofi-goettingen.de\/fileadmin\/Pressemitteilungen\/SOFI_PM_Solidaritaet_in_Zeichen_der_Pandemie.pdf\">[PDF]<\/a><\/li>\n<\/ul>\n<ul>\n<li>Zur Presseinformation des Beitrags von Silke \u00d6tsch und Ren\u00e9 Lehwe\u00df Litzmann: <a class=\"download\" title=\"Initiates file download\" href=\"http:\/\/www.sofi-goettingen.de\/fileadmin\/Pressemitteilungen\/SOFI_PM_Veraendert_die_Corona-Krise_Aussichten.pdf\">[PDF]<\/a><\/li>\n<\/ul>\n<ul>\n<li>Zur Presseinformation des Beitrags von Berthold Vogel: <a class=\"download\" title=\"Initiates file download\" href=\"http:\/\/www.sofi-goettingen.de\/fileadmin\/Pressemitteilungen\/SOFI_PM_Covid19_als_Weckruf.pdf\">[PDF]<\/a><\/li>\n<\/ul>\n<p>Bild von <a href=\"https:\/\/pixabay.com\/de\/users\/jarmoluk-143740\/?utm_source=link-attribution&amp;utm_medium=referral&amp;utm_campaign=image&amp;utm_content=488690\">Michal Jarmoluk<\/a> auf <a href=\"https:\/\/pixabay.com\/de\/?utm_source=link-attribution&amp;utm_medium=referral&amp;utm_campaign=image&amp;utm_content=488690\">Pixabay<\/a><\/p>\n<\/div>\n","protected":false},"excerpt":{"rendered":"<p>In der frisch erschienenen Sonderausgabe \u201eDie Corona-Pandemie: zwischen Krisenintervention und Transformation\u201c der WSI-Mitteilungen sind Beitr\u00e4ge von Peter Birke und Felix Bluhm, Nicole Mayer-Ahuja und Richard Detje, Silke \u00d6tsch und Ren\u00e9 Lehwe\u00df-Litzmann sowie Berthold Vogel erschienen. Folgende SOFI-Beitr\u00e4ge finden Sie in der aktuellen Ausgabe der WSI-Mitteilungen: Peter Birke und Felix Bluhm: Der Skandal und die Folgen. [&hellip;]<\/p>\n","protected":false},"author":1,"featured_media":0,"comment_status":"closed","ping_status":"closed","sticky":false,"template":"","format":"standard","meta":{"saved_in_kubio":false,"footnotes":""},"categories":[44],"tags":[],"class_list":["post-3347","post","type-post","status-publish","format-standard","hentry","category-wissenschaft"],"yoast_head":"<!-- This site is optimized with the Yoast SEO plugin v27.5 - https:\/\/yoast.com\/product\/yoast-seo-wordpress\/ -->\n<title>Tipp: SOFI-Beitr\u00e4ge in der Sonderausgabe \u201eDie Corona-Pandemie: zwischen Krisenintervention und Transformation\u201c der WSI-Mitteilungen - Radio Leinewelle<\/title>\n<meta name=\"robots\" content=\"index, follow, max-snippet:-1, max-image-preview:large, max-video-preview:-1\" \/>\n<link rel=\"canonical\" href=\"https:\/\/radioleinewelle.de\/index.php\/2020\/12\/07\/tipp-sofi-beitraege-in-der-sonderausgabe-die-corona-pandemie-zwischen-krisenintervention-und-transformation-der-wsi-mitteilungen\/\" \/>\n<meta property=\"og:locale\" content=\"de_DE\" \/>\n<meta property=\"og:type\" content=\"article\" \/>\n<meta property=\"og:title\" content=\"Tipp: SOFI-Beitr\u00e4ge in der Sonderausgabe \u201eDie Corona-Pandemie: zwischen Krisenintervention und Transformation\u201c der WSI-Mitteilungen - Radio Leinewelle\" \/>\n<meta property=\"og:description\" content=\"In der frisch erschienenen Sonderausgabe \u201eDie Corona-Pandemie: zwischen Krisenintervention und Transformation\u201c der WSI-Mitteilungen sind Beitr\u00e4ge von Peter Birke und Felix Bluhm, Nicole Mayer-Ahuja und Richard Detje, Silke \u00d6tsch und Ren\u00e9 Lehwe\u00df-Litzmann sowie Berthold Vogel erschienen. Folgende SOFI-Beitr\u00e4ge finden Sie in der aktuellen Ausgabe der WSI-Mitteilungen: Peter Birke und Felix Bluhm: Der Skandal und die Folgen. [&hellip;]\" \/>\n<meta property=\"og:url\" content=\"https:\/\/radioleinewelle.de\/index.php\/2020\/12\/07\/tipp-sofi-beitraege-in-der-sonderausgabe-die-corona-pandemie-zwischen-krisenintervention-und-transformation-der-wsi-mitteilungen\/\" \/>\n<meta property=\"og:site_name\" content=\"Radio Leinewelle\" \/>\n<meta property=\"article:publisher\" content=\"https:\/\/www.facebook.com\/radioleinewelle\" \/>\n<meta property=\"article:author\" content=\"https:\/\/www.facebook.com\/radioleinewelle\" \/>\n<meta property=\"article:published_time\" content=\"2020-12-07T04:10:38+00:00\" \/>\n<meta name=\"author\" content=\"Leinewelle\" \/>\n<meta name=\"twitter:card\" content=\"summary_large_image\" \/>\n<meta name=\"twitter:creator\" content=\"@https:\/\/twitter.com\/RLeinewelle?ref_src=twsrcgoogletwcampserptwgrauthor\" \/>\n<meta name=\"twitter:site\" content=\"@RLeinewelle\" \/>\n<meta name=\"twitter:label1\" content=\"Verfasst von\" \/>\n\t<meta name=\"twitter:data1\" content=\"Leinewelle\" \/>\n\t<meta name=\"twitter:label2\" content=\"Gesch\u00e4tzte Lesezeit\" \/>\n\t<meta name=\"twitter:data2\" content=\"1\u00a0Minute\" \/>\n<script type=\"application\/ld+json\" class=\"yoast-schema-graph\">{\"@context\":\"https:\\\/\\\/schema.org\",\"@graph\":[{\"@type\":\"Article\",\"@id\":\"https:\\\/\\\/radioleinewelle.de\\\/index.php\\\/2020\\\/12\\\/07\\\/tipp-sofi-beitraege-in-der-sonderausgabe-die-corona-pandemie-zwischen-krisenintervention-und-transformation-der-wsi-mitteilungen\\\/#article\",\"isPartOf\":{\"@id\":\"https:\\\/\\\/radioleinewelle.de\\\/index.php\\\/2020\\\/12\\\/07\\\/tipp-sofi-beitraege-in-der-sonderausgabe-die-corona-pandemie-zwischen-krisenintervention-und-transformation-der-wsi-mitteilungen\\\/\"},\"author\":{\"name\":\"Leinewelle\",\"@id\":\"https:\\\/\\\/radioleinewelle.de\\\/#\\\/schema\\\/person\\\/45606f348637df637192dc1b68399a63\"},\"headline\":\"Tipp: SOFI-Beitr\u00e4ge in der Sonderausgabe \u201eDie Corona-Pandemie: zwischen Krisenintervention und Transformation\u201c der WSI-Mitteilungen\",\"datePublished\":\"2020-12-07T04:10:38+00:00\",\"mainEntityOfPage\":{\"@id\":\"https:\\\/\\\/radioleinewelle.de\\\/index.php\\\/2020\\\/12\\\/07\\\/tipp-sofi-beitraege-in-der-sonderausgabe-die-corona-pandemie-zwischen-krisenintervention-und-transformation-der-wsi-mitteilungen\\\/\"},\"wordCount\":182,\"publisher\":{\"@id\":\"https:\\\/\\\/radioleinewelle.de\\\/#organization\"},\"articleSection\":[\"Wissenschaft\"],\"inLanguage\":\"de\"},{\"@type\":\"WebPage\",\"@id\":\"https:\\\/\\\/radioleinewelle.de\\\/index.php\\\/2020\\\/12\\\/07\\\/tipp-sofi-beitraege-in-der-sonderausgabe-die-corona-pandemie-zwischen-krisenintervention-und-transformation-der-wsi-mitteilungen\\\/\",\"url\":\"https:\\\/\\\/radioleinewelle.de\\\/index.php\\\/2020\\\/12\\\/07\\\/tipp-sofi-beitraege-in-der-sonderausgabe-die-corona-pandemie-zwischen-krisenintervention-und-transformation-der-wsi-mitteilungen\\\/\",\"name\":\"Tipp: SOFI-Beitr\u00e4ge in der Sonderausgabe \u201eDie Corona-Pandemie: zwischen Krisenintervention und Transformation\u201c der WSI-Mitteilungen - Radio Leinewelle\",\"isPartOf\":{\"@id\":\"https:\\\/\\\/radioleinewelle.de\\\/#website\"},\"datePublished\":\"2020-12-07T04:10:38+00:00\",\"breadcrumb\":{\"@id\":\"https:\\\/\\\/radioleinewelle.de\\\/index.php\\\/2020\\\/12\\\/07\\\/tipp-sofi-beitraege-in-der-sonderausgabe-die-corona-pandemie-zwischen-krisenintervention-und-transformation-der-wsi-mitteilungen\\\/#breadcrumb\"},\"inLanguage\":\"de\",\"potentialAction\":[{\"@type\":\"ReadAction\",\"target\":[\"https:\\\/\\\/radioleinewelle.de\\\/index.php\\\/2020\\\/12\\\/07\\\/tipp-sofi-beitraege-in-der-sonderausgabe-die-corona-pandemie-zwischen-krisenintervention-und-transformation-der-wsi-mitteilungen\\\/\"]}]},{\"@type\":\"BreadcrumbList\",\"@id\":\"https:\\\/\\\/radioleinewelle.de\\\/index.php\\\/2020\\\/12\\\/07\\\/tipp-sofi-beitraege-in-der-sonderausgabe-die-corona-pandemie-zwischen-krisenintervention-und-transformation-der-wsi-mitteilungen\\\/#breadcrumb\",\"itemListElement\":[{\"@type\":\"ListItem\",\"position\":1,\"name\":\"Startseite\",\"item\":\"https:\\\/\\\/radioleinewelle.de\\\/\"},{\"@type\":\"ListItem\",\"position\":2,\"name\":\"Tipp: SOFI-Beitr\u00e4ge in der Sonderausgabe \u201eDie Corona-Pandemie: zwischen Krisenintervention und Transformation\u201c der WSI-Mitteilungen\"}]},{\"@type\":\"WebSite\",\"@id\":\"https:\\\/\\\/radioleinewelle.de\\\/#website\",\"url\":\"https:\\\/\\\/radioleinewelle.de\\\/\",\"name\":\"Radio Leinewelle\",\"description\":\"\",\"publisher\":{\"@id\":\"https:\\\/\\\/radioleinewelle.de\\\/#organization\"},\"potentialAction\":[{\"@type\":\"SearchAction\",\"target\":{\"@type\":\"EntryPoint\",\"urlTemplate\":\"https:\\\/\\\/radioleinewelle.de\\\/?s={search_term_string}\"},\"query-input\":{\"@type\":\"PropertyValueSpecification\",\"valueRequired\":true,\"valueName\":\"search_term_string\"}}],\"inLanguage\":\"de\"},{\"@type\":\"Organization\",\"@id\":\"https:\\\/\\\/radioleinewelle.de\\\/#organization\",\"name\":\"Radio Leinewelle\",\"alternateName\":\"Mein Radio f\u00fcr S\u00fcdniedersachsen\",\"url\":\"https:\\\/\\\/radioleinewelle.de\\\/\",\"logo\":{\"@type\":\"ImageObject\",\"inLanguage\":\"de\",\"@id\":\"https:\\\/\\\/radioleinewelle.de\\\/#\\\/schema\\\/logo\\\/image\\\/\",\"url\":\"https:\\\/\\\/radioleinewelle.de\\\/wp-content\\\/uploads\\\/2023\\\/11\\\/cropped-Leinewelle_Logo_weiss.png\",\"contentUrl\":\"https:\\\/\\\/radioleinewelle.de\\\/wp-content\\\/uploads\\\/2023\\\/11\\\/cropped-Leinewelle_Logo_weiss.png\",\"width\":854,\"height\":260,\"caption\":\"Radio Leinewelle\"},\"image\":{\"@id\":\"https:\\\/\\\/radioleinewelle.de\\\/#\\\/schema\\\/logo\\\/image\\\/\"},\"sameAs\":[\"https:\\\/\\\/www.facebook.com\\\/radioleinewelle\",\"https:\\\/\\\/x.com\\\/RLeinewelle\",\"https:\\\/\\\/www.instagram.com\\\/radioleinewelle\\\/?hl=de\"]},{\"@type\":\"Person\",\"@id\":\"https:\\\/\\\/radioleinewelle.de\\\/#\\\/schema\\\/person\\\/45606f348637df637192dc1b68399a63\",\"name\":\"Leinewelle\",\"image\":{\"@type\":\"ImageObject\",\"inLanguage\":\"de\",\"@id\":\"https:\\\/\\\/secure.gravatar.com\\\/avatar\\\/05c9a17bc973052ee5d91549bd32fb4dd0dc85b7b85ae94b2e2b4943476bbea5?s=96&d=blank&r=g\",\"url\":\"https:\\\/\\\/secure.gravatar.com\\\/avatar\\\/05c9a17bc973052ee5d91549bd32fb4dd0dc85b7b85ae94b2e2b4943476bbea5?s=96&d=blank&r=g\",\"contentUrl\":\"https:\\\/\\\/secure.gravatar.com\\\/avatar\\\/05c9a17bc973052ee5d91549bd32fb4dd0dc85b7b85ae94b2e2b4943476bbea5?s=96&d=blank&r=g\",\"caption\":\"Leinewelle\"},\"sameAs\":[\"http:\\\/\\\/localhost\\\/radio%20leinewelle\\\/wordpress\",\"https:\\\/\\\/www.facebook.com\\\/radioleinewelle\",\"https:\\\/\\\/www.instagram.com\\\/radioleinewelle\",\"https:\\\/\\\/x.com\\\/https:\\\/\\\/twitter.com\\\/RLeinewelle?ref_src=twsrcgoogletwcampserptwgrauthor\",\"https:\\\/\\\/soundcloud.com\\\/foerderverein-lokalradio?utm_source=clipboard&utm_medium=text&utm_campaign=social_sharing\"],\"url\":\"https:\\\/\\\/radioleinewelle.de\\\/index.php\\\/author\\\/leinewelle\\\/\"}]}<\/script>\n<!-- \/ Yoast SEO plugin. -->","yoast_head_json":{"title":"Tipp: SOFI-Beitr\u00e4ge in der Sonderausgabe \u201eDie Corona-Pandemie: zwischen Krisenintervention und Transformation\u201c der WSI-Mitteilungen - Radio Leinewelle","robots":{"index":"index","follow":"follow","max-snippet":"max-snippet:-1","max-image-preview":"max-image-preview:large","max-video-preview":"max-video-preview:-1"},"canonical":"https:\/\/radioleinewelle.de\/index.php\/2020\/12\/07\/tipp-sofi-beitraege-in-der-sonderausgabe-die-corona-pandemie-zwischen-krisenintervention-und-transformation-der-wsi-mitteilungen\/","og_locale":"de_DE","og_type":"article","og_title":"Tipp: SOFI-Beitr\u00e4ge in der Sonderausgabe \u201eDie Corona-Pandemie: zwischen Krisenintervention und Transformation\u201c der WSI-Mitteilungen - Radio Leinewelle","og_description":"In der frisch erschienenen Sonderausgabe \u201eDie Corona-Pandemie: zwischen Krisenintervention und Transformation\u201c der WSI-Mitteilungen sind Beitr\u00e4ge von Peter Birke und Felix Bluhm, Nicole Mayer-Ahuja und Richard Detje, Silke \u00d6tsch und Ren\u00e9 Lehwe\u00df-Litzmann sowie Berthold Vogel erschienen. Folgende SOFI-Beitr\u00e4ge finden Sie in der aktuellen Ausgabe der WSI-Mitteilungen: Peter Birke und Felix Bluhm: Der Skandal und die Folgen. [&hellip;]","og_url":"https:\/\/radioleinewelle.de\/index.php\/2020\/12\/07\/tipp-sofi-beitraege-in-der-sonderausgabe-die-corona-pandemie-zwischen-krisenintervention-und-transformation-der-wsi-mitteilungen\/","og_site_name":"Radio Leinewelle","article_publisher":"https:\/\/www.facebook.com\/radioleinewelle","article_author":"https:\/\/www.facebook.com\/radioleinewelle","article_published_time":"2020-12-07T04:10:38+00:00","author":"Leinewelle","twitter_card":"summary_large_image","twitter_creator":"@https:\/\/twitter.com\/RLeinewelle?ref_src=twsrcgoogletwcampserptwgrauthor","twitter_site":"@RLeinewelle","twitter_misc":{"Verfasst von":"Leinewelle","Gesch\u00e4tzte Lesezeit":"1\u00a0Minute"},"schema":{"@context":"https:\/\/schema.org","@graph":[{"@type":"Article","@id":"https:\/\/radioleinewelle.de\/index.php\/2020\/12\/07\/tipp-sofi-beitraege-in-der-sonderausgabe-die-corona-pandemie-zwischen-krisenintervention-und-transformation-der-wsi-mitteilungen\/#article","isPartOf":{"@id":"https:\/\/radioleinewelle.de\/index.php\/2020\/12\/07\/tipp-sofi-beitraege-in-der-sonderausgabe-die-corona-pandemie-zwischen-krisenintervention-und-transformation-der-wsi-mitteilungen\/"},"author":{"name":"Leinewelle","@id":"https:\/\/radioleinewelle.de\/#\/schema\/person\/45606f348637df637192dc1b68399a63"},"headline":"Tipp: SOFI-Beitr\u00e4ge in der Sonderausgabe \u201eDie Corona-Pandemie: zwischen Krisenintervention und Transformation\u201c der WSI-Mitteilungen","datePublished":"2020-12-07T04:10:38+00:00","mainEntityOfPage":{"@id":"https:\/\/radioleinewelle.de\/index.php\/2020\/12\/07\/tipp-sofi-beitraege-in-der-sonderausgabe-die-corona-pandemie-zwischen-krisenintervention-und-transformation-der-wsi-mitteilungen\/"},"wordCount":182,"publisher":{"@id":"https:\/\/radioleinewelle.de\/#organization"},"articleSection":["Wissenschaft"],"inLanguage":"de"},{"@type":"WebPage","@id":"https:\/\/radioleinewelle.de\/index.php\/2020\/12\/07\/tipp-sofi-beitraege-in-der-sonderausgabe-die-corona-pandemie-zwischen-krisenintervention-und-transformation-der-wsi-mitteilungen\/","url":"https:\/\/radioleinewelle.de\/index.php\/2020\/12\/07\/tipp-sofi-beitraege-in-der-sonderausgabe-die-corona-pandemie-zwischen-krisenintervention-und-transformation-der-wsi-mitteilungen\/","name":"Tipp: SOFI-Beitr\u00e4ge in der Sonderausgabe \u201eDie Corona-Pandemie: zwischen Krisenintervention und Transformation\u201c der WSI-Mitteilungen - Radio Leinewelle","isPartOf":{"@id":"https:\/\/radioleinewelle.de\/#website"},"datePublished":"2020-12-07T04:10:38+00:00","breadcrumb":{"@id":"https:\/\/radioleinewelle.de\/index.php\/2020\/12\/07\/tipp-sofi-beitraege-in-der-sonderausgabe-die-corona-pandemie-zwischen-krisenintervention-und-transformation-der-wsi-mitteilungen\/#breadcrumb"},"inLanguage":"de","potentialAction":[{"@type":"ReadAction","target":["https:\/\/radioleinewelle.de\/index.php\/2020\/12\/07\/tipp-sofi-beitraege-in-der-sonderausgabe-die-corona-pandemie-zwischen-krisenintervention-und-transformation-der-wsi-mitteilungen\/"]}]},{"@type":"BreadcrumbList","@id":"https:\/\/radioleinewelle.de\/index.php\/2020\/12\/07\/tipp-sofi-beitraege-in-der-sonderausgabe-die-corona-pandemie-zwischen-krisenintervention-und-transformation-der-wsi-mitteilungen\/#breadcrumb","itemListElement":[{"@type":"ListItem","position":1,"name":"Startseite","item":"https:\/\/radioleinewelle.de\/"},{"@type":"ListItem","position":2,"name":"Tipp: SOFI-Beitr\u00e4ge in der Sonderausgabe \u201eDie Corona-Pandemie: zwischen Krisenintervention und Transformation\u201c der WSI-Mitteilungen"}]},{"@type":"WebSite","@id":"https:\/\/radioleinewelle.de\/#website","url":"https:\/\/radioleinewelle.de\/","name":"Radio Leinewelle","description":"","publisher":{"@id":"https:\/\/radioleinewelle.de\/#organization"},"potentialAction":[{"@type":"SearchAction","target":{"@type":"EntryPoint","urlTemplate":"https:\/\/radioleinewelle.de\/?s={search_term_string}"},"query-input":{"@type":"PropertyValueSpecification","valueRequired":true,"valueName":"search_term_string"}}],"inLanguage":"de"},{"@type":"Organization","@id":"https:\/\/radioleinewelle.de\/#organization","name":"Radio Leinewelle","alternateName":"Mein Radio f\u00fcr S\u00fcdniedersachsen","url":"https:\/\/radioleinewelle.de\/","logo":{"@type":"ImageObject","inLanguage":"de","@id":"https:\/\/radioleinewelle.de\/#\/schema\/logo\/image\/","url":"https:\/\/radioleinewelle.de\/wp-content\/uploads\/2023\/11\/cropped-Leinewelle_Logo_weiss.png","contentUrl":"https:\/\/radioleinewelle.de\/wp-content\/uploads\/2023\/11\/cropped-Leinewelle_Logo_weiss.png","width":854,"height":260,"caption":"Radio Leinewelle"},"image":{"@id":"https:\/\/radioleinewelle.de\/#\/schema\/logo\/image\/"},"sameAs":["https:\/\/www.facebook.com\/radioleinewelle","https:\/\/x.com\/RLeinewelle","https:\/\/www.instagram.com\/radioleinewelle\/?hl=de"]},{"@type":"Person","@id":"https:\/\/radioleinewelle.de\/#\/schema\/person\/45606f348637df637192dc1b68399a63","name":"Leinewelle","image":{"@type":"ImageObject","inLanguage":"de","@id":"https:\/\/secure.gravatar.com\/avatar\/05c9a17bc973052ee5d91549bd32fb4dd0dc85b7b85ae94b2e2b4943476bbea5?s=96&d=blank&r=g","url":"https:\/\/secure.gravatar.com\/avatar\/05c9a17bc973052ee5d91549bd32fb4dd0dc85b7b85ae94b2e2b4943476bbea5?s=96&d=blank&r=g","contentUrl":"https:\/\/secure.gravatar.com\/avatar\/05c9a17bc973052ee5d91549bd32fb4dd0dc85b7b85ae94b2e2b4943476bbea5?s=96&d=blank&r=g","caption":"Leinewelle"},"sameAs":["http:\/\/localhost\/radio%20leinewelle\/wordpress","https:\/\/www.facebook.com\/radioleinewelle","https:\/\/www.instagram.com\/radioleinewelle","https:\/\/x.com\/https:\/\/twitter.com\/RLeinewelle?ref_src=twsrcgoogletwcampserptwgrauthor","https:\/\/soundcloud.com\/foerderverein-lokalradio?utm_source=clipboard&utm_medium=text&utm_campaign=social_sharing"],"url":"https:\/\/radioleinewelle.de\/index.php\/author\/leinewelle\/"}]}},"_links":{"self":[{"href":"https:\/\/radioleinewelle.de\/index.php\/wp-json\/wp\/v2\/posts\/3347","targetHints":{"allow":["GET"]}}],"collection":[{"href":"https:\/\/radioleinewelle.de\/index.php\/wp-json\/wp\/v2\/posts"}],"about":[{"href":"https:\/\/radioleinewelle.de\/index.php\/wp-json\/wp\/v2\/types\/post"}],"author":[{"embeddable":true,"href":"https:\/\/radioleinewelle.de\/index.php\/wp-json\/wp\/v2\/users\/1"}],"replies":[{"embeddable":true,"href":"https:\/\/radioleinewelle.de\/index.php\/wp-json\/wp\/v2\/comments?post=3347"}],"version-history":[{"count":0,"href":"https:\/\/radioleinewelle.de\/index.php\/wp-json\/wp\/v2\/posts\/3347\/revisions"}],"wp:attachment":[{"href":"https:\/\/radioleinewelle.de\/index.php\/wp-json\/wp\/v2\/media?parent=3347"}],"wp:term":[{"taxonomy":"category","embeddable":true,"href":"https:\/\/radioleinewelle.de\/index.php\/wp-json\/wp\/v2\/categories?post=3347"},{"taxonomy":"post_tag","embeddable":true,"href":"https:\/\/radioleinewelle.de\/index.php\/wp-json\/wp\/v2\/tags?post=3347"}],"curies":[{"name":"wp","href":"https:\/\/api.w.org\/{rel}","templated":true}]}}