{"id":3363,"date":"2020-12-08T05:00:31","date_gmt":"2020-12-08T04:00:31","guid":{"rendered":"https:\/\/radioleinewelle.de\/?p=3363"},"modified":"2020-12-08T05:00:31","modified_gmt":"2020-12-08T04:00:31","slug":"fridays-for-future-protestiert-deutschlandweit-fuer-das-15-grad-ziel","status":"publish","type":"post","link":"https:\/\/radioleinewelle.de\/index.php\/2020\/12\/08\/fridays-for-future-protestiert-deutschlandweit-fuer-das-15-grad-ziel\/","title":{"rendered":"Fridays for Future protestiert deutschlandweit am 11.12. f\u00fcr das 1,5-Grad-Ziel"},"content":{"rendered":"<p>Anlass ist das f\u00fcnfj\u00e4hrige Bestehen des Pariser Klimaabkommens. Aktivist*innen in ganz Deutschland und weltweit machen an diesem Tag sowohl mit unterschiedlichen coronakonformen Aktionen als auch online auf das globale Scheitern der bisherigen Bem\u00fchungen die Klimakrise einzud\u00e4mmen aufmerksam machen.<\/p>\n<p>Sie fordern die Einhaltung des 1,5-Grad-Ziels und eine Klimapolitik, die die bereits heute am st\u00e4rksten von der Klimakrise betroffenen Regionen und Menschen in den Vordergrund r\u00fcckt. Der Sonderbericht 2018 des Weltklimarats zeigt den Unterschied zwischen 2 und 1,5-Grad und dabei, dass nur maximal 1,5 Grad Erderw\u00e4rmung die Lebensgrundlagen von Millionen Menschen sichern kann.<\/p>\n<p>\u201eMeine Heimat, die Phillipinen, wurden von Taifun nach Taifun getroffen. Der Kampf f\u00fcr 1,5 Grad ist existenziell \u00a0f\u00fcr mein \u00dcberleben hier und das so vieler Menschen im globalen S\u00fcden. Wir wurden unterdr\u00fcckt und igoniert, aber wir werden niemals aufgeben. Menschen auf der ganzen Welt geben das Versprechen, weiter f\u00fcr die Einhaltung des 1,5-Grad-Ziels zu k\u00e4mpfen, denn in den n\u00e4chsten f\u00fcnf Jahre muss sich so vieles \u00e4ndern. Die n\u00e4chsten f\u00fcnf Jahre d\u00fcrfen klimapolitisch nicht so aussehen wie die vergangenen f\u00fcnf Jahre\u201c, sagt Mitzi Jonelle Tan, Aktivistin von den Phillipinen.<\/p>\n<p>Anlass der Proteste ist das f\u00fcnfj\u00e4hrige Bestehen des Pariser Klimaabkommen am 12.12.2020. An diesem Tag 2015 unterzeichneten 195 Staaten in Paris dasgr\u00f6\u00dfte bisherige Klimaabkommen. Mit dem Abkommen verpflichten sich die Staaten die Erderw\u00e4rmung auf deutlich unter 2 Grad, wenn m\u00f6glich 1,5 Grad zu begrenzen, um unumkehrbare Effekte durch das \u00dcberschreiten sogenannter &#8222;Kipppunkte&#8220; im Klimasysten sicher zu verhindern. Im Rahmen dessen stellem die Staaten ihre Klimazielevor, die alle f\u00fcnf Jahre \u00fcberpr\u00fcft werden. Auch 2020 hielten nur wenige L\u00e4nder ihre selbst festgelegten, oftmals unzureichenden Reduktionsziele ein.<\/p>\n<p>Gleichzeitig ber\u00e4t der Europ\u00e4ische Rat am 11.Dezember \u00fcber das neue CO2-Reduktionsziel der Europ\u00e4ischen Union bis 2030. Dieser sieht eine Reduktion von 50-55% vor. Das Europ\u00e4ische Parlament hatte sich zuletzt im Oktober f\u00fcr ein Reduktionsziel in der H\u00f6he von 60% ausgesprochen.<\/p>\n<p>Schon seit der Gr\u00fcndung setzt die Fridays for Future Bewegung sich f\u00fcr Klimagerechtigkeit und f\u00fcr die Einhaltung des 1,5-Grad-Ziels ein. In Deutschland fordert sie u.a. Klimaneutralit\u00e4t bis 2035 sowie einen beschleunigten Ausbau erneuerbarer Energien mit vollst\u00e4ndig klimaneutraler Energieversorgung ab 2035.<\/p>\n<p>\u201eIch habe keine Hoffnungen mehr in unsere Regierungen, deren Ignoranz f\u00fcr die Bed\u00fcrfnisse der Menschen uns wieder und wieder in Gefahr bringt. Meine einzige Hoffnung liegt bei der Jugend: Wir werden uns zusammenschlie\u00dfen und eine gerechte und lebenswerte Zukunft erk\u00e4mpfen&#8220;, erkl\u00e4rt Disha Ravi aus Indien.<\/p>\n<p>Wir laden alle Pressevertreterinnen und Pressevertreter herzlich zu unseren dezentralen Aktionen ein. Weitere Infos zu online Aktionen finden Sie unter <a href=\"http:\/\/www.fridaysforfuture.org\/\">www.fridaysforfuture.org<\/a> und zu den Stra\u00dfenprotesten in Deutschland unter <a href=\"http:\/\/www.fridaysforfuture.de\/\">www.fridaysforfuture.de<\/a>.<\/p>\n<p>Bild von <a href=\"https:\/\/pixabay.com\/de\/users\/madartzgraphics-3575871\/?utm_source=link-attribution&amp;utm_medium=referral&amp;utm_campaign=image&amp;utm_content=1908381\">Darwin Laganzon<\/a> auf <a href=\"https:\/\/pixabay.com\/de\/?utm_source=link-attribution&amp;utm_medium=referral&amp;utm_campaign=image&amp;utm_content=1908381\">Pixabay<\/a><\/p>\n","protected":false},"excerpt":{"rendered":"<p>Anlass ist das f\u00fcnfj\u00e4hrige Bestehen des Pariser Klimaabkommens. Aktivist*innen in ganz Deutschland und weltweit machen an diesem Tag sowohl mit unterschiedlichen coronakonformen Aktionen als auch online auf das globale Scheitern der bisherigen Bem\u00fchungen die Klimakrise einzud\u00e4mmen aufmerksam machen. Sie fordern die Einhaltung des 1,5-Grad-Ziels und eine Klimapolitik, die die bereits heute am st\u00e4rksten von der [&hellip;]<\/p>\n","protected":false},"author":1,"featured_media":0,"comment_status":"closed","ping_status":"closed","sticky":false,"template":"","format":"standard","meta":{"saved_in_kubio":false,"footnotes":""},"categories":[32],"tags":[],"class_list":["post-3363","post","type-post","status-publish","format-standard","hentry","category-natur-umwelt"],"yoast_head":"<!-- This site is optimized with the Yoast SEO plugin v27.5 - https:\/\/yoast.com\/product\/yoast-seo-wordpress\/ -->\n<title>Fridays for Future protestiert deutschlandweit am 11.12. f\u00fcr das 1,5-Grad-Ziel - Radio Leinewelle<\/title>\n<meta name=\"robots\" content=\"index, follow, max-snippet:-1, max-image-preview:large, max-video-preview:-1\" \/>\n<link rel=\"canonical\" href=\"https:\/\/radioleinewelle.de\/index.php\/2020\/12\/08\/fridays-for-future-protestiert-deutschlandweit-fuer-das-15-grad-ziel\/\" \/>\n<meta property=\"og:locale\" content=\"de_DE\" \/>\n<meta property=\"og:type\" content=\"article\" \/>\n<meta property=\"og:title\" content=\"Fridays for Future protestiert deutschlandweit am 11.12. f\u00fcr das 1,5-Grad-Ziel - Radio Leinewelle\" \/>\n<meta property=\"og:description\" content=\"Anlass ist das f\u00fcnfj\u00e4hrige Bestehen des Pariser Klimaabkommens. Aktivist*innen in ganz Deutschland und weltweit machen an diesem Tag sowohl mit unterschiedlichen coronakonformen Aktionen als auch online auf das globale Scheitern der bisherigen Bem\u00fchungen die Klimakrise einzud\u00e4mmen aufmerksam machen. Sie fordern die Einhaltung des 1,5-Grad-Ziels und eine Klimapolitik, die die bereits heute am st\u00e4rksten von der [&hellip;]\" \/>\n<meta property=\"og:url\" content=\"https:\/\/radioleinewelle.de\/index.php\/2020\/12\/08\/fridays-for-future-protestiert-deutschlandweit-fuer-das-15-grad-ziel\/\" \/>\n<meta property=\"og:site_name\" content=\"Radio Leinewelle\" \/>\n<meta property=\"article:publisher\" content=\"https:\/\/www.facebook.com\/radioleinewelle\" \/>\n<meta property=\"article:author\" content=\"https:\/\/www.facebook.com\/radioleinewelle\" \/>\n<meta property=\"article:published_time\" content=\"2020-12-08T04:00:31+00:00\" \/>\n<meta name=\"author\" content=\"Leinewelle\" \/>\n<meta name=\"twitter:card\" content=\"summary_large_image\" \/>\n<meta name=\"twitter:creator\" content=\"@https:\/\/twitter.com\/RLeinewelle?ref_src=twsrcgoogletwcampserptwgrauthor\" \/>\n<meta name=\"twitter:site\" content=\"@RLeinewelle\" \/>\n<meta name=\"twitter:label1\" content=\"Verfasst von\" \/>\n\t<meta name=\"twitter:data1\" content=\"Leinewelle\" \/>\n\t<meta name=\"twitter:label2\" content=\"Gesch\u00e4tzte Lesezeit\" \/>\n\t<meta name=\"twitter:data2\" content=\"2\u00a0Minuten\" \/>\n<script type=\"application\/ld+json\" class=\"yoast-schema-graph\">{\"@context\":\"https:\\\/\\\/schema.org\",\"@graph\":[{\"@type\":\"Article\",\"@id\":\"https:\\\/\\\/radioleinewelle.de\\\/index.php\\\/2020\\\/12\\\/08\\\/fridays-for-future-protestiert-deutschlandweit-fuer-das-15-grad-ziel\\\/#article\",\"isPartOf\":{\"@id\":\"https:\\\/\\\/radioleinewelle.de\\\/index.php\\\/2020\\\/12\\\/08\\\/fridays-for-future-protestiert-deutschlandweit-fuer-das-15-grad-ziel\\\/\"},\"author\":{\"name\":\"Leinewelle\",\"@id\":\"https:\\\/\\\/radioleinewelle.de\\\/#\\\/schema\\\/person\\\/45606f348637df637192dc1b68399a63\"},\"headline\":\"Fridays for Future protestiert deutschlandweit am 11.12. f\u00fcr das 1,5-Grad-Ziel\",\"datePublished\":\"2020-12-08T04:00:31+00:00\",\"mainEntityOfPage\":{\"@id\":\"https:\\\/\\\/radioleinewelle.de\\\/index.php\\\/2020\\\/12\\\/08\\\/fridays-for-future-protestiert-deutschlandweit-fuer-das-15-grad-ziel\\\/\"},\"wordCount\":470,\"publisher\":{\"@id\":\"https:\\\/\\\/radioleinewelle.de\\\/#organization\"},\"articleSection\":[\"Natur &amp; Umwelt\"],\"inLanguage\":\"de\"},{\"@type\":\"WebPage\",\"@id\":\"https:\\\/\\\/radioleinewelle.de\\\/index.php\\\/2020\\\/12\\\/08\\\/fridays-for-future-protestiert-deutschlandweit-fuer-das-15-grad-ziel\\\/\",\"url\":\"https:\\\/\\\/radioleinewelle.de\\\/index.php\\\/2020\\\/12\\\/08\\\/fridays-for-future-protestiert-deutschlandweit-fuer-das-15-grad-ziel\\\/\",\"name\":\"Fridays for Future protestiert deutschlandweit am 11.12. f\u00fcr das 1,5-Grad-Ziel - Radio Leinewelle\",\"isPartOf\":{\"@id\":\"https:\\\/\\\/radioleinewelle.de\\\/#website\"},\"datePublished\":\"2020-12-08T04:00:31+00:00\",\"breadcrumb\":{\"@id\":\"https:\\\/\\\/radioleinewelle.de\\\/index.php\\\/2020\\\/12\\\/08\\\/fridays-for-future-protestiert-deutschlandweit-fuer-das-15-grad-ziel\\\/#breadcrumb\"},\"inLanguage\":\"de\",\"potentialAction\":[{\"@type\":\"ReadAction\",\"target\":[\"https:\\\/\\\/radioleinewelle.de\\\/index.php\\\/2020\\\/12\\\/08\\\/fridays-for-future-protestiert-deutschlandweit-fuer-das-15-grad-ziel\\\/\"]}]},{\"@type\":\"BreadcrumbList\",\"@id\":\"https:\\\/\\\/radioleinewelle.de\\\/index.php\\\/2020\\\/12\\\/08\\\/fridays-for-future-protestiert-deutschlandweit-fuer-das-15-grad-ziel\\\/#breadcrumb\",\"itemListElement\":[{\"@type\":\"ListItem\",\"position\":1,\"name\":\"Startseite\",\"item\":\"https:\\\/\\\/radioleinewelle.de\\\/\"},{\"@type\":\"ListItem\",\"position\":2,\"name\":\"Fridays for Future protestiert deutschlandweit am 11.12. f\u00fcr das 1,5-Grad-Ziel\"}]},{\"@type\":\"WebSite\",\"@id\":\"https:\\\/\\\/radioleinewelle.de\\\/#website\",\"url\":\"https:\\\/\\\/radioleinewelle.de\\\/\",\"name\":\"Radio Leinewelle\",\"description\":\"\",\"publisher\":{\"@id\":\"https:\\\/\\\/radioleinewelle.de\\\/#organization\"},\"potentialAction\":[{\"@type\":\"SearchAction\",\"target\":{\"@type\":\"EntryPoint\",\"urlTemplate\":\"https:\\\/\\\/radioleinewelle.de\\\/?s={search_term_string}\"},\"query-input\":{\"@type\":\"PropertyValueSpecification\",\"valueRequired\":true,\"valueName\":\"search_term_string\"}}],\"inLanguage\":\"de\"},{\"@type\":\"Organization\",\"@id\":\"https:\\\/\\\/radioleinewelle.de\\\/#organization\",\"name\":\"Radio Leinewelle\",\"alternateName\":\"Mein Radio f\u00fcr S\u00fcdniedersachsen\",\"url\":\"https:\\\/\\\/radioleinewelle.de\\\/\",\"logo\":{\"@type\":\"ImageObject\",\"inLanguage\":\"de\",\"@id\":\"https:\\\/\\\/radioleinewelle.de\\\/#\\\/schema\\\/logo\\\/image\\\/\",\"url\":\"https:\\\/\\\/radioleinewelle.de\\\/wp-content\\\/uploads\\\/2023\\\/11\\\/cropped-Leinewelle_Logo_weiss.png\",\"contentUrl\":\"https:\\\/\\\/radioleinewelle.de\\\/wp-content\\\/uploads\\\/2023\\\/11\\\/cropped-Leinewelle_Logo_weiss.png\",\"width\":854,\"height\":260,\"caption\":\"Radio Leinewelle\"},\"image\":{\"@id\":\"https:\\\/\\\/radioleinewelle.de\\\/#\\\/schema\\\/logo\\\/image\\\/\"},\"sameAs\":[\"https:\\\/\\\/www.facebook.com\\\/radioleinewelle\",\"https:\\\/\\\/x.com\\\/RLeinewelle\",\"https:\\\/\\\/www.instagram.com\\\/radioleinewelle\\\/?hl=de\"]},{\"@type\":\"Person\",\"@id\":\"https:\\\/\\\/radioleinewelle.de\\\/#\\\/schema\\\/person\\\/45606f348637df637192dc1b68399a63\",\"name\":\"Leinewelle\",\"image\":{\"@type\":\"ImageObject\",\"inLanguage\":\"de\",\"@id\":\"https:\\\/\\\/secure.gravatar.com\\\/avatar\\\/05c9a17bc973052ee5d91549bd32fb4dd0dc85b7b85ae94b2e2b4943476bbea5?s=96&d=blank&r=g\",\"url\":\"https:\\\/\\\/secure.gravatar.com\\\/avatar\\\/05c9a17bc973052ee5d91549bd32fb4dd0dc85b7b85ae94b2e2b4943476bbea5?s=96&d=blank&r=g\",\"contentUrl\":\"https:\\\/\\\/secure.gravatar.com\\\/avatar\\\/05c9a17bc973052ee5d91549bd32fb4dd0dc85b7b85ae94b2e2b4943476bbea5?s=96&d=blank&r=g\",\"caption\":\"Leinewelle\"},\"sameAs\":[\"http:\\\/\\\/localhost\\\/radio%20leinewelle\\\/wordpress\",\"https:\\\/\\\/www.facebook.com\\\/radioleinewelle\",\"https:\\\/\\\/www.instagram.com\\\/radioleinewelle\",\"https:\\\/\\\/x.com\\\/https:\\\/\\\/twitter.com\\\/RLeinewelle?ref_src=twsrcgoogletwcampserptwgrauthor\",\"https:\\\/\\\/soundcloud.com\\\/foerderverein-lokalradio?utm_source=clipboard&utm_medium=text&utm_campaign=social_sharing\"],\"url\":\"https:\\\/\\\/radioleinewelle.de\\\/index.php\\\/author\\\/leinewelle\\\/\"}]}<\/script>\n<!-- \/ Yoast SEO plugin. -->","yoast_head_json":{"title":"Fridays for Future protestiert deutschlandweit am 11.12. f\u00fcr das 1,5-Grad-Ziel - Radio Leinewelle","robots":{"index":"index","follow":"follow","max-snippet":"max-snippet:-1","max-image-preview":"max-image-preview:large","max-video-preview":"max-video-preview:-1"},"canonical":"https:\/\/radioleinewelle.de\/index.php\/2020\/12\/08\/fridays-for-future-protestiert-deutschlandweit-fuer-das-15-grad-ziel\/","og_locale":"de_DE","og_type":"article","og_title":"Fridays for Future protestiert deutschlandweit am 11.12. f\u00fcr das 1,5-Grad-Ziel - Radio Leinewelle","og_description":"Anlass ist das f\u00fcnfj\u00e4hrige Bestehen des Pariser Klimaabkommens. Aktivist*innen in ganz Deutschland und weltweit machen an diesem Tag sowohl mit unterschiedlichen coronakonformen Aktionen als auch online auf das globale Scheitern der bisherigen Bem\u00fchungen die Klimakrise einzud\u00e4mmen aufmerksam machen. Sie fordern die Einhaltung des 1,5-Grad-Ziels und eine Klimapolitik, die die bereits heute am st\u00e4rksten von der [&hellip;]","og_url":"https:\/\/radioleinewelle.de\/index.php\/2020\/12\/08\/fridays-for-future-protestiert-deutschlandweit-fuer-das-15-grad-ziel\/","og_site_name":"Radio Leinewelle","article_publisher":"https:\/\/www.facebook.com\/radioleinewelle","article_author":"https:\/\/www.facebook.com\/radioleinewelle","article_published_time":"2020-12-08T04:00:31+00:00","author":"Leinewelle","twitter_card":"summary_large_image","twitter_creator":"@https:\/\/twitter.com\/RLeinewelle?ref_src=twsrcgoogletwcampserptwgrauthor","twitter_site":"@RLeinewelle","twitter_misc":{"Verfasst von":"Leinewelle","Gesch\u00e4tzte Lesezeit":"2\u00a0Minuten"},"schema":{"@context":"https:\/\/schema.org","@graph":[{"@type":"Article","@id":"https:\/\/radioleinewelle.de\/index.php\/2020\/12\/08\/fridays-for-future-protestiert-deutschlandweit-fuer-das-15-grad-ziel\/#article","isPartOf":{"@id":"https:\/\/radioleinewelle.de\/index.php\/2020\/12\/08\/fridays-for-future-protestiert-deutschlandweit-fuer-das-15-grad-ziel\/"},"author":{"name":"Leinewelle","@id":"https:\/\/radioleinewelle.de\/#\/schema\/person\/45606f348637df637192dc1b68399a63"},"headline":"Fridays for Future protestiert deutschlandweit am 11.12. f\u00fcr das 1,5-Grad-Ziel","datePublished":"2020-12-08T04:00:31+00:00","mainEntityOfPage":{"@id":"https:\/\/radioleinewelle.de\/index.php\/2020\/12\/08\/fridays-for-future-protestiert-deutschlandweit-fuer-das-15-grad-ziel\/"},"wordCount":470,"publisher":{"@id":"https:\/\/radioleinewelle.de\/#organization"},"articleSection":["Natur &amp; Umwelt"],"inLanguage":"de"},{"@type":"WebPage","@id":"https:\/\/radioleinewelle.de\/index.php\/2020\/12\/08\/fridays-for-future-protestiert-deutschlandweit-fuer-das-15-grad-ziel\/","url":"https:\/\/radioleinewelle.de\/index.php\/2020\/12\/08\/fridays-for-future-protestiert-deutschlandweit-fuer-das-15-grad-ziel\/","name":"Fridays for Future protestiert deutschlandweit am 11.12. f\u00fcr das 1,5-Grad-Ziel - Radio Leinewelle","isPartOf":{"@id":"https:\/\/radioleinewelle.de\/#website"},"datePublished":"2020-12-08T04:00:31+00:00","breadcrumb":{"@id":"https:\/\/radioleinewelle.de\/index.php\/2020\/12\/08\/fridays-for-future-protestiert-deutschlandweit-fuer-das-15-grad-ziel\/#breadcrumb"},"inLanguage":"de","potentialAction":[{"@type":"ReadAction","target":["https:\/\/radioleinewelle.de\/index.php\/2020\/12\/08\/fridays-for-future-protestiert-deutschlandweit-fuer-das-15-grad-ziel\/"]}]},{"@type":"BreadcrumbList","@id":"https:\/\/radioleinewelle.de\/index.php\/2020\/12\/08\/fridays-for-future-protestiert-deutschlandweit-fuer-das-15-grad-ziel\/#breadcrumb","itemListElement":[{"@type":"ListItem","position":1,"name":"Startseite","item":"https:\/\/radioleinewelle.de\/"},{"@type":"ListItem","position":2,"name":"Fridays for Future protestiert deutschlandweit am 11.12. f\u00fcr das 1,5-Grad-Ziel"}]},{"@type":"WebSite","@id":"https:\/\/radioleinewelle.de\/#website","url":"https:\/\/radioleinewelle.de\/","name":"Radio Leinewelle","description":"","publisher":{"@id":"https:\/\/radioleinewelle.de\/#organization"},"potentialAction":[{"@type":"SearchAction","target":{"@type":"EntryPoint","urlTemplate":"https:\/\/radioleinewelle.de\/?s={search_term_string}"},"query-input":{"@type":"PropertyValueSpecification","valueRequired":true,"valueName":"search_term_string"}}],"inLanguage":"de"},{"@type":"Organization","@id":"https:\/\/radioleinewelle.de\/#organization","name":"Radio Leinewelle","alternateName":"Mein Radio f\u00fcr S\u00fcdniedersachsen","url":"https:\/\/radioleinewelle.de\/","logo":{"@type":"ImageObject","inLanguage":"de","@id":"https:\/\/radioleinewelle.de\/#\/schema\/logo\/image\/","url":"https:\/\/radioleinewelle.de\/wp-content\/uploads\/2023\/11\/cropped-Leinewelle_Logo_weiss.png","contentUrl":"https:\/\/radioleinewelle.de\/wp-content\/uploads\/2023\/11\/cropped-Leinewelle_Logo_weiss.png","width":854,"height":260,"caption":"Radio Leinewelle"},"image":{"@id":"https:\/\/radioleinewelle.de\/#\/schema\/logo\/image\/"},"sameAs":["https:\/\/www.facebook.com\/radioleinewelle","https:\/\/x.com\/RLeinewelle","https:\/\/www.instagram.com\/radioleinewelle\/?hl=de"]},{"@type":"Person","@id":"https:\/\/radioleinewelle.de\/#\/schema\/person\/45606f348637df637192dc1b68399a63","name":"Leinewelle","image":{"@type":"ImageObject","inLanguage":"de","@id":"https:\/\/secure.gravatar.com\/avatar\/05c9a17bc973052ee5d91549bd32fb4dd0dc85b7b85ae94b2e2b4943476bbea5?s=96&d=blank&r=g","url":"https:\/\/secure.gravatar.com\/avatar\/05c9a17bc973052ee5d91549bd32fb4dd0dc85b7b85ae94b2e2b4943476bbea5?s=96&d=blank&r=g","contentUrl":"https:\/\/secure.gravatar.com\/avatar\/05c9a17bc973052ee5d91549bd32fb4dd0dc85b7b85ae94b2e2b4943476bbea5?s=96&d=blank&r=g","caption":"Leinewelle"},"sameAs":["http:\/\/localhost\/radio%20leinewelle\/wordpress","https:\/\/www.facebook.com\/radioleinewelle","https:\/\/www.instagram.com\/radioleinewelle","https:\/\/x.com\/https:\/\/twitter.com\/RLeinewelle?ref_src=twsrcgoogletwcampserptwgrauthor","https:\/\/soundcloud.com\/foerderverein-lokalradio?utm_source=clipboard&utm_medium=text&utm_campaign=social_sharing"],"url":"https:\/\/radioleinewelle.de\/index.php\/author\/leinewelle\/"}]}},"_links":{"self":[{"href":"https:\/\/radioleinewelle.de\/index.php\/wp-json\/wp\/v2\/posts\/3363","targetHints":{"allow":["GET"]}}],"collection":[{"href":"https:\/\/radioleinewelle.de\/index.php\/wp-json\/wp\/v2\/posts"}],"about":[{"href":"https:\/\/radioleinewelle.de\/index.php\/wp-json\/wp\/v2\/types\/post"}],"author":[{"embeddable":true,"href":"https:\/\/radioleinewelle.de\/index.php\/wp-json\/wp\/v2\/users\/1"}],"replies":[{"embeddable":true,"href":"https:\/\/radioleinewelle.de\/index.php\/wp-json\/wp\/v2\/comments?post=3363"}],"version-history":[{"count":0,"href":"https:\/\/radioleinewelle.de\/index.php\/wp-json\/wp\/v2\/posts\/3363\/revisions"}],"wp:attachment":[{"href":"https:\/\/radioleinewelle.de\/index.php\/wp-json\/wp\/v2\/media?parent=3363"}],"wp:term":[{"taxonomy":"category","embeddable":true,"href":"https:\/\/radioleinewelle.de\/index.php\/wp-json\/wp\/v2\/categories?post=3363"},{"taxonomy":"post_tag","embeddable":true,"href":"https:\/\/radioleinewelle.de\/index.php\/wp-json\/wp\/v2\/tags?post=3363"}],"curies":[{"name":"wp","href":"https:\/\/api.w.org\/{rel}","templated":true}]}}