{"id":3372,"date":"2020-12-08T05:03:33","date_gmt":"2020-12-08T04:03:33","guid":{"rendered":"https:\/\/radioleinewelle.de\/?p=3372"},"modified":"2020-12-08T05:03:33","modified_gmt":"2020-12-08T04:03:33","slug":"duderstadt-spendenaufruf-der-stadt-und-der-bundespolizeiabteilung-zugunsten-karitativer-einrichtungen","status":"publish","type":"post","link":"https:\/\/radioleinewelle.de\/index.php\/2020\/12\/08\/duderstadt-spendenaufruf-der-stadt-und-der-bundespolizeiabteilung-zugunsten-karitativer-einrichtungen\/","title":{"rendered":"Duderstadt: Spendenaufruf der Stadt und der Bundespolizeiabteilung zugunsten karitativer Einrichtungen"},"content":{"rendered":"<div class=\"page\" title=\"Page 1\">\n<div class=\"layoutArea\">\n<div class=\"column\">\n<p>Spendenaufruf der Stadt Duderstadt und der Bundespolizeiabteilung Duderstadt zugunsten von karitativen Einrichtungen in Duderstadt aufgrund des coronabedingten Ausfalls des traditionellen Wohlt\u00e4tigkeitskonzertes<\/p>\n<p>Die Auswirkungen der Corona-Pandemie machen leider auch vor jahrzehntelangen Traditionen nicht Halt. Und so muss in diesem Jahr auch das seit Jahrzehnten beliebte Wohlt\u00e4tigkeitskonzert mit dem Bundespolizeiorchester Hannover ausfallen. Es w\u00e4re bereits das 63. Konzert gewesen!<\/p>\n<p><iframe loading=\"lazy\" src=\"https:\/\/www.youtube.com\/embed\/R4KwxVBq2xs\" width=\"560\" height=\"315\" frameborder=\"0\" allowfullscreen=\"allowfullscreen\"><\/iframe><\/p>\n<p>Der Erste Polizeihauptkommissar Reiner Paschke als derzeitiger Abteilungsf\u00fchrer der Bundespolizeiabteilung Duderstadt und B\u00fcrgermeister Thorsten Feike m\u00f6chten aber alle Duderst\u00e4dterinnen und Duderst\u00e4dter sowie die gesamte Region auf eine Aktion aufmerksam machen, die stattdessen zur Unterst\u00fctzung derjenigen karitativen Einrichtungen in Duderstadt vorgesehen ist, auf die in der Vergangenheit der Erl\u00f6s aus dem Kartenverkauf des Wohlt\u00e4tigkeitskonzertes aufgeteilt worden ist.\u00a0Darin rufen die beiden Initiatoren in einer musikalisch vom Bundespolizeiorchester umrahmten vorweihnachtlichen Videogru\u00dfbotschaft aus dem B\u00fcrgersaal des Duderst\u00e4dter Rathauses zu Spenden f\u00fcr die Wohlfahrtsverb\u00e4nde auf:<\/p>\n<p>&#8222;Die Unterst\u00fctzung der Wohlfahrtsverb\u00e4nde und ihrer zumeist ehrenamtlich geleisteten Arbeit ist gerade in der heutigen Situation wichtiger denn je. Zeigen Sie Ihr gro\u00dfes Herz. Jeder Euro hilft und unterst\u00fctzen Sie bitte das gro\u00dfartige Engagement dieser Einrichtungen&#8220;.<\/p>\n<div class=\"page\" title=\"Page 2\">\n<div class=\"layoutArea\">\n<div class=\"column\">\n<p>Die Bundespolizeiabteilung Duderstadt und die Stadt Duderstadt m\u00f6chten sich schon einmal vorab ganz herzlich bei den hoffentlich vielen Spenderinnen und Spendern bedanken und w\u00fcnschen eine besinnliche Vorweihnachtszeit.<\/p>\n<p>Abschlie\u00dfend die Kontoverbindungen der karitativen Einrichtungen, die bei der Aktion von hoffentlich sehr vielen Menschen aus der Stadt und der Region unter Nennung des Verwendungszweckes<\/p>\n<p>\u201eSpende Wohlt\u00e4tigkeitskonzert 2020\u201cber\u00fccksichtigt werden sollten:<\/p>\n<p>&#8211; Arbeiterwohlfahrt Ortsverein Duderstadt: DE02260512600000129346,<\/p>\n<p>&#8211; Caritasverband S\u00fcdniedersachsen e.V.: DE25260512600000110114,<\/p>\n<p>&#8211; Deutsches Rotes Kreuz Ortsverein Duderstadt: DE41260512600000102939,<\/p>\n<p>&#8211; Malteser Hilfsdienst: DE49370601201201 209010,<\/p>\n<p>&#8211; B\u00fcrgerstiftung Duderstadt: DE65260512600000000075,<\/p>\n<p>&#8211; Heiligabendkreis Duderstadt: DE71260512600000127134,<\/p>\n<p>&#8211; Evangelische Diakonien in\u00b7Duderstadt und Hilkerode: DE76 2635 1015 0004 0239 58<\/p>\n<p>* Verwendungszweck f\u00fcr St. Servatius Duderstadt: 4215381501<\/p>\n<p>* Verwendungszweck f\u00fcr Heilig Geist Hilkerode: 4221381503<\/p>\n<\/div>\n<\/div>\n<\/div>\n<\/div>\n<\/div>\n<\/div>\n","protected":false},"excerpt":{"rendered":"<p>Spendenaufruf der Stadt Duderstadt und der Bundespolizeiabteilung Duderstadt zugunsten von karitativen Einrichtungen in Duderstadt aufgrund des coronabedingten Ausfalls des traditionellen Wohlt\u00e4tigkeitskonzertes Die Auswirkungen der Corona-Pandemie machen leider auch vor jahrzehntelangen Traditionen nicht Halt. Und so muss in diesem Jahr auch das seit Jahrzehnten beliebte Wohlt\u00e4tigkeitskonzert mit dem Bundespolizeiorchester Hannover ausfallen. Es w\u00e4re bereits das 63. [&hellip;]<\/p>\n","protected":false},"author":1,"featured_media":3375,"comment_status":"closed","ping_status":"closed","sticky":false,"template":"","format":"standard","meta":{"saved_in_kubio":false,"footnotes":""},"categories":[49],"tags":[],"class_list":["post-3372","post","type-post","status-publish","format-standard","has-post-thumbnail","hentry","category-charity"],"yoast_head":"<!-- This site is optimized with the Yoast SEO plugin v27.5 - https:\/\/yoast.com\/product\/yoast-seo-wordpress\/ -->\n<title>Duderstadt: Spendenaufruf der Stadt und der Bundespolizeiabteilung zugunsten karitativer Einrichtungen - Radio Leinewelle<\/title>\n<meta name=\"robots\" content=\"index, follow, max-snippet:-1, max-image-preview:large, max-video-preview:-1\" \/>\n<link rel=\"canonical\" href=\"https:\/\/radioleinewelle.de\/index.php\/2020\/12\/08\/duderstadt-spendenaufruf-der-stadt-und-der-bundespolizeiabteilung-zugunsten-karitativer-einrichtungen\/\" \/>\n<meta property=\"og:locale\" content=\"de_DE\" \/>\n<meta property=\"og:type\" content=\"article\" \/>\n<meta property=\"og:title\" content=\"Duderstadt: Spendenaufruf der Stadt und der Bundespolizeiabteilung zugunsten karitativer Einrichtungen - Radio Leinewelle\" \/>\n<meta property=\"og:description\" content=\"Spendenaufruf der Stadt Duderstadt und der Bundespolizeiabteilung Duderstadt zugunsten von karitativen Einrichtungen in Duderstadt aufgrund des coronabedingten Ausfalls des traditionellen Wohlt\u00e4tigkeitskonzertes Die Auswirkungen der Corona-Pandemie machen leider auch vor jahrzehntelangen Traditionen nicht Halt. Und so muss in diesem Jahr auch das seit Jahrzehnten beliebte Wohlt\u00e4tigkeitskonzert mit dem Bundespolizeiorchester Hannover ausfallen. Es w\u00e4re bereits das 63. [&hellip;]\" \/>\n<meta property=\"og:url\" content=\"https:\/\/radioleinewelle.de\/index.php\/2020\/12\/08\/duderstadt-spendenaufruf-der-stadt-und-der-bundespolizeiabteilung-zugunsten-karitativer-einrichtungen\/\" \/>\n<meta property=\"og:site_name\" content=\"Radio Leinewelle\" \/>\n<meta property=\"article:publisher\" content=\"https:\/\/www.facebook.com\/radioleinewelle\" \/>\n<meta property=\"article:author\" content=\"https:\/\/www.facebook.com\/radioleinewelle\" \/>\n<meta property=\"article:published_time\" content=\"2020-12-08T04:03:33+00:00\" \/>\n<meta property=\"og:image\" content=\"https:\/\/radioleinewelle.de\/wp-content\/uploads\/2020\/12\/hand-5040992_640.jpg\" \/>\n\t<meta property=\"og:image:width\" content=\"640\" \/>\n\t<meta property=\"og:image:height\" content=\"439\" \/>\n\t<meta property=\"og:image:type\" content=\"image\/jpeg\" \/>\n<meta name=\"author\" content=\"Leinewelle\" \/>\n<meta name=\"twitter:card\" content=\"summary_large_image\" \/>\n<meta name=\"twitter:creator\" content=\"@https:\/\/twitter.com\/RLeinewelle?ref_src=twsrcgoogletwcampserptwgrauthor\" \/>\n<meta name=\"twitter:site\" content=\"@RLeinewelle\" \/>\n<meta name=\"twitter:label1\" content=\"Verfasst von\" \/>\n\t<meta name=\"twitter:data1\" content=\"Leinewelle\" \/>\n\t<meta name=\"twitter:label2\" content=\"Gesch\u00e4tzte Lesezeit\" \/>\n\t<meta name=\"twitter:data2\" content=\"2\u00a0Minuten\" \/>\n<script type=\"application\/ld+json\" class=\"yoast-schema-graph\">{\"@context\":\"https:\\\/\\\/schema.org\",\"@graph\":[{\"@type\":\"Article\",\"@id\":\"https:\\\/\\\/radioleinewelle.de\\\/index.php\\\/2020\\\/12\\\/08\\\/duderstadt-spendenaufruf-der-stadt-und-der-bundespolizeiabteilung-zugunsten-karitativer-einrichtungen\\\/#article\",\"isPartOf\":{\"@id\":\"https:\\\/\\\/radioleinewelle.de\\\/index.php\\\/2020\\\/12\\\/08\\\/duderstadt-spendenaufruf-der-stadt-und-der-bundespolizeiabteilung-zugunsten-karitativer-einrichtungen\\\/\"},\"author\":{\"name\":\"Leinewelle\",\"@id\":\"https:\\\/\\\/radioleinewelle.de\\\/#\\\/schema\\\/person\\\/45606f348637df637192dc1b68399a63\"},\"headline\":\"Duderstadt: Spendenaufruf der Stadt und der Bundespolizeiabteilung zugunsten karitativer Einrichtungen\",\"datePublished\":\"2020-12-08T04:03:33+00:00\",\"mainEntityOfPage\":{\"@id\":\"https:\\\/\\\/radioleinewelle.de\\\/index.php\\\/2020\\\/12\\\/08\\\/duderstadt-spendenaufruf-der-stadt-und-der-bundespolizeiabteilung-zugunsten-karitativer-einrichtungen\\\/\"},\"wordCount\":318,\"publisher\":{\"@id\":\"https:\\\/\\\/radioleinewelle.de\\\/#organization\"},\"image\":{\"@id\":\"https:\\\/\\\/radioleinewelle.de\\\/index.php\\\/2020\\\/12\\\/08\\\/duderstadt-spendenaufruf-der-stadt-und-der-bundespolizeiabteilung-zugunsten-karitativer-einrichtungen\\\/#primaryimage\"},\"thumbnailUrl\":\"https:\\\/\\\/radioleinewelle.de\\\/wp-content\\\/uploads\\\/2020\\\/12\\\/hand-5040992_640.jpg\",\"articleSection\":[\"Charity\"],\"inLanguage\":\"de\"},{\"@type\":\"WebPage\",\"@id\":\"https:\\\/\\\/radioleinewelle.de\\\/index.php\\\/2020\\\/12\\\/08\\\/duderstadt-spendenaufruf-der-stadt-und-der-bundespolizeiabteilung-zugunsten-karitativer-einrichtungen\\\/\",\"url\":\"https:\\\/\\\/radioleinewelle.de\\\/index.php\\\/2020\\\/12\\\/08\\\/duderstadt-spendenaufruf-der-stadt-und-der-bundespolizeiabteilung-zugunsten-karitativer-einrichtungen\\\/\",\"name\":\"Duderstadt: Spendenaufruf der Stadt und der Bundespolizeiabteilung zugunsten karitativer Einrichtungen - Radio Leinewelle\",\"isPartOf\":{\"@id\":\"https:\\\/\\\/radioleinewelle.de\\\/#website\"},\"primaryImageOfPage\":{\"@id\":\"https:\\\/\\\/radioleinewelle.de\\\/index.php\\\/2020\\\/12\\\/08\\\/duderstadt-spendenaufruf-der-stadt-und-der-bundespolizeiabteilung-zugunsten-karitativer-einrichtungen\\\/#primaryimage\"},\"image\":{\"@id\":\"https:\\\/\\\/radioleinewelle.de\\\/index.php\\\/2020\\\/12\\\/08\\\/duderstadt-spendenaufruf-der-stadt-und-der-bundespolizeiabteilung-zugunsten-karitativer-einrichtungen\\\/#primaryimage\"},\"thumbnailUrl\":\"https:\\\/\\\/radioleinewelle.de\\\/wp-content\\\/uploads\\\/2020\\\/12\\\/hand-5040992_640.jpg\",\"datePublished\":\"2020-12-08T04:03:33+00:00\",\"breadcrumb\":{\"@id\":\"https:\\\/\\\/radioleinewelle.de\\\/index.php\\\/2020\\\/12\\\/08\\\/duderstadt-spendenaufruf-der-stadt-und-der-bundespolizeiabteilung-zugunsten-karitativer-einrichtungen\\\/#breadcrumb\"},\"inLanguage\":\"de\",\"potentialAction\":[{\"@type\":\"ReadAction\",\"target\":[\"https:\\\/\\\/radioleinewelle.de\\\/index.php\\\/2020\\\/12\\\/08\\\/duderstadt-spendenaufruf-der-stadt-und-der-bundespolizeiabteilung-zugunsten-karitativer-einrichtungen\\\/\"]}]},{\"@type\":\"ImageObject\",\"inLanguage\":\"de\",\"@id\":\"https:\\\/\\\/radioleinewelle.de\\\/index.php\\\/2020\\\/12\\\/08\\\/duderstadt-spendenaufruf-der-stadt-und-der-bundespolizeiabteilung-zugunsten-karitativer-einrichtungen\\\/#primaryimage\",\"url\":\"https:\\\/\\\/radioleinewelle.de\\\/wp-content\\\/uploads\\\/2020\\\/12\\\/hand-5040992_640.jpg\",\"contentUrl\":\"https:\\\/\\\/radioleinewelle.de\\\/wp-content\\\/uploads\\\/2020\\\/12\\\/hand-5040992_640.jpg\",\"width\":640,\"height\":439},{\"@type\":\"BreadcrumbList\",\"@id\":\"https:\\\/\\\/radioleinewelle.de\\\/index.php\\\/2020\\\/12\\\/08\\\/duderstadt-spendenaufruf-der-stadt-und-der-bundespolizeiabteilung-zugunsten-karitativer-einrichtungen\\\/#breadcrumb\",\"itemListElement\":[{\"@type\":\"ListItem\",\"position\":1,\"name\":\"Startseite\",\"item\":\"https:\\\/\\\/radioleinewelle.de\\\/\"},{\"@type\":\"ListItem\",\"position\":2,\"name\":\"Duderstadt: Spendenaufruf der Stadt und der Bundespolizeiabteilung zugunsten karitativer Einrichtungen\"}]},{\"@type\":\"WebSite\",\"@id\":\"https:\\\/\\\/radioleinewelle.de\\\/#website\",\"url\":\"https:\\\/\\\/radioleinewelle.de\\\/\",\"name\":\"Radio Leinewelle\",\"description\":\"\",\"publisher\":{\"@id\":\"https:\\\/\\\/radioleinewelle.de\\\/#organization\"},\"potentialAction\":[{\"@type\":\"SearchAction\",\"target\":{\"@type\":\"EntryPoint\",\"urlTemplate\":\"https:\\\/\\\/radioleinewelle.de\\\/?s={search_term_string}\"},\"query-input\":{\"@type\":\"PropertyValueSpecification\",\"valueRequired\":true,\"valueName\":\"search_term_string\"}}],\"inLanguage\":\"de\"},{\"@type\":\"Organization\",\"@id\":\"https:\\\/\\\/radioleinewelle.de\\\/#organization\",\"name\":\"Radio Leinewelle\",\"alternateName\":\"Mein Radio f\u00fcr S\u00fcdniedersachsen\",\"url\":\"https:\\\/\\\/radioleinewelle.de\\\/\",\"logo\":{\"@type\":\"ImageObject\",\"inLanguage\":\"de\",\"@id\":\"https:\\\/\\\/radioleinewelle.de\\\/#\\\/schema\\\/logo\\\/image\\\/\",\"url\":\"https:\\\/\\\/radioleinewelle.de\\\/wp-content\\\/uploads\\\/2023\\\/11\\\/cropped-Leinewelle_Logo_weiss.png\",\"contentUrl\":\"https:\\\/\\\/radioleinewelle.de\\\/wp-content\\\/uploads\\\/2023\\\/11\\\/cropped-Leinewelle_Logo_weiss.png\",\"width\":854,\"height\":260,\"caption\":\"Radio Leinewelle\"},\"image\":{\"@id\":\"https:\\\/\\\/radioleinewelle.de\\\/#\\\/schema\\\/logo\\\/image\\\/\"},\"sameAs\":[\"https:\\\/\\\/www.facebook.com\\\/radioleinewelle\",\"https:\\\/\\\/x.com\\\/RLeinewelle\",\"https:\\\/\\\/www.instagram.com\\\/radioleinewelle\\\/?hl=de\"]},{\"@type\":\"Person\",\"@id\":\"https:\\\/\\\/radioleinewelle.de\\\/#\\\/schema\\\/person\\\/45606f348637df637192dc1b68399a63\",\"name\":\"Leinewelle\",\"image\":{\"@type\":\"ImageObject\",\"inLanguage\":\"de\",\"@id\":\"https:\\\/\\\/secure.gravatar.com\\\/avatar\\\/05c9a17bc973052ee5d91549bd32fb4dd0dc85b7b85ae94b2e2b4943476bbea5?s=96&d=blank&r=g\",\"url\":\"https:\\\/\\\/secure.gravatar.com\\\/avatar\\\/05c9a17bc973052ee5d91549bd32fb4dd0dc85b7b85ae94b2e2b4943476bbea5?s=96&d=blank&r=g\",\"contentUrl\":\"https:\\\/\\\/secure.gravatar.com\\\/avatar\\\/05c9a17bc973052ee5d91549bd32fb4dd0dc85b7b85ae94b2e2b4943476bbea5?s=96&d=blank&r=g\",\"caption\":\"Leinewelle\"},\"sameAs\":[\"http:\\\/\\\/localhost\\\/radio%20leinewelle\\\/wordpress\",\"https:\\\/\\\/www.facebook.com\\\/radioleinewelle\",\"https:\\\/\\\/www.instagram.com\\\/radioleinewelle\",\"https:\\\/\\\/x.com\\\/https:\\\/\\\/twitter.com\\\/RLeinewelle?ref_src=twsrcgoogletwcampserptwgrauthor\",\"https:\\\/\\\/soundcloud.com\\\/foerderverein-lokalradio?utm_source=clipboard&utm_medium=text&utm_campaign=social_sharing\"],\"url\":\"https:\\\/\\\/radioleinewelle.de\\\/index.php\\\/author\\\/leinewelle\\\/\"}]}<\/script>\n<!-- \/ Yoast SEO plugin. -->","yoast_head_json":{"title":"Duderstadt: Spendenaufruf der Stadt und der Bundespolizeiabteilung zugunsten karitativer Einrichtungen - Radio Leinewelle","robots":{"index":"index","follow":"follow","max-snippet":"max-snippet:-1","max-image-preview":"max-image-preview:large","max-video-preview":"max-video-preview:-1"},"canonical":"https:\/\/radioleinewelle.de\/index.php\/2020\/12\/08\/duderstadt-spendenaufruf-der-stadt-und-der-bundespolizeiabteilung-zugunsten-karitativer-einrichtungen\/","og_locale":"de_DE","og_type":"article","og_title":"Duderstadt: Spendenaufruf der Stadt und der Bundespolizeiabteilung zugunsten karitativer Einrichtungen - Radio Leinewelle","og_description":"Spendenaufruf der Stadt Duderstadt und der Bundespolizeiabteilung Duderstadt zugunsten von karitativen Einrichtungen in Duderstadt aufgrund des coronabedingten Ausfalls des traditionellen Wohlt\u00e4tigkeitskonzertes Die Auswirkungen der Corona-Pandemie machen leider auch vor jahrzehntelangen Traditionen nicht Halt. Und so muss in diesem Jahr auch das seit Jahrzehnten beliebte Wohlt\u00e4tigkeitskonzert mit dem Bundespolizeiorchester Hannover ausfallen. Es w\u00e4re bereits das 63. [&hellip;]","og_url":"https:\/\/radioleinewelle.de\/index.php\/2020\/12\/08\/duderstadt-spendenaufruf-der-stadt-und-der-bundespolizeiabteilung-zugunsten-karitativer-einrichtungen\/","og_site_name":"Radio Leinewelle","article_publisher":"https:\/\/www.facebook.com\/radioleinewelle","article_author":"https:\/\/www.facebook.com\/radioleinewelle","article_published_time":"2020-12-08T04:03:33+00:00","og_image":[{"width":640,"height":439,"url":"https:\/\/radioleinewelle.de\/wp-content\/uploads\/2020\/12\/hand-5040992_640.jpg","type":"image\/jpeg"}],"author":"Leinewelle","twitter_card":"summary_large_image","twitter_creator":"@https:\/\/twitter.com\/RLeinewelle?ref_src=twsrcgoogletwcampserptwgrauthor","twitter_site":"@RLeinewelle","twitter_misc":{"Verfasst von":"Leinewelle","Gesch\u00e4tzte Lesezeit":"2\u00a0Minuten"},"schema":{"@context":"https:\/\/schema.org","@graph":[{"@type":"Article","@id":"https:\/\/radioleinewelle.de\/index.php\/2020\/12\/08\/duderstadt-spendenaufruf-der-stadt-und-der-bundespolizeiabteilung-zugunsten-karitativer-einrichtungen\/#article","isPartOf":{"@id":"https:\/\/radioleinewelle.de\/index.php\/2020\/12\/08\/duderstadt-spendenaufruf-der-stadt-und-der-bundespolizeiabteilung-zugunsten-karitativer-einrichtungen\/"},"author":{"name":"Leinewelle","@id":"https:\/\/radioleinewelle.de\/#\/schema\/person\/45606f348637df637192dc1b68399a63"},"headline":"Duderstadt: Spendenaufruf der Stadt und der Bundespolizeiabteilung zugunsten karitativer Einrichtungen","datePublished":"2020-12-08T04:03:33+00:00","mainEntityOfPage":{"@id":"https:\/\/radioleinewelle.de\/index.php\/2020\/12\/08\/duderstadt-spendenaufruf-der-stadt-und-der-bundespolizeiabteilung-zugunsten-karitativer-einrichtungen\/"},"wordCount":318,"publisher":{"@id":"https:\/\/radioleinewelle.de\/#organization"},"image":{"@id":"https:\/\/radioleinewelle.de\/index.php\/2020\/12\/08\/duderstadt-spendenaufruf-der-stadt-und-der-bundespolizeiabteilung-zugunsten-karitativer-einrichtungen\/#primaryimage"},"thumbnailUrl":"https:\/\/radioleinewelle.de\/wp-content\/uploads\/2020\/12\/hand-5040992_640.jpg","articleSection":["Charity"],"inLanguage":"de"},{"@type":"WebPage","@id":"https:\/\/radioleinewelle.de\/index.php\/2020\/12\/08\/duderstadt-spendenaufruf-der-stadt-und-der-bundespolizeiabteilung-zugunsten-karitativer-einrichtungen\/","url":"https:\/\/radioleinewelle.de\/index.php\/2020\/12\/08\/duderstadt-spendenaufruf-der-stadt-und-der-bundespolizeiabteilung-zugunsten-karitativer-einrichtungen\/","name":"Duderstadt: Spendenaufruf der Stadt und der Bundespolizeiabteilung zugunsten karitativer Einrichtungen - Radio Leinewelle","isPartOf":{"@id":"https:\/\/radioleinewelle.de\/#website"},"primaryImageOfPage":{"@id":"https:\/\/radioleinewelle.de\/index.php\/2020\/12\/08\/duderstadt-spendenaufruf-der-stadt-und-der-bundespolizeiabteilung-zugunsten-karitativer-einrichtungen\/#primaryimage"},"image":{"@id":"https:\/\/radioleinewelle.de\/index.php\/2020\/12\/08\/duderstadt-spendenaufruf-der-stadt-und-der-bundespolizeiabteilung-zugunsten-karitativer-einrichtungen\/#primaryimage"},"thumbnailUrl":"https:\/\/radioleinewelle.de\/wp-content\/uploads\/2020\/12\/hand-5040992_640.jpg","datePublished":"2020-12-08T04:03:33+00:00","breadcrumb":{"@id":"https:\/\/radioleinewelle.de\/index.php\/2020\/12\/08\/duderstadt-spendenaufruf-der-stadt-und-der-bundespolizeiabteilung-zugunsten-karitativer-einrichtungen\/#breadcrumb"},"inLanguage":"de","potentialAction":[{"@type":"ReadAction","target":["https:\/\/radioleinewelle.de\/index.php\/2020\/12\/08\/duderstadt-spendenaufruf-der-stadt-und-der-bundespolizeiabteilung-zugunsten-karitativer-einrichtungen\/"]}]},{"@type":"ImageObject","inLanguage":"de","@id":"https:\/\/radioleinewelle.de\/index.php\/2020\/12\/08\/duderstadt-spendenaufruf-der-stadt-und-der-bundespolizeiabteilung-zugunsten-karitativer-einrichtungen\/#primaryimage","url":"https:\/\/radioleinewelle.de\/wp-content\/uploads\/2020\/12\/hand-5040992_640.jpg","contentUrl":"https:\/\/radioleinewelle.de\/wp-content\/uploads\/2020\/12\/hand-5040992_640.jpg","width":640,"height":439},{"@type":"BreadcrumbList","@id":"https:\/\/radioleinewelle.de\/index.php\/2020\/12\/08\/duderstadt-spendenaufruf-der-stadt-und-der-bundespolizeiabteilung-zugunsten-karitativer-einrichtungen\/#breadcrumb","itemListElement":[{"@type":"ListItem","position":1,"name":"Startseite","item":"https:\/\/radioleinewelle.de\/"},{"@type":"ListItem","position":2,"name":"Duderstadt: Spendenaufruf der Stadt und der Bundespolizeiabteilung zugunsten karitativer Einrichtungen"}]},{"@type":"WebSite","@id":"https:\/\/radioleinewelle.de\/#website","url":"https:\/\/radioleinewelle.de\/","name":"Radio Leinewelle","description":"","publisher":{"@id":"https:\/\/radioleinewelle.de\/#organization"},"potentialAction":[{"@type":"SearchAction","target":{"@type":"EntryPoint","urlTemplate":"https:\/\/radioleinewelle.de\/?s={search_term_string}"},"query-input":{"@type":"PropertyValueSpecification","valueRequired":true,"valueName":"search_term_string"}}],"inLanguage":"de"},{"@type":"Organization","@id":"https:\/\/radioleinewelle.de\/#organization","name":"Radio Leinewelle","alternateName":"Mein Radio f\u00fcr S\u00fcdniedersachsen","url":"https:\/\/radioleinewelle.de\/","logo":{"@type":"ImageObject","inLanguage":"de","@id":"https:\/\/radioleinewelle.de\/#\/schema\/logo\/image\/","url":"https:\/\/radioleinewelle.de\/wp-content\/uploads\/2023\/11\/cropped-Leinewelle_Logo_weiss.png","contentUrl":"https:\/\/radioleinewelle.de\/wp-content\/uploads\/2023\/11\/cropped-Leinewelle_Logo_weiss.png","width":854,"height":260,"caption":"Radio Leinewelle"},"image":{"@id":"https:\/\/radioleinewelle.de\/#\/schema\/logo\/image\/"},"sameAs":["https:\/\/www.facebook.com\/radioleinewelle","https:\/\/x.com\/RLeinewelle","https:\/\/www.instagram.com\/radioleinewelle\/?hl=de"]},{"@type":"Person","@id":"https:\/\/radioleinewelle.de\/#\/schema\/person\/45606f348637df637192dc1b68399a63","name":"Leinewelle","image":{"@type":"ImageObject","inLanguage":"de","@id":"https:\/\/secure.gravatar.com\/avatar\/05c9a17bc973052ee5d91549bd32fb4dd0dc85b7b85ae94b2e2b4943476bbea5?s=96&d=blank&r=g","url":"https:\/\/secure.gravatar.com\/avatar\/05c9a17bc973052ee5d91549bd32fb4dd0dc85b7b85ae94b2e2b4943476bbea5?s=96&d=blank&r=g","contentUrl":"https:\/\/secure.gravatar.com\/avatar\/05c9a17bc973052ee5d91549bd32fb4dd0dc85b7b85ae94b2e2b4943476bbea5?s=96&d=blank&r=g","caption":"Leinewelle"},"sameAs":["http:\/\/localhost\/radio%20leinewelle\/wordpress","https:\/\/www.facebook.com\/radioleinewelle","https:\/\/www.instagram.com\/radioleinewelle","https:\/\/x.com\/https:\/\/twitter.com\/RLeinewelle?ref_src=twsrcgoogletwcampserptwgrauthor","https:\/\/soundcloud.com\/foerderverein-lokalradio?utm_source=clipboard&utm_medium=text&utm_campaign=social_sharing"],"url":"https:\/\/radioleinewelle.de\/index.php\/author\/leinewelle\/"}]}},"_links":{"self":[{"href":"https:\/\/radioleinewelle.de\/index.php\/wp-json\/wp\/v2\/posts\/3372","targetHints":{"allow":["GET"]}}],"collection":[{"href":"https:\/\/radioleinewelle.de\/index.php\/wp-json\/wp\/v2\/posts"}],"about":[{"href":"https:\/\/radioleinewelle.de\/index.php\/wp-json\/wp\/v2\/types\/post"}],"author":[{"embeddable":true,"href":"https:\/\/radioleinewelle.de\/index.php\/wp-json\/wp\/v2\/users\/1"}],"replies":[{"embeddable":true,"href":"https:\/\/radioleinewelle.de\/index.php\/wp-json\/wp\/v2\/comments?post=3372"}],"version-history":[{"count":0,"href":"https:\/\/radioleinewelle.de\/index.php\/wp-json\/wp\/v2\/posts\/3372\/revisions"}],"wp:featuredmedia":[{"embeddable":true,"href":"https:\/\/radioleinewelle.de\/index.php\/wp-json\/wp\/v2\/media\/3375"}],"wp:attachment":[{"href":"https:\/\/radioleinewelle.de\/index.php\/wp-json\/wp\/v2\/media?parent=3372"}],"wp:term":[{"taxonomy":"category","embeddable":true,"href":"https:\/\/radioleinewelle.de\/index.php\/wp-json\/wp\/v2\/categories?post=3372"},{"taxonomy":"post_tag","embeddable":true,"href":"https:\/\/radioleinewelle.de\/index.php\/wp-json\/wp\/v2\/tags?post=3372"}],"curies":[{"name":"wp","href":"https:\/\/api.w.org\/{rel}","templated":true}]}}