{"id":3376,"date":"2020-12-08T05:20:19","date_gmt":"2020-12-08T04:20:19","guid":{"rendered":"https:\/\/radioleinewelle.de\/?p=3376"},"modified":"2020-12-08T05:20:19","modified_gmt":"2020-12-08T04:20:19","slug":"geschwindigkeitsmesstafeln-vor-grundschulen-stadt-osterode-am-harz-investiert-in-verkehrssicherheit","status":"publish","type":"post","link":"https:\/\/radioleinewelle.de\/index.php\/2020\/12\/08\/geschwindigkeitsmesstafeln-vor-grundschulen-stadt-osterode-am-harz-investiert-in-verkehrssicherheit\/","title":{"rendered":"Geschwindigkeitsmesstafeln vor Grundschulen &#8211; Stadt Osterode am Harz investiert in Verkehrssicherheit"},"content":{"rendered":"<p>Gefahren durch \u00fcberh\u00f6hte Geschwindigkeiten sind ein immer wieder viel diskutiertes Thema in der Stadt und den zugeh\u00f6rigen Ortschaften. Die Stadt Osterode am Harz hat nun reagiert und zun\u00e4chst drei Geschwindigkeitsmesstafeln beschafft. Die Ger\u00e4te wurden vor der Grundschule Lasfelde, vor der Realschule\/Grundschule R\u00f6ddenberg und vor der Grundschule S\u00f6setal in F\u00f6rste fest installiert und sollen die Sicherheit f\u00fcr die Schulkinder erh\u00f6hen. Die Geschwindigkeitsmesstafeln appellieren dabei an das Verantwortungsbewusstsein der Autofahrerinnen und Autofahrer in dem sie ihnen die tats\u00e4chlich gefahrene Geschwindigkeit direkt vor Augen h\u00e4lt. Daneben zeichnen sie die gefahrenen Geschwindigkeiten auf und liefern Informationen zur Anzahl der durchfahrenden Fahrzeuge.<\/p>\n<p>\u201eDie 2.500 Euro pro Messger\u00e4t sind sicherlich gut angelegt und wir werden in den n\u00e4chsten Jahren weitere Geschwindigkeitsmesstafeln beschaffen, die wir fest oder auch flexibel in Stadt und Ortschaften installieren k\u00f6nnen\u201c, zeigt sich B\u00fcrgermeister Jens Augat zufrieden.<\/p>\n<p>Im Bild: B\u00fcrgermeister Jens Augat und Stadtaufseher Karl-Heinz Kanal vor der Messtafel in Lasfelde<\/p>\n<p>&nbsp;<\/p>\n","protected":false},"excerpt":{"rendered":"<p>Gefahren durch \u00fcberh\u00f6hte Geschwindigkeiten sind ein immer wieder viel diskutiertes Thema in der Stadt und den zugeh\u00f6rigen Ortschaften. Die Stadt Osterode am Harz hat nun reagiert und zun\u00e4chst drei Geschwindigkeitsmesstafeln beschafft. Die Ger\u00e4te wurden vor der Grundschule Lasfelde, vor der Realschule\/Grundschule R\u00f6ddenberg und vor der Grundschule S\u00f6setal in F\u00f6rste fest installiert und sollen die Sicherheit [&hellip;]<\/p>\n","protected":false},"author":1,"featured_media":3378,"comment_status":"closed","ping_status":"closed","sticky":false,"template":"","format":"standard","meta":{"saved_in_kubio":false,"footnotes":""},"categories":[39],"tags":[],"class_list":["post-3376","post","type-post","status-publish","format-standard","has-post-thumbnail","hentry","category-lokalpolitik"],"yoast_head":"<!-- This site is optimized with the Yoast SEO plugin v27.5 - https:\/\/yoast.com\/product\/yoast-seo-wordpress\/ -->\n<title>Geschwindigkeitsmesstafeln vor Grundschulen - Stadt Osterode am Harz investiert in Verkehrssicherheit - Radio Leinewelle<\/title>\n<meta name=\"robots\" content=\"index, follow, max-snippet:-1, max-image-preview:large, max-video-preview:-1\" \/>\n<link rel=\"canonical\" href=\"https:\/\/radioleinewelle.de\/index.php\/2020\/12\/08\/geschwindigkeitsmesstafeln-vor-grundschulen-stadt-osterode-am-harz-investiert-in-verkehrssicherheit\/\" \/>\n<meta property=\"og:locale\" content=\"de_DE\" \/>\n<meta property=\"og:type\" content=\"article\" \/>\n<meta property=\"og:title\" content=\"Geschwindigkeitsmesstafeln vor Grundschulen - Stadt Osterode am Harz investiert in Verkehrssicherheit - Radio Leinewelle\" \/>\n<meta property=\"og:description\" content=\"Gefahren durch \u00fcberh\u00f6hte Geschwindigkeiten sind ein immer wieder viel diskutiertes Thema in der Stadt und den zugeh\u00f6rigen Ortschaften. Die Stadt Osterode am Harz hat nun reagiert und zun\u00e4chst drei Geschwindigkeitsmesstafeln beschafft. Die Ger\u00e4te wurden vor der Grundschule Lasfelde, vor der Realschule\/Grundschule R\u00f6ddenberg und vor der Grundschule S\u00f6setal in F\u00f6rste fest installiert und sollen die Sicherheit [&hellip;]\" \/>\n<meta property=\"og:url\" content=\"https:\/\/radioleinewelle.de\/index.php\/2020\/12\/08\/geschwindigkeitsmesstafeln-vor-grundschulen-stadt-osterode-am-harz-investiert-in-verkehrssicherheit\/\" \/>\n<meta property=\"og:site_name\" content=\"Radio Leinewelle\" \/>\n<meta property=\"article:publisher\" content=\"https:\/\/www.facebook.com\/radioleinewelle\" \/>\n<meta property=\"article:author\" content=\"https:\/\/www.facebook.com\/radioleinewelle\" \/>\n<meta property=\"article:published_time\" content=\"2020-12-08T04:20:19+00:00\" \/>\n<meta property=\"og:image\" content=\"https:\/\/radioleinewelle.de\/wp-content\/uploads\/2020\/12\/Geschw.-Messanl.-Lasfelde-e1607373975677.jpg\" \/>\n\t<meta property=\"og:image:width\" content=\"600\" \/>\n\t<meta property=\"og:image:height\" content=\"800\" \/>\n\t<meta property=\"og:image:type\" content=\"image\/jpeg\" \/>\n<meta name=\"author\" content=\"Leinewelle\" \/>\n<meta name=\"twitter:card\" content=\"summary_large_image\" \/>\n<meta name=\"twitter:creator\" content=\"@https:\/\/twitter.com\/RLeinewelle?ref_src=twsrcgoogletwcampserptwgrauthor\" \/>\n<meta name=\"twitter:site\" content=\"@RLeinewelle\" \/>\n<meta name=\"twitter:label1\" content=\"Verfasst von\" \/>\n\t<meta name=\"twitter:data1\" content=\"Leinewelle\" \/>\n\t<meta name=\"twitter:label2\" content=\"Gesch\u00e4tzte Lesezeit\" \/>\n\t<meta name=\"twitter:data2\" content=\"1\u00a0Minute\" \/>\n<script type=\"application\/ld+json\" class=\"yoast-schema-graph\">{\"@context\":\"https:\\\/\\\/schema.org\",\"@graph\":[{\"@type\":\"Article\",\"@id\":\"https:\\\/\\\/radioleinewelle.de\\\/index.php\\\/2020\\\/12\\\/08\\\/geschwindigkeitsmesstafeln-vor-grundschulen-stadt-osterode-am-harz-investiert-in-verkehrssicherheit\\\/#article\",\"isPartOf\":{\"@id\":\"https:\\\/\\\/radioleinewelle.de\\\/index.php\\\/2020\\\/12\\\/08\\\/geschwindigkeitsmesstafeln-vor-grundschulen-stadt-osterode-am-harz-investiert-in-verkehrssicherheit\\\/\"},\"author\":{\"name\":\"Leinewelle\",\"@id\":\"https:\\\/\\\/radioleinewelle.de\\\/#\\\/schema\\\/person\\\/45606f348637df637192dc1b68399a63\"},\"headline\":\"Geschwindigkeitsmesstafeln vor Grundschulen &#8211; Stadt Osterode am Harz investiert in Verkehrssicherheit\",\"datePublished\":\"2020-12-08T04:20:19+00:00\",\"mainEntityOfPage\":{\"@id\":\"https:\\\/\\\/radioleinewelle.de\\\/index.php\\\/2020\\\/12\\\/08\\\/geschwindigkeitsmesstafeln-vor-grundschulen-stadt-osterode-am-harz-investiert-in-verkehrssicherheit\\\/\"},\"wordCount\":176,\"publisher\":{\"@id\":\"https:\\\/\\\/radioleinewelle.de\\\/#organization\"},\"image\":{\"@id\":\"https:\\\/\\\/radioleinewelle.de\\\/index.php\\\/2020\\\/12\\\/08\\\/geschwindigkeitsmesstafeln-vor-grundschulen-stadt-osterode-am-harz-investiert-in-verkehrssicherheit\\\/#primaryimage\"},\"thumbnailUrl\":\"https:\\\/\\\/radioleinewelle.de\\\/wp-content\\\/uploads\\\/2020\\\/12\\\/Geschw.-Messanl.-Lasfelde-e1607373975677.jpg\",\"articleSection\":[\"Lokalpolitik\"],\"inLanguage\":\"de\"},{\"@type\":\"WebPage\",\"@id\":\"https:\\\/\\\/radioleinewelle.de\\\/index.php\\\/2020\\\/12\\\/08\\\/geschwindigkeitsmesstafeln-vor-grundschulen-stadt-osterode-am-harz-investiert-in-verkehrssicherheit\\\/\",\"url\":\"https:\\\/\\\/radioleinewelle.de\\\/index.php\\\/2020\\\/12\\\/08\\\/geschwindigkeitsmesstafeln-vor-grundschulen-stadt-osterode-am-harz-investiert-in-verkehrssicherheit\\\/\",\"name\":\"Geschwindigkeitsmesstafeln vor Grundschulen - Stadt Osterode am Harz investiert in Verkehrssicherheit - Radio Leinewelle\",\"isPartOf\":{\"@id\":\"https:\\\/\\\/radioleinewelle.de\\\/#website\"},\"primaryImageOfPage\":{\"@id\":\"https:\\\/\\\/radioleinewelle.de\\\/index.php\\\/2020\\\/12\\\/08\\\/geschwindigkeitsmesstafeln-vor-grundschulen-stadt-osterode-am-harz-investiert-in-verkehrssicherheit\\\/#primaryimage\"},\"image\":{\"@id\":\"https:\\\/\\\/radioleinewelle.de\\\/index.php\\\/2020\\\/12\\\/08\\\/geschwindigkeitsmesstafeln-vor-grundschulen-stadt-osterode-am-harz-investiert-in-verkehrssicherheit\\\/#primaryimage\"},\"thumbnailUrl\":\"https:\\\/\\\/radioleinewelle.de\\\/wp-content\\\/uploads\\\/2020\\\/12\\\/Geschw.-Messanl.-Lasfelde-e1607373975677.jpg\",\"datePublished\":\"2020-12-08T04:20:19+00:00\",\"breadcrumb\":{\"@id\":\"https:\\\/\\\/radioleinewelle.de\\\/index.php\\\/2020\\\/12\\\/08\\\/geschwindigkeitsmesstafeln-vor-grundschulen-stadt-osterode-am-harz-investiert-in-verkehrssicherheit\\\/#breadcrumb\"},\"inLanguage\":\"de\",\"potentialAction\":[{\"@type\":\"ReadAction\",\"target\":[\"https:\\\/\\\/radioleinewelle.de\\\/index.php\\\/2020\\\/12\\\/08\\\/geschwindigkeitsmesstafeln-vor-grundschulen-stadt-osterode-am-harz-investiert-in-verkehrssicherheit\\\/\"]}]},{\"@type\":\"ImageObject\",\"inLanguage\":\"de\",\"@id\":\"https:\\\/\\\/radioleinewelle.de\\\/index.php\\\/2020\\\/12\\\/08\\\/geschwindigkeitsmesstafeln-vor-grundschulen-stadt-osterode-am-harz-investiert-in-verkehrssicherheit\\\/#primaryimage\",\"url\":\"https:\\\/\\\/radioleinewelle.de\\\/wp-content\\\/uploads\\\/2020\\\/12\\\/Geschw.-Messanl.-Lasfelde-e1607373975677.jpg\",\"contentUrl\":\"https:\\\/\\\/radioleinewelle.de\\\/wp-content\\\/uploads\\\/2020\\\/12\\\/Geschw.-Messanl.-Lasfelde-e1607373975677.jpg\",\"width\":600,\"height\":800},{\"@type\":\"BreadcrumbList\",\"@id\":\"https:\\\/\\\/radioleinewelle.de\\\/index.php\\\/2020\\\/12\\\/08\\\/geschwindigkeitsmesstafeln-vor-grundschulen-stadt-osterode-am-harz-investiert-in-verkehrssicherheit\\\/#breadcrumb\",\"itemListElement\":[{\"@type\":\"ListItem\",\"position\":1,\"name\":\"Startseite\",\"item\":\"https:\\\/\\\/radioleinewelle.de\\\/\"},{\"@type\":\"ListItem\",\"position\":2,\"name\":\"Geschwindigkeitsmesstafeln vor Grundschulen &#8211; Stadt Osterode am Harz investiert in Verkehrssicherheit\"}]},{\"@type\":\"WebSite\",\"@id\":\"https:\\\/\\\/radioleinewelle.de\\\/#website\",\"url\":\"https:\\\/\\\/radioleinewelle.de\\\/\",\"name\":\"Radio Leinewelle\",\"description\":\"\",\"publisher\":{\"@id\":\"https:\\\/\\\/radioleinewelle.de\\\/#organization\"},\"potentialAction\":[{\"@type\":\"SearchAction\",\"target\":{\"@type\":\"EntryPoint\",\"urlTemplate\":\"https:\\\/\\\/radioleinewelle.de\\\/?s={search_term_string}\"},\"query-input\":{\"@type\":\"PropertyValueSpecification\",\"valueRequired\":true,\"valueName\":\"search_term_string\"}}],\"inLanguage\":\"de\"},{\"@type\":\"Organization\",\"@id\":\"https:\\\/\\\/radioleinewelle.de\\\/#organization\",\"name\":\"Radio Leinewelle\",\"alternateName\":\"Mein Radio f\u00fcr S\u00fcdniedersachsen\",\"url\":\"https:\\\/\\\/radioleinewelle.de\\\/\",\"logo\":{\"@type\":\"ImageObject\",\"inLanguage\":\"de\",\"@id\":\"https:\\\/\\\/radioleinewelle.de\\\/#\\\/schema\\\/logo\\\/image\\\/\",\"url\":\"https:\\\/\\\/radioleinewelle.de\\\/wp-content\\\/uploads\\\/2023\\\/11\\\/cropped-Leinewelle_Logo_weiss.png\",\"contentUrl\":\"https:\\\/\\\/radioleinewelle.de\\\/wp-content\\\/uploads\\\/2023\\\/11\\\/cropped-Leinewelle_Logo_weiss.png\",\"width\":854,\"height\":260,\"caption\":\"Radio Leinewelle\"},\"image\":{\"@id\":\"https:\\\/\\\/radioleinewelle.de\\\/#\\\/schema\\\/logo\\\/image\\\/\"},\"sameAs\":[\"https:\\\/\\\/www.facebook.com\\\/radioleinewelle\",\"https:\\\/\\\/x.com\\\/RLeinewelle\",\"https:\\\/\\\/www.instagram.com\\\/radioleinewelle\\\/?hl=de\"]},{\"@type\":\"Person\",\"@id\":\"https:\\\/\\\/radioleinewelle.de\\\/#\\\/schema\\\/person\\\/45606f348637df637192dc1b68399a63\",\"name\":\"Leinewelle\",\"image\":{\"@type\":\"ImageObject\",\"inLanguage\":\"de\",\"@id\":\"https:\\\/\\\/secure.gravatar.com\\\/avatar\\\/05c9a17bc973052ee5d91549bd32fb4dd0dc85b7b85ae94b2e2b4943476bbea5?s=96&d=blank&r=g\",\"url\":\"https:\\\/\\\/secure.gravatar.com\\\/avatar\\\/05c9a17bc973052ee5d91549bd32fb4dd0dc85b7b85ae94b2e2b4943476bbea5?s=96&d=blank&r=g\",\"contentUrl\":\"https:\\\/\\\/secure.gravatar.com\\\/avatar\\\/05c9a17bc973052ee5d91549bd32fb4dd0dc85b7b85ae94b2e2b4943476bbea5?s=96&d=blank&r=g\",\"caption\":\"Leinewelle\"},\"sameAs\":[\"http:\\\/\\\/localhost\\\/radio%20leinewelle\\\/wordpress\",\"https:\\\/\\\/www.facebook.com\\\/radioleinewelle\",\"https:\\\/\\\/www.instagram.com\\\/radioleinewelle\",\"https:\\\/\\\/x.com\\\/https:\\\/\\\/twitter.com\\\/RLeinewelle?ref_src=twsrcgoogletwcampserptwgrauthor\",\"https:\\\/\\\/soundcloud.com\\\/foerderverein-lokalradio?utm_source=clipboard&utm_medium=text&utm_campaign=social_sharing\"],\"url\":\"https:\\\/\\\/radioleinewelle.de\\\/index.php\\\/author\\\/leinewelle\\\/\"}]}<\/script>\n<!-- \/ Yoast SEO plugin. -->","yoast_head_json":{"title":"Geschwindigkeitsmesstafeln vor Grundschulen - Stadt Osterode am Harz investiert in Verkehrssicherheit - Radio Leinewelle","robots":{"index":"index","follow":"follow","max-snippet":"max-snippet:-1","max-image-preview":"max-image-preview:large","max-video-preview":"max-video-preview:-1"},"canonical":"https:\/\/radioleinewelle.de\/index.php\/2020\/12\/08\/geschwindigkeitsmesstafeln-vor-grundschulen-stadt-osterode-am-harz-investiert-in-verkehrssicherheit\/","og_locale":"de_DE","og_type":"article","og_title":"Geschwindigkeitsmesstafeln vor Grundschulen - Stadt Osterode am Harz investiert in Verkehrssicherheit - Radio Leinewelle","og_description":"Gefahren durch \u00fcberh\u00f6hte Geschwindigkeiten sind ein immer wieder viel diskutiertes Thema in der Stadt und den zugeh\u00f6rigen Ortschaften. Die Stadt Osterode am Harz hat nun reagiert und zun\u00e4chst drei Geschwindigkeitsmesstafeln beschafft. Die Ger\u00e4te wurden vor der Grundschule Lasfelde, vor der Realschule\/Grundschule R\u00f6ddenberg und vor der Grundschule S\u00f6setal in F\u00f6rste fest installiert und sollen die Sicherheit [&hellip;]","og_url":"https:\/\/radioleinewelle.de\/index.php\/2020\/12\/08\/geschwindigkeitsmesstafeln-vor-grundschulen-stadt-osterode-am-harz-investiert-in-verkehrssicherheit\/","og_site_name":"Radio Leinewelle","article_publisher":"https:\/\/www.facebook.com\/radioleinewelle","article_author":"https:\/\/www.facebook.com\/radioleinewelle","article_published_time":"2020-12-08T04:20:19+00:00","og_image":[{"width":600,"height":800,"url":"https:\/\/radioleinewelle.de\/wp-content\/uploads\/2020\/12\/Geschw.-Messanl.-Lasfelde-e1607373975677.jpg","type":"image\/jpeg"}],"author":"Leinewelle","twitter_card":"summary_large_image","twitter_creator":"@https:\/\/twitter.com\/RLeinewelle?ref_src=twsrcgoogletwcampserptwgrauthor","twitter_site":"@RLeinewelle","twitter_misc":{"Verfasst von":"Leinewelle","Gesch\u00e4tzte Lesezeit":"1\u00a0Minute"},"schema":{"@context":"https:\/\/schema.org","@graph":[{"@type":"Article","@id":"https:\/\/radioleinewelle.de\/index.php\/2020\/12\/08\/geschwindigkeitsmesstafeln-vor-grundschulen-stadt-osterode-am-harz-investiert-in-verkehrssicherheit\/#article","isPartOf":{"@id":"https:\/\/radioleinewelle.de\/index.php\/2020\/12\/08\/geschwindigkeitsmesstafeln-vor-grundschulen-stadt-osterode-am-harz-investiert-in-verkehrssicherheit\/"},"author":{"name":"Leinewelle","@id":"https:\/\/radioleinewelle.de\/#\/schema\/person\/45606f348637df637192dc1b68399a63"},"headline":"Geschwindigkeitsmesstafeln vor Grundschulen &#8211; Stadt Osterode am Harz investiert in Verkehrssicherheit","datePublished":"2020-12-08T04:20:19+00:00","mainEntityOfPage":{"@id":"https:\/\/radioleinewelle.de\/index.php\/2020\/12\/08\/geschwindigkeitsmesstafeln-vor-grundschulen-stadt-osterode-am-harz-investiert-in-verkehrssicherheit\/"},"wordCount":176,"publisher":{"@id":"https:\/\/radioleinewelle.de\/#organization"},"image":{"@id":"https:\/\/radioleinewelle.de\/index.php\/2020\/12\/08\/geschwindigkeitsmesstafeln-vor-grundschulen-stadt-osterode-am-harz-investiert-in-verkehrssicherheit\/#primaryimage"},"thumbnailUrl":"https:\/\/radioleinewelle.de\/wp-content\/uploads\/2020\/12\/Geschw.-Messanl.-Lasfelde-e1607373975677.jpg","articleSection":["Lokalpolitik"],"inLanguage":"de"},{"@type":"WebPage","@id":"https:\/\/radioleinewelle.de\/index.php\/2020\/12\/08\/geschwindigkeitsmesstafeln-vor-grundschulen-stadt-osterode-am-harz-investiert-in-verkehrssicherheit\/","url":"https:\/\/radioleinewelle.de\/index.php\/2020\/12\/08\/geschwindigkeitsmesstafeln-vor-grundschulen-stadt-osterode-am-harz-investiert-in-verkehrssicherheit\/","name":"Geschwindigkeitsmesstafeln vor Grundschulen - Stadt Osterode am Harz investiert in Verkehrssicherheit - Radio Leinewelle","isPartOf":{"@id":"https:\/\/radioleinewelle.de\/#website"},"primaryImageOfPage":{"@id":"https:\/\/radioleinewelle.de\/index.php\/2020\/12\/08\/geschwindigkeitsmesstafeln-vor-grundschulen-stadt-osterode-am-harz-investiert-in-verkehrssicherheit\/#primaryimage"},"image":{"@id":"https:\/\/radioleinewelle.de\/index.php\/2020\/12\/08\/geschwindigkeitsmesstafeln-vor-grundschulen-stadt-osterode-am-harz-investiert-in-verkehrssicherheit\/#primaryimage"},"thumbnailUrl":"https:\/\/radioleinewelle.de\/wp-content\/uploads\/2020\/12\/Geschw.-Messanl.-Lasfelde-e1607373975677.jpg","datePublished":"2020-12-08T04:20:19+00:00","breadcrumb":{"@id":"https:\/\/radioleinewelle.de\/index.php\/2020\/12\/08\/geschwindigkeitsmesstafeln-vor-grundschulen-stadt-osterode-am-harz-investiert-in-verkehrssicherheit\/#breadcrumb"},"inLanguage":"de","potentialAction":[{"@type":"ReadAction","target":["https:\/\/radioleinewelle.de\/index.php\/2020\/12\/08\/geschwindigkeitsmesstafeln-vor-grundschulen-stadt-osterode-am-harz-investiert-in-verkehrssicherheit\/"]}]},{"@type":"ImageObject","inLanguage":"de","@id":"https:\/\/radioleinewelle.de\/index.php\/2020\/12\/08\/geschwindigkeitsmesstafeln-vor-grundschulen-stadt-osterode-am-harz-investiert-in-verkehrssicherheit\/#primaryimage","url":"https:\/\/radioleinewelle.de\/wp-content\/uploads\/2020\/12\/Geschw.-Messanl.-Lasfelde-e1607373975677.jpg","contentUrl":"https:\/\/radioleinewelle.de\/wp-content\/uploads\/2020\/12\/Geschw.-Messanl.-Lasfelde-e1607373975677.jpg","width":600,"height":800},{"@type":"BreadcrumbList","@id":"https:\/\/radioleinewelle.de\/index.php\/2020\/12\/08\/geschwindigkeitsmesstafeln-vor-grundschulen-stadt-osterode-am-harz-investiert-in-verkehrssicherheit\/#breadcrumb","itemListElement":[{"@type":"ListItem","position":1,"name":"Startseite","item":"https:\/\/radioleinewelle.de\/"},{"@type":"ListItem","position":2,"name":"Geschwindigkeitsmesstafeln vor Grundschulen &#8211; Stadt Osterode am Harz investiert in Verkehrssicherheit"}]},{"@type":"WebSite","@id":"https:\/\/radioleinewelle.de\/#website","url":"https:\/\/radioleinewelle.de\/","name":"Radio Leinewelle","description":"","publisher":{"@id":"https:\/\/radioleinewelle.de\/#organization"},"potentialAction":[{"@type":"SearchAction","target":{"@type":"EntryPoint","urlTemplate":"https:\/\/radioleinewelle.de\/?s={search_term_string}"},"query-input":{"@type":"PropertyValueSpecification","valueRequired":true,"valueName":"search_term_string"}}],"inLanguage":"de"},{"@type":"Organization","@id":"https:\/\/radioleinewelle.de\/#organization","name":"Radio Leinewelle","alternateName":"Mein Radio f\u00fcr S\u00fcdniedersachsen","url":"https:\/\/radioleinewelle.de\/","logo":{"@type":"ImageObject","inLanguage":"de","@id":"https:\/\/radioleinewelle.de\/#\/schema\/logo\/image\/","url":"https:\/\/radioleinewelle.de\/wp-content\/uploads\/2023\/11\/cropped-Leinewelle_Logo_weiss.png","contentUrl":"https:\/\/radioleinewelle.de\/wp-content\/uploads\/2023\/11\/cropped-Leinewelle_Logo_weiss.png","width":854,"height":260,"caption":"Radio Leinewelle"},"image":{"@id":"https:\/\/radioleinewelle.de\/#\/schema\/logo\/image\/"},"sameAs":["https:\/\/www.facebook.com\/radioleinewelle","https:\/\/x.com\/RLeinewelle","https:\/\/www.instagram.com\/radioleinewelle\/?hl=de"]},{"@type":"Person","@id":"https:\/\/radioleinewelle.de\/#\/schema\/person\/45606f348637df637192dc1b68399a63","name":"Leinewelle","image":{"@type":"ImageObject","inLanguage":"de","@id":"https:\/\/secure.gravatar.com\/avatar\/05c9a17bc973052ee5d91549bd32fb4dd0dc85b7b85ae94b2e2b4943476bbea5?s=96&d=blank&r=g","url":"https:\/\/secure.gravatar.com\/avatar\/05c9a17bc973052ee5d91549bd32fb4dd0dc85b7b85ae94b2e2b4943476bbea5?s=96&d=blank&r=g","contentUrl":"https:\/\/secure.gravatar.com\/avatar\/05c9a17bc973052ee5d91549bd32fb4dd0dc85b7b85ae94b2e2b4943476bbea5?s=96&d=blank&r=g","caption":"Leinewelle"},"sameAs":["http:\/\/localhost\/radio%20leinewelle\/wordpress","https:\/\/www.facebook.com\/radioleinewelle","https:\/\/www.instagram.com\/radioleinewelle","https:\/\/x.com\/https:\/\/twitter.com\/RLeinewelle?ref_src=twsrcgoogletwcampserptwgrauthor","https:\/\/soundcloud.com\/foerderverein-lokalradio?utm_source=clipboard&utm_medium=text&utm_campaign=social_sharing"],"url":"https:\/\/radioleinewelle.de\/index.php\/author\/leinewelle\/"}]}},"_links":{"self":[{"href":"https:\/\/radioleinewelle.de\/index.php\/wp-json\/wp\/v2\/posts\/3376","targetHints":{"allow":["GET"]}}],"collection":[{"href":"https:\/\/radioleinewelle.de\/index.php\/wp-json\/wp\/v2\/posts"}],"about":[{"href":"https:\/\/radioleinewelle.de\/index.php\/wp-json\/wp\/v2\/types\/post"}],"author":[{"embeddable":true,"href":"https:\/\/radioleinewelle.de\/index.php\/wp-json\/wp\/v2\/users\/1"}],"replies":[{"embeddable":true,"href":"https:\/\/radioleinewelle.de\/index.php\/wp-json\/wp\/v2\/comments?post=3376"}],"version-history":[{"count":0,"href":"https:\/\/radioleinewelle.de\/index.php\/wp-json\/wp\/v2\/posts\/3376\/revisions"}],"wp:featuredmedia":[{"embeddable":true,"href":"https:\/\/radioleinewelle.de\/index.php\/wp-json\/wp\/v2\/media\/3378"}],"wp:attachment":[{"href":"https:\/\/radioleinewelle.de\/index.php\/wp-json\/wp\/v2\/media?parent=3376"}],"wp:term":[{"taxonomy":"category","embeddable":true,"href":"https:\/\/radioleinewelle.de\/index.php\/wp-json\/wp\/v2\/categories?post=3376"},{"taxonomy":"post_tag","embeddable":true,"href":"https:\/\/radioleinewelle.de\/index.php\/wp-json\/wp\/v2\/tags?post=3376"}],"curies":[{"name":"wp","href":"https:\/\/api.w.org\/{rel}","templated":true}]}}