{"id":3398,"date":"2020-12-09T05:00:48","date_gmt":"2020-12-09T04:00:48","guid":{"rendered":"https:\/\/radioleinewelle.de\/?p=3398"},"modified":"2020-12-09T05:00:48","modified_gmt":"2020-12-09T04:00:48","slug":"niedersaechsische-tourismusbranche-zwischen-resignation-und-hoffnung","status":"publish","type":"post","link":"https:\/\/radioleinewelle.de\/index.php\/2020\/12\/09\/niedersaechsische-tourismusbranche-zwischen-resignation-und-hoffnung\/","title":{"rendered":"Nieders\u00e4chsische Tourismusbranche zwischen Resignation und Hoffnung"},"content":{"rendered":"<p>W\u00e4hrend des andauernden Teil-Lockdowns, der insbesondere die Tourismusbranche hart trifft, hat die TourismusMarketing Niedersachsen (TMN) in einer dritten Branchenumfrage insgesamt 490 Betriebe mit Blick auf das Tourismusjahr 2021 befragt. Darunter Hotels, gewerbliche und private Anbieter von Ferienwohnungen, Pensionen, Freizeiteinrichtungen, Tourist-Informationsstellen sowie Gastst\u00e4tten. Demnach hat sich die Lage unter den Befragten w\u00e4hrend der zweiten Welle deutlich verschlechtert. Immer mehr geben an, zu resignieren und zu verzweifeln. Zudem blickt nur noch ein Drittel optimistisch auf 2021.<\/p>\n<p><strong>Nur wenige Neubuchungen f\u00fcr das erste Halbjahr 2021<\/strong><br \/>\nW\u00e4hrend die Touristiker am Ende des ersten Lockdowns im Juni noch von Neubuchungen f\u00fcr die zweite Jahresh\u00e4lfte berichten konnten, sieht es f\u00fcr das ersten Halbjahr 2021 um einiges schlechter aus. Mehr als die H\u00e4lfte der Betriebe (57 Prozent) gibt an, dass gegenw\u00e4rtig keine Neubuchungen f\u00fcr diesen Zeitraum stattfinden. Entsprechend erwarten 41 Prozent hohe Umsatzeinbu\u00dfen von mindestens 50 Prozent f\u00fcr das erste Quartal 2021 sowie 27 Prozent auch noch f\u00fcr das zweite Quartal. Unter den derzeitigen Einschr\u00e4nkungen geben zudem 59 Prozent der Befragten an, dass sie ihr Unternehmen nur noch max. sechs Monate weiter fortf\u00fchren k\u00f6nnen.<\/p>\n<p>\u201eDie aktuelle Umfrage belegt, wie dramatisch die Lage innerhalb der touristischen Betriebe in Niedersachsen ist. Neben den derzeitigen hohen Umsatzeinbu\u00dfen durch den Teil-Lockdown sind auch die Aussichten auf die kommenden Monate schlecht. Es ist offensichtlich, dass viele in 2021 weiter ums \u00dcberleben k\u00e4mpfen werden. Umso wichtiger, dass seitens der Politik Perspektiven geschaffen werden f\u00fcr die Branchen, die die Hauptlast der Pandemiebek\u00e4mpfung tragen\u201c, sagt Meike Zumbrock, Gesch\u00e4ftsf\u00fchrerin der TMN.<\/p>\n<p><strong>Preiserh\u00f6hungen werden unvermeidlich<\/strong><br \/>\nWie schon im Fr\u00fchjahr leiden die nieders\u00e4chsischen Touristiker derzeit weiterhin unter den anfallenden Stornierungen. Mehr als die H\u00e4lfte der Betriebe (52,1 Prozent) beklagt den Ausfall von mehr als 50 Prozent der Buchungen. So verwundert es nicht, dass auch die gr\u00f6\u00dften Umsatzeinbu\u00dfen f\u00fcr das laufende vierte Quartal erwartet werden. Allein bei 56,8 Prozent der Befragten liegen diese bei \u00fcber der H\u00e4lfte der erwarteten Ums\u00e4tze. Neben Kurzarbeit werden infolgedessen immer h\u00e4ufiger \u00d6ffnungszeiten eingeschr\u00e4nkt. Waren es im M\u00e4rz noch 27,5 Prozent und im Juni 39,8 Prozent, so greifen im November bereits 43,2 Prozent der Betriebe auf diese Ma\u00dfnahme zur\u00fcck. Zudem sieht sich nun erstmals die Mehrheit der Betriebe (52,7 Prozent) gezwungen, die Preise in 2021 anzuheben.<\/p>\n<p><strong>Schwankende Prognosen f\u00fcr das Tourismusjahr 2021<\/strong><br \/>\nDer Gro\u00dfteil der nieders\u00e4chsischen Touristiker kann die aktuellen Beschr\u00e4nkungen aus gesundheitlicher Perspektive nachvollziehen, jedoch nicht aus wirtschaftlicher. Entsprechend schl\u00e4gt sich dies in der Stimmung nieder. W\u00e4hrend im Sommer noch mehr als die H\u00e4lfte der Befragten (51,6 Prozent) angegeben hat, vorsichtig optimistisch hinsichtlich ihrer wirtschaftlichen Lage zu sein, sind es aktuell nur noch ein Drittel (31,3 Prozent). Gleichzeitig ist im selben Zeitraum der Anteil derer, die angeben, zunehmend resigniert zu sein, von 16,7 auf 25,6 Prozent gestiegen. Die \u00fcberw\u00e4ltigende Mehrheit von 87 Prozent rechnet zudem mit weiteren Einschr\u00e4nkungen im Tourismus, solange kein wirksamer Impfstoff zugelassen ist. Ebenfalls gro\u00dfe Einigkeit besteht bei der Annahme, dass das Erlebnis f\u00fcr G\u00e4ste auch in 2021 noch nicht wieder so sein wird, wie vor der Corona-Pandemie. Trotz der skeptischen Einsch\u00e4tzung herrscht gleichzeitig auch Optimismus vor, denn 79 Prozent der Befragten sind der Meinung, dass G\u00e4ste in Niedersachsen in 2021 dank der gut ausgearbeiteten Hygienekonzepte einen unbeschwerten Urlaub genie\u00dfen werden k\u00f6nnen.<\/p>\n<p><strong>Foto:<\/strong> Goslar Marketing GmbH \u00a9Stefan Schiefer<\/p>\n","protected":false},"excerpt":{"rendered":"<p>W\u00e4hrend des andauernden Teil-Lockdowns, der insbesondere die Tourismusbranche hart trifft, hat die TourismusMarketing Niedersachsen (TMN) in einer dritten Branchenumfrage insgesamt 490 Betriebe mit Blick auf das Tourismusjahr 2021 befragt. Darunter Hotels, gewerbliche und private Anbieter von Ferienwohnungen, Pensionen, Freizeiteinrichtungen, Tourist-Informationsstellen sowie Gastst\u00e4tten. Demnach hat sich die Lage unter den Befragten w\u00e4hrend der zweiten Welle deutlich [&hellip;]<\/p>\n","protected":false},"author":1,"featured_media":0,"comment_status":"closed","ping_status":"closed","sticky":false,"template":"","format":"standard","meta":{"saved_in_kubio":false,"footnotes":""},"categories":[42],"tags":[],"class_list":["post-3398","post","type-post","status-publish","format-standard","hentry","category-regionaler-tourismus"],"yoast_head":"<!-- This site is optimized with the Yoast SEO plugin v27.5 - https:\/\/yoast.com\/product\/yoast-seo-wordpress\/ -->\n<title>Nieders\u00e4chsische Tourismusbranche zwischen Resignation und Hoffnung - Radio Leinewelle<\/title>\n<meta name=\"robots\" content=\"index, follow, max-snippet:-1, max-image-preview:large, max-video-preview:-1\" \/>\n<link rel=\"canonical\" href=\"https:\/\/radioleinewelle.de\/index.php\/2020\/12\/09\/niedersaechsische-tourismusbranche-zwischen-resignation-und-hoffnung\/\" \/>\n<meta property=\"og:locale\" content=\"de_DE\" \/>\n<meta property=\"og:type\" content=\"article\" \/>\n<meta property=\"og:title\" content=\"Nieders\u00e4chsische Tourismusbranche zwischen Resignation und Hoffnung - Radio Leinewelle\" \/>\n<meta property=\"og:description\" content=\"W\u00e4hrend des andauernden Teil-Lockdowns, der insbesondere die Tourismusbranche hart trifft, hat die TourismusMarketing Niedersachsen (TMN) in einer dritten Branchenumfrage insgesamt 490 Betriebe mit Blick auf das Tourismusjahr 2021 befragt. Darunter Hotels, gewerbliche und private Anbieter von Ferienwohnungen, Pensionen, Freizeiteinrichtungen, Tourist-Informationsstellen sowie Gastst\u00e4tten. Demnach hat sich die Lage unter den Befragten w\u00e4hrend der zweiten Welle deutlich [&hellip;]\" \/>\n<meta property=\"og:url\" content=\"https:\/\/radioleinewelle.de\/index.php\/2020\/12\/09\/niedersaechsische-tourismusbranche-zwischen-resignation-und-hoffnung\/\" \/>\n<meta property=\"og:site_name\" content=\"Radio Leinewelle\" \/>\n<meta property=\"article:publisher\" content=\"https:\/\/www.facebook.com\/radioleinewelle\" \/>\n<meta property=\"article:author\" content=\"https:\/\/www.facebook.com\/radioleinewelle\" \/>\n<meta property=\"article:published_time\" content=\"2020-12-09T04:00:48+00:00\" \/>\n<meta name=\"author\" content=\"Leinewelle\" \/>\n<meta name=\"twitter:card\" content=\"summary_large_image\" \/>\n<meta name=\"twitter:creator\" content=\"@https:\/\/twitter.com\/RLeinewelle?ref_src=twsrcgoogletwcampserptwgrauthor\" \/>\n<meta name=\"twitter:site\" content=\"@RLeinewelle\" \/>\n<meta name=\"twitter:label1\" content=\"Verfasst von\" \/>\n\t<meta name=\"twitter:data1\" content=\"Leinewelle\" \/>\n\t<meta name=\"twitter:label2\" content=\"Gesch\u00e4tzte Lesezeit\" \/>\n\t<meta name=\"twitter:data2\" content=\"3\u00a0Minuten\" \/>\n<script type=\"application\/ld+json\" class=\"yoast-schema-graph\">{\"@context\":\"https:\\\/\\\/schema.org\",\"@graph\":[{\"@type\":\"Article\",\"@id\":\"https:\\\/\\\/radioleinewelle.de\\\/index.php\\\/2020\\\/12\\\/09\\\/niedersaechsische-tourismusbranche-zwischen-resignation-und-hoffnung\\\/#article\",\"isPartOf\":{\"@id\":\"https:\\\/\\\/radioleinewelle.de\\\/index.php\\\/2020\\\/12\\\/09\\\/niedersaechsische-tourismusbranche-zwischen-resignation-und-hoffnung\\\/\"},\"author\":{\"name\":\"Leinewelle\",\"@id\":\"https:\\\/\\\/radioleinewelle.de\\\/#\\\/schema\\\/person\\\/45606f348637df637192dc1b68399a63\"},\"headline\":\"Nieders\u00e4chsische Tourismusbranche zwischen Resignation und Hoffnung\",\"datePublished\":\"2020-12-09T04:00:48+00:00\",\"mainEntityOfPage\":{\"@id\":\"https:\\\/\\\/radioleinewelle.de\\\/index.php\\\/2020\\\/12\\\/09\\\/niedersaechsische-tourismusbranche-zwischen-resignation-und-hoffnung\\\/\"},\"wordCount\":558,\"publisher\":{\"@id\":\"https:\\\/\\\/radioleinewelle.de\\\/#organization\"},\"articleSection\":[\"Regionaler Tourismus\"],\"inLanguage\":\"de\"},{\"@type\":\"WebPage\",\"@id\":\"https:\\\/\\\/radioleinewelle.de\\\/index.php\\\/2020\\\/12\\\/09\\\/niedersaechsische-tourismusbranche-zwischen-resignation-und-hoffnung\\\/\",\"url\":\"https:\\\/\\\/radioleinewelle.de\\\/index.php\\\/2020\\\/12\\\/09\\\/niedersaechsische-tourismusbranche-zwischen-resignation-und-hoffnung\\\/\",\"name\":\"Nieders\u00e4chsische Tourismusbranche zwischen Resignation und Hoffnung - Radio Leinewelle\",\"isPartOf\":{\"@id\":\"https:\\\/\\\/radioleinewelle.de\\\/#website\"},\"datePublished\":\"2020-12-09T04:00:48+00:00\",\"breadcrumb\":{\"@id\":\"https:\\\/\\\/radioleinewelle.de\\\/index.php\\\/2020\\\/12\\\/09\\\/niedersaechsische-tourismusbranche-zwischen-resignation-und-hoffnung\\\/#breadcrumb\"},\"inLanguage\":\"de\",\"potentialAction\":[{\"@type\":\"ReadAction\",\"target\":[\"https:\\\/\\\/radioleinewelle.de\\\/index.php\\\/2020\\\/12\\\/09\\\/niedersaechsische-tourismusbranche-zwischen-resignation-und-hoffnung\\\/\"]}]},{\"@type\":\"BreadcrumbList\",\"@id\":\"https:\\\/\\\/radioleinewelle.de\\\/index.php\\\/2020\\\/12\\\/09\\\/niedersaechsische-tourismusbranche-zwischen-resignation-und-hoffnung\\\/#breadcrumb\",\"itemListElement\":[{\"@type\":\"ListItem\",\"position\":1,\"name\":\"Startseite\",\"item\":\"https:\\\/\\\/radioleinewelle.de\\\/\"},{\"@type\":\"ListItem\",\"position\":2,\"name\":\"Nieders\u00e4chsische Tourismusbranche zwischen Resignation und Hoffnung\"}]},{\"@type\":\"WebSite\",\"@id\":\"https:\\\/\\\/radioleinewelle.de\\\/#website\",\"url\":\"https:\\\/\\\/radioleinewelle.de\\\/\",\"name\":\"Radio Leinewelle\",\"description\":\"\",\"publisher\":{\"@id\":\"https:\\\/\\\/radioleinewelle.de\\\/#organization\"},\"potentialAction\":[{\"@type\":\"SearchAction\",\"target\":{\"@type\":\"EntryPoint\",\"urlTemplate\":\"https:\\\/\\\/radioleinewelle.de\\\/?s={search_term_string}\"},\"query-input\":{\"@type\":\"PropertyValueSpecification\",\"valueRequired\":true,\"valueName\":\"search_term_string\"}}],\"inLanguage\":\"de\"},{\"@type\":\"Organization\",\"@id\":\"https:\\\/\\\/radioleinewelle.de\\\/#organization\",\"name\":\"Radio Leinewelle\",\"alternateName\":\"Mein Radio f\u00fcr S\u00fcdniedersachsen\",\"url\":\"https:\\\/\\\/radioleinewelle.de\\\/\",\"logo\":{\"@type\":\"ImageObject\",\"inLanguage\":\"de\",\"@id\":\"https:\\\/\\\/radioleinewelle.de\\\/#\\\/schema\\\/logo\\\/image\\\/\",\"url\":\"https:\\\/\\\/radioleinewelle.de\\\/wp-content\\\/uploads\\\/2023\\\/11\\\/cropped-Leinewelle_Logo_weiss.png\",\"contentUrl\":\"https:\\\/\\\/radioleinewelle.de\\\/wp-content\\\/uploads\\\/2023\\\/11\\\/cropped-Leinewelle_Logo_weiss.png\",\"width\":854,\"height\":260,\"caption\":\"Radio Leinewelle\"},\"image\":{\"@id\":\"https:\\\/\\\/radioleinewelle.de\\\/#\\\/schema\\\/logo\\\/image\\\/\"},\"sameAs\":[\"https:\\\/\\\/www.facebook.com\\\/radioleinewelle\",\"https:\\\/\\\/x.com\\\/RLeinewelle\",\"https:\\\/\\\/www.instagram.com\\\/radioleinewelle\\\/?hl=de\"]},{\"@type\":\"Person\",\"@id\":\"https:\\\/\\\/radioleinewelle.de\\\/#\\\/schema\\\/person\\\/45606f348637df637192dc1b68399a63\",\"name\":\"Leinewelle\",\"image\":{\"@type\":\"ImageObject\",\"inLanguage\":\"de\",\"@id\":\"https:\\\/\\\/secure.gravatar.com\\\/avatar\\\/05c9a17bc973052ee5d91549bd32fb4dd0dc85b7b85ae94b2e2b4943476bbea5?s=96&d=blank&r=g\",\"url\":\"https:\\\/\\\/secure.gravatar.com\\\/avatar\\\/05c9a17bc973052ee5d91549bd32fb4dd0dc85b7b85ae94b2e2b4943476bbea5?s=96&d=blank&r=g\",\"contentUrl\":\"https:\\\/\\\/secure.gravatar.com\\\/avatar\\\/05c9a17bc973052ee5d91549bd32fb4dd0dc85b7b85ae94b2e2b4943476bbea5?s=96&d=blank&r=g\",\"caption\":\"Leinewelle\"},\"sameAs\":[\"http:\\\/\\\/localhost\\\/radio%20leinewelle\\\/wordpress\",\"https:\\\/\\\/www.facebook.com\\\/radioleinewelle\",\"https:\\\/\\\/www.instagram.com\\\/radioleinewelle\",\"https:\\\/\\\/x.com\\\/https:\\\/\\\/twitter.com\\\/RLeinewelle?ref_src=twsrcgoogletwcampserptwgrauthor\",\"https:\\\/\\\/soundcloud.com\\\/foerderverein-lokalradio?utm_source=clipboard&utm_medium=text&utm_campaign=social_sharing\"],\"url\":\"https:\\\/\\\/radioleinewelle.de\\\/index.php\\\/author\\\/leinewelle\\\/\"}]}<\/script>\n<!-- \/ Yoast SEO plugin. -->","yoast_head_json":{"title":"Nieders\u00e4chsische Tourismusbranche zwischen Resignation und Hoffnung - Radio Leinewelle","robots":{"index":"index","follow":"follow","max-snippet":"max-snippet:-1","max-image-preview":"max-image-preview:large","max-video-preview":"max-video-preview:-1"},"canonical":"https:\/\/radioleinewelle.de\/index.php\/2020\/12\/09\/niedersaechsische-tourismusbranche-zwischen-resignation-und-hoffnung\/","og_locale":"de_DE","og_type":"article","og_title":"Nieders\u00e4chsische Tourismusbranche zwischen Resignation und Hoffnung - Radio Leinewelle","og_description":"W\u00e4hrend des andauernden Teil-Lockdowns, der insbesondere die Tourismusbranche hart trifft, hat die TourismusMarketing Niedersachsen (TMN) in einer dritten Branchenumfrage insgesamt 490 Betriebe mit Blick auf das Tourismusjahr 2021 befragt. Darunter Hotels, gewerbliche und private Anbieter von Ferienwohnungen, Pensionen, Freizeiteinrichtungen, Tourist-Informationsstellen sowie Gastst\u00e4tten. Demnach hat sich die Lage unter den Befragten w\u00e4hrend der zweiten Welle deutlich [&hellip;]","og_url":"https:\/\/radioleinewelle.de\/index.php\/2020\/12\/09\/niedersaechsische-tourismusbranche-zwischen-resignation-und-hoffnung\/","og_site_name":"Radio Leinewelle","article_publisher":"https:\/\/www.facebook.com\/radioleinewelle","article_author":"https:\/\/www.facebook.com\/radioleinewelle","article_published_time":"2020-12-09T04:00:48+00:00","author":"Leinewelle","twitter_card":"summary_large_image","twitter_creator":"@https:\/\/twitter.com\/RLeinewelle?ref_src=twsrcgoogletwcampserptwgrauthor","twitter_site":"@RLeinewelle","twitter_misc":{"Verfasst von":"Leinewelle","Gesch\u00e4tzte Lesezeit":"3\u00a0Minuten"},"schema":{"@context":"https:\/\/schema.org","@graph":[{"@type":"Article","@id":"https:\/\/radioleinewelle.de\/index.php\/2020\/12\/09\/niedersaechsische-tourismusbranche-zwischen-resignation-und-hoffnung\/#article","isPartOf":{"@id":"https:\/\/radioleinewelle.de\/index.php\/2020\/12\/09\/niedersaechsische-tourismusbranche-zwischen-resignation-und-hoffnung\/"},"author":{"name":"Leinewelle","@id":"https:\/\/radioleinewelle.de\/#\/schema\/person\/45606f348637df637192dc1b68399a63"},"headline":"Nieders\u00e4chsische Tourismusbranche zwischen Resignation und Hoffnung","datePublished":"2020-12-09T04:00:48+00:00","mainEntityOfPage":{"@id":"https:\/\/radioleinewelle.de\/index.php\/2020\/12\/09\/niedersaechsische-tourismusbranche-zwischen-resignation-und-hoffnung\/"},"wordCount":558,"publisher":{"@id":"https:\/\/radioleinewelle.de\/#organization"},"articleSection":["Regionaler Tourismus"],"inLanguage":"de"},{"@type":"WebPage","@id":"https:\/\/radioleinewelle.de\/index.php\/2020\/12\/09\/niedersaechsische-tourismusbranche-zwischen-resignation-und-hoffnung\/","url":"https:\/\/radioleinewelle.de\/index.php\/2020\/12\/09\/niedersaechsische-tourismusbranche-zwischen-resignation-und-hoffnung\/","name":"Nieders\u00e4chsische Tourismusbranche zwischen Resignation und Hoffnung - Radio Leinewelle","isPartOf":{"@id":"https:\/\/radioleinewelle.de\/#website"},"datePublished":"2020-12-09T04:00:48+00:00","breadcrumb":{"@id":"https:\/\/radioleinewelle.de\/index.php\/2020\/12\/09\/niedersaechsische-tourismusbranche-zwischen-resignation-und-hoffnung\/#breadcrumb"},"inLanguage":"de","potentialAction":[{"@type":"ReadAction","target":["https:\/\/radioleinewelle.de\/index.php\/2020\/12\/09\/niedersaechsische-tourismusbranche-zwischen-resignation-und-hoffnung\/"]}]},{"@type":"BreadcrumbList","@id":"https:\/\/radioleinewelle.de\/index.php\/2020\/12\/09\/niedersaechsische-tourismusbranche-zwischen-resignation-und-hoffnung\/#breadcrumb","itemListElement":[{"@type":"ListItem","position":1,"name":"Startseite","item":"https:\/\/radioleinewelle.de\/"},{"@type":"ListItem","position":2,"name":"Nieders\u00e4chsische Tourismusbranche zwischen Resignation und Hoffnung"}]},{"@type":"WebSite","@id":"https:\/\/radioleinewelle.de\/#website","url":"https:\/\/radioleinewelle.de\/","name":"Radio Leinewelle","description":"","publisher":{"@id":"https:\/\/radioleinewelle.de\/#organization"},"potentialAction":[{"@type":"SearchAction","target":{"@type":"EntryPoint","urlTemplate":"https:\/\/radioleinewelle.de\/?s={search_term_string}"},"query-input":{"@type":"PropertyValueSpecification","valueRequired":true,"valueName":"search_term_string"}}],"inLanguage":"de"},{"@type":"Organization","@id":"https:\/\/radioleinewelle.de\/#organization","name":"Radio Leinewelle","alternateName":"Mein Radio f\u00fcr S\u00fcdniedersachsen","url":"https:\/\/radioleinewelle.de\/","logo":{"@type":"ImageObject","inLanguage":"de","@id":"https:\/\/radioleinewelle.de\/#\/schema\/logo\/image\/","url":"https:\/\/radioleinewelle.de\/wp-content\/uploads\/2023\/11\/cropped-Leinewelle_Logo_weiss.png","contentUrl":"https:\/\/radioleinewelle.de\/wp-content\/uploads\/2023\/11\/cropped-Leinewelle_Logo_weiss.png","width":854,"height":260,"caption":"Radio Leinewelle"},"image":{"@id":"https:\/\/radioleinewelle.de\/#\/schema\/logo\/image\/"},"sameAs":["https:\/\/www.facebook.com\/radioleinewelle","https:\/\/x.com\/RLeinewelle","https:\/\/www.instagram.com\/radioleinewelle\/?hl=de"]},{"@type":"Person","@id":"https:\/\/radioleinewelle.de\/#\/schema\/person\/45606f348637df637192dc1b68399a63","name":"Leinewelle","image":{"@type":"ImageObject","inLanguage":"de","@id":"https:\/\/secure.gravatar.com\/avatar\/05c9a17bc973052ee5d91549bd32fb4dd0dc85b7b85ae94b2e2b4943476bbea5?s=96&d=blank&r=g","url":"https:\/\/secure.gravatar.com\/avatar\/05c9a17bc973052ee5d91549bd32fb4dd0dc85b7b85ae94b2e2b4943476bbea5?s=96&d=blank&r=g","contentUrl":"https:\/\/secure.gravatar.com\/avatar\/05c9a17bc973052ee5d91549bd32fb4dd0dc85b7b85ae94b2e2b4943476bbea5?s=96&d=blank&r=g","caption":"Leinewelle"},"sameAs":["http:\/\/localhost\/radio%20leinewelle\/wordpress","https:\/\/www.facebook.com\/radioleinewelle","https:\/\/www.instagram.com\/radioleinewelle","https:\/\/x.com\/https:\/\/twitter.com\/RLeinewelle?ref_src=twsrcgoogletwcampserptwgrauthor","https:\/\/soundcloud.com\/foerderverein-lokalradio?utm_source=clipboard&utm_medium=text&utm_campaign=social_sharing"],"url":"https:\/\/radioleinewelle.de\/index.php\/author\/leinewelle\/"}]}},"_links":{"self":[{"href":"https:\/\/radioleinewelle.de\/index.php\/wp-json\/wp\/v2\/posts\/3398","targetHints":{"allow":["GET"]}}],"collection":[{"href":"https:\/\/radioleinewelle.de\/index.php\/wp-json\/wp\/v2\/posts"}],"about":[{"href":"https:\/\/radioleinewelle.de\/index.php\/wp-json\/wp\/v2\/types\/post"}],"author":[{"embeddable":true,"href":"https:\/\/radioleinewelle.de\/index.php\/wp-json\/wp\/v2\/users\/1"}],"replies":[{"embeddable":true,"href":"https:\/\/radioleinewelle.de\/index.php\/wp-json\/wp\/v2\/comments?post=3398"}],"version-history":[{"count":0,"href":"https:\/\/radioleinewelle.de\/index.php\/wp-json\/wp\/v2\/posts\/3398\/revisions"}],"wp:attachment":[{"href":"https:\/\/radioleinewelle.de\/index.php\/wp-json\/wp\/v2\/media?parent=3398"}],"wp:term":[{"taxonomy":"category","embeddable":true,"href":"https:\/\/radioleinewelle.de\/index.php\/wp-json\/wp\/v2\/categories?post=3398"},{"taxonomy":"post_tag","embeddable":true,"href":"https:\/\/radioleinewelle.de\/index.php\/wp-json\/wp\/v2\/tags?post=3398"}],"curies":[{"name":"wp","href":"https:\/\/api.w.org\/{rel}","templated":true}]}}