{"id":3410,"date":"2020-12-09T05:30:12","date_gmt":"2020-12-09T04:30:12","guid":{"rendered":"https:\/\/radioleinewelle.de\/?p=3410"},"modified":"2020-12-09T05:30:12","modified_gmt":"2020-12-09T04:30:12","slug":"goettingen-leuchtet-weihnachtsatmosphaere-in-der-innenstadt-und-online","status":"publish","type":"post","link":"https:\/\/radioleinewelle.de\/index.php\/2020\/12\/09\/goettingen-leuchtet-weihnachtsatmosphaere-in-der-innenstadt-und-online\/","title":{"rendered":"G\u00f6ttingen leuchtet: Weihnachtsatmosph\u00e4re in der Innenstadt und online"},"content":{"rendered":"<p>In G\u00f6ttingen kommt auch ohne klassischen Weihnachtsmarkt festliche Stimmung auf. Die Innenstadt ist geschm\u00fcckt und weihnachtliche Verkaufsst\u00e4nde bringen feierlichen Flair in die City. G\u00f6ttingen Tourismus und Marketing begleitet die Adventszeit mit der Marke \u201eMein G\u00f6ttingen\u201c auf <a class=\"uri-ext outbound event-trigger\" href=\"https:\/\/www.facebook.com\/meingoettingen\" target=\"_blank\" data-category=\"story-outlink\" data-label=\"4785784\" data-action=\"click\" data-callback=\"link\" rel=\"noopener\">Facebook<\/a>, <a class=\"uri-ext outbound event-trigger\" href=\"https:\/\/www.instagram.com\/meingoettingen\/\" target=\"_blank\" data-category=\"story-outlink\" data-label=\"4785784\" data-action=\"click\" data-callback=\"link\" rel=\"noopener\">Instagram<\/a> und im <a class=\"uri-ext outbound event-trigger\" href=\"https:\/\/www.mein-goettingen.de\/tipps\/goettingenleuchtet-in-der-adventszeit\/\" target=\"_blank\" data-category=\"story-outlink\" data-label=\"4785784\" data-action=\"click\" data-callback=\"link\" rel=\"noopener\">Mein G\u00f6ttingen Magazin<\/a>. Nutzer*innen k\u00f6nnen bei der Aktion <a class=\"uri-ext outbound event-trigger\" href=\"https:\/\/www.instagram.com\/explore\/tags\/g%C3%B6ttingenleuchtet\/\" target=\"_blank\" data-category=\"story-outlink\" data-label=\"4785784\" data-action=\"click\" data-callback=\"link\" rel=\"noopener\">#g\u00f6ttingenleuchtet<\/a>mitmachen und ihre Fotos teilen.<\/p>\n<p><span class=\"b\">Weihnachtsatmosph\u00e4re online: Social-Media-Aktion #g\u00f6ttingenleuchtet<\/span><\/p>\n<p>Mein G\u00f6ttingen sammelt auf <a class=\"uri-ext outbound event-trigger\" href=\"https:\/\/www.facebook.com\/meingoettingen\" target=\"_blank\" data-category=\"story-outlink\" data-label=\"4785784\" data-action=\"click\" data-callback=\"link\" rel=\"noopener\">Facebook<\/a>, <a class=\"uri-ext outbound event-trigger\" href=\"https:\/\/www.instagram.com\/meingoettingen\/\" target=\"_blank\" data-category=\"story-outlink\" data-label=\"4785784\" data-action=\"click\" data-callback=\"link\" rel=\"noopener\">Instagram<\/a> und im <a class=\"uri-ext outbound event-trigger\" href=\"https:\/\/www.mein-goettingen.de\/tipps\/goettingenleuchtet-in-der-adventszeit\/\" target=\"_blank\" data-category=\"story-outlink\" data-label=\"4785784\" data-action=\"click\" data-callback=\"link\" rel=\"noopener\">Mein G\u00f6ttingen Magazin<\/a> weihnachtliche Impressionen. Nutzer*innen sind eingeladen, sich an der Aktion zu beteiligen und ihre sch\u00f6nsten Fotos von weihnachtlichen Lichtern an die Redaktion von Mein G\u00f6ttingen zu senden. Das kann sowohl der Weihnachtsschmuck aus der Stadt sein, als auch die festliche Dekoration zuhause. Auf Instagram sammelt Mein G\u00f6ttingen die Bilder unter dem Hashtag <a class=\"uri-ext outbound event-trigger\" href=\"https:\/\/www.instagram.com\/explore\/tags\/g%C3%B6ttingenleuchtet\/\" target=\"_blank\" data-category=\"story-outlink\" data-label=\"4785784\" data-action=\"click\" data-callback=\"link\" rel=\"noopener\">#g\u00f6ttingenleuchtet<\/a>. Die sch\u00f6nsten Fotos werden im <a class=\"uri-ext outbound event-trigger\" href=\"https:\/\/www.mein-goettingen.de\/tipps\/goettingenleuchtet-in-der-adventszeit\/\" target=\"_blank\" data-category=\"story-outlink\" data-label=\"4785784\" data-action=\"click\" data-callback=\"link\" rel=\"noopener\">Mein G\u00f6ttingen Magazin<\/a> unter <a class=\"uri-ext outbound event-trigger\" href=\"http:\/\/mein-goettingen.de\/goettingen-leuchtet\" target=\"_blank\" data-category=\"story-outlink\" data-label=\"4785784\" data-action=\"click\" data-callback=\"link\" rel=\"noopener\">mein-goettingen.de\/goettingen-leuchtet<\/a> ver\u00f6ffentlicht.<\/p>\n<p><span class=\"b\">Festliche Stimmung auch ohne Weihnachtsmarkt<\/span><\/p>\n<p>Einige Buden und Verkaufsst\u00e4nde, die unter anderem Mandeln oder Kunsthandwerk anbieten, stehen mit gen\u00fcgend Abstand zueinander auf dem Marktplatz und in den Seitenstra\u00dfen der Innenstadt verteilt. Auch der gro\u00dfe Adventskalender erstrahlt wie jedes Jahr in der Vorweihnachtszeit an der Fassade der G\u00f6ttinger Stadtbibliothek im Thomas-Buergenthal-Haus.<\/p>\n<p><span class=\"b\">Weihnachtseink\u00e4ufe in der geschm\u00fcckten Altstadt<\/span><\/p>\n<p>Lichterketten in den Seitenstra\u00dfen und die beiden gro\u00dfen Weihnachtsb\u00e4ume vor dem Alten Rathaus und auf dem Wilhelmsplatz sorgen f\u00fcr weihnachtlichen Lichterglanz. Auch die Einzelh\u00e4ndler*innen haben ihre Gesch\u00e4fte weihnachtlich dekoriert und laden zum Advents-Shopping ein. An den Adventssonnabenden gibt es einen kostenlosen Bus-Shuttle vom Sch\u00fctzenplatz in die Innenstadt, der im 10-Minuten-Takt f\u00e4hrt.<\/p>\n<p><span class=\"b\">G\u00f6ttingen sagt Danke<\/span><\/p>\n<p>Zur weihnachtlichen Atmosph\u00e4re tr\u00e4gt die Aktion \u201c<a class=\"uri-ext outbound event-trigger\" href=\"https:\/\/www.mein-goettingen.de\/tipps\/goettingen-sagt-danke\/\" target=\"_blank\" data-category=\"story-outlink\" data-label=\"4785784\" data-action=\"click\" data-callback=\"link\" rel=\"noopener\">G\u00f6ttingen sagt Danke<\/a>\u201d von Pro City bei. Noch bis zum 11.01.2021 k\u00f6nnen Besucher*innen der Innenstadt ihre Dankesbotschaften am gro\u00dfen Pro-City-Dankesstern anbringen oder auf Instagram unter <a class=\"uri-ext outbound event-trigger\" href=\"https:\/\/www.instagram.com\/explore\/tags\/g%C3%B6ttingensagtdanke\/\" target=\"_blank\" data-category=\"story-outlink\" data-label=\"4785784\" data-action=\"click\" data-callback=\"link\" rel=\"noopener\">#g\u00f6ttingensagtdanke<\/a> teilen.<\/p>\n<p>Foto: \u00a9G\u00f6ttingen Tourismus und Marketing \/ Mischke<\/p>\n","protected":false},"excerpt":{"rendered":"<p>In G\u00f6ttingen kommt auch ohne klassischen Weihnachtsmarkt festliche Stimmung auf. Die Innenstadt ist geschm\u00fcckt und weihnachtliche Verkaufsst\u00e4nde bringen feierlichen Flair in die City. G\u00f6ttingen Tourismus und Marketing begleitet die Adventszeit mit der Marke \u201eMein G\u00f6ttingen\u201c auf Facebook, Instagram und im Mein G\u00f6ttingen Magazin. Nutzer*innen k\u00f6nnen bei der Aktion #g\u00f6ttingenleuchtetmitmachen und ihre Fotos teilen. Weihnachtsatmosph\u00e4re online: [&hellip;]<\/p>\n","protected":false},"author":1,"featured_media":3412,"comment_status":"closed","ping_status":"closed","sticky":false,"template":"","format":"standard","meta":{"saved_in_kubio":false,"footnotes":""},"categories":[42],"tags":[],"class_list":["post-3410","post","type-post","status-publish","format-standard","has-post-thumbnail","hentry","category-regionaler-tourismus"],"yoast_head":"<!-- This site is optimized with the Yoast SEO plugin v27.5 - https:\/\/yoast.com\/product\/yoast-seo-wordpress\/ -->\n<title>G\u00f6ttingen leuchtet: Weihnachtsatmosph\u00e4re in der Innenstadt und online - Radio Leinewelle<\/title>\n<meta name=\"robots\" content=\"index, follow, max-snippet:-1, max-image-preview:large, max-video-preview:-1\" \/>\n<link rel=\"canonical\" href=\"https:\/\/radioleinewelle.de\/index.php\/2020\/12\/09\/goettingen-leuchtet-weihnachtsatmosphaere-in-der-innenstadt-und-online\/\" \/>\n<meta property=\"og:locale\" content=\"de_DE\" \/>\n<meta property=\"og:type\" content=\"article\" \/>\n<meta property=\"og:title\" content=\"G\u00f6ttingen leuchtet: Weihnachtsatmosph\u00e4re in der Innenstadt und online - Radio Leinewelle\" \/>\n<meta property=\"og:description\" content=\"In G\u00f6ttingen kommt auch ohne klassischen Weihnachtsmarkt festliche Stimmung auf. Die Innenstadt ist geschm\u00fcckt und weihnachtliche Verkaufsst\u00e4nde bringen feierlichen Flair in die City. G\u00f6ttingen Tourismus und Marketing begleitet die Adventszeit mit der Marke \u201eMein G\u00f6ttingen\u201c auf Facebook, Instagram und im Mein G\u00f6ttingen Magazin. Nutzer*innen k\u00f6nnen bei der Aktion #g\u00f6ttingenleuchtetmitmachen und ihre Fotos teilen. Weihnachtsatmosph\u00e4re online: [&hellip;]\" \/>\n<meta property=\"og:url\" content=\"https:\/\/radioleinewelle.de\/index.php\/2020\/12\/09\/goettingen-leuchtet-weihnachtsatmosphaere-in-der-innenstadt-und-online\/\" \/>\n<meta property=\"og:site_name\" content=\"Radio Leinewelle\" \/>\n<meta property=\"article:publisher\" content=\"https:\/\/www.facebook.com\/radioleinewelle\" \/>\n<meta property=\"article:author\" content=\"https:\/\/www.facebook.com\/radioleinewelle\" \/>\n<meta property=\"article:published_time\" content=\"2020-12-09T04:30:12+00:00\" \/>\n<meta property=\"og:image\" content=\"https:\/\/radioleinewelle.de\/wp-content\/uploads\/2020\/12\/Goettingen-leuchtet-Innenstadt-e1607450505837.jpg\" \/>\n\t<meta property=\"og:image:width\" content=\"600\" \/>\n\t<meta property=\"og:image:height\" content=\"399\" \/>\n\t<meta property=\"og:image:type\" content=\"image\/jpeg\" \/>\n<meta name=\"author\" content=\"Leinewelle\" \/>\n<meta name=\"twitter:card\" content=\"summary_large_image\" \/>\n<meta name=\"twitter:creator\" content=\"@https:\/\/twitter.com\/RLeinewelle?ref_src=twsrcgoogletwcampserptwgrauthor\" \/>\n<meta name=\"twitter:site\" content=\"@RLeinewelle\" \/>\n<meta name=\"twitter:label1\" content=\"Verfasst von\" \/>\n\t<meta name=\"twitter:data1\" content=\"Leinewelle\" \/>\n\t<meta name=\"twitter:label2\" content=\"Gesch\u00e4tzte Lesezeit\" \/>\n\t<meta name=\"twitter:data2\" content=\"2\u00a0Minuten\" \/>\n<script type=\"application\/ld+json\" class=\"yoast-schema-graph\">{\"@context\":\"https:\\\/\\\/schema.org\",\"@graph\":[{\"@type\":\"Article\",\"@id\":\"https:\\\/\\\/radioleinewelle.de\\\/index.php\\\/2020\\\/12\\\/09\\\/goettingen-leuchtet-weihnachtsatmosphaere-in-der-innenstadt-und-online\\\/#article\",\"isPartOf\":{\"@id\":\"https:\\\/\\\/radioleinewelle.de\\\/index.php\\\/2020\\\/12\\\/09\\\/goettingen-leuchtet-weihnachtsatmosphaere-in-der-innenstadt-und-online\\\/\"},\"author\":{\"name\":\"Leinewelle\",\"@id\":\"https:\\\/\\\/radioleinewelle.de\\\/#\\\/schema\\\/person\\\/45606f348637df637192dc1b68399a63\"},\"headline\":\"G\u00f6ttingen leuchtet: Weihnachtsatmosph\u00e4re in der Innenstadt und online\",\"datePublished\":\"2020-12-09T04:30:12+00:00\",\"mainEntityOfPage\":{\"@id\":\"https:\\\/\\\/radioleinewelle.de\\\/index.php\\\/2020\\\/12\\\/09\\\/goettingen-leuchtet-weihnachtsatmosphaere-in-der-innenstadt-und-online\\\/\"},\"wordCount\":336,\"publisher\":{\"@id\":\"https:\\\/\\\/radioleinewelle.de\\\/#organization\"},\"image\":{\"@id\":\"https:\\\/\\\/radioleinewelle.de\\\/index.php\\\/2020\\\/12\\\/09\\\/goettingen-leuchtet-weihnachtsatmosphaere-in-der-innenstadt-und-online\\\/#primaryimage\"},\"thumbnailUrl\":\"https:\\\/\\\/radioleinewelle.de\\\/wp-content\\\/uploads\\\/2020\\\/12\\\/Goettingen-leuchtet-Innenstadt-e1607450505837.jpg\",\"articleSection\":[\"Regionaler Tourismus\"],\"inLanguage\":\"de\"},{\"@type\":\"WebPage\",\"@id\":\"https:\\\/\\\/radioleinewelle.de\\\/index.php\\\/2020\\\/12\\\/09\\\/goettingen-leuchtet-weihnachtsatmosphaere-in-der-innenstadt-und-online\\\/\",\"url\":\"https:\\\/\\\/radioleinewelle.de\\\/index.php\\\/2020\\\/12\\\/09\\\/goettingen-leuchtet-weihnachtsatmosphaere-in-der-innenstadt-und-online\\\/\",\"name\":\"G\u00f6ttingen leuchtet: Weihnachtsatmosph\u00e4re in der Innenstadt und online - Radio Leinewelle\",\"isPartOf\":{\"@id\":\"https:\\\/\\\/radioleinewelle.de\\\/#website\"},\"primaryImageOfPage\":{\"@id\":\"https:\\\/\\\/radioleinewelle.de\\\/index.php\\\/2020\\\/12\\\/09\\\/goettingen-leuchtet-weihnachtsatmosphaere-in-der-innenstadt-und-online\\\/#primaryimage\"},\"image\":{\"@id\":\"https:\\\/\\\/radioleinewelle.de\\\/index.php\\\/2020\\\/12\\\/09\\\/goettingen-leuchtet-weihnachtsatmosphaere-in-der-innenstadt-und-online\\\/#primaryimage\"},\"thumbnailUrl\":\"https:\\\/\\\/radioleinewelle.de\\\/wp-content\\\/uploads\\\/2020\\\/12\\\/Goettingen-leuchtet-Innenstadt-e1607450505837.jpg\",\"datePublished\":\"2020-12-09T04:30:12+00:00\",\"breadcrumb\":{\"@id\":\"https:\\\/\\\/radioleinewelle.de\\\/index.php\\\/2020\\\/12\\\/09\\\/goettingen-leuchtet-weihnachtsatmosphaere-in-der-innenstadt-und-online\\\/#breadcrumb\"},\"inLanguage\":\"de\",\"potentialAction\":[{\"@type\":\"ReadAction\",\"target\":[\"https:\\\/\\\/radioleinewelle.de\\\/index.php\\\/2020\\\/12\\\/09\\\/goettingen-leuchtet-weihnachtsatmosphaere-in-der-innenstadt-und-online\\\/\"]}]},{\"@type\":\"ImageObject\",\"inLanguage\":\"de\",\"@id\":\"https:\\\/\\\/radioleinewelle.de\\\/index.php\\\/2020\\\/12\\\/09\\\/goettingen-leuchtet-weihnachtsatmosphaere-in-der-innenstadt-und-online\\\/#primaryimage\",\"url\":\"https:\\\/\\\/radioleinewelle.de\\\/wp-content\\\/uploads\\\/2020\\\/12\\\/Goettingen-leuchtet-Innenstadt-e1607450505837.jpg\",\"contentUrl\":\"https:\\\/\\\/radioleinewelle.de\\\/wp-content\\\/uploads\\\/2020\\\/12\\\/Goettingen-leuchtet-Innenstadt-e1607450505837.jpg\",\"width\":600,\"height\":399},{\"@type\":\"BreadcrumbList\",\"@id\":\"https:\\\/\\\/radioleinewelle.de\\\/index.php\\\/2020\\\/12\\\/09\\\/goettingen-leuchtet-weihnachtsatmosphaere-in-der-innenstadt-und-online\\\/#breadcrumb\",\"itemListElement\":[{\"@type\":\"ListItem\",\"position\":1,\"name\":\"Startseite\",\"item\":\"https:\\\/\\\/radioleinewelle.de\\\/\"},{\"@type\":\"ListItem\",\"position\":2,\"name\":\"G\u00f6ttingen leuchtet: Weihnachtsatmosph\u00e4re in der Innenstadt und online\"}]},{\"@type\":\"WebSite\",\"@id\":\"https:\\\/\\\/radioleinewelle.de\\\/#website\",\"url\":\"https:\\\/\\\/radioleinewelle.de\\\/\",\"name\":\"Radio Leinewelle\",\"description\":\"\",\"publisher\":{\"@id\":\"https:\\\/\\\/radioleinewelle.de\\\/#organization\"},\"potentialAction\":[{\"@type\":\"SearchAction\",\"target\":{\"@type\":\"EntryPoint\",\"urlTemplate\":\"https:\\\/\\\/radioleinewelle.de\\\/?s={search_term_string}\"},\"query-input\":{\"@type\":\"PropertyValueSpecification\",\"valueRequired\":true,\"valueName\":\"search_term_string\"}}],\"inLanguage\":\"de\"},{\"@type\":\"Organization\",\"@id\":\"https:\\\/\\\/radioleinewelle.de\\\/#organization\",\"name\":\"Radio Leinewelle\",\"alternateName\":\"Mein Radio f\u00fcr S\u00fcdniedersachsen\",\"url\":\"https:\\\/\\\/radioleinewelle.de\\\/\",\"logo\":{\"@type\":\"ImageObject\",\"inLanguage\":\"de\",\"@id\":\"https:\\\/\\\/radioleinewelle.de\\\/#\\\/schema\\\/logo\\\/image\\\/\",\"url\":\"https:\\\/\\\/radioleinewelle.de\\\/wp-content\\\/uploads\\\/2023\\\/11\\\/cropped-Leinewelle_Logo_weiss.png\",\"contentUrl\":\"https:\\\/\\\/radioleinewelle.de\\\/wp-content\\\/uploads\\\/2023\\\/11\\\/cropped-Leinewelle_Logo_weiss.png\",\"width\":854,\"height\":260,\"caption\":\"Radio Leinewelle\"},\"image\":{\"@id\":\"https:\\\/\\\/radioleinewelle.de\\\/#\\\/schema\\\/logo\\\/image\\\/\"},\"sameAs\":[\"https:\\\/\\\/www.facebook.com\\\/radioleinewelle\",\"https:\\\/\\\/x.com\\\/RLeinewelle\",\"https:\\\/\\\/www.instagram.com\\\/radioleinewelle\\\/?hl=de\"]},{\"@type\":\"Person\",\"@id\":\"https:\\\/\\\/radioleinewelle.de\\\/#\\\/schema\\\/person\\\/45606f348637df637192dc1b68399a63\",\"name\":\"Leinewelle\",\"image\":{\"@type\":\"ImageObject\",\"inLanguage\":\"de\",\"@id\":\"https:\\\/\\\/secure.gravatar.com\\\/avatar\\\/05c9a17bc973052ee5d91549bd32fb4dd0dc85b7b85ae94b2e2b4943476bbea5?s=96&d=blank&r=g\",\"url\":\"https:\\\/\\\/secure.gravatar.com\\\/avatar\\\/05c9a17bc973052ee5d91549bd32fb4dd0dc85b7b85ae94b2e2b4943476bbea5?s=96&d=blank&r=g\",\"contentUrl\":\"https:\\\/\\\/secure.gravatar.com\\\/avatar\\\/05c9a17bc973052ee5d91549bd32fb4dd0dc85b7b85ae94b2e2b4943476bbea5?s=96&d=blank&r=g\",\"caption\":\"Leinewelle\"},\"sameAs\":[\"http:\\\/\\\/localhost\\\/radio%20leinewelle\\\/wordpress\",\"https:\\\/\\\/www.facebook.com\\\/radioleinewelle\",\"https:\\\/\\\/www.instagram.com\\\/radioleinewelle\",\"https:\\\/\\\/x.com\\\/https:\\\/\\\/twitter.com\\\/RLeinewelle?ref_src=twsrcgoogletwcampserptwgrauthor\",\"https:\\\/\\\/soundcloud.com\\\/foerderverein-lokalradio?utm_source=clipboard&utm_medium=text&utm_campaign=social_sharing\"],\"url\":\"https:\\\/\\\/radioleinewelle.de\\\/index.php\\\/author\\\/leinewelle\\\/\"}]}<\/script>\n<!-- \/ Yoast SEO plugin. -->","yoast_head_json":{"title":"G\u00f6ttingen leuchtet: Weihnachtsatmosph\u00e4re in der Innenstadt und online - Radio Leinewelle","robots":{"index":"index","follow":"follow","max-snippet":"max-snippet:-1","max-image-preview":"max-image-preview:large","max-video-preview":"max-video-preview:-1"},"canonical":"https:\/\/radioleinewelle.de\/index.php\/2020\/12\/09\/goettingen-leuchtet-weihnachtsatmosphaere-in-der-innenstadt-und-online\/","og_locale":"de_DE","og_type":"article","og_title":"G\u00f6ttingen leuchtet: Weihnachtsatmosph\u00e4re in der Innenstadt und online - Radio Leinewelle","og_description":"In G\u00f6ttingen kommt auch ohne klassischen Weihnachtsmarkt festliche Stimmung auf. Die Innenstadt ist geschm\u00fcckt und weihnachtliche Verkaufsst\u00e4nde bringen feierlichen Flair in die City. G\u00f6ttingen Tourismus und Marketing begleitet die Adventszeit mit der Marke \u201eMein G\u00f6ttingen\u201c auf Facebook, Instagram und im Mein G\u00f6ttingen Magazin. Nutzer*innen k\u00f6nnen bei der Aktion #g\u00f6ttingenleuchtetmitmachen und ihre Fotos teilen. Weihnachtsatmosph\u00e4re online: [&hellip;]","og_url":"https:\/\/radioleinewelle.de\/index.php\/2020\/12\/09\/goettingen-leuchtet-weihnachtsatmosphaere-in-der-innenstadt-und-online\/","og_site_name":"Radio Leinewelle","article_publisher":"https:\/\/www.facebook.com\/radioleinewelle","article_author":"https:\/\/www.facebook.com\/radioleinewelle","article_published_time":"2020-12-09T04:30:12+00:00","og_image":[{"width":600,"height":399,"url":"https:\/\/radioleinewelle.de\/wp-content\/uploads\/2020\/12\/Goettingen-leuchtet-Innenstadt-e1607450505837.jpg","type":"image\/jpeg"}],"author":"Leinewelle","twitter_card":"summary_large_image","twitter_creator":"@https:\/\/twitter.com\/RLeinewelle?ref_src=twsrcgoogletwcampserptwgrauthor","twitter_site":"@RLeinewelle","twitter_misc":{"Verfasst von":"Leinewelle","Gesch\u00e4tzte Lesezeit":"2\u00a0Minuten"},"schema":{"@context":"https:\/\/schema.org","@graph":[{"@type":"Article","@id":"https:\/\/radioleinewelle.de\/index.php\/2020\/12\/09\/goettingen-leuchtet-weihnachtsatmosphaere-in-der-innenstadt-und-online\/#article","isPartOf":{"@id":"https:\/\/radioleinewelle.de\/index.php\/2020\/12\/09\/goettingen-leuchtet-weihnachtsatmosphaere-in-der-innenstadt-und-online\/"},"author":{"name":"Leinewelle","@id":"https:\/\/radioleinewelle.de\/#\/schema\/person\/45606f348637df637192dc1b68399a63"},"headline":"G\u00f6ttingen leuchtet: Weihnachtsatmosph\u00e4re in der Innenstadt und online","datePublished":"2020-12-09T04:30:12+00:00","mainEntityOfPage":{"@id":"https:\/\/radioleinewelle.de\/index.php\/2020\/12\/09\/goettingen-leuchtet-weihnachtsatmosphaere-in-der-innenstadt-und-online\/"},"wordCount":336,"publisher":{"@id":"https:\/\/radioleinewelle.de\/#organization"},"image":{"@id":"https:\/\/radioleinewelle.de\/index.php\/2020\/12\/09\/goettingen-leuchtet-weihnachtsatmosphaere-in-der-innenstadt-und-online\/#primaryimage"},"thumbnailUrl":"https:\/\/radioleinewelle.de\/wp-content\/uploads\/2020\/12\/Goettingen-leuchtet-Innenstadt-e1607450505837.jpg","articleSection":["Regionaler Tourismus"],"inLanguage":"de"},{"@type":"WebPage","@id":"https:\/\/radioleinewelle.de\/index.php\/2020\/12\/09\/goettingen-leuchtet-weihnachtsatmosphaere-in-der-innenstadt-und-online\/","url":"https:\/\/radioleinewelle.de\/index.php\/2020\/12\/09\/goettingen-leuchtet-weihnachtsatmosphaere-in-der-innenstadt-und-online\/","name":"G\u00f6ttingen leuchtet: Weihnachtsatmosph\u00e4re in der Innenstadt und online - Radio Leinewelle","isPartOf":{"@id":"https:\/\/radioleinewelle.de\/#website"},"primaryImageOfPage":{"@id":"https:\/\/radioleinewelle.de\/index.php\/2020\/12\/09\/goettingen-leuchtet-weihnachtsatmosphaere-in-der-innenstadt-und-online\/#primaryimage"},"image":{"@id":"https:\/\/radioleinewelle.de\/index.php\/2020\/12\/09\/goettingen-leuchtet-weihnachtsatmosphaere-in-der-innenstadt-und-online\/#primaryimage"},"thumbnailUrl":"https:\/\/radioleinewelle.de\/wp-content\/uploads\/2020\/12\/Goettingen-leuchtet-Innenstadt-e1607450505837.jpg","datePublished":"2020-12-09T04:30:12+00:00","breadcrumb":{"@id":"https:\/\/radioleinewelle.de\/index.php\/2020\/12\/09\/goettingen-leuchtet-weihnachtsatmosphaere-in-der-innenstadt-und-online\/#breadcrumb"},"inLanguage":"de","potentialAction":[{"@type":"ReadAction","target":["https:\/\/radioleinewelle.de\/index.php\/2020\/12\/09\/goettingen-leuchtet-weihnachtsatmosphaere-in-der-innenstadt-und-online\/"]}]},{"@type":"ImageObject","inLanguage":"de","@id":"https:\/\/radioleinewelle.de\/index.php\/2020\/12\/09\/goettingen-leuchtet-weihnachtsatmosphaere-in-der-innenstadt-und-online\/#primaryimage","url":"https:\/\/radioleinewelle.de\/wp-content\/uploads\/2020\/12\/Goettingen-leuchtet-Innenstadt-e1607450505837.jpg","contentUrl":"https:\/\/radioleinewelle.de\/wp-content\/uploads\/2020\/12\/Goettingen-leuchtet-Innenstadt-e1607450505837.jpg","width":600,"height":399},{"@type":"BreadcrumbList","@id":"https:\/\/radioleinewelle.de\/index.php\/2020\/12\/09\/goettingen-leuchtet-weihnachtsatmosphaere-in-der-innenstadt-und-online\/#breadcrumb","itemListElement":[{"@type":"ListItem","position":1,"name":"Startseite","item":"https:\/\/radioleinewelle.de\/"},{"@type":"ListItem","position":2,"name":"G\u00f6ttingen leuchtet: Weihnachtsatmosph\u00e4re in der Innenstadt und online"}]},{"@type":"WebSite","@id":"https:\/\/radioleinewelle.de\/#website","url":"https:\/\/radioleinewelle.de\/","name":"Radio Leinewelle","description":"","publisher":{"@id":"https:\/\/radioleinewelle.de\/#organization"},"potentialAction":[{"@type":"SearchAction","target":{"@type":"EntryPoint","urlTemplate":"https:\/\/radioleinewelle.de\/?s={search_term_string}"},"query-input":{"@type":"PropertyValueSpecification","valueRequired":true,"valueName":"search_term_string"}}],"inLanguage":"de"},{"@type":"Organization","@id":"https:\/\/radioleinewelle.de\/#organization","name":"Radio Leinewelle","alternateName":"Mein Radio f\u00fcr S\u00fcdniedersachsen","url":"https:\/\/radioleinewelle.de\/","logo":{"@type":"ImageObject","inLanguage":"de","@id":"https:\/\/radioleinewelle.de\/#\/schema\/logo\/image\/","url":"https:\/\/radioleinewelle.de\/wp-content\/uploads\/2023\/11\/cropped-Leinewelle_Logo_weiss.png","contentUrl":"https:\/\/radioleinewelle.de\/wp-content\/uploads\/2023\/11\/cropped-Leinewelle_Logo_weiss.png","width":854,"height":260,"caption":"Radio Leinewelle"},"image":{"@id":"https:\/\/radioleinewelle.de\/#\/schema\/logo\/image\/"},"sameAs":["https:\/\/www.facebook.com\/radioleinewelle","https:\/\/x.com\/RLeinewelle","https:\/\/www.instagram.com\/radioleinewelle\/?hl=de"]},{"@type":"Person","@id":"https:\/\/radioleinewelle.de\/#\/schema\/person\/45606f348637df637192dc1b68399a63","name":"Leinewelle","image":{"@type":"ImageObject","inLanguage":"de","@id":"https:\/\/secure.gravatar.com\/avatar\/05c9a17bc973052ee5d91549bd32fb4dd0dc85b7b85ae94b2e2b4943476bbea5?s=96&d=blank&r=g","url":"https:\/\/secure.gravatar.com\/avatar\/05c9a17bc973052ee5d91549bd32fb4dd0dc85b7b85ae94b2e2b4943476bbea5?s=96&d=blank&r=g","contentUrl":"https:\/\/secure.gravatar.com\/avatar\/05c9a17bc973052ee5d91549bd32fb4dd0dc85b7b85ae94b2e2b4943476bbea5?s=96&d=blank&r=g","caption":"Leinewelle"},"sameAs":["http:\/\/localhost\/radio%20leinewelle\/wordpress","https:\/\/www.facebook.com\/radioleinewelle","https:\/\/www.instagram.com\/radioleinewelle","https:\/\/x.com\/https:\/\/twitter.com\/RLeinewelle?ref_src=twsrcgoogletwcampserptwgrauthor","https:\/\/soundcloud.com\/foerderverein-lokalradio?utm_source=clipboard&utm_medium=text&utm_campaign=social_sharing"],"url":"https:\/\/radioleinewelle.de\/index.php\/author\/leinewelle\/"}]}},"_links":{"self":[{"href":"https:\/\/radioleinewelle.de\/index.php\/wp-json\/wp\/v2\/posts\/3410","targetHints":{"allow":["GET"]}}],"collection":[{"href":"https:\/\/radioleinewelle.de\/index.php\/wp-json\/wp\/v2\/posts"}],"about":[{"href":"https:\/\/radioleinewelle.de\/index.php\/wp-json\/wp\/v2\/types\/post"}],"author":[{"embeddable":true,"href":"https:\/\/radioleinewelle.de\/index.php\/wp-json\/wp\/v2\/users\/1"}],"replies":[{"embeddable":true,"href":"https:\/\/radioleinewelle.de\/index.php\/wp-json\/wp\/v2\/comments?post=3410"}],"version-history":[{"count":0,"href":"https:\/\/radioleinewelle.de\/index.php\/wp-json\/wp\/v2\/posts\/3410\/revisions"}],"wp:featuredmedia":[{"embeddable":true,"href":"https:\/\/radioleinewelle.de\/index.php\/wp-json\/wp\/v2\/media\/3412"}],"wp:attachment":[{"href":"https:\/\/radioleinewelle.de\/index.php\/wp-json\/wp\/v2\/media?parent=3410"}],"wp:term":[{"taxonomy":"category","embeddable":true,"href":"https:\/\/radioleinewelle.de\/index.php\/wp-json\/wp\/v2\/categories?post=3410"},{"taxonomy":"post_tag","embeddable":true,"href":"https:\/\/radioleinewelle.de\/index.php\/wp-json\/wp\/v2\/tags?post=3410"}],"curies":[{"name":"wp","href":"https:\/\/api.w.org\/{rel}","templated":true}]}}