{"id":3413,"date":"2020-12-09T05:35:17","date_gmt":"2020-12-09T04:35:17","guid":{"rendered":"https:\/\/radioleinewelle.de\/?p=3413"},"modified":"2020-12-09T05:35:17","modified_gmt":"2020-12-09T04:35:17","slug":"gruene-jugend-beteiligt-sich-heute-an-der-protestaktion-gegen-des-klimagesetz","status":"publish","type":"post","link":"https:\/\/radioleinewelle.de\/index.php\/2020\/12\/09\/gruene-jugend-beteiligt-sich-heute-an-der-protestaktion-gegen-des-klimagesetz\/","title":{"rendered":"Gr\u00fcne Jugend beteiligt sich heute an der Protestaktion gegen des Klimagesetz"},"content":{"rendered":"<p>Unter dem Motto \u201eSpielt nicht mit unserer Erde\u201c plant Fridays for Future Niedersachsen zusammen mit einem Aktionsb\u00fcndnis aus Gr\u00fcne Jugend, BUND-Jugend, Naturfreundejugend und weiteren Akteur*innen der Klimabewegung f\u00fcr <strong>heute, den 09. Dezember ab 10:30 Uhr eine Protestaktion vor dem nieders\u00e4chsischen Landtag<\/strong>. Mit der Protestaktion soll auf das neue und vollkommen unzureichende Klimagesetz der gro\u00dfen Koalition aufmerksam gemacht werden.<\/p>\n<p>\u201eMit diesem Klimagesetz betreibt die gro\u00dfe Koalition Augenwischerei: Was nach au\u00dfen nach Klimaschutz klingt, verfehlt das Pariser Klimaabkommen um Weiten und setzt mutwillig weiter unsere Zukunft aufs Spiel! Klimaschutz ist nicht verhandelbar, deswegen brauchen wir jetzt eine Neuauflage des Klimagesetzes\u201c, fordert dazu Emily Karius von Fridays For Future Niedersachsen.<\/p>\n<p>Heute soll das nieders\u00e4chsische Klimagesetz im Landtag verabschiedet werden. Der Gesetzesentwurf sieht unter anderem die Klimaneutralit\u00e4t Niedersachsens bis 2050 vor und stand deswegen schon vermehrt in der Kritik von Umweltverb\u00e4nden. Der Entwurf f\u00fcr das Klimagesetz sieht au\u00dferdem vor, dass die Landesregierung ein Ma\u00dfnahmenprogramm mit den Schwerpunkten Energie und Klimaschutz beschlie\u00dft, das zum Erreichen der im Klimagesetz verankerten Emissionsziele beitr\u00e4gt. Die neusten Studien des Wuppertal Instituts fordern zur Erreichung des 1,5 Grad Ziels die Klimaneutralit\u00e4t Deutschlands bis 2035 und eine deutliche Versch\u00e4rfung der selbstgesteckten Klimaziele der Regierungen.<\/p>\n<p><strong>Dazu erg\u00e4nzt Svenja Appuhn, Sprecherin der GR\u00dcNEN JUGEND Niedersachsen:<\/strong><br \/>\n,,Wir brauchen ein Gesetz, das verbindliche Vorgaben zur Emissionsreduktion schafft und Verst\u00f6\u00dfe auch ahndet, sonst ist es wirkungslos! Es macht w\u00fctend, dass die Landesregierung in ihrem Gesetz keinerlei verbindliche Vorgaben f\u00fcr Industrie, Landwirtschaft und Geb\u00e4ude macht und auch im Energiebereich vor Ordnungspolitik zur\u00fcckschreckt. Hier offenbart sich, dass Weil, Lies und Althusmann sich nicht trauen, denen klare Vorgaben zu machen, die f\u00fcr einen Gro\u00dfteil der Emissionen verantwortlich sind. Ein bisschen Klimaschutz ist vielleicht gut f\u00fcr die PR der Landesregierung, wird aber die Klimakatastrophe, in die wir reinschlittern, nicht ausreichend aufhalten.\u201c<\/p>\n<p>Bei der Aktion werden drei Menschen, die als Olaf Lies, Bernd Althusmann und Stephan Weil verkleidet sind, mit der Erde Fu\u00dfball spielen \u2013 um zu versinnbildlichen, was im Parlament passiert. Die Aktion beginnt um 10:30 Uhr am Hannah-Arendt-Platz vor dem nieders\u00e4chsischen Landtag.<\/p>\n<p>Bild von <a href=\"https:\/\/pixabay.com\/de\/users\/medi2go-1930196\/?utm_source=link-attribution&amp;utm_medium=referral&amp;utm_campaign=image&amp;utm_content=5224748\">J\u00fcrgen Jester<\/a> auf <a href=\"https:\/\/pixabay.com\/de\/?utm_source=link-attribution&amp;utm_medium=referral&amp;utm_campaign=image&amp;utm_content=5224748\">Pixabay<\/a><\/p>\n","protected":false},"excerpt":{"rendered":"<p>Unter dem Motto \u201eSpielt nicht mit unserer Erde\u201c plant Fridays for Future Niedersachsen zusammen mit einem Aktionsb\u00fcndnis aus Gr\u00fcne Jugend, BUND-Jugend, Naturfreundejugend und weiteren Akteur*innen der Klimabewegung f\u00fcr heute, den 09. Dezember ab 10:30 Uhr eine Protestaktion vor dem nieders\u00e4chsischen Landtag. Mit der Protestaktion soll auf das neue und vollkommen unzureichende Klimagesetz der gro\u00dfen Koalition [&hellip;]<\/p>\n","protected":false},"author":1,"featured_media":3416,"comment_status":"closed","ping_status":"closed","sticky":false,"template":"","format":"standard","meta":{"saved_in_kubio":false,"footnotes":""},"categories":[32],"tags":[],"class_list":["post-3413","post","type-post","status-publish","format-standard","has-post-thumbnail","hentry","category-natur-umwelt"],"yoast_head":"<!-- This site is optimized with the Yoast SEO plugin v27.5 - https:\/\/yoast.com\/product\/yoast-seo-wordpress\/ -->\n<title>Gr\u00fcne Jugend beteiligt sich heute an der Protestaktion gegen des Klimagesetz - Radio Leinewelle<\/title>\n<meta name=\"robots\" content=\"index, follow, max-snippet:-1, max-image-preview:large, max-video-preview:-1\" \/>\n<link rel=\"canonical\" href=\"https:\/\/radioleinewelle.de\/index.php\/2020\/12\/09\/gruene-jugend-beteiligt-sich-heute-an-der-protestaktion-gegen-des-klimagesetz\/\" \/>\n<meta property=\"og:locale\" content=\"de_DE\" \/>\n<meta property=\"og:type\" content=\"article\" \/>\n<meta property=\"og:title\" content=\"Gr\u00fcne Jugend beteiligt sich heute an der Protestaktion gegen des Klimagesetz - Radio Leinewelle\" \/>\n<meta property=\"og:description\" content=\"Unter dem Motto \u201eSpielt nicht mit unserer Erde\u201c plant Fridays for Future Niedersachsen zusammen mit einem Aktionsb\u00fcndnis aus Gr\u00fcne Jugend, BUND-Jugend, Naturfreundejugend und weiteren Akteur*innen der Klimabewegung f\u00fcr heute, den 09. Dezember ab 10:30 Uhr eine Protestaktion vor dem nieders\u00e4chsischen Landtag. Mit der Protestaktion soll auf das neue und vollkommen unzureichende Klimagesetz der gro\u00dfen Koalition [&hellip;]\" \/>\n<meta property=\"og:url\" content=\"https:\/\/radioleinewelle.de\/index.php\/2020\/12\/09\/gruene-jugend-beteiligt-sich-heute-an-der-protestaktion-gegen-des-klimagesetz\/\" \/>\n<meta property=\"og:site_name\" content=\"Radio Leinewelle\" \/>\n<meta property=\"article:publisher\" content=\"https:\/\/www.facebook.com\/radioleinewelle\" \/>\n<meta property=\"article:author\" content=\"https:\/\/www.facebook.com\/radioleinewelle\" \/>\n<meta property=\"article:published_time\" content=\"2020-12-09T04:35:17+00:00\" \/>\n<meta property=\"og:image\" content=\"https:\/\/radioleinewelle.de\/wp-content\/uploads\/2020\/12\/climate-change-5224748_640.jpg\" \/>\n\t<meta property=\"og:image:width\" content=\"640\" \/>\n\t<meta property=\"og:image:height\" content=\"366\" \/>\n\t<meta property=\"og:image:type\" content=\"image\/jpeg\" \/>\n<meta name=\"author\" content=\"Leinewelle\" \/>\n<meta name=\"twitter:card\" content=\"summary_large_image\" \/>\n<meta name=\"twitter:creator\" content=\"@https:\/\/twitter.com\/RLeinewelle?ref_src=twsrcgoogletwcampserptwgrauthor\" \/>\n<meta name=\"twitter:site\" content=\"@RLeinewelle\" \/>\n<meta name=\"twitter:label1\" content=\"Verfasst von\" \/>\n\t<meta name=\"twitter:data1\" content=\"Leinewelle\" \/>\n\t<meta name=\"twitter:label2\" content=\"Gesch\u00e4tzte Lesezeit\" \/>\n\t<meta name=\"twitter:data2\" content=\"2\u00a0Minuten\" \/>\n<script type=\"application\/ld+json\" class=\"yoast-schema-graph\">{\"@context\":\"https:\\\/\\\/schema.org\",\"@graph\":[{\"@type\":\"Article\",\"@id\":\"https:\\\/\\\/radioleinewelle.de\\\/index.php\\\/2020\\\/12\\\/09\\\/gruene-jugend-beteiligt-sich-heute-an-der-protestaktion-gegen-des-klimagesetz\\\/#article\",\"isPartOf\":{\"@id\":\"https:\\\/\\\/radioleinewelle.de\\\/index.php\\\/2020\\\/12\\\/09\\\/gruene-jugend-beteiligt-sich-heute-an-der-protestaktion-gegen-des-klimagesetz\\\/\"},\"author\":{\"name\":\"Leinewelle\",\"@id\":\"https:\\\/\\\/radioleinewelle.de\\\/#\\\/schema\\\/person\\\/45606f348637df637192dc1b68399a63\"},\"headline\":\"Gr\u00fcne Jugend beteiligt sich heute an der Protestaktion gegen des Klimagesetz\",\"datePublished\":\"2020-12-09T04:35:17+00:00\",\"mainEntityOfPage\":{\"@id\":\"https:\\\/\\\/radioleinewelle.de\\\/index.php\\\/2020\\\/12\\\/09\\\/gruene-jugend-beteiligt-sich-heute-an-der-protestaktion-gegen-des-klimagesetz\\\/\"},\"wordCount\":375,\"publisher\":{\"@id\":\"https:\\\/\\\/radioleinewelle.de\\\/#organization\"},\"image\":{\"@id\":\"https:\\\/\\\/radioleinewelle.de\\\/index.php\\\/2020\\\/12\\\/09\\\/gruene-jugend-beteiligt-sich-heute-an-der-protestaktion-gegen-des-klimagesetz\\\/#primaryimage\"},\"thumbnailUrl\":\"https:\\\/\\\/radioleinewelle.de\\\/wp-content\\\/uploads\\\/2020\\\/12\\\/climate-change-5224748_640.jpg\",\"articleSection\":[\"Natur &amp; Umwelt\"],\"inLanguage\":\"de\"},{\"@type\":\"WebPage\",\"@id\":\"https:\\\/\\\/radioleinewelle.de\\\/index.php\\\/2020\\\/12\\\/09\\\/gruene-jugend-beteiligt-sich-heute-an-der-protestaktion-gegen-des-klimagesetz\\\/\",\"url\":\"https:\\\/\\\/radioleinewelle.de\\\/index.php\\\/2020\\\/12\\\/09\\\/gruene-jugend-beteiligt-sich-heute-an-der-protestaktion-gegen-des-klimagesetz\\\/\",\"name\":\"Gr\u00fcne Jugend beteiligt sich heute an der Protestaktion gegen des Klimagesetz - Radio Leinewelle\",\"isPartOf\":{\"@id\":\"https:\\\/\\\/radioleinewelle.de\\\/#website\"},\"primaryImageOfPage\":{\"@id\":\"https:\\\/\\\/radioleinewelle.de\\\/index.php\\\/2020\\\/12\\\/09\\\/gruene-jugend-beteiligt-sich-heute-an-der-protestaktion-gegen-des-klimagesetz\\\/#primaryimage\"},\"image\":{\"@id\":\"https:\\\/\\\/radioleinewelle.de\\\/index.php\\\/2020\\\/12\\\/09\\\/gruene-jugend-beteiligt-sich-heute-an-der-protestaktion-gegen-des-klimagesetz\\\/#primaryimage\"},\"thumbnailUrl\":\"https:\\\/\\\/radioleinewelle.de\\\/wp-content\\\/uploads\\\/2020\\\/12\\\/climate-change-5224748_640.jpg\",\"datePublished\":\"2020-12-09T04:35:17+00:00\",\"breadcrumb\":{\"@id\":\"https:\\\/\\\/radioleinewelle.de\\\/index.php\\\/2020\\\/12\\\/09\\\/gruene-jugend-beteiligt-sich-heute-an-der-protestaktion-gegen-des-klimagesetz\\\/#breadcrumb\"},\"inLanguage\":\"de\",\"potentialAction\":[{\"@type\":\"ReadAction\",\"target\":[\"https:\\\/\\\/radioleinewelle.de\\\/index.php\\\/2020\\\/12\\\/09\\\/gruene-jugend-beteiligt-sich-heute-an-der-protestaktion-gegen-des-klimagesetz\\\/\"]}]},{\"@type\":\"ImageObject\",\"inLanguage\":\"de\",\"@id\":\"https:\\\/\\\/radioleinewelle.de\\\/index.php\\\/2020\\\/12\\\/09\\\/gruene-jugend-beteiligt-sich-heute-an-der-protestaktion-gegen-des-klimagesetz\\\/#primaryimage\",\"url\":\"https:\\\/\\\/radioleinewelle.de\\\/wp-content\\\/uploads\\\/2020\\\/12\\\/climate-change-5224748_640.jpg\",\"contentUrl\":\"https:\\\/\\\/radioleinewelle.de\\\/wp-content\\\/uploads\\\/2020\\\/12\\\/climate-change-5224748_640.jpg\",\"width\":640,\"height\":366},{\"@type\":\"BreadcrumbList\",\"@id\":\"https:\\\/\\\/radioleinewelle.de\\\/index.php\\\/2020\\\/12\\\/09\\\/gruene-jugend-beteiligt-sich-heute-an-der-protestaktion-gegen-des-klimagesetz\\\/#breadcrumb\",\"itemListElement\":[{\"@type\":\"ListItem\",\"position\":1,\"name\":\"Startseite\",\"item\":\"https:\\\/\\\/radioleinewelle.de\\\/\"},{\"@type\":\"ListItem\",\"position\":2,\"name\":\"Gr\u00fcne Jugend beteiligt sich heute an der Protestaktion gegen des Klimagesetz\"}]},{\"@type\":\"WebSite\",\"@id\":\"https:\\\/\\\/radioleinewelle.de\\\/#website\",\"url\":\"https:\\\/\\\/radioleinewelle.de\\\/\",\"name\":\"Radio Leinewelle\",\"description\":\"\",\"publisher\":{\"@id\":\"https:\\\/\\\/radioleinewelle.de\\\/#organization\"},\"potentialAction\":[{\"@type\":\"SearchAction\",\"target\":{\"@type\":\"EntryPoint\",\"urlTemplate\":\"https:\\\/\\\/radioleinewelle.de\\\/?s={search_term_string}\"},\"query-input\":{\"@type\":\"PropertyValueSpecification\",\"valueRequired\":true,\"valueName\":\"search_term_string\"}}],\"inLanguage\":\"de\"},{\"@type\":\"Organization\",\"@id\":\"https:\\\/\\\/radioleinewelle.de\\\/#organization\",\"name\":\"Radio Leinewelle\",\"alternateName\":\"Mein Radio f\u00fcr S\u00fcdniedersachsen\",\"url\":\"https:\\\/\\\/radioleinewelle.de\\\/\",\"logo\":{\"@type\":\"ImageObject\",\"inLanguage\":\"de\",\"@id\":\"https:\\\/\\\/radioleinewelle.de\\\/#\\\/schema\\\/logo\\\/image\\\/\",\"url\":\"https:\\\/\\\/radioleinewelle.de\\\/wp-content\\\/uploads\\\/2023\\\/11\\\/cropped-Leinewelle_Logo_weiss.png\",\"contentUrl\":\"https:\\\/\\\/radioleinewelle.de\\\/wp-content\\\/uploads\\\/2023\\\/11\\\/cropped-Leinewelle_Logo_weiss.png\",\"width\":854,\"height\":260,\"caption\":\"Radio Leinewelle\"},\"image\":{\"@id\":\"https:\\\/\\\/radioleinewelle.de\\\/#\\\/schema\\\/logo\\\/image\\\/\"},\"sameAs\":[\"https:\\\/\\\/www.facebook.com\\\/radioleinewelle\",\"https:\\\/\\\/x.com\\\/RLeinewelle\",\"https:\\\/\\\/www.instagram.com\\\/radioleinewelle\\\/?hl=de\"]},{\"@type\":\"Person\",\"@id\":\"https:\\\/\\\/radioleinewelle.de\\\/#\\\/schema\\\/person\\\/45606f348637df637192dc1b68399a63\",\"name\":\"Leinewelle\",\"image\":{\"@type\":\"ImageObject\",\"inLanguage\":\"de\",\"@id\":\"https:\\\/\\\/secure.gravatar.com\\\/avatar\\\/05c9a17bc973052ee5d91549bd32fb4dd0dc85b7b85ae94b2e2b4943476bbea5?s=96&d=blank&r=g\",\"url\":\"https:\\\/\\\/secure.gravatar.com\\\/avatar\\\/05c9a17bc973052ee5d91549bd32fb4dd0dc85b7b85ae94b2e2b4943476bbea5?s=96&d=blank&r=g\",\"contentUrl\":\"https:\\\/\\\/secure.gravatar.com\\\/avatar\\\/05c9a17bc973052ee5d91549bd32fb4dd0dc85b7b85ae94b2e2b4943476bbea5?s=96&d=blank&r=g\",\"caption\":\"Leinewelle\"},\"sameAs\":[\"http:\\\/\\\/localhost\\\/radio%20leinewelle\\\/wordpress\",\"https:\\\/\\\/www.facebook.com\\\/radioleinewelle\",\"https:\\\/\\\/www.instagram.com\\\/radioleinewelle\",\"https:\\\/\\\/x.com\\\/https:\\\/\\\/twitter.com\\\/RLeinewelle?ref_src=twsrcgoogletwcampserptwgrauthor\",\"https:\\\/\\\/soundcloud.com\\\/foerderverein-lokalradio?utm_source=clipboard&utm_medium=text&utm_campaign=social_sharing\"],\"url\":\"https:\\\/\\\/radioleinewelle.de\\\/index.php\\\/author\\\/leinewelle\\\/\"}]}<\/script>\n<!-- \/ Yoast SEO plugin. -->","yoast_head_json":{"title":"Gr\u00fcne Jugend beteiligt sich heute an der Protestaktion gegen des Klimagesetz - Radio Leinewelle","robots":{"index":"index","follow":"follow","max-snippet":"max-snippet:-1","max-image-preview":"max-image-preview:large","max-video-preview":"max-video-preview:-1"},"canonical":"https:\/\/radioleinewelle.de\/index.php\/2020\/12\/09\/gruene-jugend-beteiligt-sich-heute-an-der-protestaktion-gegen-des-klimagesetz\/","og_locale":"de_DE","og_type":"article","og_title":"Gr\u00fcne Jugend beteiligt sich heute an der Protestaktion gegen des Klimagesetz - Radio Leinewelle","og_description":"Unter dem Motto \u201eSpielt nicht mit unserer Erde\u201c plant Fridays for Future Niedersachsen zusammen mit einem Aktionsb\u00fcndnis aus Gr\u00fcne Jugend, BUND-Jugend, Naturfreundejugend und weiteren Akteur*innen der Klimabewegung f\u00fcr heute, den 09. Dezember ab 10:30 Uhr eine Protestaktion vor dem nieders\u00e4chsischen Landtag. Mit der Protestaktion soll auf das neue und vollkommen unzureichende Klimagesetz der gro\u00dfen Koalition [&hellip;]","og_url":"https:\/\/radioleinewelle.de\/index.php\/2020\/12\/09\/gruene-jugend-beteiligt-sich-heute-an-der-protestaktion-gegen-des-klimagesetz\/","og_site_name":"Radio Leinewelle","article_publisher":"https:\/\/www.facebook.com\/radioleinewelle","article_author":"https:\/\/www.facebook.com\/radioleinewelle","article_published_time":"2020-12-09T04:35:17+00:00","og_image":[{"width":640,"height":366,"url":"https:\/\/radioleinewelle.de\/wp-content\/uploads\/2020\/12\/climate-change-5224748_640.jpg","type":"image\/jpeg"}],"author":"Leinewelle","twitter_card":"summary_large_image","twitter_creator":"@https:\/\/twitter.com\/RLeinewelle?ref_src=twsrcgoogletwcampserptwgrauthor","twitter_site":"@RLeinewelle","twitter_misc":{"Verfasst von":"Leinewelle","Gesch\u00e4tzte Lesezeit":"2\u00a0Minuten"},"schema":{"@context":"https:\/\/schema.org","@graph":[{"@type":"Article","@id":"https:\/\/radioleinewelle.de\/index.php\/2020\/12\/09\/gruene-jugend-beteiligt-sich-heute-an-der-protestaktion-gegen-des-klimagesetz\/#article","isPartOf":{"@id":"https:\/\/radioleinewelle.de\/index.php\/2020\/12\/09\/gruene-jugend-beteiligt-sich-heute-an-der-protestaktion-gegen-des-klimagesetz\/"},"author":{"name":"Leinewelle","@id":"https:\/\/radioleinewelle.de\/#\/schema\/person\/45606f348637df637192dc1b68399a63"},"headline":"Gr\u00fcne Jugend beteiligt sich heute an der Protestaktion gegen des Klimagesetz","datePublished":"2020-12-09T04:35:17+00:00","mainEntityOfPage":{"@id":"https:\/\/radioleinewelle.de\/index.php\/2020\/12\/09\/gruene-jugend-beteiligt-sich-heute-an-der-protestaktion-gegen-des-klimagesetz\/"},"wordCount":375,"publisher":{"@id":"https:\/\/radioleinewelle.de\/#organization"},"image":{"@id":"https:\/\/radioleinewelle.de\/index.php\/2020\/12\/09\/gruene-jugend-beteiligt-sich-heute-an-der-protestaktion-gegen-des-klimagesetz\/#primaryimage"},"thumbnailUrl":"https:\/\/radioleinewelle.de\/wp-content\/uploads\/2020\/12\/climate-change-5224748_640.jpg","articleSection":["Natur &amp; Umwelt"],"inLanguage":"de"},{"@type":"WebPage","@id":"https:\/\/radioleinewelle.de\/index.php\/2020\/12\/09\/gruene-jugend-beteiligt-sich-heute-an-der-protestaktion-gegen-des-klimagesetz\/","url":"https:\/\/radioleinewelle.de\/index.php\/2020\/12\/09\/gruene-jugend-beteiligt-sich-heute-an-der-protestaktion-gegen-des-klimagesetz\/","name":"Gr\u00fcne Jugend beteiligt sich heute an der Protestaktion gegen des Klimagesetz - Radio Leinewelle","isPartOf":{"@id":"https:\/\/radioleinewelle.de\/#website"},"primaryImageOfPage":{"@id":"https:\/\/radioleinewelle.de\/index.php\/2020\/12\/09\/gruene-jugend-beteiligt-sich-heute-an-der-protestaktion-gegen-des-klimagesetz\/#primaryimage"},"image":{"@id":"https:\/\/radioleinewelle.de\/index.php\/2020\/12\/09\/gruene-jugend-beteiligt-sich-heute-an-der-protestaktion-gegen-des-klimagesetz\/#primaryimage"},"thumbnailUrl":"https:\/\/radioleinewelle.de\/wp-content\/uploads\/2020\/12\/climate-change-5224748_640.jpg","datePublished":"2020-12-09T04:35:17+00:00","breadcrumb":{"@id":"https:\/\/radioleinewelle.de\/index.php\/2020\/12\/09\/gruene-jugend-beteiligt-sich-heute-an-der-protestaktion-gegen-des-klimagesetz\/#breadcrumb"},"inLanguage":"de","potentialAction":[{"@type":"ReadAction","target":["https:\/\/radioleinewelle.de\/index.php\/2020\/12\/09\/gruene-jugend-beteiligt-sich-heute-an-der-protestaktion-gegen-des-klimagesetz\/"]}]},{"@type":"ImageObject","inLanguage":"de","@id":"https:\/\/radioleinewelle.de\/index.php\/2020\/12\/09\/gruene-jugend-beteiligt-sich-heute-an-der-protestaktion-gegen-des-klimagesetz\/#primaryimage","url":"https:\/\/radioleinewelle.de\/wp-content\/uploads\/2020\/12\/climate-change-5224748_640.jpg","contentUrl":"https:\/\/radioleinewelle.de\/wp-content\/uploads\/2020\/12\/climate-change-5224748_640.jpg","width":640,"height":366},{"@type":"BreadcrumbList","@id":"https:\/\/radioleinewelle.de\/index.php\/2020\/12\/09\/gruene-jugend-beteiligt-sich-heute-an-der-protestaktion-gegen-des-klimagesetz\/#breadcrumb","itemListElement":[{"@type":"ListItem","position":1,"name":"Startseite","item":"https:\/\/radioleinewelle.de\/"},{"@type":"ListItem","position":2,"name":"Gr\u00fcne Jugend beteiligt sich heute an der Protestaktion gegen des Klimagesetz"}]},{"@type":"WebSite","@id":"https:\/\/radioleinewelle.de\/#website","url":"https:\/\/radioleinewelle.de\/","name":"Radio Leinewelle","description":"","publisher":{"@id":"https:\/\/radioleinewelle.de\/#organization"},"potentialAction":[{"@type":"SearchAction","target":{"@type":"EntryPoint","urlTemplate":"https:\/\/radioleinewelle.de\/?s={search_term_string}"},"query-input":{"@type":"PropertyValueSpecification","valueRequired":true,"valueName":"search_term_string"}}],"inLanguage":"de"},{"@type":"Organization","@id":"https:\/\/radioleinewelle.de\/#organization","name":"Radio Leinewelle","alternateName":"Mein Radio f\u00fcr S\u00fcdniedersachsen","url":"https:\/\/radioleinewelle.de\/","logo":{"@type":"ImageObject","inLanguage":"de","@id":"https:\/\/radioleinewelle.de\/#\/schema\/logo\/image\/","url":"https:\/\/radioleinewelle.de\/wp-content\/uploads\/2023\/11\/cropped-Leinewelle_Logo_weiss.png","contentUrl":"https:\/\/radioleinewelle.de\/wp-content\/uploads\/2023\/11\/cropped-Leinewelle_Logo_weiss.png","width":854,"height":260,"caption":"Radio Leinewelle"},"image":{"@id":"https:\/\/radioleinewelle.de\/#\/schema\/logo\/image\/"},"sameAs":["https:\/\/www.facebook.com\/radioleinewelle","https:\/\/x.com\/RLeinewelle","https:\/\/www.instagram.com\/radioleinewelle\/?hl=de"]},{"@type":"Person","@id":"https:\/\/radioleinewelle.de\/#\/schema\/person\/45606f348637df637192dc1b68399a63","name":"Leinewelle","image":{"@type":"ImageObject","inLanguage":"de","@id":"https:\/\/secure.gravatar.com\/avatar\/05c9a17bc973052ee5d91549bd32fb4dd0dc85b7b85ae94b2e2b4943476bbea5?s=96&d=blank&r=g","url":"https:\/\/secure.gravatar.com\/avatar\/05c9a17bc973052ee5d91549bd32fb4dd0dc85b7b85ae94b2e2b4943476bbea5?s=96&d=blank&r=g","contentUrl":"https:\/\/secure.gravatar.com\/avatar\/05c9a17bc973052ee5d91549bd32fb4dd0dc85b7b85ae94b2e2b4943476bbea5?s=96&d=blank&r=g","caption":"Leinewelle"},"sameAs":["http:\/\/localhost\/radio%20leinewelle\/wordpress","https:\/\/www.facebook.com\/radioleinewelle","https:\/\/www.instagram.com\/radioleinewelle","https:\/\/x.com\/https:\/\/twitter.com\/RLeinewelle?ref_src=twsrcgoogletwcampserptwgrauthor","https:\/\/soundcloud.com\/foerderverein-lokalradio?utm_source=clipboard&utm_medium=text&utm_campaign=social_sharing"],"url":"https:\/\/radioleinewelle.de\/index.php\/author\/leinewelle\/"}]}},"_links":{"self":[{"href":"https:\/\/radioleinewelle.de\/index.php\/wp-json\/wp\/v2\/posts\/3413","targetHints":{"allow":["GET"]}}],"collection":[{"href":"https:\/\/radioleinewelle.de\/index.php\/wp-json\/wp\/v2\/posts"}],"about":[{"href":"https:\/\/radioleinewelle.de\/index.php\/wp-json\/wp\/v2\/types\/post"}],"author":[{"embeddable":true,"href":"https:\/\/radioleinewelle.de\/index.php\/wp-json\/wp\/v2\/users\/1"}],"replies":[{"embeddable":true,"href":"https:\/\/radioleinewelle.de\/index.php\/wp-json\/wp\/v2\/comments?post=3413"}],"version-history":[{"count":0,"href":"https:\/\/radioleinewelle.de\/index.php\/wp-json\/wp\/v2\/posts\/3413\/revisions"}],"wp:featuredmedia":[{"embeddable":true,"href":"https:\/\/radioleinewelle.de\/index.php\/wp-json\/wp\/v2\/media\/3416"}],"wp:attachment":[{"href":"https:\/\/radioleinewelle.de\/index.php\/wp-json\/wp\/v2\/media?parent=3413"}],"wp:term":[{"taxonomy":"category","embeddable":true,"href":"https:\/\/radioleinewelle.de\/index.php\/wp-json\/wp\/v2\/categories?post=3413"},{"taxonomy":"post_tag","embeddable":true,"href":"https:\/\/radioleinewelle.de\/index.php\/wp-json\/wp\/v2\/tags?post=3413"}],"curies":[{"name":"wp","href":"https:\/\/api.w.org\/{rel}","templated":true}]}}