{"id":3418,"date":"2020-12-09T18:17:28","date_gmt":"2020-12-09T17:17:28","guid":{"rendered":"https:\/\/radioleinewelle.de\/?p=3418"},"modified":"2020-12-09T18:17:28","modified_gmt":"2020-12-09T17:17:28","slug":"unfall-mit-tanklastzug-auf-der-a-7-vollsperrung-nach-sueden-dauert-weiter-an","status":"publish","type":"post","link":"https:\/\/radioleinewelle.de\/index.php\/2020\/12\/09\/unfall-mit-tanklastzug-auf-der-a-7-vollsperrung-nach-sueden-dauert-weiter-an\/","title":{"rendered":"Unfall mit Tanklastzug auf der A 7 &#8211; Vollsperrung nach S\u00fcden dauert weiter an"},"content":{"rendered":"<p>N\u00d6RTEN-HARDENBERG (jk) &#8211; Wegen eines umgekippten Tanklasters ist die Autobahn A 7 ab der Anschlussstelle N\u00f6rten-Hardenberg in Fahrtrichtung S\u00fcden noch immer voll gesperrt. Der aktuelle R\u00fcckstau betr\u00e4gt rund vierzehn Kilometer.<\/p>\n<p>Bei dem Unfall am Mittwochvormittag (09.12.20) wurden der 49 Jahre alte Fahrer des Tankfahrzeuges aus Schleswig-Holstein schwer und ein 70-j\u00e4hriger Autofahrer aus Hannover leicht verletzt. Rettungswagen brachten beide M\u00e4nner in die G\u00f6ttinger Uniklinik. Der entstandene Gesamtschaden betr\u00e4gt nach ersten Sch\u00e4tzungen ca. 155.000 Euro. Die Aufr\u00e4umarbeiten an der Unfallstelle dauern zurzeit an.<\/p>\n<p>Der mit ungiftigem Paraffin\u00f6l beladene Tanklaster war gegen 10.00 Uhr aus bislang ungekl\u00e4rter Ursache vom rechten Fahrstreifen abgekommen und hatte in der Folge einen auf dem ganz linken \u00dcberholfahrstreifen fahrenden VW Golf touchiert. Der PKW wurde gegen die Betonmittelschutzwand gedr\u00fcckt und blieb besch\u00e4digt stehen. Der Tanklaster kippte anschlie\u00dfend auf die Seite und blockierte den Haupt- und den Mittelfahrstreifen. Ausgetretenes Paraffin\u00f6l verunreinigte au\u00dferdem die Fahrbahn.<\/p>\n<p>Wann die Aufr\u00e4um- und Reinigungsarbeiten an der Unfallstelle abgeschlossen sein werden, steht im Moment nicht fest. Verkehrsteilnehmer werden gebeten, den Bereich nach M\u00f6glichkeit weitr\u00e4umig zu umfahren.<\/p>\n<p>Symbolbild:\u00a0Bild von <a href=\"https:\/\/pixabay.com\/de\/users\/sd-pictures-3553481\/?utm_source=link-attribution&amp;utm_medium=referral&amp;utm_campaign=image&amp;utm_content=1761825\">Ralf Vetterle<\/a> auf <a href=\"https:\/\/pixabay.com\/de\/?utm_source=link-attribution&amp;utm_medium=referral&amp;utm_campaign=image&amp;utm_content=1761825\">Pixabay<\/a><\/p>\n","protected":false},"excerpt":{"rendered":"<p>N\u00d6RTEN-HARDENBERG (jk) &#8211; Wegen eines umgekippten Tanklasters ist die Autobahn A 7 ab der Anschlussstelle N\u00f6rten-Hardenberg in Fahrtrichtung S\u00fcden noch immer voll gesperrt. Der aktuelle R\u00fcckstau betr\u00e4gt rund vierzehn Kilometer. Bei dem Unfall am Mittwochvormittag (09.12.20) wurden der 49 Jahre alte Fahrer des Tankfahrzeuges aus Schleswig-Holstein schwer und ein 70-j\u00e4hriger Autofahrer aus Hannover leicht verletzt. [&hellip;]<\/p>\n","protected":false},"author":1,"featured_media":3421,"comment_status":"closed","ping_status":"closed","sticky":false,"template":"","format":"standard","meta":{"saved_in_kubio":false,"footnotes":""},"categories":[24],"tags":[],"class_list":["post-3418","post","type-post","status-publish","format-standard","has-post-thumbnail","hentry","category-news"],"yoast_head":"<!-- This site is optimized with the Yoast SEO plugin v27.5 - https:\/\/yoast.com\/product\/yoast-seo-wordpress\/ -->\n<title>Unfall mit Tanklastzug auf der A 7 - Vollsperrung nach S\u00fcden dauert weiter an - Radio Leinewelle<\/title>\n<meta name=\"robots\" content=\"index, follow, max-snippet:-1, max-image-preview:large, max-video-preview:-1\" \/>\n<link rel=\"canonical\" href=\"https:\/\/radioleinewelle.de\/index.php\/2020\/12\/09\/unfall-mit-tanklastzug-auf-der-a-7-vollsperrung-nach-sueden-dauert-weiter-an\/\" \/>\n<meta property=\"og:locale\" content=\"de_DE\" \/>\n<meta property=\"og:type\" content=\"article\" \/>\n<meta property=\"og:title\" content=\"Unfall mit Tanklastzug auf der A 7 - Vollsperrung nach S\u00fcden dauert weiter an - Radio Leinewelle\" \/>\n<meta property=\"og:description\" content=\"N\u00d6RTEN-HARDENBERG (jk) &#8211; Wegen eines umgekippten Tanklasters ist die Autobahn A 7 ab der Anschlussstelle N\u00f6rten-Hardenberg in Fahrtrichtung S\u00fcden noch immer voll gesperrt. Der aktuelle R\u00fcckstau betr\u00e4gt rund vierzehn Kilometer. Bei dem Unfall am Mittwochvormittag (09.12.20) wurden der 49 Jahre alte Fahrer des Tankfahrzeuges aus Schleswig-Holstein schwer und ein 70-j\u00e4hriger Autofahrer aus Hannover leicht verletzt. [&hellip;]\" \/>\n<meta property=\"og:url\" content=\"https:\/\/radioleinewelle.de\/index.php\/2020\/12\/09\/unfall-mit-tanklastzug-auf-der-a-7-vollsperrung-nach-sueden-dauert-weiter-an\/\" \/>\n<meta property=\"og:site_name\" content=\"Radio Leinewelle\" \/>\n<meta property=\"article:publisher\" content=\"https:\/\/www.facebook.com\/radioleinewelle\" \/>\n<meta property=\"article:author\" content=\"https:\/\/www.facebook.com\/radioleinewelle\" \/>\n<meta property=\"article:published_time\" content=\"2020-12-09T17:17:28+00:00\" \/>\n<meta property=\"og:image\" content=\"https:\/\/radioleinewelle.de\/wp-content\/uploads\/2020\/12\/highway-1761825_640.jpg\" \/>\n\t<meta property=\"og:image:width\" content=\"640\" \/>\n\t<meta property=\"og:image:height\" content=\"426\" \/>\n\t<meta property=\"og:image:type\" content=\"image\/jpeg\" \/>\n<meta name=\"author\" content=\"Leinewelle\" \/>\n<meta name=\"twitter:card\" content=\"summary_large_image\" \/>\n<meta name=\"twitter:creator\" content=\"@https:\/\/twitter.com\/RLeinewelle?ref_src=twsrcgoogletwcampserptwgrauthor\" \/>\n<meta name=\"twitter:site\" content=\"@RLeinewelle\" \/>\n<meta name=\"twitter:label1\" content=\"Verfasst von\" \/>\n\t<meta name=\"twitter:data1\" content=\"Leinewelle\" \/>\n\t<meta name=\"twitter:label2\" content=\"Gesch\u00e4tzte Lesezeit\" \/>\n\t<meta name=\"twitter:data2\" content=\"1\u00a0Minute\" \/>\n<script type=\"application\/ld+json\" class=\"yoast-schema-graph\">{\"@context\":\"https:\\\/\\\/schema.org\",\"@graph\":[{\"@type\":\"Article\",\"@id\":\"https:\\\/\\\/radioleinewelle.de\\\/index.php\\\/2020\\\/12\\\/09\\\/unfall-mit-tanklastzug-auf-der-a-7-vollsperrung-nach-sueden-dauert-weiter-an\\\/#article\",\"isPartOf\":{\"@id\":\"https:\\\/\\\/radioleinewelle.de\\\/index.php\\\/2020\\\/12\\\/09\\\/unfall-mit-tanklastzug-auf-der-a-7-vollsperrung-nach-sueden-dauert-weiter-an\\\/\"},\"author\":{\"name\":\"Leinewelle\",\"@id\":\"https:\\\/\\\/radioleinewelle.de\\\/#\\\/schema\\\/person\\\/45606f348637df637192dc1b68399a63\"},\"headline\":\"Unfall mit Tanklastzug auf der A 7 &#8211; Vollsperrung nach S\u00fcden dauert weiter an\",\"datePublished\":\"2020-12-09T17:17:28+00:00\",\"mainEntityOfPage\":{\"@id\":\"https:\\\/\\\/radioleinewelle.de\\\/index.php\\\/2020\\\/12\\\/09\\\/unfall-mit-tanklastzug-auf-der-a-7-vollsperrung-nach-sueden-dauert-weiter-an\\\/\"},\"wordCount\":208,\"publisher\":{\"@id\":\"https:\\\/\\\/radioleinewelle.de\\\/#organization\"},\"image\":{\"@id\":\"https:\\\/\\\/radioleinewelle.de\\\/index.php\\\/2020\\\/12\\\/09\\\/unfall-mit-tanklastzug-auf-der-a-7-vollsperrung-nach-sueden-dauert-weiter-an\\\/#primaryimage\"},\"thumbnailUrl\":\"https:\\\/\\\/radioleinewelle.de\\\/wp-content\\\/uploads\\\/2020\\\/12\\\/highway-1761825_640.jpg\",\"articleSection\":[\"Aktuelle Nachrichten\"],\"inLanguage\":\"de\"},{\"@type\":\"WebPage\",\"@id\":\"https:\\\/\\\/radioleinewelle.de\\\/index.php\\\/2020\\\/12\\\/09\\\/unfall-mit-tanklastzug-auf-der-a-7-vollsperrung-nach-sueden-dauert-weiter-an\\\/\",\"url\":\"https:\\\/\\\/radioleinewelle.de\\\/index.php\\\/2020\\\/12\\\/09\\\/unfall-mit-tanklastzug-auf-der-a-7-vollsperrung-nach-sueden-dauert-weiter-an\\\/\",\"name\":\"Unfall mit Tanklastzug auf der A 7 - Vollsperrung nach S\u00fcden dauert weiter an - Radio Leinewelle\",\"isPartOf\":{\"@id\":\"https:\\\/\\\/radioleinewelle.de\\\/#website\"},\"primaryImageOfPage\":{\"@id\":\"https:\\\/\\\/radioleinewelle.de\\\/index.php\\\/2020\\\/12\\\/09\\\/unfall-mit-tanklastzug-auf-der-a-7-vollsperrung-nach-sueden-dauert-weiter-an\\\/#primaryimage\"},\"image\":{\"@id\":\"https:\\\/\\\/radioleinewelle.de\\\/index.php\\\/2020\\\/12\\\/09\\\/unfall-mit-tanklastzug-auf-der-a-7-vollsperrung-nach-sueden-dauert-weiter-an\\\/#primaryimage\"},\"thumbnailUrl\":\"https:\\\/\\\/radioleinewelle.de\\\/wp-content\\\/uploads\\\/2020\\\/12\\\/highway-1761825_640.jpg\",\"datePublished\":\"2020-12-09T17:17:28+00:00\",\"breadcrumb\":{\"@id\":\"https:\\\/\\\/radioleinewelle.de\\\/index.php\\\/2020\\\/12\\\/09\\\/unfall-mit-tanklastzug-auf-der-a-7-vollsperrung-nach-sueden-dauert-weiter-an\\\/#breadcrumb\"},\"inLanguage\":\"de\",\"potentialAction\":[{\"@type\":\"ReadAction\",\"target\":[\"https:\\\/\\\/radioleinewelle.de\\\/index.php\\\/2020\\\/12\\\/09\\\/unfall-mit-tanklastzug-auf-der-a-7-vollsperrung-nach-sueden-dauert-weiter-an\\\/\"]}]},{\"@type\":\"ImageObject\",\"inLanguage\":\"de\",\"@id\":\"https:\\\/\\\/radioleinewelle.de\\\/index.php\\\/2020\\\/12\\\/09\\\/unfall-mit-tanklastzug-auf-der-a-7-vollsperrung-nach-sueden-dauert-weiter-an\\\/#primaryimage\",\"url\":\"https:\\\/\\\/radioleinewelle.de\\\/wp-content\\\/uploads\\\/2020\\\/12\\\/highway-1761825_640.jpg\",\"contentUrl\":\"https:\\\/\\\/radioleinewelle.de\\\/wp-content\\\/uploads\\\/2020\\\/12\\\/highway-1761825_640.jpg\",\"width\":640,\"height\":426},{\"@type\":\"BreadcrumbList\",\"@id\":\"https:\\\/\\\/radioleinewelle.de\\\/index.php\\\/2020\\\/12\\\/09\\\/unfall-mit-tanklastzug-auf-der-a-7-vollsperrung-nach-sueden-dauert-weiter-an\\\/#breadcrumb\",\"itemListElement\":[{\"@type\":\"ListItem\",\"position\":1,\"name\":\"Startseite\",\"item\":\"https:\\\/\\\/radioleinewelle.de\\\/\"},{\"@type\":\"ListItem\",\"position\":2,\"name\":\"Unfall mit Tanklastzug auf der A 7 &#8211; Vollsperrung nach S\u00fcden dauert weiter an\"}]},{\"@type\":\"WebSite\",\"@id\":\"https:\\\/\\\/radioleinewelle.de\\\/#website\",\"url\":\"https:\\\/\\\/radioleinewelle.de\\\/\",\"name\":\"Radio Leinewelle\",\"description\":\"\",\"publisher\":{\"@id\":\"https:\\\/\\\/radioleinewelle.de\\\/#organization\"},\"potentialAction\":[{\"@type\":\"SearchAction\",\"target\":{\"@type\":\"EntryPoint\",\"urlTemplate\":\"https:\\\/\\\/radioleinewelle.de\\\/?s={search_term_string}\"},\"query-input\":{\"@type\":\"PropertyValueSpecification\",\"valueRequired\":true,\"valueName\":\"search_term_string\"}}],\"inLanguage\":\"de\"},{\"@type\":\"Organization\",\"@id\":\"https:\\\/\\\/radioleinewelle.de\\\/#organization\",\"name\":\"Radio Leinewelle\",\"alternateName\":\"Mein Radio f\u00fcr S\u00fcdniedersachsen\",\"url\":\"https:\\\/\\\/radioleinewelle.de\\\/\",\"logo\":{\"@type\":\"ImageObject\",\"inLanguage\":\"de\",\"@id\":\"https:\\\/\\\/radioleinewelle.de\\\/#\\\/schema\\\/logo\\\/image\\\/\",\"url\":\"https:\\\/\\\/radioleinewelle.de\\\/wp-content\\\/uploads\\\/2023\\\/11\\\/cropped-Leinewelle_Logo_weiss.png\",\"contentUrl\":\"https:\\\/\\\/radioleinewelle.de\\\/wp-content\\\/uploads\\\/2023\\\/11\\\/cropped-Leinewelle_Logo_weiss.png\",\"width\":854,\"height\":260,\"caption\":\"Radio Leinewelle\"},\"image\":{\"@id\":\"https:\\\/\\\/radioleinewelle.de\\\/#\\\/schema\\\/logo\\\/image\\\/\"},\"sameAs\":[\"https:\\\/\\\/www.facebook.com\\\/radioleinewelle\",\"https:\\\/\\\/x.com\\\/RLeinewelle\",\"https:\\\/\\\/www.instagram.com\\\/radioleinewelle\\\/?hl=de\"]},{\"@type\":\"Person\",\"@id\":\"https:\\\/\\\/radioleinewelle.de\\\/#\\\/schema\\\/person\\\/45606f348637df637192dc1b68399a63\",\"name\":\"Leinewelle\",\"image\":{\"@type\":\"ImageObject\",\"inLanguage\":\"de\",\"@id\":\"https:\\\/\\\/secure.gravatar.com\\\/avatar\\\/05c9a17bc973052ee5d91549bd32fb4dd0dc85b7b85ae94b2e2b4943476bbea5?s=96&d=blank&r=g\",\"url\":\"https:\\\/\\\/secure.gravatar.com\\\/avatar\\\/05c9a17bc973052ee5d91549bd32fb4dd0dc85b7b85ae94b2e2b4943476bbea5?s=96&d=blank&r=g\",\"contentUrl\":\"https:\\\/\\\/secure.gravatar.com\\\/avatar\\\/05c9a17bc973052ee5d91549bd32fb4dd0dc85b7b85ae94b2e2b4943476bbea5?s=96&d=blank&r=g\",\"caption\":\"Leinewelle\"},\"sameAs\":[\"http:\\\/\\\/localhost\\\/radio%20leinewelle\\\/wordpress\",\"https:\\\/\\\/www.facebook.com\\\/radioleinewelle\",\"https:\\\/\\\/www.instagram.com\\\/radioleinewelle\",\"https:\\\/\\\/x.com\\\/https:\\\/\\\/twitter.com\\\/RLeinewelle?ref_src=twsrcgoogletwcampserptwgrauthor\",\"https:\\\/\\\/soundcloud.com\\\/foerderverein-lokalradio?utm_source=clipboard&utm_medium=text&utm_campaign=social_sharing\"],\"url\":\"https:\\\/\\\/radioleinewelle.de\\\/index.php\\\/author\\\/leinewelle\\\/\"}]}<\/script>\n<!-- \/ Yoast SEO plugin. -->","yoast_head_json":{"title":"Unfall mit Tanklastzug auf der A 7 - Vollsperrung nach S\u00fcden dauert weiter an - Radio Leinewelle","robots":{"index":"index","follow":"follow","max-snippet":"max-snippet:-1","max-image-preview":"max-image-preview:large","max-video-preview":"max-video-preview:-1"},"canonical":"https:\/\/radioleinewelle.de\/index.php\/2020\/12\/09\/unfall-mit-tanklastzug-auf-der-a-7-vollsperrung-nach-sueden-dauert-weiter-an\/","og_locale":"de_DE","og_type":"article","og_title":"Unfall mit Tanklastzug auf der A 7 - Vollsperrung nach S\u00fcden dauert weiter an - Radio Leinewelle","og_description":"N\u00d6RTEN-HARDENBERG (jk) &#8211; Wegen eines umgekippten Tanklasters ist die Autobahn A 7 ab der Anschlussstelle N\u00f6rten-Hardenberg in Fahrtrichtung S\u00fcden noch immer voll gesperrt. Der aktuelle R\u00fcckstau betr\u00e4gt rund vierzehn Kilometer. Bei dem Unfall am Mittwochvormittag (09.12.20) wurden der 49 Jahre alte Fahrer des Tankfahrzeuges aus Schleswig-Holstein schwer und ein 70-j\u00e4hriger Autofahrer aus Hannover leicht verletzt. [&hellip;]","og_url":"https:\/\/radioleinewelle.de\/index.php\/2020\/12\/09\/unfall-mit-tanklastzug-auf-der-a-7-vollsperrung-nach-sueden-dauert-weiter-an\/","og_site_name":"Radio Leinewelle","article_publisher":"https:\/\/www.facebook.com\/radioleinewelle","article_author":"https:\/\/www.facebook.com\/radioleinewelle","article_published_time":"2020-12-09T17:17:28+00:00","og_image":[{"width":640,"height":426,"url":"https:\/\/radioleinewelle.de\/wp-content\/uploads\/2020\/12\/highway-1761825_640.jpg","type":"image\/jpeg"}],"author":"Leinewelle","twitter_card":"summary_large_image","twitter_creator":"@https:\/\/twitter.com\/RLeinewelle?ref_src=twsrcgoogletwcampserptwgrauthor","twitter_site":"@RLeinewelle","twitter_misc":{"Verfasst von":"Leinewelle","Gesch\u00e4tzte Lesezeit":"1\u00a0Minute"},"schema":{"@context":"https:\/\/schema.org","@graph":[{"@type":"Article","@id":"https:\/\/radioleinewelle.de\/index.php\/2020\/12\/09\/unfall-mit-tanklastzug-auf-der-a-7-vollsperrung-nach-sueden-dauert-weiter-an\/#article","isPartOf":{"@id":"https:\/\/radioleinewelle.de\/index.php\/2020\/12\/09\/unfall-mit-tanklastzug-auf-der-a-7-vollsperrung-nach-sueden-dauert-weiter-an\/"},"author":{"name":"Leinewelle","@id":"https:\/\/radioleinewelle.de\/#\/schema\/person\/45606f348637df637192dc1b68399a63"},"headline":"Unfall mit Tanklastzug auf der A 7 &#8211; Vollsperrung nach S\u00fcden dauert weiter an","datePublished":"2020-12-09T17:17:28+00:00","mainEntityOfPage":{"@id":"https:\/\/radioleinewelle.de\/index.php\/2020\/12\/09\/unfall-mit-tanklastzug-auf-der-a-7-vollsperrung-nach-sueden-dauert-weiter-an\/"},"wordCount":208,"publisher":{"@id":"https:\/\/radioleinewelle.de\/#organization"},"image":{"@id":"https:\/\/radioleinewelle.de\/index.php\/2020\/12\/09\/unfall-mit-tanklastzug-auf-der-a-7-vollsperrung-nach-sueden-dauert-weiter-an\/#primaryimage"},"thumbnailUrl":"https:\/\/radioleinewelle.de\/wp-content\/uploads\/2020\/12\/highway-1761825_640.jpg","articleSection":["Aktuelle Nachrichten"],"inLanguage":"de"},{"@type":"WebPage","@id":"https:\/\/radioleinewelle.de\/index.php\/2020\/12\/09\/unfall-mit-tanklastzug-auf-der-a-7-vollsperrung-nach-sueden-dauert-weiter-an\/","url":"https:\/\/radioleinewelle.de\/index.php\/2020\/12\/09\/unfall-mit-tanklastzug-auf-der-a-7-vollsperrung-nach-sueden-dauert-weiter-an\/","name":"Unfall mit Tanklastzug auf der A 7 - Vollsperrung nach S\u00fcden dauert weiter an - Radio Leinewelle","isPartOf":{"@id":"https:\/\/radioleinewelle.de\/#website"},"primaryImageOfPage":{"@id":"https:\/\/radioleinewelle.de\/index.php\/2020\/12\/09\/unfall-mit-tanklastzug-auf-der-a-7-vollsperrung-nach-sueden-dauert-weiter-an\/#primaryimage"},"image":{"@id":"https:\/\/radioleinewelle.de\/index.php\/2020\/12\/09\/unfall-mit-tanklastzug-auf-der-a-7-vollsperrung-nach-sueden-dauert-weiter-an\/#primaryimage"},"thumbnailUrl":"https:\/\/radioleinewelle.de\/wp-content\/uploads\/2020\/12\/highway-1761825_640.jpg","datePublished":"2020-12-09T17:17:28+00:00","breadcrumb":{"@id":"https:\/\/radioleinewelle.de\/index.php\/2020\/12\/09\/unfall-mit-tanklastzug-auf-der-a-7-vollsperrung-nach-sueden-dauert-weiter-an\/#breadcrumb"},"inLanguage":"de","potentialAction":[{"@type":"ReadAction","target":["https:\/\/radioleinewelle.de\/index.php\/2020\/12\/09\/unfall-mit-tanklastzug-auf-der-a-7-vollsperrung-nach-sueden-dauert-weiter-an\/"]}]},{"@type":"ImageObject","inLanguage":"de","@id":"https:\/\/radioleinewelle.de\/index.php\/2020\/12\/09\/unfall-mit-tanklastzug-auf-der-a-7-vollsperrung-nach-sueden-dauert-weiter-an\/#primaryimage","url":"https:\/\/radioleinewelle.de\/wp-content\/uploads\/2020\/12\/highway-1761825_640.jpg","contentUrl":"https:\/\/radioleinewelle.de\/wp-content\/uploads\/2020\/12\/highway-1761825_640.jpg","width":640,"height":426},{"@type":"BreadcrumbList","@id":"https:\/\/radioleinewelle.de\/index.php\/2020\/12\/09\/unfall-mit-tanklastzug-auf-der-a-7-vollsperrung-nach-sueden-dauert-weiter-an\/#breadcrumb","itemListElement":[{"@type":"ListItem","position":1,"name":"Startseite","item":"https:\/\/radioleinewelle.de\/"},{"@type":"ListItem","position":2,"name":"Unfall mit Tanklastzug auf der A 7 &#8211; Vollsperrung nach S\u00fcden dauert weiter an"}]},{"@type":"WebSite","@id":"https:\/\/radioleinewelle.de\/#website","url":"https:\/\/radioleinewelle.de\/","name":"Radio Leinewelle","description":"","publisher":{"@id":"https:\/\/radioleinewelle.de\/#organization"},"potentialAction":[{"@type":"SearchAction","target":{"@type":"EntryPoint","urlTemplate":"https:\/\/radioleinewelle.de\/?s={search_term_string}"},"query-input":{"@type":"PropertyValueSpecification","valueRequired":true,"valueName":"search_term_string"}}],"inLanguage":"de"},{"@type":"Organization","@id":"https:\/\/radioleinewelle.de\/#organization","name":"Radio Leinewelle","alternateName":"Mein Radio f\u00fcr S\u00fcdniedersachsen","url":"https:\/\/radioleinewelle.de\/","logo":{"@type":"ImageObject","inLanguage":"de","@id":"https:\/\/radioleinewelle.de\/#\/schema\/logo\/image\/","url":"https:\/\/radioleinewelle.de\/wp-content\/uploads\/2023\/11\/cropped-Leinewelle_Logo_weiss.png","contentUrl":"https:\/\/radioleinewelle.de\/wp-content\/uploads\/2023\/11\/cropped-Leinewelle_Logo_weiss.png","width":854,"height":260,"caption":"Radio Leinewelle"},"image":{"@id":"https:\/\/radioleinewelle.de\/#\/schema\/logo\/image\/"},"sameAs":["https:\/\/www.facebook.com\/radioleinewelle","https:\/\/x.com\/RLeinewelle","https:\/\/www.instagram.com\/radioleinewelle\/?hl=de"]},{"@type":"Person","@id":"https:\/\/radioleinewelle.de\/#\/schema\/person\/45606f348637df637192dc1b68399a63","name":"Leinewelle","image":{"@type":"ImageObject","inLanguage":"de","@id":"https:\/\/secure.gravatar.com\/avatar\/05c9a17bc973052ee5d91549bd32fb4dd0dc85b7b85ae94b2e2b4943476bbea5?s=96&d=blank&r=g","url":"https:\/\/secure.gravatar.com\/avatar\/05c9a17bc973052ee5d91549bd32fb4dd0dc85b7b85ae94b2e2b4943476bbea5?s=96&d=blank&r=g","contentUrl":"https:\/\/secure.gravatar.com\/avatar\/05c9a17bc973052ee5d91549bd32fb4dd0dc85b7b85ae94b2e2b4943476bbea5?s=96&d=blank&r=g","caption":"Leinewelle"},"sameAs":["http:\/\/localhost\/radio%20leinewelle\/wordpress","https:\/\/www.facebook.com\/radioleinewelle","https:\/\/www.instagram.com\/radioleinewelle","https:\/\/x.com\/https:\/\/twitter.com\/RLeinewelle?ref_src=twsrcgoogletwcampserptwgrauthor","https:\/\/soundcloud.com\/foerderverein-lokalradio?utm_source=clipboard&utm_medium=text&utm_campaign=social_sharing"],"url":"https:\/\/radioleinewelle.de\/index.php\/author\/leinewelle\/"}]}},"_links":{"self":[{"href":"https:\/\/radioleinewelle.de\/index.php\/wp-json\/wp\/v2\/posts\/3418","targetHints":{"allow":["GET"]}}],"collection":[{"href":"https:\/\/radioleinewelle.de\/index.php\/wp-json\/wp\/v2\/posts"}],"about":[{"href":"https:\/\/radioleinewelle.de\/index.php\/wp-json\/wp\/v2\/types\/post"}],"author":[{"embeddable":true,"href":"https:\/\/radioleinewelle.de\/index.php\/wp-json\/wp\/v2\/users\/1"}],"replies":[{"embeddable":true,"href":"https:\/\/radioleinewelle.de\/index.php\/wp-json\/wp\/v2\/comments?post=3418"}],"version-history":[{"count":0,"href":"https:\/\/radioleinewelle.de\/index.php\/wp-json\/wp\/v2\/posts\/3418\/revisions"}],"wp:featuredmedia":[{"embeddable":true,"href":"https:\/\/radioleinewelle.de\/index.php\/wp-json\/wp\/v2\/media\/3421"}],"wp:attachment":[{"href":"https:\/\/radioleinewelle.de\/index.php\/wp-json\/wp\/v2\/media?parent=3418"}],"wp:term":[{"taxonomy":"category","embeddable":true,"href":"https:\/\/radioleinewelle.de\/index.php\/wp-json\/wp\/v2\/categories?post=3418"},{"taxonomy":"post_tag","embeddable":true,"href":"https:\/\/radioleinewelle.de\/index.php\/wp-json\/wp\/v2\/tags?post=3418"}],"curies":[{"name":"wp","href":"https:\/\/api.w.org\/{rel}","templated":true}]}}