{"id":3422,"date":"2020-12-10T05:10:08","date_gmt":"2020-12-10T04:10:08","guid":{"rendered":"https:\/\/radioleinewelle.de\/?p=3422"},"modified":"2020-12-10T05:10:08","modified_gmt":"2020-12-10T04:10:08","slug":"luchsnachweis-in-nordhessen","status":"publish","type":"post","link":"https:\/\/radioleinewelle.de\/index.php\/2020\/12\/10\/luchsnachweis-in-nordhessen\/","title":{"rendered":"Luchsnachweis in Nordhessen"},"content":{"rendered":"<p><span class=\"b\">Wiesbaden, 09.12.2020<\/span> \u2013 Ein Luchs wurde am 6. Dezember im nordhessischen Neu-Eichenberg von einer W\u00e4rmebildkamera aufgenommen. Das Video zeigt das Tier f\u00fcr mehr als zwei Minuten auf einer Wiese am Waldrand gemeinsam mit einem Rehbock. Es handelt sich um den ersten Luchsnachweis in Nordhessen seit dem Sommer 2020.<\/p>\n<p>In dem Video, dessen Aufnahme einem \u00f6rtlichen J\u00e4ger gelang, ist das Tier anhand des charakteristischen Erscheinungsbildes einer Gro\u00dfkatze mit kurzem Schwanz eindeutig als Luchs identifizierbar. Die Aufnahmen zeigen, wie sich das Tier einem Rehbock ann\u00e4hert, ihn jedoch nicht weiterverfolgt. Als der Luchs den Menschen mit Kamera bemerkt, zieht er sich unverz\u00fcglich in den Wald zur\u00fcck.<\/p>\n<p>In den letzten Monaten gab es nur wenige Luchsnachweise in Hessen. Der letzte Nachweis aus Nordhessen ist ein Foto einer der automatischen Kameras im Reinhardswald, die das Luchsprojekt der Universit\u00e4t G\u00f6ttingen dort in Kooperation mit dem Hessischen Landesamtes f\u00fcr Naturschutz, Umwelt und Geologie (HLNUG) betreibt.<\/p>\n<p>Verantwortlich f\u00fcr das Luchsmonitoring, also die Erfassung von Luchsen in Hessen, ist das HLNUG. Meldungen von Luchshinweisen wie Sichtungen oder F\u00e4hrten nehmen die Luchsbeauftragten in den jeweiligen Landkreisen auf. Kontaktdaten gibt es auf der Internetseite des Arbeitskreises Hessenluchs.<\/p>\n<p><span class=\"b\">Das Video sowie weitere Informationen zum Luchs auf der Homepage des HLNUG: <\/span><a class=\"uri-ext outbound event-trigger\" href=\"http:\/\/www.hlnug.de\/themen\/naturschutz\/tiere-und-pflanzen\/arten-melden\/luchs\" target=\"_blank\" data-category=\"story-outlink\" data-label=\"4786070\" data-action=\"click\" data-callback=\"link\" rel=\"noopener\">www.hlnug.de\/themen\/naturschutz\/tiere-und-pflanzen\/arten-melden\/luchs<\/a><\/p>\n<p><span class=\"b\">Arbeitskreis Hessenluchs: <\/span><a class=\"uri-ext outbound event-trigger\" href=\"http:\/\/www.luchs-in-hessen.de\/luchshinweise_melden.html\" target=\"_blank\" data-category=\"story-outlink\" data-label=\"4786070\" data-action=\"click\" data-callback=\"link\" rel=\"noopener\">http:\/\/www.luchs-in-hessen.de\/luchshinweise_melden.html<\/a><\/p>\n<p>Bild von <a href=\"https:\/\/pixabay.com\/de\/users\/weappu-375630\/?utm_source=link-attribution&amp;utm_medium=referral&amp;utm_campaign=image&amp;utm_content=414730\">WeAppU<\/a> auf <a href=\"https:\/\/pixabay.com\/de\/?utm_source=link-attribution&amp;utm_medium=referral&amp;utm_campaign=image&amp;utm_content=414730\">Pixabay<\/a><\/p>\n","protected":false},"excerpt":{"rendered":"<p>Wiesbaden, 09.12.2020 \u2013 Ein Luchs wurde am 6. Dezember im nordhessischen Neu-Eichenberg von einer W\u00e4rmebildkamera aufgenommen. Das Video zeigt das Tier f\u00fcr mehr als zwei Minuten auf einer Wiese am Waldrand gemeinsam mit einem Rehbock. Es handelt sich um den ersten Luchsnachweis in Nordhessen seit dem Sommer 2020. In dem Video, dessen Aufnahme einem \u00f6rtlichen [&hellip;]<\/p>\n","protected":false},"author":1,"featured_media":0,"comment_status":"closed","ping_status":"closed","sticky":false,"template":"","format":"standard","meta":{"saved_in_kubio":false,"footnotes":""},"categories":[32],"tags":[],"class_list":["post-3422","post","type-post","status-publish","format-standard","hentry","category-natur-umwelt"],"yoast_head":"<!-- This site is optimized with the Yoast SEO plugin v27.5 - https:\/\/yoast.com\/product\/yoast-seo-wordpress\/ -->\n<title>Luchsnachweis in Nordhessen - Radio Leinewelle<\/title>\n<meta name=\"robots\" content=\"index, follow, max-snippet:-1, max-image-preview:large, max-video-preview:-1\" \/>\n<link rel=\"canonical\" href=\"https:\/\/radioleinewelle.de\/index.php\/2020\/12\/10\/luchsnachweis-in-nordhessen\/\" \/>\n<meta property=\"og:locale\" content=\"de_DE\" \/>\n<meta property=\"og:type\" content=\"article\" \/>\n<meta property=\"og:title\" content=\"Luchsnachweis in Nordhessen - Radio Leinewelle\" \/>\n<meta property=\"og:description\" content=\"Wiesbaden, 09.12.2020 \u2013 Ein Luchs wurde am 6. Dezember im nordhessischen Neu-Eichenberg von einer W\u00e4rmebildkamera aufgenommen. Das Video zeigt das Tier f\u00fcr mehr als zwei Minuten auf einer Wiese am Waldrand gemeinsam mit einem Rehbock. Es handelt sich um den ersten Luchsnachweis in Nordhessen seit dem Sommer 2020. In dem Video, dessen Aufnahme einem \u00f6rtlichen [&hellip;]\" \/>\n<meta property=\"og:url\" content=\"https:\/\/radioleinewelle.de\/index.php\/2020\/12\/10\/luchsnachweis-in-nordhessen\/\" \/>\n<meta property=\"og:site_name\" content=\"Radio Leinewelle\" \/>\n<meta property=\"article:publisher\" content=\"https:\/\/www.facebook.com\/radioleinewelle\" \/>\n<meta property=\"article:author\" content=\"https:\/\/www.facebook.com\/radioleinewelle\" \/>\n<meta property=\"article:published_time\" content=\"2020-12-10T04:10:08+00:00\" \/>\n<meta name=\"author\" content=\"Leinewelle\" \/>\n<meta name=\"twitter:card\" content=\"summary_large_image\" \/>\n<meta name=\"twitter:creator\" content=\"@https:\/\/twitter.com\/RLeinewelle?ref_src=twsrcgoogletwcampserptwgrauthor\" \/>\n<meta name=\"twitter:site\" content=\"@RLeinewelle\" \/>\n<meta name=\"twitter:label1\" content=\"Verfasst von\" \/>\n\t<meta name=\"twitter:data1\" content=\"Leinewelle\" \/>\n\t<meta name=\"twitter:label2\" content=\"Gesch\u00e4tzte Lesezeit\" \/>\n\t<meta name=\"twitter:data2\" content=\"1\u00a0Minute\" \/>\n<script type=\"application\/ld+json\" class=\"yoast-schema-graph\">{\"@context\":\"https:\\\/\\\/schema.org\",\"@graph\":[{\"@type\":\"Article\",\"@id\":\"https:\\\/\\\/radioleinewelle.de\\\/index.php\\\/2020\\\/12\\\/10\\\/luchsnachweis-in-nordhessen\\\/#article\",\"isPartOf\":{\"@id\":\"https:\\\/\\\/radioleinewelle.de\\\/index.php\\\/2020\\\/12\\\/10\\\/luchsnachweis-in-nordhessen\\\/\"},\"author\":{\"name\":\"Leinewelle\",\"@id\":\"https:\\\/\\\/radioleinewelle.de\\\/#\\\/schema\\\/person\\\/45606f348637df637192dc1b68399a63\"},\"headline\":\"Luchsnachweis in Nordhessen\",\"datePublished\":\"2020-12-10T04:10:08+00:00\",\"mainEntityOfPage\":{\"@id\":\"https:\\\/\\\/radioleinewelle.de\\\/index.php\\\/2020\\\/12\\\/10\\\/luchsnachweis-in-nordhessen\\\/\"},\"wordCount\":231,\"publisher\":{\"@id\":\"https:\\\/\\\/radioleinewelle.de\\\/#organization\"},\"articleSection\":[\"Natur &amp; Umwelt\"],\"inLanguage\":\"de\"},{\"@type\":\"WebPage\",\"@id\":\"https:\\\/\\\/radioleinewelle.de\\\/index.php\\\/2020\\\/12\\\/10\\\/luchsnachweis-in-nordhessen\\\/\",\"url\":\"https:\\\/\\\/radioleinewelle.de\\\/index.php\\\/2020\\\/12\\\/10\\\/luchsnachweis-in-nordhessen\\\/\",\"name\":\"Luchsnachweis in Nordhessen - Radio Leinewelle\",\"isPartOf\":{\"@id\":\"https:\\\/\\\/radioleinewelle.de\\\/#website\"},\"datePublished\":\"2020-12-10T04:10:08+00:00\",\"breadcrumb\":{\"@id\":\"https:\\\/\\\/radioleinewelle.de\\\/index.php\\\/2020\\\/12\\\/10\\\/luchsnachweis-in-nordhessen\\\/#breadcrumb\"},\"inLanguage\":\"de\",\"potentialAction\":[{\"@type\":\"ReadAction\",\"target\":[\"https:\\\/\\\/radioleinewelle.de\\\/index.php\\\/2020\\\/12\\\/10\\\/luchsnachweis-in-nordhessen\\\/\"]}]},{\"@type\":\"BreadcrumbList\",\"@id\":\"https:\\\/\\\/radioleinewelle.de\\\/index.php\\\/2020\\\/12\\\/10\\\/luchsnachweis-in-nordhessen\\\/#breadcrumb\",\"itemListElement\":[{\"@type\":\"ListItem\",\"position\":1,\"name\":\"Startseite\",\"item\":\"https:\\\/\\\/radioleinewelle.de\\\/\"},{\"@type\":\"ListItem\",\"position\":2,\"name\":\"Luchsnachweis in Nordhessen\"}]},{\"@type\":\"WebSite\",\"@id\":\"https:\\\/\\\/radioleinewelle.de\\\/#website\",\"url\":\"https:\\\/\\\/radioleinewelle.de\\\/\",\"name\":\"Radio Leinewelle\",\"description\":\"\",\"publisher\":{\"@id\":\"https:\\\/\\\/radioleinewelle.de\\\/#organization\"},\"potentialAction\":[{\"@type\":\"SearchAction\",\"target\":{\"@type\":\"EntryPoint\",\"urlTemplate\":\"https:\\\/\\\/radioleinewelle.de\\\/?s={search_term_string}\"},\"query-input\":{\"@type\":\"PropertyValueSpecification\",\"valueRequired\":true,\"valueName\":\"search_term_string\"}}],\"inLanguage\":\"de\"},{\"@type\":\"Organization\",\"@id\":\"https:\\\/\\\/radioleinewelle.de\\\/#organization\",\"name\":\"Radio Leinewelle\",\"alternateName\":\"Mein Radio f\u00fcr S\u00fcdniedersachsen\",\"url\":\"https:\\\/\\\/radioleinewelle.de\\\/\",\"logo\":{\"@type\":\"ImageObject\",\"inLanguage\":\"de\",\"@id\":\"https:\\\/\\\/radioleinewelle.de\\\/#\\\/schema\\\/logo\\\/image\\\/\",\"url\":\"https:\\\/\\\/radioleinewelle.de\\\/wp-content\\\/uploads\\\/2023\\\/11\\\/cropped-Leinewelle_Logo_weiss.png\",\"contentUrl\":\"https:\\\/\\\/radioleinewelle.de\\\/wp-content\\\/uploads\\\/2023\\\/11\\\/cropped-Leinewelle_Logo_weiss.png\",\"width\":854,\"height\":260,\"caption\":\"Radio Leinewelle\"},\"image\":{\"@id\":\"https:\\\/\\\/radioleinewelle.de\\\/#\\\/schema\\\/logo\\\/image\\\/\"},\"sameAs\":[\"https:\\\/\\\/www.facebook.com\\\/radioleinewelle\",\"https:\\\/\\\/x.com\\\/RLeinewelle\",\"https:\\\/\\\/www.instagram.com\\\/radioleinewelle\\\/?hl=de\"]},{\"@type\":\"Person\",\"@id\":\"https:\\\/\\\/radioleinewelle.de\\\/#\\\/schema\\\/person\\\/45606f348637df637192dc1b68399a63\",\"name\":\"Leinewelle\",\"image\":{\"@type\":\"ImageObject\",\"inLanguage\":\"de\",\"@id\":\"https:\\\/\\\/secure.gravatar.com\\\/avatar\\\/05c9a17bc973052ee5d91549bd32fb4dd0dc85b7b85ae94b2e2b4943476bbea5?s=96&d=blank&r=g\",\"url\":\"https:\\\/\\\/secure.gravatar.com\\\/avatar\\\/05c9a17bc973052ee5d91549bd32fb4dd0dc85b7b85ae94b2e2b4943476bbea5?s=96&d=blank&r=g\",\"contentUrl\":\"https:\\\/\\\/secure.gravatar.com\\\/avatar\\\/05c9a17bc973052ee5d91549bd32fb4dd0dc85b7b85ae94b2e2b4943476bbea5?s=96&d=blank&r=g\",\"caption\":\"Leinewelle\"},\"sameAs\":[\"http:\\\/\\\/localhost\\\/radio%20leinewelle\\\/wordpress\",\"https:\\\/\\\/www.facebook.com\\\/radioleinewelle\",\"https:\\\/\\\/www.instagram.com\\\/radioleinewelle\",\"https:\\\/\\\/x.com\\\/https:\\\/\\\/twitter.com\\\/RLeinewelle?ref_src=twsrcgoogletwcampserptwgrauthor\",\"https:\\\/\\\/soundcloud.com\\\/foerderverein-lokalradio?utm_source=clipboard&utm_medium=text&utm_campaign=social_sharing\"],\"url\":\"https:\\\/\\\/radioleinewelle.de\\\/index.php\\\/author\\\/leinewelle\\\/\"}]}<\/script>\n<!-- \/ Yoast SEO plugin. -->","yoast_head_json":{"title":"Luchsnachweis in Nordhessen - Radio Leinewelle","robots":{"index":"index","follow":"follow","max-snippet":"max-snippet:-1","max-image-preview":"max-image-preview:large","max-video-preview":"max-video-preview:-1"},"canonical":"https:\/\/radioleinewelle.de\/index.php\/2020\/12\/10\/luchsnachweis-in-nordhessen\/","og_locale":"de_DE","og_type":"article","og_title":"Luchsnachweis in Nordhessen - Radio Leinewelle","og_description":"Wiesbaden, 09.12.2020 \u2013 Ein Luchs wurde am 6. Dezember im nordhessischen Neu-Eichenberg von einer W\u00e4rmebildkamera aufgenommen. Das Video zeigt das Tier f\u00fcr mehr als zwei Minuten auf einer Wiese am Waldrand gemeinsam mit einem Rehbock. Es handelt sich um den ersten Luchsnachweis in Nordhessen seit dem Sommer 2020. In dem Video, dessen Aufnahme einem \u00f6rtlichen [&hellip;]","og_url":"https:\/\/radioleinewelle.de\/index.php\/2020\/12\/10\/luchsnachweis-in-nordhessen\/","og_site_name":"Radio Leinewelle","article_publisher":"https:\/\/www.facebook.com\/radioleinewelle","article_author":"https:\/\/www.facebook.com\/radioleinewelle","article_published_time":"2020-12-10T04:10:08+00:00","author":"Leinewelle","twitter_card":"summary_large_image","twitter_creator":"@https:\/\/twitter.com\/RLeinewelle?ref_src=twsrcgoogletwcampserptwgrauthor","twitter_site":"@RLeinewelle","twitter_misc":{"Verfasst von":"Leinewelle","Gesch\u00e4tzte Lesezeit":"1\u00a0Minute"},"schema":{"@context":"https:\/\/schema.org","@graph":[{"@type":"Article","@id":"https:\/\/radioleinewelle.de\/index.php\/2020\/12\/10\/luchsnachweis-in-nordhessen\/#article","isPartOf":{"@id":"https:\/\/radioleinewelle.de\/index.php\/2020\/12\/10\/luchsnachweis-in-nordhessen\/"},"author":{"name":"Leinewelle","@id":"https:\/\/radioleinewelle.de\/#\/schema\/person\/45606f348637df637192dc1b68399a63"},"headline":"Luchsnachweis in Nordhessen","datePublished":"2020-12-10T04:10:08+00:00","mainEntityOfPage":{"@id":"https:\/\/radioleinewelle.de\/index.php\/2020\/12\/10\/luchsnachweis-in-nordhessen\/"},"wordCount":231,"publisher":{"@id":"https:\/\/radioleinewelle.de\/#organization"},"articleSection":["Natur &amp; Umwelt"],"inLanguage":"de"},{"@type":"WebPage","@id":"https:\/\/radioleinewelle.de\/index.php\/2020\/12\/10\/luchsnachweis-in-nordhessen\/","url":"https:\/\/radioleinewelle.de\/index.php\/2020\/12\/10\/luchsnachweis-in-nordhessen\/","name":"Luchsnachweis in Nordhessen - Radio Leinewelle","isPartOf":{"@id":"https:\/\/radioleinewelle.de\/#website"},"datePublished":"2020-12-10T04:10:08+00:00","breadcrumb":{"@id":"https:\/\/radioleinewelle.de\/index.php\/2020\/12\/10\/luchsnachweis-in-nordhessen\/#breadcrumb"},"inLanguage":"de","potentialAction":[{"@type":"ReadAction","target":["https:\/\/radioleinewelle.de\/index.php\/2020\/12\/10\/luchsnachweis-in-nordhessen\/"]}]},{"@type":"BreadcrumbList","@id":"https:\/\/radioleinewelle.de\/index.php\/2020\/12\/10\/luchsnachweis-in-nordhessen\/#breadcrumb","itemListElement":[{"@type":"ListItem","position":1,"name":"Startseite","item":"https:\/\/radioleinewelle.de\/"},{"@type":"ListItem","position":2,"name":"Luchsnachweis in Nordhessen"}]},{"@type":"WebSite","@id":"https:\/\/radioleinewelle.de\/#website","url":"https:\/\/radioleinewelle.de\/","name":"Radio Leinewelle","description":"","publisher":{"@id":"https:\/\/radioleinewelle.de\/#organization"},"potentialAction":[{"@type":"SearchAction","target":{"@type":"EntryPoint","urlTemplate":"https:\/\/radioleinewelle.de\/?s={search_term_string}"},"query-input":{"@type":"PropertyValueSpecification","valueRequired":true,"valueName":"search_term_string"}}],"inLanguage":"de"},{"@type":"Organization","@id":"https:\/\/radioleinewelle.de\/#organization","name":"Radio Leinewelle","alternateName":"Mein Radio f\u00fcr S\u00fcdniedersachsen","url":"https:\/\/radioleinewelle.de\/","logo":{"@type":"ImageObject","inLanguage":"de","@id":"https:\/\/radioleinewelle.de\/#\/schema\/logo\/image\/","url":"https:\/\/radioleinewelle.de\/wp-content\/uploads\/2023\/11\/cropped-Leinewelle_Logo_weiss.png","contentUrl":"https:\/\/radioleinewelle.de\/wp-content\/uploads\/2023\/11\/cropped-Leinewelle_Logo_weiss.png","width":854,"height":260,"caption":"Radio Leinewelle"},"image":{"@id":"https:\/\/radioleinewelle.de\/#\/schema\/logo\/image\/"},"sameAs":["https:\/\/www.facebook.com\/radioleinewelle","https:\/\/x.com\/RLeinewelle","https:\/\/www.instagram.com\/radioleinewelle\/?hl=de"]},{"@type":"Person","@id":"https:\/\/radioleinewelle.de\/#\/schema\/person\/45606f348637df637192dc1b68399a63","name":"Leinewelle","image":{"@type":"ImageObject","inLanguage":"de","@id":"https:\/\/secure.gravatar.com\/avatar\/05c9a17bc973052ee5d91549bd32fb4dd0dc85b7b85ae94b2e2b4943476bbea5?s=96&d=blank&r=g","url":"https:\/\/secure.gravatar.com\/avatar\/05c9a17bc973052ee5d91549bd32fb4dd0dc85b7b85ae94b2e2b4943476bbea5?s=96&d=blank&r=g","contentUrl":"https:\/\/secure.gravatar.com\/avatar\/05c9a17bc973052ee5d91549bd32fb4dd0dc85b7b85ae94b2e2b4943476bbea5?s=96&d=blank&r=g","caption":"Leinewelle"},"sameAs":["http:\/\/localhost\/radio%20leinewelle\/wordpress","https:\/\/www.facebook.com\/radioleinewelle","https:\/\/www.instagram.com\/radioleinewelle","https:\/\/x.com\/https:\/\/twitter.com\/RLeinewelle?ref_src=twsrcgoogletwcampserptwgrauthor","https:\/\/soundcloud.com\/foerderverein-lokalradio?utm_source=clipboard&utm_medium=text&utm_campaign=social_sharing"],"url":"https:\/\/radioleinewelle.de\/index.php\/author\/leinewelle\/"}]}},"_links":{"self":[{"href":"https:\/\/radioleinewelle.de\/index.php\/wp-json\/wp\/v2\/posts\/3422","targetHints":{"allow":["GET"]}}],"collection":[{"href":"https:\/\/radioleinewelle.de\/index.php\/wp-json\/wp\/v2\/posts"}],"about":[{"href":"https:\/\/radioleinewelle.de\/index.php\/wp-json\/wp\/v2\/types\/post"}],"author":[{"embeddable":true,"href":"https:\/\/radioleinewelle.de\/index.php\/wp-json\/wp\/v2\/users\/1"}],"replies":[{"embeddable":true,"href":"https:\/\/radioleinewelle.de\/index.php\/wp-json\/wp\/v2\/comments?post=3422"}],"version-history":[{"count":0,"href":"https:\/\/radioleinewelle.de\/index.php\/wp-json\/wp\/v2\/posts\/3422\/revisions"}],"wp:attachment":[{"href":"https:\/\/radioleinewelle.de\/index.php\/wp-json\/wp\/v2\/media?parent=3422"}],"wp:term":[{"taxonomy":"category","embeddable":true,"href":"https:\/\/radioleinewelle.de\/index.php\/wp-json\/wp\/v2\/categories?post=3422"},{"taxonomy":"post_tag","embeddable":true,"href":"https:\/\/radioleinewelle.de\/index.php\/wp-json\/wp\/v2\/tags?post=3422"}],"curies":[{"name":"wp","href":"https:\/\/api.w.org\/{rel}","templated":true}]}}