{"id":3427,"date":"2020-12-10T05:00:45","date_gmt":"2020-12-10T04:00:45","guid":{"rendered":"https:\/\/radioleinewelle.de\/?p=3427"},"modified":"2020-12-10T05:00:45","modified_gmt":"2020-12-10T04:00:45","slug":"weihnachtsspende-statt-weihnachtsfeier-lebensmittelmarken-starten-gemeinsame-spendenaktion-fuer-die-gastronomie","status":"publish","type":"post","link":"https:\/\/radioleinewelle.de\/index.php\/2020\/12\/10\/weihnachtsspende-statt-weihnachtsfeier-lebensmittelmarken-starten-gemeinsame-spendenaktion-fuer-die-gastronomie\/","title":{"rendered":"Weihnachtsspende statt Weihnachtsfeier &#8211; Lebensmittelmarken starten gemeinsame Spendenaktion f\u00fcr die Gastronomie"},"content":{"rendered":"<p>Gleich sieben Lebensmittelmarken haben sich zusammengeschlossen, um die Gastronomie mit der Aktion Weihnachtsspende statt Weihnachtsfeier zu unterst\u00fctzen. Statt wie gewohnt ihre Weihnachtsfeier auszurichten, schenken sie ihr eingespartes Budget der stark von der Krise bedrohten Gastrobranche. Freunde, Kunden und Wettbewerber sind dazu aufgerufen, sich an der Kampagne #Lokalrunde zu beteiligen.<\/p>\n<p>\u201cZum zweiten Mal in diesem Jahr befinden sich Gasth\u00f6fe, Restaurants, Bistros, Cafes und Kneipen in einem kritischen Lockdown. W\u00e4hrend unsere Branche, vergleichsweise \u201cgut\u201d davongekommen ist, sieht ein Gro\u00dfteil der Gastronomiebetriebe seine Existenz bedroht\u201d, sagt Michael G\u00f6tz, CMO der Tiefk\u00fchlpizzamarke Gustavo Gusto, Initiator der Spendenaktion. \u201cDarum m\u00f6chten wir gemeinsam helfen \u2013 mit dem Geld, das dieses Jahr eigentlich f\u00fcr Weihnachtsfeiern, Gl\u00fchwein mit dem Team oder Gesch\u00e4ftsreisen geplant war\u201d.<\/p>\n<p>An der Kampagne #Lokalrunde beteiligen sich bislang followfood, Frosta, Gustavo Gusto, Little Lunch, Lycka, Ritter Sport und R\u00fcgenwalder M\u00fchle. Doch dabei soll es nicht bleiben. Die Verantwortlichen hoffen, dass noch viele weitere Unternehmen, H\u00e4ndler bzw. Marken ihrem Beispiel folgen werden und damit \u2013 gerade in der Weihnachtszeit \u2013 ihre Solidarit\u00e4t mit den betroffenen Gastronomiebetrieben zum Ausdruck bringen. Spenden k\u00f6nnen aber auch alle Privatpersonen, etwa das Gl\u00fchwein-Geld, das sie in diesem Jahr wegen der ausgefallenen Weihnachtsm\u00e4rkte \u201cgespart\u201d haben. Alle, die mitmachen m\u00f6chten, sind willkommen.<\/p>\n<p>\u201cDie Aktion ist sicherlich nur ein kleiner finanzieller Tropfen f\u00fcr die gesamte Gastrobranche, aber ein sichtbares Zeichen der Solidarit\u00e4t. Eines, das von Herzen kommt, schlie\u00dflich ist die Gastronomie mehr als nur Lebensmittel. Sie ist Lebensmittelpunkt\u201d, so Michael G\u00f6tz ( <a href=\"http:\/\/www.gustavogusto.com\/\" rel=\"nofollow\">www.gustavogusto.com<\/a>).<\/p>\n<p>Bild von <a href=\"https:\/\/pixabay.com\/de\/users\/larisa-k-1107275\/?utm_source=link-attribution&amp;utm_medium=referral&amp;utm_campaign=image&amp;utm_content=2928142\">Larisa Koshkina<\/a> auf <a href=\"https:\/\/pixabay.com\/de\/?utm_source=link-attribution&amp;utm_medium=referral&amp;utm_campaign=image&amp;utm_content=2928142\">Pixabay<\/a><\/p>\n","protected":false},"excerpt":{"rendered":"<p>Gleich sieben Lebensmittelmarken haben sich zusammengeschlossen, um die Gastronomie mit der Aktion Weihnachtsspende statt Weihnachtsfeier zu unterst\u00fctzen. Statt wie gewohnt ihre Weihnachtsfeier auszurichten, schenken sie ihr eingespartes Budget der stark von der Krise bedrohten Gastrobranche. Freunde, Kunden und Wettbewerber sind dazu aufgerufen, sich an der Kampagne #Lokalrunde zu beteiligen. \u201cZum zweiten Mal in diesem Jahr [&hellip;]<\/p>\n","protected":false},"author":1,"featured_media":3430,"comment_status":"closed","ping_status":"closed","sticky":false,"template":"","format":"standard","meta":{"saved_in_kubio":false,"footnotes":""},"categories":[49],"tags":[],"class_list":["post-3427","post","type-post","status-publish","format-standard","has-post-thumbnail","hentry","category-charity"],"yoast_head":"<!-- This site is optimized with the Yoast SEO plugin v27.5 - https:\/\/yoast.com\/product\/yoast-seo-wordpress\/ -->\n<title>Weihnachtsspende statt Weihnachtsfeier - Lebensmittelmarken starten gemeinsame Spendenaktion f\u00fcr die Gastronomie - Radio Leinewelle<\/title>\n<meta name=\"robots\" content=\"index, follow, max-snippet:-1, max-image-preview:large, max-video-preview:-1\" \/>\n<link rel=\"canonical\" href=\"https:\/\/radioleinewelle.de\/index.php\/2020\/12\/10\/weihnachtsspende-statt-weihnachtsfeier-lebensmittelmarken-starten-gemeinsame-spendenaktion-fuer-die-gastronomie\/\" \/>\n<meta property=\"og:locale\" content=\"de_DE\" \/>\n<meta property=\"og:type\" content=\"article\" \/>\n<meta property=\"og:title\" content=\"Weihnachtsspende statt Weihnachtsfeier - Lebensmittelmarken starten gemeinsame Spendenaktion f\u00fcr die Gastronomie - Radio Leinewelle\" \/>\n<meta property=\"og:description\" content=\"Gleich sieben Lebensmittelmarken haben sich zusammengeschlossen, um die Gastronomie mit der Aktion Weihnachtsspende statt Weihnachtsfeier zu unterst\u00fctzen. Statt wie gewohnt ihre Weihnachtsfeier auszurichten, schenken sie ihr eingespartes Budget der stark von der Krise bedrohten Gastrobranche. Freunde, Kunden und Wettbewerber sind dazu aufgerufen, sich an der Kampagne #Lokalrunde zu beteiligen. \u201cZum zweiten Mal in diesem Jahr [&hellip;]\" \/>\n<meta property=\"og:url\" content=\"https:\/\/radioleinewelle.de\/index.php\/2020\/12\/10\/weihnachtsspende-statt-weihnachtsfeier-lebensmittelmarken-starten-gemeinsame-spendenaktion-fuer-die-gastronomie\/\" \/>\n<meta property=\"og:site_name\" content=\"Radio Leinewelle\" \/>\n<meta property=\"article:publisher\" content=\"https:\/\/www.facebook.com\/radioleinewelle\" \/>\n<meta property=\"article:author\" content=\"https:\/\/www.facebook.com\/radioleinewelle\" \/>\n<meta property=\"article:published_time\" content=\"2020-12-10T04:00:45+00:00\" \/>\n<meta property=\"og:image\" content=\"https:\/\/radioleinewelle.de\/wp-content\/uploads\/2020\/12\/xmas-2928142_640.jpg\" \/>\n\t<meta property=\"og:image:width\" content=\"640\" \/>\n\t<meta property=\"og:image:height\" content=\"426\" \/>\n\t<meta property=\"og:image:type\" content=\"image\/jpeg\" \/>\n<meta name=\"author\" content=\"Leinewelle\" \/>\n<meta name=\"twitter:card\" content=\"summary_large_image\" \/>\n<meta name=\"twitter:creator\" content=\"@https:\/\/twitter.com\/RLeinewelle?ref_src=twsrcgoogletwcampserptwgrauthor\" \/>\n<meta name=\"twitter:site\" content=\"@RLeinewelle\" \/>\n<meta name=\"twitter:label1\" content=\"Verfasst von\" \/>\n\t<meta name=\"twitter:data1\" content=\"Leinewelle\" \/>\n\t<meta name=\"twitter:label2\" content=\"Gesch\u00e4tzte Lesezeit\" \/>\n\t<meta name=\"twitter:data2\" content=\"1\u00a0Minute\" \/>\n<script type=\"application\/ld+json\" class=\"yoast-schema-graph\">{\"@context\":\"https:\\\/\\\/schema.org\",\"@graph\":[{\"@type\":\"Article\",\"@id\":\"https:\\\/\\\/radioleinewelle.de\\\/index.php\\\/2020\\\/12\\\/10\\\/weihnachtsspende-statt-weihnachtsfeier-lebensmittelmarken-starten-gemeinsame-spendenaktion-fuer-die-gastronomie\\\/#article\",\"isPartOf\":{\"@id\":\"https:\\\/\\\/radioleinewelle.de\\\/index.php\\\/2020\\\/12\\\/10\\\/weihnachtsspende-statt-weihnachtsfeier-lebensmittelmarken-starten-gemeinsame-spendenaktion-fuer-die-gastronomie\\\/\"},\"author\":{\"name\":\"Leinewelle\",\"@id\":\"https:\\\/\\\/radioleinewelle.de\\\/#\\\/schema\\\/person\\\/45606f348637df637192dc1b68399a63\"},\"headline\":\"Weihnachtsspende statt Weihnachtsfeier &#8211; Lebensmittelmarken starten gemeinsame Spendenaktion f\u00fcr die Gastronomie\",\"datePublished\":\"2020-12-10T04:00:45+00:00\",\"mainEntityOfPage\":{\"@id\":\"https:\\\/\\\/radioleinewelle.de\\\/index.php\\\/2020\\\/12\\\/10\\\/weihnachtsspende-statt-weihnachtsfeier-lebensmittelmarken-starten-gemeinsame-spendenaktion-fuer-die-gastronomie\\\/\"},\"wordCount\":277,\"publisher\":{\"@id\":\"https:\\\/\\\/radioleinewelle.de\\\/#organization\"},\"image\":{\"@id\":\"https:\\\/\\\/radioleinewelle.de\\\/index.php\\\/2020\\\/12\\\/10\\\/weihnachtsspende-statt-weihnachtsfeier-lebensmittelmarken-starten-gemeinsame-spendenaktion-fuer-die-gastronomie\\\/#primaryimage\"},\"thumbnailUrl\":\"https:\\\/\\\/radioleinewelle.de\\\/wp-content\\\/uploads\\\/2020\\\/12\\\/xmas-2928142_640.jpg\",\"articleSection\":[\"Charity\"],\"inLanguage\":\"de\"},{\"@type\":\"WebPage\",\"@id\":\"https:\\\/\\\/radioleinewelle.de\\\/index.php\\\/2020\\\/12\\\/10\\\/weihnachtsspende-statt-weihnachtsfeier-lebensmittelmarken-starten-gemeinsame-spendenaktion-fuer-die-gastronomie\\\/\",\"url\":\"https:\\\/\\\/radioleinewelle.de\\\/index.php\\\/2020\\\/12\\\/10\\\/weihnachtsspende-statt-weihnachtsfeier-lebensmittelmarken-starten-gemeinsame-spendenaktion-fuer-die-gastronomie\\\/\",\"name\":\"Weihnachtsspende statt Weihnachtsfeier - Lebensmittelmarken starten gemeinsame Spendenaktion f\u00fcr die Gastronomie - Radio Leinewelle\",\"isPartOf\":{\"@id\":\"https:\\\/\\\/radioleinewelle.de\\\/#website\"},\"primaryImageOfPage\":{\"@id\":\"https:\\\/\\\/radioleinewelle.de\\\/index.php\\\/2020\\\/12\\\/10\\\/weihnachtsspende-statt-weihnachtsfeier-lebensmittelmarken-starten-gemeinsame-spendenaktion-fuer-die-gastronomie\\\/#primaryimage\"},\"image\":{\"@id\":\"https:\\\/\\\/radioleinewelle.de\\\/index.php\\\/2020\\\/12\\\/10\\\/weihnachtsspende-statt-weihnachtsfeier-lebensmittelmarken-starten-gemeinsame-spendenaktion-fuer-die-gastronomie\\\/#primaryimage\"},\"thumbnailUrl\":\"https:\\\/\\\/radioleinewelle.de\\\/wp-content\\\/uploads\\\/2020\\\/12\\\/xmas-2928142_640.jpg\",\"datePublished\":\"2020-12-10T04:00:45+00:00\",\"breadcrumb\":{\"@id\":\"https:\\\/\\\/radioleinewelle.de\\\/index.php\\\/2020\\\/12\\\/10\\\/weihnachtsspende-statt-weihnachtsfeier-lebensmittelmarken-starten-gemeinsame-spendenaktion-fuer-die-gastronomie\\\/#breadcrumb\"},\"inLanguage\":\"de\",\"potentialAction\":[{\"@type\":\"ReadAction\",\"target\":[\"https:\\\/\\\/radioleinewelle.de\\\/index.php\\\/2020\\\/12\\\/10\\\/weihnachtsspende-statt-weihnachtsfeier-lebensmittelmarken-starten-gemeinsame-spendenaktion-fuer-die-gastronomie\\\/\"]}]},{\"@type\":\"ImageObject\",\"inLanguage\":\"de\",\"@id\":\"https:\\\/\\\/radioleinewelle.de\\\/index.php\\\/2020\\\/12\\\/10\\\/weihnachtsspende-statt-weihnachtsfeier-lebensmittelmarken-starten-gemeinsame-spendenaktion-fuer-die-gastronomie\\\/#primaryimage\",\"url\":\"https:\\\/\\\/radioleinewelle.de\\\/wp-content\\\/uploads\\\/2020\\\/12\\\/xmas-2928142_640.jpg\",\"contentUrl\":\"https:\\\/\\\/radioleinewelle.de\\\/wp-content\\\/uploads\\\/2020\\\/12\\\/xmas-2928142_640.jpg\",\"width\":640,\"height\":426},{\"@type\":\"BreadcrumbList\",\"@id\":\"https:\\\/\\\/radioleinewelle.de\\\/index.php\\\/2020\\\/12\\\/10\\\/weihnachtsspende-statt-weihnachtsfeier-lebensmittelmarken-starten-gemeinsame-spendenaktion-fuer-die-gastronomie\\\/#breadcrumb\",\"itemListElement\":[{\"@type\":\"ListItem\",\"position\":1,\"name\":\"Startseite\",\"item\":\"https:\\\/\\\/radioleinewelle.de\\\/\"},{\"@type\":\"ListItem\",\"position\":2,\"name\":\"Weihnachtsspende statt Weihnachtsfeier &#8211; Lebensmittelmarken starten gemeinsame Spendenaktion f\u00fcr die Gastronomie\"}]},{\"@type\":\"WebSite\",\"@id\":\"https:\\\/\\\/radioleinewelle.de\\\/#website\",\"url\":\"https:\\\/\\\/radioleinewelle.de\\\/\",\"name\":\"Radio Leinewelle\",\"description\":\"\",\"publisher\":{\"@id\":\"https:\\\/\\\/radioleinewelle.de\\\/#organization\"},\"potentialAction\":[{\"@type\":\"SearchAction\",\"target\":{\"@type\":\"EntryPoint\",\"urlTemplate\":\"https:\\\/\\\/radioleinewelle.de\\\/?s={search_term_string}\"},\"query-input\":{\"@type\":\"PropertyValueSpecification\",\"valueRequired\":true,\"valueName\":\"search_term_string\"}}],\"inLanguage\":\"de\"},{\"@type\":\"Organization\",\"@id\":\"https:\\\/\\\/radioleinewelle.de\\\/#organization\",\"name\":\"Radio Leinewelle\",\"alternateName\":\"Mein Radio f\u00fcr S\u00fcdniedersachsen\",\"url\":\"https:\\\/\\\/radioleinewelle.de\\\/\",\"logo\":{\"@type\":\"ImageObject\",\"inLanguage\":\"de\",\"@id\":\"https:\\\/\\\/radioleinewelle.de\\\/#\\\/schema\\\/logo\\\/image\\\/\",\"url\":\"https:\\\/\\\/radioleinewelle.de\\\/wp-content\\\/uploads\\\/2023\\\/11\\\/cropped-Leinewelle_Logo_weiss.png\",\"contentUrl\":\"https:\\\/\\\/radioleinewelle.de\\\/wp-content\\\/uploads\\\/2023\\\/11\\\/cropped-Leinewelle_Logo_weiss.png\",\"width\":854,\"height\":260,\"caption\":\"Radio Leinewelle\"},\"image\":{\"@id\":\"https:\\\/\\\/radioleinewelle.de\\\/#\\\/schema\\\/logo\\\/image\\\/\"},\"sameAs\":[\"https:\\\/\\\/www.facebook.com\\\/radioleinewelle\",\"https:\\\/\\\/x.com\\\/RLeinewelle\",\"https:\\\/\\\/www.instagram.com\\\/radioleinewelle\\\/?hl=de\"]},{\"@type\":\"Person\",\"@id\":\"https:\\\/\\\/radioleinewelle.de\\\/#\\\/schema\\\/person\\\/45606f348637df637192dc1b68399a63\",\"name\":\"Leinewelle\",\"image\":{\"@type\":\"ImageObject\",\"inLanguage\":\"de\",\"@id\":\"https:\\\/\\\/secure.gravatar.com\\\/avatar\\\/05c9a17bc973052ee5d91549bd32fb4dd0dc85b7b85ae94b2e2b4943476bbea5?s=96&d=blank&r=g\",\"url\":\"https:\\\/\\\/secure.gravatar.com\\\/avatar\\\/05c9a17bc973052ee5d91549bd32fb4dd0dc85b7b85ae94b2e2b4943476bbea5?s=96&d=blank&r=g\",\"contentUrl\":\"https:\\\/\\\/secure.gravatar.com\\\/avatar\\\/05c9a17bc973052ee5d91549bd32fb4dd0dc85b7b85ae94b2e2b4943476bbea5?s=96&d=blank&r=g\",\"caption\":\"Leinewelle\"},\"sameAs\":[\"http:\\\/\\\/localhost\\\/radio%20leinewelle\\\/wordpress\",\"https:\\\/\\\/www.facebook.com\\\/radioleinewelle\",\"https:\\\/\\\/www.instagram.com\\\/radioleinewelle\",\"https:\\\/\\\/x.com\\\/https:\\\/\\\/twitter.com\\\/RLeinewelle?ref_src=twsrcgoogletwcampserptwgrauthor\",\"https:\\\/\\\/soundcloud.com\\\/foerderverein-lokalradio?utm_source=clipboard&utm_medium=text&utm_campaign=social_sharing\"],\"url\":\"https:\\\/\\\/radioleinewelle.de\\\/index.php\\\/author\\\/leinewelle\\\/\"}]}<\/script>\n<!-- \/ Yoast SEO plugin. -->","yoast_head_json":{"title":"Weihnachtsspende statt Weihnachtsfeier - Lebensmittelmarken starten gemeinsame Spendenaktion f\u00fcr die Gastronomie - Radio Leinewelle","robots":{"index":"index","follow":"follow","max-snippet":"max-snippet:-1","max-image-preview":"max-image-preview:large","max-video-preview":"max-video-preview:-1"},"canonical":"https:\/\/radioleinewelle.de\/index.php\/2020\/12\/10\/weihnachtsspende-statt-weihnachtsfeier-lebensmittelmarken-starten-gemeinsame-spendenaktion-fuer-die-gastronomie\/","og_locale":"de_DE","og_type":"article","og_title":"Weihnachtsspende statt Weihnachtsfeier - Lebensmittelmarken starten gemeinsame Spendenaktion f\u00fcr die Gastronomie - Radio Leinewelle","og_description":"Gleich sieben Lebensmittelmarken haben sich zusammengeschlossen, um die Gastronomie mit der Aktion Weihnachtsspende statt Weihnachtsfeier zu unterst\u00fctzen. Statt wie gewohnt ihre Weihnachtsfeier auszurichten, schenken sie ihr eingespartes Budget der stark von der Krise bedrohten Gastrobranche. Freunde, Kunden und Wettbewerber sind dazu aufgerufen, sich an der Kampagne #Lokalrunde zu beteiligen. \u201cZum zweiten Mal in diesem Jahr [&hellip;]","og_url":"https:\/\/radioleinewelle.de\/index.php\/2020\/12\/10\/weihnachtsspende-statt-weihnachtsfeier-lebensmittelmarken-starten-gemeinsame-spendenaktion-fuer-die-gastronomie\/","og_site_name":"Radio Leinewelle","article_publisher":"https:\/\/www.facebook.com\/radioleinewelle","article_author":"https:\/\/www.facebook.com\/radioleinewelle","article_published_time":"2020-12-10T04:00:45+00:00","og_image":[{"width":640,"height":426,"url":"https:\/\/radioleinewelle.de\/wp-content\/uploads\/2020\/12\/xmas-2928142_640.jpg","type":"image\/jpeg"}],"author":"Leinewelle","twitter_card":"summary_large_image","twitter_creator":"@https:\/\/twitter.com\/RLeinewelle?ref_src=twsrcgoogletwcampserptwgrauthor","twitter_site":"@RLeinewelle","twitter_misc":{"Verfasst von":"Leinewelle","Gesch\u00e4tzte Lesezeit":"1\u00a0Minute"},"schema":{"@context":"https:\/\/schema.org","@graph":[{"@type":"Article","@id":"https:\/\/radioleinewelle.de\/index.php\/2020\/12\/10\/weihnachtsspende-statt-weihnachtsfeier-lebensmittelmarken-starten-gemeinsame-spendenaktion-fuer-die-gastronomie\/#article","isPartOf":{"@id":"https:\/\/radioleinewelle.de\/index.php\/2020\/12\/10\/weihnachtsspende-statt-weihnachtsfeier-lebensmittelmarken-starten-gemeinsame-spendenaktion-fuer-die-gastronomie\/"},"author":{"name":"Leinewelle","@id":"https:\/\/radioleinewelle.de\/#\/schema\/person\/45606f348637df637192dc1b68399a63"},"headline":"Weihnachtsspende statt Weihnachtsfeier &#8211; Lebensmittelmarken starten gemeinsame Spendenaktion f\u00fcr die Gastronomie","datePublished":"2020-12-10T04:00:45+00:00","mainEntityOfPage":{"@id":"https:\/\/radioleinewelle.de\/index.php\/2020\/12\/10\/weihnachtsspende-statt-weihnachtsfeier-lebensmittelmarken-starten-gemeinsame-spendenaktion-fuer-die-gastronomie\/"},"wordCount":277,"publisher":{"@id":"https:\/\/radioleinewelle.de\/#organization"},"image":{"@id":"https:\/\/radioleinewelle.de\/index.php\/2020\/12\/10\/weihnachtsspende-statt-weihnachtsfeier-lebensmittelmarken-starten-gemeinsame-spendenaktion-fuer-die-gastronomie\/#primaryimage"},"thumbnailUrl":"https:\/\/radioleinewelle.de\/wp-content\/uploads\/2020\/12\/xmas-2928142_640.jpg","articleSection":["Charity"],"inLanguage":"de"},{"@type":"WebPage","@id":"https:\/\/radioleinewelle.de\/index.php\/2020\/12\/10\/weihnachtsspende-statt-weihnachtsfeier-lebensmittelmarken-starten-gemeinsame-spendenaktion-fuer-die-gastronomie\/","url":"https:\/\/radioleinewelle.de\/index.php\/2020\/12\/10\/weihnachtsspende-statt-weihnachtsfeier-lebensmittelmarken-starten-gemeinsame-spendenaktion-fuer-die-gastronomie\/","name":"Weihnachtsspende statt Weihnachtsfeier - Lebensmittelmarken starten gemeinsame Spendenaktion f\u00fcr die Gastronomie - Radio Leinewelle","isPartOf":{"@id":"https:\/\/radioleinewelle.de\/#website"},"primaryImageOfPage":{"@id":"https:\/\/radioleinewelle.de\/index.php\/2020\/12\/10\/weihnachtsspende-statt-weihnachtsfeier-lebensmittelmarken-starten-gemeinsame-spendenaktion-fuer-die-gastronomie\/#primaryimage"},"image":{"@id":"https:\/\/radioleinewelle.de\/index.php\/2020\/12\/10\/weihnachtsspende-statt-weihnachtsfeier-lebensmittelmarken-starten-gemeinsame-spendenaktion-fuer-die-gastronomie\/#primaryimage"},"thumbnailUrl":"https:\/\/radioleinewelle.de\/wp-content\/uploads\/2020\/12\/xmas-2928142_640.jpg","datePublished":"2020-12-10T04:00:45+00:00","breadcrumb":{"@id":"https:\/\/radioleinewelle.de\/index.php\/2020\/12\/10\/weihnachtsspende-statt-weihnachtsfeier-lebensmittelmarken-starten-gemeinsame-spendenaktion-fuer-die-gastronomie\/#breadcrumb"},"inLanguage":"de","potentialAction":[{"@type":"ReadAction","target":["https:\/\/radioleinewelle.de\/index.php\/2020\/12\/10\/weihnachtsspende-statt-weihnachtsfeier-lebensmittelmarken-starten-gemeinsame-spendenaktion-fuer-die-gastronomie\/"]}]},{"@type":"ImageObject","inLanguage":"de","@id":"https:\/\/radioleinewelle.de\/index.php\/2020\/12\/10\/weihnachtsspende-statt-weihnachtsfeier-lebensmittelmarken-starten-gemeinsame-spendenaktion-fuer-die-gastronomie\/#primaryimage","url":"https:\/\/radioleinewelle.de\/wp-content\/uploads\/2020\/12\/xmas-2928142_640.jpg","contentUrl":"https:\/\/radioleinewelle.de\/wp-content\/uploads\/2020\/12\/xmas-2928142_640.jpg","width":640,"height":426},{"@type":"BreadcrumbList","@id":"https:\/\/radioleinewelle.de\/index.php\/2020\/12\/10\/weihnachtsspende-statt-weihnachtsfeier-lebensmittelmarken-starten-gemeinsame-spendenaktion-fuer-die-gastronomie\/#breadcrumb","itemListElement":[{"@type":"ListItem","position":1,"name":"Startseite","item":"https:\/\/radioleinewelle.de\/"},{"@type":"ListItem","position":2,"name":"Weihnachtsspende statt Weihnachtsfeier &#8211; Lebensmittelmarken starten gemeinsame Spendenaktion f\u00fcr die Gastronomie"}]},{"@type":"WebSite","@id":"https:\/\/radioleinewelle.de\/#website","url":"https:\/\/radioleinewelle.de\/","name":"Radio Leinewelle","description":"","publisher":{"@id":"https:\/\/radioleinewelle.de\/#organization"},"potentialAction":[{"@type":"SearchAction","target":{"@type":"EntryPoint","urlTemplate":"https:\/\/radioleinewelle.de\/?s={search_term_string}"},"query-input":{"@type":"PropertyValueSpecification","valueRequired":true,"valueName":"search_term_string"}}],"inLanguage":"de"},{"@type":"Organization","@id":"https:\/\/radioleinewelle.de\/#organization","name":"Radio Leinewelle","alternateName":"Mein Radio f\u00fcr S\u00fcdniedersachsen","url":"https:\/\/radioleinewelle.de\/","logo":{"@type":"ImageObject","inLanguage":"de","@id":"https:\/\/radioleinewelle.de\/#\/schema\/logo\/image\/","url":"https:\/\/radioleinewelle.de\/wp-content\/uploads\/2023\/11\/cropped-Leinewelle_Logo_weiss.png","contentUrl":"https:\/\/radioleinewelle.de\/wp-content\/uploads\/2023\/11\/cropped-Leinewelle_Logo_weiss.png","width":854,"height":260,"caption":"Radio Leinewelle"},"image":{"@id":"https:\/\/radioleinewelle.de\/#\/schema\/logo\/image\/"},"sameAs":["https:\/\/www.facebook.com\/radioleinewelle","https:\/\/x.com\/RLeinewelle","https:\/\/www.instagram.com\/radioleinewelle\/?hl=de"]},{"@type":"Person","@id":"https:\/\/radioleinewelle.de\/#\/schema\/person\/45606f348637df637192dc1b68399a63","name":"Leinewelle","image":{"@type":"ImageObject","inLanguage":"de","@id":"https:\/\/secure.gravatar.com\/avatar\/05c9a17bc973052ee5d91549bd32fb4dd0dc85b7b85ae94b2e2b4943476bbea5?s=96&d=blank&r=g","url":"https:\/\/secure.gravatar.com\/avatar\/05c9a17bc973052ee5d91549bd32fb4dd0dc85b7b85ae94b2e2b4943476bbea5?s=96&d=blank&r=g","contentUrl":"https:\/\/secure.gravatar.com\/avatar\/05c9a17bc973052ee5d91549bd32fb4dd0dc85b7b85ae94b2e2b4943476bbea5?s=96&d=blank&r=g","caption":"Leinewelle"},"sameAs":["http:\/\/localhost\/radio%20leinewelle\/wordpress","https:\/\/www.facebook.com\/radioleinewelle","https:\/\/www.instagram.com\/radioleinewelle","https:\/\/x.com\/https:\/\/twitter.com\/RLeinewelle?ref_src=twsrcgoogletwcampserptwgrauthor","https:\/\/soundcloud.com\/foerderverein-lokalradio?utm_source=clipboard&utm_medium=text&utm_campaign=social_sharing"],"url":"https:\/\/radioleinewelle.de\/index.php\/author\/leinewelle\/"}]}},"_links":{"self":[{"href":"https:\/\/radioleinewelle.de\/index.php\/wp-json\/wp\/v2\/posts\/3427","targetHints":{"allow":["GET"]}}],"collection":[{"href":"https:\/\/radioleinewelle.de\/index.php\/wp-json\/wp\/v2\/posts"}],"about":[{"href":"https:\/\/radioleinewelle.de\/index.php\/wp-json\/wp\/v2\/types\/post"}],"author":[{"embeddable":true,"href":"https:\/\/radioleinewelle.de\/index.php\/wp-json\/wp\/v2\/users\/1"}],"replies":[{"embeddable":true,"href":"https:\/\/radioleinewelle.de\/index.php\/wp-json\/wp\/v2\/comments?post=3427"}],"version-history":[{"count":0,"href":"https:\/\/radioleinewelle.de\/index.php\/wp-json\/wp\/v2\/posts\/3427\/revisions"}],"wp:featuredmedia":[{"embeddable":true,"href":"https:\/\/radioleinewelle.de\/index.php\/wp-json\/wp\/v2\/media\/3430"}],"wp:attachment":[{"href":"https:\/\/radioleinewelle.de\/index.php\/wp-json\/wp\/v2\/media?parent=3427"}],"wp:term":[{"taxonomy":"category","embeddable":true,"href":"https:\/\/radioleinewelle.de\/index.php\/wp-json\/wp\/v2\/categories?post=3427"},{"taxonomy":"post_tag","embeddable":true,"href":"https:\/\/radioleinewelle.de\/index.php\/wp-json\/wp\/v2\/tags?post=3427"}],"curies":[{"name":"wp","href":"https:\/\/api.w.org\/{rel}","templated":true}]}}