{"id":3433,"date":"2020-12-10T05:30:40","date_gmt":"2020-12-10T04:30:40","guid":{"rendered":"https:\/\/radioleinewelle.de\/?p=3433"},"modified":"2020-12-10T05:30:40","modified_gmt":"2020-12-10T04:30:40","slug":"kuenstliche-intelligenz-gemeinsame-studie-von-ver-di-ibm-und-bundesarbeitsministerium","status":"publish","type":"post","link":"https:\/\/radioleinewelle.de\/index.php\/2020\/12\/10\/kuenstliche-intelligenz-gemeinsame-studie-von-ver-di-ibm-und-bundesarbeitsministerium\/","title":{"rendered":"K\u00fcnstliche Intelligenz: Gemeinsame Studie von ver.di, IBM und Bundesarbeitsministerium"},"content":{"rendered":"<p>Die aktuell ver\u00f6ffentlichte Studie \u201eK\u00fcnstliche Intelligenz \u2013 ein sozialpartnerschaftliches Forschungsprojekt untersucht die neue Arbeitswelt\u201c, die gemeinsam von der Vereinten Dienstleistungsgewerkschaft (ver.di), IBM und dem Bundesministerium f\u00fcr Arbeit und Soziales herausgegeben wurde, leistet einen wichtigen Beitrag zu der gesellschaftlich notwendigen Debatte zum Einsatz von K\u00fcnstlicher Intelligenz (KI) in der Arbeitswelt. \u201eAls Gewerkschaft wollen wir mit den Arbeitnehmerinnen und Arbeitnehmern den Einsatz K\u00fcnstlicher Intelligenz so gestalten, dass es auch in Zukunft Gute Arbeit f\u00fcr alle gibt. Nur wenn die Technik den Menschen nicht steuert, sondern ihn in seiner Arbeit unterst\u00fctzt, kann KI zu einem Erfolgsmodell f\u00fcr Besch\u00e4ftigte und Unternehmen werden\u201c, sagte ver.di-Bundesvorstandsmitglied Christoph Schmitz. \u201eDazu m\u00fcssen wir die Effekte des KI-Einsatzes verstehen, und daf\u00fcr leisten gerade die Feldstudien des gemeinsamen Forschungsprojektes einen wichtigen Beitrag.\u201c<\/p>\n<p>Der Einsatz K\u00fcnstlicher Intelligenz l\u00f6se derzeit bei vielen Arbeitnehmerinnen und Arbeitnehmern Sorgen und \u00c4ngste aus, so Schmitz weiter. \u201eSelbststeuernde Prozesse f\u00fchren zu einer neuen Arbeitsteilung zwischen Mensch und Maschine, ohne dass diese bisher ausreichend erforscht ist.\u201c Dr\u00e4ngende Fragen der Kontrolle, der Ent- oder Belastung, der Qualifizierung und der Besch\u00e4ftigungssicherung m\u00fcssten gekl\u00e4rt werden. \u201eDie Einf\u00fchrung von KI kann die Arbeitsqualit\u00e4t verbessern, wenn die Kriterien von Guter Arbeit schon vor der Implementierung ber\u00fccksichtigt werden.\u201c<\/p>\n<p>Bereits im M\u00e4rz dieses Jahres hatte ver.di \u201eEthische Leitlinien f\u00fcr die Entwicklung und den Einsatz von K\u00fcnstlicher Intelligenz\u201c ver\u00f6ffentlicht. Schmitz: \u201eK\u00fcnstliche Intelligenz ist Werkzeug, Mittel zum Zweck. KI-Anwendungen m\u00fcssen der Verbesserung von Arbeits- und Lebensqualit\u00e4t dienen.\u201c KI-Systeme seien so zu gestalten, dass die Handlungs- und Gestaltungsspielr\u00e4ume der Erwerbst\u00e4tigen erweitert werden. \u201eT\u00e4tigkeiten sind durch gezielte Qualifizierung aufzuwerten. Dies kann durch Tarifvertr\u00e4ge flankiert und durch neue Stellenzuschnitte unterst\u00fctzt werden.\u201c<\/p>\n<p>Link zur Studie: <a href=\"https:\/\/t1p.de\/7mqx\">https:\/\/t1p.de\/7mqx<\/a><br \/>\nLink zu den Leitlinien: <a href=\"https:\/\/t1p.de\/3ktt\">https:\/\/t1p.de\/3ktt<\/a><\/p>\n","protected":false},"excerpt":{"rendered":"<p>Die aktuell ver\u00f6ffentlichte Studie \u201eK\u00fcnstliche Intelligenz \u2013 ein sozialpartnerschaftliches Forschungsprojekt untersucht die neue Arbeitswelt\u201c, die gemeinsam von der Vereinten Dienstleistungsgewerkschaft (ver.di), IBM und dem Bundesministerium f\u00fcr Arbeit und Soziales herausgegeben wurde, leistet einen wichtigen Beitrag zu der gesellschaftlich notwendigen Debatte zum Einsatz von K\u00fcnstlicher Intelligenz (KI) in der Arbeitswelt. \u201eAls Gewerkschaft wollen wir mit den [&hellip;]<\/p>\n","protected":false},"author":1,"featured_media":0,"comment_status":"closed","ping_status":"closed","sticky":false,"template":"","format":"standard","meta":{"saved_in_kubio":false,"footnotes":""},"categories":[50],"tags":[],"class_list":["post-3433","post","type-post","status-publish","format-standard","hentry","category-arbeitswelt"],"yoast_head":"<!-- This site is optimized with the Yoast SEO plugin v27.5 - https:\/\/yoast.com\/product\/yoast-seo-wordpress\/ -->\n<title>K\u00fcnstliche Intelligenz: Gemeinsame Studie von ver.di, IBM und Bundesarbeitsministerium - Radio Leinewelle<\/title>\n<meta name=\"robots\" content=\"index, follow, max-snippet:-1, max-image-preview:large, max-video-preview:-1\" \/>\n<link rel=\"canonical\" href=\"https:\/\/radioleinewelle.de\/index.php\/2020\/12\/10\/kuenstliche-intelligenz-gemeinsame-studie-von-ver-di-ibm-und-bundesarbeitsministerium\/\" \/>\n<meta property=\"og:locale\" content=\"de_DE\" \/>\n<meta property=\"og:type\" content=\"article\" \/>\n<meta property=\"og:title\" content=\"K\u00fcnstliche Intelligenz: Gemeinsame Studie von ver.di, IBM und Bundesarbeitsministerium - Radio Leinewelle\" \/>\n<meta property=\"og:description\" content=\"Die aktuell ver\u00f6ffentlichte Studie \u201eK\u00fcnstliche Intelligenz \u2013 ein sozialpartnerschaftliches Forschungsprojekt untersucht die neue Arbeitswelt\u201c, die gemeinsam von der Vereinten Dienstleistungsgewerkschaft (ver.di), IBM und dem Bundesministerium f\u00fcr Arbeit und Soziales herausgegeben wurde, leistet einen wichtigen Beitrag zu der gesellschaftlich notwendigen Debatte zum Einsatz von K\u00fcnstlicher Intelligenz (KI) in der Arbeitswelt. \u201eAls Gewerkschaft wollen wir mit den [&hellip;]\" \/>\n<meta property=\"og:url\" content=\"https:\/\/radioleinewelle.de\/index.php\/2020\/12\/10\/kuenstliche-intelligenz-gemeinsame-studie-von-ver-di-ibm-und-bundesarbeitsministerium\/\" \/>\n<meta property=\"og:site_name\" content=\"Radio Leinewelle\" \/>\n<meta property=\"article:publisher\" content=\"https:\/\/www.facebook.com\/radioleinewelle\" \/>\n<meta property=\"article:author\" content=\"https:\/\/www.facebook.com\/radioleinewelle\" \/>\n<meta property=\"article:published_time\" content=\"2020-12-10T04:30:40+00:00\" \/>\n<meta name=\"author\" content=\"Leinewelle\" \/>\n<meta name=\"twitter:card\" content=\"summary_large_image\" \/>\n<meta name=\"twitter:creator\" content=\"@https:\/\/twitter.com\/RLeinewelle?ref_src=twsrcgoogletwcampserptwgrauthor\" \/>\n<meta name=\"twitter:site\" content=\"@RLeinewelle\" \/>\n<meta name=\"twitter:label1\" content=\"Verfasst von\" \/>\n\t<meta name=\"twitter:data1\" content=\"Leinewelle\" \/>\n\t<meta name=\"twitter:label2\" content=\"Gesch\u00e4tzte Lesezeit\" \/>\n\t<meta name=\"twitter:data2\" content=\"2\u00a0Minuten\" \/>\n<script type=\"application\/ld+json\" class=\"yoast-schema-graph\">{\"@context\":\"https:\\\/\\\/schema.org\",\"@graph\":[{\"@type\":\"Article\",\"@id\":\"https:\\\/\\\/radioleinewelle.de\\\/index.php\\\/2020\\\/12\\\/10\\\/kuenstliche-intelligenz-gemeinsame-studie-von-ver-di-ibm-und-bundesarbeitsministerium\\\/#article\",\"isPartOf\":{\"@id\":\"https:\\\/\\\/radioleinewelle.de\\\/index.php\\\/2020\\\/12\\\/10\\\/kuenstliche-intelligenz-gemeinsame-studie-von-ver-di-ibm-und-bundesarbeitsministerium\\\/\"},\"author\":{\"name\":\"Leinewelle\",\"@id\":\"https:\\\/\\\/radioleinewelle.de\\\/#\\\/schema\\\/person\\\/45606f348637df637192dc1b68399a63\"},\"headline\":\"K\u00fcnstliche Intelligenz: Gemeinsame Studie von ver.di, IBM und Bundesarbeitsministerium\",\"datePublished\":\"2020-12-10T04:30:40+00:00\",\"mainEntityOfPage\":{\"@id\":\"https:\\\/\\\/radioleinewelle.de\\\/index.php\\\/2020\\\/12\\\/10\\\/kuenstliche-intelligenz-gemeinsame-studie-von-ver-di-ibm-und-bundesarbeitsministerium\\\/\"},\"wordCount\":324,\"publisher\":{\"@id\":\"https:\\\/\\\/radioleinewelle.de\\\/#organization\"},\"articleSection\":[\"Arbeitswelt\"],\"inLanguage\":\"de\"},{\"@type\":\"WebPage\",\"@id\":\"https:\\\/\\\/radioleinewelle.de\\\/index.php\\\/2020\\\/12\\\/10\\\/kuenstliche-intelligenz-gemeinsame-studie-von-ver-di-ibm-und-bundesarbeitsministerium\\\/\",\"url\":\"https:\\\/\\\/radioleinewelle.de\\\/index.php\\\/2020\\\/12\\\/10\\\/kuenstliche-intelligenz-gemeinsame-studie-von-ver-di-ibm-und-bundesarbeitsministerium\\\/\",\"name\":\"K\u00fcnstliche Intelligenz: Gemeinsame Studie von ver.di, IBM und Bundesarbeitsministerium - Radio Leinewelle\",\"isPartOf\":{\"@id\":\"https:\\\/\\\/radioleinewelle.de\\\/#website\"},\"datePublished\":\"2020-12-10T04:30:40+00:00\",\"breadcrumb\":{\"@id\":\"https:\\\/\\\/radioleinewelle.de\\\/index.php\\\/2020\\\/12\\\/10\\\/kuenstliche-intelligenz-gemeinsame-studie-von-ver-di-ibm-und-bundesarbeitsministerium\\\/#breadcrumb\"},\"inLanguage\":\"de\",\"potentialAction\":[{\"@type\":\"ReadAction\",\"target\":[\"https:\\\/\\\/radioleinewelle.de\\\/index.php\\\/2020\\\/12\\\/10\\\/kuenstliche-intelligenz-gemeinsame-studie-von-ver-di-ibm-und-bundesarbeitsministerium\\\/\"]}]},{\"@type\":\"BreadcrumbList\",\"@id\":\"https:\\\/\\\/radioleinewelle.de\\\/index.php\\\/2020\\\/12\\\/10\\\/kuenstliche-intelligenz-gemeinsame-studie-von-ver-di-ibm-und-bundesarbeitsministerium\\\/#breadcrumb\",\"itemListElement\":[{\"@type\":\"ListItem\",\"position\":1,\"name\":\"Startseite\",\"item\":\"https:\\\/\\\/radioleinewelle.de\\\/\"},{\"@type\":\"ListItem\",\"position\":2,\"name\":\"K\u00fcnstliche Intelligenz: Gemeinsame Studie von ver.di, IBM und Bundesarbeitsministerium\"}]},{\"@type\":\"WebSite\",\"@id\":\"https:\\\/\\\/radioleinewelle.de\\\/#website\",\"url\":\"https:\\\/\\\/radioleinewelle.de\\\/\",\"name\":\"Radio Leinewelle\",\"description\":\"\",\"publisher\":{\"@id\":\"https:\\\/\\\/radioleinewelle.de\\\/#organization\"},\"potentialAction\":[{\"@type\":\"SearchAction\",\"target\":{\"@type\":\"EntryPoint\",\"urlTemplate\":\"https:\\\/\\\/radioleinewelle.de\\\/?s={search_term_string}\"},\"query-input\":{\"@type\":\"PropertyValueSpecification\",\"valueRequired\":true,\"valueName\":\"search_term_string\"}}],\"inLanguage\":\"de\"},{\"@type\":\"Organization\",\"@id\":\"https:\\\/\\\/radioleinewelle.de\\\/#organization\",\"name\":\"Radio Leinewelle\",\"alternateName\":\"Mein Radio f\u00fcr S\u00fcdniedersachsen\",\"url\":\"https:\\\/\\\/radioleinewelle.de\\\/\",\"logo\":{\"@type\":\"ImageObject\",\"inLanguage\":\"de\",\"@id\":\"https:\\\/\\\/radioleinewelle.de\\\/#\\\/schema\\\/logo\\\/image\\\/\",\"url\":\"https:\\\/\\\/radioleinewelle.de\\\/wp-content\\\/uploads\\\/2023\\\/11\\\/cropped-Leinewelle_Logo_weiss.png\",\"contentUrl\":\"https:\\\/\\\/radioleinewelle.de\\\/wp-content\\\/uploads\\\/2023\\\/11\\\/cropped-Leinewelle_Logo_weiss.png\",\"width\":854,\"height\":260,\"caption\":\"Radio Leinewelle\"},\"image\":{\"@id\":\"https:\\\/\\\/radioleinewelle.de\\\/#\\\/schema\\\/logo\\\/image\\\/\"},\"sameAs\":[\"https:\\\/\\\/www.facebook.com\\\/radioleinewelle\",\"https:\\\/\\\/x.com\\\/RLeinewelle\",\"https:\\\/\\\/www.instagram.com\\\/radioleinewelle\\\/?hl=de\"]},{\"@type\":\"Person\",\"@id\":\"https:\\\/\\\/radioleinewelle.de\\\/#\\\/schema\\\/person\\\/45606f348637df637192dc1b68399a63\",\"name\":\"Leinewelle\",\"image\":{\"@type\":\"ImageObject\",\"inLanguage\":\"de\",\"@id\":\"https:\\\/\\\/secure.gravatar.com\\\/avatar\\\/05c9a17bc973052ee5d91549bd32fb4dd0dc85b7b85ae94b2e2b4943476bbea5?s=96&d=blank&r=g\",\"url\":\"https:\\\/\\\/secure.gravatar.com\\\/avatar\\\/05c9a17bc973052ee5d91549bd32fb4dd0dc85b7b85ae94b2e2b4943476bbea5?s=96&d=blank&r=g\",\"contentUrl\":\"https:\\\/\\\/secure.gravatar.com\\\/avatar\\\/05c9a17bc973052ee5d91549bd32fb4dd0dc85b7b85ae94b2e2b4943476bbea5?s=96&d=blank&r=g\",\"caption\":\"Leinewelle\"},\"sameAs\":[\"http:\\\/\\\/localhost\\\/radio%20leinewelle\\\/wordpress\",\"https:\\\/\\\/www.facebook.com\\\/radioleinewelle\",\"https:\\\/\\\/www.instagram.com\\\/radioleinewelle\",\"https:\\\/\\\/x.com\\\/https:\\\/\\\/twitter.com\\\/RLeinewelle?ref_src=twsrcgoogletwcampserptwgrauthor\",\"https:\\\/\\\/soundcloud.com\\\/foerderverein-lokalradio?utm_source=clipboard&utm_medium=text&utm_campaign=social_sharing\"],\"url\":\"https:\\\/\\\/radioleinewelle.de\\\/index.php\\\/author\\\/leinewelle\\\/\"}]}<\/script>\n<!-- \/ Yoast SEO plugin. -->","yoast_head_json":{"title":"K\u00fcnstliche Intelligenz: Gemeinsame Studie von ver.di, IBM und Bundesarbeitsministerium - Radio Leinewelle","robots":{"index":"index","follow":"follow","max-snippet":"max-snippet:-1","max-image-preview":"max-image-preview:large","max-video-preview":"max-video-preview:-1"},"canonical":"https:\/\/radioleinewelle.de\/index.php\/2020\/12\/10\/kuenstliche-intelligenz-gemeinsame-studie-von-ver-di-ibm-und-bundesarbeitsministerium\/","og_locale":"de_DE","og_type":"article","og_title":"K\u00fcnstliche Intelligenz: Gemeinsame Studie von ver.di, IBM und Bundesarbeitsministerium - Radio Leinewelle","og_description":"Die aktuell ver\u00f6ffentlichte Studie \u201eK\u00fcnstliche Intelligenz \u2013 ein sozialpartnerschaftliches Forschungsprojekt untersucht die neue Arbeitswelt\u201c, die gemeinsam von der Vereinten Dienstleistungsgewerkschaft (ver.di), IBM und dem Bundesministerium f\u00fcr Arbeit und Soziales herausgegeben wurde, leistet einen wichtigen Beitrag zu der gesellschaftlich notwendigen Debatte zum Einsatz von K\u00fcnstlicher Intelligenz (KI) in der Arbeitswelt. \u201eAls Gewerkschaft wollen wir mit den [&hellip;]","og_url":"https:\/\/radioleinewelle.de\/index.php\/2020\/12\/10\/kuenstliche-intelligenz-gemeinsame-studie-von-ver-di-ibm-und-bundesarbeitsministerium\/","og_site_name":"Radio Leinewelle","article_publisher":"https:\/\/www.facebook.com\/radioleinewelle","article_author":"https:\/\/www.facebook.com\/radioleinewelle","article_published_time":"2020-12-10T04:30:40+00:00","author":"Leinewelle","twitter_card":"summary_large_image","twitter_creator":"@https:\/\/twitter.com\/RLeinewelle?ref_src=twsrcgoogletwcampserptwgrauthor","twitter_site":"@RLeinewelle","twitter_misc":{"Verfasst von":"Leinewelle","Gesch\u00e4tzte Lesezeit":"2\u00a0Minuten"},"schema":{"@context":"https:\/\/schema.org","@graph":[{"@type":"Article","@id":"https:\/\/radioleinewelle.de\/index.php\/2020\/12\/10\/kuenstliche-intelligenz-gemeinsame-studie-von-ver-di-ibm-und-bundesarbeitsministerium\/#article","isPartOf":{"@id":"https:\/\/radioleinewelle.de\/index.php\/2020\/12\/10\/kuenstliche-intelligenz-gemeinsame-studie-von-ver-di-ibm-und-bundesarbeitsministerium\/"},"author":{"name":"Leinewelle","@id":"https:\/\/radioleinewelle.de\/#\/schema\/person\/45606f348637df637192dc1b68399a63"},"headline":"K\u00fcnstliche Intelligenz: Gemeinsame Studie von ver.di, IBM und Bundesarbeitsministerium","datePublished":"2020-12-10T04:30:40+00:00","mainEntityOfPage":{"@id":"https:\/\/radioleinewelle.de\/index.php\/2020\/12\/10\/kuenstliche-intelligenz-gemeinsame-studie-von-ver-di-ibm-und-bundesarbeitsministerium\/"},"wordCount":324,"publisher":{"@id":"https:\/\/radioleinewelle.de\/#organization"},"articleSection":["Arbeitswelt"],"inLanguage":"de"},{"@type":"WebPage","@id":"https:\/\/radioleinewelle.de\/index.php\/2020\/12\/10\/kuenstliche-intelligenz-gemeinsame-studie-von-ver-di-ibm-und-bundesarbeitsministerium\/","url":"https:\/\/radioleinewelle.de\/index.php\/2020\/12\/10\/kuenstliche-intelligenz-gemeinsame-studie-von-ver-di-ibm-und-bundesarbeitsministerium\/","name":"K\u00fcnstliche Intelligenz: Gemeinsame Studie von ver.di, IBM und Bundesarbeitsministerium - Radio Leinewelle","isPartOf":{"@id":"https:\/\/radioleinewelle.de\/#website"},"datePublished":"2020-12-10T04:30:40+00:00","breadcrumb":{"@id":"https:\/\/radioleinewelle.de\/index.php\/2020\/12\/10\/kuenstliche-intelligenz-gemeinsame-studie-von-ver-di-ibm-und-bundesarbeitsministerium\/#breadcrumb"},"inLanguage":"de","potentialAction":[{"@type":"ReadAction","target":["https:\/\/radioleinewelle.de\/index.php\/2020\/12\/10\/kuenstliche-intelligenz-gemeinsame-studie-von-ver-di-ibm-und-bundesarbeitsministerium\/"]}]},{"@type":"BreadcrumbList","@id":"https:\/\/radioleinewelle.de\/index.php\/2020\/12\/10\/kuenstliche-intelligenz-gemeinsame-studie-von-ver-di-ibm-und-bundesarbeitsministerium\/#breadcrumb","itemListElement":[{"@type":"ListItem","position":1,"name":"Startseite","item":"https:\/\/radioleinewelle.de\/"},{"@type":"ListItem","position":2,"name":"K\u00fcnstliche Intelligenz: Gemeinsame Studie von ver.di, IBM und Bundesarbeitsministerium"}]},{"@type":"WebSite","@id":"https:\/\/radioleinewelle.de\/#website","url":"https:\/\/radioleinewelle.de\/","name":"Radio Leinewelle","description":"","publisher":{"@id":"https:\/\/radioleinewelle.de\/#organization"},"potentialAction":[{"@type":"SearchAction","target":{"@type":"EntryPoint","urlTemplate":"https:\/\/radioleinewelle.de\/?s={search_term_string}"},"query-input":{"@type":"PropertyValueSpecification","valueRequired":true,"valueName":"search_term_string"}}],"inLanguage":"de"},{"@type":"Organization","@id":"https:\/\/radioleinewelle.de\/#organization","name":"Radio Leinewelle","alternateName":"Mein Radio f\u00fcr S\u00fcdniedersachsen","url":"https:\/\/radioleinewelle.de\/","logo":{"@type":"ImageObject","inLanguage":"de","@id":"https:\/\/radioleinewelle.de\/#\/schema\/logo\/image\/","url":"https:\/\/radioleinewelle.de\/wp-content\/uploads\/2023\/11\/cropped-Leinewelle_Logo_weiss.png","contentUrl":"https:\/\/radioleinewelle.de\/wp-content\/uploads\/2023\/11\/cropped-Leinewelle_Logo_weiss.png","width":854,"height":260,"caption":"Radio Leinewelle"},"image":{"@id":"https:\/\/radioleinewelle.de\/#\/schema\/logo\/image\/"},"sameAs":["https:\/\/www.facebook.com\/radioleinewelle","https:\/\/x.com\/RLeinewelle","https:\/\/www.instagram.com\/radioleinewelle\/?hl=de"]},{"@type":"Person","@id":"https:\/\/radioleinewelle.de\/#\/schema\/person\/45606f348637df637192dc1b68399a63","name":"Leinewelle","image":{"@type":"ImageObject","inLanguage":"de","@id":"https:\/\/secure.gravatar.com\/avatar\/05c9a17bc973052ee5d91549bd32fb4dd0dc85b7b85ae94b2e2b4943476bbea5?s=96&d=blank&r=g","url":"https:\/\/secure.gravatar.com\/avatar\/05c9a17bc973052ee5d91549bd32fb4dd0dc85b7b85ae94b2e2b4943476bbea5?s=96&d=blank&r=g","contentUrl":"https:\/\/secure.gravatar.com\/avatar\/05c9a17bc973052ee5d91549bd32fb4dd0dc85b7b85ae94b2e2b4943476bbea5?s=96&d=blank&r=g","caption":"Leinewelle"},"sameAs":["http:\/\/localhost\/radio%20leinewelle\/wordpress","https:\/\/www.facebook.com\/radioleinewelle","https:\/\/www.instagram.com\/radioleinewelle","https:\/\/x.com\/https:\/\/twitter.com\/RLeinewelle?ref_src=twsrcgoogletwcampserptwgrauthor","https:\/\/soundcloud.com\/foerderverein-lokalradio?utm_source=clipboard&utm_medium=text&utm_campaign=social_sharing"],"url":"https:\/\/radioleinewelle.de\/index.php\/author\/leinewelle\/"}]}},"_links":{"self":[{"href":"https:\/\/radioleinewelle.de\/index.php\/wp-json\/wp\/v2\/posts\/3433","targetHints":{"allow":["GET"]}}],"collection":[{"href":"https:\/\/radioleinewelle.de\/index.php\/wp-json\/wp\/v2\/posts"}],"about":[{"href":"https:\/\/radioleinewelle.de\/index.php\/wp-json\/wp\/v2\/types\/post"}],"author":[{"embeddable":true,"href":"https:\/\/radioleinewelle.de\/index.php\/wp-json\/wp\/v2\/users\/1"}],"replies":[{"embeddable":true,"href":"https:\/\/radioleinewelle.de\/index.php\/wp-json\/wp\/v2\/comments?post=3433"}],"version-history":[{"count":0,"href":"https:\/\/radioleinewelle.de\/index.php\/wp-json\/wp\/v2\/posts\/3433\/revisions"}],"wp:attachment":[{"href":"https:\/\/radioleinewelle.de\/index.php\/wp-json\/wp\/v2\/media?parent=3433"}],"wp:term":[{"taxonomy":"category","embeddable":true,"href":"https:\/\/radioleinewelle.de\/index.php\/wp-json\/wp\/v2\/categories?post=3433"},{"taxonomy":"post_tag","embeddable":true,"href":"https:\/\/radioleinewelle.de\/index.php\/wp-json\/wp\/v2\/tags?post=3433"}],"curies":[{"name":"wp","href":"https:\/\/api.w.org\/{rel}","templated":true}]}}