{"id":3444,"date":"2020-12-11T05:10:34","date_gmt":"2020-12-11T04:10:34","guid":{"rendered":"https:\/\/radioleinewelle.de\/?p=3444"},"modified":"2020-12-11T05:10:34","modified_gmt":"2020-12-11T04:10:34","slug":"niedersachsen-verschaerft-die-corona-regeln-fuer-die-feiertage","status":"publish","type":"post","link":"https:\/\/radioleinewelle.de\/index.php\/2020\/12\/11\/niedersachsen-verschaerft-die-corona-regeln-fuer-die-feiertage\/","title":{"rendered":"Niedersachsen versch\u00e4rft die Corona-Regeln f\u00fcr die Feiertage"},"content":{"rendered":"<p>Als Reaktion auf die nach wie vor hohen Zahlen der Corona-Infektionen in Niedersachsen wird die Landesregierung die Corona-Schutzma\u00dfnahmen versch\u00e4rfen. Niedersachsens Ministerpr\u00e4sident Stephan Weil sagte: \u201cDer bisherige Shutdown light hat leider nicht die erhofften Ergebnisse gebracht. Auch bei uns steigt die Zahl der Infizierten wieder. Obwohl wir in Niedersachsen noch weitaus bessere Infektionszahlen haben als andere L\u00e4nder, d\u00fcrfen wir uns nicht in Sicherheit wiegen. Im Gegenteil: Wir m\u00fcssen diesen Umstand nutzen, um den Anstieg der Inzidenzen durch noch strengere Ma\u00dfnahmen zu stoppen.\u201d\u00a0Die Regelungen f\u00fcr Weihnachten und Silvester sollen in drei Bereichen versch\u00e4rft werden. Dabei orientiert sich die Nieders\u00e4chsische Landesregierung auch an den Empfehlungen der Leopoldina.<\/p>\n<p class=\"c1\"><strong>Kontaktbeschr\u00e4nkungen:<\/strong><\/p>\n<p>Die direkten zwischenmenschlichen Kontakte sollen generell, wie schon bisher, auf f\u00fcnf Personen aus zwei Haushalten beschr\u00e4nkt bleiben. Kinder unter 14 Jahren werden nicht eingerechnet.<\/p>\n<p>Eine Ausnahmeregelung soll f\u00fcr die drei Weihnachtstage gelten, also f\u00fcr den 24., den 25. und den 26. Dezember 2020. An diesen Weihnachtsfeiertagen d\u00fcrfen sich enge Angeh\u00f6rige auch mit bis zu 10 Personen treffen. Bei einem Zusammentreffen mit Freunden wird es auch an Weihnachten bei der F\u00fcnf-Personen-Regelung bleiben.<\/p>\n<p>Auch an Silvester aber gilt: F\u00fcnf Personen aus zwei Haushalten, egal ob es sich um Angeh\u00f6rige oder Freunde handelt.\u00a0\u201eWeihnachten und Silvester m\u00fcssen in diesem Jahr so ganz anders sein, als alle anderen Weihnachten und Silvester, die ich in meinem Leben erlebt habe.\u201c stellt Ministerpr\u00e4sident Stephan Weil bedauernd fest.<\/p>\n<p>F\u00fcr die gesamte restliche Adventszeit, die Weihnachtszeit und den Jahreswechsel soll in Niedersachsen der Verkauf oder die Abgabe alkoholischer Getr\u00e4nke, die zum unmittelbaren Verzehr bestimmt sind, verboten werden.<\/p>\n<p class=\"c1\"><strong>Schule<\/strong>:<\/p>\n<p>Von Montag, 14.12.2020, bis Freitag, 18.12.2020, sind die nieders\u00e4chsischen Sch\u00fclerinnen und Sch\u00fcler von der Pr\u00e4senzpflicht im Unterricht befreit. Notwendig ist lediglich eine Anzeige des\/der Erziehungsberechtigten. Ausgenommen von der M\u00f6glichkeit der Befreiung sind in diesem Zeitraum angesetzte Versetzungs- oder abschlussrelevante Klausuren. F\u00fcr die befreiten Sch\u00fclerinnen und Sch\u00fcler findet dann Distanzunterricht statt.<\/p>\n<p class=\"c1\"><strong>Einzelhandel:<\/strong><\/p>\n<p>Breite Teile des Einzelhandels leiden bereits jetzt enorm unter den Ma\u00dfnahmen und dem damit verbundenen Umsatzr\u00fcckgang der vergangenen Monate. Dennoch sieht sich die Nieders\u00e4chsische Landesregierung gezwungen, eine Schlie\u00dfung aller nicht lebensnotwendigen Gesch\u00e4fte zwischen Weihnachten und Neujahr, eventuell auch dar\u00fcber hinaus in Erw\u00e4gung zu ziehen. Dar\u00fcber wird man sich in den n\u00e4chsten Tagen mit den anderen L\u00e4ndern und mit dem Bund austauschen.<\/p>\n<p>Dazu Stephan Weil: \u201eIn kaum einem anderen Bereich ist ein bundesweit einheitliches Handeln so angesagt wie bei der Schlie\u00dfung von Teilen des Einzelhandels. Andernfalls riskieren wir l\u00e4nder\u00fcbergreifende Wanderungsbewegungen zum Einkaufen.\u201c<\/p>\n<p>Ministerpr\u00e4sident Stephan Weil abschlie\u00dfend: \u201cIch bitte alle B\u00fcrgerinnen und B\u00fcrger um Verst\u00e4ndnis f\u00fcr die anstehenden Versch\u00e4rfungen und um eine gemeinsame Kraftanstrengung. Wir bekommen das Virus nur gemeinsam in den Griff. Das wird uns im Laufe des Jahres 2021 sicher gelingen, wenn auch leider nicht in den ersten Monaten. Es liegt noch eine harte Zeit vor uns, aber im n\u00e4chsten Jahr gibt es nach und nach immer bessere Perspektiven. Daf\u00fcr m\u00fcssen wir jetzt die Voraussetzungen schaffen.<\/p>\n<p>Bild von <a href=\"https:\/\/pixabay.com\/de\/users\/tumisu-148124\/?utm_source=link-attribution&amp;utm_medium=referral&amp;utm_campaign=image&amp;utm_content=4914026\">Tumisu<\/a> auf <a href=\"https:\/\/pixabay.com\/de\/?utm_source=link-attribution&amp;utm_medium=referral&amp;utm_campaign=image&amp;utm_content=4914026\">Pixabay<\/a><\/p>\n","protected":false},"excerpt":{"rendered":"<p>Als Reaktion auf die nach wie vor hohen Zahlen der Corona-Infektionen in Niedersachsen wird die Landesregierung die Corona-Schutzma\u00dfnahmen versch\u00e4rfen. Niedersachsens Ministerpr\u00e4sident Stephan Weil sagte: \u201cDer bisherige Shutdown light hat leider nicht die erhofften Ergebnisse gebracht. Auch bei uns steigt die Zahl der Infizierten wieder. Obwohl wir in Niedersachsen noch weitaus bessere Infektionszahlen haben als andere [&hellip;]<\/p>\n","protected":false},"author":1,"featured_media":3445,"comment_status":"closed","ping_status":"closed","sticky":false,"template":"","format":"standard","meta":{"saved_in_kubio":false,"footnotes":""},"categories":[40],"tags":[],"class_list":["post-3444","post","type-post","status-publish","format-standard","has-post-thumbnail","hentry","category-gesundheit"],"yoast_head":"<!-- This site is optimized with the Yoast SEO plugin v27.5 - https:\/\/yoast.com\/product\/yoast-seo-wordpress\/ -->\n<title>Niedersachsen versch\u00e4rft die Corona-Regeln f\u00fcr die Feiertage - Radio Leinewelle<\/title>\n<meta name=\"robots\" content=\"index, follow, max-snippet:-1, max-image-preview:large, max-video-preview:-1\" \/>\n<link rel=\"canonical\" href=\"https:\/\/radioleinewelle.de\/index.php\/2020\/12\/11\/niedersachsen-verschaerft-die-corona-regeln-fuer-die-feiertage\/\" \/>\n<meta property=\"og:locale\" content=\"de_DE\" \/>\n<meta property=\"og:type\" content=\"article\" \/>\n<meta property=\"og:title\" content=\"Niedersachsen versch\u00e4rft die Corona-Regeln f\u00fcr die Feiertage - Radio Leinewelle\" \/>\n<meta property=\"og:description\" content=\"Als Reaktion auf die nach wie vor hohen Zahlen der Corona-Infektionen in Niedersachsen wird die Landesregierung die Corona-Schutzma\u00dfnahmen versch\u00e4rfen. Niedersachsens Ministerpr\u00e4sident Stephan Weil sagte: \u201cDer bisherige Shutdown light hat leider nicht die erhofften Ergebnisse gebracht. Auch bei uns steigt die Zahl der Infizierten wieder. Obwohl wir in Niedersachsen noch weitaus bessere Infektionszahlen haben als andere [&hellip;]\" \/>\n<meta property=\"og:url\" content=\"https:\/\/radioleinewelle.de\/index.php\/2020\/12\/11\/niedersachsen-verschaerft-die-corona-regeln-fuer-die-feiertage\/\" \/>\n<meta property=\"og:site_name\" content=\"Radio Leinewelle\" \/>\n<meta property=\"article:publisher\" content=\"https:\/\/www.facebook.com\/radioleinewelle\" \/>\n<meta property=\"article:author\" content=\"https:\/\/www.facebook.com\/radioleinewelle\" \/>\n<meta property=\"article:published_time\" content=\"2020-12-11T04:10:34+00:00\" \/>\n<meta property=\"og:image\" content=\"https:\/\/radioleinewelle.de\/wp-content\/uploads\/2020\/12\/coronavirus-4914026_640.jpg\" \/>\n\t<meta property=\"og:image:width\" content=\"640\" \/>\n\t<meta property=\"og:image:height\" content=\"360\" \/>\n\t<meta property=\"og:image:type\" content=\"image\/jpeg\" \/>\n<meta name=\"author\" content=\"Leinewelle\" \/>\n<meta name=\"twitter:card\" content=\"summary_large_image\" \/>\n<meta name=\"twitter:creator\" content=\"@https:\/\/twitter.com\/RLeinewelle?ref_src=twsrcgoogletwcampserptwgrauthor\" \/>\n<meta name=\"twitter:site\" content=\"@RLeinewelle\" \/>\n<meta name=\"twitter:label1\" content=\"Verfasst von\" \/>\n\t<meta name=\"twitter:data1\" content=\"Leinewelle\" \/>\n\t<meta name=\"twitter:label2\" content=\"Gesch\u00e4tzte Lesezeit\" \/>\n\t<meta name=\"twitter:data2\" content=\"3\u00a0Minuten\" \/>\n<script type=\"application\/ld+json\" class=\"yoast-schema-graph\">{\"@context\":\"https:\\\/\\\/schema.org\",\"@graph\":[{\"@type\":\"Article\",\"@id\":\"https:\\\/\\\/radioleinewelle.de\\\/index.php\\\/2020\\\/12\\\/11\\\/niedersachsen-verschaerft-die-corona-regeln-fuer-die-feiertage\\\/#article\",\"isPartOf\":{\"@id\":\"https:\\\/\\\/radioleinewelle.de\\\/index.php\\\/2020\\\/12\\\/11\\\/niedersachsen-verschaerft-die-corona-regeln-fuer-die-feiertage\\\/\"},\"author\":{\"name\":\"Leinewelle\",\"@id\":\"https:\\\/\\\/radioleinewelle.de\\\/#\\\/schema\\\/person\\\/45606f348637df637192dc1b68399a63\"},\"headline\":\"Niedersachsen versch\u00e4rft die Corona-Regeln f\u00fcr die Feiertage\",\"datePublished\":\"2020-12-11T04:10:34+00:00\",\"mainEntityOfPage\":{\"@id\":\"https:\\\/\\\/radioleinewelle.de\\\/index.php\\\/2020\\\/12\\\/11\\\/niedersachsen-verschaerft-die-corona-regeln-fuer-die-feiertage\\\/\"},\"wordCount\":533,\"publisher\":{\"@id\":\"https:\\\/\\\/radioleinewelle.de\\\/#organization\"},\"image\":{\"@id\":\"https:\\\/\\\/radioleinewelle.de\\\/index.php\\\/2020\\\/12\\\/11\\\/niedersachsen-verschaerft-die-corona-regeln-fuer-die-feiertage\\\/#primaryimage\"},\"thumbnailUrl\":\"https:\\\/\\\/radioleinewelle.de\\\/wp-content\\\/uploads\\\/2020\\\/12\\\/coronavirus-4914026_640.jpg\",\"articleSection\":[\"Gesundheit\"],\"inLanguage\":\"de\"},{\"@type\":\"WebPage\",\"@id\":\"https:\\\/\\\/radioleinewelle.de\\\/index.php\\\/2020\\\/12\\\/11\\\/niedersachsen-verschaerft-die-corona-regeln-fuer-die-feiertage\\\/\",\"url\":\"https:\\\/\\\/radioleinewelle.de\\\/index.php\\\/2020\\\/12\\\/11\\\/niedersachsen-verschaerft-die-corona-regeln-fuer-die-feiertage\\\/\",\"name\":\"Niedersachsen versch\u00e4rft die Corona-Regeln f\u00fcr die Feiertage - Radio Leinewelle\",\"isPartOf\":{\"@id\":\"https:\\\/\\\/radioleinewelle.de\\\/#website\"},\"primaryImageOfPage\":{\"@id\":\"https:\\\/\\\/radioleinewelle.de\\\/index.php\\\/2020\\\/12\\\/11\\\/niedersachsen-verschaerft-die-corona-regeln-fuer-die-feiertage\\\/#primaryimage\"},\"image\":{\"@id\":\"https:\\\/\\\/radioleinewelle.de\\\/index.php\\\/2020\\\/12\\\/11\\\/niedersachsen-verschaerft-die-corona-regeln-fuer-die-feiertage\\\/#primaryimage\"},\"thumbnailUrl\":\"https:\\\/\\\/radioleinewelle.de\\\/wp-content\\\/uploads\\\/2020\\\/12\\\/coronavirus-4914026_640.jpg\",\"datePublished\":\"2020-12-11T04:10:34+00:00\",\"breadcrumb\":{\"@id\":\"https:\\\/\\\/radioleinewelle.de\\\/index.php\\\/2020\\\/12\\\/11\\\/niedersachsen-verschaerft-die-corona-regeln-fuer-die-feiertage\\\/#breadcrumb\"},\"inLanguage\":\"de\",\"potentialAction\":[{\"@type\":\"ReadAction\",\"target\":[\"https:\\\/\\\/radioleinewelle.de\\\/index.php\\\/2020\\\/12\\\/11\\\/niedersachsen-verschaerft-die-corona-regeln-fuer-die-feiertage\\\/\"]}]},{\"@type\":\"ImageObject\",\"inLanguage\":\"de\",\"@id\":\"https:\\\/\\\/radioleinewelle.de\\\/index.php\\\/2020\\\/12\\\/11\\\/niedersachsen-verschaerft-die-corona-regeln-fuer-die-feiertage\\\/#primaryimage\",\"url\":\"https:\\\/\\\/radioleinewelle.de\\\/wp-content\\\/uploads\\\/2020\\\/12\\\/coronavirus-4914026_640.jpg\",\"contentUrl\":\"https:\\\/\\\/radioleinewelle.de\\\/wp-content\\\/uploads\\\/2020\\\/12\\\/coronavirus-4914026_640.jpg\",\"width\":640,\"height\":360},{\"@type\":\"BreadcrumbList\",\"@id\":\"https:\\\/\\\/radioleinewelle.de\\\/index.php\\\/2020\\\/12\\\/11\\\/niedersachsen-verschaerft-die-corona-regeln-fuer-die-feiertage\\\/#breadcrumb\",\"itemListElement\":[{\"@type\":\"ListItem\",\"position\":1,\"name\":\"Startseite\",\"item\":\"https:\\\/\\\/radioleinewelle.de\\\/\"},{\"@type\":\"ListItem\",\"position\":2,\"name\":\"Niedersachsen versch\u00e4rft die Corona-Regeln f\u00fcr die Feiertage\"}]},{\"@type\":\"WebSite\",\"@id\":\"https:\\\/\\\/radioleinewelle.de\\\/#website\",\"url\":\"https:\\\/\\\/radioleinewelle.de\\\/\",\"name\":\"Radio Leinewelle\",\"description\":\"\",\"publisher\":{\"@id\":\"https:\\\/\\\/radioleinewelle.de\\\/#organization\"},\"potentialAction\":[{\"@type\":\"SearchAction\",\"target\":{\"@type\":\"EntryPoint\",\"urlTemplate\":\"https:\\\/\\\/radioleinewelle.de\\\/?s={search_term_string}\"},\"query-input\":{\"@type\":\"PropertyValueSpecification\",\"valueRequired\":true,\"valueName\":\"search_term_string\"}}],\"inLanguage\":\"de\"},{\"@type\":\"Organization\",\"@id\":\"https:\\\/\\\/radioleinewelle.de\\\/#organization\",\"name\":\"Radio Leinewelle\",\"alternateName\":\"Mein Radio f\u00fcr S\u00fcdniedersachsen\",\"url\":\"https:\\\/\\\/radioleinewelle.de\\\/\",\"logo\":{\"@type\":\"ImageObject\",\"inLanguage\":\"de\",\"@id\":\"https:\\\/\\\/radioleinewelle.de\\\/#\\\/schema\\\/logo\\\/image\\\/\",\"url\":\"https:\\\/\\\/radioleinewelle.de\\\/wp-content\\\/uploads\\\/2023\\\/11\\\/cropped-Leinewelle_Logo_weiss.png\",\"contentUrl\":\"https:\\\/\\\/radioleinewelle.de\\\/wp-content\\\/uploads\\\/2023\\\/11\\\/cropped-Leinewelle_Logo_weiss.png\",\"width\":854,\"height\":260,\"caption\":\"Radio Leinewelle\"},\"image\":{\"@id\":\"https:\\\/\\\/radioleinewelle.de\\\/#\\\/schema\\\/logo\\\/image\\\/\"},\"sameAs\":[\"https:\\\/\\\/www.facebook.com\\\/radioleinewelle\",\"https:\\\/\\\/x.com\\\/RLeinewelle\",\"https:\\\/\\\/www.instagram.com\\\/radioleinewelle\\\/?hl=de\"]},{\"@type\":\"Person\",\"@id\":\"https:\\\/\\\/radioleinewelle.de\\\/#\\\/schema\\\/person\\\/45606f348637df637192dc1b68399a63\",\"name\":\"Leinewelle\",\"image\":{\"@type\":\"ImageObject\",\"inLanguage\":\"de\",\"@id\":\"https:\\\/\\\/secure.gravatar.com\\\/avatar\\\/05c9a17bc973052ee5d91549bd32fb4dd0dc85b7b85ae94b2e2b4943476bbea5?s=96&d=blank&r=g\",\"url\":\"https:\\\/\\\/secure.gravatar.com\\\/avatar\\\/05c9a17bc973052ee5d91549bd32fb4dd0dc85b7b85ae94b2e2b4943476bbea5?s=96&d=blank&r=g\",\"contentUrl\":\"https:\\\/\\\/secure.gravatar.com\\\/avatar\\\/05c9a17bc973052ee5d91549bd32fb4dd0dc85b7b85ae94b2e2b4943476bbea5?s=96&d=blank&r=g\",\"caption\":\"Leinewelle\"},\"sameAs\":[\"http:\\\/\\\/localhost\\\/radio%20leinewelle\\\/wordpress\",\"https:\\\/\\\/www.facebook.com\\\/radioleinewelle\",\"https:\\\/\\\/www.instagram.com\\\/radioleinewelle\",\"https:\\\/\\\/x.com\\\/https:\\\/\\\/twitter.com\\\/RLeinewelle?ref_src=twsrcgoogletwcampserptwgrauthor\",\"https:\\\/\\\/soundcloud.com\\\/foerderverein-lokalradio?utm_source=clipboard&utm_medium=text&utm_campaign=social_sharing\"],\"url\":\"https:\\\/\\\/radioleinewelle.de\\\/index.php\\\/author\\\/leinewelle\\\/\"}]}<\/script>\n<!-- \/ Yoast SEO plugin. -->","yoast_head_json":{"title":"Niedersachsen versch\u00e4rft die Corona-Regeln f\u00fcr die Feiertage - Radio Leinewelle","robots":{"index":"index","follow":"follow","max-snippet":"max-snippet:-1","max-image-preview":"max-image-preview:large","max-video-preview":"max-video-preview:-1"},"canonical":"https:\/\/radioleinewelle.de\/index.php\/2020\/12\/11\/niedersachsen-verschaerft-die-corona-regeln-fuer-die-feiertage\/","og_locale":"de_DE","og_type":"article","og_title":"Niedersachsen versch\u00e4rft die Corona-Regeln f\u00fcr die Feiertage - Radio Leinewelle","og_description":"Als Reaktion auf die nach wie vor hohen Zahlen der Corona-Infektionen in Niedersachsen wird die Landesregierung die Corona-Schutzma\u00dfnahmen versch\u00e4rfen. Niedersachsens Ministerpr\u00e4sident Stephan Weil sagte: \u201cDer bisherige Shutdown light hat leider nicht die erhofften Ergebnisse gebracht. Auch bei uns steigt die Zahl der Infizierten wieder. Obwohl wir in Niedersachsen noch weitaus bessere Infektionszahlen haben als andere [&hellip;]","og_url":"https:\/\/radioleinewelle.de\/index.php\/2020\/12\/11\/niedersachsen-verschaerft-die-corona-regeln-fuer-die-feiertage\/","og_site_name":"Radio Leinewelle","article_publisher":"https:\/\/www.facebook.com\/radioleinewelle","article_author":"https:\/\/www.facebook.com\/radioleinewelle","article_published_time":"2020-12-11T04:10:34+00:00","og_image":[{"width":640,"height":360,"url":"https:\/\/radioleinewelle.de\/wp-content\/uploads\/2020\/12\/coronavirus-4914026_640.jpg","type":"image\/jpeg"}],"author":"Leinewelle","twitter_card":"summary_large_image","twitter_creator":"@https:\/\/twitter.com\/RLeinewelle?ref_src=twsrcgoogletwcampserptwgrauthor","twitter_site":"@RLeinewelle","twitter_misc":{"Verfasst von":"Leinewelle","Gesch\u00e4tzte Lesezeit":"3\u00a0Minuten"},"schema":{"@context":"https:\/\/schema.org","@graph":[{"@type":"Article","@id":"https:\/\/radioleinewelle.de\/index.php\/2020\/12\/11\/niedersachsen-verschaerft-die-corona-regeln-fuer-die-feiertage\/#article","isPartOf":{"@id":"https:\/\/radioleinewelle.de\/index.php\/2020\/12\/11\/niedersachsen-verschaerft-die-corona-regeln-fuer-die-feiertage\/"},"author":{"name":"Leinewelle","@id":"https:\/\/radioleinewelle.de\/#\/schema\/person\/45606f348637df637192dc1b68399a63"},"headline":"Niedersachsen versch\u00e4rft die Corona-Regeln f\u00fcr die Feiertage","datePublished":"2020-12-11T04:10:34+00:00","mainEntityOfPage":{"@id":"https:\/\/radioleinewelle.de\/index.php\/2020\/12\/11\/niedersachsen-verschaerft-die-corona-regeln-fuer-die-feiertage\/"},"wordCount":533,"publisher":{"@id":"https:\/\/radioleinewelle.de\/#organization"},"image":{"@id":"https:\/\/radioleinewelle.de\/index.php\/2020\/12\/11\/niedersachsen-verschaerft-die-corona-regeln-fuer-die-feiertage\/#primaryimage"},"thumbnailUrl":"https:\/\/radioleinewelle.de\/wp-content\/uploads\/2020\/12\/coronavirus-4914026_640.jpg","articleSection":["Gesundheit"],"inLanguage":"de"},{"@type":"WebPage","@id":"https:\/\/radioleinewelle.de\/index.php\/2020\/12\/11\/niedersachsen-verschaerft-die-corona-regeln-fuer-die-feiertage\/","url":"https:\/\/radioleinewelle.de\/index.php\/2020\/12\/11\/niedersachsen-verschaerft-die-corona-regeln-fuer-die-feiertage\/","name":"Niedersachsen versch\u00e4rft die Corona-Regeln f\u00fcr die Feiertage - Radio Leinewelle","isPartOf":{"@id":"https:\/\/radioleinewelle.de\/#website"},"primaryImageOfPage":{"@id":"https:\/\/radioleinewelle.de\/index.php\/2020\/12\/11\/niedersachsen-verschaerft-die-corona-regeln-fuer-die-feiertage\/#primaryimage"},"image":{"@id":"https:\/\/radioleinewelle.de\/index.php\/2020\/12\/11\/niedersachsen-verschaerft-die-corona-regeln-fuer-die-feiertage\/#primaryimage"},"thumbnailUrl":"https:\/\/radioleinewelle.de\/wp-content\/uploads\/2020\/12\/coronavirus-4914026_640.jpg","datePublished":"2020-12-11T04:10:34+00:00","breadcrumb":{"@id":"https:\/\/radioleinewelle.de\/index.php\/2020\/12\/11\/niedersachsen-verschaerft-die-corona-regeln-fuer-die-feiertage\/#breadcrumb"},"inLanguage":"de","potentialAction":[{"@type":"ReadAction","target":["https:\/\/radioleinewelle.de\/index.php\/2020\/12\/11\/niedersachsen-verschaerft-die-corona-regeln-fuer-die-feiertage\/"]}]},{"@type":"ImageObject","inLanguage":"de","@id":"https:\/\/radioleinewelle.de\/index.php\/2020\/12\/11\/niedersachsen-verschaerft-die-corona-regeln-fuer-die-feiertage\/#primaryimage","url":"https:\/\/radioleinewelle.de\/wp-content\/uploads\/2020\/12\/coronavirus-4914026_640.jpg","contentUrl":"https:\/\/radioleinewelle.de\/wp-content\/uploads\/2020\/12\/coronavirus-4914026_640.jpg","width":640,"height":360},{"@type":"BreadcrumbList","@id":"https:\/\/radioleinewelle.de\/index.php\/2020\/12\/11\/niedersachsen-verschaerft-die-corona-regeln-fuer-die-feiertage\/#breadcrumb","itemListElement":[{"@type":"ListItem","position":1,"name":"Startseite","item":"https:\/\/radioleinewelle.de\/"},{"@type":"ListItem","position":2,"name":"Niedersachsen versch\u00e4rft die Corona-Regeln f\u00fcr die Feiertage"}]},{"@type":"WebSite","@id":"https:\/\/radioleinewelle.de\/#website","url":"https:\/\/radioleinewelle.de\/","name":"Radio Leinewelle","description":"","publisher":{"@id":"https:\/\/radioleinewelle.de\/#organization"},"potentialAction":[{"@type":"SearchAction","target":{"@type":"EntryPoint","urlTemplate":"https:\/\/radioleinewelle.de\/?s={search_term_string}"},"query-input":{"@type":"PropertyValueSpecification","valueRequired":true,"valueName":"search_term_string"}}],"inLanguage":"de"},{"@type":"Organization","@id":"https:\/\/radioleinewelle.de\/#organization","name":"Radio Leinewelle","alternateName":"Mein Radio f\u00fcr S\u00fcdniedersachsen","url":"https:\/\/radioleinewelle.de\/","logo":{"@type":"ImageObject","inLanguage":"de","@id":"https:\/\/radioleinewelle.de\/#\/schema\/logo\/image\/","url":"https:\/\/radioleinewelle.de\/wp-content\/uploads\/2023\/11\/cropped-Leinewelle_Logo_weiss.png","contentUrl":"https:\/\/radioleinewelle.de\/wp-content\/uploads\/2023\/11\/cropped-Leinewelle_Logo_weiss.png","width":854,"height":260,"caption":"Radio Leinewelle"},"image":{"@id":"https:\/\/radioleinewelle.de\/#\/schema\/logo\/image\/"},"sameAs":["https:\/\/www.facebook.com\/radioleinewelle","https:\/\/x.com\/RLeinewelle","https:\/\/www.instagram.com\/radioleinewelle\/?hl=de"]},{"@type":"Person","@id":"https:\/\/radioleinewelle.de\/#\/schema\/person\/45606f348637df637192dc1b68399a63","name":"Leinewelle","image":{"@type":"ImageObject","inLanguage":"de","@id":"https:\/\/secure.gravatar.com\/avatar\/05c9a17bc973052ee5d91549bd32fb4dd0dc85b7b85ae94b2e2b4943476bbea5?s=96&d=blank&r=g","url":"https:\/\/secure.gravatar.com\/avatar\/05c9a17bc973052ee5d91549bd32fb4dd0dc85b7b85ae94b2e2b4943476bbea5?s=96&d=blank&r=g","contentUrl":"https:\/\/secure.gravatar.com\/avatar\/05c9a17bc973052ee5d91549bd32fb4dd0dc85b7b85ae94b2e2b4943476bbea5?s=96&d=blank&r=g","caption":"Leinewelle"},"sameAs":["http:\/\/localhost\/radio%20leinewelle\/wordpress","https:\/\/www.facebook.com\/radioleinewelle","https:\/\/www.instagram.com\/radioleinewelle","https:\/\/x.com\/https:\/\/twitter.com\/RLeinewelle?ref_src=twsrcgoogletwcampserptwgrauthor","https:\/\/soundcloud.com\/foerderverein-lokalradio?utm_source=clipboard&utm_medium=text&utm_campaign=social_sharing"],"url":"https:\/\/radioleinewelle.de\/index.php\/author\/leinewelle\/"}]}},"_links":{"self":[{"href":"https:\/\/radioleinewelle.de\/index.php\/wp-json\/wp\/v2\/posts\/3444","targetHints":{"allow":["GET"]}}],"collection":[{"href":"https:\/\/radioleinewelle.de\/index.php\/wp-json\/wp\/v2\/posts"}],"about":[{"href":"https:\/\/radioleinewelle.de\/index.php\/wp-json\/wp\/v2\/types\/post"}],"author":[{"embeddable":true,"href":"https:\/\/radioleinewelle.de\/index.php\/wp-json\/wp\/v2\/users\/1"}],"replies":[{"embeddable":true,"href":"https:\/\/radioleinewelle.de\/index.php\/wp-json\/wp\/v2\/comments?post=3444"}],"version-history":[{"count":0,"href":"https:\/\/radioleinewelle.de\/index.php\/wp-json\/wp\/v2\/posts\/3444\/revisions"}],"wp:featuredmedia":[{"embeddable":true,"href":"https:\/\/radioleinewelle.de\/index.php\/wp-json\/wp\/v2\/media\/3445"}],"wp:attachment":[{"href":"https:\/\/radioleinewelle.de\/index.php\/wp-json\/wp\/v2\/media?parent=3444"}],"wp:term":[{"taxonomy":"category","embeddable":true,"href":"https:\/\/radioleinewelle.de\/index.php\/wp-json\/wp\/v2\/categories?post=3444"},{"taxonomy":"post_tag","embeddable":true,"href":"https:\/\/radioleinewelle.de\/index.php\/wp-json\/wp\/v2\/tags?post=3444"}],"curies":[{"name":"wp","href":"https:\/\/api.w.org\/{rel}","templated":true}]}}